{"id":11373,"date":"2021-12-21T07:28:00","date_gmt":"2021-12-21T06:28:00","guid":{"rendered":"https:\/\/www.docenti.it\/blog\/?p=11373"},"modified":"2021-12-20T12:28:38","modified_gmt":"2021-12-20T11:28:38","slug":"obbligo-vaccinale-insegnanti-le-scuole-stanno-gia-convocando-da-mad-ecco-la-conferma","status":"publish","type":"post","link":"https:\/\/www.docenti.it\/blog\/obbligo-vaccinale-insegnanti-le-scuole-stanno-gia-convocando-da-mad-ecco-la-conferma\/","title":{"rendered":"Obbligo vaccinale insegnanti: le scuole stanno gi\u00e0 convocando da MAD. Ecco la conferma"},"content":{"rendered":"\n<p>Ultime notizie sull&#8217;obbligo vaccinale insegnanti: a gennaio si sapr\u00e0 quanti docenti saranno sospesi. <\/p>\n\n\n\n<p>Nel frattempo, le scuole stanno gi\u00e0 convocando da MAD. <br>Ecco la conferma. <\/p>\n\n\n\n<!--more-->\n\n\n\n<h2>Obbligo vaccinale insegnanti: il decreto<\/h2>\n\n\n\n<p>Dal 15 dicembre \u00e8 entrato in vigore l\u2019<strong>obbligo vaccinale insegnanti<\/strong>, esteso a tutto il personale scolastico.<br>E non parliamo soltanto di docenti: il decreto riguarda anche i Dirigenti Scolastici e il personale ATA.<\/p>\n\n\n\n<p>Ad oggi, per poter accedere agli istituti e svolgere il proprio lavoro, il personale scolastico deve aver completato il ciclo vaccinale, oppure presentare la richiesta di vaccinazione. Questa deve essere effettuata non oltre venti giorni di tempo.<\/p>\n\n\n\n<p>Dal momento che buona parte del personale scolastico non condivide questa imposizione, saranno in molti i docenti a non voler completare il ciclo vaccinale. <\/p>\n\n\n\n<p><em>E che cosa succede a chi rifiuta di fare il vaccino?<\/em><\/p>\n\n\n\n<p class=\"has-text-align-center\"><strong><em>Il personale no-vax verr\u00e0 sospeso dall\u2019attivit\u00e0 lavorativa,<br>con conseguente sospensione dello stipendio.<\/em><\/strong><\/p>\n\n\n\n<p>Questo comporter\u00e0 la &#8220;perdita&#8221; di numerosi docenti, che lasceranno vacanti altrettante cattedre. <br>Per il momento non si conoscono le cifre esatte che indichino quanti docenti perderanno il posto.<\/p>\n\n\n\n<p class=\"has-text-align-center\"><strong><em>Si parla di 40mila docenti da sostituire da gennaio in avanti.<\/em><\/strong><\/p>\n\n\n\n<p>Ma sono solo stime approssimative.<br><strong>Solo a gennaio sar\u00e0 reso ufficiale la cifra esatta di docenti sospesi<\/strong>&#8230;<\/p>\n\n\n\n<p>&#8230; E di cattedre da occupare. <\/p>\n\n\n\n<p>Nel frattempo&#8230;<\/p>\n\n\n<p>[maxbutton id=&#8221;1&#8243; url=&#8221;https:\/\/www.docenti.it\/messa-a-disposizione.html?lnk=104&#8243; text=&#8221;Invia la tua MAD online&#8221; ]<\/p>\n\n\n\n<p><\/p>\n\n\n\n<h3>Invia la tua Messa a Disposizione anche senza laurea<\/h3>\n\n\n\n<p>L&#8217;esigenza delle cattedre mancanti da occupare sar\u00e0 tale che <strong>gli istituti convocheranno anche i laureandi dalle domande di Messa a Disposizione. <\/strong><\/p>\n\n\n\n<p>Con le graduatorie esaurite ormai da mesi, i Dirigenti Scolastici si stanno gi\u00e0 adoperando per trovare una soluzione. <\/p>\n\n\n\n<p class=\"has-text-align-center\"><em><strong>Convocando i supplenti da Messa a Disposizione.<\/strong><\/em> <\/p>\n\n\n\n<p>Questo non siamo noi a dirlo. <br>La conferma arriva dalla dirigente scolastica\u00a0<strong>Cristina Costarelli<\/strong>, presidente dell\u2019Associazione nazionale dei presidi del Lazio, la quale ha rilasciato un&#8217;intervista a <em><strong>Il Messaggero<\/strong><\/em> dove afferma che:<\/p>\n\n\n\n<blockquote class=\"wp-block-quote has-text-align-center\"><p><em>\u201cOrmai le scuole<\/em>\u00a0<em>chiamano attraverso le Mad, le Messe a disposizione, quindi fuori dalle graduatorie tradizionali. <\/em><br><em>Poi si passa a chiamare anche i laureandi,\u00a0<strong>\u00e8 una necessit\u00e0: l<\/strong><\/em><br><em><strong>a didattica va portata avanti<\/strong>, se non ci sono i docenti bisogna trovare una soluzione\u201d.<\/em><\/p><cite>Fonte: Orizzonte Scuola<\/cite><\/blockquote>\n\n\n\n<p>Questa sar\u00e0 la procedura che verr\u00e0 attuata, almeno da gennaio in avanti, quando si sapr\u00e0 con maggiore certezza quante saranno le cattedre vacanti da ricoprire. <\/p>\n\n\n\n<p>Ma&#8230;<\/p>\n\n\n\n<p>Dal momento che gennaio \u00e8 praticamente dietro l&#8217;angolo e, come puoi sicuramente immaginare, i candidati che si presenteranno inviando le loro domande di Messa a Disposizione saranno tantissimi, \u00e8 bene che tu inizi fin da ora ad avvantaggiarti. <\/p>\n\n\n\n<p><em>E in che modo puoi farlo?<\/em><\/p>\n\n\n\n<p class=\"has-text-align-center\"><em><strong>Inviando fin da ora la tua domanda di Messa a Disposizione. <\/strong><\/em><\/p>\n\n\n<p>[maxbutton id=&#8221;1&#8243; url=&#8221;https:\/\/www.docenti.it\/messa-a-disposizione.html?lnk=104&#8243; text=&#8221;Invia la tua MAD online&#8221; ]<\/p>\n\n\n\n<p><\/p>\n\n\n\n<p>\u00c8 essenziale che tu lo faccia in questo momento strategico. <br><br>Perch\u00e9 da gennaio le scuole ripartiranno a raffica con le convocazioni e <strong>tu non vuoi che la tua candidatura risulti sperduta tra le ultime, vero?<\/strong><\/p>\n\n\n\n<p>Ecco, se la tua risposta \u00e8 &#8220;<em>no<\/em>&#8221; significa solo una cosa: vuoi che la tua MAD spicchi sopra le altre, che brilli di luce propria, al fine di garantirti una convocazione sicura. <\/p>\n\n\n\n<p class=\"has-text-align-center\"><em><strong>Ecco perch\u00e9 non devi fare altro che muoverti in anticipo. <\/strong><\/em><\/p>\n\n\n\n<p>Per questo motivo, noi ti chiediamo:<\/p>\n\n\n\n<p><em>Sei un laureando?<br>Oppure: hai una laurea triennale?<br>Vorresti candidarti negli istituti come supplente?<\/em><\/p>\n\n\n\n<p class=\"has-text-align-center\"><em><strong>Questo momento pu\u00f2 rivelarsi molto propizio per te. <\/strong><\/em><br><em><strong>Approfittane!<\/strong><\/em><\/p>\n\n\n<p>[maxbutton id=&#8221;1&#8243; url=&#8221;https:\/\/www.docenti.it\/messa-a-disposizione.html?lnk=104&#8243; text=&#8221;Invia la tua MAD online&#8221; ]<\/p>\n\n\n\n<p><\/p>\n\n\n\n<p>Leggi anche:<\/p>\n\n\n\n<ul><li><a href=\"https:\/\/www.docenti.it\/blog\/obbligo-vaccinale-insegnanti-chi-sostituisce-il-personale-no-vax-sospeso\/\" target=\"_blank\" rel=\"noreferrer noopener\">Obbligo vaccinale insegnanti: chi sostituisce il personale no-vax sospeso?<\/a><\/li><li><a href=\"https:\/\/www.docenti.it\/blog\/messa-a-disposizione-quali-sono-le-classi-di-concorso-piu-sature\/\" target=\"_blank\" rel=\"noreferrer noopener\">Messa a Disposizione: quali sono le Classi di Concorso pi\u00f9 sature?<\/a><\/li><li><a href=\"https:\/\/www.docenti.it\/blog\/assunzioni-scuola-ecco-quando-convocano-i-supplenti-da-messa-a-disposizione\/\" target=\"_blank\" rel=\"noreferrer noopener\">Assunzioni scuola: ecco quando convocano i supplenti da Messa a Disposizione.<\/a><\/li><\/ul>\n\n\n\n<p>Photo credit: <a href=\"https:\/\/pixabay.com\/\" target=\"_blank\" rel=\"noreferrer noopener\">Pixabay<\/a>. <\/p>\n","protected":false},"excerpt":{"rendered":"<p>Ultime notizie sull&#8217;obbligo vaccinale insegnanti: a gennaio si sapr\u00e0 quanti docenti saranno sospesi. Nel [&hellip;]<\/p>\n","protected":false},"author":21,"featured_media":11376,"comment_status":"open","ping_status":"open","sticky":false,"template":"","format":"standard","meta":[],"categories":[2],"tags":[385,386,103],"yoast_head":"<!-- This site is optimized with the Yoast SEO plugin v20.4 - https:\/\/yoast.com\/wordpress\/plugins\/seo\/ -->\n<title>Obbligo vaccinale insegnanti: le scuole stanno gi\u00e0 convocando da MAD. Ecco la conferma<\/title>\n<meta name=\"description\" content=\"Ultime notizie sull&#039;obbligo vaccinale insegnanti: a gennaio si sapr\u00e0 quanti docenti saranno sospesi. Intano, le scuole convocano da MAD\" \/>\n<meta name=\"robots\" content=\"index, follow, max-snippet:-1, max-image-preview:large, max-video-preview:-1\" \/>\n<link rel=\"canonical\" href=\"https:\/\/www.docenti.it\/blog\/obbligo-vaccinale-insegnanti-le-scuole-stanno-gia-convocando-da-mad-ecco-la-conferma\/\" \/>\n<meta property=\"og:locale\" content=\"it_IT\" \/>\n<meta property=\"og:type\" content=\"article\" \/>\n<meta property=\"og:title\" content=\"Obbligo vaccinale insegnanti: le scuole stanno gi\u00e0 convocando da MAD. Ecco la conferma\" \/>\n<meta property=\"og:description\" content=\"Ultime notizie sull&#039;obbligo vaccinale insegnanti: a gennaio si sapr\u00e0 quanti docenti saranno sospesi. Intano, le scuole convocano da MAD\" \/>\n<meta property=\"og:url\" content=\"https:\/\/www.docenti.it\/blog\/obbligo-vaccinale-insegnanti-le-scuole-stanno-gia-convocando-da-mad-ecco-la-conferma\/\" \/>\n<meta property=\"og:site_name\" content=\"Blog | Docenti.it\" \/>\n<meta property=\"article:publisher\" content=\"https:\/\/www.facebook.com\/docenti.it\" \/>\n<meta property=\"article:author\" content=\"https:\/\/www.facebook.com\/profile.php?id=1555867670\" \/>\n<meta property=\"article:published_time\" content=\"2021-12-21T06:28:00+00:00\" \/>\n<meta property=\"article:modified_time\" content=\"2021-12-20T11:28:38+00:00\" \/>\n<meta property=\"og:image\" content=\"https:\/\/www.docenti.it\/blog\/wp-content\/uploads\/2021\/12\/vaccine-g6b584230b_640.png\" \/>\n\t<meta property=\"og:image:width\" content=\"640\" \/>\n\t<meta property=\"og:image:height\" content=\"559\" \/>\n\t<meta property=\"og:image:type\" content=\"image\/png\" \/>\n<meta name=\"author\" content=\"Martina Vaggi\" \/>\n<meta name=\"twitter:card\" content=\"summary_large_image\" \/>\n<meta name=\"twitter:label1\" content=\"Written by\" \/>\n\t<meta name=\"twitter:data1\" content=\"Martina Vaggi\" \/>\n\t<meta name=\"twitter:label2\" content=\"Est. reading time\" \/>\n\t<meta name=\"twitter:data2\" content=\"3 minuti\" \/>\n<script type=\"application\/ld+json\" class=\"yoast-schema-graph\">{\"@context\":\"https:\/\/schema.org\",\"@graph\":[{\"@type\":\"Article\",\"@id\":\"https:\/\/www.docenti.it\/blog\/obbligo-vaccinale-insegnanti-le-scuole-stanno-gia-convocando-da-mad-ecco-la-conferma\/#article\",\"isPartOf\":{\"@id\":\"https:\/\/www.docenti.it\/blog\/obbligo-vaccinale-insegnanti-le-scuole-stanno-gia-convocando-da-mad-ecco-la-conferma\/\"},\"author\":{\"name\":\"Martina Vaggi\",\"@id\":\"https:\/\/www.docenti.it\/blog\/#\/schema\/person\/99c2fdaf54e96829fe4ed44da8233688\"},\"headline\":\"Obbligo vaccinale insegnanti: le scuole stanno gi\u00e0 convocando da MAD. Ecco la conferma\",\"datePublished\":\"2021-12-21T06:28:00+00:00\",\"dateModified\":\"2021-12-20T11:28:38+00:00\",\"mainEntityOfPage\":{\"@id\":\"https:\/\/www.docenti.it\/blog\/obbligo-vaccinale-insegnanti-le-scuole-stanno-gia-convocando-da-mad-ecco-la-conferma\/\"},\"wordCount\":623,\"commentCount\":0,\"publisher\":{\"@id\":\"https:\/\/www.docenti.it\/blog\/#organization\"},\"keywords\":[\"docenti no vax\",\"docenti sospesi\",\"supplenze scuola\"],\"articleSection\":[\"Messa a Disposizione\"],\"inLanguage\":\"it-IT\",\"potentialAction\":[{\"@type\":\"CommentAction\",\"name\":\"Comment\",\"target\":[\"https:\/\/www.docenti.it\/blog\/obbligo-vaccinale-insegnanti-le-scuole-stanno-gia-convocando-da-mad-ecco-la-conferma\/#respond\"]}]},{\"@type\":\"WebPage\",\"@id\":\"https:\/\/www.docenti.it\/blog\/obbligo-vaccinale-insegnanti-le-scuole-stanno-gia-convocando-da-mad-ecco-la-conferma\/\",\"url\":\"https:\/\/www.docenti.it\/blog\/obbligo-vaccinale-insegnanti-le-scuole-stanno-gia-convocando-da-mad-ecco-la-conferma\/\",\"name\":\"Obbligo vaccinale insegnanti: le scuole stanno gi\u00e0 convocando da MAD. Ecco la conferma\",\"isPartOf\":{\"@id\":\"https:\/\/www.docenti.it\/blog\/#website\"},\"datePublished\":\"2021-12-21T06:28:00+00:00\",\"dateModified\":\"2021-12-20T11:28:38+00:00\",\"description\":\"Ultime notizie sull'obbligo vaccinale insegnanti: a gennaio si sapr\u00e0 quanti docenti saranno sospesi. Intano, le scuole convocano da MAD\",\"breadcrumb\":{\"@id\":\"https:\/\/www.docenti.it\/blog\/obbligo-vaccinale-insegnanti-le-scuole-stanno-gia-convocando-da-mad-ecco-la-conferma\/#breadcrumb\"},\"inLanguage\":\"it-IT\",\"potentialAction\":[{\"@type\":\"ReadAction\",\"target\":[\"https:\/\/www.docenti.it\/blog\/obbligo-vaccinale-insegnanti-le-scuole-stanno-gia-convocando-da-mad-ecco-la-conferma\/\"]}]},{\"@type\":\"BreadcrumbList\",\"@id\":\"https:\/\/www.docenti.it\/blog\/obbligo-vaccinale-insegnanti-le-scuole-stanno-gia-convocando-da-mad-ecco-la-conferma\/#breadcrumb\",\"itemListElement\":[{\"@type\":\"ListItem\",\"position\":1,\"name\":\"Home\",\"item\":\"https:\/\/www.docenti.it\/blog\/\"},{\"@type\":\"ListItem\",\"position\":2,\"name\":\"Obbligo vaccinale insegnanti: le scuole stanno gi\u00e0 convocando da MAD. Ecco la conferma\"}]},{\"@type\":\"WebSite\",\"@id\":\"https:\/\/www.docenti.it\/blog\/#website\",\"url\":\"https:\/\/www.docenti.it\/blog\/\",\"name\":\"Blog | Docenti.it\",\"description\":\"Tutte le notizie e gli aggiornamenti dal mondo della scuola\",\"publisher\":{\"@id\":\"https:\/\/www.docenti.it\/blog\/#organization\"},\"potentialAction\":[{\"@type\":\"SearchAction\",\"target\":{\"@type\":\"EntryPoint\",\"urlTemplate\":\"https:\/\/www.docenti.it\/blog\/?s={search_term_string}\"},\"query-input\":\"required name=search_term_string\"}],\"inLanguage\":\"it-IT\"},{\"@type\":\"Organization\",\"@id\":\"https:\/\/www.docenti.it\/blog\/#organization\",\"name\":\"Blog | Docenti.it\",\"url\":\"https:\/\/www.docenti.it\/blog\/\",\"logo\":{\"@type\":\"ImageObject\",\"inLanguage\":\"it-IT\",\"@id\":\"https:\/\/www.docenti.it\/blog\/#\/schema\/logo\/image\/\",\"url\":\"https:\/\/www.docenti.it\/blog\/wp-content\/uploads\/2025\/06\/fb_mad_img.png\",\"contentUrl\":\"https:\/\/www.docenti.it\/blog\/wp-content\/uploads\/2025\/06\/fb_mad_img.png\",\"width\":1140,\"height\":620,\"caption\":\"Blog | Docenti.it\"},\"image\":{\"@id\":\"https:\/\/www.docenti.it\/blog\/#\/schema\/logo\/image\/\"},\"sameAs\":[\"https:\/\/www.facebook.com\/docenti.it\"]},{\"@type\":\"Person\",\"@id\":\"https:\/\/www.docenti.it\/blog\/#\/schema\/person\/99c2fdaf54e96829fe4ed44da8233688\",\"name\":\"Martina Vaggi\",\"image\":{\"@type\":\"ImageObject\",\"inLanguage\":\"it-IT\",\"@id\":\"https:\/\/www.docenti.it\/blog\/#\/schema\/person\/image\/\",\"url\":\"https:\/\/secure.gravatar.com\/avatar\/14a13197979873d693ad915d249e3f54?s=96&d=mm&r=g\",\"contentUrl\":\"https:\/\/secure.gravatar.com\/avatar\/14a13197979873d693ad915d249e3f54?s=96&d=mm&r=g\",\"caption\":\"Martina Vaggi\"},\"description\":\"Classe 1991, copywriter e scrittrice. Nata a Sale, un paesino in provincia di Alessandria. Scrive dall\u2019et\u00e0 di 10 anni. Nel 2015 si laurea in Lettere Moderne presso l\u2019universit\u00e0 di Pavia. Nel 2020 pubblica il suo primo libro \\\"Il diario del silenzio - Storie reali di quarantena\\\" che descrive il processo di cambiamento della vita di 40 persone ai tempi del Covid. Nel 2022 si trasferisce a San Marino per lavorare come copywriter per Docenti.it\",\"sameAs\":[\"https:\/\/pensierisurrealidigentecomune.com\/\",\"https:\/\/www.facebook.com\/profile.php?id=1555867670\",\"https:\/\/www.instagram.com\/martiggi91\/\",\"https:\/\/it.linkedin.com\/in\/martina-vaggi\",\"https:\/\/www.youtube.com\/results?search_query=martina+vaggi\"],\"url\":\"https:\/\/www.docenti.it\/blog\/author\/martina-vaggi\/\"}]}<\/script>\n<!-- \/ Yoast SEO plugin. -->","yoast_head_json":{"title":"Obbligo vaccinale insegnanti: le scuole stanno gi\u00e0 convocando da MAD. Ecco la conferma","description":"Ultime notizie sull'obbligo vaccinale insegnanti: a gennaio si sapr\u00e0 quanti docenti saranno sospesi. Intano, le scuole convocano da MAD","robots":{"index":"index","follow":"follow","max-snippet":"max-snippet:-1","max-image-preview":"max-image-preview:large","max-video-preview":"max-video-preview:-1"},"canonical":"https:\/\/www.docenti.it\/blog\/obbligo-vaccinale-insegnanti-le-scuole-stanno-gia-convocando-da-mad-ecco-la-conferma\/","og_locale":"it_IT","og_type":"article","og_title":"Obbligo vaccinale insegnanti: le scuole stanno gi\u00e0 convocando da MAD. Ecco la conferma","og_description":"Ultime notizie sull'obbligo vaccinale insegnanti: a gennaio si sapr\u00e0 quanti docenti saranno sospesi. Intano, le scuole convocano da MAD","og_url":"https:\/\/www.docenti.it\/blog\/obbligo-vaccinale-insegnanti-le-scuole-stanno-gia-convocando-da-mad-ecco-la-conferma\/","og_site_name":"Blog | Docenti.it","article_publisher":"https:\/\/www.facebook.com\/docenti.it","article_author":"https:\/\/www.facebook.com\/profile.php?id=1555867670","article_published_time":"2021-12-21T06:28:00+00:00","article_modified_time":"2021-12-20T11:28:38+00:00","og_image":[{"width":640,"height":559,"url":"https:\/\/www.docenti.it\/blog\/wp-content\/uploads\/2021\/12\/vaccine-g6b584230b_640.png","type":"image\/png"}],"author":"Martina Vaggi","twitter_card":"summary_large_image","twitter_misc":{"Written by":"Martina Vaggi","Est. reading time":"3 minuti"},"schema":{"@context":"https:\/\/schema.org","@graph":[{"@type":"Article","@id":"https:\/\/www.docenti.it\/blog\/obbligo-vaccinale-insegnanti-le-scuole-stanno-gia-convocando-da-mad-ecco-la-conferma\/#article","isPartOf":{"@id":"https:\/\/www.docenti.it\/blog\/obbligo-vaccinale-insegnanti-le-scuole-stanno-gia-convocando-da-mad-ecco-la-conferma\/"},"author":{"name":"Martina Vaggi","@id":"https:\/\/www.docenti.it\/blog\/#\/schema\/person\/99c2fdaf54e96829fe4ed44da8233688"},"headline":"Obbligo vaccinale insegnanti: le scuole stanno gi\u00e0 convocando da MAD. Ecco la conferma","datePublished":"2021-12-21T06:28:00+00:00","dateModified":"2021-12-20T11:28:38+00:00","mainEntityOfPage":{"@id":"https:\/\/www.docenti.it\/blog\/obbligo-vaccinale-insegnanti-le-scuole-stanno-gia-convocando-da-mad-ecco-la-conferma\/"},"wordCount":623,"commentCount":0,"publisher":{"@id":"https:\/\/www.docenti.it\/blog\/#organization"},"keywords":["docenti no vax","docenti sospesi","supplenze scuola"],"articleSection":["Messa a Disposizione"],"inLanguage":"it-IT","potentialAction":[{"@type":"CommentAction","name":"Comment","target":["https:\/\/www.docenti.it\/blog\/obbligo-vaccinale-insegnanti-le-scuole-stanno-gia-convocando-da-mad-ecco-la-conferma\/#respond"]}]},{"@type":"WebPage","@id":"https:\/\/www.docenti.it\/blog\/obbligo-vaccinale-insegnanti-le-scuole-stanno-gia-convocando-da-mad-ecco-la-conferma\/","url":"https:\/\/www.docenti.it\/blog\/obbligo-vaccinale-insegnanti-le-scuole-stanno-gia-convocando-da-mad-ecco-la-conferma\/","name":"Obbligo vaccinale insegnanti: le scuole stanno gi\u00e0 convocando da MAD. Ecco la conferma","isPartOf":{"@id":"https:\/\/www.docenti.it\/blog\/#website"},"datePublished":"2021-12-21T06:28:00+00:00","dateModified":"2021-12-20T11:28:38+00:00","description":"Ultime notizie sull'obbligo vaccinale insegnanti: a gennaio si sapr\u00e0 quanti docenti saranno sospesi. Intano, le scuole convocano da MAD","breadcrumb":{"@id":"https:\/\/www.docenti.it\/blog\/obbligo-vaccinale-insegnanti-le-scuole-stanno-gia-convocando-da-mad-ecco-la-conferma\/#breadcrumb"},"inLanguage":"it-IT","potentialAction":[{"@type":"ReadAction","target":["https:\/\/www.docenti.it\/blog\/obbligo-vaccinale-insegnanti-le-scuole-stanno-gia-convocando-da-mad-ecco-la-conferma\/"]}]},{"@type":"BreadcrumbList","@id":"https:\/\/www.docenti.it\/blog\/obbligo-vaccinale-insegnanti-le-scuole-stanno-gia-convocando-da-mad-ecco-la-conferma\/#breadcrumb","itemListElement":[{"@type":"ListItem","position":1,"name":"Home","item":"https:\/\/www.docenti.it\/blog\/"},{"@type":"ListItem","position":2,"name":"Obbligo vaccinale insegnanti: le scuole stanno gi\u00e0 convocando da MAD. Ecco la conferma"}]},{"@type":"WebSite","@id":"https:\/\/www.docenti.it\/blog\/#website","url":"https:\/\/www.docenti.it\/blog\/","name":"Blog | Docenti.it","description":"Tutte le notizie e gli aggiornamenti dal mondo della scuola","publisher":{"@id":"https:\/\/www.docenti.it\/blog\/#organization"},"potentialAction":[{"@type":"SearchAction","target":{"@type":"EntryPoint","urlTemplate":"https:\/\/www.docenti.it\/blog\/?s={search_term_string}"},"query-input":"required name=search_term_string"}],"inLanguage":"it-IT"},{"@type":"Organization","@id":"https:\/\/www.docenti.it\/blog\/#organization","name":"Blog | Docenti.it","url":"https:\/\/www.docenti.it\/blog\/","logo":{"@type":"ImageObject","inLanguage":"it-IT","@id":"https:\/\/www.docenti.it\/blog\/#\/schema\/logo\/image\/","url":"https:\/\/www.docenti.it\/blog\/wp-content\/uploads\/2025\/06\/fb_mad_img.png","contentUrl":"https:\/\/www.docenti.it\/blog\/wp-content\/uploads\/2025\/06\/fb_mad_img.png","width":1140,"height":620,"caption":"Blog | Docenti.it"},"image":{"@id":"https:\/\/www.docenti.it\/blog\/#\/schema\/logo\/image\/"},"sameAs":["https:\/\/www.facebook.com\/docenti.it"]},{"@type":"Person","@id":"https:\/\/www.docenti.it\/blog\/#\/schema\/person\/99c2fdaf54e96829fe4ed44da8233688","name":"Martina Vaggi","image":{"@type":"ImageObject","inLanguage":"it-IT","@id":"https:\/\/www.docenti.it\/blog\/#\/schema\/person\/image\/","url":"https:\/\/secure.gravatar.com\/avatar\/14a13197979873d693ad915d249e3f54?s=96&d=mm&r=g","contentUrl":"https:\/\/secure.gravatar.com\/avatar\/14a13197979873d693ad915d249e3f54?s=96&d=mm&r=g","caption":"Martina Vaggi"},"description":"Classe 1991, copywriter e scrittrice. Nata a Sale, un paesino in provincia di Alessandria. Scrive dall\u2019et\u00e0 di 10 anni. Nel 2015 si laurea in Lettere Moderne presso l\u2019universit\u00e0 di Pavia. Nel 2020 pubblica il suo primo libro \"Il diario del silenzio - Storie reali di quarantena\" che descrive il processo di cambiamento della vita di 40 persone ai tempi del Covid. Nel 2022 si trasferisce a San Marino per lavorare come copywriter per Docenti.it","sameAs":["https:\/\/pensierisurrealidigentecomune.com\/","https:\/\/www.facebook.com\/profile.php?id=1555867670","https:\/\/www.instagram.com\/martiggi91\/","https:\/\/it.linkedin.com\/in\/martina-vaggi","https:\/\/www.youtube.com\/results?search_query=martina+vaggi"],"url":"https:\/\/www.docenti.it\/blog\/author\/martina-vaggi\/"}]}},"_links":{"self":[{"href":"https:\/\/www.docenti.it\/blog\/wp-json\/wp\/v2\/posts\/11373"}],"collection":[{"href":"https:\/\/www.docenti.it\/blog\/wp-json\/wp\/v2\/posts"}],"about":[{"href":"https:\/\/www.docenti.it\/blog\/wp-json\/wp\/v2\/types\/post"}],"author":[{"embeddable":true,"href":"https:\/\/www.docenti.it\/blog\/wp-json\/wp\/v2\/users\/21"}],"replies":[{"embeddable":true,"href":"https:\/\/www.docenti.it\/blog\/wp-json\/wp\/v2\/comments?post=11373"}],"version-history":[{"count":30,"href":"https:\/\/www.docenti.it\/blog\/wp-json\/wp\/v2\/posts\/11373\/revisions"}],"predecessor-version":[{"id":11426,"href":"https:\/\/www.docenti.it\/blog\/wp-json\/wp\/v2\/posts\/11373\/revisions\/11426"}],"wp:featuredmedia":[{"embeddable":true,"href":"https:\/\/www.docenti.it\/blog\/wp-json\/wp\/v2\/media\/11376"}],"wp:attachment":[{"href":"https:\/\/www.docenti.it\/blog\/wp-json\/wp\/v2\/media?parent=11373"}],"wp:term":[{"taxonomy":"category","embeddable":true,"href":"https:\/\/www.docenti.it\/blog\/wp-json\/wp\/v2\/categories?post=11373"},{"taxonomy":"post_tag","embeddable":true,"href":"https:\/\/www.docenti.it\/blog\/wp-json\/wp\/v2\/tags?post=11373"}],"curies":[{"name":"wp","href":"https:\/\/api.w.org\/{rel}","templated":true}]}}