{"id":11971,"date":"2022-01-14T07:30:00","date_gmt":"2022-01-14T06:30:00","guid":{"rendered":"https:\/\/www.docenti.it\/blog\/?p=11971"},"modified":"2022-07-04T14:16:35","modified_gmt":"2022-07-04T12:16:35","slug":"messa-a-disposizione-gli-istituti-stanno-convocando-supplenti-ecco-in-quali-province","status":"publish","type":"post","link":"https:\/\/www.docenti.it\/blog\/messa-a-disposizione-gli-istituti-stanno-convocando-supplenti-ecco-in-quali-province\/","title":{"rendered":"Messa a Disposizione: gli istituti stanno convocando supplenti. Ecco in quali province"},"content":{"rendered":"\n<p>A causa dei numerosi docenti in quarantena, gli istituti stanno convocando i supplenti da <strong>Messa a Disposizione<\/strong>. <\/p>\n\n\n\n<p>Vediamo in quali province dovresti candidarti per avere maggiori possibilit\u00e0 di una convocazione. <\/p>\n\n\n\n<!--more-->\n\n\n\n<h2>Messa a Disposizione: chi pu\u00f2 inviarla?<\/h2>\n\n\n\n<p>A causa della recente ondata di contagi, molti docenti sono costretti in quarantena, impossibilitati a tornare al lavoro. <\/p>\n\n\n\n<p>La scuola sta risentendo molto delle numerose cattedre vacanti, tanto da mettersi alla disperata ricerca di supplenti.<\/p>\n\n\n\n<p><em>In che modo?<\/em><\/p>\n\n\n\n<p class=\"has-text-align-center\"><em><strong>Convocando i supplenti dalle domande di<\/strong><\/em><strong><em>&nbsp;Messa a Disposizione<\/em><\/strong> <br><em><strong>che pervengono agli istituti in questo periodo.<\/strong><\/em><\/p>\n\n\n\n<p>La situazione di emergenza pandemica nella quale ci troviamo sta portando le scuole a <strong>convocare anche tutti gli aspiranti docenti sprovvisti dei requisiti richiesti per insegnare.<\/strong><\/p>\n\n\n\n<p>Infatti, se, solitamente, per poter inviare una MAD ed ottenere una convocazione come docente vengono richiesti <strong>specifici requisiti <\/strong>(una Laurea Magistrale\/Specialistica\/Vecchio ordinamento che dia accesso ad almeno una Classe di Concorso), attualmente la situazione \u00e8 un po&#8217; cambiata.<\/p>\n\n\n\n<p class=\"has-text-align-center\"><strong><em>Questo perch\u00e9 le scuole stanno convocando anche chi non possiede ancora i requisiti per insegnare, <br>inclusi i laureandi che non hanno ancora conseguito il titolo. <\/em><\/strong><\/p>\n\n\n<p>[maxbutton id=&#8221;1&#8243; url=&#8221;https:\/\/www.docenti.it\/messa-a-disposizione.html?lnk=104&#8243; text=&#8221;Invia la tua MAD online&#8221; ]<\/p>\n\n\n\n<p><\/p>\n\n\n\n<p>Ma dove puoi avere maggiori possibilit\u00e0 di ottenere una convocazione da MAD?<\/p>\n\n\n\n<p>Lo vediamo adesso.<br>Continua a leggere. <\/p>\n\n\n\n<h3>Dove mandare la Messa a Disposizione?<\/h3>\n\n\n\n<p><strong>In questo preciso momento storico le scuole stanno convocando in tutta Italia.<\/strong><br>Questo \u00e8 un dato di fatto che non pu\u00f2 essere messo in discussione, dal momento che la richiesta di docenti a gennaio \u00e8 gi\u00e0, normalmente, molto alta.<\/p>\n\n\n\n<p>Figuriamoci poi se a questa esigenza annuale delle scuole si aggiunge la situazione di emergenza pandemica nella quale stiamo vivendo (o meglio: nella quale stiamo sprofondando sempre di pi\u00f9).<\/p>\n\n\n\n<p class=\"has-text-align-center\"><em><strong>\u00c8 chiaro e lampante come a un numero elevato di docenti in isolamento domiciliare (o quarantena) <br>debbano corrispondere, necessariamente, <br>un altrettanto elevato numero di supplenti che li sostituiscano. <\/strong><\/em><\/p>\n\n\n\n<p>Ed \u00e8 altrettanto chiaro che, a Graduatorie ormai esaurite, le scuole abbiano un solo canale preferenziale di arruolamento docenti: <strong>le MAD che pervengono agli istituti in questo momento<\/strong>. <\/p>\n\n\n\n<p>Ora vediamo una situazione che potrebbe non essere chiara a molti. <\/p>\n\n\n\n<p>Che gli istituti stiano convocando un po\u2019 ovunque questo \u00e8 vero. <br>Ma \u00e8 anche vero che esistono <strong>province migliori <\/strong>nelle quali candidarsi (e peggiori, di conseguenza).<\/p>\n\n\n\n<p class=\"has-text-align-center\"><em><strong>Stiamo parlando di province dove la richiesta di docenti \u00e8 pi\u00f9 elevata, <br>in quanto gli aspiranti insegnanti non sono moltissimi. <\/strong><\/em><\/p>\n\n\n\n<p class=\"has-text-align-center\"><strong><em>E quali sono queste province?<\/em><br><\/strong><em><strong>Le province minori.<\/strong> <\/em><\/p>\n\n\n\n<p>Sono le province minori quelle dove vi \u00e8 un numero di docenti inferiore e una richiesta maggiore. <\/p>\n\n\n\n<p>Spesso molti aspiranti insegnanti che ci contattano per <strong><a href=\"https:\/\/www.docenti.it\/messa-a-disposizione.html?lnk=104\" target=\"_blank\" rel=\"noreferrer noopener\">inviare la loro MAD<\/a><\/strong>, si ostinano a volersi candidare nelle province pi\u00f9 grandi, pensando cos\u00ec di aumentare le loro possibilit\u00e0 di ottenere incarichi.<\/p>\n\n\n\n<p>Molti docenti pensano che pi\u00f9 una provincia \u00e8 grande, pi\u00f9 sono elevate le loro possibilit\u00e0 di essere chiamati.<\/p>\n\n\n\n<p><strong>Niente di pi\u00f9 sbagliato. <\/strong><\/p>\n\n\n\n<p>Se hai gi\u00e0 letto altri articoli del nostro blog, saprai che noi siamo considerati i massimi esperti del settore, quando si parla di domande di Messa a Disposizione.<\/p>\n\n\n\n<p class=\"has-text-align-center\"><strong><em>Infatti, da oltre 6 anni aiutiamo neolaureati e aspiranti docenti ad entrare nel mondo della scuola.<\/em><\/strong><\/p>\n\n\n\n<p>Di conseguenza, abbiamo tutta l&#8217;esperienza e le competenze necessarie per consigliarti <strong>dove puoi inviare la tua<\/strong> <strong>MAD<\/strong> al fine di aumentare le tue possibilit\u00e0 di ottenere incarichi. <\/p>\n\n\n\n<p>Infatti, oltre ad occuparci personalmente della tua MAD e impacchettarla al meglio per renderla perfetta per le scuole\u2026<\/p>\n\n\n\n<p class=\"has-text-align-center\"><em><strong>\u2026 Proprio grazie al nostro servizio di&nbsp;<a href=\"https:\/\/www.docenti.it\/messa-a-disposizione.html?lnk=104\" target=\"_blank\" rel=\"noreferrer noopener\">Invio MAD online<\/a>, <br>possiamo anche dirti esattamente quali sono le province migliori nelle quali candidarti.<\/strong><\/em><\/p>\n\n\n\n<figure class=\"wp-block-image size-full\"><img decoding=\"async\" loading=\"lazy\" width=\"640\" height=\"426\" src=\"https:\/\/www.docenti.it\/blog\/wp-content\/uploads\/2022\/01\/pexels-aksonsat-uanthoeng-1078850.jpg\" alt=\"Messa a Disposizione\" class=\"wp-image-12047\" srcset=\"https:\/\/www.docenti.it\/blog\/wp-content\/uploads\/2022\/01\/pexels-aksonsat-uanthoeng-1078850.jpg 640w, https:\/\/www.docenti.it\/blog\/wp-content\/uploads\/2022\/01\/pexels-aksonsat-uanthoeng-1078850-300x200.jpg 300w, https:\/\/www.docenti.it\/blog\/wp-content\/uploads\/2022\/01\/pexels-aksonsat-uanthoeng-1078850-600x399.jpg 600w\" sizes=\"(max-width: 640px) 100vw, 640px\" \/><\/figure>\n\n\n\n<p>Infatti, il nostro servizio prevede anche l\u2019invio in&nbsp;<strong>10 province migliori<\/strong>.<br>Un pacchetto che si pu\u00f2 ottenere al costo di 147 euro.<\/p>\n\n\n\n<p>Ecco quali sono le province incluse nel pacchetto:<\/p>\n\n\n\n<ul><li>CREMONA<\/li><li>LECCO<\/li><li>LODI<\/li><li>MANTOVA<\/li><li>NOVARA<\/li><li>PIACENZA<\/li><li>PORDENONE<\/li><li>ROVIGO<\/li><li>UDINE<\/li><li>VICENZA.<\/li><\/ul>\n\n\n\n<p>Ti abbiamo mostrato quali sono le province migliori in cui inviare la tua MAD.<\/p>\n\n\n\n<p>Adesso ti spieghiamo <strong>come puoi fare per inviare la tua domanda.<\/strong><\/p>\n\n\n\n<p>Continua a leggere.<\/p>\n\n\n<p>[maxbutton id=&#8221;1&#8243; url=&#8221;https:\/\/www.docenti.it\/messa-a-disposizione.html?lnk=104&#8243; text=&#8221;Invia la tua MAD online&#8221; ]<\/p>\n\n\n\n<p><\/p>\n\n\n\n<h3>Perch\u00e9 non puoi assolutamente inviarla da solo<\/h3>\n\n\n\n<p>La MAD pu\u00f2 essere inviata in maniera autonoma e del tutto gratuita.<\/p>\n\n\n\n<p>Se sei un lettore assiduo del nostro blog, saprai gi\u00e0 che questo fatto noi lo esplicitiamo sempre, in ogni nostra comunicazione.<\/p>\n\n\n\n<p>Allo stesso modo, mostriamo anche il rovescio della medaglia che questa procedura (autonoma e gratuita) impone.<br>Ovvero:<\/p>\n\n\n\n<p class=\"has-text-align-center\"><em><strong>se tu decidi di inviare la tua MAD in maniera autonoma<\/strong><\/em><br><em><strong> sarai da solo lungo tutto il processo.<\/strong><\/em><br><em><strong>Non avrai nessuno che ti aiuter\u00e0 o corregger\u00e0 i tuoi eventuali errori.<\/strong><\/em><\/p>\n\n\n\n<p><em>Questo che cosa significa?<\/em><\/p>\n\n\n\n<p>Che sarai tu a dover investire il tuo tempo (ed energie) nel ricercare tutti i siti delle scuole e compilare la tua MAD su ognuno di essi: infatti, da quest\u2019anno gli istituti non accettano le candidature se non compilando direttamente il form sul loro sito.<\/p>\n\n\n\n<p>Prova a immaginare se volessi candidarti in una provincia enorme come Roma: quanto tempo pensi che impiegheresti nel cercare tutti gli istituti e inviare la tua domanda?<br>Un mese, ad andar bene.<\/p>\n\n\n\n<p>Seconda cosa che devi tenere in considerazione se vuoi inviare la tua MAD da solo:<\/p>\n\n\n\n<p class=\"has-text-align-center\"><strong><em>rischi di commettere degli errori gravi, <\/em><\/strong><br><em><strong>che porteranno gli istituti a scartare la tua candidatura.<\/strong><\/em><br><br><em><strong>E di tutto questo tu sarai bellamente inconsapevole. <\/strong><\/em><\/p>\n\n\n\n<p><em>Pensi che a te non possa capitare?<\/em><\/p>\n\n\n\n<p>Eppure sono molti i docenti che&nbsp;<strong>sbagliano a compilare la loro MAD<\/strong>&nbsp;(ad esempio: inserendo la Classe di Concorso sbagliata).<br>Il che, li riporter\u00e0 direttamente ad una conseguenza:<\/p>\n\n\n\n<p class=\"has-text-align-center\"><strong><em>non verranno convocati per nessuna supplenza.<\/em><\/strong><\/p>\n\n\n\n<p><em>\u00c8 realmente questo che vuoi?<\/em><\/p>\n\n\n\n<p>Noi non pensiamo che sia cos\u00ec. <br>Per questo, infatti, ti consigliamo di inviare la tua MAD con la nostra piattaforma.<\/p>\n\n\n\n<p>Come gi\u00e0 saprai il nostro servizio di&nbsp;<strong><a href=\"https:\/\/www.docenti.it\/messa-a-disposizione.html?lnk=104\" target=\"_blank\" rel=\"noreferrer noopener\">Invio MAD online<\/a><\/strong>&nbsp;prevede&nbsp;<strong>determinati vantaggi<\/strong>, che solo con noi potrai avere.<\/p>\n\n\n\n<p>Te li elenchiamo di seguito, in caso te li fossi dimenticati:<\/p>\n\n\n\n<ul><li>dopo aver compilato la tua MAD sulla nostra piattaforma,&nbsp;<strong>un consulente ti ricontatter\u00e0 entro 24H lavorative per riepilogare i tuoi dati<\/strong>;<\/li><li>potrai scegliere di&nbsp;<strong>inviare la tua MAD in sole 4 ore agli istitut<\/strong>i, usufruendo del servizio aggiuntivo<strong>&nbsp;MAD Express<\/strong>;<\/li><li><strong>la tua MAD verr\u00e0 inviata automaticamente<\/strong>&nbsp;a tutti gli istituti della provincia da te selezionata, senza che tu debba muovere un dito: saremo noi ad occuparci di tutto;<\/li><li>potrai anche programmare 3 invii nei periodi migliori dell&#8217;anno scolastico, grazie al nostro servizio <strong>MAD Plus<\/strong>;<\/li><li>a procedura ultimata, riceverai un<strong>&nbsp;report dettagliato<\/strong>&nbsp;con i contatti di tutti gli istituti che hanno ricevuto la tua candidatura.<\/li><\/ul>\n\n\n\n<p>Torniamo a ribadirti quanto segue: inviare la tua MAD nelle province migliori rappresenta un grande asso nella manica per te.<\/p>\n\n\n\n<p>Specialmente in questo momento storico.<\/p>\n\n\n\n<p><em>Hai un diploma o una Laurea triennale?<br>Oppure, non sei ancora laureato ma vorresti insegnare?<\/em><\/p>\n\n\n\n<p class=\"has-text-align-center\"><strong><em>Attualmente gli istituti scolastici ti danno questa grossa opportuni<\/em><\/strong><em><strong>t\u00e0<\/strong><\/em>,<br><em><strong>anche se non hai ancora i requisiti necessari.<\/strong><\/em><\/p>\n\n\n\n<p class=\"has-text-align-center\"><em><strong>Sfruttala!<\/strong><\/em><\/p>\n\n\n<p>[maxbutton id=&#8221;1&#8243; url=&#8221;https:\/\/www.docenti.it\/messa-a-disposizione.html?lnk=104&#8243; text=&#8221;Invia la tua MAD online&#8221; ]<\/p>\n\n\n\n<p><\/p>\n\n\n\n<p>Articoli che potrebbero interessarti:<\/p>\n\n\n\n<ul><li><a href=\"https:\/\/www.docenti.it\/blog\/messa-a-disposizione-quali-sono-le-classi-di-concorso-piu-richieste\/\" target=\"_blank\" rel=\"noreferrer noopener\">MAD scuola: quali sono le Classi di Concorso pi\u00f9 richieste?<\/a><\/li><li><a href=\"https:\/\/www.docenti.it\/blog\/docenti-in-quarantena-le-scuole-cercano-anche-universitari-da-messa-a-disposizione\/\" target=\"_blank\" rel=\"noreferrer noopener\">Docenti in quarantena: le scuole cercano anche universitari da Messa a Disposizione.<\/a><\/li><li><a href=\"https:\/\/www.docenti.it\/blog\/come-diventare-insegnante-dalle-mad-allinserimento-in-gps-la-storia-di-michela-incattedra\/\" target=\"_blank\" rel=\"noreferrer noopener\">Come diventare insegnante: dalle MAD all\u2019inserimento in GPS. La storia di Michela.<\/a><\/li><li><a href=\"https:\/\/www.docenti.it\/blog\/messa-a-disposizione-senza-classe-di-concorso-che-cosa-puoi-fare\/\" target=\"_blank\" rel=\"noreferrer noopener\">MAD senza Classe di Concorso: che cosa puoi fare?<\/a><\/li><\/ul>\n\n\n\n<p>Photo credit: <a href=\"https:\/\/www.pexels.com\/\" target=\"_blank\" rel=\"noreferrer noopener\">Pexels<\/a>. <\/p>\n","protected":false},"excerpt":{"rendered":"<p>A causa dei numerosi docenti in quarantena, gli istituti stanno convocando i supplenti da [&hellip;]<\/p>\n","protected":false},"author":21,"featured_media":11974,"comment_status":"open","ping_status":"open","sticky":false,"template":"","format":"standard","meta":[],"categories":[2],"tags":[27,26,103],"yoast_head":"<!-- This site is optimized with the Yoast SEO plugin v20.4 - https:\/\/yoast.com\/wordpress\/plugins\/seo\/ -->\n<title>Messa a Disposizione: gli istituti stanno convocando supplenti. Ecco in quali province<\/title>\n<meta name=\"description\" content=\"A causa dei numerosi docenti in quarantena, gli istituti stanno convocando da Messa a Disposizione. Vediamo dove.\" \/>\n<meta name=\"robots\" content=\"index, follow, max-snippet:-1, max-image-preview:large, max-video-preview:-1\" \/>\n<link rel=\"canonical\" href=\"https:\/\/www.docenti.it\/blog\/messa-a-disposizione-gli-istituti-stanno-convocando-supplenti-ecco-in-quali-province\/\" \/>\n<meta property=\"og:locale\" content=\"it_IT\" \/>\n<meta property=\"og:type\" content=\"article\" \/>\n<meta property=\"og:title\" content=\"Messa a Disposizione: gli istituti stanno convocando supplenti. Ecco in quali province\" \/>\n<meta property=\"og:description\" content=\"A causa dei numerosi docenti in quarantena, gli istituti stanno convocando da Messa a Disposizione. Vediamo dove.\" \/>\n<meta property=\"og:url\" content=\"https:\/\/www.docenti.it\/blog\/messa-a-disposizione-gli-istituti-stanno-convocando-supplenti-ecco-in-quali-province\/\" \/>\n<meta property=\"og:site_name\" content=\"Blog | Docenti.it\" \/>\n<meta property=\"article:publisher\" content=\"https:\/\/www.facebook.com\/docenti.it\" \/>\n<meta property=\"article:author\" content=\"https:\/\/www.facebook.com\/profile.php?id=1555867670\" \/>\n<meta property=\"article:published_time\" content=\"2022-01-14T06:30:00+00:00\" \/>\n<meta property=\"article:modified_time\" content=\"2022-07-04T12:16:35+00:00\" \/>\n<meta property=\"og:image\" content=\"https:\/\/www.docenti.it\/blog\/wp-content\/uploads\/2022\/01\/pexels-negative-space-34753.jpg\" \/>\n\t<meta property=\"og:image:width\" content=\"640\" \/>\n\t<meta property=\"og:image:height\" content=\"426\" \/>\n\t<meta property=\"og:image:type\" content=\"image\/jpeg\" \/>\n<meta name=\"author\" content=\"Martina Vaggi\" \/>\n<meta name=\"twitter:card\" content=\"summary_large_image\" \/>\n<meta name=\"twitter:label1\" content=\"Written by\" \/>\n\t<meta name=\"twitter:data1\" content=\"Martina Vaggi\" \/>\n\t<meta name=\"twitter:label2\" content=\"Est. reading time\" \/>\n\t<meta name=\"twitter:data2\" content=\"7 minuti\" \/>\n<script type=\"application\/ld+json\" class=\"yoast-schema-graph\">{\"@context\":\"https:\/\/schema.org\",\"@graph\":[{\"@type\":\"Article\",\"@id\":\"https:\/\/www.docenti.it\/blog\/messa-a-disposizione-gli-istituti-stanno-convocando-supplenti-ecco-in-quali-province\/#article\",\"isPartOf\":{\"@id\":\"https:\/\/www.docenti.it\/blog\/messa-a-disposizione-gli-istituti-stanno-convocando-supplenti-ecco-in-quali-province\/\"},\"author\":{\"name\":\"Martina Vaggi\",\"@id\":\"https:\/\/www.docenti.it\/blog\/#\/schema\/person\/99c2fdaf54e96829fe4ed44da8233688\"},\"headline\":\"Messa a Disposizione: gli istituti stanno convocando supplenti. Ecco in quali province\",\"datePublished\":\"2022-01-14T06:30:00+00:00\",\"dateModified\":\"2022-07-04T12:16:35+00:00\",\"mainEntityOfPage\":{\"@id\":\"https:\/\/www.docenti.it\/blog\/messa-a-disposizione-gli-istituti-stanno-convocando-supplenti-ecco-in-quali-province\/\"},\"wordCount\":1218,\"commentCount\":0,\"publisher\":{\"@id\":\"https:\/\/www.docenti.it\/blog\/#organization\"},\"keywords\":[\"invio MAD\",\"MAD online\",\"supplenze scuola\"],\"articleSection\":[\"Messa a Disposizione\"],\"inLanguage\":\"it-IT\",\"potentialAction\":[{\"@type\":\"CommentAction\",\"name\":\"Comment\",\"target\":[\"https:\/\/www.docenti.it\/blog\/messa-a-disposizione-gli-istituti-stanno-convocando-supplenti-ecco-in-quali-province\/#respond\"]}]},{\"@type\":\"WebPage\",\"@id\":\"https:\/\/www.docenti.it\/blog\/messa-a-disposizione-gli-istituti-stanno-convocando-supplenti-ecco-in-quali-province\/\",\"url\":\"https:\/\/www.docenti.it\/blog\/messa-a-disposizione-gli-istituti-stanno-convocando-supplenti-ecco-in-quali-province\/\",\"name\":\"Messa a Disposizione: gli istituti stanno convocando supplenti. Ecco in quali province\",\"isPartOf\":{\"@id\":\"https:\/\/www.docenti.it\/blog\/#website\"},\"datePublished\":\"2022-01-14T06:30:00+00:00\",\"dateModified\":\"2022-07-04T12:16:35+00:00\",\"description\":\"A causa dei numerosi docenti in quarantena, gli istituti stanno convocando da Messa a Disposizione. Vediamo dove.\",\"breadcrumb\":{\"@id\":\"https:\/\/www.docenti.it\/blog\/messa-a-disposizione-gli-istituti-stanno-convocando-supplenti-ecco-in-quali-province\/#breadcrumb\"},\"inLanguage\":\"it-IT\",\"potentialAction\":[{\"@type\":\"ReadAction\",\"target\":[\"https:\/\/www.docenti.it\/blog\/messa-a-disposizione-gli-istituti-stanno-convocando-supplenti-ecco-in-quali-province\/\"]}]},{\"@type\":\"BreadcrumbList\",\"@id\":\"https:\/\/www.docenti.it\/blog\/messa-a-disposizione-gli-istituti-stanno-convocando-supplenti-ecco-in-quali-province\/#breadcrumb\",\"itemListElement\":[{\"@type\":\"ListItem\",\"position\":1,\"name\":\"Home\",\"item\":\"https:\/\/www.docenti.it\/blog\/\"},{\"@type\":\"ListItem\",\"position\":2,\"name\":\"Messa a Disposizione: gli istituti stanno convocando supplenti. Ecco in quali province\"}]},{\"@type\":\"WebSite\",\"@id\":\"https:\/\/www.docenti.it\/blog\/#website\",\"url\":\"https:\/\/www.docenti.it\/blog\/\",\"name\":\"Blog | Docenti.it\",\"description\":\"Tutte le notizie e gli aggiornamenti dal mondo della scuola\",\"publisher\":{\"@id\":\"https:\/\/www.docenti.it\/blog\/#organization\"},\"potentialAction\":[{\"@type\":\"SearchAction\",\"target\":{\"@type\":\"EntryPoint\",\"urlTemplate\":\"https:\/\/www.docenti.it\/blog\/?s={search_term_string}\"},\"query-input\":\"required name=search_term_string\"}],\"inLanguage\":\"it-IT\"},{\"@type\":\"Organization\",\"@id\":\"https:\/\/www.docenti.it\/blog\/#organization\",\"name\":\"Blog | Docenti.it\",\"url\":\"https:\/\/www.docenti.it\/blog\/\",\"logo\":{\"@type\":\"ImageObject\",\"inLanguage\":\"it-IT\",\"@id\":\"https:\/\/www.docenti.it\/blog\/#\/schema\/logo\/image\/\",\"url\":\"https:\/\/www.docenti.it\/blog\/wp-content\/uploads\/2025\/06\/fb_mad_img.png\",\"contentUrl\":\"https:\/\/www.docenti.it\/blog\/wp-content\/uploads\/2025\/06\/fb_mad_img.png\",\"width\":1140,\"height\":620,\"caption\":\"Blog | Docenti.it\"},\"image\":{\"@id\":\"https:\/\/www.docenti.it\/blog\/#\/schema\/logo\/image\/\"},\"sameAs\":[\"https:\/\/www.facebook.com\/docenti.it\"]},{\"@type\":\"Person\",\"@id\":\"https:\/\/www.docenti.it\/blog\/#\/schema\/person\/99c2fdaf54e96829fe4ed44da8233688\",\"name\":\"Martina Vaggi\",\"image\":{\"@type\":\"ImageObject\",\"inLanguage\":\"it-IT\",\"@id\":\"https:\/\/www.docenti.it\/blog\/#\/schema\/person\/image\/\",\"url\":\"https:\/\/secure.gravatar.com\/avatar\/14a13197979873d693ad915d249e3f54?s=96&d=mm&r=g\",\"contentUrl\":\"https:\/\/secure.gravatar.com\/avatar\/14a13197979873d693ad915d249e3f54?s=96&d=mm&r=g\",\"caption\":\"Martina Vaggi\"},\"description\":\"Classe 1991, copywriter e scrittrice. Nata a Sale, un paesino in provincia di Alessandria. Scrive dall\u2019et\u00e0 di 10 anni. Nel 2015 si laurea in Lettere Moderne presso l\u2019universit\u00e0 di Pavia. Nel 2020 pubblica il suo primo libro \\\"Il diario del silenzio - Storie reali di quarantena\\\" che descrive il processo di cambiamento della vita di 40 persone ai tempi del Covid. Nel 2022 si trasferisce a San Marino per lavorare come copywriter per Docenti.it\",\"sameAs\":[\"https:\/\/pensierisurrealidigentecomune.com\/\",\"https:\/\/www.facebook.com\/profile.php?id=1555867670\",\"https:\/\/www.instagram.com\/martiggi91\/\",\"https:\/\/it.linkedin.com\/in\/martina-vaggi\",\"https:\/\/www.youtube.com\/results?search_query=martina+vaggi\"],\"url\":\"https:\/\/www.docenti.it\/blog\/author\/martina-vaggi\/\"}]}<\/script>\n<!-- \/ Yoast SEO plugin. -->","yoast_head_json":{"title":"Messa a Disposizione: gli istituti stanno convocando supplenti. Ecco in quali province","description":"A causa dei numerosi docenti in quarantena, gli istituti stanno convocando da Messa a Disposizione. Vediamo dove.","robots":{"index":"index","follow":"follow","max-snippet":"max-snippet:-1","max-image-preview":"max-image-preview:large","max-video-preview":"max-video-preview:-1"},"canonical":"https:\/\/www.docenti.it\/blog\/messa-a-disposizione-gli-istituti-stanno-convocando-supplenti-ecco-in-quali-province\/","og_locale":"it_IT","og_type":"article","og_title":"Messa a Disposizione: gli istituti stanno convocando supplenti. Ecco in quali province","og_description":"A causa dei numerosi docenti in quarantena, gli istituti stanno convocando da Messa a Disposizione. Vediamo dove.","og_url":"https:\/\/www.docenti.it\/blog\/messa-a-disposizione-gli-istituti-stanno-convocando-supplenti-ecco-in-quali-province\/","og_site_name":"Blog | Docenti.it","article_publisher":"https:\/\/www.facebook.com\/docenti.it","article_author":"https:\/\/www.facebook.com\/profile.php?id=1555867670","article_published_time":"2022-01-14T06:30:00+00:00","article_modified_time":"2022-07-04T12:16:35+00:00","og_image":[{"width":640,"height":426,"url":"https:\/\/www.docenti.it\/blog\/wp-content\/uploads\/2022\/01\/pexels-negative-space-34753.jpg","type":"image\/jpeg"}],"author":"Martina Vaggi","twitter_card":"summary_large_image","twitter_misc":{"Written by":"Martina Vaggi","Est. reading time":"7 minuti"},"schema":{"@context":"https:\/\/schema.org","@graph":[{"@type":"Article","@id":"https:\/\/www.docenti.it\/blog\/messa-a-disposizione-gli-istituti-stanno-convocando-supplenti-ecco-in-quali-province\/#article","isPartOf":{"@id":"https:\/\/www.docenti.it\/blog\/messa-a-disposizione-gli-istituti-stanno-convocando-supplenti-ecco-in-quali-province\/"},"author":{"name":"Martina Vaggi","@id":"https:\/\/www.docenti.it\/blog\/#\/schema\/person\/99c2fdaf54e96829fe4ed44da8233688"},"headline":"Messa a Disposizione: gli istituti stanno convocando supplenti. Ecco in quali province","datePublished":"2022-01-14T06:30:00+00:00","dateModified":"2022-07-04T12:16:35+00:00","mainEntityOfPage":{"@id":"https:\/\/www.docenti.it\/blog\/messa-a-disposizione-gli-istituti-stanno-convocando-supplenti-ecco-in-quali-province\/"},"wordCount":1218,"commentCount":0,"publisher":{"@id":"https:\/\/www.docenti.it\/blog\/#organization"},"keywords":["invio MAD","MAD online","supplenze scuola"],"articleSection":["Messa a Disposizione"],"inLanguage":"it-IT","potentialAction":[{"@type":"CommentAction","name":"Comment","target":["https:\/\/www.docenti.it\/blog\/messa-a-disposizione-gli-istituti-stanno-convocando-supplenti-ecco-in-quali-province\/#respond"]}]},{"@type":"WebPage","@id":"https:\/\/www.docenti.it\/blog\/messa-a-disposizione-gli-istituti-stanno-convocando-supplenti-ecco-in-quali-province\/","url":"https:\/\/www.docenti.it\/blog\/messa-a-disposizione-gli-istituti-stanno-convocando-supplenti-ecco-in-quali-province\/","name":"Messa a Disposizione: gli istituti stanno convocando supplenti. Ecco in quali province","isPartOf":{"@id":"https:\/\/www.docenti.it\/blog\/#website"},"datePublished":"2022-01-14T06:30:00+00:00","dateModified":"2022-07-04T12:16:35+00:00","description":"A causa dei numerosi docenti in quarantena, gli istituti stanno convocando da Messa a Disposizione. Vediamo dove.","breadcrumb":{"@id":"https:\/\/www.docenti.it\/blog\/messa-a-disposizione-gli-istituti-stanno-convocando-supplenti-ecco-in-quali-province\/#breadcrumb"},"inLanguage":"it-IT","potentialAction":[{"@type":"ReadAction","target":["https:\/\/www.docenti.it\/blog\/messa-a-disposizione-gli-istituti-stanno-convocando-supplenti-ecco-in-quali-province\/"]}]},{"@type":"BreadcrumbList","@id":"https:\/\/www.docenti.it\/blog\/messa-a-disposizione-gli-istituti-stanno-convocando-supplenti-ecco-in-quali-province\/#breadcrumb","itemListElement":[{"@type":"ListItem","position":1,"name":"Home","item":"https:\/\/www.docenti.it\/blog\/"},{"@type":"ListItem","position":2,"name":"Messa a Disposizione: gli istituti stanno convocando supplenti. Ecco in quali province"}]},{"@type":"WebSite","@id":"https:\/\/www.docenti.it\/blog\/#website","url":"https:\/\/www.docenti.it\/blog\/","name":"Blog | Docenti.it","description":"Tutte le notizie e gli aggiornamenti dal mondo della scuola","publisher":{"@id":"https:\/\/www.docenti.it\/blog\/#organization"},"potentialAction":[{"@type":"SearchAction","target":{"@type":"EntryPoint","urlTemplate":"https:\/\/www.docenti.it\/blog\/?s={search_term_string}"},"query-input":"required name=search_term_string"}],"inLanguage":"it-IT"},{"@type":"Organization","@id":"https:\/\/www.docenti.it\/blog\/#organization","name":"Blog | Docenti.it","url":"https:\/\/www.docenti.it\/blog\/","logo":{"@type":"ImageObject","inLanguage":"it-IT","@id":"https:\/\/www.docenti.it\/blog\/#\/schema\/logo\/image\/","url":"https:\/\/www.docenti.it\/blog\/wp-content\/uploads\/2025\/06\/fb_mad_img.png","contentUrl":"https:\/\/www.docenti.it\/blog\/wp-content\/uploads\/2025\/06\/fb_mad_img.png","width":1140,"height":620,"caption":"Blog | Docenti.it"},"image":{"@id":"https:\/\/www.docenti.it\/blog\/#\/schema\/logo\/image\/"},"sameAs":["https:\/\/www.facebook.com\/docenti.it"]},{"@type":"Person","@id":"https:\/\/www.docenti.it\/blog\/#\/schema\/person\/99c2fdaf54e96829fe4ed44da8233688","name":"Martina Vaggi","image":{"@type":"ImageObject","inLanguage":"it-IT","@id":"https:\/\/www.docenti.it\/blog\/#\/schema\/person\/image\/","url":"https:\/\/secure.gravatar.com\/avatar\/14a13197979873d693ad915d249e3f54?s=96&d=mm&r=g","contentUrl":"https:\/\/secure.gravatar.com\/avatar\/14a13197979873d693ad915d249e3f54?s=96&d=mm&r=g","caption":"Martina Vaggi"},"description":"Classe 1991, copywriter e scrittrice. Nata a Sale, un paesino in provincia di Alessandria. Scrive dall\u2019et\u00e0 di 10 anni. Nel 2015 si laurea in Lettere Moderne presso l\u2019universit\u00e0 di Pavia. Nel 2020 pubblica il suo primo libro \"Il diario del silenzio - Storie reali di quarantena\" che descrive il processo di cambiamento della vita di 40 persone ai tempi del Covid. Nel 2022 si trasferisce a San Marino per lavorare come copywriter per Docenti.it","sameAs":["https:\/\/pensierisurrealidigentecomune.com\/","https:\/\/www.facebook.com\/profile.php?id=1555867670","https:\/\/www.instagram.com\/martiggi91\/","https:\/\/it.linkedin.com\/in\/martina-vaggi","https:\/\/www.youtube.com\/results?search_query=martina+vaggi"],"url":"https:\/\/www.docenti.it\/blog\/author\/martina-vaggi\/"}]}},"_links":{"self":[{"href":"https:\/\/www.docenti.it\/blog\/wp-json\/wp\/v2\/posts\/11971"}],"collection":[{"href":"https:\/\/www.docenti.it\/blog\/wp-json\/wp\/v2\/posts"}],"about":[{"href":"https:\/\/www.docenti.it\/blog\/wp-json\/wp\/v2\/types\/post"}],"author":[{"embeddable":true,"href":"https:\/\/www.docenti.it\/blog\/wp-json\/wp\/v2\/users\/21"}],"replies":[{"embeddable":true,"href":"https:\/\/www.docenti.it\/blog\/wp-json\/wp\/v2\/comments?post=11971"}],"version-history":[{"count":65,"href":"https:\/\/www.docenti.it\/blog\/wp-json\/wp\/v2\/posts\/11971\/revisions"}],"predecessor-version":[{"id":28303,"href":"https:\/\/www.docenti.it\/blog\/wp-json\/wp\/v2\/posts\/11971\/revisions\/28303"}],"wp:featuredmedia":[{"embeddable":true,"href":"https:\/\/www.docenti.it\/blog\/wp-json\/wp\/v2\/media\/11974"}],"wp:attachment":[{"href":"https:\/\/www.docenti.it\/blog\/wp-json\/wp\/v2\/media?parent=11971"}],"wp:term":[{"taxonomy":"category","embeddable":true,"href":"https:\/\/www.docenti.it\/blog\/wp-json\/wp\/v2\/categories?post=11971"},{"taxonomy":"post_tag","embeddable":true,"href":"https:\/\/www.docenti.it\/blog\/wp-json\/wp\/v2\/tags?post=11971"}],"curies":[{"name":"wp","href":"https:\/\/api.w.org\/{rel}","templated":true}]}}