{"id":13938,"date":"2022-02-04T11:35:30","date_gmt":"2022-02-04T10:35:30","guid":{"rendered":"https:\/\/www.docenti.it\/blog\/?p=13938"},"modified":"2022-02-08T09:12:58","modified_gmt":"2022-02-08T08:12:58","slug":"ultime-notizie-scuola-maturita-2022-tornano-le-prove-scritte","status":"publish","type":"post","link":"https:\/\/www.docenti.it\/blog\/ultime-notizie-scuola-maturita-2022-tornano-le-prove-scritte\/","title":{"rendered":"Ultime notizie scuola: maturit\u00e0 2022. Tornano le prove scritte"},"content":{"rendered":"\n<p>Vediamo le ultime notizie scuola: per la maturit\u00e0 2022 ritornano le prove scritte. <\/p>\n\n\n\n<p>Ma in che cosa consisteranno?<\/p>\n\n\n\n<!--more-->\n\n\n\n<h2>Ultime notizie scuola: come si svolge la maturit\u00e0 2022?<\/h2>\n\n\n\n<p>Il Ministro dell\u2019Istruzione <strong>Patrizio Bianchi<\/strong> ha inviato al Consiglio Superiore della Pubblica Istruzione le ordinanze riguardanti <strong>l\u2019organizzazione e le modalit\u00e0 di svolgimento degli Esami di Stato 2022<\/strong>.<\/p>\n\n\n\n<p>Le disposizioni sembrerebbero riguardare lo svolgimento di <strong>due prove scritte e di una prova orale<\/strong>. <br>La proposta del Ministro ha per\u00f2 suscitato varie polemiche tra studenti, docenti e dirigenti, soprattutto riguardanti le due prove scritte.<\/p>\n\n\n\n<h3>Tornano le prove scritte<\/h3>\n\n\n\n<p>In base alle bozze ministeriali recenti, le <strong>caratteristiche<\/strong> delle singole prove sono queste:<\/p>\n\n\n\n<p>La <strong>prima prova<\/strong> \u00e8 scritta in lingua italiana ed \u00e8 predisposta su base nazionale. <br>Nella prova sono proposte <strong>sette tracce suddivise in tre diverse modalit\u00e0<\/strong>: analisi e interpretazione di un testo, analisi e produzione di un testo, riflessione critica su tematiche di attualit\u00e0. <br>La prova sar\u00e0 svolta il 22 giugno alle ore 8.30 e avr\u00e0 una durata di sei ore.<\/p>\n\n\n\n<p>Anche la <strong>seconda prova<\/strong> \u00e8 scritta e si articola sulle attivit\u00e0 di una o pi\u00f9 discipline caratterizzanti svolte nel corso dell\u2019anno scolastico. <br>\u00c8 prevista per il 23 giugno e varia in base al tipo di scuola: <\/p>\n\n\n\n<ul><li>negli Istituti Professionali si prevede una prova pratica;<\/li><li>lo stesso potrebbe avvenire nel Liceo Coreutico attraverso un\u2019esibizione collettiva di danza, accompagnata da relativa relazione;<\/li><li>nei Licei Musicali ci sar\u00e0 una prova pratica di strumento. <br>Proseguendo, gli Istituti che mettono a disposizione attrezzature informatiche e laboratoriali possono organizzare una prova di tipo progettuale;<\/li><li>inoltre, i Licei Linguistici strutturano la prova sulla Lingua e cultura straniera 1 del rispettivo piano di studio. Si prevede nel Liceo Classico una prova di Latino, nel Liceo Scientifico una prova di Matematica ed una prova di Scienze Umane nell\u2019omonimo Liceo;<\/li><li>per finire, all\u2019Istituto Tecnico Economico ad indirizzo Amministrazione, finanza e marketing, gli studenti sono sottoposti ad una prova di Economia Aziendale. <br>Si parla di Elettrotecnica nell\u2019omonimo indirizzo del Tecnico Industriale.<\/li><\/ul>\n\n\n\n<h3>La terza prova: sar\u00e0 orale<\/h3>\n\n\n\n<p>Dalle bozze ministeriali si apprende che la <strong>terza prova<\/strong> sar\u00e0 un colloquio attraverso il quale la commissione accerter\u00e0 il conseguimento del profilo educativo, culturale e professionale del candidato. <br>La prova si aprir\u00e0 con l\u2019analisi di un materiale scelto dalla commissione d\u2019esame.<\/p>\n\n\n\n<h3>Cosa ne pensano gli studenti?<\/h3>\n\n\n\n<p>Le possibili modalit\u00e0 dell\u2019Esame di Stato fanno discutere poich\u00e9 negli scorsi due anni, a causa dell\u2019emergenza sanitaria, non sono state utilizzate le prove scritte. <\/p>\n\n\n\n<p>Alcuni studenti di un Liceo Scientifico della Basilicata hanno infatti scritto una lettera al Ministro Bianchi nella quale richiedono l\u2019istituzione di un unico colloquio interdisciplinare, cos\u00ec come negli anni passati.<\/p>\n\n\n\n<p>I provvedimenti devono ancora terminare l\u2019Iter amministrativo e successivamente saranno trasmessi alle competenti commissioni parlamentari. <\/p>\n\n\n\n<p>Leggi anche:<\/p>\n\n\n\n<ul><li><a href=\"https:\/\/www.docenti.it\/blog\/docente-si-da-fuoco-di-fronte-alla-caserma-dei-carabinieri-le-ipotesi-sulle-cause\/\" target=\"_blank\" rel=\"noreferrer noopener\">Docente si d\u00e0 fuoco di fronte alla caserma dei Carabinieri: le ipotesi sulle cause<\/a><\/li><\/ul>\n\n\n\n<p>Photo credit: <a href=\"https:\/\/www.pexels.com\/\" target=\"_blank\" rel=\"noreferrer noopener\">Pexels<\/a>. <\/p>\n","protected":false},"excerpt":{"rendered":"<p>Vediamo le ultime notizie scuola: per la maturit\u00e0 2022 ritornano le prove scritte. Ma [&hellip;]<\/p>\n","protected":false},"author":22,"featured_media":13958,"comment_status":"open","ping_status":"open","sticky":false,"template":"","format":"standard","meta":[],"categories":[4],"tags":[390],"yoast_head":"<!-- This site is optimized with the Yoast SEO plugin v20.4 - https:\/\/yoast.com\/wordpress\/plugins\/seo\/ -->\n<title>Ultime notizie scuola: maturit\u00e0 2022. Tornano le prove scritte<\/title>\n<meta name=\"description\" content=\"Vediamo le ultime notizie scuola: per la maturit\u00e0 2022 ritornano le prove scritte. Ma in che cosa consisteranno?\" \/>\n<meta name=\"robots\" content=\"index, follow, max-snippet:-1, max-image-preview:large, max-video-preview:-1\" \/>\n<link rel=\"canonical\" href=\"https:\/\/www.docenti.it\/blog\/ultime-notizie-scuola-maturita-2022-tornano-le-prove-scritte\/\" \/>\n<meta property=\"og:locale\" content=\"it_IT\" \/>\n<meta property=\"og:type\" content=\"article\" \/>\n<meta property=\"og:title\" content=\"Ultime notizie scuola: maturit\u00e0 2022. Tornano le prove scritte\" \/>\n<meta property=\"og:description\" content=\"Vediamo le ultime notizie scuola: per la maturit\u00e0 2022 ritornano le prove scritte. Ma in che cosa consisteranno?\" \/>\n<meta property=\"og:url\" content=\"https:\/\/www.docenti.it\/blog\/ultime-notizie-scuola-maturita-2022-tornano-le-prove-scritte\/\" \/>\n<meta property=\"og:site_name\" content=\"Blog | Docenti.it\" \/>\n<meta property=\"article:publisher\" content=\"https:\/\/www.facebook.com\/docenti.it\" \/>\n<meta property=\"article:published_time\" content=\"2022-02-04T10:35:30+00:00\" \/>\n<meta property=\"article:modified_time\" content=\"2022-02-08T08:12:58+00:00\" \/>\n<meta property=\"og:image\" content=\"https:\/\/www.docenti.it\/blog\/wp-content\/uploads\/2022\/02\/school-g0273d13d6_640.jpg\" \/>\n\t<meta property=\"og:image:width\" content=\"640\" \/>\n\t<meta property=\"og:image:height\" content=\"457\" \/>\n\t<meta property=\"og:image:type\" content=\"image\/jpeg\" \/>\n<meta name=\"author\" content=\"Veronica Conti\" \/>\n<meta name=\"twitter:card\" content=\"summary_large_image\" \/>\n<meta name=\"twitter:label1\" content=\"Written by\" \/>\n\t<meta name=\"twitter:data1\" content=\"Veronica Conti\" \/>\n\t<meta name=\"twitter:label2\" content=\"Est. reading time\" \/>\n\t<meta name=\"twitter:data2\" content=\"3 minuti\" \/>\n<script type=\"application\/ld+json\" class=\"yoast-schema-graph\">{\"@context\":\"https:\/\/schema.org\",\"@graph\":[{\"@type\":\"Article\",\"@id\":\"https:\/\/www.docenti.it\/blog\/ultime-notizie-scuola-maturita-2022-tornano-le-prove-scritte\/#article\",\"isPartOf\":{\"@id\":\"https:\/\/www.docenti.it\/blog\/ultime-notizie-scuola-maturita-2022-tornano-le-prove-scritte\/\"},\"author\":{\"name\":\"Veronica Conti\",\"@id\":\"https:\/\/www.docenti.it\/blog\/#\/schema\/person\/db2692c75b023bba5319018ede576846\"},\"headline\":\"Ultime notizie scuola: maturit\u00e0 2022. Tornano le prove scritte\",\"datePublished\":\"2022-02-04T10:35:30+00:00\",\"dateModified\":\"2022-02-08T08:12:58+00:00\",\"mainEntityOfPage\":{\"@id\":\"https:\/\/www.docenti.it\/blog\/ultime-notizie-scuola-maturita-2022-tornano-le-prove-scritte\/\"},\"wordCount\":475,\"commentCount\":0,\"publisher\":{\"@id\":\"https:\/\/www.docenti.it\/blog\/#organization\"},\"keywords\":[\"Maturit\u00e0 2022\"],\"articleSection\":[\"News\"],\"inLanguage\":\"it-IT\",\"potentialAction\":[{\"@type\":\"CommentAction\",\"name\":\"Comment\",\"target\":[\"https:\/\/www.docenti.it\/blog\/ultime-notizie-scuola-maturita-2022-tornano-le-prove-scritte\/#respond\"]}]},{\"@type\":\"WebPage\",\"@id\":\"https:\/\/www.docenti.it\/blog\/ultime-notizie-scuola-maturita-2022-tornano-le-prove-scritte\/\",\"url\":\"https:\/\/www.docenti.it\/blog\/ultime-notizie-scuola-maturita-2022-tornano-le-prove-scritte\/\",\"name\":\"Ultime notizie scuola: maturit\u00e0 2022. Tornano le prove scritte\",\"isPartOf\":{\"@id\":\"https:\/\/www.docenti.it\/blog\/#website\"},\"datePublished\":\"2022-02-04T10:35:30+00:00\",\"dateModified\":\"2022-02-08T08:12:58+00:00\",\"description\":\"Vediamo le ultime notizie scuola: per la maturit\u00e0 2022 ritornano le prove scritte. Ma in che cosa consisteranno?\",\"breadcrumb\":{\"@id\":\"https:\/\/www.docenti.it\/blog\/ultime-notizie-scuola-maturita-2022-tornano-le-prove-scritte\/#breadcrumb\"},\"inLanguage\":\"it-IT\",\"potentialAction\":[{\"@type\":\"ReadAction\",\"target\":[\"https:\/\/www.docenti.it\/blog\/ultime-notizie-scuola-maturita-2022-tornano-le-prove-scritte\/\"]}]},{\"@type\":\"BreadcrumbList\",\"@id\":\"https:\/\/www.docenti.it\/blog\/ultime-notizie-scuola-maturita-2022-tornano-le-prove-scritte\/#breadcrumb\",\"itemListElement\":[{\"@type\":\"ListItem\",\"position\":1,\"name\":\"Home\",\"item\":\"https:\/\/www.docenti.it\/blog\/\"},{\"@type\":\"ListItem\",\"position\":2,\"name\":\"Ultime notizie scuola: maturit\u00e0 2022. Tornano le prove scritte\"}]},{\"@type\":\"WebSite\",\"@id\":\"https:\/\/www.docenti.it\/blog\/#website\",\"url\":\"https:\/\/www.docenti.it\/blog\/\",\"name\":\"Blog | Docenti.it\",\"description\":\"Tutte le notizie e gli aggiornamenti dal mondo della scuola\",\"publisher\":{\"@id\":\"https:\/\/www.docenti.it\/blog\/#organization\"},\"potentialAction\":[{\"@type\":\"SearchAction\",\"target\":{\"@type\":\"EntryPoint\",\"urlTemplate\":\"https:\/\/www.docenti.it\/blog\/?s={search_term_string}\"},\"query-input\":\"required name=search_term_string\"}],\"inLanguage\":\"it-IT\"},{\"@type\":\"Organization\",\"@id\":\"https:\/\/www.docenti.it\/blog\/#organization\",\"name\":\"Blog | Docenti.it\",\"url\":\"https:\/\/www.docenti.it\/blog\/\",\"logo\":{\"@type\":\"ImageObject\",\"inLanguage\":\"it-IT\",\"@id\":\"https:\/\/www.docenti.it\/blog\/#\/schema\/logo\/image\/\",\"url\":\"https:\/\/www.docenti.it\/blog\/wp-content\/uploads\/2025\/06\/fb_mad_img.png\",\"contentUrl\":\"https:\/\/www.docenti.it\/blog\/wp-content\/uploads\/2025\/06\/fb_mad_img.png\",\"width\":1140,\"height\":620,\"caption\":\"Blog | Docenti.it\"},\"image\":{\"@id\":\"https:\/\/www.docenti.it\/blog\/#\/schema\/logo\/image\/\"},\"sameAs\":[\"https:\/\/www.facebook.com\/docenti.it\"]},{\"@type\":\"Person\",\"@id\":\"https:\/\/www.docenti.it\/blog\/#\/schema\/person\/db2692c75b023bba5319018ede576846\",\"name\":\"Veronica Conti\",\"image\":{\"@type\":\"ImageObject\",\"inLanguage\":\"it-IT\",\"@id\":\"https:\/\/www.docenti.it\/blog\/#\/schema\/person\/image\/\",\"url\":\"https:\/\/secure.gravatar.com\/avatar\/9709c2e092989f0e61eda04e2d96c120?s=96&d=mm&r=g\",\"contentUrl\":\"https:\/\/secure.gravatar.com\/avatar\/9709c2e092989f0e61eda04e2d96c120?s=96&d=mm&r=g\",\"caption\":\"Veronica Conti\"},\"description\":\"Classe 1998, \u00e8 studentessa e insegnante di musica. Ha conseguito il Diploma di Violoncello nel 2018 e, due anni dopo, il Diploma Accademico di II Livello in Violoncello presso il Conservatorio di Cesena. Frequenta il terzo anno all'universit\u00e0 di Urbino, Lingue e Culture Straniere profilo linguistico-aziendale, ed \u00e8 tirocinante presso Docenti.it.\",\"url\":\"https:\/\/www.docenti.it\/blog\/author\/veronica-conti\/\"}]}<\/script>\n<!-- \/ Yoast SEO plugin. -->","yoast_head_json":{"title":"Ultime notizie scuola: maturit\u00e0 2022. Tornano le prove scritte","description":"Vediamo le ultime notizie scuola: per la maturit\u00e0 2022 ritornano le prove scritte. Ma in che cosa consisteranno?","robots":{"index":"index","follow":"follow","max-snippet":"max-snippet:-1","max-image-preview":"max-image-preview:large","max-video-preview":"max-video-preview:-1"},"canonical":"https:\/\/www.docenti.it\/blog\/ultime-notizie-scuola-maturita-2022-tornano-le-prove-scritte\/","og_locale":"it_IT","og_type":"article","og_title":"Ultime notizie scuola: maturit\u00e0 2022. Tornano le prove scritte","og_description":"Vediamo le ultime notizie scuola: per la maturit\u00e0 2022 ritornano le prove scritte. Ma in che cosa consisteranno?","og_url":"https:\/\/www.docenti.it\/blog\/ultime-notizie-scuola-maturita-2022-tornano-le-prove-scritte\/","og_site_name":"Blog | Docenti.it","article_publisher":"https:\/\/www.facebook.com\/docenti.it","article_published_time":"2022-02-04T10:35:30+00:00","article_modified_time":"2022-02-08T08:12:58+00:00","og_image":[{"width":640,"height":457,"url":"https:\/\/www.docenti.it\/blog\/wp-content\/uploads\/2022\/02\/school-g0273d13d6_640.jpg","type":"image\/jpeg"}],"author":"Veronica Conti","twitter_card":"summary_large_image","twitter_misc":{"Written by":"Veronica Conti","Est. reading time":"3 minuti"},"schema":{"@context":"https:\/\/schema.org","@graph":[{"@type":"Article","@id":"https:\/\/www.docenti.it\/blog\/ultime-notizie-scuola-maturita-2022-tornano-le-prove-scritte\/#article","isPartOf":{"@id":"https:\/\/www.docenti.it\/blog\/ultime-notizie-scuola-maturita-2022-tornano-le-prove-scritte\/"},"author":{"name":"Veronica Conti","@id":"https:\/\/www.docenti.it\/blog\/#\/schema\/person\/db2692c75b023bba5319018ede576846"},"headline":"Ultime notizie scuola: maturit\u00e0 2022. Tornano le prove scritte","datePublished":"2022-02-04T10:35:30+00:00","dateModified":"2022-02-08T08:12:58+00:00","mainEntityOfPage":{"@id":"https:\/\/www.docenti.it\/blog\/ultime-notizie-scuola-maturita-2022-tornano-le-prove-scritte\/"},"wordCount":475,"commentCount":0,"publisher":{"@id":"https:\/\/www.docenti.it\/blog\/#organization"},"keywords":["Maturit\u00e0 2022"],"articleSection":["News"],"inLanguage":"it-IT","potentialAction":[{"@type":"CommentAction","name":"Comment","target":["https:\/\/www.docenti.it\/blog\/ultime-notizie-scuola-maturita-2022-tornano-le-prove-scritte\/#respond"]}]},{"@type":"WebPage","@id":"https:\/\/www.docenti.it\/blog\/ultime-notizie-scuola-maturita-2022-tornano-le-prove-scritte\/","url":"https:\/\/www.docenti.it\/blog\/ultime-notizie-scuola-maturita-2022-tornano-le-prove-scritte\/","name":"Ultime notizie scuola: maturit\u00e0 2022. Tornano le prove scritte","isPartOf":{"@id":"https:\/\/www.docenti.it\/blog\/#website"},"datePublished":"2022-02-04T10:35:30+00:00","dateModified":"2022-02-08T08:12:58+00:00","description":"Vediamo le ultime notizie scuola: per la maturit\u00e0 2022 ritornano le prove scritte. Ma in che cosa consisteranno?","breadcrumb":{"@id":"https:\/\/www.docenti.it\/blog\/ultime-notizie-scuola-maturita-2022-tornano-le-prove-scritte\/#breadcrumb"},"inLanguage":"it-IT","potentialAction":[{"@type":"ReadAction","target":["https:\/\/www.docenti.it\/blog\/ultime-notizie-scuola-maturita-2022-tornano-le-prove-scritte\/"]}]},{"@type":"BreadcrumbList","@id":"https:\/\/www.docenti.it\/blog\/ultime-notizie-scuola-maturita-2022-tornano-le-prove-scritte\/#breadcrumb","itemListElement":[{"@type":"ListItem","position":1,"name":"Home","item":"https:\/\/www.docenti.it\/blog\/"},{"@type":"ListItem","position":2,"name":"Ultime notizie scuola: maturit\u00e0 2022. Tornano le prove scritte"}]},{"@type":"WebSite","@id":"https:\/\/www.docenti.it\/blog\/#website","url":"https:\/\/www.docenti.it\/blog\/","name":"Blog | Docenti.it","description":"Tutte le notizie e gli aggiornamenti dal mondo della scuola","publisher":{"@id":"https:\/\/www.docenti.it\/blog\/#organization"},"potentialAction":[{"@type":"SearchAction","target":{"@type":"EntryPoint","urlTemplate":"https:\/\/www.docenti.it\/blog\/?s={search_term_string}"},"query-input":"required name=search_term_string"}],"inLanguage":"it-IT"},{"@type":"Organization","@id":"https:\/\/www.docenti.it\/blog\/#organization","name":"Blog | Docenti.it","url":"https:\/\/www.docenti.it\/blog\/","logo":{"@type":"ImageObject","inLanguage":"it-IT","@id":"https:\/\/www.docenti.it\/blog\/#\/schema\/logo\/image\/","url":"https:\/\/www.docenti.it\/blog\/wp-content\/uploads\/2025\/06\/fb_mad_img.png","contentUrl":"https:\/\/www.docenti.it\/blog\/wp-content\/uploads\/2025\/06\/fb_mad_img.png","width":1140,"height":620,"caption":"Blog | Docenti.it"},"image":{"@id":"https:\/\/www.docenti.it\/blog\/#\/schema\/logo\/image\/"},"sameAs":["https:\/\/www.facebook.com\/docenti.it"]},{"@type":"Person","@id":"https:\/\/www.docenti.it\/blog\/#\/schema\/person\/db2692c75b023bba5319018ede576846","name":"Veronica Conti","image":{"@type":"ImageObject","inLanguage":"it-IT","@id":"https:\/\/www.docenti.it\/blog\/#\/schema\/person\/image\/","url":"https:\/\/secure.gravatar.com\/avatar\/9709c2e092989f0e61eda04e2d96c120?s=96&d=mm&r=g","contentUrl":"https:\/\/secure.gravatar.com\/avatar\/9709c2e092989f0e61eda04e2d96c120?s=96&d=mm&r=g","caption":"Veronica Conti"},"description":"Classe 1998, \u00e8 studentessa e insegnante di musica. Ha conseguito il Diploma di Violoncello nel 2018 e, due anni dopo, il Diploma Accademico di II Livello in Violoncello presso il Conservatorio di Cesena. Frequenta il terzo anno all'universit\u00e0 di Urbino, Lingue e Culture Straniere profilo linguistico-aziendale, ed \u00e8 tirocinante presso Docenti.it.","url":"https:\/\/www.docenti.it\/blog\/author\/veronica-conti\/"}]}},"_links":{"self":[{"href":"https:\/\/www.docenti.it\/blog\/wp-json\/wp\/v2\/posts\/13938"}],"collection":[{"href":"https:\/\/www.docenti.it\/blog\/wp-json\/wp\/v2\/posts"}],"about":[{"href":"https:\/\/www.docenti.it\/blog\/wp-json\/wp\/v2\/types\/post"}],"author":[{"embeddable":true,"href":"https:\/\/www.docenti.it\/blog\/wp-json\/wp\/v2\/users\/22"}],"replies":[{"embeddable":true,"href":"https:\/\/www.docenti.it\/blog\/wp-json\/wp\/v2\/comments?post=13938"}],"version-history":[{"count":14,"href":"https:\/\/www.docenti.it\/blog\/wp-json\/wp\/v2\/posts\/13938\/revisions"}],"predecessor-version":[{"id":14300,"href":"https:\/\/www.docenti.it\/blog\/wp-json\/wp\/v2\/posts\/13938\/revisions\/14300"}],"wp:featuredmedia":[{"embeddable":true,"href":"https:\/\/www.docenti.it\/blog\/wp-json\/wp\/v2\/media\/13958"}],"wp:attachment":[{"href":"https:\/\/www.docenti.it\/blog\/wp-json\/wp\/v2\/media?parent=13938"}],"wp:term":[{"taxonomy":"category","embeddable":true,"href":"https:\/\/www.docenti.it\/blog\/wp-json\/wp\/v2\/categories?post=13938"},{"taxonomy":"post_tag","embeddable":true,"href":"https:\/\/www.docenti.it\/blog\/wp-json\/wp\/v2\/tags?post=13938"}],"curies":[{"name":"wp","href":"https:\/\/api.w.org\/{rel}","templated":true}]}}