{"id":14334,"date":"2022-02-08T16:09:04","date_gmt":"2022-02-08T15:09:04","guid":{"rendered":"https:\/\/www.docenti.it\/blog\/?p=14334"},"modified":"2022-07-04T13:06:44","modified_gmt":"2022-07-04T11:06:44","slug":"supplenze-scuola-mancano-i-docenti-conviene-candidarsi-con-la-mad","status":"publish","type":"post","link":"https:\/\/www.docenti.it\/blog\/supplenze-scuola-mancano-i-docenti-conviene-candidarsi-con-la-mad\/","title":{"rendered":"Supplenze scuola: mancano i docenti. Conviene candidarsi con la MAD?"},"content":{"rendered":"\n<p>Supplenze scuola: mancano ancora molti docenti. <\/p>\n\n\n\n<p>Ma la Messa a Disposizione pu\u00f2 aiutarti ad ottenere incarichi?<\/p>\n\n\n\n<p>\u00c8 davvero la soluzione a questo problema?<\/p>\n\n\n\n<!--more-->\n\n\n\n<h2>Supplenze scuola: mancano molti docenti<\/h2>\n\n\n\n<p>I docenti non ci sono. <br>O meglio, \u00e8 il sistema attuale che impedisce agli istituti di convocare supplenti che vadano a ricoprire le cattedre mancanti. <\/p>\n\n\n\n<p>Il Ministero ha dato continue rassicurazioni <strong>su possibili cambiamenti riguardanti un nuovo sistema di attribuzione delle supplenze al 31 agosto e 30 giugno. <\/strong><br>Cambiamenti per\u00f2, che non sono ancora avvenuti. <\/p>\n\n\n\n<p>Questo \u00e8 il motivo per il quale sono ancora moltissime le province d&#8217;Italia che possono vantare la presenza del numero corretto di docenti in cattedra.<\/p>\n\n\n\n<p class=\"has-text-align-center\"><em><strong>E, dal momento che non si trovano supplenti, <br>gli istituti stanno continuano a convocare i supplenti <\/strong><\/em><br><em><strong>dalle domande di Messa a Disposizione. <\/strong><\/em><\/p>\n\n\n\n<p>Il che, per il momento, rappresenta una situazione tampone che pu\u00f2 anche reggere. <\/p>\n\n\n\n<p>Ma per quanto tempo la scuola pu\u00f2 continuare in queste condizioni?<br>Per quanto tempo pu\u00f2 persistere questa cronica mancanza di docenti?<\/p>\n\n\n\n<h3>Concorsi scuola: facciamo il punto<\/h3>\n\n\n\n<p>I prossimi concorsi scuola riusciranno a sopperire al consistente numero di cattedre scoperte?<\/p>\n\n\n\n<p>\u00c8 quello che molti si chiedono, dal momento che il punto su questi concorsi ancora non \u00e8 molto chiaro. <\/p>\n\n\n\n<p>Per infanzia e primaria le prove del concorso ordinario sembrano essere a buon punto: infatti, una volta svolta la prova scritta, le commissioni strutturano il calendario delle prove orali. <br>Si pensa che le graduatorie saranno pronte per l\u2019estate 2022.<\/p>\n\n\n\n<p class=\"has-text-align-center\"><em><strong>Per quanto riguarda la scuola secondaria, invece, <br>ci sono parecchi dubbi in merito: <br>per il concorso ordinario il calendario delle prove scritte risulta ancora mancante. <\/strong><\/em><\/p>\n\n\n\n<p>Manca anche il nuovo bando di concorso per le discipline STEM (A020, A026, A027, A028, A028) per le quali si potranno presentare le nuove domande di partecipazione.<\/p>\n\n\n\n<p class=\"has-text-align-center\"><em><strong>Sar\u00e0 inevitabile, quindi, che anche l&#8217;anno scolastico 2022\/23 <br>vedr\u00e0 un numero molto vasto di supplenze da ricoprire.<\/strong><\/em> <\/p>\n\n\n\n<p>E, stando cos\u00ec le cose, con le graduatorie che ancora non si sa quando riapriranno&#8230;<\/p>\n\n\n\n<p><em><strong>&#8230; Come faranno le scuole a convocare i docenti per ricoprire questi incarichi?<\/strong><\/em><\/p>\n\n\n<p>[maxbutton id=&#8221;1&#8243; url=&#8221;https:\/\/www.docenti.it\/messa-a-disposizione.html?lnk=104&#8243; text=&#8221;Invia la tua MAD online&#8221; ]<\/p>\n\n\n\n<p><\/p>\n\n\n\n<h2>Il problema delle graduatorie<\/h2>\n\n\n\n<p>Dal momento che nelle graduatorie mancano molti docenti &#8220;al posto giusto&#8221; mai come in questo momento stanno fioccando convocazioni dalle domande di Messa a Disposizione. <\/p>\n\n\n\n<p class=\"has-text-align-center\"><strong><em>Molti docenti, infatti, anche tra quelli iscritti nelle graduatorie, <br><\/em><\/strong><em><strong>stanno ricevendo convocazioni da MAD <\/strong><\/em><br><em><strong>ma per Classi di Concorso totalmente diverse dalle loro. <\/strong><\/em><br><em><strong><br>Altri vengono chiamati anche se mancano dei crediti necessari a ricoprire quella CdC. <\/strong><\/em><\/p>\n\n\n\n<p>Per non parlare, poi, di tutti i docenti che vengono convocati sul sostegno, senza essere in possesso del titolo specifico idoneo, possedendo invece, tutt&#8217;altri requisiti per insegnare. <\/p>\n\n\n\n<p>Questo problema \u00e8 legato strettamente alle convocazioni da MAD per i supplenti. <\/p>\n\n\n\n<figure class=\"wp-block-image size-full\"><img decoding=\"async\" loading=\"lazy\" width=\"640\" height=\"522\" src=\"https:\/\/www.docenti.it\/blog\/wp-content\/uploads\/2022\/02\/adam-winger-7fF0iei80AQ-unsplash.jpg\" alt=\"supplenze scuola\" class=\"wp-image-14416\" srcset=\"https:\/\/www.docenti.it\/blog\/wp-content\/uploads\/2022\/02\/adam-winger-7fF0iei80AQ-unsplash.jpg 640w, https:\/\/www.docenti.it\/blog\/wp-content\/uploads\/2022\/02\/adam-winger-7fF0iei80AQ-unsplash-300x245.jpg 300w, https:\/\/www.docenti.it\/blog\/wp-content\/uploads\/2022\/02\/adam-winger-7fF0iei80AQ-unsplash-600x489.jpg 600w\" sizes=\"(max-width: 640px) 100vw, 640px\" \/><\/figure>\n\n\n\n<h3>Conviene inviare la MAD per insegnare?<\/h3>\n\n\n\n<p>Infatti, nonostante il nuovo regolamento per il prossimo aggiornamento graduatorie preveda un ruolo della MAD molto pi\u00f9 marginale, \u00e8 innegabile quanto la domanda di Messa a Disposizione stia aiutando le scuole a trovare il personale docente che ricopra le cattedre vuote. <\/p>\n\n\n\n<p class=\"has-text-align-center\"><em><strong>Soprattutto in questo momento storico, <br>dove le classi vedono l&#8217;assenza dei numerosi docenti in quarantena <br>e di quelli sospesi perch\u00e9 contrari all&#8217;obbligo vaccinale. <\/strong><\/em><\/p>\n\n\n\n<p>Forse sar\u00e0 anche vero (come sostengono alcuni), che insegnare non \u00e8 per tutti e che non dovrebbe essere data la possibilit\u00e0 di ricoprire incarichi di supplenza a chi non possiede ancora i requisiti idonei&#8230;<\/p>\n\n\n\n<p>&#8230; Ma, \u00e8 anche vero che ci sono moltissimi supplenti che non hanno ancora conseguito lauree e specializzazioni, che sono perfettamente in grado di gestire una classe e di trasmettere tutta la loro passione ed entusiasmo a giovani menti. <\/p>\n\n\n\n<p>\u00c8 il caso di Lorenzo, laureando di 22 anni, che <strong>ha trovato un incarico di supplenza inviando la MAD con la nostra piattaforma<\/strong> (scorri in fondo alla pagina per ascoltare la sua video-testimonianza).<\/p>\n\n\n<p>[maxbutton id=&#8221;1&#8243; url=&#8221;https:\/\/www.docenti.it\/messa-a-disposizione.html?lnk=104&#8243; text=&#8221;Invia la tua MAD online&#8221; ]<\/p>\n\n\n\n<p><\/p>\n\n\n\n<p>Lorenzo non si \u00e8 lasciato scoraggiare dalle critiche.<\/p>\n\n\n\n<p class=\"has-text-align-center\"><em><strong>Ha capito che la domanda di Messa a Disposizione rappresentava un&#8217;enorme opportunit\u00e0 <\/strong><\/em><br><em><strong>in questo periodo storico e&#8230; ha colto l&#8217;occasione al balzo! <\/strong><\/em><\/p>\n\n\n\n<p>Si \u00e8 affidato al nostro servizio di<strong><a href=\"https:\/\/www.docenti.it\/messa-a-disposizione.html?lnk=104\" target=\"_blank\" rel=\"noreferrer noopener\"> Invio MAD online<\/a><\/strong>, ha compilato la sua domanda direttamente sulla nostra piattaforma ed ed \u00e8 stato subito ricontattato da uno dei nostri consulenti. <\/p>\n\n\n\n<p>Dopo neanche un mese dall&#8217;invio della MAD, questo giovane laureando si \u00e8 ritrovato ad insegnare Matematica in una classe di ragazzi poco pi\u00f9 giovani di lui. <\/p>\n\n\n\n<p><em>E perch\u00e9 mai questo dovrebbe essere un male?<\/em><\/p>\n\n\n\n<p>Lorenzo \u00e8 un giovane, uno dei tanti, che ha la passione per l&#8217;insegnamento e vuole mettersi alla prova in quest&#8217;ambito lavorativo. <\/p>\n\n\n\n<p class=\"has-text-align-center\"><em><strong>Dal momento che la scuola ha bisogno di supplenti, <br>se il tuo sogno \u00e8 insegnare e sei nella condizione per farlo&#8230; <br>perch\u00e9 dovresti rifiutare quest\u2019opportunit\u00e0?<\/strong><\/em><\/p>\n\n\n\n<p>Fare supplenze scuola non \u00e8 semplice e non \u00e8 per tutti, su questo siamo d&#8217;accordo. <br>Ma \u00e8 innegabile quanto <a href=\"https:\/\/www.docenti.it\/messa-a-disposizione.html?lnk=104\" target=\"_blank\" rel=\"noreferrer noopener\"><strong>la MAD rappresenti uno strumento molto potente<\/strong> <\/a>al fine di ottenere incarichi di supplenza in questo momento!<\/p>\n\n\n\n<p>Il nuovo aggiornamento graduatorie che avverr\u00e0 prevede un ruolo marginale della MAD, ma&#8230;<\/p>\n\n\n\n<p>&#8230; Fino ad allora, se vuoi davvero insegnare candidati con la MAD e ottieni subito un incarico di supplenza!<\/p>\n\n\n\n<p class=\"has-text-align-center\"><strong><em>Le scuole non possono rimanere senza docenti!<\/em><\/strong><\/p>\n\n\n<p>[maxbutton id=&#8221;1&#8243; url=&#8221;https:\/\/www.docenti.it\/messa-a-disposizione.html?lnk=104&#8243; text=&#8221;Invia la tua MAD online&#8221; ]<\/p>\n\n\n\n<p><\/p>\n\n\n\n<h2>La storia di Lorenzo: a 22 anni supplente grazie alla MAD<\/h2>\n\n\n\n<figure class=\"wp-block-embed is-type-video is-provider-youtube wp-block-embed-youtube wp-embed-aspect-16-9 wp-has-aspect-ratio\"><div class=\"wp-block-embed__wrapper\">\n<iframe loading=\"lazy\" title=\"La storia di Lorenzo: a soli 22 anni ottiene un incarico da Messa a Disposizione\" width=\"1240\" height=\"698\" src=\"https:\/\/www.youtube.com\/embed\/febZr7gEJ9A?feature=oembed\" frameborder=\"0\" allow=\"accelerometer; autoplay; clipboard-write; encrypted-media; gyroscope; picture-in-picture; web-share\" allowfullscreen><\/iframe>\n<\/div><\/figure>\n\n\n\n<p>Leggi anche:<\/p>\n\n\n\n<ul><li><a href=\"https:\/\/www.docenti.it\/blog\/la-storia-di-lorenzo-a-soli-22-anni-ottiene-un-incarico-da-messa-a-disposizione\/\" target=\"_blank\" rel=\"noreferrer noopener\">La storia di Lorenzo: a soli 22 anni ottiene un incarico da Messa a Disposizione<\/a><\/li><li><a href=\"https:\/\/www.docenti.it\/blog\/docenti-sospesi-esenzione-vaccino-fino-al-28-febbraio-quali-dati-deve-contenere-la-certificazione\/\" target=\"_blank\" rel=\"noreferrer noopener\">Docenti sospesi: esenzione vaccino fino al 28 febbraio. Quali dati deve contenere la certificazione<\/a><\/li><li><a href=\"https:\/\/www.docenti.it\/blog\/supplenze-scuola-come-avviene-la-convocazione-per-sostituire-i-no-vax\/\" target=\"_blank\" rel=\"noreferrer noopener\">Supplenze scuola: come avviene la convocazione per sostituire i no-vax<\/a><\/li><\/ul>\n\n\n\n<p>Photo credit: <a href=\"https:\/\/unsplash.com\/\" target=\"_blank\" rel=\"noreferrer noopener\">Unsplash<\/a>.<\/p>\n","protected":false},"excerpt":{"rendered":"<p>Supplenze scuola: mancano ancora molti docenti. Ma la Messa a Disposizione pu\u00f2 aiutarti ad [&hellip;]<\/p>\n","protected":false},"author":21,"featured_media":14431,"comment_status":"open","ping_status":"open","sticky":false,"template":"","format":"standard","meta":[],"categories":[2],"tags":[26],"yoast_head":"<!-- This site is optimized with the Yoast SEO plugin v20.4 - https:\/\/yoast.com\/wordpress\/plugins\/seo\/ -->\n<title>Supplenze scuola: mancano i docenti. Conviene candidarsi con la MAD?<\/title>\n<meta name=\"description\" content=\"Supplenze scuola: mancano ancora molti docenti. Ma la Messa a Disposizione pu\u00f2 farti davvero ottenere incarichi?\" \/>\n<meta name=\"robots\" content=\"index, follow, max-snippet:-1, max-image-preview:large, max-video-preview:-1\" \/>\n<link rel=\"canonical\" href=\"https:\/\/www.docenti.it\/blog\/supplenze-scuola-mancano-i-docenti-conviene-candidarsi-con-la-mad\/\" \/>\n<meta property=\"og:locale\" content=\"it_IT\" \/>\n<meta property=\"og:type\" content=\"article\" \/>\n<meta property=\"og:title\" content=\"Supplenze scuola: mancano i docenti. Conviene candidarsi con la MAD?\" \/>\n<meta property=\"og:description\" content=\"Supplenze scuola: mancano ancora molti docenti. Ma la Messa a Disposizione pu\u00f2 farti davvero ottenere incarichi?\" \/>\n<meta property=\"og:url\" content=\"https:\/\/www.docenti.it\/blog\/supplenze-scuola-mancano-i-docenti-conviene-candidarsi-con-la-mad\/\" \/>\n<meta property=\"og:site_name\" content=\"Blog | Docenti.it\" \/>\n<meta property=\"article:publisher\" content=\"https:\/\/www.facebook.com\/docenti.it\" \/>\n<meta property=\"article:author\" content=\"https:\/\/www.facebook.com\/profile.php?id=1555867670\" \/>\n<meta property=\"article:published_time\" content=\"2022-02-08T15:09:04+00:00\" \/>\n<meta property=\"article:modified_time\" content=\"2022-07-04T11:06:44+00:00\" \/>\n<meta property=\"og:image\" content=\"https:\/\/www.docenti.it\/blog\/wp-content\/uploads\/2022\/02\/thisisengineering-raeng-xZTScJvolYk-unsplash.jpg\" \/>\n\t<meta property=\"og:image:width\" content=\"640\" \/>\n\t<meta property=\"og:image:height\" content=\"427\" \/>\n\t<meta property=\"og:image:type\" content=\"image\/jpeg\" \/>\n<meta name=\"author\" content=\"Martina Vaggi\" \/>\n<meta name=\"twitter:card\" content=\"summary_large_image\" \/>\n<meta name=\"twitter:label1\" content=\"Written by\" \/>\n\t<meta name=\"twitter:data1\" content=\"Martina Vaggi\" \/>\n\t<meta name=\"twitter:label2\" content=\"Est. reading time\" \/>\n\t<meta name=\"twitter:data2\" content=\"6 minuti\" \/>\n<script type=\"application\/ld+json\" class=\"yoast-schema-graph\">{\"@context\":\"https:\/\/schema.org\",\"@graph\":[{\"@type\":\"Article\",\"@id\":\"https:\/\/www.docenti.it\/blog\/supplenze-scuola-mancano-i-docenti-conviene-candidarsi-con-la-mad\/#article\",\"isPartOf\":{\"@id\":\"https:\/\/www.docenti.it\/blog\/supplenze-scuola-mancano-i-docenti-conviene-candidarsi-con-la-mad\/\"},\"author\":{\"name\":\"Martina Vaggi\",\"@id\":\"https:\/\/www.docenti.it\/blog\/#\/schema\/person\/99c2fdaf54e96829fe4ed44da8233688\"},\"headline\":\"Supplenze scuola: mancano i docenti. Conviene candidarsi con la MAD?\",\"datePublished\":\"2022-02-08T15:09:04+00:00\",\"dateModified\":\"2022-07-04T11:06:44+00:00\",\"mainEntityOfPage\":{\"@id\":\"https:\/\/www.docenti.it\/blog\/supplenze-scuola-mancano-i-docenti-conviene-candidarsi-con-la-mad\/\"},\"wordCount\":923,\"commentCount\":0,\"publisher\":{\"@id\":\"https:\/\/www.docenti.it\/blog\/#organization\"},\"keywords\":[\"MAD online\"],\"articleSection\":[\"Messa a Disposizione\"],\"inLanguage\":\"it-IT\",\"potentialAction\":[{\"@type\":\"CommentAction\",\"name\":\"Comment\",\"target\":[\"https:\/\/www.docenti.it\/blog\/supplenze-scuola-mancano-i-docenti-conviene-candidarsi-con-la-mad\/#respond\"]}]},{\"@type\":\"WebPage\",\"@id\":\"https:\/\/www.docenti.it\/blog\/supplenze-scuola-mancano-i-docenti-conviene-candidarsi-con-la-mad\/\",\"url\":\"https:\/\/www.docenti.it\/blog\/supplenze-scuola-mancano-i-docenti-conviene-candidarsi-con-la-mad\/\",\"name\":\"Supplenze scuola: mancano i docenti. Conviene candidarsi con la MAD?\",\"isPartOf\":{\"@id\":\"https:\/\/www.docenti.it\/blog\/#website\"},\"datePublished\":\"2022-02-08T15:09:04+00:00\",\"dateModified\":\"2022-07-04T11:06:44+00:00\",\"description\":\"Supplenze scuola: mancano ancora molti docenti. Ma la Messa a Disposizione pu\u00f2 farti davvero ottenere incarichi?\",\"breadcrumb\":{\"@id\":\"https:\/\/www.docenti.it\/blog\/supplenze-scuola-mancano-i-docenti-conviene-candidarsi-con-la-mad\/#breadcrumb\"},\"inLanguage\":\"it-IT\",\"potentialAction\":[{\"@type\":\"ReadAction\",\"target\":[\"https:\/\/www.docenti.it\/blog\/supplenze-scuola-mancano-i-docenti-conviene-candidarsi-con-la-mad\/\"]}]},{\"@type\":\"BreadcrumbList\",\"@id\":\"https:\/\/www.docenti.it\/blog\/supplenze-scuola-mancano-i-docenti-conviene-candidarsi-con-la-mad\/#breadcrumb\",\"itemListElement\":[{\"@type\":\"ListItem\",\"position\":1,\"name\":\"Home\",\"item\":\"https:\/\/www.docenti.it\/blog\/\"},{\"@type\":\"ListItem\",\"position\":2,\"name\":\"Supplenze scuola: mancano i docenti. Conviene candidarsi con la MAD?\"}]},{\"@type\":\"WebSite\",\"@id\":\"https:\/\/www.docenti.it\/blog\/#website\",\"url\":\"https:\/\/www.docenti.it\/blog\/\",\"name\":\"Blog | Docenti.it\",\"description\":\"Tutte le notizie e gli aggiornamenti dal mondo della scuola\",\"publisher\":{\"@id\":\"https:\/\/www.docenti.it\/blog\/#organization\"},\"potentialAction\":[{\"@type\":\"SearchAction\",\"target\":{\"@type\":\"EntryPoint\",\"urlTemplate\":\"https:\/\/www.docenti.it\/blog\/?s={search_term_string}\"},\"query-input\":\"required name=search_term_string\"}],\"inLanguage\":\"it-IT\"},{\"@type\":\"Organization\",\"@id\":\"https:\/\/www.docenti.it\/blog\/#organization\",\"name\":\"Blog | Docenti.it\",\"url\":\"https:\/\/www.docenti.it\/blog\/\",\"logo\":{\"@type\":\"ImageObject\",\"inLanguage\":\"it-IT\",\"@id\":\"https:\/\/www.docenti.it\/blog\/#\/schema\/logo\/image\/\",\"url\":\"https:\/\/www.docenti.it\/blog\/wp-content\/uploads\/2025\/06\/fb_mad_img.png\",\"contentUrl\":\"https:\/\/www.docenti.it\/blog\/wp-content\/uploads\/2025\/06\/fb_mad_img.png\",\"width\":1140,\"height\":620,\"caption\":\"Blog | Docenti.it\"},\"image\":{\"@id\":\"https:\/\/www.docenti.it\/blog\/#\/schema\/logo\/image\/\"},\"sameAs\":[\"https:\/\/www.facebook.com\/docenti.it\"]},{\"@type\":\"Person\",\"@id\":\"https:\/\/www.docenti.it\/blog\/#\/schema\/person\/99c2fdaf54e96829fe4ed44da8233688\",\"name\":\"Martina Vaggi\",\"image\":{\"@type\":\"ImageObject\",\"inLanguage\":\"it-IT\",\"@id\":\"https:\/\/www.docenti.it\/blog\/#\/schema\/person\/image\/\",\"url\":\"https:\/\/secure.gravatar.com\/avatar\/14a13197979873d693ad915d249e3f54?s=96&d=mm&r=g\",\"contentUrl\":\"https:\/\/secure.gravatar.com\/avatar\/14a13197979873d693ad915d249e3f54?s=96&d=mm&r=g\",\"caption\":\"Martina Vaggi\"},\"description\":\"Classe 1991, copywriter e scrittrice. Nata a Sale, un paesino in provincia di Alessandria. Scrive dall\u2019et\u00e0 di 10 anni. Nel 2015 si laurea in Lettere Moderne presso l\u2019universit\u00e0 di Pavia. Nel 2020 pubblica il suo primo libro \\\"Il diario del silenzio - Storie reali di quarantena\\\" che descrive il processo di cambiamento della vita di 40 persone ai tempi del Covid. Nel 2022 si trasferisce a San Marino per lavorare come copywriter per Docenti.it\",\"sameAs\":[\"https:\/\/pensierisurrealidigentecomune.com\/\",\"https:\/\/www.facebook.com\/profile.php?id=1555867670\",\"https:\/\/www.instagram.com\/martiggi91\/\",\"https:\/\/it.linkedin.com\/in\/martina-vaggi\",\"https:\/\/www.youtube.com\/results?search_query=martina+vaggi\"],\"url\":\"https:\/\/www.docenti.it\/blog\/author\/martina-vaggi\/\"}]}<\/script>\n<!-- \/ Yoast SEO plugin. -->","yoast_head_json":{"title":"Supplenze scuola: mancano i docenti. Conviene candidarsi con la MAD?","description":"Supplenze scuola: mancano ancora molti docenti. Ma la Messa a Disposizione pu\u00f2 farti davvero ottenere incarichi?","robots":{"index":"index","follow":"follow","max-snippet":"max-snippet:-1","max-image-preview":"max-image-preview:large","max-video-preview":"max-video-preview:-1"},"canonical":"https:\/\/www.docenti.it\/blog\/supplenze-scuola-mancano-i-docenti-conviene-candidarsi-con-la-mad\/","og_locale":"it_IT","og_type":"article","og_title":"Supplenze scuola: mancano i docenti. Conviene candidarsi con la MAD?","og_description":"Supplenze scuola: mancano ancora molti docenti. Ma la Messa a Disposizione pu\u00f2 farti davvero ottenere incarichi?","og_url":"https:\/\/www.docenti.it\/blog\/supplenze-scuola-mancano-i-docenti-conviene-candidarsi-con-la-mad\/","og_site_name":"Blog | Docenti.it","article_publisher":"https:\/\/www.facebook.com\/docenti.it","article_author":"https:\/\/www.facebook.com\/profile.php?id=1555867670","article_published_time":"2022-02-08T15:09:04+00:00","article_modified_time":"2022-07-04T11:06:44+00:00","og_image":[{"width":640,"height":427,"url":"https:\/\/www.docenti.it\/blog\/wp-content\/uploads\/2022\/02\/thisisengineering-raeng-xZTScJvolYk-unsplash.jpg","type":"image\/jpeg"}],"author":"Martina Vaggi","twitter_card":"summary_large_image","twitter_misc":{"Written by":"Martina Vaggi","Est. reading time":"6 minuti"},"schema":{"@context":"https:\/\/schema.org","@graph":[{"@type":"Article","@id":"https:\/\/www.docenti.it\/blog\/supplenze-scuola-mancano-i-docenti-conviene-candidarsi-con-la-mad\/#article","isPartOf":{"@id":"https:\/\/www.docenti.it\/blog\/supplenze-scuola-mancano-i-docenti-conviene-candidarsi-con-la-mad\/"},"author":{"name":"Martina Vaggi","@id":"https:\/\/www.docenti.it\/blog\/#\/schema\/person\/99c2fdaf54e96829fe4ed44da8233688"},"headline":"Supplenze scuola: mancano i docenti. Conviene candidarsi con la MAD?","datePublished":"2022-02-08T15:09:04+00:00","dateModified":"2022-07-04T11:06:44+00:00","mainEntityOfPage":{"@id":"https:\/\/www.docenti.it\/blog\/supplenze-scuola-mancano-i-docenti-conviene-candidarsi-con-la-mad\/"},"wordCount":923,"commentCount":0,"publisher":{"@id":"https:\/\/www.docenti.it\/blog\/#organization"},"keywords":["MAD online"],"articleSection":["Messa a Disposizione"],"inLanguage":"it-IT","potentialAction":[{"@type":"CommentAction","name":"Comment","target":["https:\/\/www.docenti.it\/blog\/supplenze-scuola-mancano-i-docenti-conviene-candidarsi-con-la-mad\/#respond"]}]},{"@type":"WebPage","@id":"https:\/\/www.docenti.it\/blog\/supplenze-scuola-mancano-i-docenti-conviene-candidarsi-con-la-mad\/","url":"https:\/\/www.docenti.it\/blog\/supplenze-scuola-mancano-i-docenti-conviene-candidarsi-con-la-mad\/","name":"Supplenze scuola: mancano i docenti. Conviene candidarsi con la MAD?","isPartOf":{"@id":"https:\/\/www.docenti.it\/blog\/#website"},"datePublished":"2022-02-08T15:09:04+00:00","dateModified":"2022-07-04T11:06:44+00:00","description":"Supplenze scuola: mancano ancora molti docenti. Ma la Messa a Disposizione pu\u00f2 farti davvero ottenere incarichi?","breadcrumb":{"@id":"https:\/\/www.docenti.it\/blog\/supplenze-scuola-mancano-i-docenti-conviene-candidarsi-con-la-mad\/#breadcrumb"},"inLanguage":"it-IT","potentialAction":[{"@type":"ReadAction","target":["https:\/\/www.docenti.it\/blog\/supplenze-scuola-mancano-i-docenti-conviene-candidarsi-con-la-mad\/"]}]},{"@type":"BreadcrumbList","@id":"https:\/\/www.docenti.it\/blog\/supplenze-scuola-mancano-i-docenti-conviene-candidarsi-con-la-mad\/#breadcrumb","itemListElement":[{"@type":"ListItem","position":1,"name":"Home","item":"https:\/\/www.docenti.it\/blog\/"},{"@type":"ListItem","position":2,"name":"Supplenze scuola: mancano i docenti. Conviene candidarsi con la MAD?"}]},{"@type":"WebSite","@id":"https:\/\/www.docenti.it\/blog\/#website","url":"https:\/\/www.docenti.it\/blog\/","name":"Blog | Docenti.it","description":"Tutte le notizie e gli aggiornamenti dal mondo della scuola","publisher":{"@id":"https:\/\/www.docenti.it\/blog\/#organization"},"potentialAction":[{"@type":"SearchAction","target":{"@type":"EntryPoint","urlTemplate":"https:\/\/www.docenti.it\/blog\/?s={search_term_string}"},"query-input":"required name=search_term_string"}],"inLanguage":"it-IT"},{"@type":"Organization","@id":"https:\/\/www.docenti.it\/blog\/#organization","name":"Blog | Docenti.it","url":"https:\/\/www.docenti.it\/blog\/","logo":{"@type":"ImageObject","inLanguage":"it-IT","@id":"https:\/\/www.docenti.it\/blog\/#\/schema\/logo\/image\/","url":"https:\/\/www.docenti.it\/blog\/wp-content\/uploads\/2025\/06\/fb_mad_img.png","contentUrl":"https:\/\/www.docenti.it\/blog\/wp-content\/uploads\/2025\/06\/fb_mad_img.png","width":1140,"height":620,"caption":"Blog | Docenti.it"},"image":{"@id":"https:\/\/www.docenti.it\/blog\/#\/schema\/logo\/image\/"},"sameAs":["https:\/\/www.facebook.com\/docenti.it"]},{"@type":"Person","@id":"https:\/\/www.docenti.it\/blog\/#\/schema\/person\/99c2fdaf54e96829fe4ed44da8233688","name":"Martina Vaggi","image":{"@type":"ImageObject","inLanguage":"it-IT","@id":"https:\/\/www.docenti.it\/blog\/#\/schema\/person\/image\/","url":"https:\/\/secure.gravatar.com\/avatar\/14a13197979873d693ad915d249e3f54?s=96&d=mm&r=g","contentUrl":"https:\/\/secure.gravatar.com\/avatar\/14a13197979873d693ad915d249e3f54?s=96&d=mm&r=g","caption":"Martina Vaggi"},"description":"Classe 1991, copywriter e scrittrice. Nata a Sale, un paesino in provincia di Alessandria. Scrive dall\u2019et\u00e0 di 10 anni. Nel 2015 si laurea in Lettere Moderne presso l\u2019universit\u00e0 di Pavia. Nel 2020 pubblica il suo primo libro \"Il diario del silenzio - Storie reali di quarantena\" che descrive il processo di cambiamento della vita di 40 persone ai tempi del Covid. Nel 2022 si trasferisce a San Marino per lavorare come copywriter per Docenti.it","sameAs":["https:\/\/pensierisurrealidigentecomune.com\/","https:\/\/www.facebook.com\/profile.php?id=1555867670","https:\/\/www.instagram.com\/martiggi91\/","https:\/\/it.linkedin.com\/in\/martina-vaggi","https:\/\/www.youtube.com\/results?search_query=martina+vaggi"],"url":"https:\/\/www.docenti.it\/blog\/author\/martina-vaggi\/"}]}},"_links":{"self":[{"href":"https:\/\/www.docenti.it\/blog\/wp-json\/wp\/v2\/posts\/14334"}],"collection":[{"href":"https:\/\/www.docenti.it\/blog\/wp-json\/wp\/v2\/posts"}],"about":[{"href":"https:\/\/www.docenti.it\/blog\/wp-json\/wp\/v2\/types\/post"}],"author":[{"embeddable":true,"href":"https:\/\/www.docenti.it\/blog\/wp-json\/wp\/v2\/users\/21"}],"replies":[{"embeddable":true,"href":"https:\/\/www.docenti.it\/blog\/wp-json\/wp\/v2\/comments?post=14334"}],"version-history":[{"count":67,"href":"https:\/\/www.docenti.it\/blog\/wp-json\/wp\/v2\/posts\/14334\/revisions"}],"predecessor-version":[{"id":28289,"href":"https:\/\/www.docenti.it\/blog\/wp-json\/wp\/v2\/posts\/14334\/revisions\/28289"}],"wp:featuredmedia":[{"embeddable":true,"href":"https:\/\/www.docenti.it\/blog\/wp-json\/wp\/v2\/media\/14431"}],"wp:attachment":[{"href":"https:\/\/www.docenti.it\/blog\/wp-json\/wp\/v2\/media?parent=14334"}],"wp:term":[{"taxonomy":"category","embeddable":true,"href":"https:\/\/www.docenti.it\/blog\/wp-json\/wp\/v2\/categories?post=14334"},{"taxonomy":"post_tag","embeddable":true,"href":"https:\/\/www.docenti.it\/blog\/wp-json\/wp\/v2\/tags?post=14334"}],"curies":[{"name":"wp","href":"https:\/\/api.w.org\/{rel}","templated":true}]}}