{"id":14615,"date":"2022-02-09T15:53:07","date_gmt":"2022-02-09T14:53:07","guid":{"rendered":"https:\/\/www.docenti.it\/blog\/?p=14615"},"modified":"2022-02-09T15:53:08","modified_gmt":"2022-02-09T14:53:08","slug":"dad-scuole-vaccinati-e-non-vaccinati-le-nuove-regole","status":"publish","type":"post","link":"https:\/\/www.docenti.it\/blog\/dad-scuole-vaccinati-e-non-vaccinati-le-nuove-regole\/","title":{"rendered":"DAD scuole: vaccinati e non vaccinati. Le nuove regole"},"content":{"rendered":"\n<p>Dal 7 febbraio sono in vigore nuove regole per la <strong>DAD scuole.<\/strong> <\/p>\n\n\n\n<p>La distinzione fra bambini vaccinati e non vaccinati non piace. <br>Cosa fa discutere?<\/p>\n\n\n\n<p>Ecco le nuove regole che riguardano la <strong>DAD scuole<\/strong>.<\/p>\n\n\n\n<!--more-->\n\n\n\n<h2>DAD scuole: quali sono le nuove disposizioni?<\/h2>\n\n\n\n<p>La situazione contagi continua a preoccupare la penisola e, nello specifico, gli istituti scolastici, dove il virus sembra proliferare a velocit\u00e0 accelerata. <\/p>\n\n\n\n<p>Le <strong>nuove regole<\/strong> che riguardano le classi destinate a finire in didattica a distanza sono entrate in vigore da luned\u00ec 7 febbraio. <\/p>\n\n\n\n<p>Di seguito le vediamo nei dettagli.<\/p>\n\n\n\n<h3>Scuola dell&#8217;infanzia:<\/h3>\n\n\n\n<p>Vediamo la situazione per la scuola dell&#8217;infanzia.<\/p>\n\n\n\n<p>Fino a quando le classi vedono le lezioni in presenza?<\/p>\n\n\n\n<ul><li><strong>Fino a quattro positivi in classe<\/strong> non sono necessari provvedimenti se i bambini sono asintomatici. <br>In caso di sintomi, \u00e8 necessario sottoporsi ad un test antigenico o molecolare. <br>Il rientro in classe potr\u00e0 avvenire dopo un test negativo e senza certificato medico;<\/li><li><strong>con cinque o pi\u00f9 positivit\u00e0 nella classe<\/strong>: tutti gli alunni sono in <strong>DAD <\/strong>per cinque giorni. <br>La sospensione delle attivit\u00e0 avviene se l\u2019accertamento del quinto caso di positivit\u00e0 si verifica entro cinque giorni dall\u2019accertamento del caso precedente.<\/li><\/ul>\n\n\n\n<h3>Scuola primaria:<\/h3>\n\n\n\n<p>Ecco, invece, quali regole valgono per la primaria:<\/p>\n\n\n\n<ul><li><strong>fino a quattro positivit\u00e0<\/strong>: le lezioni proseguono in presenza con l&#8217;obbligo di indossare la mascherina FFP2 fino al decimo giorno dall&#8217;ultimo contatto stretto con un positivo. <br>Si effettua un test antigenico o molecolare con la comparsa dei sintomi e, se si \u00e8 ancora sintomatici, anche al quinto giorno successivo alla data dell&#8217;ultimo contatto.<br>La negativit\u00e0 comprovata con test autosomministrato si pu\u00f2 comunicare con autocertificazione;<\/li><li><strong>con cinque o pi\u00f9 casi<\/strong>: si attiva la <strong>DAD<\/strong> solo per chi non ha completato l&#8217;ultimo ciclo di vaccinazione primaria o \u00e8 guarito da pi\u00f9 di 120 giorni. <br>Questa procedura si applica se\u00a0il quinto caso di positivit\u00e0 si verifica entro cinque giorni dall\u2019accertamento del caso precedente. <\/li><\/ul>\n\n\n\n<h3>Scuole Secondarie di Primo e Secondo Grado e Istituti Professionali<\/h3>\n\n\n\n<p>In questo caso, invece, la situazione \u00e8 ben diversa:<\/p>\n\n\n\n<ul><li><strong>con un caso di positivit\u00e0<\/strong>: le lezioni proseguono in presenza con l&#8217;obbligo di indossare la mascherina FFP2 fino al decimo giorno dall&#8217;ultimo contatto stretto con un positivo. <br>Si effettua un test antigenico o molecolare con la comparsa dei sintomi e, se si \u00e8 ancora sintomatici, anche al quinto giorno successivo alla data dell&#8217;ultimo contatto. La negativit\u00e0 comprovata con test autosomministrato si pu\u00f2 comunicare con autocertificazione.<\/li><li><strong>con due o pi\u00f9 casi<\/strong>: si attiva la <strong>DAD <\/strong>solo per chi non ha completato l&#8217;ultimo ciclo di vaccinazione primaria o \u00e8 guarito da pi\u00f9 di 120 giorni. Questa procedura si applica se\u00a0il secondo caso di positivit\u00e0 si verifica entro cinque giorni dall\u2019accertamento del primo. <\/li><\/ul>\n\n\n\n<h2>Vaccinati e non vaccinati: la distinzione nella scuola primaria<\/h2>\n\n\n\n<p><strong>L&#8217;attivazione della DAD per i bambini non vaccinati ha sollevato molte polemiche. <\/strong><\/p>\n\n\n\n<p>Per molti, questa distinzione \u00e8 discriminatoria e non adeguata ad una fascia d&#8217;et\u00e0 cos\u00ec bassa. Anche i Sottosegretari Sasso e Floridia sono contrari.<\/p>\n\n\n\n<p>Sasso afferma:<\/p>\n\n\n\n<blockquote class=\"wp-block-quote\"><p><em>&#8220;Inaccettabile discriminazione fra studenti vaccinati e non. Provvedimento grave&#8221;<\/em><\/p><cite>Fonte: OrizzonteScuola<\/cite><\/blockquote>\n\n\n\n<p>Ma esistono soluzioni diverse o alternative?<\/p>\n\n\n\n<h3>Un modo per incentivare la vaccinazione<\/h3>\n\n\n\n<p>Sergio Abrignani, membro del Comitato Tecnico Scientifico, ha affermato che <strong>il tasso di vaccinazione \u00e8 ancora molto basso nella fascia d&#8217;et\u00e0 che va dai 5 agli 11 anni.<\/strong><\/p>\n\n\n\n<p>In un&#8217;intervista rilasciata al Corriere della Sera dice: <em>&#8220;La speranza \u00e8 che, con le nuove norme sulla scuola, le famiglie si sentano incentivate. I bambini immunizzati non andranno in didattica a distanza, una specie di premio per loro stessi e per i genitori&#8221;<\/em>.<\/p>\n\n\n\n<p>Leggi anche:<\/p>\n\n\n\n<ul><li><a href=\"https:\/\/www.docenti.it\/blog\/insegnante-no-vax-rientra-a-scuola-cosa-succede-al-supplente-che-lo-sostituisce\/\">I<\/a><a href=\"https:\/\/www.docenti.it\/blog\/insegnante-no-vax-rientra-a-scuola-cosa-succede-al-supplente-che-lo-sostituisce\/\" target=\"_blank\" rel=\"noreferrer noopener\">nsegnante no vax rientra a scuola: cosa succede al supplente che lo sostituisce?<\/a><\/li><li><a href=\"https:\/\/www.docenti.it\/blog\/docenti-sospesi-esenzione-vaccino-fino-al-28-febbraio-quali-dati-deve-contenere-la-certificazione\/\" target=\"_blank\" rel=\"noreferrer noopener\">Docenti sospesi: esenzione vaccino fino al 28 febbraio. Quali dati deve contenere la certificazione<\/a><\/li><li><a href=\"https:\/\/www.docenti.it\/blog\/vaccino-obbligatorio-studenti-troppe-classi-in-dad-il-green-pass-non-basta\/\" target=\"_blank\" rel=\"noreferrer noopener\">Vaccino obbligatorio studenti: troppe classi in DAD, il Green Pass non basta<\/a><\/li><\/ul>\n\n\n\n<p>Photo credit: <a href=\"http:\/\/www.pexels.com\" target=\"_blank\" rel=\"noreferrer noopener\">pexels.com<\/a><\/p>\n","protected":false},"excerpt":{"rendered":"<p>Dal 7 febbraio sono in vigore nuove regole per la DAD scuole. La distinzione [&hellip;]<\/p>\n","protected":false},"author":22,"featured_media":14645,"comment_status":"open","ping_status":"open","sticky":false,"template":"","format":"standard","meta":[],"categories":[4],"tags":[92,237],"yoast_head":"<!-- This site is optimized with the Yoast SEO plugin v20.4 - https:\/\/yoast.com\/wordpress\/plugins\/seo\/ -->\n<title>DAD scuole: vaccinati e non vaccinati. Le nuove regole<\/title>\n<meta name=\"description\" content=\"Dad scuole: nuove regole. La distinzione fra vaccinati e non vaccinati fa discutere: cosa succede nella scuola primaria?\" \/>\n<meta name=\"robots\" content=\"index, follow, max-snippet:-1, max-image-preview:large, max-video-preview:-1\" \/>\n<link rel=\"canonical\" href=\"https:\/\/www.docenti.it\/blog\/dad-scuole-vaccinati-e-non-vaccinati-le-nuove-regole\/\" \/>\n<meta property=\"og:locale\" content=\"it_IT\" \/>\n<meta property=\"og:type\" content=\"article\" \/>\n<meta property=\"og:title\" content=\"DAD scuole: vaccinati e non vaccinati. Le nuove regole\" \/>\n<meta property=\"og:description\" content=\"Dad scuole: nuove regole. La distinzione fra vaccinati e non vaccinati fa discutere: cosa succede nella scuola primaria?\" \/>\n<meta property=\"og:url\" content=\"https:\/\/www.docenti.it\/blog\/dad-scuole-vaccinati-e-non-vaccinati-le-nuove-regole\/\" \/>\n<meta property=\"og:site_name\" content=\"Blog | Docenti.it\" \/>\n<meta property=\"article:publisher\" content=\"https:\/\/www.facebook.com\/docenti.it\" \/>\n<meta property=\"article:published_time\" content=\"2022-02-09T14:53:07+00:00\" \/>\n<meta property=\"article:modified_time\" content=\"2022-02-09T14:53:08+00:00\" \/>\n<meta property=\"og:image\" content=\"https:\/\/www.docenti.it\/blog\/wp-content\/uploads\/2022\/02\/pexels-julia-m-cameron-4144294.jpg\" \/>\n\t<meta property=\"og:image:width\" content=\"640\" \/>\n\t<meta property=\"og:image:height\" content=\"427\" \/>\n\t<meta property=\"og:image:type\" content=\"image\/jpeg\" \/>\n<meta name=\"author\" content=\"Veronica Conti\" \/>\n<meta name=\"twitter:card\" content=\"summary_large_image\" \/>\n<meta name=\"twitter:label1\" content=\"Written by\" \/>\n\t<meta name=\"twitter:data1\" content=\"Veronica Conti\" \/>\n\t<meta name=\"twitter:label2\" content=\"Est. reading time\" \/>\n\t<meta name=\"twitter:data2\" content=\"3 minuti\" \/>\n<script type=\"application\/ld+json\" class=\"yoast-schema-graph\">{\"@context\":\"https:\/\/schema.org\",\"@graph\":[{\"@type\":\"Article\",\"@id\":\"https:\/\/www.docenti.it\/blog\/dad-scuole-vaccinati-e-non-vaccinati-le-nuove-regole\/#article\",\"isPartOf\":{\"@id\":\"https:\/\/www.docenti.it\/blog\/dad-scuole-vaccinati-e-non-vaccinati-le-nuove-regole\/\"},\"author\":{\"name\":\"Veronica Conti\",\"@id\":\"https:\/\/www.docenti.it\/blog\/#\/schema\/person\/db2692c75b023bba5319018ede576846\"},\"headline\":\"DAD scuole: vaccinati e non vaccinati. Le nuove regole\",\"datePublished\":\"2022-02-09T14:53:07+00:00\",\"dateModified\":\"2022-02-09T14:53:08+00:00\",\"mainEntityOfPage\":{\"@id\":\"https:\/\/www.docenti.it\/blog\/dad-scuole-vaccinati-e-non-vaccinati-le-nuove-regole\/\"},\"wordCount\":623,\"commentCount\":0,\"publisher\":{\"@id\":\"https:\/\/www.docenti.it\/blog\/#organization\"},\"keywords\":[\"News scuola\",\"vaccino scuola\"],\"articleSection\":[\"News\"],\"inLanguage\":\"it-IT\",\"potentialAction\":[{\"@type\":\"CommentAction\",\"name\":\"Comment\",\"target\":[\"https:\/\/www.docenti.it\/blog\/dad-scuole-vaccinati-e-non-vaccinati-le-nuove-regole\/#respond\"]}]},{\"@type\":\"WebPage\",\"@id\":\"https:\/\/www.docenti.it\/blog\/dad-scuole-vaccinati-e-non-vaccinati-le-nuove-regole\/\",\"url\":\"https:\/\/www.docenti.it\/blog\/dad-scuole-vaccinati-e-non-vaccinati-le-nuove-regole\/\",\"name\":\"DAD scuole: vaccinati e non vaccinati. Le nuove regole\",\"isPartOf\":{\"@id\":\"https:\/\/www.docenti.it\/blog\/#website\"},\"datePublished\":\"2022-02-09T14:53:07+00:00\",\"dateModified\":\"2022-02-09T14:53:08+00:00\",\"description\":\"Dad scuole: nuove regole. La distinzione fra vaccinati e non vaccinati fa discutere: cosa succede nella scuola primaria?\",\"breadcrumb\":{\"@id\":\"https:\/\/www.docenti.it\/blog\/dad-scuole-vaccinati-e-non-vaccinati-le-nuove-regole\/#breadcrumb\"},\"inLanguage\":\"it-IT\",\"potentialAction\":[{\"@type\":\"ReadAction\",\"target\":[\"https:\/\/www.docenti.it\/blog\/dad-scuole-vaccinati-e-non-vaccinati-le-nuove-regole\/\"]}]},{\"@type\":\"BreadcrumbList\",\"@id\":\"https:\/\/www.docenti.it\/blog\/dad-scuole-vaccinati-e-non-vaccinati-le-nuove-regole\/#breadcrumb\",\"itemListElement\":[{\"@type\":\"ListItem\",\"position\":1,\"name\":\"Home\",\"item\":\"https:\/\/www.docenti.it\/blog\/\"},{\"@type\":\"ListItem\",\"position\":2,\"name\":\"DAD scuole: vaccinati e non vaccinati. Le nuove regole\"}]},{\"@type\":\"WebSite\",\"@id\":\"https:\/\/www.docenti.it\/blog\/#website\",\"url\":\"https:\/\/www.docenti.it\/blog\/\",\"name\":\"Blog | Docenti.it\",\"description\":\"Tutte le notizie e gli aggiornamenti dal mondo della scuola\",\"publisher\":{\"@id\":\"https:\/\/www.docenti.it\/blog\/#organization\"},\"potentialAction\":[{\"@type\":\"SearchAction\",\"target\":{\"@type\":\"EntryPoint\",\"urlTemplate\":\"https:\/\/www.docenti.it\/blog\/?s={search_term_string}\"},\"query-input\":\"required name=search_term_string\"}],\"inLanguage\":\"it-IT\"},{\"@type\":\"Organization\",\"@id\":\"https:\/\/www.docenti.it\/blog\/#organization\",\"name\":\"Blog | Docenti.it\",\"url\":\"https:\/\/www.docenti.it\/blog\/\",\"logo\":{\"@type\":\"ImageObject\",\"inLanguage\":\"it-IT\",\"@id\":\"https:\/\/www.docenti.it\/blog\/#\/schema\/logo\/image\/\",\"url\":\"https:\/\/www.docenti.it\/blog\/wp-content\/uploads\/2025\/06\/fb_mad_img.png\",\"contentUrl\":\"https:\/\/www.docenti.it\/blog\/wp-content\/uploads\/2025\/06\/fb_mad_img.png\",\"width\":1140,\"height\":620,\"caption\":\"Blog | Docenti.it\"},\"image\":{\"@id\":\"https:\/\/www.docenti.it\/blog\/#\/schema\/logo\/image\/\"},\"sameAs\":[\"https:\/\/www.facebook.com\/docenti.it\"]},{\"@type\":\"Person\",\"@id\":\"https:\/\/www.docenti.it\/blog\/#\/schema\/person\/db2692c75b023bba5319018ede576846\",\"name\":\"Veronica Conti\",\"image\":{\"@type\":\"ImageObject\",\"inLanguage\":\"it-IT\",\"@id\":\"https:\/\/www.docenti.it\/blog\/#\/schema\/person\/image\/\",\"url\":\"https:\/\/secure.gravatar.com\/avatar\/9709c2e092989f0e61eda04e2d96c120?s=96&d=mm&r=g\",\"contentUrl\":\"https:\/\/secure.gravatar.com\/avatar\/9709c2e092989f0e61eda04e2d96c120?s=96&d=mm&r=g\",\"caption\":\"Veronica Conti\"},\"description\":\"Classe 1998, \u00e8 studentessa e insegnante di musica. Ha conseguito il Diploma di Violoncello nel 2018 e, due anni dopo, il Diploma Accademico di II Livello in Violoncello presso il Conservatorio di Cesena. Frequenta il terzo anno all'universit\u00e0 di Urbino, Lingue e Culture Straniere profilo linguistico-aziendale, ed \u00e8 tirocinante presso Docenti.it.\",\"url\":\"https:\/\/www.docenti.it\/blog\/author\/veronica-conti\/\"}]}<\/script>\n<!-- \/ Yoast SEO plugin. -->","yoast_head_json":{"title":"DAD scuole: vaccinati e non vaccinati. Le nuove regole","description":"Dad scuole: nuove regole. La distinzione fra vaccinati e non vaccinati fa discutere: cosa succede nella scuola primaria?","robots":{"index":"index","follow":"follow","max-snippet":"max-snippet:-1","max-image-preview":"max-image-preview:large","max-video-preview":"max-video-preview:-1"},"canonical":"https:\/\/www.docenti.it\/blog\/dad-scuole-vaccinati-e-non-vaccinati-le-nuove-regole\/","og_locale":"it_IT","og_type":"article","og_title":"DAD scuole: vaccinati e non vaccinati. Le nuove regole","og_description":"Dad scuole: nuove regole. La distinzione fra vaccinati e non vaccinati fa discutere: cosa succede nella scuola primaria?","og_url":"https:\/\/www.docenti.it\/blog\/dad-scuole-vaccinati-e-non-vaccinati-le-nuove-regole\/","og_site_name":"Blog | Docenti.it","article_publisher":"https:\/\/www.facebook.com\/docenti.it","article_published_time":"2022-02-09T14:53:07+00:00","article_modified_time":"2022-02-09T14:53:08+00:00","og_image":[{"width":640,"height":427,"url":"https:\/\/www.docenti.it\/blog\/wp-content\/uploads\/2022\/02\/pexels-julia-m-cameron-4144294.jpg","type":"image\/jpeg"}],"author":"Veronica Conti","twitter_card":"summary_large_image","twitter_misc":{"Written by":"Veronica Conti","Est. reading time":"3 minuti"},"schema":{"@context":"https:\/\/schema.org","@graph":[{"@type":"Article","@id":"https:\/\/www.docenti.it\/blog\/dad-scuole-vaccinati-e-non-vaccinati-le-nuove-regole\/#article","isPartOf":{"@id":"https:\/\/www.docenti.it\/blog\/dad-scuole-vaccinati-e-non-vaccinati-le-nuove-regole\/"},"author":{"name":"Veronica Conti","@id":"https:\/\/www.docenti.it\/blog\/#\/schema\/person\/db2692c75b023bba5319018ede576846"},"headline":"DAD scuole: vaccinati e non vaccinati. Le nuove regole","datePublished":"2022-02-09T14:53:07+00:00","dateModified":"2022-02-09T14:53:08+00:00","mainEntityOfPage":{"@id":"https:\/\/www.docenti.it\/blog\/dad-scuole-vaccinati-e-non-vaccinati-le-nuove-regole\/"},"wordCount":623,"commentCount":0,"publisher":{"@id":"https:\/\/www.docenti.it\/blog\/#organization"},"keywords":["News scuola","vaccino scuola"],"articleSection":["News"],"inLanguage":"it-IT","potentialAction":[{"@type":"CommentAction","name":"Comment","target":["https:\/\/www.docenti.it\/blog\/dad-scuole-vaccinati-e-non-vaccinati-le-nuove-regole\/#respond"]}]},{"@type":"WebPage","@id":"https:\/\/www.docenti.it\/blog\/dad-scuole-vaccinati-e-non-vaccinati-le-nuove-regole\/","url":"https:\/\/www.docenti.it\/blog\/dad-scuole-vaccinati-e-non-vaccinati-le-nuove-regole\/","name":"DAD scuole: vaccinati e non vaccinati. Le nuove regole","isPartOf":{"@id":"https:\/\/www.docenti.it\/blog\/#website"},"datePublished":"2022-02-09T14:53:07+00:00","dateModified":"2022-02-09T14:53:08+00:00","description":"Dad scuole: nuove regole. La distinzione fra vaccinati e non vaccinati fa discutere: cosa succede nella scuola primaria?","breadcrumb":{"@id":"https:\/\/www.docenti.it\/blog\/dad-scuole-vaccinati-e-non-vaccinati-le-nuove-regole\/#breadcrumb"},"inLanguage":"it-IT","potentialAction":[{"@type":"ReadAction","target":["https:\/\/www.docenti.it\/blog\/dad-scuole-vaccinati-e-non-vaccinati-le-nuove-regole\/"]}]},{"@type":"BreadcrumbList","@id":"https:\/\/www.docenti.it\/blog\/dad-scuole-vaccinati-e-non-vaccinati-le-nuove-regole\/#breadcrumb","itemListElement":[{"@type":"ListItem","position":1,"name":"Home","item":"https:\/\/www.docenti.it\/blog\/"},{"@type":"ListItem","position":2,"name":"DAD scuole: vaccinati e non vaccinati. Le nuove regole"}]},{"@type":"WebSite","@id":"https:\/\/www.docenti.it\/blog\/#website","url":"https:\/\/www.docenti.it\/blog\/","name":"Blog | Docenti.it","description":"Tutte le notizie e gli aggiornamenti dal mondo della scuola","publisher":{"@id":"https:\/\/www.docenti.it\/blog\/#organization"},"potentialAction":[{"@type":"SearchAction","target":{"@type":"EntryPoint","urlTemplate":"https:\/\/www.docenti.it\/blog\/?s={search_term_string}"},"query-input":"required name=search_term_string"}],"inLanguage":"it-IT"},{"@type":"Organization","@id":"https:\/\/www.docenti.it\/blog\/#organization","name":"Blog | Docenti.it","url":"https:\/\/www.docenti.it\/blog\/","logo":{"@type":"ImageObject","inLanguage":"it-IT","@id":"https:\/\/www.docenti.it\/blog\/#\/schema\/logo\/image\/","url":"https:\/\/www.docenti.it\/blog\/wp-content\/uploads\/2025\/06\/fb_mad_img.png","contentUrl":"https:\/\/www.docenti.it\/blog\/wp-content\/uploads\/2025\/06\/fb_mad_img.png","width":1140,"height":620,"caption":"Blog | Docenti.it"},"image":{"@id":"https:\/\/www.docenti.it\/blog\/#\/schema\/logo\/image\/"},"sameAs":["https:\/\/www.facebook.com\/docenti.it"]},{"@type":"Person","@id":"https:\/\/www.docenti.it\/blog\/#\/schema\/person\/db2692c75b023bba5319018ede576846","name":"Veronica Conti","image":{"@type":"ImageObject","inLanguage":"it-IT","@id":"https:\/\/www.docenti.it\/blog\/#\/schema\/person\/image\/","url":"https:\/\/secure.gravatar.com\/avatar\/9709c2e092989f0e61eda04e2d96c120?s=96&d=mm&r=g","contentUrl":"https:\/\/secure.gravatar.com\/avatar\/9709c2e092989f0e61eda04e2d96c120?s=96&d=mm&r=g","caption":"Veronica Conti"},"description":"Classe 1998, \u00e8 studentessa e insegnante di musica. Ha conseguito il Diploma di Violoncello nel 2018 e, due anni dopo, il Diploma Accademico di II Livello in Violoncello presso il Conservatorio di Cesena. Frequenta il terzo anno all'universit\u00e0 di Urbino, Lingue e Culture Straniere profilo linguistico-aziendale, ed \u00e8 tirocinante presso Docenti.it.","url":"https:\/\/www.docenti.it\/blog\/author\/veronica-conti\/"}]}},"_links":{"self":[{"href":"https:\/\/www.docenti.it\/blog\/wp-json\/wp\/v2\/posts\/14615"}],"collection":[{"href":"https:\/\/www.docenti.it\/blog\/wp-json\/wp\/v2\/posts"}],"about":[{"href":"https:\/\/www.docenti.it\/blog\/wp-json\/wp\/v2\/types\/post"}],"author":[{"embeddable":true,"href":"https:\/\/www.docenti.it\/blog\/wp-json\/wp\/v2\/users\/22"}],"replies":[{"embeddable":true,"href":"https:\/\/www.docenti.it\/blog\/wp-json\/wp\/v2\/comments?post=14615"}],"version-history":[{"count":33,"href":"https:\/\/www.docenti.it\/blog\/wp-json\/wp\/v2\/posts\/14615\/revisions"}],"predecessor-version":[{"id":14675,"href":"https:\/\/www.docenti.it\/blog\/wp-json\/wp\/v2\/posts\/14615\/revisions\/14675"}],"wp:featuredmedia":[{"embeddable":true,"href":"https:\/\/www.docenti.it\/blog\/wp-json\/wp\/v2\/media\/14645"}],"wp:attachment":[{"href":"https:\/\/www.docenti.it\/blog\/wp-json\/wp\/v2\/media?parent=14615"}],"wp:term":[{"taxonomy":"category","embeddable":true,"href":"https:\/\/www.docenti.it\/blog\/wp-json\/wp\/v2\/categories?post=14615"},{"taxonomy":"post_tag","embeddable":true,"href":"https:\/\/www.docenti.it\/blog\/wp-json\/wp\/v2\/tags?post=14615"}],"curies":[{"name":"wp","href":"https:\/\/api.w.org\/{rel}","templated":true}]}}