{"id":14676,"date":"2022-02-11T07:23:00","date_gmt":"2022-02-11T06:23:00","guid":{"rendered":"https:\/\/www.docenti.it\/blog\/?p=14676"},"modified":"2022-02-10T15:48:47","modified_gmt":"2022-02-10T14:48:47","slug":"riapertura-graduatorie-scuola-non-puoi-migliorare-la-tua-posizione-da-solo-incattedra","status":"publish","type":"post","link":"https:\/\/www.docenti.it\/blog\/riapertura-graduatorie-scuola-non-puoi-migliorare-la-tua-posizione-da-solo-incattedra\/","title":{"rendered":"Riapertura graduatorie scuola: non puoi migliorare la tua posizione da solo"},"content":{"rendered":"\n<p>Riapertura graduatorie scuola: spesso pensiamo che non possiamo cambiare il sistema ma il sistema siamo noi.<\/p>\n\n\n\n<p>E se vuoi cambiare le situazioni esterne, devi partire da te stesso. <\/p>\n\n\n\n<p>Inizia a fare qualcosa per migliorare la tua posizione in GPS a prescindere da quando ci sar\u00e0 la <strong>riapertura graduatorie scuola. <\/strong><\/p>\n\n\n\n<!--more-->\n\n\n\n<h2>Riapertura graduatorie scuola: quando sar\u00e0?<\/h2>\n\n\n\n<p>Ne abbiamo gi\u00e0 parlato molte volte. <br>Lo sai.<\/p>\n\n\n\n<p>Talmente tante che sarai stufo di sentirlo, ormai. <\/p>\n\n\n\n<p class=\"has-text-align-center\"><em><strong>Noi non possiamo ancora dirti con esattezza quando ci sar\u00e0 <\/strong><\/em><br><em><strong>la riapertura graduatorie scuola.<\/strong><\/em><\/p>\n\n\n\n<p>E come possiamo saperlo noi&#8230;<br>&#8230; Se nemmeno il Ministero lo sa?<\/p>\n\n\n\n<p>Ecco, appunto. <\/p>\n\n\n\n<p>Per\u00f2, ci teniamo a metterti al corrente delle ultime &#8220;voci di corridoio&#8221;:<\/p>\n\n\n\n<p class=\"has-text-align-center\"><em><strong>Si vocifera che sar\u00e0 possibile presentare domanda per la riapertura delle graduatorie entro maggio. <\/strong><\/em><\/p>\n\n\n\n<p>Ovviamente, si tratta di &#8220;voci&#8221;, quindi non c\u2019\u00e8 ancora nulla di certo. <\/p>\n\n\n\n<p class=\"has-text-align-center\"><em><strong>Se sei un docente esperto, oramai ti sarai abituato: <br>a vivere nell&#8217;incertezza, a non sapere mai quale sar\u00e0 il tuo futuro e&#8230;<\/strong><\/em><\/p>\n\n\n\n<p class=\"has-text-align-center\"><strong><em>&#8230; A ricevere le notizie sull&#8217;imminente riapertura delle graduatorie <br>con solo due settimane di anticipo dalla data effettiva. <\/em><\/strong><\/p>\n\n\n\n<p>Sono cose gi\u00e0 accadute in passato, se ben ricordi. <br>Quindi&#8230; cosa ti fa pensare che questa volta sar\u00e0 diverso?<\/p>\n\n\n\n<p>Si, adesso il Miur sembra deciso a rinviare le GPS, ma cosa ti fa credere che non cambier\u00e0 nuovamente idea a giugno?<br>Annunciando la data di riapertura poco prima e ufficializzando le procedure online (che, se sono come negli anni passati, nella migliore delle ipotesi hai davanti a te un bel guaio da affrontare). <\/p>\n\n\n\n<p class=\"has-text-align-center\"><strong><em>Per questo, vogliamo dirti con sincerit\u00e0 che \u00e8 bene che tu sia preparato <br>a qualunque colpo di scena ti si presenter\u00e0 davanti. <\/em><\/strong><\/p>\n\n\n\n<p class=\"has-text-align-center\"><strong>\u00c8 molto probabile che nel mese di giugno in soli venti giorni di tempo <br>il Miur cercher\u00e0 di aggiornare le graduatorie, <br>con tutte le conseguenze caotiche che questo fatto comporter\u00e0 per te<\/strong><br><strong> e per tutti gli aspiranti docenti come te<\/strong>. <\/p>\n\n\n\n<p>Per questo motivo, devi assolutamente avvantaggiarti rispetto ai tempi, anche perch\u00e9, francamente dobbiamo anticiparti che&#8230; <\/p>\n\n\n\n<p class=\"has-text-align-center\"><em><strong>&#8230; Il tempo per prepararti al meglio per il prossimo aggiornamento graduatorie \u00e8 poco. <\/strong><\/em><\/p>\n\n\n\n<p>Sarai perfettamente in grado anche tu di contare sulle dita di una mano, come noi, tanto da capire che da qui a giugno i tempi sono veramente molto molto stretti. <\/p>\n\n\n\n<p>Ma a prescindere da quanto avverr\u00e0 veramente la riapertura, <strong>tu ora devi concentrarti su quello che davvero conta per te, ovvero: prepararti al meglio. <\/strong><\/p>\n\n\n\n<p>Non importa se la realt\u00e0 esterna non ti sta dando le certezze che vorresti.<br>A volte il pi\u00f9 grande sbaglio che facciamo tutti noi \u00e8 quello di pretendere e chiedere che l&#8217;esterno cambi, quando, in realt\u00e0, dobbiamo essere noi i primi a farlo. <\/p>\n\n\n\n<p>Vedendo la situazione di estrema incertezza attuale, se tu decidi di accomodarti sulla poltrona e non fare pi\u00f9 nulla e svegliarti solo a giugno per scoprire che il Ministero ha deciso di riaprire le graduatorie a sorpresa, a quel punto, tu sarai l&#8217;unico da biasimare. <\/p>\n\n\n\n<p>Perch\u00e9 sono mesi che ti diciamo che devi avere un piano B, che devi muoverti in anticipo perch\u00e9 nel mondo scuola non si sa mai cosa pu\u00f2 succedere&#8230; <\/p>\n\n\n\n<p>Per questo, a prescindere da quando verr\u00e0 fatto l&#8217;aggiornamento, tu devi iniziare fin da ora a prepararti. <\/p>\n\n\n\n<p>Ma vediamo in che modo puoi farlo. <\/p>\n\n\n\n<p class=\"has-text-align-center\"><em><strong>Hai una Laurea magistrale?<\/strong><\/em><\/p>\n\n\n\n<p class=\"has-text-align-center\"><em><strong>Allora clicca qui e incomincia a&#8230;<\/strong><\/em><\/p>\n\n\n<p>[maxbutton id=&#8221;1&#8243; url=&#8221;https:\/\/docenti.it\/in-cattedra\/richiesta.html?lnk=104&#8243; text=&#8221;Scoprire InCattedra&#8221; ]<\/p>\n\n\n\n<p><\/p>\n\n\n\n<figure class=\"wp-block-image size-full\"><img decoding=\"async\" loading=\"lazy\" width=\"640\" height=\"427\" src=\"https:\/\/www.docenti.it\/blog\/wp-content\/uploads\/2022\/02\/gr-stocks-Iq9SaJezkOE-unsplash.jpg\" alt=\"riapertura graduatorie scuola\" class=\"wp-image-14768\" srcset=\"https:\/\/www.docenti.it\/blog\/wp-content\/uploads\/2022\/02\/gr-stocks-Iq9SaJezkOE-unsplash.jpg 640w, https:\/\/www.docenti.it\/blog\/wp-content\/uploads\/2022\/02\/gr-stocks-Iq9SaJezkOE-unsplash-300x200.jpg 300w, https:\/\/www.docenti.it\/blog\/wp-content\/uploads\/2022\/02\/gr-stocks-Iq9SaJezkOE-unsplash-600x400.jpg 600w\" sizes=\"(max-width: 640px) 100vw, 640px\" \/><\/figure>\n\n\n\n<h3>Hai bisogno di una strategia: ma quale?<\/h3>\n\n\n\n<p>Quello che \u00e8 chiaro (almeno, a noi) \u00e8 che non puoi andare all&#8217;arrembaggio. <\/p>\n\n\n\n<p>Non puoi pensare di riuscire a fare tutto quello che devi per aumentare il tuo posizionamento in graduatoria (se sei gi\u00e0 inserito) o iscriverti al meglio in cosi pochi mesi. <\/p>\n\n\n\n<p class=\"has-text-align-center\"><strong><em>Devi procedere per step, o meglio: <br><\/em><\/strong><em><strong>devi avere di fronte a te una guida che ti indichi i passi giusti da compiere.<\/strong><\/em><\/p>\n\n\n\n<p>Anche perch\u00e9, la faccenda che riguarda la riapertura graduatorie scuola \u00e8 complicata: le voci che circolano sono tante ma, soprattutto, sono tantissimi i docenti gi\u00e0 inseriti. <br>E solo 700mila sono quelli che si devono ancora inserire. <\/p>\n\n\n\n<p>Per cui, capisci bene che se attualmente tu godi di un punteggio nella media, beh&#8230;<br>Ci duole dirti che non basta, in questo caso. <br>Faresti meglio a puntare sull&#8217;eccellenza. <\/p>\n\n\n\n<p>Se poi, hai un punteggio veramente basso, che comprende solo il voto di laurea, allora la faccenda qui diventa drammatica. <\/p>\n\n\n\n<p>Anche perch\u00e9, dobbiamo dirti che&#8230;<\/p>\n\n\n\n<p class=\"has-text-align-center\"><strong><em>&#8230; Se rimani con il tuo punteggio attuale, tu non otterrai MAI convocazioni!<\/em><\/strong><\/p>\n\n\n\n<p class=\"has-text-align-center\"><em><strong>\u00c8 molto importante che tu lo sappia, <br>dal momento che il punteggio con il quale sei posizionato nelle graduatorie provinciali <br>\u00e8 molto determinante per la tua situazione lavorativa futura.<\/strong><\/em><\/p>\n\n\n\n<p>Ma ormai l&#8217;avrai capito. <\/p>\n\n\n\n<p>Ma ecco un&#8217;altra cosa che dovresti capire&#8230;<\/p>\n\n\n\n<p>&#8230; Per poter aumentare il tuo punteggio in graduatoria non ti serve soltanto frequentare corsi o conseguire Master: questo \u00e8 il percorso che TUTTI ti consigliano di fare, senza in realt\u00e0 dirti veramente come stanno le cose.<\/p>\n\n\n\n<p>Perch\u00e9 la verit\u00e0 \u00e8 TUTTI gli aspiranti docenti si concentrano su questo aspetto\u2026<br>\u2026 Tralasciando per\u00f2 una cosa molto importante.<\/p>\n\n\n\n<p>Se ci focalizziamo sul compiere le stesse azioni, il risultato non sar\u00e0 uguale per ognuno di noi: ci sar\u00e0 una piccola porzione di persone che arriver\u00e0 prima, mentre il resto del mondo\u2026<br>\u2026 Rester\u00e0 indietro.<br>Ad assistere ai successi degli altri.<\/p>\n\n\n\n<p class=\"has-text-align-center\"><em><strong>La verit\u00e0, che nessuno ti dice, \u00e8 questa: quando tutti seguono la stessa identica strada, <br><\/strong><\/em><strong>tu devi crearti un percorso alternativo se vuoi veramente AVVANTAGGIARTI rispetto agli altri.<\/strong><\/p>\n\n\n\n<p>Infatti, vista la quantit\u00e0 infinita di docenti gi\u00e0 iscritta nelle graduatorie GPS, la tua unica chance di ottenere incarichi deve incentrarsi su un unico obiettivo:<\/p>\n\n\n\n<p class=\"has-text-align-center\"><strong><em><a href=\"https:\/\/www.docenti.it\/in-cattedra.html?lnk=104\" target=\"_blank\" rel=\"noreferrer noopener\">avere una strategia.<\/a><\/em><\/strong><\/p>\n\n\n\n<p>Una strategia che ti permetta di <strong>pensare fuori dagli schemi<\/strong> e di guardare dove nessun altro guarda.<\/p>\n\n\n\n<p>E per poterlo fare non puoi continuare a fare quello che fanno tutti: conseguire Master, Corsi di Perfezionamento e certificazioni informatiche e linguistiche.<\/p>\n\n\n\n<p class=\"has-text-align-center\"><strong><em>Questo sistema ormai \u00e8 superato, non basta pi\u00f9!<\/em><\/strong><\/p>\n\n\n\n<p>Per poter superare gli altri candidati devi ampliare i tuoi orizzonti.<\/p>\n\n\n\n<p><em>In che modo?<\/em><\/p>\n\n\n\n<p class=\"has-text-align-center\"><strong><em>Scoprendo su quale provincia potresti ottenere un posizionamento migliore<br>per la tua situazione specifica.<\/em><\/strong><\/p>\n\n\n<p>[maxbutton id=&#8221;1&#8243; url=&#8221;https:\/\/docenti.it\/in-cattedra\/richiesta.html?lnk=104&#8243; text=&#8221;Scopri InCattedra&#8221; ]<\/p>\n\n\n\n<p><\/p>\n\n\n\n<h3>Chi ti indica la provincia migliore in cui inserirti?<\/h3>\n\n\n\n<p>Se tutti sentono che su Perugia vi \u00e8 richiesta di docenti con Classe di Concorso A22 (Italiano, storia, geografia, nella scuola secondaria&nbsp;<strong>di<\/strong>&nbsp;I grado), tutti si inseriranno l\u00ec.<\/p>\n\n\n\n<p>Allo stesso modo: ci sono Classi di Concorso e citt\u00e0 dove \u00e8 assolutamente sconsigliabile inserirsi. <\/p>\n\n\n\n<p>Un esempio?<br>Su Milano, ci sono gi\u00e0 15mila persone inserite con la A46.<\/p>\n\n\n\n<p>La A46 (scienze giuridico-economiche) \u00e8 una CdC molto satura e Milano \u00e8 una provincia enorme: di conseguenza, l&#8217;unico modo in cui potresti ottenere convocazioni a queste condizioni \u00e8 avere un punteggio altissimo.<br>Se non \u00e8 cosi, ti consigliamo gi\u00e0 fin da ora di lasciare perdere. <\/p>\n\n\n\n<p class=\"has-text-align-center\"><em><strong>Ci sono sicuramente persone che non possono viverla cos\u00ec semplice. <br><\/strong><\/em><strong><em>Forse tu non puoi spostarti. Magari non puoi lasciare la tua famiglia. <\/em><\/strong><\/p>\n\n\n\n<p class=\"has-text-align-center\"><em><strong>Eppure, se vuoi davvero insegnare certi sacrifici devi essere disposto a farli. <\/strong><\/em><\/p>\n\n\n\n<p>Ti ricordi di Michela?<br>Ne avevamo parlato qualche mese fa in un articolo (puoi leggere qui <strong><a href=\"https:\/\/www.docenti.it\/blog\/come-diventare-insegnante-dalle-mad-allinserimento-in-gps-la-storia-di-michela-incattedra\/\" target=\"_blank\" rel=\"noreferrer noopener\">la sua storia<\/a><\/strong>): anche Michela era in questa situazione. Viveva su Rimini ma l\u00ec non c&#8217;erano possibilit\u00e0 per lei.<\/p>\n\n\n\n<p><em>E cos\u00ec cos&#8217;ha fatto?<\/em><\/p>\n\n\n\n<p><strong><a href=\"https:\/\/www.docenti.it\/in-cattedra.html?lnk=104\" target=\"_blank\" rel=\"noreferrer noopener\">Ha richiesto una consulenza<\/a><\/strong> e uno dei nostri consulenti le ha indicato qual era la via pi\u00f9 corretta per lei: qualche tempo dopo, Michela si \u00e8 inserita su Bergamo e, dopo pochissimo tempo, ha ricevuto una convocazione per insegnare l\u00ec.<\/p>\n\n\n\n<p>Il resto \u00e8 storia. La sua storia. <\/p>\n\n\n\n<p><em>E la tua?<br>Non vuoi che anche la tua sia cos\u00ec?<\/em><\/p>\n\n\n\n<figure class=\"wp-block-image size-full\"><img decoding=\"async\" loading=\"lazy\" width=\"640\" height=\"427\" src=\"https:\/\/www.docenti.it\/blog\/wp-content\/uploads\/2022\/02\/reuben-juarez-C4sxVxcXEQg-unsplash.jpg\" alt=\"riapertura graduatorie scuola\" class=\"wp-image-14770\" srcset=\"https:\/\/www.docenti.it\/blog\/wp-content\/uploads\/2022\/02\/reuben-juarez-C4sxVxcXEQg-unsplash.jpg 640w, https:\/\/www.docenti.it\/blog\/wp-content\/uploads\/2022\/02\/reuben-juarez-C4sxVxcXEQg-unsplash-300x200.jpg 300w, https:\/\/www.docenti.it\/blog\/wp-content\/uploads\/2022\/02\/reuben-juarez-C4sxVxcXEQg-unsplash-600x400.jpg 600w\" sizes=\"(max-width: 640px) 100vw, 640px\" \/><\/figure>\n\n\n\n<p>Non vuoi avere anche tu assistenza, un consulente che sia disponibile a offrirti un&#8217;ora di consulenza telefonica personalizzata sulla base della tua situazione specifica?<\/p>\n\n\n\n<p>E non vorresti <a href=\"https:\/\/www.docenti.it\/in-cattedra.html?lnk=104\" target=\"_blank\" rel=\"noreferrer noopener\">ricevere indicazioni chiare e concise con un report <\/a>che ti indichi in quali 6 province potresti posizionarti al meglio e ottenere subito una convocazione?<\/p>\n\n\n\n<p class=\"has-text-align-center\"><em><strong>Se la risposta a tutte queste domande \u00e8 &#8220;si&#8221;, allora&#8230;<\/strong><\/em><\/p>\n\n\n<p>[maxbutton id=&#8221;1&#8243; url=&#8221;https:\/\/docenti.it\/in-cattedra\/richiesta.html?lnk=104&#8243; text=&#8221;Scopri InCattedra&#8221; ]<\/p>\n\n\n\n<p><\/p>\n\n\n\n<h2>Gratis o a pagamento: qual \u00e8 la differenza?<\/h2>\n\n\n\n<p>Ovviamente, il servizio <strong><a href=\"https:\/\/www.docenti.it\/in-cattedra.html?lnk=104\" target=\"_blank\" rel=\"noreferrer noopener\">InCattedra <\/a><\/strong>non \u00e8 gratuito. <\/p>\n\n\n\n<p>Non l&#8217;abbiamo specificato fino ad ora, ma avresti dovuto immaginartelo. <\/p>\n\n\n\n<p><strong><a href=\"https:\/\/www.docenti.it\/in-cattedra.html?lnk=104\" target=\"_blank\" rel=\"noreferrer noopener\">InCattedra<\/a><\/strong> non \u00e8 gratis.<br>E come avrebbe potuto?<\/p>\n\n\n\n<p class=\"has-text-align-center\"><em><strong>In questi 6 anni abbiamo aiutato oltre migliaia di docenti e neolaureati <\/strong><\/em><br><em><strong>ad entrare nel mondo scuola. <\/strong><\/em><\/p>\n\n\n\n<p>Se lo avessimo fatto gratis, che razza di assistenza avremmo potuto darti?<br>E che razza di servizio avremmo potuto trasmetterti?<\/p>\n\n\n\n<p>Certo, c\u2019\u00e8 chi lo fa gratis. <br>E dal momento che noi non abbiamo niente da nascondere, te lo diciamo chiaramente: il sindacato lo fa gratis. <\/p>\n\n\n\n<p>Se vai da un sindacato, ti indica qual \u00e8 la tua posizione attuale in graduatoria.<\/p>\n\n\n\n<p>Peccato che&#8230;<\/p>\n\n\n\n<p>&#8230; Per il sindacato tu non sia nessuno. <br>Sei solo un numero, l&#8217;ennesimo, che gonfia le infinite fila di persone che tutti i santi giorni si recano l\u00ec per avere risposte ai loro problemi.<\/p>\n\n\n\n<p>Sei solo un peso, capisci?<br>Al sindacato tu convieni per via della tessera, certo&#8230; Ma poi?<br>Che assistenza pensi che siano in grado di darti?<\/p>\n\n\n\n<p>Pensi che potrebbero mai dedicarti un&#8217;ora di consulenza?<br>Sul serio?<br>Pensi che avrebbero il tempo di farti una proiezione delle 6 migliori province in cui posizionarti al meglio?<\/p>\n\n\n\n<p>No, no e ancora&#8230; no.<\/p>\n\n\n\n<p class=\"has-text-align-center\"><em><strong>Il sindacato non sa nulla di che cosa sia necessario fare per poter accedere al mondo scuola. <\/strong><\/em><\/p>\n\n\n\n<p>Se non ci credi, puoi recarti ad un sindacato e verificare di persona.<br>Nel mentre, se non ti dispiace, ti riepiloghiamo i motivi per i quali dovresti affidarti ad <strong><a href=\"https:\/\/www.docenti.it\/in-cattedra.html?lnk=104\" target=\"_blank\" rel=\"noreferrer noopener\">InCattedra<\/a><\/strong>.<\/p>\n\n\n\n<p>Questo protocollo ti consentir\u00e0 di:<\/p>\n\n\n\n<ol type=\"1\"><li><strong>ottenere una consulenza telefonica di un\u2019ora con uno dei nostri consulenti esperti<\/strong>, che ti indicher\u00e0 la migliore strategia da attuare per scalare le graduatorie;<\/li><li><strong>verificare la tua posizione attuale in graduatoria e quella che avrai<\/strong>, se seguirai i nostri consigli;<\/li><li><strong>vedere con i tuoi occhi quale posizionamento potrai ottenere su 6 diverse province!<\/strong><\/li><\/ol>\n\n\n\n<p>Ma ricorda: puoi fare <strong><a href=\"https:\/\/www.docenti.it\/in-cattedra.html?lnk=104\" target=\"_blank\" rel=\"noreferrer noopener\">InCattedra<\/a><\/strong>&#8230; solo se hai una Laurea magistrale.<br>Altrimenti non ti \u00e8 possibile. <\/p>\n\n\n\n<p><strong>Per inserirti in graduatoria hai bisogno di una Laurea magistrale completa e dei 24 CFU per l&#8217;insegnamento. <\/strong><\/p>\n\n\n\n<p>Ma non solo. <br>Questa rappresenta la parte finale del percorso, quella dell&#8217;inserimento in graduatoria. <br>Prima di arrivare a questo&#8230; c\u2019\u00e8 tutta una parte centrale, decisiva: quella che deriva dai passi che farai per poter arrivare alle graduatorie GPS preparato e al massimo del tuo potenziale!<\/p>\n\n\n\n<p class=\"has-text-align-center\"><em><strong>Non devi pensare che sia impossibile riuscire ad ottenere il meglio dalla tua situazione.<\/strong><\/em><\/p>\n\n\n\n<p>Anche se la tua situazione appare &#8220;disperata&#8221;.<br>Anche hai perso fiducia nel sistema, nelle istituzioni che regolano il mondo scuola e lo rendono un groviglio caotico di decisioni comunicate all&#8217;ultimo. <\/p>\n\n\n\n<p>Non pensare che sia impossibile. <\/p>\n\n\n\n<p><strong>Spesso, infatti, nutriamo la consapevolezza che non possiamo cambiare il sistema, ma il sistema siamo noi. <\/strong><\/p>\n\n\n\n<p class=\"has-text-align-left\">E per cambiare le cose dobbiamo partire da noi stessi. <br>Non esiste altro modo. <\/p>\n\n\n\n<p class=\"has-text-align-center\"><strong><em>Per cui&#8230; fai qualcosa ORA per migliorare la tua posizione in graduatoria, <\/em><\/strong><br><strong><em>a prescindere da quando sar\u00e0 la riapertura. <\/em><\/strong><br><strong><em><br>Puoi iniziare da qui.<\/em><\/strong><\/p>\n\n\n<p>[maxbutton id=&#8221;1&#8243; url=&#8221;https:\/\/docenti.it\/in-cattedra\/richiesta.html?lnk=104&#8243; text=&#8221;Scopri InCattedra&#8221; ]<\/p>\n\n\n\n<p><\/p>\n\n\n\n<p>Leggi anche:<\/p>\n\n\n\n<ul><li><a href=\"https:\/\/www.docenti.it\/blog\/riapertura-graduatorie-scuola-2022-sasso-siamo-a-buon-punto-incattedra\/\" target=\"_blank\" rel=\"noreferrer noopener\">Riapertura graduatorie scuola 2022, Sasso: \u201cSiamo a buon punto\u201d<\/a><\/li><li><a href=\"https:\/\/www.docenti.it\/blog\/graduatorie-scuola-come-funziona-il-reclutamento-docenti-incattedra\/\" target=\"_blank\" rel=\"noreferrer noopener\">Graduatorie scuola: come funziona il reclutamento docenti<\/a><\/li><li><a href=\"https:\/\/www.docenti.it\/blog\/graduatorie-gps-ottenere-una-convocazione-conta-cosi-poco-per-te-incattedra\/\" target=\"_blank\" rel=\"noreferrer noopener\">Graduatorie GPS: ottenere una convocazione conta cos\u00ec poco per te?<\/a><\/li><\/ul>\n\n\n\n<p>Photo credit: <a href=\"https:\/\/unsplash.com\/\" target=\"_blank\" rel=\"noreferrer noopener\">Unsplash<\/a>.<\/p>\n","protected":false},"excerpt":{"rendered":"<p>Riapertura graduatorie scuola: spesso pensiamo che non possiamo cambiare il sistema ma il sistema [&hellip;]<\/p>\n","protected":false},"author":21,"featured_media":14680,"comment_status":"open","ping_status":"open","sticky":false,"template":"","format":"standard","meta":[],"categories":[5,233],"tags":[86],"yoast_head":"<!-- This site is optimized with the Yoast SEO plugin v20.4 - https:\/\/yoast.com\/wordpress\/plugins\/seo\/ -->\n<title>Riapertura graduatorie scuola: non puoi migliorare la tua posizione da solo<\/title>\n<meta name=\"description\" content=\"Se vuoi davvero cambiare le cose, inizia da te. Fai qualcosa per migliorare la tua posizione per la riapertura graduatorie scuola.\" \/>\n<meta name=\"robots\" content=\"index, follow, max-snippet:-1, max-image-preview:large, max-video-preview:-1\" \/>\n<link rel=\"canonical\" href=\"https:\/\/www.docenti.it\/blog\/riapertura-graduatorie-scuola-non-puoi-migliorare-la-tua-posizione-da-solo-incattedra\/\" \/>\n<meta property=\"og:locale\" content=\"it_IT\" \/>\n<meta property=\"og:type\" content=\"article\" \/>\n<meta property=\"og:title\" content=\"Riapertura graduatorie scuola: non puoi migliorare la tua posizione da solo\" \/>\n<meta property=\"og:description\" content=\"Se vuoi davvero cambiare le cose, inizia da te. Fai qualcosa per migliorare la tua posizione per la riapertura graduatorie scuola.\" \/>\n<meta property=\"og:url\" content=\"https:\/\/www.docenti.it\/blog\/riapertura-graduatorie-scuola-non-puoi-migliorare-la-tua-posizione-da-solo-incattedra\/\" \/>\n<meta property=\"og:site_name\" content=\"Blog | Docenti.it\" \/>\n<meta property=\"article:publisher\" content=\"https:\/\/www.facebook.com\/docenti.it\" \/>\n<meta property=\"article:author\" content=\"https:\/\/www.facebook.com\/profile.php?id=1555867670\" \/>\n<meta property=\"article:published_time\" content=\"2022-02-11T06:23:00+00:00\" \/>\n<meta property=\"article:modified_time\" content=\"2022-02-10T14:48:47+00:00\" \/>\n<meta property=\"og:image\" content=\"https:\/\/www.docenti.it\/blog\/wp-content\/uploads\/2022\/02\/sigmund-HsTnjCVQ798-unsplash.jpg\" \/>\n\t<meta property=\"og:image:width\" content=\"640\" \/>\n\t<meta property=\"og:image:height\" content=\"427\" \/>\n\t<meta property=\"og:image:type\" content=\"image\/jpeg\" \/>\n<meta name=\"author\" content=\"Martina Vaggi\" \/>\n<meta name=\"twitter:card\" content=\"summary_large_image\" \/>\n<meta name=\"twitter:label1\" content=\"Written by\" \/>\n\t<meta name=\"twitter:data1\" content=\"Martina Vaggi\" \/>\n\t<meta name=\"twitter:label2\" content=\"Est. reading time\" \/>\n\t<meta name=\"twitter:data2\" content=\"9 minuti\" \/>\n<script type=\"application\/ld+json\" class=\"yoast-schema-graph\">{\"@context\":\"https:\/\/schema.org\",\"@graph\":[{\"@type\":\"Article\",\"@id\":\"https:\/\/www.docenti.it\/blog\/riapertura-graduatorie-scuola-non-puoi-migliorare-la-tua-posizione-da-solo-incattedra\/#article\",\"isPartOf\":{\"@id\":\"https:\/\/www.docenti.it\/blog\/riapertura-graduatorie-scuola-non-puoi-migliorare-la-tua-posizione-da-solo-incattedra\/\"},\"author\":{\"name\":\"Martina Vaggi\",\"@id\":\"https:\/\/www.docenti.it\/blog\/#\/schema\/person\/99c2fdaf54e96829fe4ed44da8233688\"},\"headline\":\"Riapertura graduatorie scuola: non puoi migliorare la tua posizione da solo\",\"datePublished\":\"2022-02-11T06:23:00+00:00\",\"dateModified\":\"2022-02-10T14:48:47+00:00\",\"mainEntityOfPage\":{\"@id\":\"https:\/\/www.docenti.it\/blog\/riapertura-graduatorie-scuola-non-puoi-migliorare-la-tua-posizione-da-solo-incattedra\/\"},\"wordCount\":1836,\"commentCount\":0,\"publisher\":{\"@id\":\"https:\/\/www.docenti.it\/blog\/#organization\"},\"keywords\":[\"aggiornamento graduatorie GPS\"],\"articleSection\":[\"Graduatorie scuola\",\"InCattedra\"],\"inLanguage\":\"it-IT\",\"potentialAction\":[{\"@type\":\"CommentAction\",\"name\":\"Comment\",\"target\":[\"https:\/\/www.docenti.it\/blog\/riapertura-graduatorie-scuola-non-puoi-migliorare-la-tua-posizione-da-solo-incattedra\/#respond\"]}]},{\"@type\":\"WebPage\",\"@id\":\"https:\/\/www.docenti.it\/blog\/riapertura-graduatorie-scuola-non-puoi-migliorare-la-tua-posizione-da-solo-incattedra\/\",\"url\":\"https:\/\/www.docenti.it\/blog\/riapertura-graduatorie-scuola-non-puoi-migliorare-la-tua-posizione-da-solo-incattedra\/\",\"name\":\"Riapertura graduatorie scuola: non puoi migliorare la tua posizione da solo\",\"isPartOf\":{\"@id\":\"https:\/\/www.docenti.it\/blog\/#website\"},\"datePublished\":\"2022-02-11T06:23:00+00:00\",\"dateModified\":\"2022-02-10T14:48:47+00:00\",\"description\":\"Se vuoi davvero cambiare le cose, inizia da te. Fai qualcosa per migliorare la tua posizione per la riapertura graduatorie scuola.\",\"breadcrumb\":{\"@id\":\"https:\/\/www.docenti.it\/blog\/riapertura-graduatorie-scuola-non-puoi-migliorare-la-tua-posizione-da-solo-incattedra\/#breadcrumb\"},\"inLanguage\":\"it-IT\",\"potentialAction\":[{\"@type\":\"ReadAction\",\"target\":[\"https:\/\/www.docenti.it\/blog\/riapertura-graduatorie-scuola-non-puoi-migliorare-la-tua-posizione-da-solo-incattedra\/\"]}]},{\"@type\":\"BreadcrumbList\",\"@id\":\"https:\/\/www.docenti.it\/blog\/riapertura-graduatorie-scuola-non-puoi-migliorare-la-tua-posizione-da-solo-incattedra\/#breadcrumb\",\"itemListElement\":[{\"@type\":\"ListItem\",\"position\":1,\"name\":\"Home\",\"item\":\"https:\/\/www.docenti.it\/blog\/\"},{\"@type\":\"ListItem\",\"position\":2,\"name\":\"Riapertura graduatorie scuola: non puoi migliorare la tua posizione da solo\"}]},{\"@type\":\"WebSite\",\"@id\":\"https:\/\/www.docenti.it\/blog\/#website\",\"url\":\"https:\/\/www.docenti.it\/blog\/\",\"name\":\"Blog | Docenti.it\",\"description\":\"Tutte le notizie e gli aggiornamenti dal mondo della scuola\",\"publisher\":{\"@id\":\"https:\/\/www.docenti.it\/blog\/#organization\"},\"potentialAction\":[{\"@type\":\"SearchAction\",\"target\":{\"@type\":\"EntryPoint\",\"urlTemplate\":\"https:\/\/www.docenti.it\/blog\/?s={search_term_string}\"},\"query-input\":\"required name=search_term_string\"}],\"inLanguage\":\"it-IT\"},{\"@type\":\"Organization\",\"@id\":\"https:\/\/www.docenti.it\/blog\/#organization\",\"name\":\"Blog | Docenti.it\",\"url\":\"https:\/\/www.docenti.it\/blog\/\",\"logo\":{\"@type\":\"ImageObject\",\"inLanguage\":\"it-IT\",\"@id\":\"https:\/\/www.docenti.it\/blog\/#\/schema\/logo\/image\/\",\"url\":\"https:\/\/www.docenti.it\/blog\/wp-content\/uploads\/2025\/06\/fb_mad_img.png\",\"contentUrl\":\"https:\/\/www.docenti.it\/blog\/wp-content\/uploads\/2025\/06\/fb_mad_img.png\",\"width\":1140,\"height\":620,\"caption\":\"Blog | Docenti.it\"},\"image\":{\"@id\":\"https:\/\/www.docenti.it\/blog\/#\/schema\/logo\/image\/\"},\"sameAs\":[\"https:\/\/www.facebook.com\/docenti.it\"]},{\"@type\":\"Person\",\"@id\":\"https:\/\/www.docenti.it\/blog\/#\/schema\/person\/99c2fdaf54e96829fe4ed44da8233688\",\"name\":\"Martina Vaggi\",\"image\":{\"@type\":\"ImageObject\",\"inLanguage\":\"it-IT\",\"@id\":\"https:\/\/www.docenti.it\/blog\/#\/schema\/person\/image\/\",\"url\":\"https:\/\/secure.gravatar.com\/avatar\/14a13197979873d693ad915d249e3f54?s=96&d=mm&r=g\",\"contentUrl\":\"https:\/\/secure.gravatar.com\/avatar\/14a13197979873d693ad915d249e3f54?s=96&d=mm&r=g\",\"caption\":\"Martina Vaggi\"},\"description\":\"Classe 1991, copywriter e scrittrice. Nata a Sale, un paesino in provincia di Alessandria. Scrive dall\u2019et\u00e0 di 10 anni. Nel 2015 si laurea in Lettere Moderne presso l\u2019universit\u00e0 di Pavia. Nel 2020 pubblica il suo primo libro \\\"Il diario del silenzio - Storie reali di quarantena\\\" che descrive il processo di cambiamento della vita di 40 persone ai tempi del Covid. Nel 2022 si trasferisce a San Marino per lavorare come copywriter per Docenti.it\",\"sameAs\":[\"https:\/\/pensierisurrealidigentecomune.com\/\",\"https:\/\/www.facebook.com\/profile.php?id=1555867670\",\"https:\/\/www.instagram.com\/martiggi91\/\",\"https:\/\/it.linkedin.com\/in\/martina-vaggi\",\"https:\/\/www.youtube.com\/results?search_query=martina+vaggi\"],\"url\":\"https:\/\/www.docenti.it\/blog\/author\/martina-vaggi\/\"}]}<\/script>\n<!-- \/ Yoast SEO plugin. -->","yoast_head_json":{"title":"Riapertura graduatorie scuola: non puoi migliorare la tua posizione da solo","description":"Se vuoi davvero cambiare le cose, inizia da te. Fai qualcosa per migliorare la tua posizione per la riapertura graduatorie scuola.","robots":{"index":"index","follow":"follow","max-snippet":"max-snippet:-1","max-image-preview":"max-image-preview:large","max-video-preview":"max-video-preview:-1"},"canonical":"https:\/\/www.docenti.it\/blog\/riapertura-graduatorie-scuola-non-puoi-migliorare-la-tua-posizione-da-solo-incattedra\/","og_locale":"it_IT","og_type":"article","og_title":"Riapertura graduatorie scuola: non puoi migliorare la tua posizione da solo","og_description":"Se vuoi davvero cambiare le cose, inizia da te. Fai qualcosa per migliorare la tua posizione per la riapertura graduatorie scuola.","og_url":"https:\/\/www.docenti.it\/blog\/riapertura-graduatorie-scuola-non-puoi-migliorare-la-tua-posizione-da-solo-incattedra\/","og_site_name":"Blog | Docenti.it","article_publisher":"https:\/\/www.facebook.com\/docenti.it","article_author":"https:\/\/www.facebook.com\/profile.php?id=1555867670","article_published_time":"2022-02-11T06:23:00+00:00","article_modified_time":"2022-02-10T14:48:47+00:00","og_image":[{"width":640,"height":427,"url":"https:\/\/www.docenti.it\/blog\/wp-content\/uploads\/2022\/02\/sigmund-HsTnjCVQ798-unsplash.jpg","type":"image\/jpeg"}],"author":"Martina Vaggi","twitter_card":"summary_large_image","twitter_misc":{"Written by":"Martina Vaggi","Est. reading time":"9 minuti"},"schema":{"@context":"https:\/\/schema.org","@graph":[{"@type":"Article","@id":"https:\/\/www.docenti.it\/blog\/riapertura-graduatorie-scuola-non-puoi-migliorare-la-tua-posizione-da-solo-incattedra\/#article","isPartOf":{"@id":"https:\/\/www.docenti.it\/blog\/riapertura-graduatorie-scuola-non-puoi-migliorare-la-tua-posizione-da-solo-incattedra\/"},"author":{"name":"Martina Vaggi","@id":"https:\/\/www.docenti.it\/blog\/#\/schema\/person\/99c2fdaf54e96829fe4ed44da8233688"},"headline":"Riapertura graduatorie scuola: non puoi migliorare la tua posizione da solo","datePublished":"2022-02-11T06:23:00+00:00","dateModified":"2022-02-10T14:48:47+00:00","mainEntityOfPage":{"@id":"https:\/\/www.docenti.it\/blog\/riapertura-graduatorie-scuola-non-puoi-migliorare-la-tua-posizione-da-solo-incattedra\/"},"wordCount":1836,"commentCount":0,"publisher":{"@id":"https:\/\/www.docenti.it\/blog\/#organization"},"keywords":["aggiornamento graduatorie GPS"],"articleSection":["Graduatorie scuola","InCattedra"],"inLanguage":"it-IT","potentialAction":[{"@type":"CommentAction","name":"Comment","target":["https:\/\/www.docenti.it\/blog\/riapertura-graduatorie-scuola-non-puoi-migliorare-la-tua-posizione-da-solo-incattedra\/#respond"]}]},{"@type":"WebPage","@id":"https:\/\/www.docenti.it\/blog\/riapertura-graduatorie-scuola-non-puoi-migliorare-la-tua-posizione-da-solo-incattedra\/","url":"https:\/\/www.docenti.it\/blog\/riapertura-graduatorie-scuola-non-puoi-migliorare-la-tua-posizione-da-solo-incattedra\/","name":"Riapertura graduatorie scuola: non puoi migliorare la tua posizione da solo","isPartOf":{"@id":"https:\/\/www.docenti.it\/blog\/#website"},"datePublished":"2022-02-11T06:23:00+00:00","dateModified":"2022-02-10T14:48:47+00:00","description":"Se vuoi davvero cambiare le cose, inizia da te. Fai qualcosa per migliorare la tua posizione per la riapertura graduatorie scuola.","breadcrumb":{"@id":"https:\/\/www.docenti.it\/blog\/riapertura-graduatorie-scuola-non-puoi-migliorare-la-tua-posizione-da-solo-incattedra\/#breadcrumb"},"inLanguage":"it-IT","potentialAction":[{"@type":"ReadAction","target":["https:\/\/www.docenti.it\/blog\/riapertura-graduatorie-scuola-non-puoi-migliorare-la-tua-posizione-da-solo-incattedra\/"]}]},{"@type":"BreadcrumbList","@id":"https:\/\/www.docenti.it\/blog\/riapertura-graduatorie-scuola-non-puoi-migliorare-la-tua-posizione-da-solo-incattedra\/#breadcrumb","itemListElement":[{"@type":"ListItem","position":1,"name":"Home","item":"https:\/\/www.docenti.it\/blog\/"},{"@type":"ListItem","position":2,"name":"Riapertura graduatorie scuola: non puoi migliorare la tua posizione da solo"}]},{"@type":"WebSite","@id":"https:\/\/www.docenti.it\/blog\/#website","url":"https:\/\/www.docenti.it\/blog\/","name":"Blog | Docenti.it","description":"Tutte le notizie e gli aggiornamenti dal mondo della scuola","publisher":{"@id":"https:\/\/www.docenti.it\/blog\/#organization"},"potentialAction":[{"@type":"SearchAction","target":{"@type":"EntryPoint","urlTemplate":"https:\/\/www.docenti.it\/blog\/?s={search_term_string}"},"query-input":"required name=search_term_string"}],"inLanguage":"it-IT"},{"@type":"Organization","@id":"https:\/\/www.docenti.it\/blog\/#organization","name":"Blog | Docenti.it","url":"https:\/\/www.docenti.it\/blog\/","logo":{"@type":"ImageObject","inLanguage":"it-IT","@id":"https:\/\/www.docenti.it\/blog\/#\/schema\/logo\/image\/","url":"https:\/\/www.docenti.it\/blog\/wp-content\/uploads\/2025\/06\/fb_mad_img.png","contentUrl":"https:\/\/www.docenti.it\/blog\/wp-content\/uploads\/2025\/06\/fb_mad_img.png","width":1140,"height":620,"caption":"Blog | Docenti.it"},"image":{"@id":"https:\/\/www.docenti.it\/blog\/#\/schema\/logo\/image\/"},"sameAs":["https:\/\/www.facebook.com\/docenti.it"]},{"@type":"Person","@id":"https:\/\/www.docenti.it\/blog\/#\/schema\/person\/99c2fdaf54e96829fe4ed44da8233688","name":"Martina Vaggi","image":{"@type":"ImageObject","inLanguage":"it-IT","@id":"https:\/\/www.docenti.it\/blog\/#\/schema\/person\/image\/","url":"https:\/\/secure.gravatar.com\/avatar\/14a13197979873d693ad915d249e3f54?s=96&d=mm&r=g","contentUrl":"https:\/\/secure.gravatar.com\/avatar\/14a13197979873d693ad915d249e3f54?s=96&d=mm&r=g","caption":"Martina Vaggi"},"description":"Classe 1991, copywriter e scrittrice. Nata a Sale, un paesino in provincia di Alessandria. Scrive dall\u2019et\u00e0 di 10 anni. Nel 2015 si laurea in Lettere Moderne presso l\u2019universit\u00e0 di Pavia. Nel 2020 pubblica il suo primo libro \"Il diario del silenzio - Storie reali di quarantena\" che descrive il processo di cambiamento della vita di 40 persone ai tempi del Covid. Nel 2022 si trasferisce a San Marino per lavorare come copywriter per Docenti.it","sameAs":["https:\/\/pensierisurrealidigentecomune.com\/","https:\/\/www.facebook.com\/profile.php?id=1555867670","https:\/\/www.instagram.com\/martiggi91\/","https:\/\/it.linkedin.com\/in\/martina-vaggi","https:\/\/www.youtube.com\/results?search_query=martina+vaggi"],"url":"https:\/\/www.docenti.it\/blog\/author\/martina-vaggi\/"}]}},"_links":{"self":[{"href":"https:\/\/www.docenti.it\/blog\/wp-json\/wp\/v2\/posts\/14676"}],"collection":[{"href":"https:\/\/www.docenti.it\/blog\/wp-json\/wp\/v2\/posts"}],"about":[{"href":"https:\/\/www.docenti.it\/blog\/wp-json\/wp\/v2\/types\/post"}],"author":[{"embeddable":true,"href":"https:\/\/www.docenti.it\/blog\/wp-json\/wp\/v2\/users\/21"}],"replies":[{"embeddable":true,"href":"https:\/\/www.docenti.it\/blog\/wp-json\/wp\/v2\/comments?post=14676"}],"version-history":[{"count":90,"href":"https:\/\/www.docenti.it\/blog\/wp-json\/wp\/v2\/posts\/14676\/revisions"}],"predecessor-version":[{"id":14975,"href":"https:\/\/www.docenti.it\/blog\/wp-json\/wp\/v2\/posts\/14676\/revisions\/14975"}],"wp:featuredmedia":[{"embeddable":true,"href":"https:\/\/www.docenti.it\/blog\/wp-json\/wp\/v2\/media\/14680"}],"wp:attachment":[{"href":"https:\/\/www.docenti.it\/blog\/wp-json\/wp\/v2\/media?parent=14676"}],"wp:term":[{"taxonomy":"category","embeddable":true,"href":"https:\/\/www.docenti.it\/blog\/wp-json\/wp\/v2\/categories?post=14676"},{"taxonomy":"post_tag","embeddable":true,"href":"https:\/\/www.docenti.it\/blog\/wp-json\/wp\/v2\/tags?post=14676"}],"curies":[{"name":"wp","href":"https:\/\/api.w.org\/{rel}","templated":true}]}}