{"id":14993,"date":"2022-02-11T17:59:47","date_gmt":"2022-02-11T16:59:47","guid":{"rendered":"https:\/\/www.docenti.it\/blog\/?p=14993"},"modified":"2022-02-11T17:59:47","modified_gmt":"2022-02-11T16:59:47","slug":"graduatorie-gps-anief-bisogna-utilizzarle-a-pieno","status":"publish","type":"post","link":"https:\/\/www.docenti.it\/blog\/graduatorie-gps-anief-bisogna-utilizzarle-a-pieno\/","title":{"rendered":"Graduatorie GPS, Anief: &#8220;Bisogna utilizzarle a pieno&#8221;"},"content":{"rendered":"\n<p>Torniamo a parlare di <strong>graduatorie GPS<\/strong>.<\/p>\n\n\n\n<p>Il presidente di Anief, Marcello Pacifico, ne contesta l&#8217;<strong>utilizzo limitato<\/strong>.<\/p>\n\n\n\n<p>Non solo: \u00e8 al vaglio un emendamento al decreto Milleproroghe per le immissioni in ruolo sul sostegno. <\/p>\n\n\n\n<p>Ma quali sono le richieste di Anief?<\/p>\n\n\n\n<!--more-->\n\n\n\n<h2>Graduatorie GPS: cosa sta succedendo?<\/h2>\n\n\n\n<p>Il sindacato Anief torna a parlare dell&#8217;assunzione dei docenti e denuncia, nel comunicato del 10 febbraio, <strong>l&#8217;utilizzo limitato delle GPS alla sola prima fascia. <\/strong><\/p>\n\n\n\n<p>Il sistema delle graduatorie GPS ha fatto molto discutere. <\/p>\n\n\n\n<p class=\"has-text-align-center\"><em><strong>Si parla infatti da vari giorni della riapertura delle graduatorie per l&#8217;estate 2022 <br>e di un emendamento presentato dal Pd riguardo alla possibilit\u00e0 <\/strong><\/em><br><em><strong>di nuove immissioni in ruolo sul sostegno. <\/strong><\/em><\/p>\n\n\n\n<p>L&#8217;Associazione sindacale vuole rimarcare l&#8217;importanza di un cambiamento nelle GPS. <\/p>\n\n\n\n<h3>Anief: &#8220;Non basta riaprire le GPS, bisogna anche utilizzarle a pieno&#8221;<\/h3>\n\n\n\n<p class=\"has-text-align-center\"><em><strong>Secondo Anief, l&#8217;utilizzo della sola prima fascia delle graduatorie \u00e8  fallimentare e limitato. <\/strong><\/em><\/p>\n\n\n\n<p>Inoltre, molti docenti con tre anni di servizio sono stati collocati comunque nella seconda fascia, pur avendo i titoli necessari. <br><strong>Questi docenti sono stati esclusi a priori dalla possibilit\u00e0 di svolgere supplenze.<\/strong><\/p>\n\n\n\n<p class=\"has-text-align-center\"><strong><em>\u00c8 per questo che Anief propone di riformulare l&#8217;impianto di accesso alle GPS: <br>i posti vacanti sono sempre di pi\u00f9 ed \u00e8 necessario coprirli.<\/em><\/strong><\/p>\n\n\n\n<p>Intanto il Pd ha proposto un emendamento al decreto Milleproroghe sulla questione delle <strong>immissioni in ruolo<\/strong>.<\/p>\n\n\n\n<p>Ma cosa ne pensa il presidente Anief?<\/p>\n\n\n\n<h2>Nuovo emendamento: immissioni in ruolo sul sostegno<\/h2>\n\n\n\n<p>L&#8217;emendamento presentato \u00e8 ora al vaglio della Commissione Bilancio della Camera. <\/p>\n\n\n\n<p>Marcello Pacifico dice:<\/p>\n\n\n\n<blockquote class=\"wp-block-quote\"><p>&#8220;<em>La norma se approvata deve essere estesa anche a tutto il personale docente curricolare inserito nella prima e seconda fascia delle GPS senza limitazioni perch\u00e9 non \u00e8 possibile che si ripeta quello che \u00e8 accaduto l\u2019anno scorso, con meno di 12mila immessi in ruolo da Gps su oltre 150mila posti liberi. Per non parlare della met\u00e0 delle stabilizzazioni andate a vuoto rispetto agli oltre 110mila posti concessi dal Mef. O delle immissioni in ruolo dell\u2019ultimo lustro, realizzate per nemmeno il 44% rispetto ai posti autorizzati dal dicastero dell\u2019Economia. La verit\u00e0 \u00e8 che con 100 mila posti vacanti bisogna subito attivare il doppio canale di reclutamento, come indicato recentemente anche dallo stesso Partito Democratico (&#8230;)&#8221;<\/em><\/p><cite>Fonte: Anief<\/cite><\/blockquote>\n\n\n\n<h2>Aggiornamento graduatorie GPS: a che punto siamo?<\/h2>\n\n\n\n<p><strong>Le graduatorie GPS non hanno ancora una data di riapertura. <\/strong><\/p>\n\n\n\n<p>Purtroppo, non sono ancora state prese decisioni in merito a quando le graduatorie si riaggiorneranno. <\/p>\n\n\n\n<p class=\"has-text-align-center\"><em><strong>Sono pi\u00f9 di 700mila i docenti in attesa di una risposta ma&#8230;<br>&#8230; Per il momento tutto tace. <\/strong><\/em><\/p>\n\n\n\n<p>Sembra che il Miur non sia ancora in grado di dare indicazioni precise su cosa succeder\u00e0 in futuro a tutti i docenti che aspirano ad inserirsi al meglio in graduatoria&#8230; <br>&#8230; o ad aggiornare il loro punteggio. <\/p>\n\n\n\n<p>Se tu sei capitato su questo articolo, significa che, con ogni probabilit\u00e0 appartieni ad uno dei 700mila docenti che vorrebbero capire cosa devono fare (e cosa devono aspettarsi) per il loro futuro. <\/p>\n\n\n\n<p>Se \u00e8 vero che noi non possiamo darti indicazioni certe su una possibile data di riapertura (dobbiamo attendere il Miur, per questo), \u00e8 anche vero che&#8230;<\/p>\n\n\n\n<p class=\"has-text-align-center\"><em><strong>&#8230; Possiamo indicarti cosa puoi fare nell&#8217;attesa che le graduatorie si riaprano. <\/strong><\/em><\/p>\n\n\n\n<p>Possiamo dirti, con certezza, che se attualmente sei inserito in graduatoria con un punteggio basso (o stai pensando di inserirti con solo il voto di Laurea, anche ammesso che tu abbia ottenuto il massimo), non riuscirai assolutamente ad ottenere incarichi di supplenza. <\/p>\n\n\n\n<h3>Provincia, Classe di Concorso e punteggio: cosa conta per ottenere incarichi?<\/h3>\n\n\n\n<p>Se attualmente godi di un punteggio basso o mediocre, questo non ti baster\u00e0.<\/p>\n\n\n\n<p><em>E sa il perch\u00e9?<\/em><\/p>\n\n\n\n<p class=\"has-text-align-center\"><em><strong>Perch\u00e9 inseriti in graduatoria con il tuo punteggio, <br>sulla tua stessa provincia e con la stessa Classe di Concorso, <br>ci sono gi\u00e0 migliaia di docenti.<\/strong><\/em><\/p>\n\n\n\n<p>Basta pensare alla provincia di Milano, nella quale sono inseriti 15mila docenti con la CdC A-46. <\/p>\n\n\n\n<p>Stiamo parlando di una provincia enorme (Milano) e di una Classe di Concorso (la A-46) tra le pi\u00f9 sature in assoluto.<br>Se tu ti trovi, attualmente, in questa situazione le tue possibilit\u00e0 di ottenere incarichi equivalgono a&#8230; zero. <\/p>\n\n\n\n<p>Prima di tutto, perch\u00e9 \u00e8 sconsigliabile inserirsi in una provincia grande (come: Roma, Milano, Firenze ecc.), perch\u00e9 ci sono gi\u00e0 moltissimi docenti in fila, ad attendere il loro turno. <\/p>\n\n\n\n<p>Puoi avere qualche chance in pi\u00f9 su una provincia grande solo se hai un punteggio gi\u00e0 abbastanza alto (almeno dai 40 punti in su): parliamo di un punteggio che equivale ad un docente che ha gi\u00e0 conseguito almeno un anno di supplenze. <\/p>\n\n\n\n<p class=\"has-text-align-center\"><em><strong>Seconda cosa: ci sono lauree magistrali che danno accesso a pi\u00f9 Classi di Concorso. <br><\/strong><\/em><br><strong><em>E, se questo \u00e8 il tuo caso, non puoi pensare di inserirti con una CdC a caso.<br>Questo perch\u00e9 esistono Classi di Concorso molto sature <br>(dove le tue possibilit\u00e0 di ottenere incarichi sono molto basse) <br>e CdC pi\u00f9 rare e quindi molto richieste dalle scuole. <\/em><\/strong><\/p>\n\n\n\n<p>Un esempio: la A-28 (Matematica e Scienze) e la A-50 (Scienze naturali, chimiche e biologiche). <\/p>\n\n\n\n<p><em>Stai gi\u00e0 iniziando a capire&#8230;?<\/em><\/p>\n\n\n\n<figure class=\"wp-block-image size-full\"><img decoding=\"async\" loading=\"lazy\" width=\"640\" height=\"425\" src=\"https:\/\/www.docenti.it\/blog\/wp-content\/uploads\/2022\/02\/firmbee-com-gcsNOsPEXfs-unsplash-1.jpg\" alt=\"graduatorie GPS\" class=\"wp-image-15160\" srcset=\"https:\/\/www.docenti.it\/blog\/wp-content\/uploads\/2022\/02\/firmbee-com-gcsNOsPEXfs-unsplash-1.jpg 640w, https:\/\/www.docenti.it\/blog\/wp-content\/uploads\/2022\/02\/firmbee-com-gcsNOsPEXfs-unsplash-1-300x199.jpg 300w, https:\/\/www.docenti.it\/blog\/wp-content\/uploads\/2022\/02\/firmbee-com-gcsNOsPEXfs-unsplash-1-600x398.jpg 600w\" sizes=\"(max-width: 640px) 100vw, 640px\" \/><\/figure>\n\n\n\n<p class=\"has-text-align-center\"><strong><em>Provincia, Classe di Concorso e punteggio <br>rappresentano i cardini che fanno ruotare la porta di accesso<br>ad un incarico di supplenza. <\/em><\/strong><\/p>\n\n\n\n<p>Queste rappresentano le armi a tua disposizione: se usate bene, al prossimo aggiornamento otterrai un incarico.<br>Se non impari ad usarle, beh&#8230;<br>&#8230; Dovrai aspettare altri 2 anni prima di poter lavorare nella scuola. <\/p>\n\n\n\n<p>Imparare ad usarle al meglio non significa aspettare che il Miur decida di annunciarti la data di riapertura delle graduatorie: anche perch\u00e9, con molta probabilit\u00e0, questo succeder\u00e0 venti giorni prima della data di riapertura (\u00e8 gi\u00e0 successo altre volte, se ben ricordi&#8230;).<\/p>\n\n\n\n<p>Per cui, la domanda che stiamo per porti \u00e8:<\/p>\n\n\n\n<p class=\"has-text-align-center\"><em><strong>vuoi davvero utilizzare il tempo a tua disposizione per capire come devi muoverti <br>da qui fino alla prossima riapertura graduatorie?<br><\/strong><\/em><br><em><strong>Sei disposto ad investire sul tuo futuro, per ottenere un incarico di supplenza<\/strong><\/em><br><em><strong>nel breve tempo possibile?<\/strong><\/em><\/p>\n\n\n\n<p>Se nella tua testa hai risposto &#8220;<em>Si, lo voglio<\/em>&#8221; a queste due domande, allora sei pronto a&#8230;<\/p>\n\n\n<p>[maxbutton id=&#8221;1&#8243; url=&#8221;https:\/\/docenti.it\/in-cattedra\/richiesta.html?lnk=104&#8243; text=&#8221;Scoprire InCattedra&#8221; ]<\/p>\n\n\n\n<p><\/p>\n\n\n\n<p>Con <strong><a href=\"https:\/\/www.docenti.it\/in-cattedra.html?lnk=104\" target=\"_blank\" rel=\"noreferrer noopener\">InCattedra<\/a><\/strong> tu otterrai un <strong>Piano Carriera<\/strong> personalizzato sulla tua situazione specifica. <br>Avrai un consulente che ti seguir\u00e0 per un&#8217;ora di consulenza telefonica personalizzata, durante la quale valuter\u00e0 i tuoi titoli di studio e le tue supplenze svolte nell&#8217;abito scuola (se ne hai fatto esperienza) e potr\u00e0 indicarti cosa devi ancora fare per poter arrivare preparato al prossimo aggiornamento graduatorie!<\/p>\n\n\n\n<p>Il nostro consulente ti sapr\u00e0 indicare qual \u00e8 il percorso migliore per la tua situazione specifica, mostrandoti una proiezione delle 6 migliori province in cui potrai ottenere un posizionamento pi\u00f9 alto. <\/p>\n\n\n\n<p class=\"has-text-align-center\"><strong>Attivando InCattedra potrai metterti alla prova, scoprire quanto vale il tuo punteggio attuale <\/strong><br><strong>e quale posizionamento potrai ottenere al massimo delle tue capacit\u00e0.<\/strong><\/p>\n\n\n\n<p>Per fare tutto questo, per\u00f2, hai un investimento da fare. <\/p>\n\n\n\n<p>Il protocollo <strong><a href=\"https:\/\/www.docenti.it\/in-cattedra.html?lnk=104\" target=\"_blank\" rel=\"noreferrer noopener\">InCattedra<\/a><\/strong> non \u00e8 gratis, si tratta di un servizio che ti aiuter\u00e0 molto per la tua posizione lavorativa futura nel mondo scuola, quindi ha un costo. <\/p>\n\n\n\n<p>Parliamo di 97 euro, che tu investirai per te stesso, se deciderai di affidarti a noi. <\/p>\n\n\n\n<p>Tieni in considerazione che <strong>Docenti.it \u00e8 una realt\u00e0 attiva nel settore istruzione e formazione da ormai oltre 6 anni<\/strong>: in tutto questo tempo, abbiamo aiutato migliaia di docenti ad inserirsi nel mondo scuola. <\/p>\n\n\n\n<p>Per farlo per\u00f2&#8230; devi essere disposto a fare dei sacrifici. <br>Devi essere disposto ad impegnarti a fondo, ma, del resto, se vuoi davvero diventare insegnante gi\u00e0 sai che la strada non \u00e8 tutta in discesa, giusto?<\/p>\n\n\n\n<p>Inoltre, ricorda: per poter<strong><a href=\"https:\/\/www.docenti.it\/in-cattedra.html?lnk=104\" target=\"_blank\" rel=\"noreferrer noopener\"> attivare InCattedra <\/a><\/strong>devi essere in possesso di una Laurea magistrale che dia accesso ad almeno una Classe di Concorso. <\/p>\n\n\n\n<p>Adesso abbiamo solo altre due domande da farti&#8230;<\/p>\n\n\n\n<p class=\"has-text-align-center\"><em><strong>Hai una Laurea magistrale?<\/strong><\/em><br><em><strong><br>Vuoi sapere qual \u00e8 la provincia dove ti potrai posizionare al meglio e quale, <br>tra le tue Classi di Concorso, \u00e8 la pi\u00f9 richiesta?<\/strong><\/em><\/p>\n\n\n<p>[maxbutton id=&#8221;1&#8243; url=&#8221;https:\/\/docenti.it\/in-cattedra\/richiesta.html?lnk=104&#8243; text=&#8221;Scopri InCattedra&#8221; ]<\/p>\n\n\n\n<p><\/p>\n\n\n\n<p>Leggi anche:<\/p>\n\n\n\n<ul><li><a href=\"https:\/\/www.docenti.it\/blog\/riapertura-graduatorie-scuola-non-puoi-migliorare-la-tua-posizione-da-solo-incattedra\/\" target=\"_blank\" rel=\"noreferrer noopener\">Riapertura graduatorie scuola: non puoi migliorare la tua posizione da solo<\/a><\/li><li><a href=\"https:\/\/www.docenti.it\/blog\/apertura-graduatorie-provinciali-sara-a-maggio-incattedra\/\" target=\"_blank\" rel=\"noreferrer noopener\">Apertura graduatorie provinciali: sar\u00e0 a maggio?<\/a><\/li><\/ul>\n\n\n\n<p>Photo credit: <a href=\"https:\/\/www.pexels.com\/\" target=\"_blank\" rel=\"noreferrer noopener\">pexels.com<\/a><\/p>\n","protected":false},"excerpt":{"rendered":"<p>Torniamo a parlare di graduatorie GPS. Il presidente di Anief, Marcello Pacifico, ne contesta [&hellip;]<\/p>\n","protected":false},"author":9,"featured_media":15009,"comment_status":"open","ping_status":"open","sticky":false,"template":"","format":"standard","meta":[],"categories":[1,4],"tags":[396,304],"yoast_head":"<!-- This site is optimized with the Yoast SEO plugin v20.4 - https:\/\/yoast.com\/wordpress\/plugins\/seo\/ -->\n<title>Graduatorie GPS, Anief: &quot;bisogna utilizzarle a pieno&quot;<\/title>\n<meta name=\"description\" content=\"Anief torna a contestare il carente utilizzo delle graduatorie GPS. Vediamo il comunicato e le richieste del presidente Marcello Pacifico.\" \/>\n<meta name=\"robots\" content=\"index, follow, max-snippet:-1, max-image-preview:large, max-video-preview:-1\" \/>\n<link rel=\"canonical\" href=\"https:\/\/www.docenti.it\/blog\/graduatorie-gps-anief-bisogna-utilizzarle-a-pieno\/\" \/>\n<meta property=\"og:locale\" content=\"it_IT\" \/>\n<meta property=\"og:type\" content=\"article\" \/>\n<meta property=\"og:title\" content=\"Graduatorie GPS, Anief: &quot;bisogna utilizzarle a pieno&quot;\" \/>\n<meta property=\"og:description\" content=\"Anief torna a contestare il carente utilizzo delle graduatorie GPS. Vediamo il comunicato e le richieste del presidente Marcello Pacifico.\" \/>\n<meta property=\"og:url\" content=\"https:\/\/www.docenti.it\/blog\/graduatorie-gps-anief-bisogna-utilizzarle-a-pieno\/\" \/>\n<meta property=\"og:site_name\" content=\"Blog | Docenti.it\" \/>\n<meta property=\"article:publisher\" content=\"https:\/\/www.facebook.com\/docenti.it\" \/>\n<meta property=\"article:published_time\" content=\"2022-02-11T16:59:47+00:00\" \/>\n<meta property=\"og:image\" content=\"https:\/\/www.docenti.it\/blog\/wp-content\/uploads\/2022\/02\/pexels-pavel-danilyuk-8423077.jpg\" \/>\n\t<meta property=\"og:image:width\" content=\"640\" \/>\n\t<meta property=\"og:image:height\" content=\"427\" \/>\n\t<meta property=\"og:image:type\" content=\"image\/jpeg\" \/>\n<meta name=\"author\" content=\"Redazione\" \/>\n<meta name=\"twitter:card\" content=\"summary_large_image\" \/>\n<meta name=\"twitter:label1\" content=\"Written by\" \/>\n\t<meta name=\"twitter:data1\" content=\"Redazione\" \/>\n\t<meta name=\"twitter:label2\" content=\"Est. reading time\" \/>\n\t<meta name=\"twitter:data2\" content=\"6 minuti\" \/>\n<script type=\"application\/ld+json\" class=\"yoast-schema-graph\">{\"@context\":\"https:\/\/schema.org\",\"@graph\":[{\"@type\":\"Article\",\"@id\":\"https:\/\/www.docenti.it\/blog\/graduatorie-gps-anief-bisogna-utilizzarle-a-pieno\/#article\",\"isPartOf\":{\"@id\":\"https:\/\/www.docenti.it\/blog\/graduatorie-gps-anief-bisogna-utilizzarle-a-pieno\/\"},\"author\":{\"name\":\"Redazione\",\"@id\":\"https:\/\/www.docenti.it\/blog\/#\/schema\/person\/3d4223198563da0fa6ed0642b5067e21\"},\"headline\":\"Graduatorie GPS, Anief: &#8220;Bisogna utilizzarle a pieno&#8221;\",\"datePublished\":\"2022-02-11T16:59:47+00:00\",\"dateModified\":\"2022-02-11T16:59:47+00:00\",\"mainEntityOfPage\":{\"@id\":\"https:\/\/www.docenti.it\/blog\/graduatorie-gps-anief-bisogna-utilizzarle-a-pieno\/\"},\"wordCount\":1295,\"commentCount\":0,\"publisher\":{\"@id\":\"https:\/\/www.docenti.it\/blog\/#organization\"},\"keywords\":[\"assunzioni docenti\",\"supplenze\"],\"articleSection\":[\"FAQ\",\"News\"],\"inLanguage\":\"it-IT\",\"potentialAction\":[{\"@type\":\"CommentAction\",\"name\":\"Comment\",\"target\":[\"https:\/\/www.docenti.it\/blog\/graduatorie-gps-anief-bisogna-utilizzarle-a-pieno\/#respond\"]}]},{\"@type\":\"WebPage\",\"@id\":\"https:\/\/www.docenti.it\/blog\/graduatorie-gps-anief-bisogna-utilizzarle-a-pieno\/\",\"url\":\"https:\/\/www.docenti.it\/blog\/graduatorie-gps-anief-bisogna-utilizzarle-a-pieno\/\",\"name\":\"Graduatorie GPS, Anief: \\\"bisogna utilizzarle a pieno\\\"\",\"isPartOf\":{\"@id\":\"https:\/\/www.docenti.it\/blog\/#website\"},\"datePublished\":\"2022-02-11T16:59:47+00:00\",\"dateModified\":\"2022-02-11T16:59:47+00:00\",\"description\":\"Anief torna a contestare il carente utilizzo delle graduatorie GPS. Vediamo il comunicato e le richieste del presidente Marcello Pacifico.\",\"breadcrumb\":{\"@id\":\"https:\/\/www.docenti.it\/blog\/graduatorie-gps-anief-bisogna-utilizzarle-a-pieno\/#breadcrumb\"},\"inLanguage\":\"it-IT\",\"potentialAction\":[{\"@type\":\"ReadAction\",\"target\":[\"https:\/\/www.docenti.it\/blog\/graduatorie-gps-anief-bisogna-utilizzarle-a-pieno\/\"]}]},{\"@type\":\"BreadcrumbList\",\"@id\":\"https:\/\/www.docenti.it\/blog\/graduatorie-gps-anief-bisogna-utilizzarle-a-pieno\/#breadcrumb\",\"itemListElement\":[{\"@type\":\"ListItem\",\"position\":1,\"name\":\"Home\",\"item\":\"https:\/\/www.docenti.it\/blog\/\"},{\"@type\":\"ListItem\",\"position\":2,\"name\":\"Graduatorie GPS, Anief: &#8220;Bisogna utilizzarle a pieno&#8221;\"}]},{\"@type\":\"WebSite\",\"@id\":\"https:\/\/www.docenti.it\/blog\/#website\",\"url\":\"https:\/\/www.docenti.it\/blog\/\",\"name\":\"Blog | Docenti.it\",\"description\":\"Tutte le notizie e gli aggiornamenti dal mondo della scuola\",\"publisher\":{\"@id\":\"https:\/\/www.docenti.it\/blog\/#organization\"},\"potentialAction\":[{\"@type\":\"SearchAction\",\"target\":{\"@type\":\"EntryPoint\",\"urlTemplate\":\"https:\/\/www.docenti.it\/blog\/?s={search_term_string}\"},\"query-input\":\"required name=search_term_string\"}],\"inLanguage\":\"it-IT\"},{\"@type\":\"Organization\",\"@id\":\"https:\/\/www.docenti.it\/blog\/#organization\",\"name\":\"Blog | Docenti.it\",\"url\":\"https:\/\/www.docenti.it\/blog\/\",\"logo\":{\"@type\":\"ImageObject\",\"inLanguage\":\"it-IT\",\"@id\":\"https:\/\/www.docenti.it\/blog\/#\/schema\/logo\/image\/\",\"url\":\"https:\/\/www.docenti.it\/blog\/wp-content\/uploads\/2025\/06\/fb_mad_img.png\",\"contentUrl\":\"https:\/\/www.docenti.it\/blog\/wp-content\/uploads\/2025\/06\/fb_mad_img.png\",\"width\":1140,\"height\":620,\"caption\":\"Blog | Docenti.it\"},\"image\":{\"@id\":\"https:\/\/www.docenti.it\/blog\/#\/schema\/logo\/image\/\"},\"sameAs\":[\"https:\/\/www.facebook.com\/docenti.it\"]},{\"@type\":\"Person\",\"@id\":\"https:\/\/www.docenti.it\/blog\/#\/schema\/person\/3d4223198563da0fa6ed0642b5067e21\",\"name\":\"Redazione\",\"image\":{\"@type\":\"ImageObject\",\"inLanguage\":\"it-IT\",\"@id\":\"https:\/\/www.docenti.it\/blog\/#\/schema\/person\/image\/\",\"url\":\"https:\/\/secure.gravatar.com\/avatar\/77fc9ba6a8d651d4b3575bf7cbadad48?s=96&d=mm&r=g\",\"contentUrl\":\"https:\/\/secure.gravatar.com\/avatar\/77fc9ba6a8d651d4b3575bf7cbadad48?s=96&d=mm&r=g\",\"caption\":\"Redazione\"},\"url\":\"https:\/\/www.docenti.it\/blog\/author\/valentina\/\"}]}<\/script>\n<!-- \/ Yoast SEO plugin. -->","yoast_head_json":{"title":"Graduatorie GPS, Anief: \"bisogna utilizzarle a pieno\"","description":"Anief torna a contestare il carente utilizzo delle graduatorie GPS. Vediamo il comunicato e le richieste del presidente Marcello Pacifico.","robots":{"index":"index","follow":"follow","max-snippet":"max-snippet:-1","max-image-preview":"max-image-preview:large","max-video-preview":"max-video-preview:-1"},"canonical":"https:\/\/www.docenti.it\/blog\/graduatorie-gps-anief-bisogna-utilizzarle-a-pieno\/","og_locale":"it_IT","og_type":"article","og_title":"Graduatorie GPS, Anief: \"bisogna utilizzarle a pieno\"","og_description":"Anief torna a contestare il carente utilizzo delle graduatorie GPS. Vediamo il comunicato e le richieste del presidente Marcello Pacifico.","og_url":"https:\/\/www.docenti.it\/blog\/graduatorie-gps-anief-bisogna-utilizzarle-a-pieno\/","og_site_name":"Blog | Docenti.it","article_publisher":"https:\/\/www.facebook.com\/docenti.it","article_published_time":"2022-02-11T16:59:47+00:00","og_image":[{"width":640,"height":427,"url":"https:\/\/www.docenti.it\/blog\/wp-content\/uploads\/2022\/02\/pexels-pavel-danilyuk-8423077.jpg","type":"image\/jpeg"}],"author":"Redazione","twitter_card":"summary_large_image","twitter_misc":{"Written by":"Redazione","Est. reading time":"6 minuti"},"schema":{"@context":"https:\/\/schema.org","@graph":[{"@type":"Article","@id":"https:\/\/www.docenti.it\/blog\/graduatorie-gps-anief-bisogna-utilizzarle-a-pieno\/#article","isPartOf":{"@id":"https:\/\/www.docenti.it\/blog\/graduatorie-gps-anief-bisogna-utilizzarle-a-pieno\/"},"author":{"name":"Redazione","@id":"https:\/\/www.docenti.it\/blog\/#\/schema\/person\/3d4223198563da0fa6ed0642b5067e21"},"headline":"Graduatorie GPS, Anief: &#8220;Bisogna utilizzarle a pieno&#8221;","datePublished":"2022-02-11T16:59:47+00:00","dateModified":"2022-02-11T16:59:47+00:00","mainEntityOfPage":{"@id":"https:\/\/www.docenti.it\/blog\/graduatorie-gps-anief-bisogna-utilizzarle-a-pieno\/"},"wordCount":1295,"commentCount":0,"publisher":{"@id":"https:\/\/www.docenti.it\/blog\/#organization"},"keywords":["assunzioni docenti","supplenze"],"articleSection":["FAQ","News"],"inLanguage":"it-IT","potentialAction":[{"@type":"CommentAction","name":"Comment","target":["https:\/\/www.docenti.it\/blog\/graduatorie-gps-anief-bisogna-utilizzarle-a-pieno\/#respond"]}]},{"@type":"WebPage","@id":"https:\/\/www.docenti.it\/blog\/graduatorie-gps-anief-bisogna-utilizzarle-a-pieno\/","url":"https:\/\/www.docenti.it\/blog\/graduatorie-gps-anief-bisogna-utilizzarle-a-pieno\/","name":"Graduatorie GPS, Anief: \"bisogna utilizzarle a pieno\"","isPartOf":{"@id":"https:\/\/www.docenti.it\/blog\/#website"},"datePublished":"2022-02-11T16:59:47+00:00","dateModified":"2022-02-11T16:59:47+00:00","description":"Anief torna a contestare il carente utilizzo delle graduatorie GPS. Vediamo il comunicato e le richieste del presidente Marcello Pacifico.","breadcrumb":{"@id":"https:\/\/www.docenti.it\/blog\/graduatorie-gps-anief-bisogna-utilizzarle-a-pieno\/#breadcrumb"},"inLanguage":"it-IT","potentialAction":[{"@type":"ReadAction","target":["https:\/\/www.docenti.it\/blog\/graduatorie-gps-anief-bisogna-utilizzarle-a-pieno\/"]}]},{"@type":"BreadcrumbList","@id":"https:\/\/www.docenti.it\/blog\/graduatorie-gps-anief-bisogna-utilizzarle-a-pieno\/#breadcrumb","itemListElement":[{"@type":"ListItem","position":1,"name":"Home","item":"https:\/\/www.docenti.it\/blog\/"},{"@type":"ListItem","position":2,"name":"Graduatorie GPS, Anief: &#8220;Bisogna utilizzarle a pieno&#8221;"}]},{"@type":"WebSite","@id":"https:\/\/www.docenti.it\/blog\/#website","url":"https:\/\/www.docenti.it\/blog\/","name":"Blog | Docenti.it","description":"Tutte le notizie e gli aggiornamenti dal mondo della scuola","publisher":{"@id":"https:\/\/www.docenti.it\/blog\/#organization"},"potentialAction":[{"@type":"SearchAction","target":{"@type":"EntryPoint","urlTemplate":"https:\/\/www.docenti.it\/blog\/?s={search_term_string}"},"query-input":"required name=search_term_string"}],"inLanguage":"it-IT"},{"@type":"Organization","@id":"https:\/\/www.docenti.it\/blog\/#organization","name":"Blog | Docenti.it","url":"https:\/\/www.docenti.it\/blog\/","logo":{"@type":"ImageObject","inLanguage":"it-IT","@id":"https:\/\/www.docenti.it\/blog\/#\/schema\/logo\/image\/","url":"https:\/\/www.docenti.it\/blog\/wp-content\/uploads\/2025\/06\/fb_mad_img.png","contentUrl":"https:\/\/www.docenti.it\/blog\/wp-content\/uploads\/2025\/06\/fb_mad_img.png","width":1140,"height":620,"caption":"Blog | Docenti.it"},"image":{"@id":"https:\/\/www.docenti.it\/blog\/#\/schema\/logo\/image\/"},"sameAs":["https:\/\/www.facebook.com\/docenti.it"]},{"@type":"Person","@id":"https:\/\/www.docenti.it\/blog\/#\/schema\/person\/3d4223198563da0fa6ed0642b5067e21","name":"Redazione","image":{"@type":"ImageObject","inLanguage":"it-IT","@id":"https:\/\/www.docenti.it\/blog\/#\/schema\/person\/image\/","url":"https:\/\/secure.gravatar.com\/avatar\/77fc9ba6a8d651d4b3575bf7cbadad48?s=96&d=mm&r=g","contentUrl":"https:\/\/secure.gravatar.com\/avatar\/77fc9ba6a8d651d4b3575bf7cbadad48?s=96&d=mm&r=g","caption":"Redazione"},"url":"https:\/\/www.docenti.it\/blog\/author\/valentina\/"}]}},"_links":{"self":[{"href":"https:\/\/www.docenti.it\/blog\/wp-json\/wp\/v2\/posts\/14993"}],"collection":[{"href":"https:\/\/www.docenti.it\/blog\/wp-json\/wp\/v2\/posts"}],"about":[{"href":"https:\/\/www.docenti.it\/blog\/wp-json\/wp\/v2\/types\/post"}],"author":[{"embeddable":true,"href":"https:\/\/www.docenti.it\/blog\/wp-json\/wp\/v2\/users\/9"}],"replies":[{"embeddable":true,"href":"https:\/\/www.docenti.it\/blog\/wp-json\/wp\/v2\/comments?post=14993"}],"version-history":[{"count":72,"href":"https:\/\/www.docenti.it\/blog\/wp-json\/wp\/v2\/posts\/14993\/revisions"}],"predecessor-version":[{"id":15173,"href":"https:\/\/www.docenti.it\/blog\/wp-json\/wp\/v2\/posts\/14993\/revisions\/15173"}],"wp:featuredmedia":[{"embeddable":true,"href":"https:\/\/www.docenti.it\/blog\/wp-json\/wp\/v2\/media\/15009"}],"wp:attachment":[{"href":"https:\/\/www.docenti.it\/blog\/wp-json\/wp\/v2\/media?parent=14993"}],"wp:term":[{"taxonomy":"category","embeddable":true,"href":"https:\/\/www.docenti.it\/blog\/wp-json\/wp\/v2\/categories?post=14993"},{"taxonomy":"post_tag","embeddable":true,"href":"https:\/\/www.docenti.it\/blog\/wp-json\/wp\/v2\/tags?post=14993"}],"curies":[{"name":"wp","href":"https:\/\/api.w.org\/{rel}","templated":true}]}}