{"id":15624,"date":"2022-02-16T10:45:00","date_gmt":"2022-02-16T09:45:00","guid":{"rendered":"https:\/\/www.docenti.it\/blog\/?p=15624"},"modified":"2022-02-16T10:07:24","modified_gmt":"2022-02-16T09:07:24","slug":"supplenze-scuola-assunti-da-mad-anche-se-ci-sono-iscritti-in-gps-perche-incattedra","status":"publish","type":"post","link":"https:\/\/www.docenti.it\/blog\/supplenze-scuola-assunti-da-mad-anche-se-ci-sono-iscritti-in-gps-perche-incattedra\/","title":{"rendered":"Supplenze scuola: assunti da MAD anche se ci sono iscritti in GPS. Perch\u00e9?"},"content":{"rendered":"\n<p>Supplenze scuola: \u00e8 possibile che un aspirante docente possa essere assunto da MAD prima di un iscritto nelle graduatorie GPS? <\/p>\n\n\n\n<p><em>Come funziona?<\/em><\/p>\n\n\n\n<!--more-->\n\n\n\n<p>Non sono pochi i docenti che quest&#8217;anno hanno lamentato una situazione simile. <\/p>\n\n\n\n<p>Parliamo di insegnanti iscritti nelle graduatorie GPS, che si sono visti sorpassare nelle convocazioni da <strong>docenti chiamati ad insegnare tramite Messa a Disposizione. <\/strong><\/p>\n\n\n\n<p><em>Ma questa procedura \u00e8 regolamentata e &#8220;corretta&#8221;?<br>O si \u00e8 trattato di sbagli commessi dagli istituti?<\/em><\/p>\n\n\n\n<p>Vediamo cosa dice la normativa in proposito. <\/p>\n\n\n\n<h2>Supplenze scuola: come sono regolamentate?<\/h2>\n\n\n\n<p>Per poter rispondere a questa domanda, leggiamo cos\u2019\u00e8 scritto nella circolare annuale delle supplenze:<\/p>\n\n\n\n<blockquote class=\"wp-block-quote\"><p><em>&#8220;Per l\u2019attribuzione delle supplenze annuali e delle supplenze temporanee fino al termine delle attivit\u00e0 didattiche di cui alle lettere a) e b), da parte del sistema informativo, sono utilizzate le graduatorie ad esaurimento (di seguito GAE). In caso di esaurimento o incapienza delle stesse, con le medesime modalit\u00e0 di cui al periodo precedente, si procede allo scorrimento delle graduatorie provinciali per supplenze (di seguito GPS), costituite in attuazione dell\u2019OM 10 luglio 2020, n. 60.<\/em><\/p><p><em>In caso di esaurimento o incapienza delle GPS, i dirigenti scolastici provvedono a utilizzare le graduatorie di istituto di cui all\u2019articolo 11 dell\u2019O.M. 60\/2020. Per le supplenze temporanee di cui alla lettera c), si utilizzano le Graduatorie di Istituto<\/em><\/p><p><em>All\u2019atto dell\u2019esaurimento della graduatoria di istituto, ivi comprese le graduatorie delle istituzioni scolastiche viciniori, il dirigente scolastico si avvale di aspiranti docenti che abbiano presentato istanza di MAD.&#8221;<\/em><\/p><cite>Fonte: OrizzonteScuola<\/cite><\/blockquote>\n\n\n\n<p>Questo \u00e8 ci\u00f2 che recita la circolare annuale sulle supplenze. <\/p>\n\n\n\n<p class=\"has-text-align-center\"><em><strong>Tutto dipende molto dalla Classe di Concorso: <br>non si pu\u00f2 assumere un docente iscritto nelle GPS per una Classe di Concorso differente <br>rispetto a quella che deve essere coperta. <\/strong><\/em><\/p>\n\n\n\n<p class=\"has-text-align-center\"><strong><em>Questo \u00e8 il motivo per cui si ricorre alle MAD.<\/em><\/strong><\/p>\n\n\n\n<h3>La procedura di assunzione per le supplenze<\/h3>\n\n\n\n<p>Per i pi\u00f9 scettici, riassumiamo quindi l&#8217;iter al quale si ricorre per la selezione dei supplenti per una specifica Classe di Concorso:<\/p>\n\n\n\n<ul><li>prima i supplenti vengono convocati dalle <strong>GAE<\/strong>;<\/li><li>in secondo luogo, dalle<strong> GPS<\/strong>;<\/li><li>poi dalle <strong>G.I.<\/strong> (anche quelle delle scuole vicine);<\/li><li>infine, dalle <strong>MAD<\/strong>.<\/li><\/ul>\n\n\n\n<p class=\"has-text-align-center\"><strong><em>In conclusione, essere assunti da MAD prima di un candidato inserito nelle graduatorie GPS <br>\u00e8 possibile e del tutto corretto, <br>secondo la procedura che regola le assunzioni scuola. <\/em><\/strong><\/p>\n\n\n\n<p>Questa scelta, come hai potuto leggere nel paragrafo precedente, deriva proprio dalla necessit\u00e0 di coprire o meno quella specifica Classe di Concorso. <\/p>\n\n\n\n<p>Per questo motivo, una procedura che ai molti sembrerebbe scorretta, in realt\u00e0 acquista cos\u00ec un senso compiuto. <\/p>\n\n\n\n<figure class=\"wp-block-image size-full\"><img decoding=\"async\" loading=\"lazy\" width=\"640\" height=\"426\" src=\"https:\/\/www.docenti.it\/blog\/wp-content\/uploads\/2022\/02\/pexels-katerina-holmes-5905443.jpg\" alt=\"supplenze scuola\" class=\"wp-image-15750\" srcset=\"https:\/\/www.docenti.it\/blog\/wp-content\/uploads\/2022\/02\/pexels-katerina-holmes-5905443.jpg 640w, https:\/\/www.docenti.it\/blog\/wp-content\/uploads\/2022\/02\/pexels-katerina-holmes-5905443-300x200.jpg 300w, https:\/\/www.docenti.it\/blog\/wp-content\/uploads\/2022\/02\/pexels-katerina-holmes-5905443-600x399.jpg 600w\" sizes=\"(max-width: 640px) 100vw, 640px\" \/><\/figure>\n\n\n\n<h2>A proposito di graduatorie&#8230;<\/h2>\n\n\n\n<p>Restando sempre in tema graduatorie GPS, vogliamo darti qualche indicazione in pi\u00f9&#8230;<\/p>\n\n\n\n<p>&#8230; Giusto in tempo per la riapertura delle graduatorie. <\/p>\n\n\n\n<p>Come ben saprai, attorno a questo tema ruota molta incertezza. <\/p>\n\n\n\n<p class=\"has-text-align-center\"><em><strong>Infatti, non si conosce ancora la data definitiva di riapertura delle graduatorie GPS.<\/strong><\/em><\/p>\n\n\n\n<p>Purtroppo, il Miur non ha ancora dato indicazioni a riguardo. <\/p>\n\n\n\n<p>E questo \u00e8 un bel problema, soprattutto visto che <strong>ci sono pi\u00f9 di 700mila docenti che stanno attendendo la data di riapertura&#8230;<\/strong><\/p>\n\n\n\n<p class=\"has-text-align-center\"><strong><em>Soprattutto, considerato che, in vista di quell&#8217;ipotetica data, <br>un docente deve avere il tempo di preparasi per poter arrivare all&#8217;aggiornamento graduatorie <br>con il massimo punteggio possibile. <\/em><\/strong><\/p>\n\n\n\n<p>Questo vale sia per<strong> i docenti gi\u00e0 inseriti in GPS<\/strong> (che devono fare il possibile al fine di ottenere un posizionamento pi\u00f9 alto) sia <strong>per gli aspiranti che si devono ancora iscrivere.<\/strong> <\/p>\n\n\n\n<p class=\"has-text-align-center\"><strong><em>Tutti gli aspiranti docenti che non sono ancora inseriti in graduatoria <br>devono assolutamente muoversi con anticipo, <br>per poter accedere alle GPS con un punteggio alto. <\/em><\/strong><\/p>\n\n\n\n<p>Altrimenti, per loro sar\u00e0 molto dura ottenere incarichi di supplenza. <\/p>\n\n\n\n<p>E qui la faccenda si complica, se pensiamo che un aspirante docente che non si \u00e8 mai inserito in graduatoria non pu\u00f2 avere gi\u00e0 un punteggio molto alto di partenza. <\/p>\n\n\n\n<p>O meglio, potrebbe averlo&#8230;<\/p>\n\n\n\n<p>&#8230; Se solo intraprendesse il percorso giusto per lui. <\/p>\n\n\n\n<p><em>E qual \u00e8 il percorso pi\u00f9 corretto per un aspirante docente che deve inserirsi in graduatoria?<\/em><\/p>\n\n\n\n<p class=\"has-text-align-center\"><em><strong>Un percorso che prevede lo sviluppo di una <a href=\"https:\/\/www.docenti.it\/in-cattedra.html?lnk=104\" target=\"_blank\" rel=\"noreferrer noopener\">strategia<\/a>. <\/strong><\/em><\/p>\n\n\n\n<p>Ruota tutto attorno a questo. <\/p>\n\n\n\n<p>E una strategia la puoi ottenere solo se ti affidi a qualcuno di esterno. <br>Qualcuno che possa prendere visione della tua situazione da un punto di vista non troppo vicino al tuo. <\/p>\n\n\n\n<p>D&#8217;altronde, sappiamo tutti che il modo migliore per mettere bene a fuoco una situazione \u00e8 quella di osservarla da lontano, in maniera distaccata. <\/p>\n\n\n\n<p>Non hai altra soluzione. <\/p>\n\n\n\n<p>E questo \u00e8 il motivo per cui non puoi crearti una strategia in maniera autonoma.<br>Non puoi farlo tu, da solo. <\/p>\n\n\n<p>[maxbutton id=&#8221;1&#8243; url=&#8221;https:\/\/docenti.it\/in-cattedra\/richiesta.html?lnk=104&#8243; text=&#8221;Scopri InCattedra&#8221; ]<\/p>\n\n\n\n<p><\/p>\n\n\n\n<h3>La strategia vincente per scalare le graduatorie<\/h3>\n\n\n\n<p class=\"has-text-align-center\"><em><strong>Il momento che precede la riapertura delle graduatorie <br>rappresenta l&#8217;evento pi\u00f9 importante che regola le supplenze scuola. <\/strong><\/em><\/p>\n\n\n\n<p>Dal momento che le graduatorie GPS ora verranno aggiornate ogni due anni (non avranno pi\u00f9 valenza triennale), se decidi di inserirti quest&#8217;anno in graduatoria <strong>devi essere certo di ottenere il massimo dalla tua situazione specifica <\/strong>e, soprattutto, di non commettere gli errori che ti condurrebbero ad un depennamento (scopri quali <a href=\"https:\/\/www.docenti.it\/blog\/apertura-graduatorie-provinciali-9-errori-che-devi-evitare-per-posizionarti-in-gps-incattedra\/\" target=\"_blank\" rel=\"noreferrer noopener\">qui<\/a>). <\/p>\n\n\n\n<p>Ma ora&#8230; concentriamoci su ci\u00f2 che \u00e8 importante. <\/p>\n\n\n\n<p><em>In che modo puoi migliorare la tua situazione specifica, per poterti inserire in graduatoria al meglio?<\/em><\/p>\n\n\n\n<p>Ecco il piano:<\/p>\n\n\n\n<ul><li>devi scoprire <strong>qual \u00e8 la provincia migliore<\/strong> in cui puoi posizionarti meglio;<\/li><li>puoi <strong>capire quali sono i passi che devi ancora compiere<\/strong> per poter massimizzare le tue possibilit\u00e0 di ottenere una convocazione;<\/li><li><strong>devi ottenere una guida<\/strong>, il tuo <strong><a href=\"https:\/\/www.docenti.it\/in-cattedra.html?lnk=104\" target=\"_blank\" rel=\"noreferrer noopener\">Piano Carriera<\/a><\/strong> personale che ti indichi la strada da percorrere per poter scalare le graduatorie con facilit\u00e0. <\/li><\/ul>\n\n\n\n<p>Tutto questo \u00e8 possibile trovarlo. <\/p>\n\n\n\n<p>Si chiama <strong><a href=\"https:\/\/www.docenti.it\/in-cattedra.html?lnk=104\" target=\"_blank\" rel=\"noreferrer noopener\">InCattedra<\/a><\/strong> ed \u00e8 un protocollo creato da Docenti.it per aiutare giovani neolaureati e aspiranti docenti come te ad entrare nel mondo scuola, dimezzando i mostruosi tempi imposti dal sistema scolastico. <\/p>\n\n\n\n<p>Attivando il protocollo<strong><a href=\"https:\/\/www.docenti.it\/in-cattedra.html?lnk=104\" target=\"_blank\" rel=\"noreferrer noopener\"> InCattedra <\/a><\/strong>tu verrai affiancato da un consulente, che ti dedicher\u00e0 un&#8217;ora di consulenza telefonica personalizzata, durante la quale verificher\u00e0 i tuoi titoli e il tuo percorso come supplente. <\/p>\n\n\n\n<p class=\"has-text-align-center\"><strong><em>Questo protocollo rappresenta l&#8217;unico modo che hai, attualmente, <\/em><\/strong><br><strong><em>per arrivare preparato alle graduatorie e in tempo&#8230; <br>Per la riapertura. <\/em><\/strong><\/p>\n\n\n\n<p>Scegliendo <strong><a href=\"https:\/\/www.docenti.it\/in-cattedra.html?lnk=104\" target=\"_blank\" rel=\"noreferrer noopener\">InCattedra<\/a><\/strong> non avrai solo una consulenza telefonica, ma otterrai anche un <strong>report dettagliato<\/strong>, che ti indicher\u00e0 nero su bianco, quale sar\u00e0 la strada che dovrai seguire per diventare insegnante e ottenere subito una convocazione. <\/p>\n\n\n\n<p>Ricorda: il protocollo <strong>InCattedra<\/strong> \u00e8 indicato sia per i docenti gi\u00e0 iscritti in graduatoria GPS, sia per gli aspiranti ancora non inseriti. <\/p>\n\n\n\n<p class=\"has-text-align-center\"><em><strong>Hai una Laurea magistrale?<\/strong><\/em><\/p>\n\n\n\n<p class=\"has-text-align-center\"><strong><em>Vorresti accedere alle graduatorie preparato e con un posizionamento ottimale, <\/em><\/strong><br><strong><em>che ti consenta di ottenere subito delle convocazioni?<\/em><\/strong><\/p>\n\n\n\n<p class=\"has-text-align-center\"><strong><em>Allora, non aspettare altro tempo e&#8230;<\/em><\/strong><\/p>\n\n\n<p>[maxbutton id=&#8221;1&#8243; url=&#8221;https:\/\/docenti.it\/in-cattedra\/richiesta.html?lnk=104&#8243; text=&#8221;Scopri subito InCattedra&#8221; ]<\/p>\n\n\n\n<p><\/p>\n\n\n\n<p>Vuoi rimanere sempre aggiornato con le novit\u00e0 del mondo scuola?<br>Ecco cosa ti potrebbe interessare sapere:<\/p>\n\n\n\n<ul><li><a href=\"https:\/\/www.docenti.it\/blog\/inviare-la-mad-per-una-classe-di-concorso-satura-conviene\/\" target=\"_blank\" rel=\"noreferrer noopener\">Inviare la MAD per una Classe di Concorso satura: conviene?<\/a><\/li><li><a href=\"https:\/\/www.docenti.it\/blog\/supplenze-scuola-il-supplente-resta-in-servizio-se-il-titolare-rientra-in-anticipo\/\" target=\"_blank\" rel=\"noreferrer noopener\">Supplenze scuola: il supplente resta in servizio, se il titolare rientra in anticipo?<\/a><\/li><li><a href=\"si pu\u00f2 licenziare un supplente MAD per riassumere da MAD?\" target=\"_blank\" rel=\"noreferrer noopener\">Supplenze scuola: si pu\u00f2 licenziare un supplente MAD per riassumere da MAD?<\/a><\/li><\/ul>\n\n\n\n<p>Photo credit: <a href=\"https:\/\/www.pexels.com\/\" target=\"_blank\" rel=\"noreferrer noopener\">pexels.com<\/a><\/p>\n","protected":false},"excerpt":{"rendered":"<p>Supplenze scuola: \u00e8 possibile che un aspirante docente possa essere assunto da MAD prima [&hellip;]<\/p>\n","protected":false},"author":9,"featured_media":15666,"comment_status":"open","ping_status":"open","sticky":false,"template":"","format":"standard","meta":[],"categories":[5,233,2],"tags":[86,88],"yoast_head":"<!-- This site is optimized with the Yoast SEO plugin v20.4 - https:\/\/yoast.com\/wordpress\/plugins\/seo\/ -->\n<title>Supplenze scuola: assunti da MAD anche se ci sono iscritti in GPS. Perch\u00e9?<\/title>\n<meta name=\"description\" content=\"\u00c8 possibile che un aspirante docente possa essere assunto da MAD prima di un iscritto nelle GPS? Come funzionano le supplenze scuola?\" \/>\n<meta name=\"robots\" content=\"index, follow, max-snippet:-1, max-image-preview:large, max-video-preview:-1\" \/>\n<link rel=\"canonical\" href=\"https:\/\/www.docenti.it\/blog\/supplenze-scuola-assunti-da-mad-anche-se-ci-sono-iscritti-in-gps-perche-incattedra\/\" \/>\n<meta property=\"og:locale\" content=\"it_IT\" \/>\n<meta property=\"og:type\" content=\"article\" \/>\n<meta property=\"og:title\" content=\"Supplenze scuola: assunti da MAD anche se ci sono iscritti in GPS. Perch\u00e9?\" \/>\n<meta property=\"og:description\" content=\"\u00c8 possibile che un aspirante docente possa essere assunto da MAD prima di un iscritto nelle GPS? Come funzionano le supplenze scuola?\" \/>\n<meta property=\"og:url\" content=\"https:\/\/www.docenti.it\/blog\/supplenze-scuola-assunti-da-mad-anche-se-ci-sono-iscritti-in-gps-perche-incattedra\/\" \/>\n<meta property=\"og:site_name\" content=\"Blog | Docenti.it\" \/>\n<meta property=\"article:publisher\" content=\"https:\/\/www.facebook.com\/docenti.it\" \/>\n<meta property=\"article:published_time\" content=\"2022-02-16T09:45:00+00:00\" \/>\n<meta property=\"article:modified_time\" content=\"2022-02-16T09:07:24+00:00\" \/>\n<meta property=\"og:image\" content=\"https:\/\/www.docenti.it\/blog\/wp-content\/uploads\/2022\/02\/pexels-katerina-holmes-5905441.jpg\" \/>\n\t<meta property=\"og:image:width\" content=\"640\" \/>\n\t<meta property=\"og:image:height\" content=\"426\" \/>\n\t<meta property=\"og:image:type\" content=\"image\/jpeg\" \/>\n<meta name=\"author\" content=\"Redazione\" \/>\n<meta name=\"twitter:card\" content=\"summary_large_image\" \/>\n<meta name=\"twitter:label1\" content=\"Written by\" \/>\n\t<meta name=\"twitter:data1\" content=\"Redazione\" \/>\n\t<meta name=\"twitter:label2\" content=\"Est. reading time\" \/>\n\t<meta name=\"twitter:data2\" content=\"6 minuti\" \/>\n<script type=\"application\/ld+json\" class=\"yoast-schema-graph\">{\"@context\":\"https:\/\/schema.org\",\"@graph\":[{\"@type\":\"Article\",\"@id\":\"https:\/\/www.docenti.it\/blog\/supplenze-scuola-assunti-da-mad-anche-se-ci-sono-iscritti-in-gps-perche-incattedra\/#article\",\"isPartOf\":{\"@id\":\"https:\/\/www.docenti.it\/blog\/supplenze-scuola-assunti-da-mad-anche-se-ci-sono-iscritti-in-gps-perche-incattedra\/\"},\"author\":{\"name\":\"Redazione\",\"@id\":\"https:\/\/www.docenti.it\/blog\/#\/schema\/person\/3d4223198563da0fa6ed0642b5067e21\"},\"headline\":\"Supplenze scuola: assunti da MAD anche se ci sono iscritti in GPS. Perch\u00e9?\",\"datePublished\":\"2022-02-16T09:45:00+00:00\",\"dateModified\":\"2022-02-16T09:07:24+00:00\",\"mainEntityOfPage\":{\"@id\":\"https:\/\/www.docenti.it\/blog\/supplenze-scuola-assunti-da-mad-anche-se-ci-sono-iscritti-in-gps-perche-incattedra\/\"},\"wordCount\":1146,\"commentCount\":0,\"publisher\":{\"@id\":\"https:\/\/www.docenti.it\/blog\/#organization\"},\"keywords\":[\"aggiornamento graduatorie GPS\",\"graduatorie docenti\"],\"articleSection\":[\"Graduatorie scuola\",\"InCattedra\",\"Messa a Disposizione\"],\"inLanguage\":\"it-IT\",\"potentialAction\":[{\"@type\":\"CommentAction\",\"name\":\"Comment\",\"target\":[\"https:\/\/www.docenti.it\/blog\/supplenze-scuola-assunti-da-mad-anche-se-ci-sono-iscritti-in-gps-perche-incattedra\/#respond\"]}]},{\"@type\":\"WebPage\",\"@id\":\"https:\/\/www.docenti.it\/blog\/supplenze-scuola-assunti-da-mad-anche-se-ci-sono-iscritti-in-gps-perche-incattedra\/\",\"url\":\"https:\/\/www.docenti.it\/blog\/supplenze-scuola-assunti-da-mad-anche-se-ci-sono-iscritti-in-gps-perche-incattedra\/\",\"name\":\"Supplenze scuola: assunti da MAD anche se ci sono iscritti in GPS. Perch\u00e9?\",\"isPartOf\":{\"@id\":\"https:\/\/www.docenti.it\/blog\/#website\"},\"datePublished\":\"2022-02-16T09:45:00+00:00\",\"dateModified\":\"2022-02-16T09:07:24+00:00\",\"description\":\"\u00c8 possibile che un aspirante docente possa essere assunto da MAD prima di un iscritto nelle GPS? Come funzionano le supplenze scuola?\",\"breadcrumb\":{\"@id\":\"https:\/\/www.docenti.it\/blog\/supplenze-scuola-assunti-da-mad-anche-se-ci-sono-iscritti-in-gps-perche-incattedra\/#breadcrumb\"},\"inLanguage\":\"it-IT\",\"potentialAction\":[{\"@type\":\"ReadAction\",\"target\":[\"https:\/\/www.docenti.it\/blog\/supplenze-scuola-assunti-da-mad-anche-se-ci-sono-iscritti-in-gps-perche-incattedra\/\"]}]},{\"@type\":\"BreadcrumbList\",\"@id\":\"https:\/\/www.docenti.it\/blog\/supplenze-scuola-assunti-da-mad-anche-se-ci-sono-iscritti-in-gps-perche-incattedra\/#breadcrumb\",\"itemListElement\":[{\"@type\":\"ListItem\",\"position\":1,\"name\":\"Home\",\"item\":\"https:\/\/www.docenti.it\/blog\/\"},{\"@type\":\"ListItem\",\"position\":2,\"name\":\"Supplenze scuola: assunti da MAD anche se ci sono iscritti in GPS. Perch\u00e9?\"}]},{\"@type\":\"WebSite\",\"@id\":\"https:\/\/www.docenti.it\/blog\/#website\",\"url\":\"https:\/\/www.docenti.it\/blog\/\",\"name\":\"Blog | Docenti.it\",\"description\":\"Tutte le notizie e gli aggiornamenti dal mondo della scuola\",\"publisher\":{\"@id\":\"https:\/\/www.docenti.it\/blog\/#organization\"},\"potentialAction\":[{\"@type\":\"SearchAction\",\"target\":{\"@type\":\"EntryPoint\",\"urlTemplate\":\"https:\/\/www.docenti.it\/blog\/?s={search_term_string}\"},\"query-input\":\"required name=search_term_string\"}],\"inLanguage\":\"it-IT\"},{\"@type\":\"Organization\",\"@id\":\"https:\/\/www.docenti.it\/blog\/#organization\",\"name\":\"Blog | Docenti.it\",\"url\":\"https:\/\/www.docenti.it\/blog\/\",\"logo\":{\"@type\":\"ImageObject\",\"inLanguage\":\"it-IT\",\"@id\":\"https:\/\/www.docenti.it\/blog\/#\/schema\/logo\/image\/\",\"url\":\"https:\/\/www.docenti.it\/blog\/wp-content\/uploads\/2025\/06\/fb_mad_img.png\",\"contentUrl\":\"https:\/\/www.docenti.it\/blog\/wp-content\/uploads\/2025\/06\/fb_mad_img.png\",\"width\":1140,\"height\":620,\"caption\":\"Blog | Docenti.it\"},\"image\":{\"@id\":\"https:\/\/www.docenti.it\/blog\/#\/schema\/logo\/image\/\"},\"sameAs\":[\"https:\/\/www.facebook.com\/docenti.it\"]},{\"@type\":\"Person\",\"@id\":\"https:\/\/www.docenti.it\/blog\/#\/schema\/person\/3d4223198563da0fa6ed0642b5067e21\",\"name\":\"Redazione\",\"image\":{\"@type\":\"ImageObject\",\"inLanguage\":\"it-IT\",\"@id\":\"https:\/\/www.docenti.it\/blog\/#\/schema\/person\/image\/\",\"url\":\"https:\/\/secure.gravatar.com\/avatar\/77fc9ba6a8d651d4b3575bf7cbadad48?s=96&d=mm&r=g\",\"contentUrl\":\"https:\/\/secure.gravatar.com\/avatar\/77fc9ba6a8d651d4b3575bf7cbadad48?s=96&d=mm&r=g\",\"caption\":\"Redazione\"},\"url\":\"https:\/\/www.docenti.it\/blog\/author\/valentina\/\"}]}<\/script>\n<!-- \/ Yoast SEO plugin. -->","yoast_head_json":{"title":"Supplenze scuola: assunti da MAD anche se ci sono iscritti in GPS. Perch\u00e9?","description":"\u00c8 possibile che un aspirante docente possa essere assunto da MAD prima di un iscritto nelle GPS? Come funzionano le supplenze scuola?","robots":{"index":"index","follow":"follow","max-snippet":"max-snippet:-1","max-image-preview":"max-image-preview:large","max-video-preview":"max-video-preview:-1"},"canonical":"https:\/\/www.docenti.it\/blog\/supplenze-scuola-assunti-da-mad-anche-se-ci-sono-iscritti-in-gps-perche-incattedra\/","og_locale":"it_IT","og_type":"article","og_title":"Supplenze scuola: assunti da MAD anche se ci sono iscritti in GPS. Perch\u00e9?","og_description":"\u00c8 possibile che un aspirante docente possa essere assunto da MAD prima di un iscritto nelle GPS? Come funzionano le supplenze scuola?","og_url":"https:\/\/www.docenti.it\/blog\/supplenze-scuola-assunti-da-mad-anche-se-ci-sono-iscritti-in-gps-perche-incattedra\/","og_site_name":"Blog | Docenti.it","article_publisher":"https:\/\/www.facebook.com\/docenti.it","article_published_time":"2022-02-16T09:45:00+00:00","article_modified_time":"2022-02-16T09:07:24+00:00","og_image":[{"width":640,"height":426,"url":"https:\/\/www.docenti.it\/blog\/wp-content\/uploads\/2022\/02\/pexels-katerina-holmes-5905441.jpg","type":"image\/jpeg"}],"author":"Redazione","twitter_card":"summary_large_image","twitter_misc":{"Written by":"Redazione","Est. reading time":"6 minuti"},"schema":{"@context":"https:\/\/schema.org","@graph":[{"@type":"Article","@id":"https:\/\/www.docenti.it\/blog\/supplenze-scuola-assunti-da-mad-anche-se-ci-sono-iscritti-in-gps-perche-incattedra\/#article","isPartOf":{"@id":"https:\/\/www.docenti.it\/blog\/supplenze-scuola-assunti-da-mad-anche-se-ci-sono-iscritti-in-gps-perche-incattedra\/"},"author":{"name":"Redazione","@id":"https:\/\/www.docenti.it\/blog\/#\/schema\/person\/3d4223198563da0fa6ed0642b5067e21"},"headline":"Supplenze scuola: assunti da MAD anche se ci sono iscritti in GPS. Perch\u00e9?","datePublished":"2022-02-16T09:45:00+00:00","dateModified":"2022-02-16T09:07:24+00:00","mainEntityOfPage":{"@id":"https:\/\/www.docenti.it\/blog\/supplenze-scuola-assunti-da-mad-anche-se-ci-sono-iscritti-in-gps-perche-incattedra\/"},"wordCount":1146,"commentCount":0,"publisher":{"@id":"https:\/\/www.docenti.it\/blog\/#organization"},"keywords":["aggiornamento graduatorie GPS","graduatorie docenti"],"articleSection":["Graduatorie scuola","InCattedra","Messa a Disposizione"],"inLanguage":"it-IT","potentialAction":[{"@type":"CommentAction","name":"Comment","target":["https:\/\/www.docenti.it\/blog\/supplenze-scuola-assunti-da-mad-anche-se-ci-sono-iscritti-in-gps-perche-incattedra\/#respond"]}]},{"@type":"WebPage","@id":"https:\/\/www.docenti.it\/blog\/supplenze-scuola-assunti-da-mad-anche-se-ci-sono-iscritti-in-gps-perche-incattedra\/","url":"https:\/\/www.docenti.it\/blog\/supplenze-scuola-assunti-da-mad-anche-se-ci-sono-iscritti-in-gps-perche-incattedra\/","name":"Supplenze scuola: assunti da MAD anche se ci sono iscritti in GPS. Perch\u00e9?","isPartOf":{"@id":"https:\/\/www.docenti.it\/blog\/#website"},"datePublished":"2022-02-16T09:45:00+00:00","dateModified":"2022-02-16T09:07:24+00:00","description":"\u00c8 possibile che un aspirante docente possa essere assunto da MAD prima di un iscritto nelle GPS? Come funzionano le supplenze scuola?","breadcrumb":{"@id":"https:\/\/www.docenti.it\/blog\/supplenze-scuola-assunti-da-mad-anche-se-ci-sono-iscritti-in-gps-perche-incattedra\/#breadcrumb"},"inLanguage":"it-IT","potentialAction":[{"@type":"ReadAction","target":["https:\/\/www.docenti.it\/blog\/supplenze-scuola-assunti-da-mad-anche-se-ci-sono-iscritti-in-gps-perche-incattedra\/"]}]},{"@type":"BreadcrumbList","@id":"https:\/\/www.docenti.it\/blog\/supplenze-scuola-assunti-da-mad-anche-se-ci-sono-iscritti-in-gps-perche-incattedra\/#breadcrumb","itemListElement":[{"@type":"ListItem","position":1,"name":"Home","item":"https:\/\/www.docenti.it\/blog\/"},{"@type":"ListItem","position":2,"name":"Supplenze scuola: assunti da MAD anche se ci sono iscritti in GPS. Perch\u00e9?"}]},{"@type":"WebSite","@id":"https:\/\/www.docenti.it\/blog\/#website","url":"https:\/\/www.docenti.it\/blog\/","name":"Blog | Docenti.it","description":"Tutte le notizie e gli aggiornamenti dal mondo della scuola","publisher":{"@id":"https:\/\/www.docenti.it\/blog\/#organization"},"potentialAction":[{"@type":"SearchAction","target":{"@type":"EntryPoint","urlTemplate":"https:\/\/www.docenti.it\/blog\/?s={search_term_string}"},"query-input":"required name=search_term_string"}],"inLanguage":"it-IT"},{"@type":"Organization","@id":"https:\/\/www.docenti.it\/blog\/#organization","name":"Blog | Docenti.it","url":"https:\/\/www.docenti.it\/blog\/","logo":{"@type":"ImageObject","inLanguage":"it-IT","@id":"https:\/\/www.docenti.it\/blog\/#\/schema\/logo\/image\/","url":"https:\/\/www.docenti.it\/blog\/wp-content\/uploads\/2025\/06\/fb_mad_img.png","contentUrl":"https:\/\/www.docenti.it\/blog\/wp-content\/uploads\/2025\/06\/fb_mad_img.png","width":1140,"height":620,"caption":"Blog | Docenti.it"},"image":{"@id":"https:\/\/www.docenti.it\/blog\/#\/schema\/logo\/image\/"},"sameAs":["https:\/\/www.facebook.com\/docenti.it"]},{"@type":"Person","@id":"https:\/\/www.docenti.it\/blog\/#\/schema\/person\/3d4223198563da0fa6ed0642b5067e21","name":"Redazione","image":{"@type":"ImageObject","inLanguage":"it-IT","@id":"https:\/\/www.docenti.it\/blog\/#\/schema\/person\/image\/","url":"https:\/\/secure.gravatar.com\/avatar\/77fc9ba6a8d651d4b3575bf7cbadad48?s=96&d=mm&r=g","contentUrl":"https:\/\/secure.gravatar.com\/avatar\/77fc9ba6a8d651d4b3575bf7cbadad48?s=96&d=mm&r=g","caption":"Redazione"},"url":"https:\/\/www.docenti.it\/blog\/author\/valentina\/"}]}},"_links":{"self":[{"href":"https:\/\/www.docenti.it\/blog\/wp-json\/wp\/v2\/posts\/15624"}],"collection":[{"href":"https:\/\/www.docenti.it\/blog\/wp-json\/wp\/v2\/posts"}],"about":[{"href":"https:\/\/www.docenti.it\/blog\/wp-json\/wp\/v2\/types\/post"}],"author":[{"embeddable":true,"href":"https:\/\/www.docenti.it\/blog\/wp-json\/wp\/v2\/users\/9"}],"replies":[{"embeddable":true,"href":"https:\/\/www.docenti.it\/blog\/wp-json\/wp\/v2\/comments?post=15624"}],"version-history":[{"count":75,"href":"https:\/\/www.docenti.it\/blog\/wp-json\/wp\/v2\/posts\/15624\/revisions"}],"predecessor-version":[{"id":15771,"href":"https:\/\/www.docenti.it\/blog\/wp-json\/wp\/v2\/posts\/15624\/revisions\/15771"}],"wp:featuredmedia":[{"embeddable":true,"href":"https:\/\/www.docenti.it\/blog\/wp-json\/wp\/v2\/media\/15666"}],"wp:attachment":[{"href":"https:\/\/www.docenti.it\/blog\/wp-json\/wp\/v2\/media?parent=15624"}],"wp:term":[{"taxonomy":"category","embeddable":true,"href":"https:\/\/www.docenti.it\/blog\/wp-json\/wp\/v2\/categories?post=15624"},{"taxonomy":"post_tag","embeddable":true,"href":"https:\/\/www.docenti.it\/blog\/wp-json\/wp\/v2\/tags?post=15624"}],"curies":[{"name":"wp","href":"https:\/\/api.w.org\/{rel}","templated":true}]}}