{"id":15967,"date":"2022-02-18T14:27:56","date_gmt":"2022-02-18T13:27:56","guid":{"rendered":"https:\/\/www.docenti.it\/blog\/?p=15967"},"modified":"2022-02-18T14:27:57","modified_gmt":"2022-02-18T13:27:57","slug":"supplenze-scuola-covid-e-ata-quando-ce-il-rischio-licenziamento","status":"publish","type":"post","link":"https:\/\/www.docenti.it\/blog\/supplenze-scuola-covid-e-ata-quando-ce-il-rischio-licenziamento\/","title":{"rendered":"Supplenze scuola Covid e ATA: quando c\u2019\u00e8 il  rischio licenziamento"},"content":{"rendered":"\n<p><strong>La Legge di Bilancio ha prorogato le supplenze Covid e ATA fino al 31 marzo 2022. <\/strong><\/p>\n\n\n\n<p>Il Ministero ha chiarito comunque che ci sar\u00e0 una proroga fino al termine delle lezioni.<\/p>\n\n\n\n<p>Ma \u00e8 possibile anticipare la risoluzione dei contratti al 31 marzo?<\/p>\n\n\n\n<p>Vediamo cosa sta accadendo nel mondo delle supplenze scuola.<\/p>\n\n\n\n<!--more-->\n\n\n\n<h2>Difficolt\u00e0 sulle supplenze scuola<\/h2>\n\n\n\n<p>Il Miur conferma <strong>la proroga delle supplenze Covid e ATA fino al 31 marzo 2022<\/strong>.<\/p>\n\n\n\n<p>Nonostante ci\u00f2, le difficolt\u00e0 del Ministero sono state da subito evidenti. Infatti, la nota che ha parlato di una conferma di alcuni contratti \u00e8 del 28 dicembre 2021, uscita solamente tre giorni prima dalla scadenza originaria delle supplenze.<\/p>\n\n\n\n<p><strong>Ma la possibilit\u00e0 di conferma di tutti i contratti \u00e8 avvenuta successivamente: il 12 gennaio.<\/strong><\/p>\n\n\n\n<p>Inizialmente, il rallentamento del Ministero aveva suscitato l&#8217;idea che non ci fosse un&#8217;adeguata copertura finanziaria per la conferma di tutti i contratti di supplenza.<\/p>\n\n\n\n<p>Recentemente, alcuni docenti hanno visto delle modifiche: <strong>i termini di scadenza dei contratti sono stati anticipati.<\/strong><\/p>\n\n\n\n<p><em>Ma come \u00e8 possibile?<\/em><\/p>\n\n\n\n<h3>Risoluzione del contratto al 31 marzo<\/h3>\n\n\n\n<p>Alcuni supplenti Covid e ATA con contratto al 31 marzo sono stati licenziati anticipatamente. <\/p>\n\n\n\n<p>L&#8217;ANQUAP (Associazione Nazionale Quadri delle Amministrazioni Pubbliche) spiega:<\/p>\n\n\n\n<blockquote class=\"wp-block-quote\"><p><em>&#8220;A partire dal mese di settembre le scuole con numerosi posti vacanti hanno provveduto ad effettuare le convocazioni per la copertura degli stessi e le disponibilit\u00e0 sono pervenute principalmente per i contratti al 31 agosto e per i contratti al 30 giugno e solo in via residuale si \u00e8 riusciti a coprire anche i posti covid con durata di contratto al 30 dicembre. In considerazione di ci\u00f2 parecchie scuole hanno instaurato rapporti di lavoro solo a decorrere dalla seconda met\u00e0 di ottobre se non addirittura nei mesi di novembre e dicembre sostenendo pertanto una spesa parziale rispetto al fabbisogno o al budget assegnato. Con il sistema di calcolo prospettato, basato sulla spesa complessiva sostenuta e non sul budget assegnato, numerose scuole non riusciranno a prorogare i contratti in essere alla scadenza prevista dall\u2019art. 1 comma 326 della legge di bilancio fino al 31 marzo 2022 bens\u00ec dovranno far terminare i contratti in essere anticipandone la scadenza.&#8221;<\/em><\/p><cite>Fonte: OrizzonteScuola<\/cite><\/blockquote>\n\n\n\n<h4>Piattaforma per simulazione contratti: funziona?<\/h4>\n\n\n\n<p>Continuando, ANQUAP aggiunge che: <em>&#8220;Si segnala per ultimo che non essendo caricati i budget all\u2019interno della piattaforma GEPOS le scuole che procedono ad una simulazione ricevono il risultato KO rendendo, di fatto, inutilizzabile un fondamentale strumento di controllo per la verifica della copertura dei contratti da cui possono derivare responsabilit\u00e0 erariali in caso di non corrette quantificazioni per la copertura dei contratti in oggetto.&#8221;<\/em><\/p>\n\n\n\n<p>Si \u00e8 in attesa di un nuovo emendamento al Decreto Milleproroghe per la proroga dei contratti fino al termine delle lezioni.<\/p>\n\n\n\n<p>Leggi anche:<\/p>\n\n\n\n<ul><li><a href=\"https:\/\/www.docenti.it\/blog\/personale-ata-terza-fascia-cosa-comporta-labbandono-supplenza\/\" target=\"_blank\" rel=\"noreferrer noopener\">Personale ATA terza fascia: cosa comporta l\u2019abbandono supplenza<\/a><\/li><li><a href=\"cosa succede se il docente abbandona il servizio?\" target=\"_blank\" rel=\"noreferrer noopener\">Supplenze: cosa succede se il docente abbandona il servizio?<\/a><\/li><\/ul>\n\n\n\n<p>Photo credit: <a href=\"https:\/\/www.pexels.com\/\" target=\"_blank\" rel=\"noreferrer noopener\">pexels.com<\/a><\/p>\n","protected":false},"excerpt":{"rendered":"<p>La Legge di Bilancio ha prorogato le supplenze Covid e ATA fino al 31 [&hellip;]<\/p>\n","protected":false},"author":22,"featured_media":16098,"comment_status":"open","ping_status":"open","sticky":false,"template":"","format":"standard","meta":[],"categories":[4],"tags":[402],"yoast_head":"<!-- This site is optimized with the Yoast SEO plugin v20.4 - https:\/\/yoast.com\/wordpress\/plugins\/seo\/ -->\n<title>Supplenze scuola Covid e ATA: quando c\u2019\u00e8 il rischio licenziamento<\/title>\n<meta name=\"description\" content=\"Supplenze scuola Covid e ATA prorogate fino al 31 marzo 2022: ma si pu\u00f2 essere licenziati prima? Vediamo cosa sta accadendo.\" \/>\n<meta name=\"robots\" content=\"index, follow, max-snippet:-1, max-image-preview:large, max-video-preview:-1\" \/>\n<link rel=\"canonical\" href=\"https:\/\/www.docenti.it\/blog\/supplenze-scuola-covid-e-ata-quando-ce-il-rischio-licenziamento\/\" \/>\n<meta property=\"og:locale\" content=\"it_IT\" \/>\n<meta property=\"og:type\" content=\"article\" \/>\n<meta property=\"og:title\" content=\"Supplenze scuola Covid e ATA: quando c\u2019\u00e8 il rischio licenziamento\" \/>\n<meta property=\"og:description\" content=\"Supplenze scuola Covid e ATA prorogate fino al 31 marzo 2022: ma si pu\u00f2 essere licenziati prima? Vediamo cosa sta accadendo.\" \/>\n<meta property=\"og:url\" content=\"https:\/\/www.docenti.it\/blog\/supplenze-scuola-covid-e-ata-quando-ce-il-rischio-licenziamento\/\" \/>\n<meta property=\"og:site_name\" content=\"Blog | Docenti.it\" \/>\n<meta property=\"article:publisher\" content=\"https:\/\/www.facebook.com\/docenti.it\" \/>\n<meta property=\"article:published_time\" content=\"2022-02-18T13:27:56+00:00\" \/>\n<meta property=\"article:modified_time\" content=\"2022-02-18T13:27:57+00:00\" \/>\n<meta property=\"og:image\" content=\"https:\/\/www.docenti.it\/blog\/wp-content\/uploads\/2022\/02\/pexels-element-digital-1370296.jpg\" \/>\n\t<meta property=\"og:image:width\" content=\"640\" \/>\n\t<meta property=\"og:image:height\" content=\"427\" \/>\n\t<meta property=\"og:image:type\" content=\"image\/jpeg\" \/>\n<meta name=\"author\" content=\"Veronica Conti\" \/>\n<meta name=\"twitter:card\" content=\"summary_large_image\" \/>\n<meta name=\"twitter:label1\" content=\"Written by\" \/>\n\t<meta name=\"twitter:data1\" content=\"Veronica Conti\" \/>\n\t<meta name=\"twitter:label2\" content=\"Est. reading time\" \/>\n\t<meta name=\"twitter:data2\" content=\"3 minuti\" \/>\n<script type=\"application\/ld+json\" class=\"yoast-schema-graph\">{\"@context\":\"https:\/\/schema.org\",\"@graph\":[{\"@type\":\"Article\",\"@id\":\"https:\/\/www.docenti.it\/blog\/supplenze-scuola-covid-e-ata-quando-ce-il-rischio-licenziamento\/#article\",\"isPartOf\":{\"@id\":\"https:\/\/www.docenti.it\/blog\/supplenze-scuola-covid-e-ata-quando-ce-il-rischio-licenziamento\/\"},\"author\":{\"name\":\"Veronica Conti\",\"@id\":\"https:\/\/www.docenti.it\/blog\/#\/schema\/person\/db2692c75b023bba5319018ede576846\"},\"headline\":\"Supplenze scuola Covid e ATA: quando c\u2019\u00e8 il rischio licenziamento\",\"datePublished\":\"2022-02-18T13:27:56+00:00\",\"dateModified\":\"2022-02-18T13:27:57+00:00\",\"mainEntityOfPage\":{\"@id\":\"https:\/\/www.docenti.it\/blog\/supplenze-scuola-covid-e-ata-quando-ce-il-rischio-licenziamento\/\"},\"wordCount\":456,\"commentCount\":0,\"publisher\":{\"@id\":\"https:\/\/www.docenti.it\/blog\/#organization\"},\"keywords\":[\"supplenze covid\"],\"articleSection\":[\"News\"],\"inLanguage\":\"it-IT\",\"potentialAction\":[{\"@type\":\"CommentAction\",\"name\":\"Comment\",\"target\":[\"https:\/\/www.docenti.it\/blog\/supplenze-scuola-covid-e-ata-quando-ce-il-rischio-licenziamento\/#respond\"]}]},{\"@type\":\"WebPage\",\"@id\":\"https:\/\/www.docenti.it\/blog\/supplenze-scuola-covid-e-ata-quando-ce-il-rischio-licenziamento\/\",\"url\":\"https:\/\/www.docenti.it\/blog\/supplenze-scuola-covid-e-ata-quando-ce-il-rischio-licenziamento\/\",\"name\":\"Supplenze scuola Covid e ATA: quando c\u2019\u00e8 il rischio licenziamento\",\"isPartOf\":{\"@id\":\"https:\/\/www.docenti.it\/blog\/#website\"},\"datePublished\":\"2022-02-18T13:27:56+00:00\",\"dateModified\":\"2022-02-18T13:27:57+00:00\",\"description\":\"Supplenze scuola Covid e ATA prorogate fino al 31 marzo 2022: ma si pu\u00f2 essere licenziati prima? Vediamo cosa sta accadendo.\",\"breadcrumb\":{\"@id\":\"https:\/\/www.docenti.it\/blog\/supplenze-scuola-covid-e-ata-quando-ce-il-rischio-licenziamento\/#breadcrumb\"},\"inLanguage\":\"it-IT\",\"potentialAction\":[{\"@type\":\"ReadAction\",\"target\":[\"https:\/\/www.docenti.it\/blog\/supplenze-scuola-covid-e-ata-quando-ce-il-rischio-licenziamento\/\"]}]},{\"@type\":\"BreadcrumbList\",\"@id\":\"https:\/\/www.docenti.it\/blog\/supplenze-scuola-covid-e-ata-quando-ce-il-rischio-licenziamento\/#breadcrumb\",\"itemListElement\":[{\"@type\":\"ListItem\",\"position\":1,\"name\":\"Home\",\"item\":\"https:\/\/www.docenti.it\/blog\/\"},{\"@type\":\"ListItem\",\"position\":2,\"name\":\"Supplenze scuola Covid e ATA: quando c\u2019\u00e8 il rischio licenziamento\"}]},{\"@type\":\"WebSite\",\"@id\":\"https:\/\/www.docenti.it\/blog\/#website\",\"url\":\"https:\/\/www.docenti.it\/blog\/\",\"name\":\"Blog | Docenti.it\",\"description\":\"Tutte le notizie e gli aggiornamenti dal mondo della scuola\",\"publisher\":{\"@id\":\"https:\/\/www.docenti.it\/blog\/#organization\"},\"potentialAction\":[{\"@type\":\"SearchAction\",\"target\":{\"@type\":\"EntryPoint\",\"urlTemplate\":\"https:\/\/www.docenti.it\/blog\/?s={search_term_string}\"},\"query-input\":\"required name=search_term_string\"}],\"inLanguage\":\"it-IT\"},{\"@type\":\"Organization\",\"@id\":\"https:\/\/www.docenti.it\/blog\/#organization\",\"name\":\"Blog | Docenti.it\",\"url\":\"https:\/\/www.docenti.it\/blog\/\",\"logo\":{\"@type\":\"ImageObject\",\"inLanguage\":\"it-IT\",\"@id\":\"https:\/\/www.docenti.it\/blog\/#\/schema\/logo\/image\/\",\"url\":\"https:\/\/www.docenti.it\/blog\/wp-content\/uploads\/2025\/06\/fb_mad_img.png\",\"contentUrl\":\"https:\/\/www.docenti.it\/blog\/wp-content\/uploads\/2025\/06\/fb_mad_img.png\",\"width\":1140,\"height\":620,\"caption\":\"Blog | Docenti.it\"},\"image\":{\"@id\":\"https:\/\/www.docenti.it\/blog\/#\/schema\/logo\/image\/\"},\"sameAs\":[\"https:\/\/www.facebook.com\/docenti.it\"]},{\"@type\":\"Person\",\"@id\":\"https:\/\/www.docenti.it\/blog\/#\/schema\/person\/db2692c75b023bba5319018ede576846\",\"name\":\"Veronica Conti\",\"image\":{\"@type\":\"ImageObject\",\"inLanguage\":\"it-IT\",\"@id\":\"https:\/\/www.docenti.it\/blog\/#\/schema\/person\/image\/\",\"url\":\"https:\/\/secure.gravatar.com\/avatar\/9709c2e092989f0e61eda04e2d96c120?s=96&d=mm&r=g\",\"contentUrl\":\"https:\/\/secure.gravatar.com\/avatar\/9709c2e092989f0e61eda04e2d96c120?s=96&d=mm&r=g\",\"caption\":\"Veronica Conti\"},\"description\":\"Classe 1998, \u00e8 studentessa e insegnante di musica. Ha conseguito il Diploma di Violoncello nel 2018 e, due anni dopo, il Diploma Accademico di II Livello in Violoncello presso il Conservatorio di Cesena. Frequenta il terzo anno all'universit\u00e0 di Urbino, Lingue e Culture Straniere profilo linguistico-aziendale, ed \u00e8 tirocinante presso Docenti.it.\",\"url\":\"https:\/\/www.docenti.it\/blog\/author\/veronica-conti\/\"}]}<\/script>\n<!-- \/ Yoast SEO plugin. -->","yoast_head_json":{"title":"Supplenze scuola Covid e ATA: quando c\u2019\u00e8 il rischio licenziamento","description":"Supplenze scuola Covid e ATA prorogate fino al 31 marzo 2022: ma si pu\u00f2 essere licenziati prima? Vediamo cosa sta accadendo.","robots":{"index":"index","follow":"follow","max-snippet":"max-snippet:-1","max-image-preview":"max-image-preview:large","max-video-preview":"max-video-preview:-1"},"canonical":"https:\/\/www.docenti.it\/blog\/supplenze-scuola-covid-e-ata-quando-ce-il-rischio-licenziamento\/","og_locale":"it_IT","og_type":"article","og_title":"Supplenze scuola Covid e ATA: quando c\u2019\u00e8 il rischio licenziamento","og_description":"Supplenze scuola Covid e ATA prorogate fino al 31 marzo 2022: ma si pu\u00f2 essere licenziati prima? Vediamo cosa sta accadendo.","og_url":"https:\/\/www.docenti.it\/blog\/supplenze-scuola-covid-e-ata-quando-ce-il-rischio-licenziamento\/","og_site_name":"Blog | Docenti.it","article_publisher":"https:\/\/www.facebook.com\/docenti.it","article_published_time":"2022-02-18T13:27:56+00:00","article_modified_time":"2022-02-18T13:27:57+00:00","og_image":[{"width":640,"height":427,"url":"https:\/\/www.docenti.it\/blog\/wp-content\/uploads\/2022\/02\/pexels-element-digital-1370296.jpg","type":"image\/jpeg"}],"author":"Veronica Conti","twitter_card":"summary_large_image","twitter_misc":{"Written by":"Veronica Conti","Est. reading time":"3 minuti"},"schema":{"@context":"https:\/\/schema.org","@graph":[{"@type":"Article","@id":"https:\/\/www.docenti.it\/blog\/supplenze-scuola-covid-e-ata-quando-ce-il-rischio-licenziamento\/#article","isPartOf":{"@id":"https:\/\/www.docenti.it\/blog\/supplenze-scuola-covid-e-ata-quando-ce-il-rischio-licenziamento\/"},"author":{"name":"Veronica Conti","@id":"https:\/\/www.docenti.it\/blog\/#\/schema\/person\/db2692c75b023bba5319018ede576846"},"headline":"Supplenze scuola Covid e ATA: quando c\u2019\u00e8 il rischio licenziamento","datePublished":"2022-02-18T13:27:56+00:00","dateModified":"2022-02-18T13:27:57+00:00","mainEntityOfPage":{"@id":"https:\/\/www.docenti.it\/blog\/supplenze-scuola-covid-e-ata-quando-ce-il-rischio-licenziamento\/"},"wordCount":456,"commentCount":0,"publisher":{"@id":"https:\/\/www.docenti.it\/blog\/#organization"},"keywords":["supplenze covid"],"articleSection":["News"],"inLanguage":"it-IT","potentialAction":[{"@type":"CommentAction","name":"Comment","target":["https:\/\/www.docenti.it\/blog\/supplenze-scuola-covid-e-ata-quando-ce-il-rischio-licenziamento\/#respond"]}]},{"@type":"WebPage","@id":"https:\/\/www.docenti.it\/blog\/supplenze-scuola-covid-e-ata-quando-ce-il-rischio-licenziamento\/","url":"https:\/\/www.docenti.it\/blog\/supplenze-scuola-covid-e-ata-quando-ce-il-rischio-licenziamento\/","name":"Supplenze scuola Covid e ATA: quando c\u2019\u00e8 il rischio licenziamento","isPartOf":{"@id":"https:\/\/www.docenti.it\/blog\/#website"},"datePublished":"2022-02-18T13:27:56+00:00","dateModified":"2022-02-18T13:27:57+00:00","description":"Supplenze scuola Covid e ATA prorogate fino al 31 marzo 2022: ma si pu\u00f2 essere licenziati prima? Vediamo cosa sta accadendo.","breadcrumb":{"@id":"https:\/\/www.docenti.it\/blog\/supplenze-scuola-covid-e-ata-quando-ce-il-rischio-licenziamento\/#breadcrumb"},"inLanguage":"it-IT","potentialAction":[{"@type":"ReadAction","target":["https:\/\/www.docenti.it\/blog\/supplenze-scuola-covid-e-ata-quando-ce-il-rischio-licenziamento\/"]}]},{"@type":"BreadcrumbList","@id":"https:\/\/www.docenti.it\/blog\/supplenze-scuola-covid-e-ata-quando-ce-il-rischio-licenziamento\/#breadcrumb","itemListElement":[{"@type":"ListItem","position":1,"name":"Home","item":"https:\/\/www.docenti.it\/blog\/"},{"@type":"ListItem","position":2,"name":"Supplenze scuola Covid e ATA: quando c\u2019\u00e8 il rischio licenziamento"}]},{"@type":"WebSite","@id":"https:\/\/www.docenti.it\/blog\/#website","url":"https:\/\/www.docenti.it\/blog\/","name":"Blog | Docenti.it","description":"Tutte le notizie e gli aggiornamenti dal mondo della scuola","publisher":{"@id":"https:\/\/www.docenti.it\/blog\/#organization"},"potentialAction":[{"@type":"SearchAction","target":{"@type":"EntryPoint","urlTemplate":"https:\/\/www.docenti.it\/blog\/?s={search_term_string}"},"query-input":"required name=search_term_string"}],"inLanguage":"it-IT"},{"@type":"Organization","@id":"https:\/\/www.docenti.it\/blog\/#organization","name":"Blog | Docenti.it","url":"https:\/\/www.docenti.it\/blog\/","logo":{"@type":"ImageObject","inLanguage":"it-IT","@id":"https:\/\/www.docenti.it\/blog\/#\/schema\/logo\/image\/","url":"https:\/\/www.docenti.it\/blog\/wp-content\/uploads\/2025\/06\/fb_mad_img.png","contentUrl":"https:\/\/www.docenti.it\/blog\/wp-content\/uploads\/2025\/06\/fb_mad_img.png","width":1140,"height":620,"caption":"Blog | Docenti.it"},"image":{"@id":"https:\/\/www.docenti.it\/blog\/#\/schema\/logo\/image\/"},"sameAs":["https:\/\/www.facebook.com\/docenti.it"]},{"@type":"Person","@id":"https:\/\/www.docenti.it\/blog\/#\/schema\/person\/db2692c75b023bba5319018ede576846","name":"Veronica Conti","image":{"@type":"ImageObject","inLanguage":"it-IT","@id":"https:\/\/www.docenti.it\/blog\/#\/schema\/person\/image\/","url":"https:\/\/secure.gravatar.com\/avatar\/9709c2e092989f0e61eda04e2d96c120?s=96&d=mm&r=g","contentUrl":"https:\/\/secure.gravatar.com\/avatar\/9709c2e092989f0e61eda04e2d96c120?s=96&d=mm&r=g","caption":"Veronica Conti"},"description":"Classe 1998, \u00e8 studentessa e insegnante di musica. Ha conseguito il Diploma di Violoncello nel 2018 e, due anni dopo, il Diploma Accademico di II Livello in Violoncello presso il Conservatorio di Cesena. Frequenta il terzo anno all'universit\u00e0 di Urbino, Lingue e Culture Straniere profilo linguistico-aziendale, ed \u00e8 tirocinante presso Docenti.it.","url":"https:\/\/www.docenti.it\/blog\/author\/veronica-conti\/"}]}},"_links":{"self":[{"href":"https:\/\/www.docenti.it\/blog\/wp-json\/wp\/v2\/posts\/15967"}],"collection":[{"href":"https:\/\/www.docenti.it\/blog\/wp-json\/wp\/v2\/posts"}],"about":[{"href":"https:\/\/www.docenti.it\/blog\/wp-json\/wp\/v2\/types\/post"}],"author":[{"embeddable":true,"href":"https:\/\/www.docenti.it\/blog\/wp-json\/wp\/v2\/users\/22"}],"replies":[{"embeddable":true,"href":"https:\/\/www.docenti.it\/blog\/wp-json\/wp\/v2\/comments?post=15967"}],"version-history":[{"count":15,"href":"https:\/\/www.docenti.it\/blog\/wp-json\/wp\/v2\/posts\/15967\/revisions"}],"predecessor-version":[{"id":16135,"href":"https:\/\/www.docenti.it\/blog\/wp-json\/wp\/v2\/posts\/15967\/revisions\/16135"}],"wp:featuredmedia":[{"embeddable":true,"href":"https:\/\/www.docenti.it\/blog\/wp-json\/wp\/v2\/media\/16098"}],"wp:attachment":[{"href":"https:\/\/www.docenti.it\/blog\/wp-json\/wp\/v2\/media?parent=15967"}],"wp:term":[{"taxonomy":"category","embeddable":true,"href":"https:\/\/www.docenti.it\/blog\/wp-json\/wp\/v2\/categories?post=15967"},{"taxonomy":"post_tag","embeddable":true,"href":"https:\/\/www.docenti.it\/blog\/wp-json\/wp\/v2\/tags?post=15967"}],"curies":[{"name":"wp","href":"https:\/\/api.w.org\/{rel}","templated":true}]}}