{"id":16422,"date":"2022-02-23T10:51:57","date_gmt":"2022-02-23T09:51:57","guid":{"rendered":"https:\/\/www.docenti.it\/blog\/?p=16422"},"modified":"2022-07-15T17:23:46","modified_gmt":"2022-07-15T15:23:46","slug":"obbligo-vaccinale-quando-decade-per-il-personale-scolastico","status":"publish","type":"post","link":"https:\/\/www.docenti.it\/blog\/obbligo-vaccinale-quando-decade-per-il-personale-scolastico\/","title":{"rendered":"Obbligo vaccinale: quando decade per il personale scolastico?"},"content":{"rendered":"\n<p>Il 31 marzo 2022 decade l&#8217;emergenza sanitaria: ma l&#8217;obbligo vaccinale per il personale scolastico potr\u00e0 persistere fino alla fine delle lezioni?<\/p>\n\n\n\n<!--more-->\n\n\n\n<h2>Obbligo vaccinale: cosa \u00e8 successo il 15 dicembre 2021<\/h2>\n\n\n\n<p><strong>L&#8217;obbligo vaccinale per il personale scolastico \u00e8 stato avviato il 15 dicembre 2021.<\/strong> L&#8217;obbligo riguarda il primo ciclo di vaccinazione (prima e seconda dose) unitamente alla terza dose.<\/p>\n\n\n\n<p>Il Decreto Legge ha poi definito, con varie integrazioni,<strong> il personale esente da tale obbligo<\/strong>:<\/p>\n\n\n\n<ul><li>coloro che non svolgono la propria prestazione di lavoro presso le scuole perch\u00e9 prestano servizio presso altra amministrazione o ente, oppure perch\u00e9 fruiscono di aspettative o congedi che comportano l\u2019astensione piena o continuativa delle attivit\u00e0 lavorative a scuola (motivi di assistenza e\/o cura familiare o motivi personali);<\/li><li>coloro che versano nelle condizioni di infermit\u00e0, previste dalla normativa vigente e certificate dalle competenti autorit\u00e0 sanitarie, che determinano l\u2019inidoneit\u00e0 temporanea o permanente al lavoro;<\/li><li>il personale scolastico il cui rapporto di lavoro risulti sospeso, come nel caso di&nbsp;collocamento fuori ruolo, aspettativa a qualunque titolo, congedo per maternit\u00e0 o parentale;<\/li><li>collocamento fuori ruolo, comando, aspettativa per motivi di famiglia, mandato amministrativo, infermit\u00e0, congedo per maternit\u00e0, paternit\u00e0, per dottorato di ricerca, sospensione disciplinare e cautelare;<\/li><li>coloro che hanno la&nbsp;documentazione comprovante il differimento o l\u2019esenzione della stessa o comunque l\u2019insussistenza dei presupposti per l\u2019obbligo vaccinale.<\/li><\/ul>\n\n\n\n<p><em>Ma fino a quando durer\u00e0 questo vincolo?<\/em><\/p>\n\n\n\n<h2>31 marzo o 15 giugno?<\/h2>\n\n\n\n<p>Attualmente, <strong>la fine dell&#8217;emergenza sanitaria \u00e8 decretata per il 31 marzo 2022<\/strong>. <\/p>\n\n\n\n<p><em>A partire da questa data, cadr\u00e0 anche l&#8217;obbligo vaccinale per il personale scolastico?<\/em><\/p>\n\n\n\n<p>In realt\u00e0, il dibattito politico sta ancora riflettendo e non si dimostra ancora aperto al suo decadimento.<\/p>\n\n\n\n<p>Al momento rimangono valide le disposizioni del DL riguardo a coloro che non hanno assolto l&#8217;obbligo vaccinale: la sospensione dell&#8217;attivit\u00e0 lavorativa vale in questo caso per un massimo di 6 mesi a partire dal 15 dicembre 2021.<\/p>\n\n\n\n<p>Per questo, <strong>la data del 15 giugno 2022 potrebbe definire la fine dell&#8217;obbligo vaccinale per il personale scolastico<\/strong>.<\/p>\n\n\n\n<p>Ma \u00e8 ancora tutto da definire: ad esempio, non ci sono anticipazioni per quanto riguarda il prossimo anno scolastico.<br>E non ci sono nemmeno disposizioni per la possibile quarta dose.<\/p>\n\n\n\n<h3>Interviene il Sottosegretario Sasso<\/h3>\n\n\n\n<p>Il Sottosegretario all&#8217;Istruzione, Rossano Sasso, ha rilasciato un&#8217;intervista a OrizzonteScuola.<\/p>\n\n\n\n<p><strong>Sasso propone la fine dell&#8217;emergenza sanitaria anche per il mondo scuola a partire dall&#8217;1 di aprile 2022<\/strong>.<\/p>\n\n\n\n<p>Il Sottosegretario richiede:<\/p>\n\n\n\n<ul><li>la fine della DAD per i non vaccinati;<\/li><li>la fine delle quarantene;<\/li><li>il termine dell&#8217;utilizzo delle mascherine.<\/li><\/ul>\n\n\n\n<p>Il dibattito non \u00e8 ancora terminato e gli aggiornamenti sono in corso.<\/p>\n\n\n\n<p>Leggi anche:<\/p>\n\n\n\n<ul><li><a href=\"https:\/\/www.docenti.it\/blog\/supplenze-scuola-la-cgil-chiede-la-proroga-dei-contratti-fino-a-giugno\/\" target=\"_blank\" rel=\"noreferrer noopener\">Supplenze scuola: la CGIL chiede la proroga dei contratti fino a giugno<\/a><\/li><li><a href=\"https:\/\/www.docenti.it\/blog\/insegnante-no-vax-rientra-a-scuola-cosa-succede-al-supplente-che-lo-sostituisce\/\" target=\"_blank\" rel=\"noreferrer noopener\">Insegnante no vax rientra a scuola: cosa succede al supplente che lo sostituisce?<\/a><\/li><li><a href=\"https:\/\/www.docenti.it\/blog\/dad-scuole-vaccinati-e-non-vaccinati-le-nuove-regole\/\" target=\"_blank\" rel=\"noreferrer noopener\">DAD scuole: vaccinati e non vaccinati. Le nuove regole<\/a><\/li><\/ul>\n\n\n\n<p>Photo credit: <a href=\"https:\/\/unsplash.com\/\" target=\"_blank\" rel=\"noreferrer noopener\">unsplash.com<\/a><\/p>\n","protected":false},"excerpt":{"rendered":"<p>Il 31 marzo 2022 decade l&#8217;emergenza sanitaria: ma l&#8217;obbligo vaccinale per il personale scolastico [&hellip;]<\/p>\n","protected":false},"author":22,"featured_media":16442,"comment_status":"open","ping_status":"open","sticky":false,"template":"","format":"standard","meta":[],"categories":[4,3],"tags":[],"yoast_head":"<!-- This site is optimized with the Yoast SEO plugin v20.4 - https:\/\/yoast.com\/wordpress\/plugins\/seo\/ -->\n<title>Obbligo vaccinale: quando decade per il personale scolastico?<\/title>\n<meta name=\"description\" content=\"Il 31 marzo 2022 decade l&#039;emergenza sanitaria: l&#039;obbligo vaccinale per il personale scolastico potr\u00e0 persistere fino alla fine delle lezioni?\" \/>\n<meta name=\"robots\" content=\"index, follow, max-snippet:-1, max-image-preview:large, max-video-preview:-1\" \/>\n<link rel=\"canonical\" href=\"https:\/\/www.docenti.it\/blog\/obbligo-vaccinale-quando-decade-per-il-personale-scolastico\/\" \/>\n<meta property=\"og:locale\" content=\"it_IT\" \/>\n<meta property=\"og:type\" content=\"article\" \/>\n<meta property=\"og:title\" content=\"Obbligo vaccinale: quando decade per il personale scolastico?\" \/>\n<meta property=\"og:description\" content=\"Il 31 marzo 2022 decade l&#039;emergenza sanitaria: l&#039;obbligo vaccinale per il personale scolastico potr\u00e0 persistere fino alla fine delle lezioni?\" \/>\n<meta property=\"og:url\" content=\"https:\/\/www.docenti.it\/blog\/obbligo-vaccinale-quando-decade-per-il-personale-scolastico\/\" \/>\n<meta property=\"og:site_name\" content=\"Blog | Docenti.it\" \/>\n<meta property=\"article:publisher\" content=\"https:\/\/www.facebook.com\/docenti.it\" \/>\n<meta property=\"article:published_time\" content=\"2022-02-23T09:51:57+00:00\" \/>\n<meta property=\"article:modified_time\" content=\"2022-07-15T15:23:46+00:00\" \/>\n<meta property=\"og:image\" content=\"https:\/\/www.docenti.it\/blog\/wp-content\/uploads\/2022\/02\/kelly-sikkema-r2hTBxEkgWQ-unsplash.jpg\" \/>\n\t<meta property=\"og:image:width\" content=\"640\" \/>\n\t<meta property=\"og:image:height\" content=\"427\" \/>\n\t<meta property=\"og:image:type\" content=\"image\/jpeg\" \/>\n<meta name=\"author\" content=\"Veronica Conti\" \/>\n<meta name=\"twitter:card\" content=\"summary_large_image\" \/>\n<meta name=\"twitter:label1\" content=\"Written by\" \/>\n\t<meta name=\"twitter:data1\" content=\"Veronica Conti\" \/>\n\t<meta name=\"twitter:label2\" content=\"Est. reading time\" \/>\n\t<meta name=\"twitter:data2\" content=\"3 minuti\" \/>\n<script type=\"application\/ld+json\" class=\"yoast-schema-graph\">{\"@context\":\"https:\/\/schema.org\",\"@graph\":[{\"@type\":\"Article\",\"@id\":\"https:\/\/www.docenti.it\/blog\/obbligo-vaccinale-quando-decade-per-il-personale-scolastico\/#article\",\"isPartOf\":{\"@id\":\"https:\/\/www.docenti.it\/blog\/obbligo-vaccinale-quando-decade-per-il-personale-scolastico\/\"},\"author\":{\"name\":\"Veronica Conti\",\"@id\":\"https:\/\/www.docenti.it\/blog\/#\/schema\/person\/db2692c75b023bba5319018ede576846\"},\"headline\":\"Obbligo vaccinale: quando decade per il personale scolastico?\",\"datePublished\":\"2022-02-23T09:51:57+00:00\",\"dateModified\":\"2022-07-15T15:23:46+00:00\",\"mainEntityOfPage\":{\"@id\":\"https:\/\/www.docenti.it\/blog\/obbligo-vaccinale-quando-decade-per-il-personale-scolastico\/\"},\"wordCount\":452,\"commentCount\":0,\"publisher\":{\"@id\":\"https:\/\/www.docenti.it\/blog\/#organization\"},\"articleSection\":[\"News\",\"Normativa\"],\"inLanguage\":\"it-IT\",\"potentialAction\":[{\"@type\":\"CommentAction\",\"name\":\"Comment\",\"target\":[\"https:\/\/www.docenti.it\/blog\/obbligo-vaccinale-quando-decade-per-il-personale-scolastico\/#respond\"]}]},{\"@type\":\"WebPage\",\"@id\":\"https:\/\/www.docenti.it\/blog\/obbligo-vaccinale-quando-decade-per-il-personale-scolastico\/\",\"url\":\"https:\/\/www.docenti.it\/blog\/obbligo-vaccinale-quando-decade-per-il-personale-scolastico\/\",\"name\":\"Obbligo vaccinale: quando decade per il personale scolastico?\",\"isPartOf\":{\"@id\":\"https:\/\/www.docenti.it\/blog\/#website\"},\"datePublished\":\"2022-02-23T09:51:57+00:00\",\"dateModified\":\"2022-07-15T15:23:46+00:00\",\"description\":\"Il 31 marzo 2022 decade l'emergenza sanitaria: l'obbligo vaccinale per il personale scolastico potr\u00e0 persistere fino alla fine delle lezioni?\",\"breadcrumb\":{\"@id\":\"https:\/\/www.docenti.it\/blog\/obbligo-vaccinale-quando-decade-per-il-personale-scolastico\/#breadcrumb\"},\"inLanguage\":\"it-IT\",\"potentialAction\":[{\"@type\":\"ReadAction\",\"target\":[\"https:\/\/www.docenti.it\/blog\/obbligo-vaccinale-quando-decade-per-il-personale-scolastico\/\"]}]},{\"@type\":\"BreadcrumbList\",\"@id\":\"https:\/\/www.docenti.it\/blog\/obbligo-vaccinale-quando-decade-per-il-personale-scolastico\/#breadcrumb\",\"itemListElement\":[{\"@type\":\"ListItem\",\"position\":1,\"name\":\"Home\",\"item\":\"https:\/\/www.docenti.it\/blog\/\"},{\"@type\":\"ListItem\",\"position\":2,\"name\":\"Obbligo vaccinale: quando decade per il personale scolastico?\"}]},{\"@type\":\"WebSite\",\"@id\":\"https:\/\/www.docenti.it\/blog\/#website\",\"url\":\"https:\/\/www.docenti.it\/blog\/\",\"name\":\"Blog | Docenti.it\",\"description\":\"Tutte le notizie e gli aggiornamenti dal mondo della scuola\",\"publisher\":{\"@id\":\"https:\/\/www.docenti.it\/blog\/#organization\"},\"potentialAction\":[{\"@type\":\"SearchAction\",\"target\":{\"@type\":\"EntryPoint\",\"urlTemplate\":\"https:\/\/www.docenti.it\/blog\/?s={search_term_string}\"},\"query-input\":\"required name=search_term_string\"}],\"inLanguage\":\"it-IT\"},{\"@type\":\"Organization\",\"@id\":\"https:\/\/www.docenti.it\/blog\/#organization\",\"name\":\"Blog | Docenti.it\",\"url\":\"https:\/\/www.docenti.it\/blog\/\",\"logo\":{\"@type\":\"ImageObject\",\"inLanguage\":\"it-IT\",\"@id\":\"https:\/\/www.docenti.it\/blog\/#\/schema\/logo\/image\/\",\"url\":\"https:\/\/www.docenti.it\/blog\/wp-content\/uploads\/2025\/06\/fb_mad_img.png\",\"contentUrl\":\"https:\/\/www.docenti.it\/blog\/wp-content\/uploads\/2025\/06\/fb_mad_img.png\",\"width\":1140,\"height\":620,\"caption\":\"Blog | Docenti.it\"},\"image\":{\"@id\":\"https:\/\/www.docenti.it\/blog\/#\/schema\/logo\/image\/\"},\"sameAs\":[\"https:\/\/www.facebook.com\/docenti.it\"]},{\"@type\":\"Person\",\"@id\":\"https:\/\/www.docenti.it\/blog\/#\/schema\/person\/db2692c75b023bba5319018ede576846\",\"name\":\"Veronica Conti\",\"image\":{\"@type\":\"ImageObject\",\"inLanguage\":\"it-IT\",\"@id\":\"https:\/\/www.docenti.it\/blog\/#\/schema\/person\/image\/\",\"url\":\"https:\/\/secure.gravatar.com\/avatar\/9709c2e092989f0e61eda04e2d96c120?s=96&d=mm&r=g\",\"contentUrl\":\"https:\/\/secure.gravatar.com\/avatar\/9709c2e092989f0e61eda04e2d96c120?s=96&d=mm&r=g\",\"caption\":\"Veronica Conti\"},\"description\":\"Classe 1998, \u00e8 studentessa e insegnante di musica. Ha conseguito il Diploma di Violoncello nel 2018 e, due anni dopo, il Diploma Accademico di II Livello in Violoncello presso il Conservatorio di Cesena. Frequenta il terzo anno all'universit\u00e0 di Urbino, Lingue e Culture Straniere profilo linguistico-aziendale, ed \u00e8 tirocinante presso Docenti.it.\",\"url\":\"https:\/\/www.docenti.it\/blog\/author\/veronica-conti\/\"}]}<\/script>\n<!-- \/ Yoast SEO plugin. -->","yoast_head_json":{"title":"Obbligo vaccinale: quando decade per il personale scolastico?","description":"Il 31 marzo 2022 decade l'emergenza sanitaria: l'obbligo vaccinale per il personale scolastico potr\u00e0 persistere fino alla fine delle lezioni?","robots":{"index":"index","follow":"follow","max-snippet":"max-snippet:-1","max-image-preview":"max-image-preview:large","max-video-preview":"max-video-preview:-1"},"canonical":"https:\/\/www.docenti.it\/blog\/obbligo-vaccinale-quando-decade-per-il-personale-scolastico\/","og_locale":"it_IT","og_type":"article","og_title":"Obbligo vaccinale: quando decade per il personale scolastico?","og_description":"Il 31 marzo 2022 decade l'emergenza sanitaria: l'obbligo vaccinale per il personale scolastico potr\u00e0 persistere fino alla fine delle lezioni?","og_url":"https:\/\/www.docenti.it\/blog\/obbligo-vaccinale-quando-decade-per-il-personale-scolastico\/","og_site_name":"Blog | Docenti.it","article_publisher":"https:\/\/www.facebook.com\/docenti.it","article_published_time":"2022-02-23T09:51:57+00:00","article_modified_time":"2022-07-15T15:23:46+00:00","og_image":[{"width":640,"height":427,"url":"https:\/\/www.docenti.it\/blog\/wp-content\/uploads\/2022\/02\/kelly-sikkema-r2hTBxEkgWQ-unsplash.jpg","type":"image\/jpeg"}],"author":"Veronica Conti","twitter_card":"summary_large_image","twitter_misc":{"Written by":"Veronica Conti","Est. reading time":"3 minuti"},"schema":{"@context":"https:\/\/schema.org","@graph":[{"@type":"Article","@id":"https:\/\/www.docenti.it\/blog\/obbligo-vaccinale-quando-decade-per-il-personale-scolastico\/#article","isPartOf":{"@id":"https:\/\/www.docenti.it\/blog\/obbligo-vaccinale-quando-decade-per-il-personale-scolastico\/"},"author":{"name":"Veronica Conti","@id":"https:\/\/www.docenti.it\/blog\/#\/schema\/person\/db2692c75b023bba5319018ede576846"},"headline":"Obbligo vaccinale: quando decade per il personale scolastico?","datePublished":"2022-02-23T09:51:57+00:00","dateModified":"2022-07-15T15:23:46+00:00","mainEntityOfPage":{"@id":"https:\/\/www.docenti.it\/blog\/obbligo-vaccinale-quando-decade-per-il-personale-scolastico\/"},"wordCount":452,"commentCount":0,"publisher":{"@id":"https:\/\/www.docenti.it\/blog\/#organization"},"articleSection":["News","Normativa"],"inLanguage":"it-IT","potentialAction":[{"@type":"CommentAction","name":"Comment","target":["https:\/\/www.docenti.it\/blog\/obbligo-vaccinale-quando-decade-per-il-personale-scolastico\/#respond"]}]},{"@type":"WebPage","@id":"https:\/\/www.docenti.it\/blog\/obbligo-vaccinale-quando-decade-per-il-personale-scolastico\/","url":"https:\/\/www.docenti.it\/blog\/obbligo-vaccinale-quando-decade-per-il-personale-scolastico\/","name":"Obbligo vaccinale: quando decade per il personale scolastico?","isPartOf":{"@id":"https:\/\/www.docenti.it\/blog\/#website"},"datePublished":"2022-02-23T09:51:57+00:00","dateModified":"2022-07-15T15:23:46+00:00","description":"Il 31 marzo 2022 decade l'emergenza sanitaria: l'obbligo vaccinale per il personale scolastico potr\u00e0 persistere fino alla fine delle lezioni?","breadcrumb":{"@id":"https:\/\/www.docenti.it\/blog\/obbligo-vaccinale-quando-decade-per-il-personale-scolastico\/#breadcrumb"},"inLanguage":"it-IT","potentialAction":[{"@type":"ReadAction","target":["https:\/\/www.docenti.it\/blog\/obbligo-vaccinale-quando-decade-per-il-personale-scolastico\/"]}]},{"@type":"BreadcrumbList","@id":"https:\/\/www.docenti.it\/blog\/obbligo-vaccinale-quando-decade-per-il-personale-scolastico\/#breadcrumb","itemListElement":[{"@type":"ListItem","position":1,"name":"Home","item":"https:\/\/www.docenti.it\/blog\/"},{"@type":"ListItem","position":2,"name":"Obbligo vaccinale: quando decade per il personale scolastico?"}]},{"@type":"WebSite","@id":"https:\/\/www.docenti.it\/blog\/#website","url":"https:\/\/www.docenti.it\/blog\/","name":"Blog | Docenti.it","description":"Tutte le notizie e gli aggiornamenti dal mondo della scuola","publisher":{"@id":"https:\/\/www.docenti.it\/blog\/#organization"},"potentialAction":[{"@type":"SearchAction","target":{"@type":"EntryPoint","urlTemplate":"https:\/\/www.docenti.it\/blog\/?s={search_term_string}"},"query-input":"required name=search_term_string"}],"inLanguage":"it-IT"},{"@type":"Organization","@id":"https:\/\/www.docenti.it\/blog\/#organization","name":"Blog | Docenti.it","url":"https:\/\/www.docenti.it\/blog\/","logo":{"@type":"ImageObject","inLanguage":"it-IT","@id":"https:\/\/www.docenti.it\/blog\/#\/schema\/logo\/image\/","url":"https:\/\/www.docenti.it\/blog\/wp-content\/uploads\/2025\/06\/fb_mad_img.png","contentUrl":"https:\/\/www.docenti.it\/blog\/wp-content\/uploads\/2025\/06\/fb_mad_img.png","width":1140,"height":620,"caption":"Blog | Docenti.it"},"image":{"@id":"https:\/\/www.docenti.it\/blog\/#\/schema\/logo\/image\/"},"sameAs":["https:\/\/www.facebook.com\/docenti.it"]},{"@type":"Person","@id":"https:\/\/www.docenti.it\/blog\/#\/schema\/person\/db2692c75b023bba5319018ede576846","name":"Veronica Conti","image":{"@type":"ImageObject","inLanguage":"it-IT","@id":"https:\/\/www.docenti.it\/blog\/#\/schema\/person\/image\/","url":"https:\/\/secure.gravatar.com\/avatar\/9709c2e092989f0e61eda04e2d96c120?s=96&d=mm&r=g","contentUrl":"https:\/\/secure.gravatar.com\/avatar\/9709c2e092989f0e61eda04e2d96c120?s=96&d=mm&r=g","caption":"Veronica Conti"},"description":"Classe 1998, \u00e8 studentessa e insegnante di musica. Ha conseguito il Diploma di Violoncello nel 2018 e, due anni dopo, il Diploma Accademico di II Livello in Violoncello presso il Conservatorio di Cesena. Frequenta il terzo anno all'universit\u00e0 di Urbino, Lingue e Culture Straniere profilo linguistico-aziendale, ed \u00e8 tirocinante presso Docenti.it.","url":"https:\/\/www.docenti.it\/blog\/author\/veronica-conti\/"}]}},"_links":{"self":[{"href":"https:\/\/www.docenti.it\/blog\/wp-json\/wp\/v2\/posts\/16422"}],"collection":[{"href":"https:\/\/www.docenti.it\/blog\/wp-json\/wp\/v2\/posts"}],"about":[{"href":"https:\/\/www.docenti.it\/blog\/wp-json\/wp\/v2\/types\/post"}],"author":[{"embeddable":true,"href":"https:\/\/www.docenti.it\/blog\/wp-json\/wp\/v2\/users\/22"}],"replies":[{"embeddable":true,"href":"https:\/\/www.docenti.it\/blog\/wp-json\/wp\/v2\/comments?post=16422"}],"version-history":[{"count":9,"href":"https:\/\/www.docenti.it\/blog\/wp-json\/wp\/v2\/posts\/16422\/revisions"}],"predecessor-version":[{"id":29627,"href":"https:\/\/www.docenti.it\/blog\/wp-json\/wp\/v2\/posts\/16422\/revisions\/29627"}],"wp:featuredmedia":[{"embeddable":true,"href":"https:\/\/www.docenti.it\/blog\/wp-json\/wp\/v2\/media\/16442"}],"wp:attachment":[{"href":"https:\/\/www.docenti.it\/blog\/wp-json\/wp\/v2\/media?parent=16422"}],"wp:term":[{"taxonomy":"category","embeddable":true,"href":"https:\/\/www.docenti.it\/blog\/wp-json\/wp\/v2\/categories?post=16422"},{"taxonomy":"post_tag","embeddable":true,"href":"https:\/\/www.docenti.it\/blog\/wp-json\/wp\/v2\/tags?post=16422"}],"curies":[{"name":"wp","href":"https:\/\/api.w.org\/{rel}","templated":true}]}}