{"id":17730,"date":"2022-03-10T15:50:19","date_gmt":"2022-03-10T14:50:19","guid":{"rendered":"https:\/\/www.docenti.it\/blog\/?p=17730"},"modified":"2022-03-10T15:50:19","modified_gmt":"2022-03-10T14:50:19","slug":"pensioni-2022-e-mobilita-dove-ci-saranno-posti-liberi","status":"publish","type":"post","link":"https:\/\/www.docenti.it\/blog\/pensioni-2022-e-mobilita-dove-ci-saranno-posti-liberi\/","title":{"rendered":"Pensioni 2022 e mobilit\u00e0: dove ci saranno posti liberi?"},"content":{"rendered":"\n<p>Sono emersi alcuni dati sulle pensioni 2022 nelle scuole. <br>L&#8217;INSP dovr\u00e0 comunque occuparsi del loro accertamento prima di poterle confermare. <\/p>\n\n\n\n<p>Vediamo quali sono.<\/p>\n\n\n\n<p>Inoltre, alla luce di ci\u00f2, un docente pu\u00f2 modificare la sua domanda di trasferimento anche se inviata?<\/p>\n\n\n\n<!--more-->\n\n\n\n<h2>Pensioni 2022: i dati pubblicati dalle regioni<\/h2>\n\n\n\n<p>Gli Uffici Scolastici possono pubblicare i <strong>dati dei pensionamenti 2022<\/strong>: informazioni importanti per conoscere la densit\u00e0 dei posti disponibili.<\/p>\n\n\n\n<p>Si tratta di dati molto attesi per tutti coloro che voglio presentare la domanda di mobilit\u00e0.<\/p>\n\n\n\n<p>Purtroppo, non \u00e8 certo che tutti gli Uffici possano pubblicare la stima dei pensionamenti.<br>Inoltre, sar\u00e0 l&#8217;INSP ad accertarli e confermarli.<\/p>\n\n\n\n<p>Vediamo le informazioni fornite ad oggi dalle Regioni:<\/p>\n\n\n\n<ul><li><strong>Basilicata<\/strong>: <a href=\"http:\/\/www.istruzionepotenza.it\/elenco-provvisorio-cessazione-dal-servizio-del-personale-docente-educativo-e-ata-con-decorrenza-dal-01092022\/\" target=\"_blank\" rel=\"noreferrer noopener\">Potenza<\/a><\/li><li><strong>Campania<\/strong>: <a href=\"https:\/\/www.at-napoli.it\/docenti\/as_2020_2021\/coll_rip_pers_doc_el_provv_3284_04_03_22.pdf\" target=\"_blank\" rel=\"noreferrer noopener\">Napoli<\/a> (<a href=\"https:\/\/www.at-napoli.it\/docenti\/as_2020_2021\/coll_rip_pers_doc_el_provv_int_3471_09_03_22.pdf\" target=\"_blank\" rel=\"noreferrer noopener\">integrazione<\/a>), <a href=\"https:\/\/www.at-caserta.it\/Dirigenti\/as_2021_2022\/coll_rip_pers_doc_el_provv_3112_03_03_22.pdf\" target=\"_blank\" rel=\"noreferrer noopener\">Caserta<\/a>, <a href=\"http:\/\/www.uspbenevento.it\/sito\/__ComunicazioneShow.php?id=5349&amp;news=Elenco%20dei%20posti%20presumibilmente%20disponibili%20dal%2001\/09\/2022%20per%20pensionamenti\" target=\"_blank\" rel=\"noreferrer noopener\">Benevento<\/a>, <a href=\"https:\/\/atavellino.it\/?p=4017\" target=\"_blank\" rel=\"noreferrer noopener\">Avellino<\/a><\/li><li><strong>Friuli Venezia Giulia<\/strong>: <a href=\"http:\/\/www.usrfvg.gov.it\/it\/home\/menu\/uffici\/ufficio-territoriale-di-trieste\/notizie\/article\/Elenchi-provvisori-sedi-cessazioni-01-09-2022-Personale-Docente-e-ATA\/\" target=\"_blank\" rel=\"noreferrer noopener\">Trieste<\/a><\/li><li><strong>Lombardia<\/strong>: <a href=\"https:\/\/bergamo.istruzione.lombardia.gov.it\/elenco\/\" target=\"_blank\" rel=\"noreferrer noopener\">Bergamo<\/a><\/li><li><strong>Molise<\/strong>: <a href=\"http:\/\/www.uspcampobasso.it\/index.php?option=com_content&amp;view=article&amp;id=2088:elenco-provvisorio-cessazioni-01-09-2022&amp;catid=7&amp;Itemid=109\" target=\"_blank\" rel=\"noreferrer noopener\">Campobasso<\/a><\/li><li><strong>Piemonte<\/strong>: <a href=\"http:\/\/www.istruzionepiemonte.it\/cuneo\/elenco-delle-sedi-che-potrebbero-rendersi-disponibili-a-seguito-di-pensionamento-del-personale-a-tempo-indeterminato-docente-ata-e-irc\/\" target=\"_blank\" rel=\"noreferrer noopener\">Cuneo<\/a> (<a href=\"http:\/\/www.istruzionepiemonte.it\/cuneo\/elenco-integrato-delle-sedi-che-potrebbero-rendersi-disponibili-a-seguito-di-pensionamento-del-personale-a-tempo-indeterminato-docente-ata-e-irc\/\" target=\"_blank\" rel=\"noreferrer noopener\">integrazione<\/a>), <a href=\"http:\/\/www.istruzionepiemonte.it\/torino\/2022\/03\/04\/avviso-elenco-domande-cessazione-1-9-2022-sedi-che-potrebbero-rendersi-disponibili-a-seguito-pensionamento-personale-a-tempo-indeterminato-docente-ata-irc\/\" target=\"_blank\" rel=\"noreferrer noopener\">Torino<\/a><\/li><li><strong>Puglia<\/strong>: <a href=\"https:\/\/www.istruzionebrindisi.it\/informativa-cessazioni-dufficio-e-a-domanda-personale-docente-e-ata-a-s-2022-23\/\" target=\"_blank\" rel=\"noreferrer noopener\">Brindisi<\/a>, <a href=\"http:\/\/www.usplecce.it\/\" target=\"_blank\" rel=\"noreferrer noopener\">Lecce<\/a>, <a href=\"https:\/\/www.usptaranto.it\/wp-content\/uploads\/2022\/02\/m_pi.AOOUSPTA.REGISTRO-UFFICIALEU.0002867.28-02-2022.pdf\" target=\"_blank\" rel=\"noreferrer noopener\">Taranto<\/a> (<a href=\"https:\/\/www.usptaranto.it\/2022\/03\/02\/personale-scuola-collocamento-a-riposo-dal-01092022-integrazione-elenco-provvisorio-posti-disponibili\/\" target=\"_blank\" rel=\"noreferrer noopener\">integrazione<\/a> e <a href=\"https:\/\/www.usptaranto.it\/2022\/03\/07\/personale-scuola-collocamento-a-riposo-dal-01-09-2022-2-integrazione-elenco-provvisorio-posti-disponibili\/\" target=\"_blank\" rel=\"noreferrer noopener\">seconda integrazione<\/a>)<\/li><li><strong>Sardegna<\/strong>: <a href=\"http:\/\/www.uspss.it\/wordpress\/?p=17693\" target=\"_blank\" rel=\"noreferrer noopener\">Sassari<\/a><\/li><li><strong>Sicilia<\/strong>: <a href=\"https:\/\/www.cl-en.usr.sicilia.it\/index.php\/tutte-le-news\/2353-elenco-delle-sedi-che-potrebbero-rendersi-disponibili-a-seguito-di-pensionamento-del-personale-a-tempo-indeterminato-docente-educativo-irc-e-ata-a-s-2022-2023-provincia-di-caltanissetta\" target=\"_blank\" rel=\"noreferrer noopener\">Caltanissetta<\/a>, <a href=\"https:\/\/www.cl-en.usr.sicilia.it\/index.php\/tutte-le-news\/2352-elenco-delle-sedi-che-potrebbero-rendersi-disponibili-a-seguito-di-pensionamento-del-personale-a-tempo-indeterminato-docente-educativo-irc-e-ata-a-s-2022-2023-provincia-di-enna\" target=\"_blank\" rel=\"noreferrer noopener\">Enna<\/a>, <a href=\"https:\/\/www.rg.usr.sicilia.it\/index.php\/tutte-le-news\/1871-pensionamenti-personale-scolastico-anno-2022-a-t-ragusa\" target=\"_blank\" rel=\"noreferrer noopener\">Ragusa<\/a><\/li><li><strong>Toscana<\/strong>: <a href=\"https:\/\/www.ufficioscolasticogrosseto.it\/uff7\/index.php\/pubblicazioni\/2012-02-02-2022-elenco-provvisorio-cessazioni-01-09-2022-in-attesa-convalida-inps\" target=\"_blank\" rel=\"noreferrer noopener\">Grosseto<\/a><\/li><li><strong>Veneto<\/strong>: <a href=\"https:\/\/padova.istruzioneveneto.gov.it\/2022\/03\/08\/posti-presumibilmente-liberi-per-pensionamento-docenti-personale-educativo-e-personale-ata-a-s-2022-23\/\" target=\"_blank\" rel=\"noreferrer noopener\">Padova<\/a>           <\/li><\/ul>\n\n\n\n<p>Il calendario potrebbe essere integrato da nuove pubblicazioni.<\/p>\n\n\n\n<p>Attualmente, con la possibilit\u00e0 di presentare la domanda di mobilit\u00e0, alcuni docenti potrebbero voler cambiare le proprie preferenze.<\/p>\n\n\n\n<p><em>Per esempio, \u00e8 possibile modificare la domanda di trasferimento anche se gi\u00e0 inviata?<\/em><\/p>\n\n\n\n<h2>Domanda di trasferimento: si pu\u00f2 modificare?<\/h2>\n\n\n\n<p><strong>La risposta \u00e8 s\u00ec: la domanda di trasferimento si pu\u00f2 modificare anche se gi\u00e0 inviata. <\/strong><\/p>\n\n\n\n<p>Chiaramente, <strong>la modifica deve essere effettuata entro il termine ultimo per presentare le domande: il 15 marzo 2022 per il personale docente<\/strong>.<\/p>\n\n\n\n<p>Per poter modificare la domanda di trasferimento \u00e8 necessario seguire questa semplice procedura:<\/p>\n\n\n\n<ol><li>annullare l&#8217;invio della domanda in modo che la richiesta torni ad essere una &#8220;bozza&#8221;<\/li><li>modificare le parti interessate<\/li><li>inviare nuovamente la domanda.<\/li><\/ol>\n\n\n\n<p>Gli allegati non dovranno essere inseriti di nuovo poich\u00e9 sono gi\u00e0 presenti nella bozza.<\/p>\n\n\n\n<p>Leggi anche:<\/p>\n\n\n\n<ul><li><a href=\"https:\/\/www.docenti.it\/blog\/domanda-di-mobilita-il-docente-perdente-posto-puo-presentarla\/\" target=\"_blank\" rel=\"noreferrer noopener\">Domanda di mobilit\u00e0: il docente perdente posto pu\u00f2 presentarla?<\/a><\/li><li><a href=\"https:\/\/www.docenti.it\/blog\/come-diventare-insegnanti-oggi-tutti-gli-step-da-fare-incattedra\/\" target=\"_blank\" rel=\"noreferrer noopener\">Come diventare insegnanti oggi? Tutti gli step da fare<\/a><\/li><li><a href=\"https:\/\/www.docenti.it\/blog\/domanda-di-mobilita-docenti-sospesi-come-si-matura-lanno-di-servizio\/\" target=\"_blank\" rel=\"noreferrer noopener\">Domanda di mobilit\u00e0, docenti sospesi: come si matura l\u2019anno di servizio?<\/a><\/li><\/ul>\n\n\n\n<p>Photo credit: <a href=\"https:\/\/pixabay.com\/\" target=\"_blank\" rel=\"noreferrer noopener\">pixabay.com<\/a><\/p>\n","protected":false},"excerpt":{"rendered":"<p>Sono emersi alcuni dati sulle pensioni 2022 nelle scuole. L&#8217;INSP dovr\u00e0 comunque occuparsi del [&hellip;]<\/p>\n","protected":false},"author":22,"featured_media":17733,"comment_status":"open","ping_status":"open","sticky":false,"template":"","format":"standard","meta":[],"categories":[4],"tags":[63,405],"yoast_head":"<!-- This site is optimized with the Yoast SEO plugin v20.4 - https:\/\/yoast.com\/wordpress\/plugins\/seo\/ -->\n<title>Pensioni 2022 e mobilit\u00e0: dove ci saranno posti liberi?<\/title>\n<meta name=\"description\" content=\"Iniziano ad emergere i dati sulle pensioni 2022 a scuola: dove sono i posti disponibili? Si pu\u00f2 modificare la domanda di trasferimento?\" \/>\n<meta name=\"robots\" content=\"index, follow, max-snippet:-1, max-image-preview:large, max-video-preview:-1\" \/>\n<link rel=\"canonical\" href=\"https:\/\/www.docenti.it\/blog\/pensioni-2022-e-mobilita-dove-ci-saranno-posti-liberi\/\" \/>\n<meta property=\"og:locale\" content=\"it_IT\" \/>\n<meta property=\"og:type\" content=\"article\" \/>\n<meta property=\"og:title\" content=\"Pensioni 2022 e mobilit\u00e0: dove ci saranno posti liberi?\" \/>\n<meta property=\"og:description\" content=\"Iniziano ad emergere i dati sulle pensioni 2022 a scuola: dove sono i posti disponibili? Si pu\u00f2 modificare la domanda di trasferimento?\" \/>\n<meta property=\"og:url\" content=\"https:\/\/www.docenti.it\/blog\/pensioni-2022-e-mobilita-dove-ci-saranno-posti-liberi\/\" \/>\n<meta property=\"og:site_name\" content=\"Blog | Docenti.it\" \/>\n<meta property=\"article:publisher\" content=\"https:\/\/www.facebook.com\/docenti.it\" \/>\n<meta property=\"article:published_time\" content=\"2022-03-10T14:50:19+00:00\" \/>\n<meta property=\"og:image\" content=\"https:\/\/www.docenti.it\/blog\/wp-content\/uploads\/2022\/03\/businesswoman-g2ffa2e050_640.jpg\" \/>\n\t<meta property=\"og:image:width\" content=\"640\" \/>\n\t<meta property=\"og:image:height\" content=\"396\" \/>\n\t<meta property=\"og:image:type\" content=\"image\/jpeg\" \/>\n<meta name=\"author\" content=\"Veronica Conti\" \/>\n<meta name=\"twitter:card\" content=\"summary_large_image\" \/>\n<meta name=\"twitter:label1\" content=\"Written by\" \/>\n\t<meta name=\"twitter:data1\" content=\"Veronica Conti\" \/>\n\t<meta name=\"twitter:label2\" content=\"Est. reading time\" \/>\n\t<meta name=\"twitter:data2\" content=\"2 minuti\" \/>\n<script type=\"application\/ld+json\" class=\"yoast-schema-graph\">{\"@context\":\"https:\/\/schema.org\",\"@graph\":[{\"@type\":\"Article\",\"@id\":\"https:\/\/www.docenti.it\/blog\/pensioni-2022-e-mobilita-dove-ci-saranno-posti-liberi\/#article\",\"isPartOf\":{\"@id\":\"https:\/\/www.docenti.it\/blog\/pensioni-2022-e-mobilita-dove-ci-saranno-posti-liberi\/\"},\"author\":{\"name\":\"Veronica Conti\",\"@id\":\"https:\/\/www.docenti.it\/blog\/#\/schema\/person\/db2692c75b023bba5319018ede576846\"},\"headline\":\"Pensioni 2022 e mobilit\u00e0: dove ci saranno posti liberi?\",\"datePublished\":\"2022-03-10T14:50:19+00:00\",\"dateModified\":\"2022-03-10T14:50:19+00:00\",\"mainEntityOfPage\":{\"@id\":\"https:\/\/www.docenti.it\/blog\/pensioni-2022-e-mobilita-dove-ci-saranno-posti-liberi\/\"},\"wordCount\":315,\"commentCount\":0,\"publisher\":{\"@id\":\"https:\/\/www.docenti.it\/blog\/#organization\"},\"keywords\":[\"diventare insegnante\",\"Mobilit\u00e0 2022\"],\"articleSection\":[\"News\"],\"inLanguage\":\"it-IT\",\"potentialAction\":[{\"@type\":\"CommentAction\",\"name\":\"Comment\",\"target\":[\"https:\/\/www.docenti.it\/blog\/pensioni-2022-e-mobilita-dove-ci-saranno-posti-liberi\/#respond\"]}]},{\"@type\":\"WebPage\",\"@id\":\"https:\/\/www.docenti.it\/blog\/pensioni-2022-e-mobilita-dove-ci-saranno-posti-liberi\/\",\"url\":\"https:\/\/www.docenti.it\/blog\/pensioni-2022-e-mobilita-dove-ci-saranno-posti-liberi\/\",\"name\":\"Pensioni 2022 e mobilit\u00e0: dove ci saranno posti liberi?\",\"isPartOf\":{\"@id\":\"https:\/\/www.docenti.it\/blog\/#website\"},\"datePublished\":\"2022-03-10T14:50:19+00:00\",\"dateModified\":\"2022-03-10T14:50:19+00:00\",\"description\":\"Iniziano ad emergere i dati sulle pensioni 2022 a scuola: dove sono i posti disponibili? Si pu\u00f2 modificare la domanda di trasferimento?\",\"breadcrumb\":{\"@id\":\"https:\/\/www.docenti.it\/blog\/pensioni-2022-e-mobilita-dove-ci-saranno-posti-liberi\/#breadcrumb\"},\"inLanguage\":\"it-IT\",\"potentialAction\":[{\"@type\":\"ReadAction\",\"target\":[\"https:\/\/www.docenti.it\/blog\/pensioni-2022-e-mobilita-dove-ci-saranno-posti-liberi\/\"]}]},{\"@type\":\"BreadcrumbList\",\"@id\":\"https:\/\/www.docenti.it\/blog\/pensioni-2022-e-mobilita-dove-ci-saranno-posti-liberi\/#breadcrumb\",\"itemListElement\":[{\"@type\":\"ListItem\",\"position\":1,\"name\":\"Home\",\"item\":\"https:\/\/www.docenti.it\/blog\/\"},{\"@type\":\"ListItem\",\"position\":2,\"name\":\"Pensioni 2022 e mobilit\u00e0: dove ci saranno posti liberi?\"}]},{\"@type\":\"WebSite\",\"@id\":\"https:\/\/www.docenti.it\/blog\/#website\",\"url\":\"https:\/\/www.docenti.it\/blog\/\",\"name\":\"Blog | Docenti.it\",\"description\":\"Tutte le notizie e gli aggiornamenti dal mondo della scuola\",\"publisher\":{\"@id\":\"https:\/\/www.docenti.it\/blog\/#organization\"},\"potentialAction\":[{\"@type\":\"SearchAction\",\"target\":{\"@type\":\"EntryPoint\",\"urlTemplate\":\"https:\/\/www.docenti.it\/blog\/?s={search_term_string}\"},\"query-input\":\"required name=search_term_string\"}],\"inLanguage\":\"it-IT\"},{\"@type\":\"Organization\",\"@id\":\"https:\/\/www.docenti.it\/blog\/#organization\",\"name\":\"Blog | Docenti.it\",\"url\":\"https:\/\/www.docenti.it\/blog\/\",\"logo\":{\"@type\":\"ImageObject\",\"inLanguage\":\"it-IT\",\"@id\":\"https:\/\/www.docenti.it\/blog\/#\/schema\/logo\/image\/\",\"url\":\"https:\/\/www.docenti.it\/blog\/wp-content\/uploads\/2025\/06\/fb_mad_img.png\",\"contentUrl\":\"https:\/\/www.docenti.it\/blog\/wp-content\/uploads\/2025\/06\/fb_mad_img.png\",\"width\":1140,\"height\":620,\"caption\":\"Blog | Docenti.it\"},\"image\":{\"@id\":\"https:\/\/www.docenti.it\/blog\/#\/schema\/logo\/image\/\"},\"sameAs\":[\"https:\/\/www.facebook.com\/docenti.it\"]},{\"@type\":\"Person\",\"@id\":\"https:\/\/www.docenti.it\/blog\/#\/schema\/person\/db2692c75b023bba5319018ede576846\",\"name\":\"Veronica Conti\",\"image\":{\"@type\":\"ImageObject\",\"inLanguage\":\"it-IT\",\"@id\":\"https:\/\/www.docenti.it\/blog\/#\/schema\/person\/image\/\",\"url\":\"https:\/\/secure.gravatar.com\/avatar\/9709c2e092989f0e61eda04e2d96c120?s=96&d=mm&r=g\",\"contentUrl\":\"https:\/\/secure.gravatar.com\/avatar\/9709c2e092989f0e61eda04e2d96c120?s=96&d=mm&r=g\",\"caption\":\"Veronica Conti\"},\"description\":\"Classe 1998, \u00e8 studentessa e insegnante di musica. Ha conseguito il Diploma di Violoncello nel 2018 e, due anni dopo, il Diploma Accademico di II Livello in Violoncello presso il Conservatorio di Cesena. Frequenta il terzo anno all'universit\u00e0 di Urbino, Lingue e Culture Straniere profilo linguistico-aziendale, ed \u00e8 tirocinante presso Docenti.it.\",\"url\":\"https:\/\/www.docenti.it\/blog\/author\/veronica-conti\/\"}]}<\/script>\n<!-- \/ Yoast SEO plugin. -->","yoast_head_json":{"title":"Pensioni 2022 e mobilit\u00e0: dove ci saranno posti liberi?","description":"Iniziano ad emergere i dati sulle pensioni 2022 a scuola: dove sono i posti disponibili? Si pu\u00f2 modificare la domanda di trasferimento?","robots":{"index":"index","follow":"follow","max-snippet":"max-snippet:-1","max-image-preview":"max-image-preview:large","max-video-preview":"max-video-preview:-1"},"canonical":"https:\/\/www.docenti.it\/blog\/pensioni-2022-e-mobilita-dove-ci-saranno-posti-liberi\/","og_locale":"it_IT","og_type":"article","og_title":"Pensioni 2022 e mobilit\u00e0: dove ci saranno posti liberi?","og_description":"Iniziano ad emergere i dati sulle pensioni 2022 a scuola: dove sono i posti disponibili? Si pu\u00f2 modificare la domanda di trasferimento?","og_url":"https:\/\/www.docenti.it\/blog\/pensioni-2022-e-mobilita-dove-ci-saranno-posti-liberi\/","og_site_name":"Blog | Docenti.it","article_publisher":"https:\/\/www.facebook.com\/docenti.it","article_published_time":"2022-03-10T14:50:19+00:00","og_image":[{"width":640,"height":396,"url":"https:\/\/www.docenti.it\/blog\/wp-content\/uploads\/2022\/03\/businesswoman-g2ffa2e050_640.jpg","type":"image\/jpeg"}],"author":"Veronica Conti","twitter_card":"summary_large_image","twitter_misc":{"Written by":"Veronica Conti","Est. reading time":"2 minuti"},"schema":{"@context":"https:\/\/schema.org","@graph":[{"@type":"Article","@id":"https:\/\/www.docenti.it\/blog\/pensioni-2022-e-mobilita-dove-ci-saranno-posti-liberi\/#article","isPartOf":{"@id":"https:\/\/www.docenti.it\/blog\/pensioni-2022-e-mobilita-dove-ci-saranno-posti-liberi\/"},"author":{"name":"Veronica Conti","@id":"https:\/\/www.docenti.it\/blog\/#\/schema\/person\/db2692c75b023bba5319018ede576846"},"headline":"Pensioni 2022 e mobilit\u00e0: dove ci saranno posti liberi?","datePublished":"2022-03-10T14:50:19+00:00","dateModified":"2022-03-10T14:50:19+00:00","mainEntityOfPage":{"@id":"https:\/\/www.docenti.it\/blog\/pensioni-2022-e-mobilita-dove-ci-saranno-posti-liberi\/"},"wordCount":315,"commentCount":0,"publisher":{"@id":"https:\/\/www.docenti.it\/blog\/#organization"},"keywords":["diventare insegnante","Mobilit\u00e0 2022"],"articleSection":["News"],"inLanguage":"it-IT","potentialAction":[{"@type":"CommentAction","name":"Comment","target":["https:\/\/www.docenti.it\/blog\/pensioni-2022-e-mobilita-dove-ci-saranno-posti-liberi\/#respond"]}]},{"@type":"WebPage","@id":"https:\/\/www.docenti.it\/blog\/pensioni-2022-e-mobilita-dove-ci-saranno-posti-liberi\/","url":"https:\/\/www.docenti.it\/blog\/pensioni-2022-e-mobilita-dove-ci-saranno-posti-liberi\/","name":"Pensioni 2022 e mobilit\u00e0: dove ci saranno posti liberi?","isPartOf":{"@id":"https:\/\/www.docenti.it\/blog\/#website"},"datePublished":"2022-03-10T14:50:19+00:00","dateModified":"2022-03-10T14:50:19+00:00","description":"Iniziano ad emergere i dati sulle pensioni 2022 a scuola: dove sono i posti disponibili? Si pu\u00f2 modificare la domanda di trasferimento?","breadcrumb":{"@id":"https:\/\/www.docenti.it\/blog\/pensioni-2022-e-mobilita-dove-ci-saranno-posti-liberi\/#breadcrumb"},"inLanguage":"it-IT","potentialAction":[{"@type":"ReadAction","target":["https:\/\/www.docenti.it\/blog\/pensioni-2022-e-mobilita-dove-ci-saranno-posti-liberi\/"]}]},{"@type":"BreadcrumbList","@id":"https:\/\/www.docenti.it\/blog\/pensioni-2022-e-mobilita-dove-ci-saranno-posti-liberi\/#breadcrumb","itemListElement":[{"@type":"ListItem","position":1,"name":"Home","item":"https:\/\/www.docenti.it\/blog\/"},{"@type":"ListItem","position":2,"name":"Pensioni 2022 e mobilit\u00e0: dove ci saranno posti liberi?"}]},{"@type":"WebSite","@id":"https:\/\/www.docenti.it\/blog\/#website","url":"https:\/\/www.docenti.it\/blog\/","name":"Blog | Docenti.it","description":"Tutte le notizie e gli aggiornamenti dal mondo della scuola","publisher":{"@id":"https:\/\/www.docenti.it\/blog\/#organization"},"potentialAction":[{"@type":"SearchAction","target":{"@type":"EntryPoint","urlTemplate":"https:\/\/www.docenti.it\/blog\/?s={search_term_string}"},"query-input":"required name=search_term_string"}],"inLanguage":"it-IT"},{"@type":"Organization","@id":"https:\/\/www.docenti.it\/blog\/#organization","name":"Blog | Docenti.it","url":"https:\/\/www.docenti.it\/blog\/","logo":{"@type":"ImageObject","inLanguage":"it-IT","@id":"https:\/\/www.docenti.it\/blog\/#\/schema\/logo\/image\/","url":"https:\/\/www.docenti.it\/blog\/wp-content\/uploads\/2025\/06\/fb_mad_img.png","contentUrl":"https:\/\/www.docenti.it\/blog\/wp-content\/uploads\/2025\/06\/fb_mad_img.png","width":1140,"height":620,"caption":"Blog | Docenti.it"},"image":{"@id":"https:\/\/www.docenti.it\/blog\/#\/schema\/logo\/image\/"},"sameAs":["https:\/\/www.facebook.com\/docenti.it"]},{"@type":"Person","@id":"https:\/\/www.docenti.it\/blog\/#\/schema\/person\/db2692c75b023bba5319018ede576846","name":"Veronica Conti","image":{"@type":"ImageObject","inLanguage":"it-IT","@id":"https:\/\/www.docenti.it\/blog\/#\/schema\/person\/image\/","url":"https:\/\/secure.gravatar.com\/avatar\/9709c2e092989f0e61eda04e2d96c120?s=96&d=mm&r=g","contentUrl":"https:\/\/secure.gravatar.com\/avatar\/9709c2e092989f0e61eda04e2d96c120?s=96&d=mm&r=g","caption":"Veronica Conti"},"description":"Classe 1998, \u00e8 studentessa e insegnante di musica. Ha conseguito il Diploma di Violoncello nel 2018 e, due anni dopo, il Diploma Accademico di II Livello in Violoncello presso il Conservatorio di Cesena. Frequenta il terzo anno all'universit\u00e0 di Urbino, Lingue e Culture Straniere profilo linguistico-aziendale, ed \u00e8 tirocinante presso Docenti.it.","url":"https:\/\/www.docenti.it\/blog\/author\/veronica-conti\/"}]}},"_links":{"self":[{"href":"https:\/\/www.docenti.it\/blog\/wp-json\/wp\/v2\/posts\/17730"}],"collection":[{"href":"https:\/\/www.docenti.it\/blog\/wp-json\/wp\/v2\/posts"}],"about":[{"href":"https:\/\/www.docenti.it\/blog\/wp-json\/wp\/v2\/types\/post"}],"author":[{"embeddable":true,"href":"https:\/\/www.docenti.it\/blog\/wp-json\/wp\/v2\/users\/22"}],"replies":[{"embeddable":true,"href":"https:\/\/www.docenti.it\/blog\/wp-json\/wp\/v2\/comments?post=17730"}],"version-history":[{"count":6,"href":"https:\/\/www.docenti.it\/blog\/wp-json\/wp\/v2\/posts\/17730\/revisions"}],"predecessor-version":[{"id":17748,"href":"https:\/\/www.docenti.it\/blog\/wp-json\/wp\/v2\/posts\/17730\/revisions\/17748"}],"wp:featuredmedia":[{"embeddable":true,"href":"https:\/\/www.docenti.it\/blog\/wp-json\/wp\/v2\/media\/17733"}],"wp:attachment":[{"href":"https:\/\/www.docenti.it\/blog\/wp-json\/wp\/v2\/media?parent=17730"}],"wp:term":[{"taxonomy":"category","embeddable":true,"href":"https:\/\/www.docenti.it\/blog\/wp-json\/wp\/v2\/categories?post=17730"},{"taxonomy":"post_tag","embeddable":true,"href":"https:\/\/www.docenti.it\/blog\/wp-json\/wp\/v2\/tags?post=17730"}],"curies":[{"name":"wp","href":"https:\/\/api.w.org\/{rel}","templated":true}]}}