{"id":18027,"date":"2022-03-15T14:38:41","date_gmt":"2022-03-15T13:38:41","guid":{"rendered":"https:\/\/www.docenti.it\/blog\/?p=18027"},"modified":"2022-03-15T14:38:42","modified_gmt":"2022-03-15T13:38:42","slug":"obbligo-vaccinale-per-i-docenti-fino-a-quando-sara-in-vigore","status":"publish","type":"post","link":"https:\/\/www.docenti.it\/blog\/obbligo-vaccinale-per-i-docenti-fino-a-quando-sara-in-vigore\/","title":{"rendered":"Obbligo vaccinale per i docenti: fino a quando sar\u00e0 in vigore?"},"content":{"rendered":"\n<p>\u00c8 prevista per domani 16 marzo l&#8217;approvazione del decreto legge riguardante l&#8217;uscita dall&#8217;emergenza sanitaria legata al Covid.<\/p>\n\n\n\n<p>Ci saranno molte novit\u00e0 a scuola: l&#8217;obbligo vaccinale sar\u00e0 ancora necessario?<\/p>\n\n\n\n<p>Vediamo le ultime novit\u00e0.<\/p>\n\n\n\n<!--more-->\n\n\n\n<h2>Novit\u00e0 disposizioni Covid: cosa cambia?<\/h2>\n\n\n\n<p>Il Governo sta progettando delle nuove disposizioni che farebbero pensare ad un parziale ritorno alla normalit\u00e0.<\/p>\n\n\n\n<p><strong>Lo stato di emergenza terminer\u00e0 il 31 marzo 2022, dopo essere stato prorogato per sei volte dal 2020.<\/strong><\/p>\n\n\n\n<p>Bisogna comunque precisare che la situazione Covid \u00e8 sempre in continua evoluzione e non si escludono modifiche alle disposizioni.<\/p>\n\n\n\n<p>Vediamo le novit\u00e0 conosciute ad oggi.<\/p>\n\n\n\n<p>La prima riguarda il <strong>green pass<\/strong>.<\/p>\n\n\n\n<p><strong>Il green pass non sar\u00e0 pi\u00f9 obbligatorio dal<\/strong> <strong>1\u00b0 aprile<\/strong> in queste circostanze:<\/p>\n\n\n\n<ul><li>consumare al bar all&#8217;aperto<\/li><li>consumare al ristorante all&#8217;aperto<\/li><li>negozi<\/li><li>parrucchieri<\/li><li>uffici pubblici<\/li><li>banche<\/li><li>uffici postali<\/li><\/ul>\n\n\n\n<p>Invece, <strong>il green pass rafforzato non sar\u00e0 pi\u00f9 obbligatorio al chiuso dal 1\u00b0maggio<\/strong>. <br>Baster\u00e0 il green pass base.<\/p>\n\n\n\n<p>Ancora, <strong>non sar\u00e0 necessario il super green pass dal<\/strong> <strong>1\u00b0 aprile<\/strong> per: <\/p>\n\n\n\n<ul><li>alberghi<\/li><li>relais<\/li><li>strutture ricettive in generale<\/li><li>mostre e musei<\/li><\/ul>\n\n\n\n<p>Il super green pass sar\u00e0 obbligatorio invece per convegni e congressi fino al 30 aprile.<\/p>\n\n\n\n<p><em>E sul fronte scuola? <\/em><br><em>Quali novit\u00e0 sono attese?<\/em><\/p>\n\n\n\n<h2>Scuola: quando decade l&#8217;obbligo vaccinale <\/h2>\n\n\n\n<p>Per quanto riguarda il mondo scuola, tra le novit\u00e0, si parla di <strong>Dad <\/strong>e dell&#8217;<strong>obbligo vaccinale<\/strong>.<\/p>\n\n\n\n<p>In primo luogo,<strong> non sar\u00e0 pi\u00f9 prevista la didattica a distanza.<\/strong><br>Perci\u00f2 non ci saranno distinzioni fra vaccinati e non vaccinati: i positivi dovranno stare a casa fino alla guarigione.<\/p>\n\n\n\n<p>La novit\u00e0 forse pi\u00f9 attesa riguarda la <strong>caduta dell&#8217;obbligo vaccinale: \u00e8 prevista dal 15 giugno per docenti e personale ATA.<\/strong><\/p>\n\n\n\n<p><strong>La mascherina FFP2 non sar\u00e0 pi\u00f9 obbligatoria<\/strong> e si potr\u00e0 utilizzare la mascherina chirurgica.<\/p>\n\n\n\n<p>Parliamo ora dell&#8217;<em>Universit\u00e0<\/em>.<br>Si dovr\u00e0 accedere agli atenei con il green pass fino al 30 aprile.<\/p>\n\n\n\n<p><strong>Quindi dal 1\u00b0 maggio gli studenti potranno frequentare le lezioni universitarie anche se non vaccinati.<\/strong><\/p>\n\n\n\n<p>Un altro punto fondamentale per la scuola, e non solo, \u00e8 il <em>trasporto<\/em>.<\/p>\n\n\n\n<p>Dal 1\u00b0 aprile non sar\u00e0 pi\u00f9 necessario il green pass per:<\/p>\n\n\n\n<ul><li>autobus<\/li><li>metropolitane<\/li><li>aerei<\/li><li>treni<\/li><li>navi<\/li><\/ul>\n\n\n\n<p>Rimane per\u00f2 l&#8217;obbligo di indossare la mascherina FFP2.<\/p>\n\n\n\n<p>Per ultimo, parliamo dello <em>sport<\/em>.<\/p>\n\n\n\n<p>Il green pass rafforzato resta in vigore fino al 30 aprile per palestre, piscine, sport svolti al chiuso e spogliatoi.<\/p>\n\n\n\n<p>Leggi anche:<\/p>\n\n\n\n<ul><li><a href=\"https:\/\/www.docenti.it\/blog\/contratti-scuola-covid-perche-non-possono-essere-rinnovati\/\" target=\"_blank\" rel=\"noreferrer noopener\">Contratti scuola Covid: perch\u00e9 non possono essere rinnovati?<\/a><\/li><li><a href=\"https:\/\/www.docenti.it\/blog\/supplenze-scuola-covid-e-ata-quando-ce-il-rischio-licenziamento\/\" target=\"_blank\" rel=\"noreferrer noopener\">Supplenze scuola Covid e ATA: quando c\u2019\u00e8 il rischio licenziamento<\/a><\/li><\/ul>\n\n\n\n<p>Photo credit: <a href=\"https:\/\/www.pexels.com\/\" target=\"_blank\" rel=\"noreferrer noopener\">pexels.com<\/a><\/p>\n","protected":false},"excerpt":{"rendered":"<p>\u00c8 prevista per domani 16 marzo l&#8217;approvazione del decreto legge riguardante l&#8217;uscita dall&#8217;emergenza sanitaria [&hellip;]<\/p>\n","protected":false},"author":22,"featured_media":18037,"comment_status":"open","ping_status":"open","sticky":false,"template":"","format":"standard","meta":[],"categories":[4],"tags":[277,237],"yoast_head":"<!-- This site is optimized with the Yoast SEO plugin v20.4 - https:\/\/yoast.com\/wordpress\/plugins\/seo\/ -->\n<title>Obbligo vaccinale per i docenti: fino a quando sar\u00e0 in vigore?<\/title>\n<meta name=\"description\" content=\"Il Governo sta formulando il decreto legge che riguarda l&#039;uscita dall&#039;emergenza sanitaria: terminer\u00e0 l&#039;obbligo vaccinale a scuola?\" \/>\n<meta name=\"robots\" content=\"index, follow, max-snippet:-1, max-image-preview:large, max-video-preview:-1\" \/>\n<link rel=\"canonical\" href=\"https:\/\/www.docenti.it\/blog\/obbligo-vaccinale-per-i-docenti-fino-a-quando-sara-in-vigore\/\" \/>\n<meta property=\"og:locale\" content=\"it_IT\" \/>\n<meta property=\"og:type\" content=\"article\" \/>\n<meta property=\"og:title\" content=\"Obbligo vaccinale per i docenti: fino a quando sar\u00e0 in vigore?\" \/>\n<meta property=\"og:description\" content=\"Il Governo sta formulando il decreto legge che riguarda l&#039;uscita dall&#039;emergenza sanitaria: terminer\u00e0 l&#039;obbligo vaccinale a scuola?\" \/>\n<meta property=\"og:url\" content=\"https:\/\/www.docenti.it\/blog\/obbligo-vaccinale-per-i-docenti-fino-a-quando-sara-in-vigore\/\" \/>\n<meta property=\"og:site_name\" content=\"Blog | Docenti.it\" \/>\n<meta property=\"article:publisher\" content=\"https:\/\/www.facebook.com\/docenti.it\" \/>\n<meta property=\"article:published_time\" content=\"2022-03-15T13:38:41+00:00\" \/>\n<meta property=\"article:modified_time\" content=\"2022-03-15T13:38:42+00:00\" \/>\n<meta property=\"og:image\" content=\"https:\/\/www.docenti.it\/blog\/wp-content\/uploads\/2022\/03\/pexels-pavel-danilyuk-8423380.jpg\" \/>\n\t<meta property=\"og:image:width\" content=\"640\" \/>\n\t<meta property=\"og:image:height\" content=\"427\" \/>\n\t<meta property=\"og:image:type\" content=\"image\/jpeg\" \/>\n<meta name=\"author\" content=\"Veronica Conti\" \/>\n<meta name=\"twitter:card\" content=\"summary_large_image\" \/>\n<meta name=\"twitter:label1\" content=\"Written by\" \/>\n\t<meta name=\"twitter:data1\" content=\"Veronica Conti\" \/>\n\t<meta name=\"twitter:label2\" content=\"Est. reading time\" \/>\n\t<meta name=\"twitter:data2\" content=\"2 minuti\" \/>\n<script type=\"application\/ld+json\" class=\"yoast-schema-graph\">{\"@context\":\"https:\/\/schema.org\",\"@graph\":[{\"@type\":\"Article\",\"@id\":\"https:\/\/www.docenti.it\/blog\/obbligo-vaccinale-per-i-docenti-fino-a-quando-sara-in-vigore\/#article\",\"isPartOf\":{\"@id\":\"https:\/\/www.docenti.it\/blog\/obbligo-vaccinale-per-i-docenti-fino-a-quando-sara-in-vigore\/\"},\"author\":{\"name\":\"Veronica Conti\",\"@id\":\"https:\/\/www.docenti.it\/blog\/#\/schema\/person\/db2692c75b023bba5319018ede576846\"},\"headline\":\"Obbligo vaccinale per i docenti: fino a quando sar\u00e0 in vigore?\",\"datePublished\":\"2022-03-15T13:38:41+00:00\",\"dateModified\":\"2022-03-15T13:38:42+00:00\",\"mainEntityOfPage\":{\"@id\":\"https:\/\/www.docenti.it\/blog\/obbligo-vaccinale-per-i-docenti-fino-a-quando-sara-in-vigore\/\"},\"wordCount\":389,\"commentCount\":0,\"publisher\":{\"@id\":\"https:\/\/www.docenti.it\/blog\/#organization\"},\"keywords\":[\"covid scuola\",\"vaccino scuola\"],\"articleSection\":[\"News\"],\"inLanguage\":\"it-IT\",\"potentialAction\":[{\"@type\":\"CommentAction\",\"name\":\"Comment\",\"target\":[\"https:\/\/www.docenti.it\/blog\/obbligo-vaccinale-per-i-docenti-fino-a-quando-sara-in-vigore\/#respond\"]}]},{\"@type\":\"WebPage\",\"@id\":\"https:\/\/www.docenti.it\/blog\/obbligo-vaccinale-per-i-docenti-fino-a-quando-sara-in-vigore\/\",\"url\":\"https:\/\/www.docenti.it\/blog\/obbligo-vaccinale-per-i-docenti-fino-a-quando-sara-in-vigore\/\",\"name\":\"Obbligo vaccinale per i docenti: fino a quando sar\u00e0 in vigore?\",\"isPartOf\":{\"@id\":\"https:\/\/www.docenti.it\/blog\/#website\"},\"datePublished\":\"2022-03-15T13:38:41+00:00\",\"dateModified\":\"2022-03-15T13:38:42+00:00\",\"description\":\"Il Governo sta formulando il decreto legge che riguarda l'uscita dall'emergenza sanitaria: terminer\u00e0 l'obbligo vaccinale a scuola?\",\"breadcrumb\":{\"@id\":\"https:\/\/www.docenti.it\/blog\/obbligo-vaccinale-per-i-docenti-fino-a-quando-sara-in-vigore\/#breadcrumb\"},\"inLanguage\":\"it-IT\",\"potentialAction\":[{\"@type\":\"ReadAction\",\"target\":[\"https:\/\/www.docenti.it\/blog\/obbligo-vaccinale-per-i-docenti-fino-a-quando-sara-in-vigore\/\"]}]},{\"@type\":\"BreadcrumbList\",\"@id\":\"https:\/\/www.docenti.it\/blog\/obbligo-vaccinale-per-i-docenti-fino-a-quando-sara-in-vigore\/#breadcrumb\",\"itemListElement\":[{\"@type\":\"ListItem\",\"position\":1,\"name\":\"Home\",\"item\":\"https:\/\/www.docenti.it\/blog\/\"},{\"@type\":\"ListItem\",\"position\":2,\"name\":\"Obbligo vaccinale per i docenti: fino a quando sar\u00e0 in vigore?\"}]},{\"@type\":\"WebSite\",\"@id\":\"https:\/\/www.docenti.it\/blog\/#website\",\"url\":\"https:\/\/www.docenti.it\/blog\/\",\"name\":\"Blog | Docenti.it\",\"description\":\"Tutte le notizie e gli aggiornamenti dal mondo della scuola\",\"publisher\":{\"@id\":\"https:\/\/www.docenti.it\/blog\/#organization\"},\"potentialAction\":[{\"@type\":\"SearchAction\",\"target\":{\"@type\":\"EntryPoint\",\"urlTemplate\":\"https:\/\/www.docenti.it\/blog\/?s={search_term_string}\"},\"query-input\":\"required name=search_term_string\"}],\"inLanguage\":\"it-IT\"},{\"@type\":\"Organization\",\"@id\":\"https:\/\/www.docenti.it\/blog\/#organization\",\"name\":\"Blog | Docenti.it\",\"url\":\"https:\/\/www.docenti.it\/blog\/\",\"logo\":{\"@type\":\"ImageObject\",\"inLanguage\":\"it-IT\",\"@id\":\"https:\/\/www.docenti.it\/blog\/#\/schema\/logo\/image\/\",\"url\":\"https:\/\/www.docenti.it\/blog\/wp-content\/uploads\/2025\/06\/fb_mad_img.png\",\"contentUrl\":\"https:\/\/www.docenti.it\/blog\/wp-content\/uploads\/2025\/06\/fb_mad_img.png\",\"width\":1140,\"height\":620,\"caption\":\"Blog | Docenti.it\"},\"image\":{\"@id\":\"https:\/\/www.docenti.it\/blog\/#\/schema\/logo\/image\/\"},\"sameAs\":[\"https:\/\/www.facebook.com\/docenti.it\"]},{\"@type\":\"Person\",\"@id\":\"https:\/\/www.docenti.it\/blog\/#\/schema\/person\/db2692c75b023bba5319018ede576846\",\"name\":\"Veronica Conti\",\"image\":{\"@type\":\"ImageObject\",\"inLanguage\":\"it-IT\",\"@id\":\"https:\/\/www.docenti.it\/blog\/#\/schema\/person\/image\/\",\"url\":\"https:\/\/secure.gravatar.com\/avatar\/9709c2e092989f0e61eda04e2d96c120?s=96&d=mm&r=g\",\"contentUrl\":\"https:\/\/secure.gravatar.com\/avatar\/9709c2e092989f0e61eda04e2d96c120?s=96&d=mm&r=g\",\"caption\":\"Veronica Conti\"},\"description\":\"Classe 1998, \u00e8 studentessa e insegnante di musica. Ha conseguito il Diploma di Violoncello nel 2018 e, due anni dopo, il Diploma Accademico di II Livello in Violoncello presso il Conservatorio di Cesena. Frequenta il terzo anno all'universit\u00e0 di Urbino, Lingue e Culture Straniere profilo linguistico-aziendale, ed \u00e8 tirocinante presso Docenti.it.\",\"url\":\"https:\/\/www.docenti.it\/blog\/author\/veronica-conti\/\"}]}<\/script>\n<!-- \/ Yoast SEO plugin. -->","yoast_head_json":{"title":"Obbligo vaccinale per i docenti: fino a quando sar\u00e0 in vigore?","description":"Il Governo sta formulando il decreto legge che riguarda l'uscita dall'emergenza sanitaria: terminer\u00e0 l'obbligo vaccinale a scuola?","robots":{"index":"index","follow":"follow","max-snippet":"max-snippet:-1","max-image-preview":"max-image-preview:large","max-video-preview":"max-video-preview:-1"},"canonical":"https:\/\/www.docenti.it\/blog\/obbligo-vaccinale-per-i-docenti-fino-a-quando-sara-in-vigore\/","og_locale":"it_IT","og_type":"article","og_title":"Obbligo vaccinale per i docenti: fino a quando sar\u00e0 in vigore?","og_description":"Il Governo sta formulando il decreto legge che riguarda l'uscita dall'emergenza sanitaria: terminer\u00e0 l'obbligo vaccinale a scuola?","og_url":"https:\/\/www.docenti.it\/blog\/obbligo-vaccinale-per-i-docenti-fino-a-quando-sara-in-vigore\/","og_site_name":"Blog | Docenti.it","article_publisher":"https:\/\/www.facebook.com\/docenti.it","article_published_time":"2022-03-15T13:38:41+00:00","article_modified_time":"2022-03-15T13:38:42+00:00","og_image":[{"width":640,"height":427,"url":"https:\/\/www.docenti.it\/blog\/wp-content\/uploads\/2022\/03\/pexels-pavel-danilyuk-8423380.jpg","type":"image\/jpeg"}],"author":"Veronica Conti","twitter_card":"summary_large_image","twitter_misc":{"Written by":"Veronica Conti","Est. reading time":"2 minuti"},"schema":{"@context":"https:\/\/schema.org","@graph":[{"@type":"Article","@id":"https:\/\/www.docenti.it\/blog\/obbligo-vaccinale-per-i-docenti-fino-a-quando-sara-in-vigore\/#article","isPartOf":{"@id":"https:\/\/www.docenti.it\/blog\/obbligo-vaccinale-per-i-docenti-fino-a-quando-sara-in-vigore\/"},"author":{"name":"Veronica Conti","@id":"https:\/\/www.docenti.it\/blog\/#\/schema\/person\/db2692c75b023bba5319018ede576846"},"headline":"Obbligo vaccinale per i docenti: fino a quando sar\u00e0 in vigore?","datePublished":"2022-03-15T13:38:41+00:00","dateModified":"2022-03-15T13:38:42+00:00","mainEntityOfPage":{"@id":"https:\/\/www.docenti.it\/blog\/obbligo-vaccinale-per-i-docenti-fino-a-quando-sara-in-vigore\/"},"wordCount":389,"commentCount":0,"publisher":{"@id":"https:\/\/www.docenti.it\/blog\/#organization"},"keywords":["covid scuola","vaccino scuola"],"articleSection":["News"],"inLanguage":"it-IT","potentialAction":[{"@type":"CommentAction","name":"Comment","target":["https:\/\/www.docenti.it\/blog\/obbligo-vaccinale-per-i-docenti-fino-a-quando-sara-in-vigore\/#respond"]}]},{"@type":"WebPage","@id":"https:\/\/www.docenti.it\/blog\/obbligo-vaccinale-per-i-docenti-fino-a-quando-sara-in-vigore\/","url":"https:\/\/www.docenti.it\/blog\/obbligo-vaccinale-per-i-docenti-fino-a-quando-sara-in-vigore\/","name":"Obbligo vaccinale per i docenti: fino a quando sar\u00e0 in vigore?","isPartOf":{"@id":"https:\/\/www.docenti.it\/blog\/#website"},"datePublished":"2022-03-15T13:38:41+00:00","dateModified":"2022-03-15T13:38:42+00:00","description":"Il Governo sta formulando il decreto legge che riguarda l'uscita dall'emergenza sanitaria: terminer\u00e0 l'obbligo vaccinale a scuola?","breadcrumb":{"@id":"https:\/\/www.docenti.it\/blog\/obbligo-vaccinale-per-i-docenti-fino-a-quando-sara-in-vigore\/#breadcrumb"},"inLanguage":"it-IT","potentialAction":[{"@type":"ReadAction","target":["https:\/\/www.docenti.it\/blog\/obbligo-vaccinale-per-i-docenti-fino-a-quando-sara-in-vigore\/"]}]},{"@type":"BreadcrumbList","@id":"https:\/\/www.docenti.it\/blog\/obbligo-vaccinale-per-i-docenti-fino-a-quando-sara-in-vigore\/#breadcrumb","itemListElement":[{"@type":"ListItem","position":1,"name":"Home","item":"https:\/\/www.docenti.it\/blog\/"},{"@type":"ListItem","position":2,"name":"Obbligo vaccinale per i docenti: fino a quando sar\u00e0 in vigore?"}]},{"@type":"WebSite","@id":"https:\/\/www.docenti.it\/blog\/#website","url":"https:\/\/www.docenti.it\/blog\/","name":"Blog | Docenti.it","description":"Tutte le notizie e gli aggiornamenti dal mondo della scuola","publisher":{"@id":"https:\/\/www.docenti.it\/blog\/#organization"},"potentialAction":[{"@type":"SearchAction","target":{"@type":"EntryPoint","urlTemplate":"https:\/\/www.docenti.it\/blog\/?s={search_term_string}"},"query-input":"required name=search_term_string"}],"inLanguage":"it-IT"},{"@type":"Organization","@id":"https:\/\/www.docenti.it\/blog\/#organization","name":"Blog | Docenti.it","url":"https:\/\/www.docenti.it\/blog\/","logo":{"@type":"ImageObject","inLanguage":"it-IT","@id":"https:\/\/www.docenti.it\/blog\/#\/schema\/logo\/image\/","url":"https:\/\/www.docenti.it\/blog\/wp-content\/uploads\/2025\/06\/fb_mad_img.png","contentUrl":"https:\/\/www.docenti.it\/blog\/wp-content\/uploads\/2025\/06\/fb_mad_img.png","width":1140,"height":620,"caption":"Blog | Docenti.it"},"image":{"@id":"https:\/\/www.docenti.it\/blog\/#\/schema\/logo\/image\/"},"sameAs":["https:\/\/www.facebook.com\/docenti.it"]},{"@type":"Person","@id":"https:\/\/www.docenti.it\/blog\/#\/schema\/person\/db2692c75b023bba5319018ede576846","name":"Veronica Conti","image":{"@type":"ImageObject","inLanguage":"it-IT","@id":"https:\/\/www.docenti.it\/blog\/#\/schema\/person\/image\/","url":"https:\/\/secure.gravatar.com\/avatar\/9709c2e092989f0e61eda04e2d96c120?s=96&d=mm&r=g","contentUrl":"https:\/\/secure.gravatar.com\/avatar\/9709c2e092989f0e61eda04e2d96c120?s=96&d=mm&r=g","caption":"Veronica Conti"},"description":"Classe 1998, \u00e8 studentessa e insegnante di musica. Ha conseguito il Diploma di Violoncello nel 2018 e, due anni dopo, il Diploma Accademico di II Livello in Violoncello presso il Conservatorio di Cesena. Frequenta il terzo anno all'universit\u00e0 di Urbino, Lingue e Culture Straniere profilo linguistico-aziendale, ed \u00e8 tirocinante presso Docenti.it.","url":"https:\/\/www.docenti.it\/blog\/author\/veronica-conti\/"}]}},"_links":{"self":[{"href":"https:\/\/www.docenti.it\/blog\/wp-json\/wp\/v2\/posts\/18027"}],"collection":[{"href":"https:\/\/www.docenti.it\/blog\/wp-json\/wp\/v2\/posts"}],"about":[{"href":"https:\/\/www.docenti.it\/blog\/wp-json\/wp\/v2\/types\/post"}],"author":[{"embeddable":true,"href":"https:\/\/www.docenti.it\/blog\/wp-json\/wp\/v2\/users\/22"}],"replies":[{"embeddable":true,"href":"https:\/\/www.docenti.it\/blog\/wp-json\/wp\/v2\/comments?post=18027"}],"version-history":[{"count":10,"href":"https:\/\/www.docenti.it\/blog\/wp-json\/wp\/v2\/posts\/18027\/revisions"}],"predecessor-version":[{"id":18044,"href":"https:\/\/www.docenti.it\/blog\/wp-json\/wp\/v2\/posts\/18027\/revisions\/18044"}],"wp:featuredmedia":[{"embeddable":true,"href":"https:\/\/www.docenti.it\/blog\/wp-json\/wp\/v2\/media\/18037"}],"wp:attachment":[{"href":"https:\/\/www.docenti.it\/blog\/wp-json\/wp\/v2\/media?parent=18027"}],"wp:term":[{"taxonomy":"category","embeddable":true,"href":"https:\/\/www.docenti.it\/blog\/wp-json\/wp\/v2\/categories?post=18027"},{"taxonomy":"post_tag","embeddable":true,"href":"https:\/\/www.docenti.it\/blog\/wp-json\/wp\/v2\/tags?post=18027"}],"curies":[{"name":"wp","href":"https:\/\/api.w.org\/{rel}","templated":true}]}}