{"id":18983,"date":"2022-03-23T12:54:37","date_gmt":"2022-03-23T11:54:37","guid":{"rendered":"https:\/\/www.docenti.it\/blog\/?p=18983"},"modified":"2022-03-23T12:54:38","modified_gmt":"2022-03-23T11:54:38","slug":"domanda-di-trasferimento-le-cattedre-orario-esterne-quali-sono","status":"publish","type":"post","link":"https:\/\/www.docenti.it\/blog\/domanda-di-trasferimento-le-cattedre-orario-esterne-quali-sono\/","title":{"rendered":"Domanda di trasferimento: le cattedre orario esterne. Quali sono?"},"content":{"rendered":"\n<p>Nella domanda di trasferimento il docente indica la tipologia di cattedra per la quale vorrebbe ottenere il trasferimento.<\/p>\n\n\n\n<p>La possibilit\u00e0 di conseguire il movimento potrebbe variare ed essere maggiore o minore in base alla tipologia richiesta.<\/p>\n\n\n\n<p><em>Quali sono le tipologie di cattedre? <br>Come comportarsi?<\/em><\/p>\n\n\n\n<!--more-->\n\n\n\n<h2>Domanda di trasferimento: tipologie di cattedra<\/h2>\n\n\n\n<p><em>Un docente presenta la domanda di trasferimento: \u00e8 meglio scegliere cattedre esterne stesso comune o cattedre orario tra comuni diversi?<\/em><\/p>\n\n\n\n<p>Nella domanda, <strong>il docente pu\u00f2 inserire la tipologia di cattedra che preferisce in merito al trasferimento<\/strong>.<\/p>\n\n\n\n<p>Ci sono varie tipologie di scelta.<\/p>\n\n\n\n<p>Infatti, nella sezione &#8220;Preferenze&#8221; dell&#8217;istanza, \u00e8 possibile indicare la Scuola Secondaria di primo grado o la Scuola Secondaria di secondo grado.<\/p>\n\n\n\n<p>Successivamente, si incontra la sezione &#8220;<em>L\u2019aspirante, per le preferenze scuola, richiede anche cattedre orario esterne<\/em>&#8221; (COE) con due possibilit\u00e0 di scelta:<\/p>\n\n\n\n<ul><li><strong>cattedre orario stesso comune<\/strong>;<\/li><li><strong>cattedre orario anche tra comuni diversi<\/strong>.<\/li><\/ul>\n\n\n\n<p>Il docente pu\u00f2 spuntare una delle due caselle se \u00e8 intenzionato a partecipare su cattedre esterne.<\/p>\n\n\n\n<p>In caso contrario,<strong> il docente che non marca una delle due caselle richiedere soltanto cattedre interne<\/strong>.<\/p>\n\n\n\n<p><em>Che cosa comporta la scelta di una o dell&#8217;altra proposta?<\/em><\/p>\n\n\n\n<h3>Cattedre orario esterne: s\u00ec o no?<\/h3>\n\n\n\n<p>Il docente pu\u00f2 scegliere se partecipare solo su cattedre interne o anche su cattedre orario esterne.<\/p>\n\n\n\n<p>Se non partecipa alle cattedre orario esterne, il docente potr\u00e0 essere soddisfatto solo se sono disponibili cattedre interne rispetto a una delle preferenze inserite nella domanda.<\/p>\n\n\n\n<p>Invece,<strong> il docente che richiede anche le cattedre esterne avr\u00e0 pi\u00f9 possibilit\u00e0 di conseguimento del trasferimento perch\u00e9 la sua preferenza sar\u00e0 valutata sia su cattedre interne sia su cattedre orario esterne<\/strong>.<\/p>\n\n\n\n<p>Le COE possono essere:<\/p>\n\n\n\n<ul><li><strong>nello stesso comune<\/strong>: il docente pu\u00f2 essere trasferito su cattedra interna o orario esterna con completamento nello stesso comune;<\/li><li><strong>tra comuni diversi<\/strong>: il docente pu\u00f2 essere trasferito su cattedra interna o orario esterna con completamento nello stesso comune o completamento in comune diverso.<\/li><\/ul>\n\n\n\n<p><em>Con quali criteri viene valutata la richiesta di cattedra orario esterna?<\/em><\/p>\n\n\n\n<figure class=\"wp-block-image size-full\"><img decoding=\"async\" loading=\"lazy\" width=\"640\" height=\"404\" src=\"https:\/\/www.docenti.it\/blog\/wp-content\/uploads\/2022\/03\/blackboard-gd32fe8f4e_640.png\" alt=\"domanda di trasferimento\" class=\"wp-image-19025\" srcset=\"https:\/\/www.docenti.it\/blog\/wp-content\/uploads\/2022\/03\/blackboard-gd32fe8f4e_640.png 640w, https:\/\/www.docenti.it\/blog\/wp-content\/uploads\/2022\/03\/blackboard-gd32fe8f4e_640-300x189.png 300w, https:\/\/www.docenti.it\/blog\/wp-content\/uploads\/2022\/03\/blackboard-gd32fe8f4e_640-600x379.png 600w\" sizes=\"(max-width: 640px) 100vw, 640px\" \/><\/figure>\n\n\n\n<h2>Ordine di valutazione COE: le preferenze<\/h2>\n\n\n\n<p>La valutazione delle scelte relative alle COE \u00e8 diversa se si parla di preferenza analitica o di preferenza sintetica.<\/p>\n\n\n\n<p>L&#8217;art. 11 del CCNI sulla mobilit\u00e0 definisce le seguenti differenze.<\/p>\n\n\n\n<p>In caso di <strong>preferenza analitica<\/strong>, l&#8217;ordine di valutazione \u00e8:<\/p>\n\n\n\n<ol><li>cattedre interne alle scuole<\/li><li>cattedre orario esterne stesso comune<\/li><li>infine, cattedre orario esterne tra comuni diversi<\/li><\/ol>\n\n\n\n<p>In caso di <strong>preferenza sintetica<\/strong>, l&#8217;ordine di valutazione \u00e8:<\/p>\n\n\n\n<ol><li>cattedre interne per ciascuna scuola o istituto compreso nella singola preferenza sintetica secondo l&#8217;ordine del bollettino;<\/li><li>le cattedre orario esterne con completamento all\u2019interno del comune per ciascuna scuola o istituto secondo l\u2019ordine del bollettino;<\/li><li>le cattedre orario esterne con completamento anche tra comuni diversi secondo l\u2019ordine del bollettino.<\/li><\/ol>\n\n\n\n<h2>Contatta la redazione<\/h2>\n\n\n\n<p>Hai dubbi o domande da porci?<\/p>\n\n\n\n<p>Contatta la redazione alla seguente mail:&nbsp;redazione@docenti.it<\/p>\n\n\n\n<p>Ti risponderemo nel breve tempo possibile.<\/p>\n\n\n\n<p>Vuoi rimanere aggiornato con le ultime notizie su pensioni e mobilit\u00e0 scuola?<br>Leggi anche:<\/p>\n\n\n\n<ul><li><a href=\"https:\/\/www.docenti.it\/blog\/mobilita-e-graduatoria-interna-tutte-le-date-dei-movimenti\/\" target=\"_blank\" rel=\"noreferrer noopener\">Mobilit\u00e0 e Graduatoria interna: tutte le date dei movimenti<\/a><\/li><li><a href=\"https:\/\/www.docenti.it\/blog\/pensioni-2022-e-mobilita-dove-ci-saranno-posti-liberi\/\" target=\"_blank\" rel=\"noreferrer noopener\">Pensioni 2022 e mobilit\u00e0: dove ci saranno posti liberi?<\/a><\/li><li><a href=\"https:\/\/www.docenti.it\/blog\/domanda-di-mobilita-le-informazioni-da-inserire-su-istanzeonline\/\" target=\"_blank\" rel=\"noreferrer noopener\">Domanda di mobilit\u00e0: le informazioni da inserire su IstanzeOnline<\/a><\/li><\/ul>\n\n\n\n<p>Photo credit: <a href=\"https:\/\/pixabay.com\/\" target=\"_blank\" rel=\"noreferrer noopener\">pixabay.com<\/a><\/p>\n","protected":false},"excerpt":{"rendered":"<p>Nella domanda di trasferimento il docente indica la tipologia di cattedra per la quale [&hellip;]<\/p>\n","protected":false},"author":22,"featured_media":18994,"comment_status":"open","ping_status":"open","sticky":false,"template":"","format":"standard","meta":[],"categories":[4,3],"tags":[403,405],"yoast_head":"<!-- This site is optimized with the Yoast SEO plugin v20.4 - https:\/\/yoast.com\/wordpress\/plugins\/seo\/ -->\n<title>Domanda di trasferimento: le cattedre orario esterne. Quali sono?<\/title>\n<meta name=\"description\" content=\"Nella domanda di trasferimento \u00e8 possibile indicare anche la preferenza sulle cattedre orario esterne: cosa conviene scegliere?\" \/>\n<meta name=\"robots\" content=\"index, follow, max-snippet:-1, max-image-preview:large, max-video-preview:-1\" \/>\n<link rel=\"canonical\" href=\"https:\/\/www.docenti.it\/blog\/domanda-di-trasferimento-le-cattedre-orario-esterne-quali-sono\/\" \/>\n<meta property=\"og:locale\" content=\"it_IT\" \/>\n<meta property=\"og:type\" content=\"article\" \/>\n<meta property=\"og:title\" content=\"Domanda di trasferimento: le cattedre orario esterne. Quali sono?\" \/>\n<meta property=\"og:description\" content=\"Nella domanda di trasferimento \u00e8 possibile indicare anche la preferenza sulle cattedre orario esterne: cosa conviene scegliere?\" \/>\n<meta property=\"og:url\" content=\"https:\/\/www.docenti.it\/blog\/domanda-di-trasferimento-le-cattedre-orario-esterne-quali-sono\/\" \/>\n<meta property=\"og:site_name\" content=\"Blog | Docenti.it\" \/>\n<meta property=\"article:publisher\" content=\"https:\/\/www.facebook.com\/docenti.it\" \/>\n<meta property=\"article:published_time\" content=\"2022-03-23T11:54:37+00:00\" \/>\n<meta property=\"article:modified_time\" content=\"2022-03-23T11:54:38+00:00\" \/>\n<meta property=\"og:image\" content=\"https:\/\/www.docenti.it\/blog\/wp-content\/uploads\/2022\/03\/checklist-ga82a106c1_640.png\" \/>\n\t<meta property=\"og:image:width\" content=\"640\" \/>\n\t<meta property=\"og:image:height\" content=\"442\" \/>\n\t<meta property=\"og:image:type\" content=\"image\/png\" \/>\n<meta name=\"author\" content=\"Veronica Conti\" \/>\n<meta name=\"twitter:card\" content=\"summary_large_image\" \/>\n<meta name=\"twitter:label1\" content=\"Written by\" \/>\n\t<meta name=\"twitter:data1\" content=\"Veronica Conti\" \/>\n\t<meta name=\"twitter:label2\" content=\"Est. reading time\" \/>\n\t<meta name=\"twitter:data2\" content=\"3 minuti\" \/>\n<script type=\"application\/ld+json\" class=\"yoast-schema-graph\">{\"@context\":\"https:\/\/schema.org\",\"@graph\":[{\"@type\":\"Article\",\"@id\":\"https:\/\/www.docenti.it\/blog\/domanda-di-trasferimento-le-cattedre-orario-esterne-quali-sono\/#article\",\"isPartOf\":{\"@id\":\"https:\/\/www.docenti.it\/blog\/domanda-di-trasferimento-le-cattedre-orario-esterne-quali-sono\/\"},\"author\":{\"name\":\"Veronica Conti\",\"@id\":\"https:\/\/www.docenti.it\/blog\/#\/schema\/person\/db2692c75b023bba5319018ede576846\"},\"headline\":\"Domanda di trasferimento: le cattedre orario esterne. Quali sono?\",\"datePublished\":\"2022-03-23T11:54:37+00:00\",\"dateModified\":\"2022-03-23T11:54:38+00:00\",\"mainEntityOfPage\":{\"@id\":\"https:\/\/www.docenti.it\/blog\/domanda-di-trasferimento-le-cattedre-orario-esterne-quali-sono\/\"},\"wordCount\":515,\"commentCount\":0,\"publisher\":{\"@id\":\"https:\/\/www.docenti.it\/blog\/#organization\"},\"keywords\":[\"domanda di mobilit\u00e0\",\"Mobilit\u00e0 2022\"],\"articleSection\":[\"News\",\"Normativa\"],\"inLanguage\":\"it-IT\",\"potentialAction\":[{\"@type\":\"CommentAction\",\"name\":\"Comment\",\"target\":[\"https:\/\/www.docenti.it\/blog\/domanda-di-trasferimento-le-cattedre-orario-esterne-quali-sono\/#respond\"]}]},{\"@type\":\"WebPage\",\"@id\":\"https:\/\/www.docenti.it\/blog\/domanda-di-trasferimento-le-cattedre-orario-esterne-quali-sono\/\",\"url\":\"https:\/\/www.docenti.it\/blog\/domanda-di-trasferimento-le-cattedre-orario-esterne-quali-sono\/\",\"name\":\"Domanda di trasferimento: le cattedre orario esterne. Quali sono?\",\"isPartOf\":{\"@id\":\"https:\/\/www.docenti.it\/blog\/#website\"},\"datePublished\":\"2022-03-23T11:54:37+00:00\",\"dateModified\":\"2022-03-23T11:54:38+00:00\",\"description\":\"Nella domanda di trasferimento \u00e8 possibile indicare anche la preferenza sulle cattedre orario esterne: cosa conviene scegliere?\",\"breadcrumb\":{\"@id\":\"https:\/\/www.docenti.it\/blog\/domanda-di-trasferimento-le-cattedre-orario-esterne-quali-sono\/#breadcrumb\"},\"inLanguage\":\"it-IT\",\"potentialAction\":[{\"@type\":\"ReadAction\",\"target\":[\"https:\/\/www.docenti.it\/blog\/domanda-di-trasferimento-le-cattedre-orario-esterne-quali-sono\/\"]}]},{\"@type\":\"BreadcrumbList\",\"@id\":\"https:\/\/www.docenti.it\/blog\/domanda-di-trasferimento-le-cattedre-orario-esterne-quali-sono\/#breadcrumb\",\"itemListElement\":[{\"@type\":\"ListItem\",\"position\":1,\"name\":\"Home\",\"item\":\"https:\/\/www.docenti.it\/blog\/\"},{\"@type\":\"ListItem\",\"position\":2,\"name\":\"Domanda di trasferimento: le cattedre orario esterne. Quali sono?\"}]},{\"@type\":\"WebSite\",\"@id\":\"https:\/\/www.docenti.it\/blog\/#website\",\"url\":\"https:\/\/www.docenti.it\/blog\/\",\"name\":\"Blog | Docenti.it\",\"description\":\"Tutte le notizie e gli aggiornamenti dal mondo della scuola\",\"publisher\":{\"@id\":\"https:\/\/www.docenti.it\/blog\/#organization\"},\"potentialAction\":[{\"@type\":\"SearchAction\",\"target\":{\"@type\":\"EntryPoint\",\"urlTemplate\":\"https:\/\/www.docenti.it\/blog\/?s={search_term_string}\"},\"query-input\":\"required name=search_term_string\"}],\"inLanguage\":\"it-IT\"},{\"@type\":\"Organization\",\"@id\":\"https:\/\/www.docenti.it\/blog\/#organization\",\"name\":\"Blog | Docenti.it\",\"url\":\"https:\/\/www.docenti.it\/blog\/\",\"logo\":{\"@type\":\"ImageObject\",\"inLanguage\":\"it-IT\",\"@id\":\"https:\/\/www.docenti.it\/blog\/#\/schema\/logo\/image\/\",\"url\":\"https:\/\/www.docenti.it\/blog\/wp-content\/uploads\/2025\/06\/fb_mad_img.png\",\"contentUrl\":\"https:\/\/www.docenti.it\/blog\/wp-content\/uploads\/2025\/06\/fb_mad_img.png\",\"width\":1140,\"height\":620,\"caption\":\"Blog | Docenti.it\"},\"image\":{\"@id\":\"https:\/\/www.docenti.it\/blog\/#\/schema\/logo\/image\/\"},\"sameAs\":[\"https:\/\/www.facebook.com\/docenti.it\"]},{\"@type\":\"Person\",\"@id\":\"https:\/\/www.docenti.it\/blog\/#\/schema\/person\/db2692c75b023bba5319018ede576846\",\"name\":\"Veronica Conti\",\"image\":{\"@type\":\"ImageObject\",\"inLanguage\":\"it-IT\",\"@id\":\"https:\/\/www.docenti.it\/blog\/#\/schema\/person\/image\/\",\"url\":\"https:\/\/secure.gravatar.com\/avatar\/9709c2e092989f0e61eda04e2d96c120?s=96&d=mm&r=g\",\"contentUrl\":\"https:\/\/secure.gravatar.com\/avatar\/9709c2e092989f0e61eda04e2d96c120?s=96&d=mm&r=g\",\"caption\":\"Veronica Conti\"},\"description\":\"Classe 1998, \u00e8 studentessa e insegnante di musica. Ha conseguito il Diploma di Violoncello nel 2018 e, due anni dopo, il Diploma Accademico di II Livello in Violoncello presso il Conservatorio di Cesena. Frequenta il terzo anno all'universit\u00e0 di Urbino, Lingue e Culture Straniere profilo linguistico-aziendale, ed \u00e8 tirocinante presso Docenti.it.\",\"url\":\"https:\/\/www.docenti.it\/blog\/author\/veronica-conti\/\"}]}<\/script>\n<!-- \/ Yoast SEO plugin. -->","yoast_head_json":{"title":"Domanda di trasferimento: le cattedre orario esterne. Quali sono?","description":"Nella domanda di trasferimento \u00e8 possibile indicare anche la preferenza sulle cattedre orario esterne: cosa conviene scegliere?","robots":{"index":"index","follow":"follow","max-snippet":"max-snippet:-1","max-image-preview":"max-image-preview:large","max-video-preview":"max-video-preview:-1"},"canonical":"https:\/\/www.docenti.it\/blog\/domanda-di-trasferimento-le-cattedre-orario-esterne-quali-sono\/","og_locale":"it_IT","og_type":"article","og_title":"Domanda di trasferimento: le cattedre orario esterne. Quali sono?","og_description":"Nella domanda di trasferimento \u00e8 possibile indicare anche la preferenza sulle cattedre orario esterne: cosa conviene scegliere?","og_url":"https:\/\/www.docenti.it\/blog\/domanda-di-trasferimento-le-cattedre-orario-esterne-quali-sono\/","og_site_name":"Blog | Docenti.it","article_publisher":"https:\/\/www.facebook.com\/docenti.it","article_published_time":"2022-03-23T11:54:37+00:00","article_modified_time":"2022-03-23T11:54:38+00:00","og_image":[{"width":640,"height":442,"url":"https:\/\/www.docenti.it\/blog\/wp-content\/uploads\/2022\/03\/checklist-ga82a106c1_640.png","type":"image\/png"}],"author":"Veronica Conti","twitter_card":"summary_large_image","twitter_misc":{"Written by":"Veronica Conti","Est. reading time":"3 minuti"},"schema":{"@context":"https:\/\/schema.org","@graph":[{"@type":"Article","@id":"https:\/\/www.docenti.it\/blog\/domanda-di-trasferimento-le-cattedre-orario-esterne-quali-sono\/#article","isPartOf":{"@id":"https:\/\/www.docenti.it\/blog\/domanda-di-trasferimento-le-cattedre-orario-esterne-quali-sono\/"},"author":{"name":"Veronica Conti","@id":"https:\/\/www.docenti.it\/blog\/#\/schema\/person\/db2692c75b023bba5319018ede576846"},"headline":"Domanda di trasferimento: le cattedre orario esterne. Quali sono?","datePublished":"2022-03-23T11:54:37+00:00","dateModified":"2022-03-23T11:54:38+00:00","mainEntityOfPage":{"@id":"https:\/\/www.docenti.it\/blog\/domanda-di-trasferimento-le-cattedre-orario-esterne-quali-sono\/"},"wordCount":515,"commentCount":0,"publisher":{"@id":"https:\/\/www.docenti.it\/blog\/#organization"},"keywords":["domanda di mobilit\u00e0","Mobilit\u00e0 2022"],"articleSection":["News","Normativa"],"inLanguage":"it-IT","potentialAction":[{"@type":"CommentAction","name":"Comment","target":["https:\/\/www.docenti.it\/blog\/domanda-di-trasferimento-le-cattedre-orario-esterne-quali-sono\/#respond"]}]},{"@type":"WebPage","@id":"https:\/\/www.docenti.it\/blog\/domanda-di-trasferimento-le-cattedre-orario-esterne-quali-sono\/","url":"https:\/\/www.docenti.it\/blog\/domanda-di-trasferimento-le-cattedre-orario-esterne-quali-sono\/","name":"Domanda di trasferimento: le cattedre orario esterne. Quali sono?","isPartOf":{"@id":"https:\/\/www.docenti.it\/blog\/#website"},"datePublished":"2022-03-23T11:54:37+00:00","dateModified":"2022-03-23T11:54:38+00:00","description":"Nella domanda di trasferimento \u00e8 possibile indicare anche la preferenza sulle cattedre orario esterne: cosa conviene scegliere?","breadcrumb":{"@id":"https:\/\/www.docenti.it\/blog\/domanda-di-trasferimento-le-cattedre-orario-esterne-quali-sono\/#breadcrumb"},"inLanguage":"it-IT","potentialAction":[{"@type":"ReadAction","target":["https:\/\/www.docenti.it\/blog\/domanda-di-trasferimento-le-cattedre-orario-esterne-quali-sono\/"]}]},{"@type":"BreadcrumbList","@id":"https:\/\/www.docenti.it\/blog\/domanda-di-trasferimento-le-cattedre-orario-esterne-quali-sono\/#breadcrumb","itemListElement":[{"@type":"ListItem","position":1,"name":"Home","item":"https:\/\/www.docenti.it\/blog\/"},{"@type":"ListItem","position":2,"name":"Domanda di trasferimento: le cattedre orario esterne. Quali sono?"}]},{"@type":"WebSite","@id":"https:\/\/www.docenti.it\/blog\/#website","url":"https:\/\/www.docenti.it\/blog\/","name":"Blog | Docenti.it","description":"Tutte le notizie e gli aggiornamenti dal mondo della scuola","publisher":{"@id":"https:\/\/www.docenti.it\/blog\/#organization"},"potentialAction":[{"@type":"SearchAction","target":{"@type":"EntryPoint","urlTemplate":"https:\/\/www.docenti.it\/blog\/?s={search_term_string}"},"query-input":"required name=search_term_string"}],"inLanguage":"it-IT"},{"@type":"Organization","@id":"https:\/\/www.docenti.it\/blog\/#organization","name":"Blog | Docenti.it","url":"https:\/\/www.docenti.it\/blog\/","logo":{"@type":"ImageObject","inLanguage":"it-IT","@id":"https:\/\/www.docenti.it\/blog\/#\/schema\/logo\/image\/","url":"https:\/\/www.docenti.it\/blog\/wp-content\/uploads\/2025\/06\/fb_mad_img.png","contentUrl":"https:\/\/www.docenti.it\/blog\/wp-content\/uploads\/2025\/06\/fb_mad_img.png","width":1140,"height":620,"caption":"Blog | Docenti.it"},"image":{"@id":"https:\/\/www.docenti.it\/blog\/#\/schema\/logo\/image\/"},"sameAs":["https:\/\/www.facebook.com\/docenti.it"]},{"@type":"Person","@id":"https:\/\/www.docenti.it\/blog\/#\/schema\/person\/db2692c75b023bba5319018ede576846","name":"Veronica Conti","image":{"@type":"ImageObject","inLanguage":"it-IT","@id":"https:\/\/www.docenti.it\/blog\/#\/schema\/person\/image\/","url":"https:\/\/secure.gravatar.com\/avatar\/9709c2e092989f0e61eda04e2d96c120?s=96&d=mm&r=g","contentUrl":"https:\/\/secure.gravatar.com\/avatar\/9709c2e092989f0e61eda04e2d96c120?s=96&d=mm&r=g","caption":"Veronica Conti"},"description":"Classe 1998, \u00e8 studentessa e insegnante di musica. Ha conseguito il Diploma di Violoncello nel 2018 e, due anni dopo, il Diploma Accademico di II Livello in Violoncello presso il Conservatorio di Cesena. Frequenta il terzo anno all'universit\u00e0 di Urbino, Lingue e Culture Straniere profilo linguistico-aziendale, ed \u00e8 tirocinante presso Docenti.it.","url":"https:\/\/www.docenti.it\/blog\/author\/veronica-conti\/"}]}},"_links":{"self":[{"href":"https:\/\/www.docenti.it\/blog\/wp-json\/wp\/v2\/posts\/18983"}],"collection":[{"href":"https:\/\/www.docenti.it\/blog\/wp-json\/wp\/v2\/posts"}],"about":[{"href":"https:\/\/www.docenti.it\/blog\/wp-json\/wp\/v2\/types\/post"}],"author":[{"embeddable":true,"href":"https:\/\/www.docenti.it\/blog\/wp-json\/wp\/v2\/users\/22"}],"replies":[{"embeddable":true,"href":"https:\/\/www.docenti.it\/blog\/wp-json\/wp\/v2\/comments?post=18983"}],"version-history":[{"count":18,"href":"https:\/\/www.docenti.it\/blog\/wp-json\/wp\/v2\/posts\/18983\/revisions"}],"predecessor-version":[{"id":19035,"href":"https:\/\/www.docenti.it\/blog\/wp-json\/wp\/v2\/posts\/18983\/revisions\/19035"}],"wp:featuredmedia":[{"embeddable":true,"href":"https:\/\/www.docenti.it\/blog\/wp-json\/wp\/v2\/media\/18994"}],"wp:attachment":[{"href":"https:\/\/www.docenti.it\/blog\/wp-json\/wp\/v2\/media?parent=18983"}],"wp:term":[{"taxonomy":"category","embeddable":true,"href":"https:\/\/www.docenti.it\/blog\/wp-json\/wp\/v2\/categories?post=18983"},{"taxonomy":"post_tag","embeddable":true,"href":"https:\/\/www.docenti.it\/blog\/wp-json\/wp\/v2\/tags?post=18983"}],"curies":[{"name":"wp","href":"https:\/\/api.w.org\/{rel}","templated":true}]}}