{"id":20458,"date":"2022-04-07T12:57:36","date_gmt":"2022-04-07T10:57:36","guid":{"rendered":"https:\/\/www.docenti.it\/blog\/?p=20458"},"modified":"2022-04-08T15:10:57","modified_gmt":"2022-04-08T13:10:57","slug":"tabella-di-valutazione-titoli-gps-confermata-anche-per-lanno-2022-24-incattedra","status":"publish","type":"post","link":"https:\/\/www.docenti.it\/blog\/tabella-di-valutazione-titoli-gps-confermata-anche-per-lanno-2022-24-incattedra\/","title":{"rendered":"Tabella di valutazione titoli GPS: confermata anche per l&#8217;anno 2022\/24"},"content":{"rendered":"\n<p>Il Ministero ha redatto la bozza del decreto riguardante la riapertura delle graduatorie GPS.<\/p>\n\n\n\n<p>Anche se le informazioni devono essere tutte confermate, al momento <strong>\u00e8 approvata la tabella di valutazione titoli GPS gi\u00e0 utilizzata per il biennio 2020\/22.<\/strong><\/p>\n\n\n\n<p>Vediamola.<\/p>\n\n\n\n<!--more-->\n\n\n\n<h2>Tabella di valutazione titoli GPS: punteggi<\/h2>\n\n\n\n<p class=\"has-text-align-center\"><strong><em>Il Ministero sta preparando l&#8217;ordinanza per la riapertura delle GPS per il biennio 2022\/23 &#8211; 2023\/24.<\/em><\/strong><\/p>\n\n\n\n<p>A quanto pare, manca poco alla presentazione delle istanze: <strong>la data di apertura sembrerebbe essere il 19 aprile<\/strong>.<\/p>\n\n\n\n<p>Dalla bozza del decreto sappiamo che <strong>la Tabella di valutazione titoli GPS utilizzata nel biennio precedente \u00e8 confermata anche per il prossimo.<\/strong><\/p>\n\n\n\n<p>A questo proposito, riportiamo il <strong>punteggio ottenibile in base ai titoli conseguiti<\/strong>:<\/p>\n\n\n\n<ul><li><strong><em>Certificazioni informatiche<\/em><\/strong>:<strong> 0,5 punti per certificazione<\/strong>, fino ad un <strong>massimo di 2 punti<\/strong><\/li><li><strong><em>Master di I\u00b0 e II\u00b0 Livello annuale 1500 ore &#8211; 60 CFU<\/em>: 1 punto<\/strong><\/li><li><strong><em>Corso di perfezionamento annuale 1500 ore &#8211; 60 CFU<\/em>: 1 punto<\/strong><\/li><li><strong><em>Certificazione Inglese B2<\/em>: 3 punti<\/strong><\/li><li><strong><em>Certificazione Inglese C1<\/em>: 4 punti<\/strong><\/li><li>inoltre, <strong><em>Certificazione Inglese C2<\/em>: 6 punti<\/strong><\/li><li><strong><em>Corso CLIL<\/em>: 3 punti se congiunto ad una certificazione linguistica di livello almeno B2<\/strong><\/li><\/ul>\n\n\n\n<p>Rimaniamo in attesa della conferma dell&#8217;ordinanza.<\/p>\n\n\n\n<p><em>Nel frattempo vediamo le informazioni trapelate.<\/em><\/p>\n\n\n\n<h3>Graduatorie GPS: cosa sappiamo<\/h3>\n\n\n\n<p>La bozza dell&#8217;ordinanza ministeriale ha definito alcuni punti critici.<\/p>\n\n\n\n<p class=\"has-text-align-center\"><em><strong>Intanto, sembra possibile presentare le istanze dal 19 aprile al 9 maggio.<br>Cos\u00ec \u00e8 stato detto ma ancora non vi \u00e8 una data di riapertura graduatorie definitiva. <\/strong><\/em><\/p>\n\n\n\n<p>Ma analizziamo anche le altre informazioni:<\/p>\n\n\n\n<ul><li>nella domanda, da presentare attraverso Istanze On Line, sar\u00e0 possibile <strong>scegliere un&#8217;unica provincia<\/strong>;<\/li><li><em>chi \u00e8 inserito nelle GAE <\/em>per\u00f2 pu\u00f2 indicare una provincia diversa rispetto a quella con cui \u00e8 inserito nelle Graduatorie ad Esaurimento;<\/li><li>parliamo di <em>Graduatorie di istituto<\/em>: si possono indicare <strong>fino a 20 istituzioni scolastiche<\/strong> per posto o CdC ma devono essere ubicate nella stessa provincia indicata per l&#8217;iscrizione in GPS;<\/li><li>ci si pu\u00f2 <strong>inserire con riserva con lo scioglimento della stessa attraverso il conseguimento del titolo entro il 15 luglio<\/strong>;<\/li><li>coloro che erano<em> iscritti negli elenchi aggiuntivi del biennio precedente<\/em> devono presentare domanda di nuovo inserimento in prima fascia;<\/li><li>nelle <em>GPS di seconda fascia posto comune per Infanzia e Primaria<\/em> possono iscriversi gli studenti che sono iscritti al terzo, quarto o quinto anno di SFP e che hanno conseguito rispettivamente 150, 200 e 250 CFU;<\/li><li>sono reinserite le <strong>supplenze brevi fino a 10 giorni<\/strong> per la Scuola Primaria e dell&#8217;Infanzia in merito alle Graduatorie di istituto di seconda e terza fascia;<\/li><li>per le <em>GPS sostegno seconda fascia<\/em> \u00e8 valido anche l&#8217;anno in corso ai fini del calcolo delle tre annualit\u00e0 di servizio su sostegno;<\/li><li>ritorna la possibilit\u00e0 per la Scuola Secondaria di assegnare fino a <em>6 ore ai docenti a tempo determinato gi\u00e0 in servizio<\/em>;<\/li><li>viene confermata la <em>procedura informatizzata per le supplenze al 30 giugno o 31 agosto<\/em> dalle GAE e GPS di prima e seconda fascia.<\/li><\/ul>\n\n\n\n<p>Rimaniamo in attesa dell&#8217;ordinanza ufficiale.<\/p>\n\n\n\n<figure class=\"wp-block-image size-full\"><img decoding=\"async\" loading=\"lazy\" width=\"640\" height=\"426\" src=\"https:\/\/www.docenti.it\/blog\/wp-content\/uploads\/2022\/04\/online-gdec7fdb73_640.jpg\" alt=\"tabella di valutazione titoli GPS\" class=\"wp-image-20529\" srcset=\"https:\/\/www.docenti.it\/blog\/wp-content\/uploads\/2022\/04\/online-gdec7fdb73_640.jpg 640w, https:\/\/www.docenti.it\/blog\/wp-content\/uploads\/2022\/04\/online-gdec7fdb73_640-300x200.jpg 300w\" sizes=\"(max-width: 640px) 100vw, 640px\" \/><\/figure>\n\n\n\n<h2>Aggiorna il tuo posizionamento e&#8230;<\/h2>\n\n\n\n<p>&#8230; Scala le graduatorie. <\/p>\n\n\n\n<p class=\"has-text-align-center\"><em><strong>E ottieni l&#8217;incarico di supplenza che da sempre desideri e meriti. <\/strong><\/em><\/p>\n\n\n\n<p>Il fatto che non abbiano cambiato la valutazione della Tabella dei titoli \u00e8 sicuramente un buon segno per te, che avrai gi\u00e0 conseguito le certificazioni, i corsi e i Master che ti mancavano per ottenere il punteggio al quale ambivi. <\/p>\n\n\n\n<p class=\"has-text-align-center\"><em>E, in caso ancora ti mancassero delle certificazioni utili&#8230; <\/em><\/p>\n\n\n\n<p class=\"has-text-align-center\"><em>&#8230; Puoi sempre affrettarti e conseguirle ora.<\/em><\/p>\n\n\n<p>[maxbutton id=&#8221;1&#8243; url=&#8221;https:\/\/docenti.it\/in-cattedra\/richiesta.html?lnk=104&#8243; text=&#8221;Ottieni le certificazioni che ti mancano per aumentare il tuo punteggio&#8221; ]<\/p>\n\n\n\n<p><\/p>\n\n\n\n<p>Ora, non dopo. <\/p>\n\n\n\n<p>Dopo non ci sar\u00e0 pi\u00f9 tempo. <\/p>\n\n\n\n<p class=\"has-text-align-center\"><em><strong>Perch\u00e9 \u00e8 vero che la data di riapertura delle graduatorie GPS non \u00e8 ancora stata fissata&#8230; <br>ma \u00e8 anche vero che le stesse potrebbero riaprirsi prima del previsto!<\/strong><\/em><\/p>\n\n\n\n<p>La fortuna \u00e8 che le certificazioni informatiche (ad esempio) sono le pi\u00f9 veloci e semplici da acquisire. <br>Di conseguenza, ponendo il caso che la data di riapertura graduatorie venga posticipata a luglio (come \u00e8 successo anche la prima volta), puoi sempre affrettarti a conseguirle ora!<\/p>\n\n\n\n<h3>Attenzione alla scelta della provincia<\/h3>\n\n\n\n<p class=\"has-text-align-center\"><em><strong>Non vogliamo essere ripetitivi, ma la scelta della provincia \u00e8 di fondamentale importanza <br>per chiunque aspiri ad aumentare il proprio posizionamento attuale in graduatoria. <\/strong><\/em><\/p>\n\n\n\n<p>Devi arrivare alla riapertura graduatorie preparato e con un posizionamento ottimale.<br><strong>E, per farlo, devi scegliere la migliore provincia per la tua Classe di Concorso. <\/strong><\/p>\n\n\n\n<p>Non ci stancheremo mai di dirtelo. <\/p>\n\n\n\n<p>Infatti, se ancora non lo sapevi, eccoti qui qualcosa di veramente importante sul quale puntare la tua attenzione: <strong>ci sono province migliori in cui candidarsi e province per le quali \u00e8 meglio che tu nemmeno perda tempo a guardarle<\/strong>. <\/p>\n\n\n\n<p>Ma tutto dipende sempre dalla tua situazione specifica. <\/p>\n\n\n\n<p>Tu devi guardare al tuo caso e non tanto ai consigli che trovi in giro, oppure ai consigli che ti danno gli altri. <br>Gli altri non sono te.<br>Non hanno i tuoi titoli, o il tuo punteggio: e non si candidano neanche per la tua Classe di Concorso magari!<\/p>\n\n\n\n<p class=\"has-text-align-center\"><em><strong>Tu devi guardare al tuo caso specifico.<\/strong><\/em><\/p>\n\n\n\n<p><em>Oppure, meglio ancora&#8230;<\/em><\/p>\n\n\n\n<p><strong>&#8230; Se consenti ad un esperto del settore di visionare la tua situazione e il tuo curriculum come docente!<\/strong><\/p>\n\n\n\n<p>Un esperto che possa mettere la sua esperienza decennale nel mondo scuola al tuo servizio. <br>Un consulente che ti dedichi un&#8217;ora del suo tempo per poterti consigliare al meglio <strong><a href=\"https:\/\/www.docenti.it\/in-cattedra.html?lnk=104\" target=\"_blank\" rel=\"noreferrer noopener\">cosa fare per la tua situazione specifica.<\/a><\/strong><br>Un consulente che possa mostrarti una proiezione delle 6 migliori province nelle quali il tuo inserimento per la tua Classe di Concorso determiner\u00e0&#8230;<\/p>\n\n\n\n<p>&#8230; Un posizionamento a prova di incarichi di supplenza!<\/p>\n\n\n\n<p>E questo \u00e8 esattamente quello che otterrai&#8230;<\/p>\n\n\n\n<p>&#8230; Se deciderai di affidarti ad <strong><a href=\"https:\/\/www.docenti.it\/in-cattedra.html?lnk=104\" target=\"_blank\" rel=\"noreferrer noopener\">InCattedra<\/a><\/strong>!<\/p>\n\n\n<p>[maxbutton id=&#8221;1&#8243; url=&#8221;https:\/\/docenti.it\/in-cattedra\/richiesta.html?lnk=104&#8243; text=&#8221;Migliora SUBITO il tuo posizionamento attuale&#8221; ]<\/p>\n\n\n\n<p><\/p>\n\n\n\n<p class=\"has-text-align-center\"><em><strong>Docenti.it non ha bisogno di tante presentazioni, ma noi in questo siamo all&#8217;antica<br> e vogliamo preservare la tradizione. <\/strong><\/em><\/p>\n\n\n\n<p>Siamo una realt\u00e0 che opera nel settore scuola da oltre 6 anni. <br>In tutto questo tempo abbiamo acquisito le competenze necessarie per aiutare migliaia di docenti ad entrare nel mondo scuola e ad ottenere incarichi di supplenza di lunga durata. <\/p>\n\n\n\n<p>Abbiamo un team di consulenti esperti del settore, che sapranno consigliarti solo il meglio per la tua situazione specifica. <\/p>\n\n\n\n<p>Il nostro servizio <strong><a href=\"https:\/\/www.docenti.it\/in-cattedra.html?lnk=104\" target=\"_blank\" rel=\"noreferrer noopener\">InCattedra<\/a><\/strong> aiuta quotidianamente moltissimi docenti a trovare il modo pi\u00f9 veloce per ottenere un posizionamento pi\u00f9 alto. <br>Inoltre, ti conferisce un enorme vantaggio.<\/p>\n\n\n\n<p>Un vantaggio che gli altri docenti inseriti in graduatoria come te non hanno:<\/p>\n\n\n\n<p class=\"has-text-align-center\"><em><strong>InCattedra ti offre la possibilit\u00e0 di vedere chiaramente quali sono le migliori province <br>in cui potrai posizionarti per la tua Classe di Concorso!<\/strong><\/em><\/p>\n\n\n\n<p>Un&#8217;informazione molto preziosa per te.<\/p>\n\n\n\n<p>Soprattutto in questo momento. <\/p>\n\n\n\n<p class=\"has-text-align-center\"><em><strong>Ora che le graduatorie&#8230; stanno per riaprire di nuovo!<\/strong><\/em><\/p>\n\n\n<p>[maxbutton id=&#8221;1&#8243; url=&#8221;https:\/\/docenti.it\/in-cattedra\/richiesta.html?lnk=104&#8243; text=&#8221;Ottieni SUBITO la proiezione delle 6 province&#8221; ]<\/p>\n\n\n\n<p><\/p>\n\n\n\n<h2>Contatta la redazione<\/h2>\n\n\n\n<p>Hai dubbi da porci o domande riguardo il servizio&nbsp;<strong><a href=\"https:\/\/www.docenti.it\/in-cattedra.html?lnk=104\" target=\"_blank\" rel=\"noreferrer noopener\">InCattedra<\/a><\/strong>?<\/p>\n\n\n\n<p>Puoi contattare la nostra redazione a questo indirizzo:&nbsp;redazione@docenti.it<\/p>\n\n\n\n<p>Riceverai una risposta alle tue domande nel breve tempo possibile.<\/p>\n\n\n\n<p>Vuoi rimanere aggiornato sulle ultime notizie dell&#8217;aggiornamento graduatorie GPS?<br>Leggi anche:<\/p>\n\n\n\n<ul><li><a href=\"https:\/\/www.docenti.it\/blog\/apertura-finestra-gps-a-luglio-sara-possibile-iscriversi-con-riserva\/\" target=\"_blank\" rel=\"noreferrer noopener\">Apertura finestra GPS a luglio: sar\u00e0 possibile iscriversi con riserva?<\/a><\/li><li><a href=\"https:\/\/www.docenti.it\/blog\/graduatorie-gps-ecco-la-possibile-data-di-riapertura-incattedra\/\" target=\"_blank\" rel=\"noreferrer noopener\">Graduatorie GPS: ecco la possibile data di riapertura<\/a><\/li><li><a href=\"https:\/\/www.docenti.it\/blog\/supplenze-da-gps-nuove-conseguenze-se-si-abbandona-il-servizio\/\" target=\"_blank\" rel=\"noreferrer noopener\">Supplenze da GPS: nuove conseguenze se si abbandona il servizio<\/a><\/li><\/ul>\n\n\n\n<p><meta charset=\"utf-8\">E seguici su <strong><a href=\"https:\/\/www.facebook.com\/docenti.it\" target=\"_blank\" rel=\"noreferrer noopener\">Facebook<\/a><\/strong> e <strong><a href=\"https:\/\/www.instagram.com\/docenti.it\/\" target=\"_blank\" rel=\"noreferrer noopener\">Instagram<\/a><\/strong>. <\/p>\n\n\n\n<p>Photo credit: <a href=\"https:\/\/pixabay.com\/\" target=\"_blank\" rel=\"noreferrer noopener\">pixabay.com<\/a><\/p>\n","protected":false},"excerpt":{"rendered":"<p>Il Ministero ha redatto la bozza del decreto riguardante la riapertura delle graduatorie GPS. [&hellip;]<\/p>\n","protected":false},"author":9,"featured_media":20485,"comment_status":"open","ping_status":"open","sticky":false,"template":"","format":"standard","meta":[],"categories":[5,233,4,3],"tags":[18,234,375],"yoast_head":"<!-- This site is optimized with the Yoast SEO plugin v20.4 - https:\/\/yoast.com\/wordpress\/plugins\/seo\/ -->\n<title>Tabella di valutazione titoli GPS: confermata anche per l&#039;anno 2022\/24<\/title>\n<meta name=\"description\" content=\"La tabella di valutazione titoli GPS del biennio scorso \u00e8 confermata anche per questo aggiornamento. Ecco il punteggio ottenibile.\" \/>\n<meta name=\"robots\" content=\"index, follow, max-snippet:-1, max-image-preview:large, max-video-preview:-1\" \/>\n<link rel=\"canonical\" href=\"https:\/\/www.docenti.it\/blog\/tabella-di-valutazione-titoli-gps-confermata-anche-per-lanno-2022-24-incattedra\/\" \/>\n<meta property=\"og:locale\" content=\"it_IT\" \/>\n<meta property=\"og:type\" content=\"article\" \/>\n<meta property=\"og:title\" content=\"Tabella di valutazione titoli GPS: confermata anche per l&#039;anno 2022\/24\" \/>\n<meta property=\"og:description\" content=\"La tabella di valutazione titoli GPS del biennio scorso \u00e8 confermata anche per questo aggiornamento. Ecco il punteggio ottenibile.\" \/>\n<meta property=\"og:url\" content=\"https:\/\/www.docenti.it\/blog\/tabella-di-valutazione-titoli-gps-confermata-anche-per-lanno-2022-24-incattedra\/\" \/>\n<meta property=\"og:site_name\" content=\"Blog | Docenti.it\" \/>\n<meta property=\"article:publisher\" content=\"https:\/\/www.facebook.com\/docenti.it\" \/>\n<meta property=\"article:published_time\" content=\"2022-04-07T10:57:36+00:00\" \/>\n<meta property=\"article:modified_time\" content=\"2022-04-08T13:10:57+00:00\" \/>\n<meta property=\"og:image\" content=\"https:\/\/www.docenti.it\/blog\/wp-content\/uploads\/2022\/04\/office-g03ed65adb_640.jpg\" \/>\n\t<meta property=\"og:image:width\" content=\"640\" \/>\n\t<meta property=\"og:image:height\" content=\"426\" \/>\n\t<meta property=\"og:image:type\" content=\"image\/jpeg\" \/>\n<meta name=\"author\" content=\"Redazione\" \/>\n<meta name=\"twitter:card\" content=\"summary_large_image\" \/>\n<meta name=\"twitter:label1\" content=\"Written by\" \/>\n\t<meta name=\"twitter:data1\" content=\"Redazione\" \/>\n\t<meta name=\"twitter:label2\" content=\"Est. reading time\" \/>\n\t<meta name=\"twitter:data2\" content=\"7 minuti\" \/>\n<script type=\"application\/ld+json\" class=\"yoast-schema-graph\">{\"@context\":\"https:\/\/schema.org\",\"@graph\":[{\"@type\":\"Article\",\"@id\":\"https:\/\/www.docenti.it\/blog\/tabella-di-valutazione-titoli-gps-confermata-anche-per-lanno-2022-24-incattedra\/#article\",\"isPartOf\":{\"@id\":\"https:\/\/www.docenti.it\/blog\/tabella-di-valutazione-titoli-gps-confermata-anche-per-lanno-2022-24-incattedra\/\"},\"author\":{\"name\":\"Redazione\",\"@id\":\"https:\/\/www.docenti.it\/blog\/#\/schema\/person\/3d4223198563da0fa6ed0642b5067e21\"},\"headline\":\"Tabella di valutazione titoli GPS: confermata anche per l&#8217;anno 2022\/24\",\"datePublished\":\"2022-04-07T10:57:36+00:00\",\"dateModified\":\"2022-04-08T13:10:57+00:00\",\"mainEntityOfPage\":{\"@id\":\"https:\/\/www.docenti.it\/blog\/tabella-di-valutazione-titoli-gps-confermata-anche-per-lanno-2022-24-incattedra\/\"},\"wordCount\":1159,\"commentCount\":0,\"publisher\":{\"@id\":\"https:\/\/www.docenti.it\/blog\/#organization\"},\"keywords\":[\"aggiornamento graduatorie\",\"graduatorie gps\",\"riapertura graduatorie scuola\"],\"articleSection\":[\"Graduatorie scuola\",\"InCattedra\",\"News\",\"Normativa\"],\"inLanguage\":\"it-IT\",\"potentialAction\":[{\"@type\":\"CommentAction\",\"name\":\"Comment\",\"target\":[\"https:\/\/www.docenti.it\/blog\/tabella-di-valutazione-titoli-gps-confermata-anche-per-lanno-2022-24-incattedra\/#respond\"]}]},{\"@type\":\"WebPage\",\"@id\":\"https:\/\/www.docenti.it\/blog\/tabella-di-valutazione-titoli-gps-confermata-anche-per-lanno-2022-24-incattedra\/\",\"url\":\"https:\/\/www.docenti.it\/blog\/tabella-di-valutazione-titoli-gps-confermata-anche-per-lanno-2022-24-incattedra\/\",\"name\":\"Tabella di valutazione titoli GPS: confermata anche per l'anno 2022\/24\",\"isPartOf\":{\"@id\":\"https:\/\/www.docenti.it\/blog\/#website\"},\"datePublished\":\"2022-04-07T10:57:36+00:00\",\"dateModified\":\"2022-04-08T13:10:57+00:00\",\"description\":\"La tabella di valutazione titoli GPS del biennio scorso \u00e8 confermata anche per questo aggiornamento. Ecco il punteggio ottenibile.\",\"breadcrumb\":{\"@id\":\"https:\/\/www.docenti.it\/blog\/tabella-di-valutazione-titoli-gps-confermata-anche-per-lanno-2022-24-incattedra\/#breadcrumb\"},\"inLanguage\":\"it-IT\",\"potentialAction\":[{\"@type\":\"ReadAction\",\"target\":[\"https:\/\/www.docenti.it\/blog\/tabella-di-valutazione-titoli-gps-confermata-anche-per-lanno-2022-24-incattedra\/\"]}]},{\"@type\":\"BreadcrumbList\",\"@id\":\"https:\/\/www.docenti.it\/blog\/tabella-di-valutazione-titoli-gps-confermata-anche-per-lanno-2022-24-incattedra\/#breadcrumb\",\"itemListElement\":[{\"@type\":\"ListItem\",\"position\":1,\"name\":\"Home\",\"item\":\"https:\/\/www.docenti.it\/blog\/\"},{\"@type\":\"ListItem\",\"position\":2,\"name\":\"Tabella di valutazione titoli GPS: confermata anche per l&#8217;anno 2022\/24\"}]},{\"@type\":\"WebSite\",\"@id\":\"https:\/\/www.docenti.it\/blog\/#website\",\"url\":\"https:\/\/www.docenti.it\/blog\/\",\"name\":\"Blog | Docenti.it\",\"description\":\"Tutte le notizie e gli aggiornamenti dal mondo della scuola\",\"publisher\":{\"@id\":\"https:\/\/www.docenti.it\/blog\/#organization\"},\"potentialAction\":[{\"@type\":\"SearchAction\",\"target\":{\"@type\":\"EntryPoint\",\"urlTemplate\":\"https:\/\/www.docenti.it\/blog\/?s={search_term_string}\"},\"query-input\":\"required name=search_term_string\"}],\"inLanguage\":\"it-IT\"},{\"@type\":\"Organization\",\"@id\":\"https:\/\/www.docenti.it\/blog\/#organization\",\"name\":\"Blog | Docenti.it\",\"url\":\"https:\/\/www.docenti.it\/blog\/\",\"logo\":{\"@type\":\"ImageObject\",\"inLanguage\":\"it-IT\",\"@id\":\"https:\/\/www.docenti.it\/blog\/#\/schema\/logo\/image\/\",\"url\":\"https:\/\/www.docenti.it\/blog\/wp-content\/uploads\/2025\/06\/fb_mad_img.png\",\"contentUrl\":\"https:\/\/www.docenti.it\/blog\/wp-content\/uploads\/2025\/06\/fb_mad_img.png\",\"width\":1140,\"height\":620,\"caption\":\"Blog | Docenti.it\"},\"image\":{\"@id\":\"https:\/\/www.docenti.it\/blog\/#\/schema\/logo\/image\/\"},\"sameAs\":[\"https:\/\/www.facebook.com\/docenti.it\"]},{\"@type\":\"Person\",\"@id\":\"https:\/\/www.docenti.it\/blog\/#\/schema\/person\/3d4223198563da0fa6ed0642b5067e21\",\"name\":\"Redazione\",\"image\":{\"@type\":\"ImageObject\",\"inLanguage\":\"it-IT\",\"@id\":\"https:\/\/www.docenti.it\/blog\/#\/schema\/person\/image\/\",\"url\":\"https:\/\/secure.gravatar.com\/avatar\/77fc9ba6a8d651d4b3575bf7cbadad48?s=96&d=mm&r=g\",\"contentUrl\":\"https:\/\/secure.gravatar.com\/avatar\/77fc9ba6a8d651d4b3575bf7cbadad48?s=96&d=mm&r=g\",\"caption\":\"Redazione\"},\"url\":\"https:\/\/www.docenti.it\/blog\/author\/valentina\/\"}]}<\/script>\n<!-- \/ Yoast SEO plugin. -->","yoast_head_json":{"title":"Tabella di valutazione titoli GPS: confermata anche per l'anno 2022\/24","description":"La tabella di valutazione titoli GPS del biennio scorso \u00e8 confermata anche per questo aggiornamento. Ecco il punteggio ottenibile.","robots":{"index":"index","follow":"follow","max-snippet":"max-snippet:-1","max-image-preview":"max-image-preview:large","max-video-preview":"max-video-preview:-1"},"canonical":"https:\/\/www.docenti.it\/blog\/tabella-di-valutazione-titoli-gps-confermata-anche-per-lanno-2022-24-incattedra\/","og_locale":"it_IT","og_type":"article","og_title":"Tabella di valutazione titoli GPS: confermata anche per l'anno 2022\/24","og_description":"La tabella di valutazione titoli GPS del biennio scorso \u00e8 confermata anche per questo aggiornamento. Ecco il punteggio ottenibile.","og_url":"https:\/\/www.docenti.it\/blog\/tabella-di-valutazione-titoli-gps-confermata-anche-per-lanno-2022-24-incattedra\/","og_site_name":"Blog | Docenti.it","article_publisher":"https:\/\/www.facebook.com\/docenti.it","article_published_time":"2022-04-07T10:57:36+00:00","article_modified_time":"2022-04-08T13:10:57+00:00","og_image":[{"width":640,"height":426,"url":"https:\/\/www.docenti.it\/blog\/wp-content\/uploads\/2022\/04\/office-g03ed65adb_640.jpg","type":"image\/jpeg"}],"author":"Redazione","twitter_card":"summary_large_image","twitter_misc":{"Written by":"Redazione","Est. reading time":"7 minuti"},"schema":{"@context":"https:\/\/schema.org","@graph":[{"@type":"Article","@id":"https:\/\/www.docenti.it\/blog\/tabella-di-valutazione-titoli-gps-confermata-anche-per-lanno-2022-24-incattedra\/#article","isPartOf":{"@id":"https:\/\/www.docenti.it\/blog\/tabella-di-valutazione-titoli-gps-confermata-anche-per-lanno-2022-24-incattedra\/"},"author":{"name":"Redazione","@id":"https:\/\/www.docenti.it\/blog\/#\/schema\/person\/3d4223198563da0fa6ed0642b5067e21"},"headline":"Tabella di valutazione titoli GPS: confermata anche per l&#8217;anno 2022\/24","datePublished":"2022-04-07T10:57:36+00:00","dateModified":"2022-04-08T13:10:57+00:00","mainEntityOfPage":{"@id":"https:\/\/www.docenti.it\/blog\/tabella-di-valutazione-titoli-gps-confermata-anche-per-lanno-2022-24-incattedra\/"},"wordCount":1159,"commentCount":0,"publisher":{"@id":"https:\/\/www.docenti.it\/blog\/#organization"},"keywords":["aggiornamento graduatorie","graduatorie gps","riapertura graduatorie scuola"],"articleSection":["Graduatorie scuola","InCattedra","News","Normativa"],"inLanguage":"it-IT","potentialAction":[{"@type":"CommentAction","name":"Comment","target":["https:\/\/www.docenti.it\/blog\/tabella-di-valutazione-titoli-gps-confermata-anche-per-lanno-2022-24-incattedra\/#respond"]}]},{"@type":"WebPage","@id":"https:\/\/www.docenti.it\/blog\/tabella-di-valutazione-titoli-gps-confermata-anche-per-lanno-2022-24-incattedra\/","url":"https:\/\/www.docenti.it\/blog\/tabella-di-valutazione-titoli-gps-confermata-anche-per-lanno-2022-24-incattedra\/","name":"Tabella di valutazione titoli GPS: confermata anche per l'anno 2022\/24","isPartOf":{"@id":"https:\/\/www.docenti.it\/blog\/#website"},"datePublished":"2022-04-07T10:57:36+00:00","dateModified":"2022-04-08T13:10:57+00:00","description":"La tabella di valutazione titoli GPS del biennio scorso \u00e8 confermata anche per questo aggiornamento. Ecco il punteggio ottenibile.","breadcrumb":{"@id":"https:\/\/www.docenti.it\/blog\/tabella-di-valutazione-titoli-gps-confermata-anche-per-lanno-2022-24-incattedra\/#breadcrumb"},"inLanguage":"it-IT","potentialAction":[{"@type":"ReadAction","target":["https:\/\/www.docenti.it\/blog\/tabella-di-valutazione-titoli-gps-confermata-anche-per-lanno-2022-24-incattedra\/"]}]},{"@type":"BreadcrumbList","@id":"https:\/\/www.docenti.it\/blog\/tabella-di-valutazione-titoli-gps-confermata-anche-per-lanno-2022-24-incattedra\/#breadcrumb","itemListElement":[{"@type":"ListItem","position":1,"name":"Home","item":"https:\/\/www.docenti.it\/blog\/"},{"@type":"ListItem","position":2,"name":"Tabella di valutazione titoli GPS: confermata anche per l&#8217;anno 2022\/24"}]},{"@type":"WebSite","@id":"https:\/\/www.docenti.it\/blog\/#website","url":"https:\/\/www.docenti.it\/blog\/","name":"Blog | Docenti.it","description":"Tutte le notizie e gli aggiornamenti dal mondo della scuola","publisher":{"@id":"https:\/\/www.docenti.it\/blog\/#organization"},"potentialAction":[{"@type":"SearchAction","target":{"@type":"EntryPoint","urlTemplate":"https:\/\/www.docenti.it\/blog\/?s={search_term_string}"},"query-input":"required name=search_term_string"}],"inLanguage":"it-IT"},{"@type":"Organization","@id":"https:\/\/www.docenti.it\/blog\/#organization","name":"Blog | Docenti.it","url":"https:\/\/www.docenti.it\/blog\/","logo":{"@type":"ImageObject","inLanguage":"it-IT","@id":"https:\/\/www.docenti.it\/blog\/#\/schema\/logo\/image\/","url":"https:\/\/www.docenti.it\/blog\/wp-content\/uploads\/2025\/06\/fb_mad_img.png","contentUrl":"https:\/\/www.docenti.it\/blog\/wp-content\/uploads\/2025\/06\/fb_mad_img.png","width":1140,"height":620,"caption":"Blog | Docenti.it"},"image":{"@id":"https:\/\/www.docenti.it\/blog\/#\/schema\/logo\/image\/"},"sameAs":["https:\/\/www.facebook.com\/docenti.it"]},{"@type":"Person","@id":"https:\/\/www.docenti.it\/blog\/#\/schema\/person\/3d4223198563da0fa6ed0642b5067e21","name":"Redazione","image":{"@type":"ImageObject","inLanguage":"it-IT","@id":"https:\/\/www.docenti.it\/blog\/#\/schema\/person\/image\/","url":"https:\/\/secure.gravatar.com\/avatar\/77fc9ba6a8d651d4b3575bf7cbadad48?s=96&d=mm&r=g","contentUrl":"https:\/\/secure.gravatar.com\/avatar\/77fc9ba6a8d651d4b3575bf7cbadad48?s=96&d=mm&r=g","caption":"Redazione"},"url":"https:\/\/www.docenti.it\/blog\/author\/valentina\/"}]}},"_links":{"self":[{"href":"https:\/\/www.docenti.it\/blog\/wp-json\/wp\/v2\/posts\/20458"}],"collection":[{"href":"https:\/\/www.docenti.it\/blog\/wp-json\/wp\/v2\/posts"}],"about":[{"href":"https:\/\/www.docenti.it\/blog\/wp-json\/wp\/v2\/types\/post"}],"author":[{"embeddable":true,"href":"https:\/\/www.docenti.it\/blog\/wp-json\/wp\/v2\/users\/9"}],"replies":[{"embeddable":true,"href":"https:\/\/www.docenti.it\/blog\/wp-json\/wp\/v2\/comments?post=20458"}],"version-history":[{"count":43,"href":"https:\/\/www.docenti.it\/blog\/wp-json\/wp\/v2\/posts\/20458\/revisions"}],"predecessor-version":[{"id":20703,"href":"https:\/\/www.docenti.it\/blog\/wp-json\/wp\/v2\/posts\/20458\/revisions\/20703"}],"wp:featuredmedia":[{"embeddable":true,"href":"https:\/\/www.docenti.it\/blog\/wp-json\/wp\/v2\/media\/20485"}],"wp:attachment":[{"href":"https:\/\/www.docenti.it\/blog\/wp-json\/wp\/v2\/media?parent=20458"}],"wp:term":[{"taxonomy":"category","embeddable":true,"href":"https:\/\/www.docenti.it\/blog\/wp-json\/wp\/v2\/categories?post=20458"},{"taxonomy":"post_tag","embeddable":true,"href":"https:\/\/www.docenti.it\/blog\/wp-json\/wp\/v2\/tags?post=20458"}],"curies":[{"name":"wp","href":"https:\/\/api.w.org\/{rel}","templated":true}]}}