{"id":20615,"date":"2022-04-08T12:45:54","date_gmt":"2022-04-08T10:45:54","guid":{"rendered":"https:\/\/www.docenti.it\/blog\/?p=20615"},"modified":"2022-04-08T17:57:15","modified_gmt":"2022-04-08T15:57:15","slug":"gps-sostegno-chi-consegue-lanno-di-prova-e-depennato","status":"publish","type":"post","link":"https:\/\/www.docenti.it\/blog\/gps-sostegno-chi-consegue-lanno-di-prova-e-depennato\/","title":{"rendered":"GPS sostegno: chi consegue l&#8217;anno di prova \u00e8 depennato?"},"content":{"rendered":"\n<p>Tutti parlano delle Graduatorie Provinciali per le Supplenze: il Ministero sarebbe intenzionato a far aprire le istanze il 19 aprile.<\/p>\n\n\n\n<p>Manca pochissimo e i dubbi sono ancora tanti. Parliamo ad esempio delle GPS sostegno.<\/p>\n\n\n\n<p><em>Chi sta svolgendo l&#8217;anno di prova su sostegno pu\u00f2 aggiornare le graduatorie? <\/em><\/p>\n\n\n\n<!--more-->\n\n\n\n<h2>Aggiornamento GPS sostegno: cosa sappiamo<\/h2>\n\n\n\n<p class=\"has-text-align-center\"><em><strong>La questione GPS \u00e8 molto calda: il Ministero ha incontrato i sindacati <br><\/strong><\/em><strong><em>e sembrerebbe intenzionato ad aprire le istanze dal 19 aprile al 9 maggio.<\/em><\/strong><\/p>\n\n\n\n<p>Al momento sono trapelate alcune informazioni importanti, che ancora devono ricevere l&#8217;approvazione definitiva:<\/p>\n\n\n\n<ul><li><strong>la strutturazione delle GPS in prima e seconda fascia<\/strong>;<\/li><li><strong>ci si pu\u00f2 iscrivere con riserva: lo scioglimento della stessa avviene con il conseguimento del titolo entro il 15 luglio<\/strong>;<\/li><li><strong>l&#8217;abbandono di servizio comporta l&#8217;impossibilit\u00e0 di essere chiamati per il biennio di vigenza delle GPS<\/strong>.<\/li><\/ul>\n\n\n\n<h3>L&#8217;inserimento con riserva<\/h3>\n\n\n\n<p>Un tema molto importante, ma che fa anche discutere, \u00e8 quello relativo all&#8217;<strong>inserimento con riserva<\/strong>.<\/p>\n\n\n\n<p>Al momento, questa possibilit\u00e0 sarebbe riservata agli specializzandi VI Ciclo TFA sostegno e laureandi\/abilitandi del Corso di Laurea in Scienze della Formazione Primaria.<\/p>\n\n\n\n<p class=\"has-text-align-center\"><em><strong>Lo scioglimento della riserva avviene con il conseguimento del titolo entro il 15 luglio 2022<\/strong>: <br><\/em><strong><em>un tempo ristretto e oggetto di discussione.<\/em><\/strong><\/p>\n\n\n\n<p>Gli interessati all&#8217;aggiornamento si stanno ponendo molte domande.<\/p>\n\n\n\n<p>In particolare, parliamo di <strong>GPS sostegno<\/strong>.<\/p>\n\n\n\n<p>Alcuni aspiranti stanno svolgendo il <strong>periodo di prova<\/strong>. <\/p>\n\n\n\n<p><em>Ma che cosa succede con il suo conseguimento?<\/em><\/p>\n\n\n\n<h2>GPS sostegno: quando si viene depennati<\/h2>\n\n\n\n<p>Alcuni aspiranti docenti stanno attualmente svolgendo l&#8217;anno di prova con contratto a tempo determinato su sostegno.<\/p>\n\n\n\n<p><em>Questi docenti possono chiedere l&#8217;aggiornamento della graduatoria?<\/em><\/p>\n\n\n\n<p class=\"has-text-align-center\"><em><strong>La risposta \u00e8 s\u00ec: al momento, infatti, non ci sono indicazioni <br>che vietano la loro possibilit\u00e0 di inserimento in GPS<\/strong>.<\/em><\/p>\n\n\n\n<p>Ci\u00f2 a cui bisogna per\u00f2 fare attenzione \u00e8 il conseguimento dell&#8217;anno di prova.<\/p>\n\n\n\n<p><strong>Paolo Pizzi<\/strong> di <strong>Uil<\/strong> ha spiegato, in un&#8217; intervista di <em>OrizzonteScuola<\/em>, che vi \u00e8 stata una modifica al <em>Testo Unico<\/em>.<\/p>\n\n\n\n<p class=\"has-text-align-center\"><em><strong>Si riporta che al superamento dell&#8217;anno di prova, si \u00e8 cancellati da qualsiasi Classe di Concorso <\/strong><br><\/em><strong><em>e per tutte le graduatorie, eccetto quella redatta sul concorso ordinario.<\/em><\/strong><\/p>\n\n\n\n<p><em>Quali possibilit\u00e0 ci sono quindi per non essere depennati da GPS?<\/em><\/p>\n\n\n\n<p>In questo caso le uniche soluzioni sono due: rinviare o non superare l&#8217;anno di prova.<\/p>\n\n\n\n<p>Le questioni irrisolte o poco chiare sono ancora numerose. <\/p>\n\n\n\n<p><em>Aspettiamo aggiornamenti in merito alla pubblicazione dell&#8217;ordinanza.<\/em><\/p>\n\n\n\n<figure class=\"wp-block-image size-full\"><img decoding=\"async\" loading=\"lazy\" width=\"640\" height=\"426\" src=\"https:\/\/www.docenti.it\/blog\/wp-content\/uploads\/2022\/04\/analysis-g82e6c94b6_640.jpg\" alt=\"GPS sostegno\" class=\"wp-image-20649\" srcset=\"https:\/\/www.docenti.it\/blog\/wp-content\/uploads\/2022\/04\/analysis-g82e6c94b6_640.jpg 640w, https:\/\/www.docenti.it\/blog\/wp-content\/uploads\/2022\/04\/analysis-g82e6c94b6_640-300x200.jpg 300w\" sizes=\"(max-width: 640px) 100vw, 640px\" \/><\/figure>\n\n\n\n<h2>Le graduatorie stanno per riaprire&#8230;<\/h2>\n\n\n\n<p><strong><em>&#8230; E tu non farti trovare impreparato!<\/em><\/strong><\/p>\n\n\n\n<p>Te ne abbiamo gi\u00e0 parlato in numerosi articoli e vogliamo ribadirtelo di nuovo:<\/p>\n\n\n\n<p class=\"has-text-align-center\"><em><strong>se vuoi davvero inserirti in graduatoria GPS al meglio<br>o aggiornare il tuo posizionamento<br>devi assolutamente capire qual \u00e8 la provincia migliore per la tua Classe di Concorso. <\/strong><\/em><\/p>\n\n\n\n<p><strong><a href=\"https:\/\/www.docenti.it\/in-cattedra.html?lnk=104\" target=\"_blank\" rel=\"noreferrer noopener\">Scegliere la provincia<\/a><\/strong> che possa conferirti un posizionamento pi\u00f9 alto \u00e8 indispensabile. <\/p>\n\n\n\n<p>Senza questo passaggio, non potrai mai sapere se hai fatto la scelta giusta nell&#8217;inserirti sulla tua provincia.<\/p>\n\n\n\n<p><em>Il rischio che puoi incontrare sbagliando la provincia qual \u00e8?<\/em><\/p>\n\n\n\n<p class=\"has-text-align-center\"><em><strong>Il rischio \u00e8 che tu sia uno dei tanti docenti iscritto in una provincia enorme <br>con un punteggio medio-alto, sul quale sono gi\u00e0 posizionati altri migliaia di docenti. <\/strong><\/em><\/p>\n\n\n\n<p>E sai qual \u00e8 la conseguenza alla quale vai incontro?<\/p>\n\n\n\n<p class=\"has-text-align-center\"><strong><em>Finire in fondo alle graduatorie. <br>E non ricevere MAI una convocazione<\/em><\/strong>. <\/p>\n\n\n\n<p><em>\u00c8 questo che vuoi?<\/em><\/p>\n\n\n\n<p>Noi pensiamo di no. <\/p>\n\n\n\n<p>Se vuoi evitare tutto questo (se vuoi DAVVERO diventare un insegnante e ottenere incarichi di supplenza), devi assolutamente scoprire la provincia dove posizionarti al meglio.<\/p>\n\n\n\n<p>E l&#8217;unico modo che hai per farlo \u00e8&#8230;<\/p>\n\n\n\n<p class=\"has-text-align-center\"><em><strong>Attivare InCattedra. <\/strong><\/em><\/p>\n\n\n<p>[maxbutton id=&#8221;1&#8243; url=&#8221;https:\/\/docenti.it\/in-cattedra\/richiesta.html?lnk=104&#8243; text=&#8221;Migliora SUBITO il tuo posizionamento attuale&#8221; ]<\/p>\n\n\n\n<p><\/p>\n\n\n\n<p><strong><a href=\"https:\/\/www.docenti.it\/in-cattedra.html?lnk=104\" target=\"_blank\" rel=\"noreferrer noopener\">InCattedra<\/a><\/strong> \u00e8 un protocollo che ti consentir\u00e0 di ricevere una consulenza personalizzata di un&#8217;ora con uno dei nostri consulenti esperti. <br>Il consulente analizzer\u00e0 la tua situazione specifica e sapr\u00e0 indicarti:<\/p>\n\n\n\n<ul><li>qual \u00e8 la tua situazione attuale e quale sar\u00e0 quella futura, in graduatoria;<\/li><li>quali sono gli ultimi passaggi che devi compiere per inserirti o posizionarti al meglio in GPS;<\/li><li>e quali sono le 6 province sulle quali puoi ottenere un posizionamento pi\u00f9 alto&#8230;<\/li><\/ul>\n\n\n\n<p>&#8230; E scalare le graduatorie. <\/p>\n\n\n\n<p><em>E non \u00e8 questo quello che vuoi?<\/em><\/p>\n\n\n\n<p class=\"has-text-align-center\"><strong>Docenti.it opera nel settore scuola e formazione da oltre 6 anni e pu\u00f2 aiutarti ad ottenere questo risultato. <\/strong><\/p>\n\n\n\n<p class=\"has-text-align-center\"><em><strong>Attiva InCattedra!<\/strong><\/em><\/p>\n\n\n\n<p class=\"has-text-align-center\"><em><strong>E&#8230;<\/strong><\/em><\/p>\n\n\n<p>[maxbutton id=&#8221;1&#8243; url=&#8221;https:\/\/docenti.it\/in-cattedra\/richiesta.html?lnk=104&#8243; text=&#8221;Ottieni SUBITO la proiezione delle 6 province&#8221; ]<\/p>\n\n\n\n<p><\/p>\n\n\n\n<h2>Contatta la redazione<\/h2>\n\n\n\n<p>Hai dubbi da porci o domande riguardo il servizio&nbsp;<strong><a href=\"https:\/\/www.docenti.it\/in-cattedra.html?lnk=104\" target=\"_blank\" rel=\"noreferrer noopener\">InCattedra<\/a><\/strong>?<\/p>\n\n\n\n<p>Puoi contattare la nostra redazione a questo indirizzo:&nbsp;redazione@docenti.it<\/p>\n\n\n\n<p>Riceverai una risposta alle tue domande nel breve tempo possibile.<\/p>\n\n\n\n<p>Vuoi rimanere aggiornato con le ultime novit\u00e0 sulla riapertura graduatoria GPS?<br>Leggi anche:<\/p>\n\n\n\n<ul><li><a href=\"https:\/\/www.docenti.it\/blog\/apertura-finestra-gps-a-luglio-sara-possibile-iscriversi-con-riserva\/\" target=\"_blank\" rel=\"noreferrer noopener\">Apertura finestra GPS a luglio: sar\u00e0 possibile iscriversi con riserva?<\/a><\/li><li><a href=\"https:\/\/www.docenti.it\/blog\/tabella-di-valutazione-titoli-gps-confermata-anche-per-lanno-2022-24-incattedra\/\" target=\"_blank\" rel=\"noreferrer noopener\">Tabella di valutazione titoli GPS: confermata anche per l\u2019anno 2022\/24<\/a><\/li><li><a href=\"https:\/\/www.docenti.it\/blog\/graduatorie-gps-ecco-la-possibile-data-di-riapertura-incattedra\/\" target=\"_blank\" rel=\"noreferrer noopener\">Graduatorie GPS: ecco la possibile data di riapertura<\/a><\/li><\/ul>\n\n\n\n<p><meta charset=\"utf-8\">E seguici su\u00a0<strong><a href=\"https:\/\/www.facebook.com\/docenti.it\" target=\"_blank\" rel=\"noreferrer noopener\">Facebook<\/a><\/strong>\u00a0e\u00a0<strong><a href=\"https:\/\/www.instagram.com\/docenti.it\/\" target=\"_blank\" rel=\"noreferrer noopener\">Instagram<\/a><\/strong>.<\/p>\n\n\n\n<p>Photo credit: <a href=\"https:\/\/pixabay.com\/\" target=\"_blank\" rel=\"noreferrer noopener\">pixabay.com<\/a><\/p>\n","protected":false},"excerpt":{"rendered":"<p>Tutti parlano delle Graduatorie Provinciali per le Supplenze: il Ministero sarebbe intenzionato a far [&hellip;]<\/p>\n","protected":false},"author":9,"featured_media":20634,"comment_status":"open","ping_status":"open","sticky":false,"template":"","format":"standard","meta":[],"categories":[4,14],"tags":[18,234],"yoast_head":"<!-- This site is optimized with the Yoast SEO plugin v20.4 - https:\/\/yoast.com\/wordpress\/plugins\/seo\/ -->\n<title>GPS sostegno: chi consegue l&#039;anno di prova \u00e8 depennato?<\/title>\n<meta name=\"description\" content=\"Se si supera l&#039;anno di prova sul sostegno si viene depennati: lo stesso vale per le GPS sostegno? Vediamo come funziona.\" \/>\n<meta name=\"robots\" content=\"index, follow, max-snippet:-1, max-image-preview:large, max-video-preview:-1\" \/>\n<link rel=\"canonical\" href=\"https:\/\/www.docenti.it\/blog\/gps-sostegno-chi-consegue-lanno-di-prova-e-depennato\/\" \/>\n<meta property=\"og:locale\" content=\"it_IT\" \/>\n<meta property=\"og:type\" content=\"article\" \/>\n<meta property=\"og:title\" content=\"GPS sostegno: chi consegue l&#039;anno di prova \u00e8 depennato?\" \/>\n<meta property=\"og:description\" content=\"Se si supera l&#039;anno di prova sul sostegno si viene depennati: lo stesso vale per le GPS sostegno? Vediamo come funziona.\" \/>\n<meta property=\"og:url\" content=\"https:\/\/www.docenti.it\/blog\/gps-sostegno-chi-consegue-lanno-di-prova-e-depennato\/\" \/>\n<meta property=\"og:site_name\" content=\"Blog | Docenti.it\" \/>\n<meta property=\"article:publisher\" content=\"https:\/\/www.facebook.com\/docenti.it\" \/>\n<meta property=\"article:published_time\" content=\"2022-04-08T10:45:54+00:00\" \/>\n<meta property=\"article:modified_time\" content=\"2022-04-08T15:57:15+00:00\" \/>\n<meta property=\"og:image\" content=\"https:\/\/www.docenti.it\/blog\/wp-content\/uploads\/2022\/04\/math-g8ef3727e2_640.jpg\" \/>\n\t<meta property=\"og:image:width\" content=\"640\" \/>\n\t<meta property=\"og:image:height\" content=\"326\" \/>\n\t<meta property=\"og:image:type\" content=\"image\/jpeg\" \/>\n<meta name=\"author\" content=\"Redazione\" \/>\n<meta name=\"twitter:card\" content=\"summary_large_image\" \/>\n<meta name=\"twitter:label1\" content=\"Written by\" \/>\n\t<meta name=\"twitter:data1\" content=\"Redazione\" \/>\n\t<meta name=\"twitter:label2\" content=\"Est. reading time\" \/>\n\t<meta name=\"twitter:data2\" content=\"5 minuti\" \/>\n<script type=\"application\/ld+json\" class=\"yoast-schema-graph\">{\"@context\":\"https:\/\/schema.org\",\"@graph\":[{\"@type\":\"Article\",\"@id\":\"https:\/\/www.docenti.it\/blog\/gps-sostegno-chi-consegue-lanno-di-prova-e-depennato\/#article\",\"isPartOf\":{\"@id\":\"https:\/\/www.docenti.it\/blog\/gps-sostegno-chi-consegue-lanno-di-prova-e-depennato\/\"},\"author\":{\"name\":\"Redazione\",\"@id\":\"https:\/\/www.docenti.it\/blog\/#\/schema\/person\/3d4223198563da0fa6ed0642b5067e21\"},\"headline\":\"GPS sostegno: chi consegue l&#8217;anno di prova \u00e8 depennato?\",\"datePublished\":\"2022-04-08T10:45:54+00:00\",\"dateModified\":\"2022-04-08T15:57:15+00:00\",\"mainEntityOfPage\":{\"@id\":\"https:\/\/www.docenti.it\/blog\/gps-sostegno-chi-consegue-lanno-di-prova-e-depennato\/\"},\"wordCount\":770,\"commentCount\":0,\"publisher\":{\"@id\":\"https:\/\/www.docenti.it\/blog\/#organization\"},\"keywords\":[\"aggiornamento graduatorie\",\"graduatorie gps\"],\"articleSection\":[\"News\",\"tfa sostegno\"],\"inLanguage\":\"it-IT\",\"potentialAction\":[{\"@type\":\"CommentAction\",\"name\":\"Comment\",\"target\":[\"https:\/\/www.docenti.it\/blog\/gps-sostegno-chi-consegue-lanno-di-prova-e-depennato\/#respond\"]}]},{\"@type\":\"WebPage\",\"@id\":\"https:\/\/www.docenti.it\/blog\/gps-sostegno-chi-consegue-lanno-di-prova-e-depennato\/\",\"url\":\"https:\/\/www.docenti.it\/blog\/gps-sostegno-chi-consegue-lanno-di-prova-e-depennato\/\",\"name\":\"GPS sostegno: chi consegue l'anno di prova \u00e8 depennato?\",\"isPartOf\":{\"@id\":\"https:\/\/www.docenti.it\/blog\/#website\"},\"datePublished\":\"2022-04-08T10:45:54+00:00\",\"dateModified\":\"2022-04-08T15:57:15+00:00\",\"description\":\"Se si supera l'anno di prova sul sostegno si viene depennati: lo stesso vale per le GPS sostegno? Vediamo come funziona.\",\"breadcrumb\":{\"@id\":\"https:\/\/www.docenti.it\/blog\/gps-sostegno-chi-consegue-lanno-di-prova-e-depennato\/#breadcrumb\"},\"inLanguage\":\"it-IT\",\"potentialAction\":[{\"@type\":\"ReadAction\",\"target\":[\"https:\/\/www.docenti.it\/blog\/gps-sostegno-chi-consegue-lanno-di-prova-e-depennato\/\"]}]},{\"@type\":\"BreadcrumbList\",\"@id\":\"https:\/\/www.docenti.it\/blog\/gps-sostegno-chi-consegue-lanno-di-prova-e-depennato\/#breadcrumb\",\"itemListElement\":[{\"@type\":\"ListItem\",\"position\":1,\"name\":\"Home\",\"item\":\"https:\/\/www.docenti.it\/blog\/\"},{\"@type\":\"ListItem\",\"position\":2,\"name\":\"GPS sostegno: chi consegue l&#8217;anno di prova \u00e8 depennato?\"}]},{\"@type\":\"WebSite\",\"@id\":\"https:\/\/www.docenti.it\/blog\/#website\",\"url\":\"https:\/\/www.docenti.it\/blog\/\",\"name\":\"Blog | Docenti.it\",\"description\":\"Tutte le notizie e gli aggiornamenti dal mondo della scuola\",\"publisher\":{\"@id\":\"https:\/\/www.docenti.it\/blog\/#organization\"},\"potentialAction\":[{\"@type\":\"SearchAction\",\"target\":{\"@type\":\"EntryPoint\",\"urlTemplate\":\"https:\/\/www.docenti.it\/blog\/?s={search_term_string}\"},\"query-input\":\"required name=search_term_string\"}],\"inLanguage\":\"it-IT\"},{\"@type\":\"Organization\",\"@id\":\"https:\/\/www.docenti.it\/blog\/#organization\",\"name\":\"Blog | Docenti.it\",\"url\":\"https:\/\/www.docenti.it\/blog\/\",\"logo\":{\"@type\":\"ImageObject\",\"inLanguage\":\"it-IT\",\"@id\":\"https:\/\/www.docenti.it\/blog\/#\/schema\/logo\/image\/\",\"url\":\"https:\/\/www.docenti.it\/blog\/wp-content\/uploads\/2025\/06\/fb_mad_img.png\",\"contentUrl\":\"https:\/\/www.docenti.it\/blog\/wp-content\/uploads\/2025\/06\/fb_mad_img.png\",\"width\":1140,\"height\":620,\"caption\":\"Blog | Docenti.it\"},\"image\":{\"@id\":\"https:\/\/www.docenti.it\/blog\/#\/schema\/logo\/image\/\"},\"sameAs\":[\"https:\/\/www.facebook.com\/docenti.it\"]},{\"@type\":\"Person\",\"@id\":\"https:\/\/www.docenti.it\/blog\/#\/schema\/person\/3d4223198563da0fa6ed0642b5067e21\",\"name\":\"Redazione\",\"image\":{\"@type\":\"ImageObject\",\"inLanguage\":\"it-IT\",\"@id\":\"https:\/\/www.docenti.it\/blog\/#\/schema\/person\/image\/\",\"url\":\"https:\/\/secure.gravatar.com\/avatar\/77fc9ba6a8d651d4b3575bf7cbadad48?s=96&d=mm&r=g\",\"contentUrl\":\"https:\/\/secure.gravatar.com\/avatar\/77fc9ba6a8d651d4b3575bf7cbadad48?s=96&d=mm&r=g\",\"caption\":\"Redazione\"},\"url\":\"https:\/\/www.docenti.it\/blog\/author\/valentina\/\"}]}<\/script>\n<!-- \/ Yoast SEO plugin. -->","yoast_head_json":{"title":"GPS sostegno: chi consegue l'anno di prova \u00e8 depennato?","description":"Se si supera l'anno di prova sul sostegno si viene depennati: lo stesso vale per le GPS sostegno? Vediamo come funziona.","robots":{"index":"index","follow":"follow","max-snippet":"max-snippet:-1","max-image-preview":"max-image-preview:large","max-video-preview":"max-video-preview:-1"},"canonical":"https:\/\/www.docenti.it\/blog\/gps-sostegno-chi-consegue-lanno-di-prova-e-depennato\/","og_locale":"it_IT","og_type":"article","og_title":"GPS sostegno: chi consegue l'anno di prova \u00e8 depennato?","og_description":"Se si supera l'anno di prova sul sostegno si viene depennati: lo stesso vale per le GPS sostegno? Vediamo come funziona.","og_url":"https:\/\/www.docenti.it\/blog\/gps-sostegno-chi-consegue-lanno-di-prova-e-depennato\/","og_site_name":"Blog | Docenti.it","article_publisher":"https:\/\/www.facebook.com\/docenti.it","article_published_time":"2022-04-08T10:45:54+00:00","article_modified_time":"2022-04-08T15:57:15+00:00","og_image":[{"width":640,"height":326,"url":"https:\/\/www.docenti.it\/blog\/wp-content\/uploads\/2022\/04\/math-g8ef3727e2_640.jpg","type":"image\/jpeg"}],"author":"Redazione","twitter_card":"summary_large_image","twitter_misc":{"Written by":"Redazione","Est. reading time":"5 minuti"},"schema":{"@context":"https:\/\/schema.org","@graph":[{"@type":"Article","@id":"https:\/\/www.docenti.it\/blog\/gps-sostegno-chi-consegue-lanno-di-prova-e-depennato\/#article","isPartOf":{"@id":"https:\/\/www.docenti.it\/blog\/gps-sostegno-chi-consegue-lanno-di-prova-e-depennato\/"},"author":{"name":"Redazione","@id":"https:\/\/www.docenti.it\/blog\/#\/schema\/person\/3d4223198563da0fa6ed0642b5067e21"},"headline":"GPS sostegno: chi consegue l&#8217;anno di prova \u00e8 depennato?","datePublished":"2022-04-08T10:45:54+00:00","dateModified":"2022-04-08T15:57:15+00:00","mainEntityOfPage":{"@id":"https:\/\/www.docenti.it\/blog\/gps-sostegno-chi-consegue-lanno-di-prova-e-depennato\/"},"wordCount":770,"commentCount":0,"publisher":{"@id":"https:\/\/www.docenti.it\/blog\/#organization"},"keywords":["aggiornamento graduatorie","graduatorie gps"],"articleSection":["News","tfa sostegno"],"inLanguage":"it-IT","potentialAction":[{"@type":"CommentAction","name":"Comment","target":["https:\/\/www.docenti.it\/blog\/gps-sostegno-chi-consegue-lanno-di-prova-e-depennato\/#respond"]}]},{"@type":"WebPage","@id":"https:\/\/www.docenti.it\/blog\/gps-sostegno-chi-consegue-lanno-di-prova-e-depennato\/","url":"https:\/\/www.docenti.it\/blog\/gps-sostegno-chi-consegue-lanno-di-prova-e-depennato\/","name":"GPS sostegno: chi consegue l'anno di prova \u00e8 depennato?","isPartOf":{"@id":"https:\/\/www.docenti.it\/blog\/#website"},"datePublished":"2022-04-08T10:45:54+00:00","dateModified":"2022-04-08T15:57:15+00:00","description":"Se si supera l'anno di prova sul sostegno si viene depennati: lo stesso vale per le GPS sostegno? Vediamo come funziona.","breadcrumb":{"@id":"https:\/\/www.docenti.it\/blog\/gps-sostegno-chi-consegue-lanno-di-prova-e-depennato\/#breadcrumb"},"inLanguage":"it-IT","potentialAction":[{"@type":"ReadAction","target":["https:\/\/www.docenti.it\/blog\/gps-sostegno-chi-consegue-lanno-di-prova-e-depennato\/"]}]},{"@type":"BreadcrumbList","@id":"https:\/\/www.docenti.it\/blog\/gps-sostegno-chi-consegue-lanno-di-prova-e-depennato\/#breadcrumb","itemListElement":[{"@type":"ListItem","position":1,"name":"Home","item":"https:\/\/www.docenti.it\/blog\/"},{"@type":"ListItem","position":2,"name":"GPS sostegno: chi consegue l&#8217;anno di prova \u00e8 depennato?"}]},{"@type":"WebSite","@id":"https:\/\/www.docenti.it\/blog\/#website","url":"https:\/\/www.docenti.it\/blog\/","name":"Blog | Docenti.it","description":"Tutte le notizie e gli aggiornamenti dal mondo della scuola","publisher":{"@id":"https:\/\/www.docenti.it\/blog\/#organization"},"potentialAction":[{"@type":"SearchAction","target":{"@type":"EntryPoint","urlTemplate":"https:\/\/www.docenti.it\/blog\/?s={search_term_string}"},"query-input":"required name=search_term_string"}],"inLanguage":"it-IT"},{"@type":"Organization","@id":"https:\/\/www.docenti.it\/blog\/#organization","name":"Blog | Docenti.it","url":"https:\/\/www.docenti.it\/blog\/","logo":{"@type":"ImageObject","inLanguage":"it-IT","@id":"https:\/\/www.docenti.it\/blog\/#\/schema\/logo\/image\/","url":"https:\/\/www.docenti.it\/blog\/wp-content\/uploads\/2025\/06\/fb_mad_img.png","contentUrl":"https:\/\/www.docenti.it\/blog\/wp-content\/uploads\/2025\/06\/fb_mad_img.png","width":1140,"height":620,"caption":"Blog | Docenti.it"},"image":{"@id":"https:\/\/www.docenti.it\/blog\/#\/schema\/logo\/image\/"},"sameAs":["https:\/\/www.facebook.com\/docenti.it"]},{"@type":"Person","@id":"https:\/\/www.docenti.it\/blog\/#\/schema\/person\/3d4223198563da0fa6ed0642b5067e21","name":"Redazione","image":{"@type":"ImageObject","inLanguage":"it-IT","@id":"https:\/\/www.docenti.it\/blog\/#\/schema\/person\/image\/","url":"https:\/\/secure.gravatar.com\/avatar\/77fc9ba6a8d651d4b3575bf7cbadad48?s=96&d=mm&r=g","contentUrl":"https:\/\/secure.gravatar.com\/avatar\/77fc9ba6a8d651d4b3575bf7cbadad48?s=96&d=mm&r=g","caption":"Redazione"},"url":"https:\/\/www.docenti.it\/blog\/author\/valentina\/"}]}},"_links":{"self":[{"href":"https:\/\/www.docenti.it\/blog\/wp-json\/wp\/v2\/posts\/20615"}],"collection":[{"href":"https:\/\/www.docenti.it\/blog\/wp-json\/wp\/v2\/posts"}],"about":[{"href":"https:\/\/www.docenti.it\/blog\/wp-json\/wp\/v2\/types\/post"}],"author":[{"embeddable":true,"href":"https:\/\/www.docenti.it\/blog\/wp-json\/wp\/v2\/users\/9"}],"replies":[{"embeddable":true,"href":"https:\/\/www.docenti.it\/blog\/wp-json\/wp\/v2\/comments?post=20615"}],"version-history":[{"count":30,"href":"https:\/\/www.docenti.it\/blog\/wp-json\/wp\/v2\/posts\/20615\/revisions"}],"predecessor-version":[{"id":20791,"href":"https:\/\/www.docenti.it\/blog\/wp-json\/wp\/v2\/posts\/20615\/revisions\/20791"}],"wp:featuredmedia":[{"embeddable":true,"href":"https:\/\/www.docenti.it\/blog\/wp-json\/wp\/v2\/media\/20634"}],"wp:attachment":[{"href":"https:\/\/www.docenti.it\/blog\/wp-json\/wp\/v2\/media?parent=20615"}],"wp:term":[{"taxonomy":"category","embeddable":true,"href":"https:\/\/www.docenti.it\/blog\/wp-json\/wp\/v2\/categories?post=20615"},{"taxonomy":"post_tag","embeddable":true,"href":"https:\/\/www.docenti.it\/blog\/wp-json\/wp\/v2\/tags?post=20615"}],"curies":[{"name":"wp","href":"https:\/\/api.w.org\/{rel}","templated":true}]}}