{"id":2088,"date":"2020-09-29T12:00:00","date_gmt":"2020-09-29T10:00:00","guid":{"rendered":"https:\/\/www.docenti.it\/blog\/?p=2088"},"modified":"2020-09-22T16:08:35","modified_gmt":"2020-09-22T14:08:35","slug":"chi-ha-chiesto-laiuto-di-docenti-it-lorella","status":"publish","type":"post","link":"https:\/\/www.docenti.it\/blog\/chi-ha-chiesto-laiuto-di-docenti-it-lorella\/","title":{"rendered":"Chi ha chiesto l\u2019aiuto di Docenti.it \u2013 Lorella"},"content":{"rendered":"<p><b>L\u2019invio di una Messa a Disposizione pu\u00f2 rappresentare l\u2019inizio di una svolta professionale.\u00a0<\/b><!--more--><\/p>\n<p><b>Lorella ha trovato nuovi e potenti stimoli nelle persone che animano il mondo della scuola. Abbiamo sentito la sua esperienza a seguito del supporto ricevuto da Docenti.it. Un po\u2019 di orientamento, l\u2019invio della MAD e i consigli giusti hanno abbattuto le barriere informative e burocratiche dell\u2019ambiente scolastico.<\/b><\/p>\n<h2>Chi sei? Dove ti trovi?\u00a0<\/h2>\n<p><i><span style=\"font-weight: 400;\">\u201cSono <\/span><\/i><b><i>Lorella <\/i><\/b><i><span style=\"font-weight: 400;\">e abito a Rho, in provincia di Milano\u201d.<\/span><\/i><\/p>\n<p><i><span style=\"font-weight: 400;\">\u201cHo conseguito una Laurea in Lettere Classiche e sto studiando per conseguire ulteriori crediti formativi per l\u2019accesso alle professioni di insegnamento\u201d.\u00a0<\/span><\/i><\/p>\n<h2>Cosa ti ha spinto a rivolgerti a Docenti.it? Come hai conosciuto i nostri servizi?<\/h2>\n<p><i><span style=\"font-weight: 400;\">\u201cSostanzialmente desideravo cambiare il mio precedente lavoro. Mi sono occupata per anni esclusivamente di infrastrutture e settore energetico\u201d.<\/span><\/i><\/p>\n<p><i><span style=\"font-weight: 400;\">\u201cUna volta conseguita la Laurea, ho deciso di provare <\/span><\/i><b><i>l\u2019esperienza dell&#8217;insegnamento<\/i><\/b><i><span style=\"font-weight: 400;\"> nelle scuole superiori. In realt\u00e0, avevo gi\u00e0 insegnato per tre anni quando ero ancora studentessa\u2026\u201d.<\/span><\/i><\/p>\n<p><i><span style=\"font-weight: 400;\">\u201cHo cercato su internet le informazioni di base necessarie per diventare insegnante e ho visto che, [all\u2019epoca] in assenza di concorsi, era possibile inviare la <\/span><\/i><b><i>messa a disposizione<\/i><\/b><i><span style=\"font-weight: 400;\">\u201d.\u00a0<\/span><\/i><\/p>\n<p><i><span style=\"font-weight: 400;\">\u201cTra i vari siti che pubblicizzavano questo tipo di servizio, secondo me il sito di <\/span><\/i><b><i>Docenti.it<\/i><\/b><i><span style=\"font-weight: 400;\"> risultava quello pi\u00f9 chiaro e affidabile, quindi ho deciso di contattarvi\u201d.<\/span><\/i><\/p>\n<p><i><span style=\"font-weight: 400;\">\u201cInizialmente <\/span><\/i><b><i>ho contattato Docenti.it per l\u2019<\/i><\/b><a href=\"https:\/\/www.docenti.it\/messa-a-disposizione.html\"><b><i>invio MAD<\/i><\/b><\/a> <i><span style=\"font-weight: 400;\">in sei diverse province e successivamente, con un secondo contatto, avete provveduto a fare la <\/span><\/i><a href=\"https:\/\/www.docenti.it\/valutazione-piano-di-studi.html\"><b><i>valutazione del mio piano di studi<\/i><\/b><\/a><i><span style=\"font-weight: 400;\"> per indicarmi quali esami dovessi eventualmente integrare per le classi di concorso che avevo scelto\u201d.<\/span><\/i><\/p>\n<p><i><span style=\"font-weight: 400;\">\u201cVi ho contattato una terza volta e avete provveduto alla spedizione della messa disposizione per mio conto in un&#8217;unica provincia per l&#8217;insegnamento nella scuola superiore.\u201d<\/span><\/i><\/p>\n<h2>Come ti ha aiutato Docenti.it? Quali erano le tue difficolt\u00e0?<\/h2>\n<p><i><span style=\"font-weight: 400;\">\u201cLa mancanza di informazioni \u00e8 una delle barriere all\u2019entrata per trovare un\u2019occupazione nel sistema scolastico. Neppure sul sito del ministero era sufficientemente chiaro come procedere con questo invio e con la valutazione del proprio piano di studi\u201d.<\/span><\/i><\/p>\n<p><b>Cosa ti ha colpito di pi\u00f9 del servizio di Docenti.it? Cosa ti ha soddisfatto di meno? Dove ti saresti aspettato di pi\u00f9?<\/b><\/p>\n<p><i><span style=\"font-weight: 400;\">\u201cMi ha colpito molto il fatto che ci sia stata da subito la possibilit\u00e0 di parlare con qualcuno. Il sito pubblicizzano che nell&#8217;arco di 48 ore si sarebbe stati contattati da una persona, ed \u00e8 avvenuto esattamente nei modi in cui il sito indicava\u201d.\u00a0<\/span><\/i><\/p>\n<p><i><span style=\"font-weight: 400;\">\u201cHo trovato delle persone sempre preparate. Sono stata contattata nelle diverse occasioni da diversi operatori e ho posto domande specifiche a cui mi \u00e8 sempre stata data risposta\u201d.<\/span><\/i><\/p>\n<p><i><span style=\"font-weight: 400;\">\u201cLa prima volta c&#8217;era stato un problema di invio per una e-mail sbagliata e l&#8217;operatore di <\/span><\/i><b><i>Docenti.it<\/i><\/b><i><span style=\"font-weight: 400;\"> ha provveduto immediatamente a ricontattarmi e inviarmi nuovamente il file con l&#8217;elenco di tutte le scuole a cui la MAD era stata inviata\u201d.\u00a0<\/span><\/i><\/p>\n<p><i><span style=\"font-weight: 400;\">\u201cDevo dire che i punti di criticit\u00e0 non ne ho riscontrati. Secondo me, il costo \u00e8 proporzionato e contenuto rispetto al servizio erogato e ho avuto sempre ci\u00f2 per cui vi avevo contattato\u201d.<\/span><\/i><\/p>\n<h2>Quindi, sei riuscita ad avere un incarico?<\/h2>\n<p><i><span style=\"font-weight: 400;\">\u201cSono stata contattata da tre scuole alle quali aveva inviato la mia MAD e, per ragioni personali (nel senso che avevo nel frattempo ricevuto un\u2019offerta da un\u2019ulteriore scuola), non ho accettato questo incarico ma semplicemente per il fatto che avevo gi\u00e0 trovato un&#8217;altra sistemazione. Le richieste di supplenze dalle scuole sono arrivate puntualmente\u201d<\/span><\/i><\/p>\n<p><i><span style=\"font-weight: 400;\">\u201cOggi insegno greco e latino in un liceo classico privato a Milano (<\/span><\/i><b><i>classe di concorso A-13<\/i><\/b><i><span style=\"font-weight: 400;\">)\u201d.\u00a0<\/span><\/i><\/p>\n<h2>Che cosa ami del tuo lavoro e perch\u00e9 ti piace lavorare nel mondo scolastico?<\/h2>\n<p><i><span style=\"font-weight: 400;\">\u201cQuello che mi coinvolge (e continua coinvolgermi sempre di pi\u00f9) direi che \u00e8, da un lato, la possibilit\u00e0 di raccontare e di esporre le mie conoscenze ad altre persone. Io amo molto le materie nelle quali mi sono laureata e quindi mi piace molto trasmetterle, condividerle\u201d.\u00a0<\/span><\/i><\/p>\n<p><i><span style=\"font-weight: 400;\">\u201cUn altro aspetto \u00e8 il rapporto con gli adolescenti, che oramai sono quasi adulti.<\/span><\/i><\/p>\n<p><i><span style=\"font-weight: 400;\">Quando capitano le classi dell\u2019ultimo anno, abbiamo a che fare con ragazzi che sono gi\u00e0 maggiorenni e questo \u00e8 uno stimolo continuo per mantenersi freschi e sempre aggiornati. Questo mi ha dato una spinta motivazionale in pi\u00f9 per continuare a studiare e a fare corsi di perfezionamento\u201d.<\/span><\/i><\/p>\n<h2>Insegnare \u00e8 stato come te lo eri immaginato?<\/h2>\n<p><i><span style=\"font-weight: 400;\">\u201cPer me c\u2019\u00e8 stato un cambiamento lavorativo sostanziale: prima lavoravo pi\u00f9 che altro con le \u201ccose\u201d, per cose intendo dei beni materiali. Passare dalle \u201ccose\u201d alle persone \u00e8 stato un cambiamento estremamente positivo nella mia vita\u201d.<\/span><\/i><\/p>\n<p><i><span style=\"font-weight: 400;\">\u201cAnche il rapporto con i colleghi \u00e8 diverso. Nel mondo del lavoro \u201cnormale\u201d, ci sono colleghi che hanno naturalmente determinate caratteristiche e competenze per\u00f2 in alcuni casi, se non nella maggior parte, sono persone molto lontane dalla propria formazione.\u00a0<\/span><\/i><\/p>\n<p><i><span style=\"font-weight: 400;\">Lavorando nel mondo della scuola, invece, si ha la possibilit\u00e0 di avere un confronto con colleghi che sono appassionati e praticano discipline affini alla propria, per cui si pu\u00f2 avere anche uno scambio sotto il profilo culturale. Questo \u00e8 particolarmente interessante dal mio punto di vista!\u201d.\u00a0<\/span><\/i><\/p>\n<h2>Vuoi condividere con noi un tuo pensiero?\u00a0<\/h2>\n<p><i><span style=\"font-weight: 400;\">\u201cSi, volentieri. Volevo dirvi che secondo me la presenza di una struttura come Docenti.it \u00e8 davvero importante\u201d.\u00a0<\/span><\/i><\/p>\n<p><i><span style=\"font-weight: 400;\">\u201c\u00c8 importante perch\u00e9, come spesso accade nel nostro paese, \u00e8 sempre molto difficile orientarsi nei siti ufficiali istituzionali.\u00a0<\/span><\/i><\/p>\n<p><i><span style=\"font-weight: 400;\">Te lo dice una persona che ha passato i 50 anni e che ha lavorato per molti anni nelle strutture pubbliche ma che ancora trova diciamo barriere, difficolt\u00e0\u201d.\u00a0<\/span><\/i><\/p>\n<p><i><span style=\"font-weight: 400;\">\u201cIo mi immagino gli ostacoli per i giovani colleghi che si buttano nell\u2019avventura scolastica. Leggiamo sui giornali quotidianamente che le graduatorie di nuova costituzione presentano molti profili di criticit\u00e0 per cui credo che Docenti.it possa veramente servire e svolgere un servizio utile nel campo dell&#8217;<\/span><\/i><b><i>orientamento<\/i><\/b><i><span style=\"font-weight: 400;\"> a questa professione affascinante che \u00e8 quella di insegnante\u201d.<\/span><\/i><\/p>\n<p><i><span style=\"font-weight: 400;\">\u201c<\/span><\/i><b><i>Continuate cosi!<\/i><\/b><i><span style=\"font-weight: 400;\">\u201d. <\/span><\/i><\/p>\n\n\n<hr class=\"wp-block-separator\"\/>\n\n\n<p>[maxbutton id=&#8221;1&#8243; url=&#8221;https:\/\/www.docenti.it\/messa-a-disposizione.html&#8221; text=&#8221;Invia anche tu la tua MAD&#8221; ]<\/p>","protected":false},"excerpt":{"rendered":"<p>L\u2019invio di una Messa a Disposizione pu\u00f2 rappresentare l\u2019inizio di una svolta professionale.\u00a0<\/p>\n","protected":false},"author":16,"featured_media":0,"comment_status":"closed","ping_status":"open","sticky":false,"template":"","format":"standard","meta":[],"categories":[4],"tags":[11],"yoast_head":"<!-- This site is optimized with the Yoast SEO plugin v20.4 - https:\/\/yoast.com\/wordpress\/plugins\/seo\/ -->\n<title>Chi ha chiesto l\u2019aiuto di Docenti.it \u2013 Lorella<\/title>\n<meta name=\"description\" content=\"Scopri come l&#039;esperienza di Lorella con Docenti.it abbia cambiato la sua carriera scolastica e come sia stato inserirsi nel mondo scuola!\" \/>\n<meta name=\"robots\" content=\"index, follow, max-snippet:-1, max-image-preview:large, max-video-preview:-1\" \/>\n<link rel=\"canonical\" href=\"https:\/\/www.docenti.it\/blog\/chi-ha-chiesto-laiuto-di-docenti-it-lorella\/\" \/>\n<meta property=\"og:locale\" content=\"it_IT\" \/>\n<meta property=\"og:type\" content=\"article\" \/>\n<meta property=\"og:title\" content=\"Chi ha chiesto l\u2019aiuto di Docenti.it \u2013 Lorella\" \/>\n<meta property=\"og:description\" content=\"Scopri come l&#039;esperienza di Lorella con Docenti.it abbia cambiato la sua carriera scolastica e come sia stato inserirsi nel mondo scuola!\" \/>\n<meta property=\"og:url\" content=\"https:\/\/www.docenti.it\/blog\/chi-ha-chiesto-laiuto-di-docenti-it-lorella\/\" \/>\n<meta property=\"og:site_name\" content=\"Blog | Docenti.it\" \/>\n<meta property=\"article:publisher\" content=\"https:\/\/www.facebook.com\/docenti.it\" \/>\n<meta property=\"article:author\" content=\"https:\/\/www.facebook.com\/docenti.it\" \/>\n<meta property=\"article:published_time\" content=\"2020-09-29T10:00:00+00:00\" \/>\n<meta property=\"article:modified_time\" content=\"2020-09-22T14:08:35+00:00\" \/>\n<meta property=\"og:image\" content=\"https:\/\/www.docenti.it\/blog\/wp-content\/uploads\/2020\/09\/docenti.it_.jpg\" \/>\n\t<meta property=\"og:image:width\" content=\"1920\" \/>\n\t<meta property=\"og:image:height\" content=\"1080\" \/>\n\t<meta property=\"og:image:type\" content=\"image\/jpeg\" \/>\n<meta name=\"author\" content=\"Andrea Russo\" \/>\n<meta name=\"twitter:card\" content=\"summary_large_image\" \/>\n<meta name=\"twitter:label1\" content=\"Written by\" \/>\n\t<meta name=\"twitter:data1\" content=\"Andrea Russo\" \/>\n\t<meta name=\"twitter:label2\" content=\"Est. reading time\" \/>\n\t<meta name=\"twitter:data2\" content=\"5 minuti\" \/>\n<script type=\"application\/ld+json\" class=\"yoast-schema-graph\">{\"@context\":\"https:\/\/schema.org\",\"@graph\":[{\"@type\":\"Article\",\"@id\":\"https:\/\/www.docenti.it\/blog\/chi-ha-chiesto-laiuto-di-docenti-it-lorella\/#article\",\"isPartOf\":{\"@id\":\"https:\/\/www.docenti.it\/blog\/chi-ha-chiesto-laiuto-di-docenti-it-lorella\/\"},\"author\":{\"name\":\"Andrea Russo\",\"@id\":\"https:\/\/www.docenti.it\/blog\/#\/schema\/person\/cc0ea28744cb76a3d5e927a093385c30\"},\"headline\":\"Chi ha chiesto l\u2019aiuto di Docenti.it \u2013 Lorella\",\"datePublished\":\"2020-09-29T10:00:00+00:00\",\"dateModified\":\"2020-09-22T14:08:35+00:00\",\"mainEntityOfPage\":{\"@id\":\"https:\/\/www.docenti.it\/blog\/chi-ha-chiesto-laiuto-di-docenti-it-lorella\/\"},\"wordCount\":975,\"publisher\":{\"@id\":\"https:\/\/www.docenti.it\/blog\/#organization\"},\"keywords\":[\"mad\"],\"articleSection\":[\"News\"],\"inLanguage\":\"it-IT\"},{\"@type\":\"WebPage\",\"@id\":\"https:\/\/www.docenti.it\/blog\/chi-ha-chiesto-laiuto-di-docenti-it-lorella\/\",\"url\":\"https:\/\/www.docenti.it\/blog\/chi-ha-chiesto-laiuto-di-docenti-it-lorella\/\",\"name\":\"Chi ha chiesto l\u2019aiuto di Docenti.it \u2013 Lorella\",\"isPartOf\":{\"@id\":\"https:\/\/www.docenti.it\/blog\/#website\"},\"datePublished\":\"2020-09-29T10:00:00+00:00\",\"dateModified\":\"2020-09-22T14:08:35+00:00\",\"description\":\"Scopri come l'esperienza di Lorella con Docenti.it abbia cambiato la sua carriera scolastica e come sia stato inserirsi nel mondo scuola!\",\"breadcrumb\":{\"@id\":\"https:\/\/www.docenti.it\/blog\/chi-ha-chiesto-laiuto-di-docenti-it-lorella\/#breadcrumb\"},\"inLanguage\":\"it-IT\",\"potentialAction\":[{\"@type\":\"ReadAction\",\"target\":[\"https:\/\/www.docenti.it\/blog\/chi-ha-chiesto-laiuto-di-docenti-it-lorella\/\"]}]},{\"@type\":\"BreadcrumbList\",\"@id\":\"https:\/\/www.docenti.it\/blog\/chi-ha-chiesto-laiuto-di-docenti-it-lorella\/#breadcrumb\",\"itemListElement\":[{\"@type\":\"ListItem\",\"position\":1,\"name\":\"Home\",\"item\":\"https:\/\/www.docenti.it\/blog\/\"},{\"@type\":\"ListItem\",\"position\":2,\"name\":\"Chi ha chiesto l\u2019aiuto di Docenti.it \u2013 Lorella\"}]},{\"@type\":\"WebSite\",\"@id\":\"https:\/\/www.docenti.it\/blog\/#website\",\"url\":\"https:\/\/www.docenti.it\/blog\/\",\"name\":\"Blog | Docenti.it\",\"description\":\"Tutte le notizie e gli aggiornamenti dal mondo della scuola\",\"publisher\":{\"@id\":\"https:\/\/www.docenti.it\/blog\/#organization\"},\"potentialAction\":[{\"@type\":\"SearchAction\",\"target\":{\"@type\":\"EntryPoint\",\"urlTemplate\":\"https:\/\/www.docenti.it\/blog\/?s={search_term_string}\"},\"query-input\":\"required name=search_term_string\"}],\"inLanguage\":\"it-IT\"},{\"@type\":\"Organization\",\"@id\":\"https:\/\/www.docenti.it\/blog\/#organization\",\"name\":\"Blog | Docenti.it\",\"url\":\"https:\/\/www.docenti.it\/blog\/\",\"logo\":{\"@type\":\"ImageObject\",\"inLanguage\":\"it-IT\",\"@id\":\"https:\/\/www.docenti.it\/blog\/#\/schema\/logo\/image\/\",\"url\":\"https:\/\/www.docenti.it\/blog\/wp-content\/uploads\/2025\/06\/fb_mad_img.png\",\"contentUrl\":\"https:\/\/www.docenti.it\/blog\/wp-content\/uploads\/2025\/06\/fb_mad_img.png\",\"width\":1140,\"height\":620,\"caption\":\"Blog | Docenti.it\"},\"image\":{\"@id\":\"https:\/\/www.docenti.it\/blog\/#\/schema\/logo\/image\/\"},\"sameAs\":[\"https:\/\/www.facebook.com\/docenti.it\"]},{\"@type\":\"Person\",\"@id\":\"https:\/\/www.docenti.it\/blog\/#\/schema\/person\/cc0ea28744cb76a3d5e927a093385c30\",\"name\":\"Andrea Russo\",\"image\":{\"@type\":\"ImageObject\",\"inLanguage\":\"it-IT\",\"@id\":\"https:\/\/www.docenti.it\/blog\/#\/schema\/person\/image\/\",\"url\":\"https:\/\/secure.gravatar.com\/avatar\/73431a2c57ba56f04ba6c7e333d13430?s=96&d=mm&r=g\",\"contentUrl\":\"https:\/\/secure.gravatar.com\/avatar\/73431a2c57ba56f04ba6c7e333d13430?s=96&d=mm&r=g\",\"caption\":\"Andrea Russo\"},\"description\":\"Mi occupo di formazione del corpo insegnante e credo che una didattica efficace sia di aiuto tanto ai docenti quanto agli studenti. Lavoro con Docenti.it per fornire un\u2019adeguata preparazione a tutti gli insegnanti che vogliono cominciare la loro carriera nel mondo scolastico con consapevolezza e competenza.\",\"sameAs\":[\"https:\/\/www.docenti.it\/\",\"https:\/\/www.facebook.com\/docenti.it\"],\"url\":\"https:\/\/www.docenti.it\/blog\/author\/andrea\/\"}]}<\/script>\n<!-- \/ Yoast SEO plugin. -->","yoast_head_json":{"title":"Chi ha chiesto l\u2019aiuto di Docenti.it \u2013 Lorella","description":"Scopri come l'esperienza di Lorella con Docenti.it abbia cambiato la sua carriera scolastica e come sia stato inserirsi nel mondo scuola!","robots":{"index":"index","follow":"follow","max-snippet":"max-snippet:-1","max-image-preview":"max-image-preview:large","max-video-preview":"max-video-preview:-1"},"canonical":"https:\/\/www.docenti.it\/blog\/chi-ha-chiesto-laiuto-di-docenti-it-lorella\/","og_locale":"it_IT","og_type":"article","og_title":"Chi ha chiesto l\u2019aiuto di Docenti.it \u2013 Lorella","og_description":"Scopri come l'esperienza di Lorella con Docenti.it abbia cambiato la sua carriera scolastica e come sia stato inserirsi nel mondo scuola!","og_url":"https:\/\/www.docenti.it\/blog\/chi-ha-chiesto-laiuto-di-docenti-it-lorella\/","og_site_name":"Blog | Docenti.it","article_publisher":"https:\/\/www.facebook.com\/docenti.it","article_author":"https:\/\/www.facebook.com\/docenti.it","article_published_time":"2020-09-29T10:00:00+00:00","article_modified_time":"2020-09-22T14:08:35+00:00","og_image":[{"width":1920,"height":1080,"url":"https:\/\/www.docenti.it\/blog\/wp-content\/uploads\/2020\/09\/docenti.it_.jpg","type":"image\/jpeg"}],"author":"Andrea Russo","twitter_card":"summary_large_image","twitter_misc":{"Written by":"Andrea Russo","Est. reading time":"5 minuti"},"schema":{"@context":"https:\/\/schema.org","@graph":[{"@type":"Article","@id":"https:\/\/www.docenti.it\/blog\/chi-ha-chiesto-laiuto-di-docenti-it-lorella\/#article","isPartOf":{"@id":"https:\/\/www.docenti.it\/blog\/chi-ha-chiesto-laiuto-di-docenti-it-lorella\/"},"author":{"name":"Andrea Russo","@id":"https:\/\/www.docenti.it\/blog\/#\/schema\/person\/cc0ea28744cb76a3d5e927a093385c30"},"headline":"Chi ha chiesto l\u2019aiuto di Docenti.it \u2013 Lorella","datePublished":"2020-09-29T10:00:00+00:00","dateModified":"2020-09-22T14:08:35+00:00","mainEntityOfPage":{"@id":"https:\/\/www.docenti.it\/blog\/chi-ha-chiesto-laiuto-di-docenti-it-lorella\/"},"wordCount":975,"publisher":{"@id":"https:\/\/www.docenti.it\/blog\/#organization"},"keywords":["mad"],"articleSection":["News"],"inLanguage":"it-IT"},{"@type":"WebPage","@id":"https:\/\/www.docenti.it\/blog\/chi-ha-chiesto-laiuto-di-docenti-it-lorella\/","url":"https:\/\/www.docenti.it\/blog\/chi-ha-chiesto-laiuto-di-docenti-it-lorella\/","name":"Chi ha chiesto l\u2019aiuto di Docenti.it \u2013 Lorella","isPartOf":{"@id":"https:\/\/www.docenti.it\/blog\/#website"},"datePublished":"2020-09-29T10:00:00+00:00","dateModified":"2020-09-22T14:08:35+00:00","description":"Scopri come l'esperienza di Lorella con Docenti.it abbia cambiato la sua carriera scolastica e come sia stato inserirsi nel mondo scuola!","breadcrumb":{"@id":"https:\/\/www.docenti.it\/blog\/chi-ha-chiesto-laiuto-di-docenti-it-lorella\/#breadcrumb"},"inLanguage":"it-IT","potentialAction":[{"@type":"ReadAction","target":["https:\/\/www.docenti.it\/blog\/chi-ha-chiesto-laiuto-di-docenti-it-lorella\/"]}]},{"@type":"BreadcrumbList","@id":"https:\/\/www.docenti.it\/blog\/chi-ha-chiesto-laiuto-di-docenti-it-lorella\/#breadcrumb","itemListElement":[{"@type":"ListItem","position":1,"name":"Home","item":"https:\/\/www.docenti.it\/blog\/"},{"@type":"ListItem","position":2,"name":"Chi ha chiesto l\u2019aiuto di Docenti.it \u2013 Lorella"}]},{"@type":"WebSite","@id":"https:\/\/www.docenti.it\/blog\/#website","url":"https:\/\/www.docenti.it\/blog\/","name":"Blog | Docenti.it","description":"Tutte le notizie e gli aggiornamenti dal mondo della scuola","publisher":{"@id":"https:\/\/www.docenti.it\/blog\/#organization"},"potentialAction":[{"@type":"SearchAction","target":{"@type":"EntryPoint","urlTemplate":"https:\/\/www.docenti.it\/blog\/?s={search_term_string}"},"query-input":"required name=search_term_string"}],"inLanguage":"it-IT"},{"@type":"Organization","@id":"https:\/\/www.docenti.it\/blog\/#organization","name":"Blog | Docenti.it","url":"https:\/\/www.docenti.it\/blog\/","logo":{"@type":"ImageObject","inLanguage":"it-IT","@id":"https:\/\/www.docenti.it\/blog\/#\/schema\/logo\/image\/","url":"https:\/\/www.docenti.it\/blog\/wp-content\/uploads\/2025\/06\/fb_mad_img.png","contentUrl":"https:\/\/www.docenti.it\/blog\/wp-content\/uploads\/2025\/06\/fb_mad_img.png","width":1140,"height":620,"caption":"Blog | Docenti.it"},"image":{"@id":"https:\/\/www.docenti.it\/blog\/#\/schema\/logo\/image\/"},"sameAs":["https:\/\/www.facebook.com\/docenti.it"]},{"@type":"Person","@id":"https:\/\/www.docenti.it\/blog\/#\/schema\/person\/cc0ea28744cb76a3d5e927a093385c30","name":"Andrea Russo","image":{"@type":"ImageObject","inLanguage":"it-IT","@id":"https:\/\/www.docenti.it\/blog\/#\/schema\/person\/image\/","url":"https:\/\/secure.gravatar.com\/avatar\/73431a2c57ba56f04ba6c7e333d13430?s=96&d=mm&r=g","contentUrl":"https:\/\/secure.gravatar.com\/avatar\/73431a2c57ba56f04ba6c7e333d13430?s=96&d=mm&r=g","caption":"Andrea Russo"},"description":"Mi occupo di formazione del corpo insegnante e credo che una didattica efficace sia di aiuto tanto ai docenti quanto agli studenti. Lavoro con Docenti.it per fornire un\u2019adeguata preparazione a tutti gli insegnanti che vogliono cominciare la loro carriera nel mondo scolastico con consapevolezza e competenza.","sameAs":["https:\/\/www.docenti.it\/","https:\/\/www.facebook.com\/docenti.it"],"url":"https:\/\/www.docenti.it\/blog\/author\/andrea\/"}]}},"_links":{"self":[{"href":"https:\/\/www.docenti.it\/blog\/wp-json\/wp\/v2\/posts\/2088"}],"collection":[{"href":"https:\/\/www.docenti.it\/blog\/wp-json\/wp\/v2\/posts"}],"about":[{"href":"https:\/\/www.docenti.it\/blog\/wp-json\/wp\/v2\/types\/post"}],"author":[{"embeddable":true,"href":"https:\/\/www.docenti.it\/blog\/wp-json\/wp\/v2\/users\/16"}],"replies":[{"embeddable":true,"href":"https:\/\/www.docenti.it\/blog\/wp-json\/wp\/v2\/comments?post=2088"}],"version-history":[{"count":1,"href":"https:\/\/www.docenti.it\/blog\/wp-json\/wp\/v2\/posts\/2088\/revisions"}],"predecessor-version":[{"id":2089,"href":"https:\/\/www.docenti.it\/blog\/wp-json\/wp\/v2\/posts\/2088\/revisions\/2089"}],"wp:attachment":[{"href":"https:\/\/www.docenti.it\/blog\/wp-json\/wp\/v2\/media?parent=2088"}],"wp:term":[{"taxonomy":"category","embeddable":true,"href":"https:\/\/www.docenti.it\/blog\/wp-json\/wp\/v2\/categories?post=2088"},{"taxonomy":"post_tag","embeddable":true,"href":"https:\/\/www.docenti.it\/blog\/wp-json\/wp\/v2\/tags?post=2088"}],"curies":[{"name":"wp","href":"https:\/\/api.w.org\/{rel}","templated":true}]}}