{"id":21556,"date":"2022-04-20T10:57:34","date_gmt":"2022-04-20T08:57:34","guid":{"rendered":"https:\/\/www.docenti.it\/blog\/?p=21556"},"modified":"2022-07-04T12:57:48","modified_gmt":"2022-07-04T10:57:48","slug":"messa-a-disposizione-perche-inviarla-dopo-pasqua","status":"publish","type":"post","link":"https:\/\/www.docenti.it\/blog\/messa-a-disposizione-perche-inviarla-dopo-pasqua\/","title":{"rendered":"Messa a Disposizione: perch\u00e9 inviarla dopo Pasqua?"},"content":{"rendered":"\n<p>Perch\u00e9 inviare la <strong>Messa a Disposizione<\/strong> dopo le festivit\u00e0 pasquali pu\u00f2 aumentare le tue possibilit\u00e0 di ottenere una convocazione?<\/p>\n\n\n\n<p>Apri l&#8217;articolo e scoprilo.<\/p>\n\n\n\n<!--more-->\n\n\n\n<h2>Messa a Disposizione: chi viene convocato per insegnare?<\/h2>\n\n\n\n<p class=\"has-text-align-center\"><em><strong>La domanda di Messa a Disposizione rappresenta un utile strumento, <br>in grado di consegnarti su un piatto d&#8217;argento la possibilit\u00e0 di ottenere una convocazione <br>dagli istituti scolastici. <\/strong><\/em><\/p>\n\n\n\n<p>Le potenzialit\u00e0 date dalla MAD permettono non solo ad aspiranti docenti di ottenere supplenze, ma anche a neolaureati o a diplomati non ancora in possesso del titolo di studio superiore. <\/p>\n\n\n\n<p>Ne \u00e8 una dimostrazione Lorenzo, laureando triennale in Matematica che, dopo aver inviato la MAD con la nostra piattaforma, ha ottenuto subito una convocazione per la sua materia (<strong><a href=\"https:\/\/www.docenti.it\/blog\/la-storia-di-lorenzo-a-soli-22-anni-ottiene-un-incarico-da-messa-a-disposizione\/\" target=\"_blank\" rel=\"noreferrer noopener\">puoi leggere qui <\/a><\/strong>la sua storia).<\/p>\n\n\n\n<p>Oppure, possiamo farti l&#8217;esempio di Elisa: laureanda magistrale in Lettere, che \u00e8 riuscita ad ottenere una convocazione dopo aver mandato la MAD con noi, dopo un solo giorno (qui trovi<strong><a href=\"https:\/\/www.docenti.it\/blog\/invia-la-messa-a-disposizione-e-diventa-supplente-in-1-giorno-la-storia-di-elisa\/\" target=\"_blank\" rel=\"noreferrer noopener\"> la sua storia<\/a><\/strong>).<\/p>\n\n\n\n<p class=\"has-text-align-center\"><em><strong>Insomma&#8230; <br>di esempi lampanti di aspiranti docenti e neolaureati <br>convocati con la domanda di Messa a Disposizione ce ne sono veramente molti. <\/strong><\/em><\/p>\n\n\n\n<p>Ma andiamo con ordine. <\/p>\n\n\n\n<p><em>Come hanno fatto questi neolaureati dei quali abbiamo citato i nomi ad ottenere subito convocazioni?<\/em><br><em>Ma soprattutto: come \u00e8 possibile che vengano convocati per insegnare anche aspiranti docenti sprovvisti dei requisiti necessari?<\/em><\/p>\n\n\n\n<p>Non solo \u00e8 possibile, ma \u00e8 anche molto fattibile che una cosa simile avvenga. <br>Soprattutto in determinati periodi dell&#8217;anno scolastico. <\/p>\n\n\n\n<p>Molti aspiranti docenti pensano che per ottenere convocazioni tramite MAD, sia necessario inviarla a tanti istituti scolastici, in maniera totalmente casuale. <br>Ma non \u00e8 cos\u00ec e questo concetto deve essere scardinato. <\/p>\n\n\n\n<p class=\"has-text-align-center\"><em><strong>Quello che conta, infatti, non riguarda le quantit\u00e0 di MAD inviate agli istituti. <br>Non \u00e8 tanto la quantit\u00e0 che ti consente di ottenere una convocazione. <\/strong><\/em><\/p>\n\n\n\n<p class=\"has-text-align-center\"><strong><em>I punti cardinali che devi seguire per essere sicuro di avvantaggiarti rispetto ad altri candidati sono altri. <\/em><\/strong><\/p>\n\n\n\n<p>E riguardano:<\/p>\n\n\n\n<ul><li><strong>compilare la MAD senza commettere errori<\/strong>, che possano compromettere la tua candidatura nelle scuole;<\/li><li><strong>inviarla nei periodi giusti<\/strong>, ovvero nei momenti pi\u00f9 favorevoli dell&#8217;anno scolastico in cui le scuole cercano docenti in maniera massiccia;<\/li><li>e, ultimo, ma non per importanza:<strong><a href=\"https:\/\/www.docenti.it\/messa-a-disposizione.html?lnk=104\" target=\"_blank\" rel=\"noreferrer noopener\"> inviare la tua domanda con una piattaforma<\/a> <\/strong>che ti consenta di ottimizzare le tue possibilit\u00e0 di ottenere convocazioni. <\/li><\/ul>\n\n\n<p>[maxbutton id=&#8221;1&#8243; url=&#8221;https:\/\/www.docenti.it\/messa-a-disposizione.html?lnk=104&#8243; text=&#8221;Invia tua MAD qui&#8221; ]<\/p>\n\n\n\n<p><\/p>\n\n\n\n<p>Ti abbiamo presentato i punti che vogliamo affrontare con questo articolo. <br>Ora&#8230; andiamo ad analizzarli in maniera pi\u00f9 approfondita. <\/p>\n\n\n\n<p>Continua a leggere. <\/p>\n\n\n\n<figure class=\"wp-block-image size-full\"><img decoding=\"async\" loading=\"lazy\" width=\"640\" height=\"488\" src=\"https:\/\/www.docenti.it\/blog\/wp-content\/uploads\/2022\/04\/opportunity-g12b9a6184_640.jpg\" alt=\"messa a disposizione\" class=\"wp-image-21662\" srcset=\"https:\/\/www.docenti.it\/blog\/wp-content\/uploads\/2022\/04\/opportunity-g12b9a6184_640.jpg 640w, https:\/\/www.docenti.it\/blog\/wp-content\/uploads\/2022\/04\/opportunity-g12b9a6184_640-300x229.jpg 300w\" sizes=\"(max-width: 640px) 100vw, 640px\" \/><\/figure>\n\n\n\n<h2>Perch\u00e9 e come inviare la MAD agli istituti<\/h2>\n\n\n\n<p class=\"has-text-align-center\"><strong><em>Come abbiamo gi\u00e0 scritto, per un aspirante supplente la MAD \u00e8 uno strumento di fondamentale importanza <br><\/em><\/strong><em><strong>che ti consente di ottenere supplenze negli istituti scolastici se (e solo se)&#8230;<\/strong><\/em><\/p>\n\n\n\n<p class=\"has-text-align-center\"><em><strong>&#8230; Impari ad usarlo nella maniera giusta. <\/strong><\/em><\/p>\n\n\n\n<p><em>Che cosa vuol dire questo?<\/em><\/p>\n\n\n\n<p>Significa, semplicemente, che se vuoi ottenere un determinato risultato <strong>devi seguire un piano, una strategia<\/strong>: non puoi certo pensare che <strong><a href=\"https:\/\/www.docenti.it\/messa-a-disposizione.html?lnk=104\" target=\"_blank\" rel=\"noreferrer noopener\">inviando la MAD<\/a><\/strong> a centinaia di istituti, in maniera del tutto casuale, tu possa ottenere qualche risultato concreto. <\/p>\n\n\n\n<p class=\"has-text-align-center\"><strong><em>Di conseguenza&#8230; devi seguire un percorso. <\/em><\/strong><\/p>\n\n\n\n<p>E di questo &#8220;percorso&#8221; te ne abbiamo in parte gi\u00e0 parlato nel paragrafo precedente. <\/p>\n\n\n\n<p>Approfondiamo l&#8217;argomento. <\/p>\n\n\n\n<h3>Compila la MAD senza commettere errori<\/h3>\n\n\n\n<p class=\"has-text-align-center\"><strong><em>Non tutti gli aspiranti docenti sanno che una MAD compilata male e piena di errori, <br>pu\u00f2 portarti ad una sola conseguenza: <br>la tua candidatura verr\u00e0 scartata dai Dirigenti Scolastici a priori. <\/em><\/strong><\/p>\n\n\n\n<p class=\"has-text-align-center\"><em><strong>Questo succeder\u00e0 se non presti attenzione al modo in cui compili la tua MAD. <\/strong><\/em><\/p>\n\n\n\n<p>E la ragione \u00e8 molto semplice: ci sono migliaia di docenti che si candidano con le domande di Messa a Disposizione nelle scuole. <br>Di conseguenza, le tue possibilit\u00e0 di essere notato in mezzo ad una pila di MAD non sono molte.<\/p>\n\n\n\n<p><strong>E si affievoliscono ancor di pi\u00f9 se tu commetti degli errori nella compilazione della tua domanda. <\/strong><\/p>\n\n\n\n<p>Per questo motivo ti ribadiamo quello che gi\u00e0 ti abbiamo detto in numerosi articoli del nostro blog: <strong>non puoi compilare la tua MAD da solo. <\/strong><\/p>\n\n\n\n<p class=\"has-text-align-center\"><strong><em>Compilare la MAD in maniera autonoma significa aumentare il rischio <br>di commettere errori nella compilazione. <\/em><\/strong><\/p>\n\n\n\n<p>Ma non \u00e8 finita qui. <\/p>\n\n\n\n<p>Continua a leggere. <\/p>\n\n\n\n<h3>Candidati nei periodi pi\u00f9 favorevoli dell&#8217;anno scolastico<\/h3>\n\n\n\n<p><em>Perch\u00e9 i periodi dell&#8217;anno scolastico sono cos\u00ec importanti nell&#8217;invio della tua domanda?<\/em><\/p>\n\n\n\n<p>Perch\u00e9 il tempismo \u00e8 tutto, nella vita. <br>E lo \u00e8 anche per il mondo del lavoro. Soprattutto per quello. <\/p>\n\n\n\n<p>Se vuoi davvero diventare un insegnante, gi\u00e0 saprai che il percorso \u00e8 arduo e ricco di ostacoli: per questo, riuscire ad avvantaggiarti rispetto ad altri candidati che stanno correndo la stessa gara assieme a te, equivale a portarti ad un passo dal traguardo&#8230;<\/p>\n\n\n\n<p><em>&#8230; E a tagliare lo striscione di arrivo per primo. <\/em><\/p>\n\n\n\n<p>Forse sei nuovo del &#8220;mestiere&#8221; e ancora non lo sai, ma&#8230;<\/p>\n\n\n\n<p class=\"has-text-align-center\"><em><strong>&#8230; Ci sono periodi dell&#8217;anno scolastico pi\u00f9 favorevoli per <a href=\"https:\/\/www.docenti.it\/messa-a-disposizione.html?lnk=104\" target=\"_blank\" rel=\"noreferrer noopener\">ottenere convocazioni<\/a>, <br>in quanto gli istituti hanno maggiore necessit\u00e0 di docenti. <\/strong><\/em><\/p>\n\n\n\n<p>La richiesta di personale docente, infatti, solitamente si innalza in una curva precipitosa nei periodi che seguono le festivit\u00e0: dopo l&#8217;estate, dopo Natale, ad esempio, e infine&#8230;<\/p>\n\n\n\n<p><strong>&#8230; Dopo il periodo pasquale. <\/strong><\/p>\n\n\n\n<p>Il che, ci riporta direttamente al prossimo paragrafo. <\/p>\n\n\n\n<figure class=\"wp-block-image size-full\"><img decoding=\"async\" loading=\"lazy\" width=\"640\" height=\"427\" src=\"https:\/\/www.docenti.it\/blog\/wp-content\/uploads\/2022\/04\/time-g963670ea1_640.jpg\" alt=\"messa a disposizione\" class=\"wp-image-21613\" srcset=\"https:\/\/www.docenti.it\/blog\/wp-content\/uploads\/2022\/04\/time-g963670ea1_640.jpg 640w, https:\/\/www.docenti.it\/blog\/wp-content\/uploads\/2022\/04\/time-g963670ea1_640-300x200.jpg 300w\" sizes=\"(max-width: 640px) 100vw, 640px\" \/><\/figure>\n\n\n\n<h3>Invia la tua MAD dopo Pasqua: perch\u00e9?<\/h3>\n\n\n\n<p class=\"has-text-align-center\"><em><strong>Il periodo che segue le festivit\u00e0 pasquali rientra tra i periodi favorevoli <br>dei quali ti abbiamo gi\u00e0 accennato nel paragrafo precedente. <\/strong><\/em><\/p>\n\n\n\n<p>Stiamo parlando di un momento dell&#8217;anno scolastico molto particolare: infatti, esattamente come accade dopo le feste di Natale, anche durante il periodo pasquale tutti i docenti che dal sud Italia sono migrati al nord e al centro per ottenere incarichi di supplenza rientrano dalle loro famiglie per festeggiare la Pasqua. <\/p>\n\n\n\n<p>Questo fa s\u00ec che, spesso, molti di loro allunghino il periodo di feste, rientrando ben dopo il termine delle vacanze pasquali. <\/p>\n\n\n\n<p>Per questo motivo, <strong>in questo periodo gli istituti si ritrovano con cattedre vacanti da coprire e supplenti da assumere, seppur per un tempo breve<\/strong>. <\/p>\n\n\n\n<p class=\"has-text-align-center\"><strong><em>Il periodo pasquale viene visto come uno dei momenti pi\u00f9 importanti dell&#8217;anno scolastico,<br>durante il quale \u00e8 possibile <a href=\"https:\/\/www.docenti.it\/messa-a-disposizione.html?lnk=104\" target=\"_blank\" rel=\"noreferrer noopener\">ottenere convocazioni per una supplenza<\/a>. <\/em><\/strong><\/p>\n\n\n\n<p>Il tutto, ovviamente, sempre attraverso le domande di <strong>Messa a Disposizione<\/strong>. <\/p>\n\n\n<p>[maxbutton id=&#8221;1&#8243; url=&#8221;https:\/\/www.docenti.it\/messa-a-disposizione.html?lnk=104&#8243; text=&#8221;Ottieni un incarico di supplenza ORA&#8221; ]<\/p>\n\n\n\n<p><\/p>\n\n\n\n<p>Ma c\u2019\u00e8 ancora un punto che non abbiamo affrontato.<br>Ed \u00e8 quello che riguarda&#8230; <\/p>\n\n\n\n<h3>Invia la MAD con una piattaforma specializzata<\/h3>\n\n\n\n<p class=\"has-text-align-center\"><em><strong>La scelta della piattaforma \u00e8 di fondamentale importanza per un invio preciso e puntuale della tua MAD. <\/strong><\/em><\/p>\n\n\n\n<p>Per poterti avvantaggiare rispetto ad altri candidati, infatti, \u00e8 essenziale <strong>affidarsi ad un team di professionisti del settore<\/strong>, che possa consigliarti al meglio e accompagnarti lungo il percorso, dalla compilazione della tua MAD fino all&#8217;invio automatico a tutti gli istituti della provincia da te scelta. <\/p>\n\n\n\n<p class=\"has-text-align-center\"><em><strong>Noi di Docenti.it non solo inviamo la tua MAD direttamente nelle caselle degli istituti scolastici, ma\u2026<br>\u2026 <a href=\"https:\/\/www.docenti.it\/messa-a-disposizione.html?lnk=104\" target=\"_blank\" rel=\"noreferrer noopener\">Ti inseriamo anche nell\u2019Elenco Nazionale Supplenti<\/a>, <\/strong><\/em><br><em><strong>una piattaforma consultata da pi\u00f9 di 12mila istituti (pubblici e privati).<\/strong><\/em><\/p>\n\n\n\n<p><strong>Ma non finisce qui: quest&#8217;anno gestiamo gli inserimenti dei link privati delle scuole in esclusiva. <\/strong><br><strong>Infatti, caricheremo la tua domanda automaticamente sui vari format delle scuole.<\/strong><\/p>\n\n\n\n<p>Si tratta di un vantaggio che puoi avere solo se<strong>&nbsp;<a href=\"https:\/\/www.docenti.it\/messa-a-disposizione.html?lnk=104\" target=\"_blank\" rel=\"noreferrer noopener\">invii la tua MAD con noi.<\/a><\/strong><\/p>\n\n\n\n<p class=\"has-text-align-center\"><em><strong>Da oltre 6 anni, la nostra piattaforma si occupa di inviare domande di<a href=\"https:\/\/www.docenti.it\/messa-a-disposizione.html?lnk=104\" target=\"_blank\" rel=\"noreferrer noopener\">&nbsp;Messa a Disposizione<\/a>&nbsp;negli istituti scolastici e fare in modo che i nostri aspiranti docenti ottengano incarichi di supplenza.<\/strong><\/em><\/p>\n\n\n\n<p><strong>Affidandoti a noi, godrai di numerosi vantaggi<\/strong>.<br>Te li elenchiamo qui:<\/p>\n\n\n\n<ul><li><strong><a href=\"https:\/\/www.docenti.it\/messa-a-disposizione.html?lnk=104\" target=\"_blank\" rel=\"noreferrer noopener\">&nbsp;una volta compilata la tua MAD<\/a><\/strong>, sarai ricontattato entro 24h da un nostro consulente specializzato, che ti accompagner\u00e0 lungo tutto il percorso, fino all&#8217;invio della tua domanda;<\/li><li><strong>il consulente riepilogher\u00e0 i tuoi dati<\/strong>, correggendo eventuali errori;<\/li><li><strong>invier\u00e0 la tua domanda alle scuole solo dopo averla corretta e validata per le scuole;<\/strong><\/li><li>inoltre, a procedura ultimata, <strong>riceverai un report delle scuole che hanno ricevuto la tua candidatura<\/strong>, con i loro contatti. <br>In questo modo, potrai chiamarle tu stesso e verificare che la tua MAD sia arrivata a destinazione sana e salva;<\/li><\/ul>\n\n\n\n<p>In pi\u00f9, il nostro servizio di&nbsp;<a href=\"https:\/\/www.docenti.it\/messa-a-disposizione.html?lnk=104\" target=\"_blank\" rel=\"noreferrer noopener\"><strong>Invio MAD online<\/strong><\/a>&nbsp;\u00e8 tutelato dalla garanzia&nbsp;<strong>Soddisfatti o Rimborsati<\/strong>.<br>Questo significa che: se non riceverai il servizio adeguato, verrai rimborsato. <\/p>\n\n\n\n<p>La nostra garanzia non tutela la convocazione o meno da parte degli istituti scolastici. <br>Infatti, sono le scuole a scegliere quali supplenti convocare: su questo, noi non abbiamo alcun potere decisionale. <\/p>\n\n\n\n<p class=\"has-text-align-center\"><em><strong>Possiamo per\u00f2 fare tutto ci\u00f2 che \u00e8 in nostro potere per aiutarti ad ottenere una convocazione. <\/strong><\/em><\/p>\n\n\n\n<p class=\"has-text-align-left\">Ed \u00e8 quello che faremo, se sceglierai di affidare a noi l&#8217;invio della tua domanda di Messa a Disposizione. <br>Anche Lorenzo ed Elisa hanno scelto di affidarsi proprio a noi (ti abbiamo parlato di loro nel primo paragrafo, ricordi?) e che cosa hanno ottenuto?<\/p>\n\n\n\n<p class=\"has-text-align-left\">Esatto: una convocazione, anche se ancora non avevano i requisiti per insegnare!<\/p>\n\n\n\n<p class=\"has-text-align-center\"><em><strong>Come puoi vedere&#8230; sei in buone mani!<\/strong><\/em><\/p>\n\n\n<p>[maxbutton id=&#8221;1&#8243; url=&#8221;https:\/\/www.docenti.it\/messa-a-disposizione.html?lnk=104&#8243; text=&#8221;Invia tua MAD qui&#8221; ]<\/p>\n\n\n\n<p><\/p>\n\n\n\n<h3>Contatta la redazione<\/h3>\n\n\n\n<p>Hai dubbi da porci o domande riguardo il servizio di invio <strong>Messa a Disposizione<\/strong>?<\/p>\n\n\n\n<p>Puoi contattare la nostra redazione a questo indirizzo:&nbsp;redazione@docenti.it<\/p>\n\n\n\n<p>Riceverai una risposta alle tue domande nel breve tempo possibile.<\/p>\n\n\n\n<p>Vuoi leggere le ultime notizie riguardo la domanda di Messa a Disposizione?<br>Leggi anche: <\/p>\n\n\n\n<ul><li><a href=\"https:\/\/www.docenti.it\/blog\/insegnare-nelle-carceri-come-diventare-insegnante-negli-istituti-penitenziari\/\">Insegnare nelle carceri: come diventare insegnante negli istituti penitenziari<\/a><\/li><li><a href=\"https:\/\/www.docenti.it\/blog\/mad-sostegno-ecco-perche-le-scuole-necessitano-sempre-di-supplenti\/\">MAD sostegno: ecco perch\u00e9 le scuole necessitano sempre di supplenti<\/a><\/li><li><a href=\"https:\/\/www.docenti.it\/blog\/come-diventare-insegnante-la-nuova-riforma-reclutamento-dal-2022\/\">Come diventare insegnante: la nuova riforma reclutamento dal 2022<\/a><\/li><li><a href=\"https:\/\/www.docenti.it\/blog\/come-diventare-personale-ata-i-requisiti\/\">Come diventare personale ATA: i requisiti<\/a><\/li><\/ul>\n\n\n\n<p><meta charset=\"utf-8\">E seguici su&nbsp;<strong><a href=\"https:\/\/www.facebook.com\/docenti.it\" target=\"_blank\" rel=\"noreferrer noopener\">Facebook<\/a><\/strong>&nbsp;e&nbsp;<strong><a href=\"https:\/\/www.instagram.com\/docenti.it\/\" target=\"_blank\" rel=\"noreferrer noopener\">Instagram<\/a><\/strong>.<\/p>\n\n\n\n<p>Photo credit: <a href=\"https:\/\/pixabay.com\/\" target=\"_blank\" rel=\"noreferrer noopener\">Pixabay<\/a><\/p>\n","protected":false},"excerpt":{"rendered":"<p>Perch\u00e9 inviare la Messa a Disposizione dopo le festivit\u00e0 pasquali pu\u00f2 aumentare le tue [&hellip;]<\/p>\n","protected":false},"author":21,"featured_media":21561,"comment_status":"open","ping_status":"open","sticky":false,"template":"","format":"standard","meta":[],"categories":[2],"tags":[63,26,87,256,103],"yoast_head":"<!-- This site is optimized with the Yoast SEO plugin v20.4 - https:\/\/yoast.com\/wordpress\/plugins\/seo\/ -->\n<title>Messa a Disposizione: perch\u00e9 inviarla dopo Pasqua?<\/title>\n<meta name=\"description\" content=\"Perch\u00e9 inviare la Messa a Disposizione dopo le festivit\u00e0 pasquali pu\u00f2 aumentare le tue possibilit\u00e0 di ottenere una convocazione?\" \/>\n<meta name=\"robots\" content=\"index, follow, max-snippet:-1, max-image-preview:large, max-video-preview:-1\" \/>\n<link rel=\"canonical\" href=\"https:\/\/www.docenti.it\/blog\/messa-a-disposizione-perche-inviarla-dopo-pasqua\/\" \/>\n<meta property=\"og:locale\" content=\"it_IT\" \/>\n<meta property=\"og:type\" content=\"article\" \/>\n<meta property=\"og:title\" content=\"Messa a Disposizione: perch\u00e9 inviarla dopo Pasqua?\" \/>\n<meta property=\"og:description\" content=\"Perch\u00e9 inviare la Messa a Disposizione dopo le festivit\u00e0 pasquali pu\u00f2 aumentare le tue possibilit\u00e0 di ottenere una convocazione?\" \/>\n<meta property=\"og:url\" content=\"https:\/\/www.docenti.it\/blog\/messa-a-disposizione-perche-inviarla-dopo-pasqua\/\" \/>\n<meta property=\"og:site_name\" content=\"Blog | Docenti.it\" \/>\n<meta property=\"article:publisher\" content=\"https:\/\/www.facebook.com\/docenti.it\" \/>\n<meta property=\"article:author\" content=\"https:\/\/www.facebook.com\/profile.php?id=1555867670\" \/>\n<meta property=\"article:published_time\" content=\"2022-04-20T08:57:34+00:00\" \/>\n<meta property=\"article:modified_time\" content=\"2022-07-04T10:57:48+00:00\" \/>\n<meta property=\"og:image\" content=\"https:\/\/www.docenti.it\/blog\/wp-content\/uploads\/2022\/04\/wood-gd802ec376_640.jpg\" \/>\n\t<meta property=\"og:image:width\" content=\"640\" \/>\n\t<meta property=\"og:image:height\" content=\"411\" \/>\n\t<meta property=\"og:image:type\" content=\"image\/jpeg\" \/>\n<meta name=\"author\" content=\"Martina Vaggi\" \/>\n<meta name=\"twitter:card\" content=\"summary_large_image\" \/>\n<meta name=\"twitter:label1\" content=\"Written by\" \/>\n\t<meta name=\"twitter:data1\" content=\"Martina Vaggi\" \/>\n\t<meta name=\"twitter:label2\" content=\"Est. reading time\" \/>\n\t<meta name=\"twitter:data2\" content=\"9 minuti\" \/>\n<script type=\"application\/ld+json\" class=\"yoast-schema-graph\">{\"@context\":\"https:\/\/schema.org\",\"@graph\":[{\"@type\":\"Article\",\"@id\":\"https:\/\/www.docenti.it\/blog\/messa-a-disposizione-perche-inviarla-dopo-pasqua\/#article\",\"isPartOf\":{\"@id\":\"https:\/\/www.docenti.it\/blog\/messa-a-disposizione-perche-inviarla-dopo-pasqua\/\"},\"author\":{\"name\":\"Martina Vaggi\",\"@id\":\"https:\/\/www.docenti.it\/blog\/#\/schema\/person\/99c2fdaf54e96829fe4ed44da8233688\"},\"headline\":\"Messa a Disposizione: perch\u00e9 inviarla dopo Pasqua?\",\"datePublished\":\"2022-04-20T08:57:34+00:00\",\"dateModified\":\"2022-07-04T10:57:48+00:00\",\"mainEntityOfPage\":{\"@id\":\"https:\/\/www.docenti.it\/blog\/messa-a-disposizione-perche-inviarla-dopo-pasqua\/\"},\"wordCount\":1536,\"commentCount\":0,\"publisher\":{\"@id\":\"https:\/\/www.docenti.it\/blog\/#organization\"},\"keywords\":[\"diventare insegnante\",\"MAD online\",\"MAd supplenti\",\"periodi in cui inviare la mad\",\"supplenze scuola\"],\"articleSection\":[\"Messa a Disposizione\"],\"inLanguage\":\"it-IT\",\"potentialAction\":[{\"@type\":\"CommentAction\",\"name\":\"Comment\",\"target\":[\"https:\/\/www.docenti.it\/blog\/messa-a-disposizione-perche-inviarla-dopo-pasqua\/#respond\"]}]},{\"@type\":\"WebPage\",\"@id\":\"https:\/\/www.docenti.it\/blog\/messa-a-disposizione-perche-inviarla-dopo-pasqua\/\",\"url\":\"https:\/\/www.docenti.it\/blog\/messa-a-disposizione-perche-inviarla-dopo-pasqua\/\",\"name\":\"Messa a Disposizione: perch\u00e9 inviarla dopo Pasqua?\",\"isPartOf\":{\"@id\":\"https:\/\/www.docenti.it\/blog\/#website\"},\"datePublished\":\"2022-04-20T08:57:34+00:00\",\"dateModified\":\"2022-07-04T10:57:48+00:00\",\"description\":\"Perch\u00e9 inviare la Messa a Disposizione dopo le festivit\u00e0 pasquali pu\u00f2 aumentare le tue possibilit\u00e0 di ottenere una convocazione?\",\"breadcrumb\":{\"@id\":\"https:\/\/www.docenti.it\/blog\/messa-a-disposizione-perche-inviarla-dopo-pasqua\/#breadcrumb\"},\"inLanguage\":\"it-IT\",\"potentialAction\":[{\"@type\":\"ReadAction\",\"target\":[\"https:\/\/www.docenti.it\/blog\/messa-a-disposizione-perche-inviarla-dopo-pasqua\/\"]}]},{\"@type\":\"BreadcrumbList\",\"@id\":\"https:\/\/www.docenti.it\/blog\/messa-a-disposizione-perche-inviarla-dopo-pasqua\/#breadcrumb\",\"itemListElement\":[{\"@type\":\"ListItem\",\"position\":1,\"name\":\"Home\",\"item\":\"https:\/\/www.docenti.it\/blog\/\"},{\"@type\":\"ListItem\",\"position\":2,\"name\":\"Messa a Disposizione: perch\u00e9 inviarla dopo Pasqua?\"}]},{\"@type\":\"WebSite\",\"@id\":\"https:\/\/www.docenti.it\/blog\/#website\",\"url\":\"https:\/\/www.docenti.it\/blog\/\",\"name\":\"Blog | Docenti.it\",\"description\":\"Tutte le notizie e gli aggiornamenti dal mondo della scuola\",\"publisher\":{\"@id\":\"https:\/\/www.docenti.it\/blog\/#organization\"},\"potentialAction\":[{\"@type\":\"SearchAction\",\"target\":{\"@type\":\"EntryPoint\",\"urlTemplate\":\"https:\/\/www.docenti.it\/blog\/?s={search_term_string}\"},\"query-input\":\"required name=search_term_string\"}],\"inLanguage\":\"it-IT\"},{\"@type\":\"Organization\",\"@id\":\"https:\/\/www.docenti.it\/blog\/#organization\",\"name\":\"Blog | Docenti.it\",\"url\":\"https:\/\/www.docenti.it\/blog\/\",\"logo\":{\"@type\":\"ImageObject\",\"inLanguage\":\"it-IT\",\"@id\":\"https:\/\/www.docenti.it\/blog\/#\/schema\/logo\/image\/\",\"url\":\"https:\/\/www.docenti.it\/blog\/wp-content\/uploads\/2025\/06\/fb_mad_img.png\",\"contentUrl\":\"https:\/\/www.docenti.it\/blog\/wp-content\/uploads\/2025\/06\/fb_mad_img.png\",\"width\":1140,\"height\":620,\"caption\":\"Blog | Docenti.it\"},\"image\":{\"@id\":\"https:\/\/www.docenti.it\/blog\/#\/schema\/logo\/image\/\"},\"sameAs\":[\"https:\/\/www.facebook.com\/docenti.it\"]},{\"@type\":\"Person\",\"@id\":\"https:\/\/www.docenti.it\/blog\/#\/schema\/person\/99c2fdaf54e96829fe4ed44da8233688\",\"name\":\"Martina Vaggi\",\"image\":{\"@type\":\"ImageObject\",\"inLanguage\":\"it-IT\",\"@id\":\"https:\/\/www.docenti.it\/blog\/#\/schema\/person\/image\/\",\"url\":\"https:\/\/secure.gravatar.com\/avatar\/14a13197979873d693ad915d249e3f54?s=96&d=mm&r=g\",\"contentUrl\":\"https:\/\/secure.gravatar.com\/avatar\/14a13197979873d693ad915d249e3f54?s=96&d=mm&r=g\",\"caption\":\"Martina Vaggi\"},\"description\":\"Classe 1991, copywriter e scrittrice. Nata a Sale, un paesino in provincia di Alessandria. Scrive dall\u2019et\u00e0 di 10 anni. Nel 2015 si laurea in Lettere Moderne presso l\u2019universit\u00e0 di Pavia. Nel 2020 pubblica il suo primo libro \\\"Il diario del silenzio - Storie reali di quarantena\\\" che descrive il processo di cambiamento della vita di 40 persone ai tempi del Covid. Nel 2022 si trasferisce a San Marino per lavorare come copywriter per Docenti.it\",\"sameAs\":[\"https:\/\/pensierisurrealidigentecomune.com\/\",\"https:\/\/www.facebook.com\/profile.php?id=1555867670\",\"https:\/\/www.instagram.com\/martiggi91\/\",\"https:\/\/it.linkedin.com\/in\/martina-vaggi\",\"https:\/\/www.youtube.com\/results?search_query=martina+vaggi\"],\"url\":\"https:\/\/www.docenti.it\/blog\/author\/martina-vaggi\/\"}]}<\/script>\n<!-- \/ Yoast SEO plugin. -->","yoast_head_json":{"title":"Messa a Disposizione: perch\u00e9 inviarla dopo Pasqua?","description":"Perch\u00e9 inviare la Messa a Disposizione dopo le festivit\u00e0 pasquali pu\u00f2 aumentare le tue possibilit\u00e0 di ottenere una convocazione?","robots":{"index":"index","follow":"follow","max-snippet":"max-snippet:-1","max-image-preview":"max-image-preview:large","max-video-preview":"max-video-preview:-1"},"canonical":"https:\/\/www.docenti.it\/blog\/messa-a-disposizione-perche-inviarla-dopo-pasqua\/","og_locale":"it_IT","og_type":"article","og_title":"Messa a Disposizione: perch\u00e9 inviarla dopo Pasqua?","og_description":"Perch\u00e9 inviare la Messa a Disposizione dopo le festivit\u00e0 pasquali pu\u00f2 aumentare le tue possibilit\u00e0 di ottenere una convocazione?","og_url":"https:\/\/www.docenti.it\/blog\/messa-a-disposizione-perche-inviarla-dopo-pasqua\/","og_site_name":"Blog | Docenti.it","article_publisher":"https:\/\/www.facebook.com\/docenti.it","article_author":"https:\/\/www.facebook.com\/profile.php?id=1555867670","article_published_time":"2022-04-20T08:57:34+00:00","article_modified_time":"2022-07-04T10:57:48+00:00","og_image":[{"width":640,"height":411,"url":"https:\/\/www.docenti.it\/blog\/wp-content\/uploads\/2022\/04\/wood-gd802ec376_640.jpg","type":"image\/jpeg"}],"author":"Martina Vaggi","twitter_card":"summary_large_image","twitter_misc":{"Written by":"Martina Vaggi","Est. reading time":"9 minuti"},"schema":{"@context":"https:\/\/schema.org","@graph":[{"@type":"Article","@id":"https:\/\/www.docenti.it\/blog\/messa-a-disposizione-perche-inviarla-dopo-pasqua\/#article","isPartOf":{"@id":"https:\/\/www.docenti.it\/blog\/messa-a-disposizione-perche-inviarla-dopo-pasqua\/"},"author":{"name":"Martina Vaggi","@id":"https:\/\/www.docenti.it\/blog\/#\/schema\/person\/99c2fdaf54e96829fe4ed44da8233688"},"headline":"Messa a Disposizione: perch\u00e9 inviarla dopo Pasqua?","datePublished":"2022-04-20T08:57:34+00:00","dateModified":"2022-07-04T10:57:48+00:00","mainEntityOfPage":{"@id":"https:\/\/www.docenti.it\/blog\/messa-a-disposizione-perche-inviarla-dopo-pasqua\/"},"wordCount":1536,"commentCount":0,"publisher":{"@id":"https:\/\/www.docenti.it\/blog\/#organization"},"keywords":["diventare insegnante","MAD online","MAd supplenti","periodi in cui inviare la mad","supplenze scuola"],"articleSection":["Messa a Disposizione"],"inLanguage":"it-IT","potentialAction":[{"@type":"CommentAction","name":"Comment","target":["https:\/\/www.docenti.it\/blog\/messa-a-disposizione-perche-inviarla-dopo-pasqua\/#respond"]}]},{"@type":"WebPage","@id":"https:\/\/www.docenti.it\/blog\/messa-a-disposizione-perche-inviarla-dopo-pasqua\/","url":"https:\/\/www.docenti.it\/blog\/messa-a-disposizione-perche-inviarla-dopo-pasqua\/","name":"Messa a Disposizione: perch\u00e9 inviarla dopo Pasqua?","isPartOf":{"@id":"https:\/\/www.docenti.it\/blog\/#website"},"datePublished":"2022-04-20T08:57:34+00:00","dateModified":"2022-07-04T10:57:48+00:00","description":"Perch\u00e9 inviare la Messa a Disposizione dopo le festivit\u00e0 pasquali pu\u00f2 aumentare le tue possibilit\u00e0 di ottenere una convocazione?","breadcrumb":{"@id":"https:\/\/www.docenti.it\/blog\/messa-a-disposizione-perche-inviarla-dopo-pasqua\/#breadcrumb"},"inLanguage":"it-IT","potentialAction":[{"@type":"ReadAction","target":["https:\/\/www.docenti.it\/blog\/messa-a-disposizione-perche-inviarla-dopo-pasqua\/"]}]},{"@type":"BreadcrumbList","@id":"https:\/\/www.docenti.it\/blog\/messa-a-disposizione-perche-inviarla-dopo-pasqua\/#breadcrumb","itemListElement":[{"@type":"ListItem","position":1,"name":"Home","item":"https:\/\/www.docenti.it\/blog\/"},{"@type":"ListItem","position":2,"name":"Messa a Disposizione: perch\u00e9 inviarla dopo Pasqua?"}]},{"@type":"WebSite","@id":"https:\/\/www.docenti.it\/blog\/#website","url":"https:\/\/www.docenti.it\/blog\/","name":"Blog | Docenti.it","description":"Tutte le notizie e gli aggiornamenti dal mondo della scuola","publisher":{"@id":"https:\/\/www.docenti.it\/blog\/#organization"},"potentialAction":[{"@type":"SearchAction","target":{"@type":"EntryPoint","urlTemplate":"https:\/\/www.docenti.it\/blog\/?s={search_term_string}"},"query-input":"required name=search_term_string"}],"inLanguage":"it-IT"},{"@type":"Organization","@id":"https:\/\/www.docenti.it\/blog\/#organization","name":"Blog | Docenti.it","url":"https:\/\/www.docenti.it\/blog\/","logo":{"@type":"ImageObject","inLanguage":"it-IT","@id":"https:\/\/www.docenti.it\/blog\/#\/schema\/logo\/image\/","url":"https:\/\/www.docenti.it\/blog\/wp-content\/uploads\/2025\/06\/fb_mad_img.png","contentUrl":"https:\/\/www.docenti.it\/blog\/wp-content\/uploads\/2025\/06\/fb_mad_img.png","width":1140,"height":620,"caption":"Blog | Docenti.it"},"image":{"@id":"https:\/\/www.docenti.it\/blog\/#\/schema\/logo\/image\/"},"sameAs":["https:\/\/www.facebook.com\/docenti.it"]},{"@type":"Person","@id":"https:\/\/www.docenti.it\/blog\/#\/schema\/person\/99c2fdaf54e96829fe4ed44da8233688","name":"Martina Vaggi","image":{"@type":"ImageObject","inLanguage":"it-IT","@id":"https:\/\/www.docenti.it\/blog\/#\/schema\/person\/image\/","url":"https:\/\/secure.gravatar.com\/avatar\/14a13197979873d693ad915d249e3f54?s=96&d=mm&r=g","contentUrl":"https:\/\/secure.gravatar.com\/avatar\/14a13197979873d693ad915d249e3f54?s=96&d=mm&r=g","caption":"Martina Vaggi"},"description":"Classe 1991, copywriter e scrittrice. Nata a Sale, un paesino in provincia di Alessandria. Scrive dall\u2019et\u00e0 di 10 anni. Nel 2015 si laurea in Lettere Moderne presso l\u2019universit\u00e0 di Pavia. Nel 2020 pubblica il suo primo libro \"Il diario del silenzio - Storie reali di quarantena\" che descrive il processo di cambiamento della vita di 40 persone ai tempi del Covid. Nel 2022 si trasferisce a San Marino per lavorare come copywriter per Docenti.it","sameAs":["https:\/\/pensierisurrealidigentecomune.com\/","https:\/\/www.facebook.com\/profile.php?id=1555867670","https:\/\/www.instagram.com\/martiggi91\/","https:\/\/it.linkedin.com\/in\/martina-vaggi","https:\/\/www.youtube.com\/results?search_query=martina+vaggi"],"url":"https:\/\/www.docenti.it\/blog\/author\/martina-vaggi\/"}]}},"_links":{"self":[{"href":"https:\/\/www.docenti.it\/blog\/wp-json\/wp\/v2\/posts\/21556"}],"collection":[{"href":"https:\/\/www.docenti.it\/blog\/wp-json\/wp\/v2\/posts"}],"about":[{"href":"https:\/\/www.docenti.it\/blog\/wp-json\/wp\/v2\/types\/post"}],"author":[{"embeddable":true,"href":"https:\/\/www.docenti.it\/blog\/wp-json\/wp\/v2\/users\/21"}],"replies":[{"embeddable":true,"href":"https:\/\/www.docenti.it\/blog\/wp-json\/wp\/v2\/comments?post=21556"}],"version-history":[{"count":97,"href":"https:\/\/www.docenti.it\/blog\/wp-json\/wp\/v2\/posts\/21556\/revisions"}],"predecessor-version":[{"id":28265,"href":"https:\/\/www.docenti.it\/blog\/wp-json\/wp\/v2\/posts\/21556\/revisions\/28265"}],"wp:featuredmedia":[{"embeddable":true,"href":"https:\/\/www.docenti.it\/blog\/wp-json\/wp\/v2\/media\/21561"}],"wp:attachment":[{"href":"https:\/\/www.docenti.it\/blog\/wp-json\/wp\/v2\/media?parent=21556"}],"wp:term":[{"taxonomy":"category","embeddable":true,"href":"https:\/\/www.docenti.it\/blog\/wp-json\/wp\/v2\/categories?post=21556"},{"taxonomy":"post_tag","embeddable":true,"href":"https:\/\/www.docenti.it\/blog\/wp-json\/wp\/v2\/tags?post=21556"}],"curies":[{"name":"wp","href":"https:\/\/api.w.org\/{rel}","templated":true}]}}