{"id":21947,"date":"2022-04-22T15:39:28","date_gmt":"2022-04-22T13:39:28","guid":{"rendered":"https:\/\/www.docenti.it\/blog\/?p=21947"},"modified":"2022-07-08T15:27:30","modified_gmt":"2022-07-08T13:27:30","slug":"abilitazione-insegnamento-quali-docenti-devono-conseguire-solo-i-30-cfu","status":"publish","type":"post","link":"https:\/\/www.docenti.it\/blog\/abilitazione-insegnamento-quali-docenti-devono-conseguire-solo-i-30-cfu\/","title":{"rendered":"Abilitazione insegnamento: quali docenti devono conseguire solo i 30 CFU"},"content":{"rendered":"\n<p>Abilitazione insegnamento: approvato il nuovo piano di reclutamento docenti. <\/p>\n\n\n\n<p>Quali sono i docenti che possono conseguire solo i 30 CFU per l&#8217;abilitazione?<\/p>\n\n\n\n<p>Lo puoi scoprire qui. <\/p>\n\n\n\n<!--more-->\n\n\n\n<h2>Nuovo reclutamento docenti: il piano<\/h2>\n\n\n\n<p><strong>Il decreto legge che introduce il nuovo sistema di reclutamento docenti \u00e8 stato approvato dal Consiglio dei Ministri. <\/strong><\/p>\n\n\n\n<p>Il suddetto piano prevede <strong>l\u2019abilitazione insegnamento <\/strong>come una delle tappe di fondamentale importanza per l\u2019accesso al ruolo. <\/p>\n\n\n\n<p>Per gli aspiranti docenti sar\u00e0 possibile <strong>ottenere l\u2019abilitazione anche per un&#8217;altra Classe di Concorso o grado di istruzione.<\/strong><\/p>\n\n\n\n<p>Il piano che riguarda il nuovo reclutamento docenti voluto da Patrizio Bianchi \u00e8 gi\u00e0 stato ampiamente sviluppato da noi nel nostro ultimo articolo (puoi leggerlo <strong><a href=\"https:\/\/www.docenti.it\/blog\/nuovo-reclutamento-docenti-approvato-il-decreto-legge-scarica-il-pdf\/\" target=\"_blank\" rel=\"noreferrer noopener\">qui<\/a><\/strong>).<\/p>\n\n\n\n<p>Oltre a quanto gi\u00e0 detto, possiamo aggiungere quanto scritto sul testo, approvato dal Governo:<\/p>\n\n\n\n<p>&#8220;<em>L\u2019<strong>abilitazione all\u2019insegnamento<\/strong>\u00a0nelle scuole secondarie di primo e secondo grado si consegue a seguito dello svolgimento del percorso universitario e accademico di formazione iniziale di almeno 60 crediti formativi universitari o accademici e del superamento della prova finale del suddetto percorso.<\/em>&#8220;<\/p>\n\n\n\n<p><strong><a href=\"https:\/\/www.orizzontescuola.it\/wp-content\/uploads\/2022\/04\/TESTO.pdf\" target=\"_blank\" rel=\"noreferrer noopener\">SCARICA IL TESTO APPROVATO DAL GOVERNO QUI<\/a><\/strong><\/p>\n\n\n\n<p>Viene precisato che il conseguimento dell\u2019abilitazione insegnamento\u00a0<strong>&#8220;<\/strong><em>Non costituisce titolo di idoneit\u00e0 n\u00e9 d\u00e0 alcun diritto relativamente al reclutamento in ruolo al di fuori delle procedure concorsuali per l\u2019accesso ai ruoli a tempo indeterminato<\/em>.&#8221;<\/p>\n\n\n\n<p>Ma vediamo quali altre indicazioni conferisce, per chi \u00e8 gi\u00e0 in possesso dell&#8217;abilitazione. <\/p>\n\n\n\n<h2>Abilitazione insegnamento e 30 CFU<\/h2>\n\n\n\n<p>Come abbiamo gi\u00e0 sottolineato, il <strong>nuovo piano di reclutamento della riforma Bianchi<\/strong> prevede l&#8217;acquisizione di <strong>60 CFU universitari. <\/strong><\/p>\n\n\n\n<p><em>Ma<\/em>&#8230;<\/p>\n\n\n\n<p>Prevede anche un percorso &#8220;a parte&#8221; per chi \u00e8 gi\u00e0 abilitato e vorrebbe ottenere un\u2019altra abilitazione per un&#8217;altra Classe di Concorso o altro grado di istruzione.<\/p>\n\n\n\n<p>Nel testo approvato dal governo, leggiamo infatti che:<\/p>\n\n\n\n<p>\u201c<em>Coloro che sono gi\u00e0 in possesso di abilitazione su una Classe di Concorso o su altro grado di istruzione e coloro che sono in possesso della specializzazione sul sostegno possono conseguire l\u2019abilitazione in altre Classi di Concorsi o gradi di istruzione attraverso l\u2019acquisizione di 30 CFU\/CFA del percorso universitario e accademico di formazione iniziale di cui 20 CFU\/CFA nell\u2019ambito delle metodologie e tecnologie didattiche applicate alle discipline di riferimento e gli altri 10 CFU\/CFA di tirocinio diretto<\/em>\u201c.<\/p>\n\n\n\n<p>Gli altri aspiranti docenti non ancora in possesso dell&#8217;abilitazione, invece, dovranno seguire il lungo percorso indicato nel paragrafo precedente. <\/p>\n\n\n\n<p>Inutile dire quanto questo nuovo piano di reclutamento stia provocando malumori e opinioni del tutto contrarie, tra sindacati e docenti.<\/p>\n\n\n\n<p>Seguiranno aggiornamenti. <\/p>\n\n\n\n<p>Vuoi rimanere aggiornato con le ultime novit\u00e0 sul mondo scuola?<br>Leggi gli ultimi articoli:<\/p>\n\n\n\n<ul><li><a href=\"https:\/\/www.docenti.it\/blog\/nuovo-reclutamento-docenti-approvato-il-decreto-legge-scarica-il-pdf\/\">Nuovo reclutamento docenti: approvato il decreto legge (scarica il PDF)<\/a><\/li><li><a href=\"https:\/\/www.docenti.it\/blog\/rinnovo-graduatorie-gps-attesa-per-la-riapertura-quando\/\">Rinnovo graduatorie GPS, attesa per la riapertura: quando?<\/a><\/li><li><a href=\"https:\/\/www.docenti.it\/blog\/gps-graduatorie-chi-ha-il-superato-le-prove-concorso-puo-inserirsi-in-i-fascia-incattedra\/\">GPS graduatorie: chi ha superato le prove concorso pu\u00f2 inserirsi in I fascia?<\/a><\/li><li><a href=\"https:\/\/www.docenti.it\/blog\/rinnovo-graduatorie-gps-hai-tutti-i-cfu-necessari-per-la-tua-cdc-incattedra\/\">Rinnovo graduatorie GPS: hai tutti i CFU necessari per la tua CdC?<\/a><\/li><li><a href=\"https:\/\/www.docenti.it\/blog\/rinnovo-graduatorie-gps-le-province-da-scegliere-incattedra\/\">Rinnovo graduatorie GPS: le province da scegliere<\/a><\/li><\/ul>\n\n\n\n<p>E seguici su&nbsp;<strong><a href=\"https:\/\/www.facebook.com\/docenti.it\" target=\"_blank\" rel=\"noreferrer noopener\">Facebook<\/a><\/strong>&nbsp;e&nbsp;<strong><a href=\"https:\/\/www.instagram.com\/docenti.it\/\" target=\"_blank\" rel=\"noreferrer noopener\">Instagram<\/a><\/strong>.<\/p>\n\n\n\n<p>Photo credit: <a href=\"https:\/\/pixabay.com\/\" target=\"_blank\" rel=\"noreferrer noopener\">Pixabay<\/a><\/p>\n","protected":false},"excerpt":{"rendered":"<p>Abilitazione insegnamento: approvato il nuovo piano di reclutamento docenti. Quali sono i docenti che [&hellip;]<\/p>\n","protected":false},"author":21,"featured_media":21950,"comment_status":"open","ping_status":"open","sticky":false,"template":"","format":"standard","meta":[],"categories":[496,4],"tags":[],"yoast_head":"<!-- This site is optimized with the Yoast SEO plugin v20.4 - https:\/\/yoast.com\/wordpress\/plugins\/seo\/ -->\n<title>Abilitazione insegnamento: quali docenti devono conseguire solo 30 CFU<\/title>\n<meta name=\"description\" content=\"Il nuovo piano di reclutamento docenti \u00e8 stato approvato. Quali sono i docenti che possono conseguire solo i 30 CFU per l&#039;abilitazione?\" \/>\n<meta name=\"robots\" content=\"index, follow, max-snippet:-1, max-image-preview:large, max-video-preview:-1\" \/>\n<link rel=\"canonical\" href=\"https:\/\/www.docenti.it\/blog\/abilitazione-insegnamento-quali-docenti-devono-conseguire-solo-i-30-cfu\/\" \/>\n<meta property=\"og:locale\" content=\"it_IT\" \/>\n<meta property=\"og:type\" content=\"article\" \/>\n<meta property=\"og:title\" content=\"Abilitazione insegnamento: quali docenti devono conseguire solo 30 CFU\" \/>\n<meta property=\"og:description\" content=\"Il nuovo piano di reclutamento docenti \u00e8 stato approvato. Quali sono i docenti che possono conseguire solo i 30 CFU per l&#039;abilitazione?\" \/>\n<meta property=\"og:url\" content=\"https:\/\/www.docenti.it\/blog\/abilitazione-insegnamento-quali-docenti-devono-conseguire-solo-i-30-cfu\/\" \/>\n<meta property=\"og:site_name\" content=\"Blog | Docenti.it\" \/>\n<meta property=\"article:publisher\" content=\"https:\/\/www.facebook.com\/docenti.it\" \/>\n<meta property=\"article:author\" content=\"https:\/\/www.facebook.com\/profile.php?id=1555867670\" \/>\n<meta property=\"article:published_time\" content=\"2022-04-22T13:39:28+00:00\" \/>\n<meta property=\"article:modified_time\" content=\"2022-07-08T13:27:30+00:00\" \/>\n<meta property=\"og:image\" content=\"https:\/\/www.docenti.it\/blog\/wp-content\/uploads\/2022\/04\/man-gee64061f9_640.png\" \/>\n\t<meta property=\"og:image:width\" content=\"640\" \/>\n\t<meta property=\"og:image:height\" content=\"427\" \/>\n\t<meta property=\"og:image:type\" content=\"image\/png\" \/>\n<meta name=\"author\" content=\"Martina Vaggi\" \/>\n<meta name=\"twitter:card\" content=\"summary_large_image\" \/>\n<meta name=\"twitter:label1\" content=\"Written by\" \/>\n\t<meta name=\"twitter:data1\" content=\"Martina Vaggi\" \/>\n\t<meta name=\"twitter:label2\" content=\"Est. reading time\" \/>\n\t<meta name=\"twitter:data2\" content=\"3 minuti\" \/>\n<script type=\"application\/ld+json\" class=\"yoast-schema-graph\">{\"@context\":\"https:\/\/schema.org\",\"@graph\":[{\"@type\":\"Article\",\"@id\":\"https:\/\/www.docenti.it\/blog\/abilitazione-insegnamento-quali-docenti-devono-conseguire-solo-i-30-cfu\/#article\",\"isPartOf\":{\"@id\":\"https:\/\/www.docenti.it\/blog\/abilitazione-insegnamento-quali-docenti-devono-conseguire-solo-i-30-cfu\/\"},\"author\":{\"name\":\"Martina Vaggi\",\"@id\":\"https:\/\/www.docenti.it\/blog\/#\/schema\/person\/99c2fdaf54e96829fe4ed44da8233688\"},\"headline\":\"Abilitazione insegnamento: quali docenti devono conseguire solo i 30 CFU\",\"datePublished\":\"2022-04-22T13:39:28+00:00\",\"dateModified\":\"2022-07-08T13:27:30+00:00\",\"mainEntityOfPage\":{\"@id\":\"https:\/\/www.docenti.it\/blog\/abilitazione-insegnamento-quali-docenti-devono-conseguire-solo-i-30-cfu\/\"},\"wordCount\":483,\"commentCount\":0,\"publisher\":{\"@id\":\"https:\/\/www.docenti.it\/blog\/#organization\"},\"articleSection\":[\"Abilitazione insegnamento\",\"News\"],\"inLanguage\":\"it-IT\",\"potentialAction\":[{\"@type\":\"CommentAction\",\"name\":\"Comment\",\"target\":[\"https:\/\/www.docenti.it\/blog\/abilitazione-insegnamento-quali-docenti-devono-conseguire-solo-i-30-cfu\/#respond\"]}]},{\"@type\":\"WebPage\",\"@id\":\"https:\/\/www.docenti.it\/blog\/abilitazione-insegnamento-quali-docenti-devono-conseguire-solo-i-30-cfu\/\",\"url\":\"https:\/\/www.docenti.it\/blog\/abilitazione-insegnamento-quali-docenti-devono-conseguire-solo-i-30-cfu\/\",\"name\":\"Abilitazione insegnamento: quali docenti devono conseguire solo 30 CFU\",\"isPartOf\":{\"@id\":\"https:\/\/www.docenti.it\/blog\/#website\"},\"datePublished\":\"2022-04-22T13:39:28+00:00\",\"dateModified\":\"2022-07-08T13:27:30+00:00\",\"description\":\"Il nuovo piano di reclutamento docenti \u00e8 stato approvato. Quali sono i docenti che possono conseguire solo i 30 CFU per l'abilitazione?\",\"breadcrumb\":{\"@id\":\"https:\/\/www.docenti.it\/blog\/abilitazione-insegnamento-quali-docenti-devono-conseguire-solo-i-30-cfu\/#breadcrumb\"},\"inLanguage\":\"it-IT\",\"potentialAction\":[{\"@type\":\"ReadAction\",\"target\":[\"https:\/\/www.docenti.it\/blog\/abilitazione-insegnamento-quali-docenti-devono-conseguire-solo-i-30-cfu\/\"]}]},{\"@type\":\"BreadcrumbList\",\"@id\":\"https:\/\/www.docenti.it\/blog\/abilitazione-insegnamento-quali-docenti-devono-conseguire-solo-i-30-cfu\/#breadcrumb\",\"itemListElement\":[{\"@type\":\"ListItem\",\"position\":1,\"name\":\"Home\",\"item\":\"https:\/\/www.docenti.it\/blog\/\"},{\"@type\":\"ListItem\",\"position\":2,\"name\":\"Abilitazione insegnamento: quali docenti devono conseguire solo i 30 CFU\"}]},{\"@type\":\"WebSite\",\"@id\":\"https:\/\/www.docenti.it\/blog\/#website\",\"url\":\"https:\/\/www.docenti.it\/blog\/\",\"name\":\"Blog | Docenti.it\",\"description\":\"Tutte le notizie e gli aggiornamenti dal mondo della scuola\",\"publisher\":{\"@id\":\"https:\/\/www.docenti.it\/blog\/#organization\"},\"potentialAction\":[{\"@type\":\"SearchAction\",\"target\":{\"@type\":\"EntryPoint\",\"urlTemplate\":\"https:\/\/www.docenti.it\/blog\/?s={search_term_string}\"},\"query-input\":\"required name=search_term_string\"}],\"inLanguage\":\"it-IT\"},{\"@type\":\"Organization\",\"@id\":\"https:\/\/www.docenti.it\/blog\/#organization\",\"name\":\"Blog | Docenti.it\",\"url\":\"https:\/\/www.docenti.it\/blog\/\",\"logo\":{\"@type\":\"ImageObject\",\"inLanguage\":\"it-IT\",\"@id\":\"https:\/\/www.docenti.it\/blog\/#\/schema\/logo\/image\/\",\"url\":\"https:\/\/www.docenti.it\/blog\/wp-content\/uploads\/2025\/06\/fb_mad_img.png\",\"contentUrl\":\"https:\/\/www.docenti.it\/blog\/wp-content\/uploads\/2025\/06\/fb_mad_img.png\",\"width\":1140,\"height\":620,\"caption\":\"Blog | Docenti.it\"},\"image\":{\"@id\":\"https:\/\/www.docenti.it\/blog\/#\/schema\/logo\/image\/\"},\"sameAs\":[\"https:\/\/www.facebook.com\/docenti.it\"]},{\"@type\":\"Person\",\"@id\":\"https:\/\/www.docenti.it\/blog\/#\/schema\/person\/99c2fdaf54e96829fe4ed44da8233688\",\"name\":\"Martina Vaggi\",\"image\":{\"@type\":\"ImageObject\",\"inLanguage\":\"it-IT\",\"@id\":\"https:\/\/www.docenti.it\/blog\/#\/schema\/person\/image\/\",\"url\":\"https:\/\/secure.gravatar.com\/avatar\/14a13197979873d693ad915d249e3f54?s=96&d=mm&r=g\",\"contentUrl\":\"https:\/\/secure.gravatar.com\/avatar\/14a13197979873d693ad915d249e3f54?s=96&d=mm&r=g\",\"caption\":\"Martina Vaggi\"},\"description\":\"Classe 1991, copywriter e scrittrice. Nata a Sale, un paesino in provincia di Alessandria. Scrive dall\u2019et\u00e0 di 10 anni. Nel 2015 si laurea in Lettere Moderne presso l\u2019universit\u00e0 di Pavia. Nel 2020 pubblica il suo primo libro \\\"Il diario del silenzio - Storie reali di quarantena\\\" che descrive il processo di cambiamento della vita di 40 persone ai tempi del Covid. Nel 2022 si trasferisce a San Marino per lavorare come copywriter per Docenti.it\",\"sameAs\":[\"https:\/\/pensierisurrealidigentecomune.com\/\",\"https:\/\/www.facebook.com\/profile.php?id=1555867670\",\"https:\/\/www.instagram.com\/martiggi91\/\",\"https:\/\/it.linkedin.com\/in\/martina-vaggi\",\"https:\/\/www.youtube.com\/results?search_query=martina+vaggi\"],\"url\":\"https:\/\/www.docenti.it\/blog\/author\/martina-vaggi\/\"}]}<\/script>\n<!-- \/ Yoast SEO plugin. -->","yoast_head_json":{"title":"Abilitazione insegnamento: quali docenti devono conseguire solo 30 CFU","description":"Il nuovo piano di reclutamento docenti \u00e8 stato approvato. Quali sono i docenti che possono conseguire solo i 30 CFU per l'abilitazione?","robots":{"index":"index","follow":"follow","max-snippet":"max-snippet:-1","max-image-preview":"max-image-preview:large","max-video-preview":"max-video-preview:-1"},"canonical":"https:\/\/www.docenti.it\/blog\/abilitazione-insegnamento-quali-docenti-devono-conseguire-solo-i-30-cfu\/","og_locale":"it_IT","og_type":"article","og_title":"Abilitazione insegnamento: quali docenti devono conseguire solo 30 CFU","og_description":"Il nuovo piano di reclutamento docenti \u00e8 stato approvato. Quali sono i docenti che possono conseguire solo i 30 CFU per l'abilitazione?","og_url":"https:\/\/www.docenti.it\/blog\/abilitazione-insegnamento-quali-docenti-devono-conseguire-solo-i-30-cfu\/","og_site_name":"Blog | Docenti.it","article_publisher":"https:\/\/www.facebook.com\/docenti.it","article_author":"https:\/\/www.facebook.com\/profile.php?id=1555867670","article_published_time":"2022-04-22T13:39:28+00:00","article_modified_time":"2022-07-08T13:27:30+00:00","og_image":[{"width":640,"height":427,"url":"https:\/\/www.docenti.it\/blog\/wp-content\/uploads\/2022\/04\/man-gee64061f9_640.png","type":"image\/png"}],"author":"Martina Vaggi","twitter_card":"summary_large_image","twitter_misc":{"Written by":"Martina Vaggi","Est. reading time":"3 minuti"},"schema":{"@context":"https:\/\/schema.org","@graph":[{"@type":"Article","@id":"https:\/\/www.docenti.it\/blog\/abilitazione-insegnamento-quali-docenti-devono-conseguire-solo-i-30-cfu\/#article","isPartOf":{"@id":"https:\/\/www.docenti.it\/blog\/abilitazione-insegnamento-quali-docenti-devono-conseguire-solo-i-30-cfu\/"},"author":{"name":"Martina Vaggi","@id":"https:\/\/www.docenti.it\/blog\/#\/schema\/person\/99c2fdaf54e96829fe4ed44da8233688"},"headline":"Abilitazione insegnamento: quali docenti devono conseguire solo i 30 CFU","datePublished":"2022-04-22T13:39:28+00:00","dateModified":"2022-07-08T13:27:30+00:00","mainEntityOfPage":{"@id":"https:\/\/www.docenti.it\/blog\/abilitazione-insegnamento-quali-docenti-devono-conseguire-solo-i-30-cfu\/"},"wordCount":483,"commentCount":0,"publisher":{"@id":"https:\/\/www.docenti.it\/blog\/#organization"},"articleSection":["Abilitazione insegnamento","News"],"inLanguage":"it-IT","potentialAction":[{"@type":"CommentAction","name":"Comment","target":["https:\/\/www.docenti.it\/blog\/abilitazione-insegnamento-quali-docenti-devono-conseguire-solo-i-30-cfu\/#respond"]}]},{"@type":"WebPage","@id":"https:\/\/www.docenti.it\/blog\/abilitazione-insegnamento-quali-docenti-devono-conseguire-solo-i-30-cfu\/","url":"https:\/\/www.docenti.it\/blog\/abilitazione-insegnamento-quali-docenti-devono-conseguire-solo-i-30-cfu\/","name":"Abilitazione insegnamento: quali docenti devono conseguire solo 30 CFU","isPartOf":{"@id":"https:\/\/www.docenti.it\/blog\/#website"},"datePublished":"2022-04-22T13:39:28+00:00","dateModified":"2022-07-08T13:27:30+00:00","description":"Il nuovo piano di reclutamento docenti \u00e8 stato approvato. Quali sono i docenti che possono conseguire solo i 30 CFU per l'abilitazione?","breadcrumb":{"@id":"https:\/\/www.docenti.it\/blog\/abilitazione-insegnamento-quali-docenti-devono-conseguire-solo-i-30-cfu\/#breadcrumb"},"inLanguage":"it-IT","potentialAction":[{"@type":"ReadAction","target":["https:\/\/www.docenti.it\/blog\/abilitazione-insegnamento-quali-docenti-devono-conseguire-solo-i-30-cfu\/"]}]},{"@type":"BreadcrumbList","@id":"https:\/\/www.docenti.it\/blog\/abilitazione-insegnamento-quali-docenti-devono-conseguire-solo-i-30-cfu\/#breadcrumb","itemListElement":[{"@type":"ListItem","position":1,"name":"Home","item":"https:\/\/www.docenti.it\/blog\/"},{"@type":"ListItem","position":2,"name":"Abilitazione insegnamento: quali docenti devono conseguire solo i 30 CFU"}]},{"@type":"WebSite","@id":"https:\/\/www.docenti.it\/blog\/#website","url":"https:\/\/www.docenti.it\/blog\/","name":"Blog | Docenti.it","description":"Tutte le notizie e gli aggiornamenti dal mondo della scuola","publisher":{"@id":"https:\/\/www.docenti.it\/blog\/#organization"},"potentialAction":[{"@type":"SearchAction","target":{"@type":"EntryPoint","urlTemplate":"https:\/\/www.docenti.it\/blog\/?s={search_term_string}"},"query-input":"required name=search_term_string"}],"inLanguage":"it-IT"},{"@type":"Organization","@id":"https:\/\/www.docenti.it\/blog\/#organization","name":"Blog | Docenti.it","url":"https:\/\/www.docenti.it\/blog\/","logo":{"@type":"ImageObject","inLanguage":"it-IT","@id":"https:\/\/www.docenti.it\/blog\/#\/schema\/logo\/image\/","url":"https:\/\/www.docenti.it\/blog\/wp-content\/uploads\/2025\/06\/fb_mad_img.png","contentUrl":"https:\/\/www.docenti.it\/blog\/wp-content\/uploads\/2025\/06\/fb_mad_img.png","width":1140,"height":620,"caption":"Blog | Docenti.it"},"image":{"@id":"https:\/\/www.docenti.it\/blog\/#\/schema\/logo\/image\/"},"sameAs":["https:\/\/www.facebook.com\/docenti.it"]},{"@type":"Person","@id":"https:\/\/www.docenti.it\/blog\/#\/schema\/person\/99c2fdaf54e96829fe4ed44da8233688","name":"Martina Vaggi","image":{"@type":"ImageObject","inLanguage":"it-IT","@id":"https:\/\/www.docenti.it\/blog\/#\/schema\/person\/image\/","url":"https:\/\/secure.gravatar.com\/avatar\/14a13197979873d693ad915d249e3f54?s=96&d=mm&r=g","contentUrl":"https:\/\/secure.gravatar.com\/avatar\/14a13197979873d693ad915d249e3f54?s=96&d=mm&r=g","caption":"Martina Vaggi"},"description":"Classe 1991, copywriter e scrittrice. Nata a Sale, un paesino in provincia di Alessandria. Scrive dall\u2019et\u00e0 di 10 anni. Nel 2015 si laurea in Lettere Moderne presso l\u2019universit\u00e0 di Pavia. Nel 2020 pubblica il suo primo libro \"Il diario del silenzio - Storie reali di quarantena\" che descrive il processo di cambiamento della vita di 40 persone ai tempi del Covid. Nel 2022 si trasferisce a San Marino per lavorare come copywriter per Docenti.it","sameAs":["https:\/\/pensierisurrealidigentecomune.com\/","https:\/\/www.facebook.com\/profile.php?id=1555867670","https:\/\/www.instagram.com\/martiggi91\/","https:\/\/it.linkedin.com\/in\/martina-vaggi","https:\/\/www.youtube.com\/results?search_query=martina+vaggi"],"url":"https:\/\/www.docenti.it\/blog\/author\/martina-vaggi\/"}]}},"_links":{"self":[{"href":"https:\/\/www.docenti.it\/blog\/wp-json\/wp\/v2\/posts\/21947"}],"collection":[{"href":"https:\/\/www.docenti.it\/blog\/wp-json\/wp\/v2\/posts"}],"about":[{"href":"https:\/\/www.docenti.it\/blog\/wp-json\/wp\/v2\/types\/post"}],"author":[{"embeddable":true,"href":"https:\/\/www.docenti.it\/blog\/wp-json\/wp\/v2\/users\/21"}],"replies":[{"embeddable":true,"href":"https:\/\/www.docenti.it\/blog\/wp-json\/wp\/v2\/comments?post=21947"}],"version-history":[{"count":31,"href":"https:\/\/www.docenti.it\/blog\/wp-json\/wp\/v2\/posts\/21947\/revisions"}],"predecessor-version":[{"id":21990,"href":"https:\/\/www.docenti.it\/blog\/wp-json\/wp\/v2\/posts\/21947\/revisions\/21990"}],"wp:featuredmedia":[{"embeddable":true,"href":"https:\/\/www.docenti.it\/blog\/wp-json\/wp\/v2\/media\/21950"}],"wp:attachment":[{"href":"https:\/\/www.docenti.it\/blog\/wp-json\/wp\/v2\/media?parent=21947"}],"wp:term":[{"taxonomy":"category","embeddable":true,"href":"https:\/\/www.docenti.it\/blog\/wp-json\/wp\/v2\/categories?post=21947"},{"taxonomy":"post_tag","embeddable":true,"href":"https:\/\/www.docenti.it\/blog\/wp-json\/wp\/v2\/tags?post=21947"}],"curies":[{"name":"wp","href":"https:\/\/api.w.org\/{rel}","templated":true}]}}