{"id":22597,"date":"2022-04-29T11:02:03","date_gmt":"2022-04-29T09:02:03","guid":{"rendered":"https:\/\/www.docenti.it\/blog\/?p=22597"},"modified":"2022-04-29T11:02:03","modified_gmt":"2022-04-29T09:02:03","slug":"iscriversi-a-due-universita-la-doppia-laurea-e-legge","status":"publish","type":"post","link":"https:\/\/www.docenti.it\/blog\/iscriversi-a-due-universita-la-doppia-laurea-e-legge\/","title":{"rendered":"Iscriversi a due universit\u00e0: la doppia laurea \u00e8 Legge"},"content":{"rendered":"\n<p>Iscriversi a due universit\u00e0 \u00e8 ora possibile: il testo di legge \u00e8 stato pubblicato nella Gazzetta Ufficiale. Cade cos\u00ec il divieto di iscrizione contemporanea che resisteva dal 1933.<\/p>\n\n\n\n<p>Che cosa prevede la Legge? Vediamo nel dettaglio.<\/p>\n\n\n\n<!--more-->\n\n\n\n<h2>Iscriversi a due universit\u00e0 contemporaneamente<\/h2>\n\n\n\n<p><strong>Dal prossimo Anno Accademico l&#8217;iscrizione contemporanea a due universit\u00e0 sar\u00e0 finalmente possibile.<\/strong><\/p>\n\n\n\n<p>Il testo di legge pubblicato nella Gazzetta Ufficiale \u00e8 intitolato &#8220;<em>Disposizioni in materia di iscrizione contemporanea a due corsi di istruzione superiore<\/em>&#8220;.<\/p>\n\n\n\n<p>Ecco ci\u00f2 che si prevede: <strong>la legge consente l&#8217;iscrizione contemporanea di ciascuno studente a due diversi Corsi di Laurea, Laurea Magistrale o Master, anche per pi\u00f9 universit\u00e0, scuole o istituti superiori ad ordinamento speciale<\/strong>.<\/p>\n\n\n\n<p>Si parla di <strong>istituzioni italiane ed anche estere<\/strong>.<\/p>\n\n\n\n<p>Il Ministero ha ora <strong>60 giorni di tempo <\/strong>per poter creare un apposito decreto con le relative modalit\u00e0 e i criteri per permettere la doppia iscrizione.<\/p>\n\n\n\n<p>Inoltre, dopo quattro mesi dalla conclusione del terzo a.a. successivo a quello di entrata in vigore del provvedimento, il Ministero dovr\u00e0 presentare alle Camere una relazione sullo stato di attuazione della legge, con relativa valutazione.<\/p>\n\n\n\n<p>Vediamo pi\u00f9 nel dettaglio il testo della legge.<\/p>\n\n\n\n<h3>Doppia laurea: per quali corsi non \u00e8 consentita?<\/h3>\n\n\n\n<p><strong>L&#8217;iscrizione contemporanea non \u00e8 sempre consentita. <\/strong><\/p>\n\n\n\n<p>Nell&#8217;art. 1, comma 2, si legge che: &#8220;<em>non \u00e8 consentita l&#8217;iscrizione  contemporanea  a  due  corsi  di Laurea o di Laurea Magistrale <strong>appartenenti alla  stessa  Classe<\/strong>,  n\u00e9 allo stesso corso di Master, neanche presso due diverse universit\u00e0, scuole o istituti superiori ad ordinamento speciale<\/em>.&#8221;<\/p>\n\n\n\n<h3>Novit\u00e0 per gli specializzandi in medicina<\/h3>\n\n\n\n<p><strong>Manuel Tuzi<\/strong>, capogruppo di M5S, ha illustrato una novit\u00e0 importante:<\/p>\n\n\n\n<blockquote class=\"wp-block-quote\"><p><em>&#8220;&#8230; Anche chi segue un corso di specializzazione in ambito medico avr\u00e0 la possibilit\u00e0 di iscriversi a un master o a un dottorato di ricerca.&#8221;<\/em><\/p><cite>Fonte: repubblica.it<\/cite><\/blockquote>\n\n\n\n<p><strong>Sar\u00e0 quindi possibile l&#8217;iscrizione contemporanea ad un corso di Dottorato di ricerca o di Master unitamente ad un corso di specializzazione medica. <\/strong><\/p>\n\n\n\n<p>Leggi anche:<\/p>\n\n\n\n<ul><li><a href=\"https:\/\/www.docenti.it\/blog\/notizie-scuola-gps-come-scoprire-in-quale-provincia-inserirti-incattedra\/\" target=\"_blank\" rel=\"noreferrer noopener\">Notizie scuola GPS: come scoprire in quale provincia inserirti<\/a><\/li><li><a href=\"https:\/\/www.docenti.it\/blog\/graduatorie-gps-chi-puo-inserirsi-con-riserva-incattedra\/\" target=\"_blank\" rel=\"noreferrer noopener\">Graduatorie GPS: chi pu\u00f2 inserirsi con riserva?<\/a><\/li><li><a href=\"https:\/\/www.docenti.it\/blog\/nuovo-reclutamento-docenti-e-cfu-quali-sono-i-problemi\/\" target=\"_blank\" rel=\"noreferrer noopener\">Nuovo reclutamento docenti e CFU: quali sono i problemi?<\/a><\/li><\/ul>\n\n\n\n<p>E seguici su\u00a0<strong><a href=\"https:\/\/www.facebook.com\/docenti.it\" target=\"_blank\" rel=\"noreferrer noopener\">Facebook<\/a><\/strong>\u00a0e\u00a0<strong><a href=\"https:\/\/www.instagram.com\/docenti.it\/\" target=\"_blank\" rel=\"noreferrer noopener\">Instagram<\/a><\/strong>.<\/p>\n\n\n\n<p>Photo credit: <a href=\"https:\/\/www.pexels.com\/\" target=\"_blank\" rel=\"noreferrer noopener\">pexels.com<\/a><\/p>\n","protected":false},"excerpt":{"rendered":"<p>Iscriversi a due universit\u00e0 \u00e8 ora possibile: il testo di legge \u00e8 stato pubblicato [&hellip;]<\/p>\n","protected":false},"author":22,"featured_media":22599,"comment_status":"open","ping_status":"open","sticky":false,"template":"","format":"standard","meta":[],"categories":[4],"tags":[446],"yoast_head":"<!-- This site is optimized with the Yoast SEO plugin v20.4 - https:\/\/yoast.com\/wordpress\/plugins\/seo\/ -->\n<title>Iscriversi a due universit\u00e0: la doppia laurea \u00e8 Legge<\/title>\n<meta name=\"description\" content=\"Il testo della legge che permette di iscriversi a due universit\u00e0 contemporaneamente \u00e8 stato pubblicato in Gazzetta Ufficiale.\" \/>\n<meta name=\"robots\" content=\"index, follow, max-snippet:-1, max-image-preview:large, max-video-preview:-1\" \/>\n<link rel=\"canonical\" href=\"https:\/\/www.docenti.it\/blog\/iscriversi-a-due-universita-la-doppia-laurea-e-legge\/\" \/>\n<meta property=\"og:locale\" content=\"it_IT\" \/>\n<meta property=\"og:type\" content=\"article\" \/>\n<meta property=\"og:title\" content=\"Iscriversi a due universit\u00e0: la doppia laurea \u00e8 Legge\" \/>\n<meta property=\"og:description\" content=\"Il testo della legge che permette di iscriversi a due universit\u00e0 contemporaneamente \u00e8 stato pubblicato in Gazzetta Ufficiale.\" \/>\n<meta property=\"og:url\" content=\"https:\/\/www.docenti.it\/blog\/iscriversi-a-due-universita-la-doppia-laurea-e-legge\/\" \/>\n<meta property=\"og:site_name\" content=\"Blog | Docenti.it\" \/>\n<meta property=\"article:publisher\" content=\"https:\/\/www.facebook.com\/docenti.it\" \/>\n<meta property=\"article:published_time\" content=\"2022-04-29T09:02:03+00:00\" \/>\n<meta property=\"og:image\" content=\"https:\/\/www.docenti.it\/blog\/wp-content\/uploads\/2022\/04\/pexels-pixabay-267885.jpg\" \/>\n\t<meta property=\"og:image:width\" content=\"640\" \/>\n\t<meta property=\"og:image:height\" content=\"426\" \/>\n\t<meta property=\"og:image:type\" content=\"image\/jpeg\" \/>\n<meta name=\"author\" content=\"Veronica Conti\" \/>\n<meta name=\"twitter:card\" content=\"summary_large_image\" \/>\n<meta name=\"twitter:label1\" content=\"Written by\" \/>\n\t<meta name=\"twitter:data1\" content=\"Veronica Conti\" \/>\n\t<meta name=\"twitter:label2\" content=\"Est. reading time\" \/>\n\t<meta name=\"twitter:data2\" content=\"2 minuti\" \/>\n<script type=\"application\/ld+json\" class=\"yoast-schema-graph\">{\"@context\":\"https:\/\/schema.org\",\"@graph\":[{\"@type\":\"Article\",\"@id\":\"https:\/\/www.docenti.it\/blog\/iscriversi-a-due-universita-la-doppia-laurea-e-legge\/#article\",\"isPartOf\":{\"@id\":\"https:\/\/www.docenti.it\/blog\/iscriversi-a-due-universita-la-doppia-laurea-e-legge\/\"},\"author\":{\"name\":\"Veronica Conti\",\"@id\":\"https:\/\/www.docenti.it\/blog\/#\/schema\/person\/db2692c75b023bba5319018ede576846\"},\"headline\":\"Iscriversi a due universit\u00e0: la doppia laurea \u00e8 Legge\",\"datePublished\":\"2022-04-29T09:02:03+00:00\",\"dateModified\":\"2022-04-29T09:02:03+00:00\",\"mainEntityOfPage\":{\"@id\":\"https:\/\/www.docenti.it\/blog\/iscriversi-a-due-universita-la-doppia-laurea-e-legge\/\"},\"wordCount\":345,\"commentCount\":0,\"publisher\":{\"@id\":\"https:\/\/www.docenti.it\/blog\/#organization\"},\"keywords\":[\"doppia laurea\"],\"articleSection\":[\"News\"],\"inLanguage\":\"it-IT\",\"potentialAction\":[{\"@type\":\"CommentAction\",\"name\":\"Comment\",\"target\":[\"https:\/\/www.docenti.it\/blog\/iscriversi-a-due-universita-la-doppia-laurea-e-legge\/#respond\"]}]},{\"@type\":\"WebPage\",\"@id\":\"https:\/\/www.docenti.it\/blog\/iscriversi-a-due-universita-la-doppia-laurea-e-legge\/\",\"url\":\"https:\/\/www.docenti.it\/blog\/iscriversi-a-due-universita-la-doppia-laurea-e-legge\/\",\"name\":\"Iscriversi a due universit\u00e0: la doppia laurea \u00e8 Legge\",\"isPartOf\":{\"@id\":\"https:\/\/www.docenti.it\/blog\/#website\"},\"datePublished\":\"2022-04-29T09:02:03+00:00\",\"dateModified\":\"2022-04-29T09:02:03+00:00\",\"description\":\"Il testo della legge che permette di iscriversi a due universit\u00e0 contemporaneamente \u00e8 stato pubblicato in Gazzetta Ufficiale.\",\"breadcrumb\":{\"@id\":\"https:\/\/www.docenti.it\/blog\/iscriversi-a-due-universita-la-doppia-laurea-e-legge\/#breadcrumb\"},\"inLanguage\":\"it-IT\",\"potentialAction\":[{\"@type\":\"ReadAction\",\"target\":[\"https:\/\/www.docenti.it\/blog\/iscriversi-a-due-universita-la-doppia-laurea-e-legge\/\"]}]},{\"@type\":\"BreadcrumbList\",\"@id\":\"https:\/\/www.docenti.it\/blog\/iscriversi-a-due-universita-la-doppia-laurea-e-legge\/#breadcrumb\",\"itemListElement\":[{\"@type\":\"ListItem\",\"position\":1,\"name\":\"Home\",\"item\":\"https:\/\/www.docenti.it\/blog\/\"},{\"@type\":\"ListItem\",\"position\":2,\"name\":\"Iscriversi a due universit\u00e0: la doppia laurea \u00e8 Legge\"}]},{\"@type\":\"WebSite\",\"@id\":\"https:\/\/www.docenti.it\/blog\/#website\",\"url\":\"https:\/\/www.docenti.it\/blog\/\",\"name\":\"Blog | Docenti.it\",\"description\":\"Tutte le notizie e gli aggiornamenti dal mondo della scuola\",\"publisher\":{\"@id\":\"https:\/\/www.docenti.it\/blog\/#organization\"},\"potentialAction\":[{\"@type\":\"SearchAction\",\"target\":{\"@type\":\"EntryPoint\",\"urlTemplate\":\"https:\/\/www.docenti.it\/blog\/?s={search_term_string}\"},\"query-input\":\"required name=search_term_string\"}],\"inLanguage\":\"it-IT\"},{\"@type\":\"Organization\",\"@id\":\"https:\/\/www.docenti.it\/blog\/#organization\",\"name\":\"Blog | Docenti.it\",\"url\":\"https:\/\/www.docenti.it\/blog\/\",\"logo\":{\"@type\":\"ImageObject\",\"inLanguage\":\"it-IT\",\"@id\":\"https:\/\/www.docenti.it\/blog\/#\/schema\/logo\/image\/\",\"url\":\"https:\/\/www.docenti.it\/blog\/wp-content\/uploads\/2025\/06\/fb_mad_img.png\",\"contentUrl\":\"https:\/\/www.docenti.it\/blog\/wp-content\/uploads\/2025\/06\/fb_mad_img.png\",\"width\":1140,\"height\":620,\"caption\":\"Blog | Docenti.it\"},\"image\":{\"@id\":\"https:\/\/www.docenti.it\/blog\/#\/schema\/logo\/image\/\"},\"sameAs\":[\"https:\/\/www.facebook.com\/docenti.it\"]},{\"@type\":\"Person\",\"@id\":\"https:\/\/www.docenti.it\/blog\/#\/schema\/person\/db2692c75b023bba5319018ede576846\",\"name\":\"Veronica Conti\",\"image\":{\"@type\":\"ImageObject\",\"inLanguage\":\"it-IT\",\"@id\":\"https:\/\/www.docenti.it\/blog\/#\/schema\/person\/image\/\",\"url\":\"https:\/\/secure.gravatar.com\/avatar\/9709c2e092989f0e61eda04e2d96c120?s=96&d=mm&r=g\",\"contentUrl\":\"https:\/\/secure.gravatar.com\/avatar\/9709c2e092989f0e61eda04e2d96c120?s=96&d=mm&r=g\",\"caption\":\"Veronica Conti\"},\"description\":\"Classe 1998, \u00e8 studentessa e insegnante di musica. Ha conseguito il Diploma di Violoncello nel 2018 e, due anni dopo, il Diploma Accademico di II Livello in Violoncello presso il Conservatorio di Cesena. Frequenta il terzo anno all'universit\u00e0 di Urbino, Lingue e Culture Straniere profilo linguistico-aziendale, ed \u00e8 tirocinante presso Docenti.it.\",\"url\":\"https:\/\/www.docenti.it\/blog\/author\/veronica-conti\/\"}]}<\/script>\n<!-- \/ Yoast SEO plugin. -->","yoast_head_json":{"title":"Iscriversi a due universit\u00e0: la doppia laurea \u00e8 Legge","description":"Il testo della legge che permette di iscriversi a due universit\u00e0 contemporaneamente \u00e8 stato pubblicato in Gazzetta Ufficiale.","robots":{"index":"index","follow":"follow","max-snippet":"max-snippet:-1","max-image-preview":"max-image-preview:large","max-video-preview":"max-video-preview:-1"},"canonical":"https:\/\/www.docenti.it\/blog\/iscriversi-a-due-universita-la-doppia-laurea-e-legge\/","og_locale":"it_IT","og_type":"article","og_title":"Iscriversi a due universit\u00e0: la doppia laurea \u00e8 Legge","og_description":"Il testo della legge che permette di iscriversi a due universit\u00e0 contemporaneamente \u00e8 stato pubblicato in Gazzetta Ufficiale.","og_url":"https:\/\/www.docenti.it\/blog\/iscriversi-a-due-universita-la-doppia-laurea-e-legge\/","og_site_name":"Blog | Docenti.it","article_publisher":"https:\/\/www.facebook.com\/docenti.it","article_published_time":"2022-04-29T09:02:03+00:00","og_image":[{"width":640,"height":426,"url":"https:\/\/www.docenti.it\/blog\/wp-content\/uploads\/2022\/04\/pexels-pixabay-267885.jpg","type":"image\/jpeg"}],"author":"Veronica Conti","twitter_card":"summary_large_image","twitter_misc":{"Written by":"Veronica Conti","Est. reading time":"2 minuti"},"schema":{"@context":"https:\/\/schema.org","@graph":[{"@type":"Article","@id":"https:\/\/www.docenti.it\/blog\/iscriversi-a-due-universita-la-doppia-laurea-e-legge\/#article","isPartOf":{"@id":"https:\/\/www.docenti.it\/blog\/iscriversi-a-due-universita-la-doppia-laurea-e-legge\/"},"author":{"name":"Veronica Conti","@id":"https:\/\/www.docenti.it\/blog\/#\/schema\/person\/db2692c75b023bba5319018ede576846"},"headline":"Iscriversi a due universit\u00e0: la doppia laurea \u00e8 Legge","datePublished":"2022-04-29T09:02:03+00:00","dateModified":"2022-04-29T09:02:03+00:00","mainEntityOfPage":{"@id":"https:\/\/www.docenti.it\/blog\/iscriversi-a-due-universita-la-doppia-laurea-e-legge\/"},"wordCount":345,"commentCount":0,"publisher":{"@id":"https:\/\/www.docenti.it\/blog\/#organization"},"keywords":["doppia laurea"],"articleSection":["News"],"inLanguage":"it-IT","potentialAction":[{"@type":"CommentAction","name":"Comment","target":["https:\/\/www.docenti.it\/blog\/iscriversi-a-due-universita-la-doppia-laurea-e-legge\/#respond"]}]},{"@type":"WebPage","@id":"https:\/\/www.docenti.it\/blog\/iscriversi-a-due-universita-la-doppia-laurea-e-legge\/","url":"https:\/\/www.docenti.it\/blog\/iscriversi-a-due-universita-la-doppia-laurea-e-legge\/","name":"Iscriversi a due universit\u00e0: la doppia laurea \u00e8 Legge","isPartOf":{"@id":"https:\/\/www.docenti.it\/blog\/#website"},"datePublished":"2022-04-29T09:02:03+00:00","dateModified":"2022-04-29T09:02:03+00:00","description":"Il testo della legge che permette di iscriversi a due universit\u00e0 contemporaneamente \u00e8 stato pubblicato in Gazzetta Ufficiale.","breadcrumb":{"@id":"https:\/\/www.docenti.it\/blog\/iscriversi-a-due-universita-la-doppia-laurea-e-legge\/#breadcrumb"},"inLanguage":"it-IT","potentialAction":[{"@type":"ReadAction","target":["https:\/\/www.docenti.it\/blog\/iscriversi-a-due-universita-la-doppia-laurea-e-legge\/"]}]},{"@type":"BreadcrumbList","@id":"https:\/\/www.docenti.it\/blog\/iscriversi-a-due-universita-la-doppia-laurea-e-legge\/#breadcrumb","itemListElement":[{"@type":"ListItem","position":1,"name":"Home","item":"https:\/\/www.docenti.it\/blog\/"},{"@type":"ListItem","position":2,"name":"Iscriversi a due universit\u00e0: la doppia laurea \u00e8 Legge"}]},{"@type":"WebSite","@id":"https:\/\/www.docenti.it\/blog\/#website","url":"https:\/\/www.docenti.it\/blog\/","name":"Blog | Docenti.it","description":"Tutte le notizie e gli aggiornamenti dal mondo della scuola","publisher":{"@id":"https:\/\/www.docenti.it\/blog\/#organization"},"potentialAction":[{"@type":"SearchAction","target":{"@type":"EntryPoint","urlTemplate":"https:\/\/www.docenti.it\/blog\/?s={search_term_string}"},"query-input":"required name=search_term_string"}],"inLanguage":"it-IT"},{"@type":"Organization","@id":"https:\/\/www.docenti.it\/blog\/#organization","name":"Blog | Docenti.it","url":"https:\/\/www.docenti.it\/blog\/","logo":{"@type":"ImageObject","inLanguage":"it-IT","@id":"https:\/\/www.docenti.it\/blog\/#\/schema\/logo\/image\/","url":"https:\/\/www.docenti.it\/blog\/wp-content\/uploads\/2025\/06\/fb_mad_img.png","contentUrl":"https:\/\/www.docenti.it\/blog\/wp-content\/uploads\/2025\/06\/fb_mad_img.png","width":1140,"height":620,"caption":"Blog | Docenti.it"},"image":{"@id":"https:\/\/www.docenti.it\/blog\/#\/schema\/logo\/image\/"},"sameAs":["https:\/\/www.facebook.com\/docenti.it"]},{"@type":"Person","@id":"https:\/\/www.docenti.it\/blog\/#\/schema\/person\/db2692c75b023bba5319018ede576846","name":"Veronica Conti","image":{"@type":"ImageObject","inLanguage":"it-IT","@id":"https:\/\/www.docenti.it\/blog\/#\/schema\/person\/image\/","url":"https:\/\/secure.gravatar.com\/avatar\/9709c2e092989f0e61eda04e2d96c120?s=96&d=mm&r=g","contentUrl":"https:\/\/secure.gravatar.com\/avatar\/9709c2e092989f0e61eda04e2d96c120?s=96&d=mm&r=g","caption":"Veronica Conti"},"description":"Classe 1998, \u00e8 studentessa e insegnante di musica. Ha conseguito il Diploma di Violoncello nel 2018 e, due anni dopo, il Diploma Accademico di II Livello in Violoncello presso il Conservatorio di Cesena. Frequenta il terzo anno all'universit\u00e0 di Urbino, Lingue e Culture Straniere profilo linguistico-aziendale, ed \u00e8 tirocinante presso Docenti.it.","url":"https:\/\/www.docenti.it\/blog\/author\/veronica-conti\/"}]}},"_links":{"self":[{"href":"https:\/\/www.docenti.it\/blog\/wp-json\/wp\/v2\/posts\/22597"}],"collection":[{"href":"https:\/\/www.docenti.it\/blog\/wp-json\/wp\/v2\/posts"}],"about":[{"href":"https:\/\/www.docenti.it\/blog\/wp-json\/wp\/v2\/types\/post"}],"author":[{"embeddable":true,"href":"https:\/\/www.docenti.it\/blog\/wp-json\/wp\/v2\/users\/22"}],"replies":[{"embeddable":true,"href":"https:\/\/www.docenti.it\/blog\/wp-json\/wp\/v2\/comments?post=22597"}],"version-history":[{"count":1,"href":"https:\/\/www.docenti.it\/blog\/wp-json\/wp\/v2\/posts\/22597\/revisions"}],"predecessor-version":[{"id":22600,"href":"https:\/\/www.docenti.it\/blog\/wp-json\/wp\/v2\/posts\/22597\/revisions\/22600"}],"wp:featuredmedia":[{"embeddable":true,"href":"https:\/\/www.docenti.it\/blog\/wp-json\/wp\/v2\/media\/22599"}],"wp:attachment":[{"href":"https:\/\/www.docenti.it\/blog\/wp-json\/wp\/v2\/media?parent=22597"}],"wp:term":[{"taxonomy":"category","embeddable":true,"href":"https:\/\/www.docenti.it\/blog\/wp-json\/wp\/v2\/categories?post=22597"},{"taxonomy":"post_tag","embeddable":true,"href":"https:\/\/www.docenti.it\/blog\/wp-json\/wp\/v2\/tags?post=22597"}],"curies":[{"name":"wp","href":"https:\/\/api.w.org\/{rel}","templated":true}]}}