{"id":23382,"date":"2022-05-11T16:16:41","date_gmt":"2022-05-11T14:16:41","guid":{"rendered":"https:\/\/www.docenti.it\/blog\/?p=23382"},"modified":"2022-05-13T16:05:56","modified_gmt":"2022-05-13T14:05:56","slug":"riapertura-graduatorie-gps-ecco-le-date","status":"publish","type":"post","link":"https:\/\/www.docenti.it\/blog\/riapertura-graduatorie-gps-ecco-le-date\/","title":{"rendered":"Riapertura graduatorie GPS: ecco le date"},"content":{"rendered":"\n<p>Sono appena state pubblicate <strong>le date della riapertura graduatorie GPS<\/strong>: apri l&#8217;articolo e leggi da quando potrai inoltrare la domanda.<\/p>\n\n\n\n<!--more-->\n\n\n\n<h2>Graduatorie GPS: le date di riapertura<\/h2>\n\n\n\n<p>Sono appena state pubblicate <strong>le date di presentazione delle domande per l&#8217;aggiornamento graduatorie provinciali per le supplenze, valide per il biennio 2022\/24.<\/strong><\/p>\n\n\n\n<p class=\"has-text-align-center\"><strong><em>Le domande si potranno presentare dal 12 maggio 2022 (ore 9.00) <\/em><\/strong><br><strong><em>al 31 maggio (ore 23.59).<\/em><\/strong><\/p>\n\n\n\n<p>Ecco qui<strong><a href=\"https:\/\/www.orizzontescuola.it\/wp-content\/uploads\/2022\/05\/m_pi.AOODGPER.REGISTRO-UFFICIALEU.0018095.11-05-2022.pdf\" target=\"_blank\" rel=\"noreferrer noopener\"> la nota <\/a><\/strong>che ne parla. <\/p>\n\n\n\n<p>Solo alcuni minuti fa era stata pubblicata <strong>sulla Gazzetta Ufficiale la tanto attesa Ordinanza Ministeriale!<\/strong><\/p>\n\n\n\n<p>\u00c8 accaduto poco fa: e non stiamo pi\u00f9 parlando di una bozza di decreto ma di un documento ufficiale a tutti gli effetti, con una tabella di valutazione dei titoli, che potete scaricare direttamente qui:<\/p>\n\n\n\n<p><strong><a href=\"https:\/\/www.orizzontescuola.it\/wp-content\/uploads\/2022\/05\/Ordinanza-Ministeriale-n.-112-del-6.05.2022-1.pdf\" target=\"_blank\" rel=\"noreferrer noopener\">SCARICA QUI L\u2019ORDINANZA MINISTERIALE<\/a><\/strong><\/p>\n\n\n\n<p>L\u2019Ordinanza, del 6 maggio 2022, \u00e8 stata pubblicata solo alcuni minuti fa.<br>A seguire, <strong>la nota<\/strong> che annunciava le date di riapertura delle graduatorie provinciali per le supplenze.<\/p>\n\n\n\n<p><strong>I termini di presentazione delle istanze saranno dati nei prossimi giorni con una nota ministeriale.<\/strong><br>\u00c8 stato comunque stabilito che <strong>i giorni di tempo per la presentazione delle domande non saranno pi\u00f9 30 ma 20<\/strong>.<\/p>\n\n\n\n<p>Seguiranno ulteriori aggiornamenti. <\/p>\n\n\n\n<p><em>Nel frattempo&#8230;<\/em><\/p>\n\n\n\n<h2>Hai ancora tempo: aggiorna il tuo posizionamento!<\/h2>\n\n\n\n<p class=\"has-text-align-center\"><strong><em>Dalla nuova Ordinanza che regola la riapertura delle graduatorie GPS <\/em><\/strong><br><strong><em>\u00e8 emerso che \u00e8 possibile cambiare provincia,<br>purch\u00e9 si scelga una sola provincia nella quale inserirsi.<\/em><\/strong><\/p>\n\n\n\n<p class=\"has-text-align-center\"><strong><em>Pena: l\u2019esclusione dalle graduatorie.<\/em><\/strong><\/p>\n\n\n\n<p>La provincia scelta vale per tutte le Classi di Concorso alle quali si partecipa.<br>Questo anche se ci si inserisce sia per infanzia\/primaria che secondaria o sostegno.<\/p>\n\n\n\n<p>Per gli aspiranti attualmente inseriti nelle<strong> GPS 2020\/22 <\/strong>non ci sono vincoli: si pu\u00f2 scegliere qualsiasi altra provincia, tranne quelle autonome:&nbsp;Trento, Bolzano e Regione Valle d\u2019Aosta.<\/p>\n\n\n\n<p>Inoltre, l\u2019Ordinanza specifica che:<\/p>\n\n\n\n<p>\u201c<em>Gli aspiranti presentano istanza di inserimento\/aggiornamento\/trasferimento, a pena di esclusione, in un\u2019unica provincia, per una o pi\u00f9 delle GPS e per le correlate graduatorie di istituto di seconda e terza fascia per le quali abbiano i requisiti previsti.<\/em>\u201d<\/p>\n\n\n\n<p>Il che ci riporta direttamente qui:<\/p>\n\n\n\n<p class=\"has-text-align-center\"><strong><em>la scelta della provincia nella quale inserirsi \u00e8 di estrema importanza.<\/em><\/strong><\/p>\n\n\n\n<p class=\"has-text-align-center\"><em><strong>Perch\u00e9 \u00e8 dalla provincia che dipendono le tue possibilit\u00e0<br>di ottenere una convocazione da graduatoria GPS.<\/strong><\/em><\/p>\n\n\n\n<p>Questo significa che, come gi\u00e0 ti avevamo detto in precedenti articoli, se sbagli l\u2019inserimento perch\u00e9 decidi di inserirti su una provincia grande (come Roma, ad esempio), ma sulla Classe di Concorso per la quale ti inserisci tu, sono gi\u00e0 immessi migliaia di aspiranti docenti con il tuo stesso punteggio, il risultato quale sar\u00e0?<\/p>\n\n\n\n<p><strong>Che tu non otterrai mai una convocazione.<\/strong><\/p>\n\n\n\n<p><em>Se decidi di scegliere una provincia solo sulla base del fatto che \u00e8 vicino al tuo luogo di residenza e ai tuoi affetti, che cosa succeder\u00e0?<\/em><\/p>\n\n\n\n<p>Che, magari, su quella provincia ci saranno gi\u00e0 numerosi docenti inseriti, con un posizionamento pi\u00f9 alto del tuo.<br>E questo ti porter\u00e0 sempre al depennamento.<br>Senza esclusione di colpi.<\/p>\n\n\n\n<p class=\"has-text-align-center\"><strong><em>Devi fare molta attenzione alla provincia nella quale scegli di inserirti.<\/em><\/strong><\/p>\n\n\n\n<p class=\"has-text-align-center\"><em><strong>Devi prestare attenzione a quale posizione potresti occupare su una piuttosto che su un\u2019altra.<\/strong><\/em><\/p>\n\n\n\n<p class=\"has-text-align-center\"><strong><em>Inoltre, devi valutare quale provincia sia la pi\u00f9 conveniente per la tua Classe di Concorso.<\/em><\/strong><\/p>\n\n\n\n<p><em>E come puoi farlo?<\/em><\/p>\n\n\n\n<p>Puoi ottenere una proiezione delle <strong>province migliori<\/strong> sulle quali ti posizionerai al meglio.<\/p>\n\n\n\n<p>Ma\u2026<\/p>\n\n\n\n<p>La potrai ottenere soltanto se attiverai&nbsp;<strong><a href=\"https:\/\/www.docenti.it\/in-cattedra.html?lnk=104\" target=\"_blank\" rel=\"noreferrer noopener\">InCattedra<\/a><\/strong>, il protocollo ideato da&nbsp;<strong>Docenti.it<\/strong>.<\/p>\n\n\n\n<p>Questo servizio ti consentir\u00e0 di:<\/p>\n\n\n\n<ul><li>ricevere una consulenza telefonica di un\u2019ora con uno dei nostri consulenti esperti, che valuter\u00e0 per intero la tua situazione in graduatoria GPS;<\/li><li>ottenere&nbsp;<strong><a href=\"https:\/\/www.docenti.it\/in-cattedra.html?lnk=104\" target=\"_blank\" rel=\"noreferrer noopener\">una proiezione delle 6 migliori province<\/a><\/strong>&nbsp;(che sceglierai tu) per vedere direttamente quale posizionamento otterrai su ognuna di esse per la tua Classe di Concorso;<\/li><li>ricevere un report scritto con le indicazioni precise del consulente su quali siano i passi che devi ancora compiere per inserirti in graduatoria al meglio.<\/li><\/ul>\n\n\n\n<p>Il protocollo <strong>InCattedra <\/strong>\u00e8 un servizio e, come tale, non \u00e8 gratuito: ha un costo di 97 euro.<\/p>\n\n\n\n<p>Si tratta di una cifra irrisoria, se teniamo conto del fatto che grazie a questo protocollo tu riuscirai a vedere, nero su bianco, quali sono&nbsp;<strong><a href=\"https:\/\/www.docenti.it\/in-cattedra.html?lnk=104\" target=\"_blank\" rel=\"noreferrer noopener\">le province pi\u00f9 favorevoli per la tua Classe di Concorso<\/a><\/strong>.<\/p>\n\n\n\n<p class=\"has-text-align-center\"><strong><em>Tieni conto che sapere con esattezza su quale provincia ti conviene inserirti equivale a massimizzare le tue possibilit\u00e0 di ottenere una convocazione annuale per insegnare.<\/em><\/strong><\/p>\n\n\n\n<p class=\"has-text-align-center\"><em><strong>Non farlo, equivale a giocarsi la possibilit\u00e0 di ottenere un lavoro.<\/strong><\/em><\/p>\n\n\n\n<p class=\"has-text-align-center\"><em><strong>Te la senti di rischiare?<br>Oppure, vuoi veramente diventare insegnante?<\/strong><\/em><\/p>\n\n\n\n<p class=\"has-text-align-center\"><em><strong>Hai ancora tempo per farlo&#8230; ma devi farlo ora, se vuoi inserirti in graduatoria!<\/strong><\/em><\/p>\n\n\n<p>[maxbutton id=&#8221;1&#8243; url=&#8221;https:\/\/docenti.it\/in-cattedra\/richiesta.html?lnk=104&#8243; text=&#8221;Scopri qual \u00e8 la migliore provincia per la tua Classe di Concorso&#8221; ]<\/p>\n\n\n\n<p><\/p>\n\n\n\n<h2><strong>Contatta la redazione<\/strong><\/h2>\n\n\n\n<p>Hai dubbi da porci o domande riguardo il servizio&nbsp;<strong><a href=\"https:\/\/www.docenti.it\/in-cattedra.html?lnk=104\" target=\"_blank\" rel=\"noreferrer noopener\">InCattedra<\/a><\/strong>?<\/p>\n\n\n\n<p>Puoi contattare la nostra redazione a questo indirizzo:&nbsp;redazione@docenti.it<\/p>\n\n\n\n<p>Riceverai una risposta alle tue domande nel breve tempo possibile.<\/p>\n\n\n\n<p>Vuoi rimanere aggiornato con le ultime notizie sulla riapertura delle GPS graduatorie?<br>Leggi anche:<\/p>\n\n\n\n<ul><li><a href=\"https:\/\/www.docenti.it\/blog\/graduatorie-gps-sai-qual-e-la-provincia-migliore-per-la-tua-cdc-incattedra\/\">Graduatorie GPS: sai qual \u00e8 la provincia migliore per la tua CdC?<\/a><\/li><li><a href=\"https:\/\/www.docenti.it\/blog\/immissioni-in-ruolo-in-arrivo-60mila-assunzioni-da-quali-graduatorie\/\">Immissioni in ruolo: in arrivo 60mila assunzioni. Da quali graduatorie?<\/a><\/li><li><a href=\"https:\/\/www.docenti.it\/blog\/graduatorie-gps-quali-sono-gli-aspiranti-che-non-possono-iscriversi\/\">Graduatorie GPS: quali sono gli aspiranti che non possono iscriversi?<\/a><\/li><li><a href=\"https:\/\/www.docenti.it\/blog\/gps-graduatorie-i-docenti-no-vax-possono-inserirsi\/\">Graduatorie provinciali per le supplenze: i docenti no vax possono inserirsi?<\/a><\/li><\/ul>\n\n\n\n<p>Photo credit: <a href=\"https:\/\/www.pexels.com\/\" target=\"_blank\" rel=\"noreferrer noopener\">Pexels<\/a><\/p>\n","protected":false},"excerpt":{"rendered":"<p>Sono appena state pubblicate le date della riapertura graduatorie GPS: apri l&#8217;articolo e leggi [&hellip;]<\/p>\n","protected":false},"author":21,"featured_media":23385,"comment_status":"open","ping_status":"open","sticky":false,"template":"","format":"standard","meta":[],"categories":[5,233],"tags":[86],"yoast_head":"<!-- This site is optimized with the Yoast SEO plugin v20.4 - https:\/\/yoast.com\/wordpress\/plugins\/seo\/ -->\n<title>Riapertura graduatorie GPS: ecco le date<\/title>\n<meta name=\"description\" content=\"Sono appena state pubblicate le date della riapertura graduatorie GPS: apri l&#039;articolo e leggi da quando potrai inoltrare la domanda.\" \/>\n<meta name=\"robots\" content=\"index, follow, max-snippet:-1, max-image-preview:large, max-video-preview:-1\" \/>\n<link rel=\"canonical\" href=\"https:\/\/www.docenti.it\/blog\/riapertura-graduatorie-gps-ecco-le-date\/\" \/>\n<meta property=\"og:locale\" content=\"it_IT\" \/>\n<meta property=\"og:type\" content=\"article\" \/>\n<meta property=\"og:title\" content=\"Riapertura graduatorie GPS: ecco le date\" \/>\n<meta property=\"og:description\" content=\"Sono appena state pubblicate le date della riapertura graduatorie GPS: apri l&#039;articolo e leggi da quando potrai inoltrare la domanda.\" \/>\n<meta property=\"og:url\" content=\"https:\/\/www.docenti.it\/blog\/riapertura-graduatorie-gps-ecco-le-date\/\" \/>\n<meta property=\"og:site_name\" content=\"Blog | Docenti.it\" \/>\n<meta property=\"article:publisher\" content=\"https:\/\/www.facebook.com\/docenti.it\" \/>\n<meta property=\"article:author\" content=\"https:\/\/www.facebook.com\/profile.php?id=1555867670\" \/>\n<meta property=\"article:published_time\" content=\"2022-05-11T14:16:41+00:00\" \/>\n<meta property=\"article:modified_time\" content=\"2022-05-13T14:05:56+00:00\" \/>\n<meta property=\"og:image\" content=\"https:\/\/www.docenti.it\/blog\/wp-content\/uploads\/2022\/05\/pexels-pixabay-159844.jpg\" \/>\n\t<meta property=\"og:image:width\" content=\"640\" \/>\n\t<meta property=\"og:image:height\" content=\"426\" \/>\n\t<meta property=\"og:image:type\" content=\"image\/jpeg\" \/>\n<meta name=\"author\" content=\"Martina Vaggi\" \/>\n<meta name=\"twitter:card\" content=\"summary_large_image\" \/>\n<meta name=\"twitter:label1\" content=\"Written by\" \/>\n\t<meta name=\"twitter:data1\" content=\"Martina Vaggi\" \/>\n\t<meta name=\"twitter:label2\" content=\"Est. reading time\" \/>\n\t<meta name=\"twitter:data2\" content=\"5 minuti\" \/>\n<script type=\"application\/ld+json\" class=\"yoast-schema-graph\">{\"@context\":\"https:\/\/schema.org\",\"@graph\":[{\"@type\":\"Article\",\"@id\":\"https:\/\/www.docenti.it\/blog\/riapertura-graduatorie-gps-ecco-le-date\/#article\",\"isPartOf\":{\"@id\":\"https:\/\/www.docenti.it\/blog\/riapertura-graduatorie-gps-ecco-le-date\/\"},\"author\":{\"name\":\"Martina Vaggi\",\"@id\":\"https:\/\/www.docenti.it\/blog\/#\/schema\/person\/99c2fdaf54e96829fe4ed44da8233688\"},\"headline\":\"Riapertura graduatorie GPS: ecco le date\",\"datePublished\":\"2022-05-11T14:16:41+00:00\",\"dateModified\":\"2022-05-13T14:05:56+00:00\",\"mainEntityOfPage\":{\"@id\":\"https:\/\/www.docenti.it\/blog\/riapertura-graduatorie-gps-ecco-le-date\/\"},\"wordCount\":854,\"commentCount\":0,\"publisher\":{\"@id\":\"https:\/\/www.docenti.it\/blog\/#organization\"},\"keywords\":[\"aggiornamento graduatorie GPS\"],\"articleSection\":[\"Graduatorie scuola\",\"InCattedra\"],\"inLanguage\":\"it-IT\",\"potentialAction\":[{\"@type\":\"CommentAction\",\"name\":\"Comment\",\"target\":[\"https:\/\/www.docenti.it\/blog\/riapertura-graduatorie-gps-ecco-le-date\/#respond\"]}]},{\"@type\":\"WebPage\",\"@id\":\"https:\/\/www.docenti.it\/blog\/riapertura-graduatorie-gps-ecco-le-date\/\",\"url\":\"https:\/\/www.docenti.it\/blog\/riapertura-graduatorie-gps-ecco-le-date\/\",\"name\":\"Riapertura graduatorie GPS: ecco le date\",\"isPartOf\":{\"@id\":\"https:\/\/www.docenti.it\/blog\/#website\"},\"datePublished\":\"2022-05-11T14:16:41+00:00\",\"dateModified\":\"2022-05-13T14:05:56+00:00\",\"description\":\"Sono appena state pubblicate le date della riapertura graduatorie GPS: apri l'articolo e leggi da quando potrai inoltrare la domanda.\",\"breadcrumb\":{\"@id\":\"https:\/\/www.docenti.it\/blog\/riapertura-graduatorie-gps-ecco-le-date\/#breadcrumb\"},\"inLanguage\":\"it-IT\",\"potentialAction\":[{\"@type\":\"ReadAction\",\"target\":[\"https:\/\/www.docenti.it\/blog\/riapertura-graduatorie-gps-ecco-le-date\/\"]}]},{\"@type\":\"BreadcrumbList\",\"@id\":\"https:\/\/www.docenti.it\/blog\/riapertura-graduatorie-gps-ecco-le-date\/#breadcrumb\",\"itemListElement\":[{\"@type\":\"ListItem\",\"position\":1,\"name\":\"Home\",\"item\":\"https:\/\/www.docenti.it\/blog\/\"},{\"@type\":\"ListItem\",\"position\":2,\"name\":\"Riapertura graduatorie GPS: ecco le date\"}]},{\"@type\":\"WebSite\",\"@id\":\"https:\/\/www.docenti.it\/blog\/#website\",\"url\":\"https:\/\/www.docenti.it\/blog\/\",\"name\":\"Blog | Docenti.it\",\"description\":\"Tutte le notizie e gli aggiornamenti dal mondo della scuola\",\"publisher\":{\"@id\":\"https:\/\/www.docenti.it\/blog\/#organization\"},\"potentialAction\":[{\"@type\":\"SearchAction\",\"target\":{\"@type\":\"EntryPoint\",\"urlTemplate\":\"https:\/\/www.docenti.it\/blog\/?s={search_term_string}\"},\"query-input\":\"required name=search_term_string\"}],\"inLanguage\":\"it-IT\"},{\"@type\":\"Organization\",\"@id\":\"https:\/\/www.docenti.it\/blog\/#organization\",\"name\":\"Blog | Docenti.it\",\"url\":\"https:\/\/www.docenti.it\/blog\/\",\"logo\":{\"@type\":\"ImageObject\",\"inLanguage\":\"it-IT\",\"@id\":\"https:\/\/www.docenti.it\/blog\/#\/schema\/logo\/image\/\",\"url\":\"https:\/\/www.docenti.it\/blog\/wp-content\/uploads\/2025\/06\/fb_mad_img.png\",\"contentUrl\":\"https:\/\/www.docenti.it\/blog\/wp-content\/uploads\/2025\/06\/fb_mad_img.png\",\"width\":1140,\"height\":620,\"caption\":\"Blog | Docenti.it\"},\"image\":{\"@id\":\"https:\/\/www.docenti.it\/blog\/#\/schema\/logo\/image\/\"},\"sameAs\":[\"https:\/\/www.facebook.com\/docenti.it\"]},{\"@type\":\"Person\",\"@id\":\"https:\/\/www.docenti.it\/blog\/#\/schema\/person\/99c2fdaf54e96829fe4ed44da8233688\",\"name\":\"Martina Vaggi\",\"image\":{\"@type\":\"ImageObject\",\"inLanguage\":\"it-IT\",\"@id\":\"https:\/\/www.docenti.it\/blog\/#\/schema\/person\/image\/\",\"url\":\"https:\/\/secure.gravatar.com\/avatar\/14a13197979873d693ad915d249e3f54?s=96&d=mm&r=g\",\"contentUrl\":\"https:\/\/secure.gravatar.com\/avatar\/14a13197979873d693ad915d249e3f54?s=96&d=mm&r=g\",\"caption\":\"Martina Vaggi\"},\"description\":\"Classe 1991, copywriter e scrittrice. Nata a Sale, un paesino in provincia di Alessandria. Scrive dall\u2019et\u00e0 di 10 anni. Nel 2015 si laurea in Lettere Moderne presso l\u2019universit\u00e0 di Pavia. Nel 2020 pubblica il suo primo libro \\\"Il diario del silenzio - Storie reali di quarantena\\\" che descrive il processo di cambiamento della vita di 40 persone ai tempi del Covid. Nel 2022 si trasferisce a San Marino per lavorare come copywriter per Docenti.it\",\"sameAs\":[\"https:\/\/pensierisurrealidigentecomune.com\/\",\"https:\/\/www.facebook.com\/profile.php?id=1555867670\",\"https:\/\/www.instagram.com\/martiggi91\/\",\"https:\/\/it.linkedin.com\/in\/martina-vaggi\",\"https:\/\/www.youtube.com\/results?search_query=martina+vaggi\"],\"url\":\"https:\/\/www.docenti.it\/blog\/author\/martina-vaggi\/\"}]}<\/script>\n<!-- \/ Yoast SEO plugin. -->","yoast_head_json":{"title":"Riapertura graduatorie GPS: ecco le date","description":"Sono appena state pubblicate le date della riapertura graduatorie GPS: apri l'articolo e leggi da quando potrai inoltrare la domanda.","robots":{"index":"index","follow":"follow","max-snippet":"max-snippet:-1","max-image-preview":"max-image-preview:large","max-video-preview":"max-video-preview:-1"},"canonical":"https:\/\/www.docenti.it\/blog\/riapertura-graduatorie-gps-ecco-le-date\/","og_locale":"it_IT","og_type":"article","og_title":"Riapertura graduatorie GPS: ecco le date","og_description":"Sono appena state pubblicate le date della riapertura graduatorie GPS: apri l'articolo e leggi da quando potrai inoltrare la domanda.","og_url":"https:\/\/www.docenti.it\/blog\/riapertura-graduatorie-gps-ecco-le-date\/","og_site_name":"Blog | Docenti.it","article_publisher":"https:\/\/www.facebook.com\/docenti.it","article_author":"https:\/\/www.facebook.com\/profile.php?id=1555867670","article_published_time":"2022-05-11T14:16:41+00:00","article_modified_time":"2022-05-13T14:05:56+00:00","og_image":[{"width":640,"height":426,"url":"https:\/\/www.docenti.it\/blog\/wp-content\/uploads\/2022\/05\/pexels-pixabay-159844.jpg","type":"image\/jpeg"}],"author":"Martina Vaggi","twitter_card":"summary_large_image","twitter_misc":{"Written by":"Martina Vaggi","Est. reading time":"5 minuti"},"schema":{"@context":"https:\/\/schema.org","@graph":[{"@type":"Article","@id":"https:\/\/www.docenti.it\/blog\/riapertura-graduatorie-gps-ecco-le-date\/#article","isPartOf":{"@id":"https:\/\/www.docenti.it\/blog\/riapertura-graduatorie-gps-ecco-le-date\/"},"author":{"name":"Martina Vaggi","@id":"https:\/\/www.docenti.it\/blog\/#\/schema\/person\/99c2fdaf54e96829fe4ed44da8233688"},"headline":"Riapertura graduatorie GPS: ecco le date","datePublished":"2022-05-11T14:16:41+00:00","dateModified":"2022-05-13T14:05:56+00:00","mainEntityOfPage":{"@id":"https:\/\/www.docenti.it\/blog\/riapertura-graduatorie-gps-ecco-le-date\/"},"wordCount":854,"commentCount":0,"publisher":{"@id":"https:\/\/www.docenti.it\/blog\/#organization"},"keywords":["aggiornamento graduatorie GPS"],"articleSection":["Graduatorie scuola","InCattedra"],"inLanguage":"it-IT","potentialAction":[{"@type":"CommentAction","name":"Comment","target":["https:\/\/www.docenti.it\/blog\/riapertura-graduatorie-gps-ecco-le-date\/#respond"]}]},{"@type":"WebPage","@id":"https:\/\/www.docenti.it\/blog\/riapertura-graduatorie-gps-ecco-le-date\/","url":"https:\/\/www.docenti.it\/blog\/riapertura-graduatorie-gps-ecco-le-date\/","name":"Riapertura graduatorie GPS: ecco le date","isPartOf":{"@id":"https:\/\/www.docenti.it\/blog\/#website"},"datePublished":"2022-05-11T14:16:41+00:00","dateModified":"2022-05-13T14:05:56+00:00","description":"Sono appena state pubblicate le date della riapertura graduatorie GPS: apri l'articolo e leggi da quando potrai inoltrare la domanda.","breadcrumb":{"@id":"https:\/\/www.docenti.it\/blog\/riapertura-graduatorie-gps-ecco-le-date\/#breadcrumb"},"inLanguage":"it-IT","potentialAction":[{"@type":"ReadAction","target":["https:\/\/www.docenti.it\/blog\/riapertura-graduatorie-gps-ecco-le-date\/"]}]},{"@type":"BreadcrumbList","@id":"https:\/\/www.docenti.it\/blog\/riapertura-graduatorie-gps-ecco-le-date\/#breadcrumb","itemListElement":[{"@type":"ListItem","position":1,"name":"Home","item":"https:\/\/www.docenti.it\/blog\/"},{"@type":"ListItem","position":2,"name":"Riapertura graduatorie GPS: ecco le date"}]},{"@type":"WebSite","@id":"https:\/\/www.docenti.it\/blog\/#website","url":"https:\/\/www.docenti.it\/blog\/","name":"Blog | Docenti.it","description":"Tutte le notizie e gli aggiornamenti dal mondo della scuola","publisher":{"@id":"https:\/\/www.docenti.it\/blog\/#organization"},"potentialAction":[{"@type":"SearchAction","target":{"@type":"EntryPoint","urlTemplate":"https:\/\/www.docenti.it\/blog\/?s={search_term_string}"},"query-input":"required name=search_term_string"}],"inLanguage":"it-IT"},{"@type":"Organization","@id":"https:\/\/www.docenti.it\/blog\/#organization","name":"Blog | Docenti.it","url":"https:\/\/www.docenti.it\/blog\/","logo":{"@type":"ImageObject","inLanguage":"it-IT","@id":"https:\/\/www.docenti.it\/blog\/#\/schema\/logo\/image\/","url":"https:\/\/www.docenti.it\/blog\/wp-content\/uploads\/2025\/06\/fb_mad_img.png","contentUrl":"https:\/\/www.docenti.it\/blog\/wp-content\/uploads\/2025\/06\/fb_mad_img.png","width":1140,"height":620,"caption":"Blog | Docenti.it"},"image":{"@id":"https:\/\/www.docenti.it\/blog\/#\/schema\/logo\/image\/"},"sameAs":["https:\/\/www.facebook.com\/docenti.it"]},{"@type":"Person","@id":"https:\/\/www.docenti.it\/blog\/#\/schema\/person\/99c2fdaf54e96829fe4ed44da8233688","name":"Martina Vaggi","image":{"@type":"ImageObject","inLanguage":"it-IT","@id":"https:\/\/www.docenti.it\/blog\/#\/schema\/person\/image\/","url":"https:\/\/secure.gravatar.com\/avatar\/14a13197979873d693ad915d249e3f54?s=96&d=mm&r=g","contentUrl":"https:\/\/secure.gravatar.com\/avatar\/14a13197979873d693ad915d249e3f54?s=96&d=mm&r=g","caption":"Martina Vaggi"},"description":"Classe 1991, copywriter e scrittrice. Nata a Sale, un paesino in provincia di Alessandria. Scrive dall\u2019et\u00e0 di 10 anni. Nel 2015 si laurea in Lettere Moderne presso l\u2019universit\u00e0 di Pavia. Nel 2020 pubblica il suo primo libro \"Il diario del silenzio - Storie reali di quarantena\" che descrive il processo di cambiamento della vita di 40 persone ai tempi del Covid. Nel 2022 si trasferisce a San Marino per lavorare come copywriter per Docenti.it","sameAs":["https:\/\/pensierisurrealidigentecomune.com\/","https:\/\/www.facebook.com\/profile.php?id=1555867670","https:\/\/www.instagram.com\/martiggi91\/","https:\/\/it.linkedin.com\/in\/martina-vaggi","https:\/\/www.youtube.com\/results?search_query=martina+vaggi"],"url":"https:\/\/www.docenti.it\/blog\/author\/martina-vaggi\/"}]}},"_links":{"self":[{"href":"https:\/\/www.docenti.it\/blog\/wp-json\/wp\/v2\/posts\/23382"}],"collection":[{"href":"https:\/\/www.docenti.it\/blog\/wp-json\/wp\/v2\/posts"}],"about":[{"href":"https:\/\/www.docenti.it\/blog\/wp-json\/wp\/v2\/types\/post"}],"author":[{"embeddable":true,"href":"https:\/\/www.docenti.it\/blog\/wp-json\/wp\/v2\/users\/21"}],"replies":[{"embeddable":true,"href":"https:\/\/www.docenti.it\/blog\/wp-json\/wp\/v2\/comments?post=23382"}],"version-history":[{"count":30,"href":"https:\/\/www.docenti.it\/blog\/wp-json\/wp\/v2\/posts\/23382\/revisions"}],"predecessor-version":[{"id":23700,"href":"https:\/\/www.docenti.it\/blog\/wp-json\/wp\/v2\/posts\/23382\/revisions\/23700"}],"wp:featuredmedia":[{"embeddable":true,"href":"https:\/\/www.docenti.it\/blog\/wp-json\/wp\/v2\/media\/23385"}],"wp:attachment":[{"href":"https:\/\/www.docenti.it\/blog\/wp-json\/wp\/v2\/media?parent=23382"}],"wp:term":[{"taxonomy":"category","embeddable":true,"href":"https:\/\/www.docenti.it\/blog\/wp-json\/wp\/v2\/categories?post=23382"},{"taxonomy":"post_tag","embeddable":true,"href":"https:\/\/www.docenti.it\/blog\/wp-json\/wp\/v2\/tags?post=23382"}],"curies":[{"name":"wp","href":"https:\/\/api.w.org\/{rel}","templated":true}]}}