{"id":23731,"date":"2022-05-16T12:20:23","date_gmt":"2022-05-16T10:20:23","guid":{"rendered":"https:\/\/www.docenti.it\/blog\/?p=23731"},"modified":"2022-05-23T10:04:41","modified_gmt":"2022-05-23T08:04:41","slug":"primo-inserimento-gps-ecco-il-tutorial-per-compilare-la-domanda-video-incattedra","status":"publish","type":"post","link":"https:\/\/www.docenti.it\/blog\/primo-inserimento-gps-ecco-il-tutorial-per-compilare-la-domanda-video-incattedra\/","title":{"rendered":"Primo inserimento GPS: ecco il tutorial per compilare la domanda (VIDEO)"},"content":{"rendered":"\n<p>\u00c8 il tuo primo <strong>inserimento GPS<\/strong>? <\/p>\n\n\n\n<p>Guarda <strong>il tutorial ideato da Docenti.it<\/strong> per compilare in maniera corretta la tua domanda di inserimento.<\/p>\n\n\n\n<!--more-->\n\n\n\n<h2>Riapertura graduatorie GPS: le ultime news<\/h2>\n\n\n\n<p class=\"has-text-align-center\"><em><strong>Le graduatorie GPS sono state riaperte.<\/strong><\/em><\/p>\n\n\n\n<p>Fino al 31 maggio su<strong>&nbsp;IstanzeOnline<\/strong>&nbsp;sar\u00e0 possibile aggiornare il punteggio, selezionare una nuova provincia per il trasferimento ed effettuare nuovi inserimenti nelle graduatorie su posto comune e di sostegno.<\/p>\n\n\n\n<p>Ma questo gi\u00e0 lo sappiamo. <\/p>\n\n\n\n<p class=\"has-text-align-center\"><strong><em>Quello che sta emergendo, per\u00f2, in queste settimane di fuoco \u00e8 che molti tra gli aspiranti docenti<br> sono in preda alla confusione pi\u00f9 totale su come effettuare il loro primo inserimento GPS. <\/em><\/strong><\/p>\n\n\n\n<p>La confusione, com&#8217;era prevedibile, riguarda proprio la compilazione della domanda online. <\/p>\n\n\n\n<p>Per questo motivo, noi di <strong>Docenti.it <\/strong>abbiamo deciso di ideare un video tutorial, dove viene spiegato, passo dopo passo,<strong> in che modo compilare la domanda online per le graduatorie GPS.<\/strong> <\/p>\n\n\n\n<p>Vai al prossimo paragrafo per vedere il video!<\/p>\n\n\n\n<h2>Primo inserimento GPS: come compilare la domanda (VIDEO)<\/h2>\n\n\n\n<p>Ecco il video che abbiamo ideato per mostrarti in che modo compilare la tua domanda online per l&#8217;<strong>inserimento GPS<\/strong>. <\/p>\n\n\n\n<figure class=\"wp-block-embed is-type-video is-provider-youtube wp-block-embed-youtube wp-embed-aspect-16-9 wp-has-aspect-ratio\"><div class=\"wp-block-embed__wrapper\">\n<iframe loading=\"lazy\" title=\"Video Tutorial - Inserimento Domanda GPS - 2022\" width=\"1240\" height=\"698\" src=\"https:\/\/www.youtube.com\/embed\/61wPlrhu7WU?feature=oembed\" frameborder=\"0\" allow=\"accelerometer; autoplay; clipboard-write; encrypted-media; gyroscope; picture-in-picture; web-share\" allowfullscreen><\/iframe>\n<\/div><\/figure>\n\n\n\n<p><\/p>\n\n\n\n<p>&#8230; Dopo averti mostrato in che modo compilare la tua domanda, abbiamo un&#8217;ulteriore comunicazione importante da farti. <\/p>\n\n\n\n<p>Continua a leggere.<\/p>\n\n\n\n<h2>Scopri dove inserirti al meglio in graduatoria<\/h2>\n\n\n\n<p>Il primo <strong>inserimento GPS <\/strong>\u00e8 molto importante per te. <\/p>\n\n\n\n<p>Prima di tutto, perch\u00e9 queste graduatorie avranno validit\u00e0 biennale (di conseguenza, se commetti errori nel tuo inserimento, rischi di essere depennato e di non lavorare per ben 2 anni!), ma non solo&#8230;<\/p>\n\n\n\n<p class=\"has-text-align-center\"><em><strong>&#8230; Tieni conto, infatti, che dal tuo primo inserimento (e posizionamento) in graduatoria <br>derivano le tue possibilit\u00e0 di ottenere (o meno) una convocazione. <\/strong><\/em><\/p>\n\n\n\n<p>Per questo motivo, devi essere sicuro di inserirti al meglio, in modo tale da ottenere un posizionamento degno di nota, che possa cio\u00e8 <strong>darti una possibilit\u00e0 di convocazione rispetto ai migliaia di docenti gi\u00e0 inseriti su una determinata provincia per la tua stessa Classe di Concorso.<\/strong> <\/p>\n\n\n\n<p><em>&#8230; Ed ecco che arriviamo al sodo. <\/em><\/p>\n\n\n\n<p class=\"has-text-align-center\"><strong>La scelta della provincia \u00e8 di fondamentale importanza per te. <\/strong><\/p>\n\n\n\n<p class=\"has-text-align-center\"><em><strong>Questo perch\u00e9 esistono province pi\u00f9 favorevoli e altre meno: <br>ovvero, province dove potrai ottenere un posizionamento pi\u00f9 alto per la tua Classe di Concorso e altre dove&#8230; <br>non avrai alcuna possibilit\u00e0 di una convocazione. <\/strong><\/em><\/p>\n\n\n\n<p>Solitamente, la scelta della provincia viene fatta in maniera molto superficiale dal candidato docente. <br>Questo perch\u00e9, di solito, si tende a basare questa scelta solo su un unico fattore: <strong>la vicinanza al proprio luogo di residenza. <\/strong><\/p>\n\n\n\n<p>Effettivamente, non tutti sono disposti (o sono nella situazione ideale) ad affrontare un trasferimento: ma questo, purtroppo, pu\u00f2 essere necessario, se si presenta l&#8217;occasione. <\/p>\n\n\n\n<p><em>Ma in che modo puoi riconoscere questa occasione (per poi, eventualmente, coglierla)?<\/em><\/p>\n\n\n\n<p>Continua a leggere e scoprilo!<\/p>\n\n\n\n<h3>La proiezione delle 6 migliori province<\/h3>\n\n\n\n<p>Per cogliere al meglio un&#8217;occasione servono due fattori essenziali:<\/p>\n\n\n\n<ul><li>un buon tempismo;<\/li><li>ed essere in possesso degli strumenti giusti. <\/li><\/ul>\n\n\n\n<p>Si d\u00e0 il caso che tu, come singolo candidato, in questo momento sia in possesso di entrambi i fattori. <\/p>\n\n\n\n<p>Infatti, il fatto che le graduatorie abbiano riaperto, significa una cosa soltanto: hai ancora tempo fino al 31 maggio per poterti inserire in maniera adeguata. <\/p>\n\n\n\n<p>E questo significa anche che&#8230;<\/p>\n\n\n\n<p class=\"has-text-align-center\">.<em><strong>.. Hai tempo fino a quella data per poter compiere tutti i passi <br>utili e necessari al fine di inserirti al meglio.<\/strong><\/em><\/p>\n\n\n\n<p>Quindi&#8230; il tempo per migliorare la tua situazione attuale c\u2019\u00e8. <br>Ma non \u00e8 infinito.<br>E inoltre&#8230; devi voler essere tu a migliorare per primo. <\/p>\n\n\n\n<p>E qui arriviamo al secondo fattore del quale ti abbiamo accennato. <\/p>\n\n\n\n<p class=\"has-text-align-center\"><strong><em>Possedere gli strumenti giusti equivale ad avere una consapevolezza molto importante. <\/em><\/strong><\/p>\n\n\n\n<p class=\"has-text-align-center\"><strong><em>La consapevolezza che, fino a questo momento, di questi strumenti tu ne eri privo.<br>La consapevolezza che, da ora in poi, se vorrai, potrai capire quale scelta \u00e8 la migliore per te. <\/em><\/strong><\/p>\n\n\n\n<p>E quando parliamo di scelta, ci rifacciamo sempre al discorso della provincia.<br>In realt\u00e0 l&#8217;intero discorso che riguarda i due fattori concerne la provincia. <\/p>\n\n\n\n<p>Infatti, per poter avere le idee ben chiare di quale risultato tu potrai ottenere da questo primo <strong>inserimento GPS<\/strong>, devi  prima di tutto essere consapevole che avrai bisogno di vedere la tua situazione con molta chiarezza e trasparenza. <\/p>\n\n\n\n<p class=\"has-text-align-center\"><strong><em>Tu dovrai sapere con precisione da quale punto parti e dove potrai arrivare. <br>Devi saperlo, non c\u2019\u00e8 altro modo.<\/em><\/strong><\/p>\n\n\n\n<p>E per scoprirlo, devi munirti degli strumenti che ti possano aiutare in questo percorso.<\/p>\n\n\n\n<p>Lo strumento essenziale che \u00e8 funzionale a delineare il tuo punto di partenza e il tuo punto di arrivo \u00e8<a href=\"https:\/\/www.docenti.it\/in-cattedra.html?lnk=104\" target=\"_blank\" rel=\"noreferrer noopener\"> <strong>InCattedra<\/strong><\/a>.<\/p>\n\n\n\n<p>Questo protocollo, ideato da <strong>Docenti.it<\/strong>, ti consente esattamente di prendere visione della tua attuale situazione in <strong>graduatoria GPS <\/strong>e di quella futura che potresti avere, se solo sceglierai di affidarti a noi.<\/p>\n\n\n\n<p>Scegliendo <strong><a href=\"https:\/\/www.docenti.it\/in-cattedra.html?lnk=104\" target=\"_blank\" rel=\"noreferrer noopener\">InCattedra<\/a><\/strong>, infatti, tu avrai un consulente esperto del settore che ti accompagner\u00e0 con una consulenza telefonica specifica (della durata di un&#8217;ora), durante la quale ti mostrer\u00e0 <strong>una proiezione delle 6 migliori province sulle quali tu otterrai un posizionamento pi\u00f9 alto per la tua Classe di Concorso.<\/strong><\/p>\n\n\n\n<p class=\"has-text-align-center\"><em><strong>InCattedra \u00e8 quel protocollo che ha gi\u00e0 aiutato migliaia di docenti <br>a prendere consapevolezza della loro posizione in graduatoria. <\/strong><\/em><\/p>\n\n\n<p>[maxbutton id=&#8221;1&#8243; url=&#8221;https:\/\/docenti.it\/in-cattedra\/richiesta.html?lnk=104&#8243; text=&#8221;Attiva InCattedra&#8221; ]<\/p>\n\n\n\n<p><\/p>\n\n\n\n<p>In questo modo, tu avrai modo di scoprire:<\/p>\n\n\n\n<ul><li>quanti candidati hai davanti a te su quella provincia (capendo, cos\u00ec, <strong>quali sono le tue concrete possibilit\u00e0 di ottenere una convocazione<\/strong>);<\/li><li>e quali sono le province dove ti conviene candidarti per la tua Classe di Concorso.<\/li><\/ul>\n\n\n\n<p>Tutto questo \u00e8 possibile. <br>Ma solo se deciderai di affidarti ad<strong><a href=\"https:\/\/www.docenti.it\/in-cattedra.html?lnk=104\" target=\"_blank\" rel=\"noreferrer noopener\"> InCattedra<\/a><\/strong>.<\/p>\n\n\n\n<p>Come vedi, mi rivolgo direttamente e personalmente a te, perch\u00e9 per quanto questo protocollo sia efficace ed affidabile (e lo \u00e8), la scelta, alla fine&#8230; \u00e8 sempre la tua. <\/p>\n\n\n\n<p>Sei tu che devi decidere se vuoi davvero inserirti al meglio in graduatoria.<br>Sei tu che devi capire se vuoi davvero (e realmente) aumentare le tue possibilit\u00e0 di ottenere una convocazione.<br>E ultimo, ma non per importanza&#8230; sei tu che devi porti la domanda: &#8220;<em>Ma io voglio davvero insegnare?<\/em>&#8220;<\/p>\n\n\n\n<p>Se la risposta \u00e8 &#8220;<em>Si<\/em>&#8220;, sei tu che devi agire e fare la cosa giusta. <\/p>\n\n\n\n<p class=\"has-text-align-center\"><em><strong>Perch\u00e9 non sono certo gli altri a decidere per te.<\/strong><\/em><\/p>\n\n\n\n<p class=\"has-text-align-center\"><em><strong>La decisione \u00e8 solo tua. <\/strong><\/em><\/p>\n\n\n\n<p class=\"has-text-align-center\"><strong><em>Ma devi muoverti in fretta: il tempo sta per scadere!<\/em><\/strong><\/p>\n\n\n<p>[maxbutton id=&#8221;1&#8243; url=&#8221;https:\/\/docenti.it\/in-cattedra\/richiesta.html?lnk=104&#8243; text=&#8221;Scopri ADESSO qual \u00e8 la migliore provincia per la tua Classe di Concorso&#8221; ]<\/p>\n\n\n\n<p><\/p>\n\n\n\n<h2><strong>Contatta la redazione<\/strong><\/h2>\n\n\n\n<p>Hai dubbi da porci o domande riguardo il servizio&nbsp;<strong><a href=\"https:\/\/www.docenti.it\/in-cattedra.html?lnk=104\" target=\"_blank\" rel=\"noreferrer noopener\">InCattedra<\/a><\/strong>?<\/p>\n\n\n\n<p>Puoi contattare la nostra redazione a questo indirizzo:&nbsp;redazione@docenti.it<\/p>\n\n\n\n<p>Riceverai una risposta alle tue domande nel breve tempo possibile.<\/p>\n\n\n\n<p>Rimani aggiornato sulle ultime notizie che riguardano la riapertura delle graduatorie GPS.<br>Leggi anche:<\/p>\n\n\n\n<ul><li><a href=\"https:\/\/www.docenti.it\/blog\/graduatorie-gps-2022-cosa-prevede-la-rinuncia-allincarico-incattedra\/\">Graduatorie GPS 2022: cosa prevede la rinuncia all\u2019incarico<\/a><\/li><li><a href=\"https:\/\/www.docenti.it\/blog\/gps-2022-come-funziona-il-punteggio-per-i-docenti-non-vaccinati-incattedra\/\">Graduatorie GPS 2022: come funziona il punteggio per i docenti non vaccinati?<\/a><\/li><li><a href=\"https:\/\/www.docenti.it\/blog\/gps-graduatorie-chi-deve-avere-i-24-cfu-per-potersi-iscrivere\/\">GPS graduatorie: chi deve avere i 24 CFU per potersi iscrivere?<\/a><\/li><li><a href=\"https:\/\/www.docenti.it\/blog\/gps-2022-le-modifiche-dei-sindacati-non-compaiono-anief-prepara-ricorso\/\">GPS 2022: le modifiche dei sindacati non compaiono. Anief prepara ricorso<\/a><\/li><\/ul>\n\n\n\n<p>E seguici su&nbsp;<strong><a href=\"https:\/\/www.facebook.com\/docenti.it\" target=\"_blank\" rel=\"noreferrer noopener\">Facebook<\/a><\/strong>&nbsp;e&nbsp;<a href=\"https:\/\/www.instagram.com\/docenti.it\/\" target=\"_blank\" rel=\"noreferrer noopener\"><strong>Instagram<\/strong><\/a>.<\/p>\n\n\n\n<p>Photo credit: <a href=\"https:\/\/pixabay.com\/\" target=\"_blank\" rel=\"noreferrer noopener\">Pixabay<\/a><\/p>\n","protected":false},"excerpt":{"rendered":"<p>\u00c8 il tuo primo inserimento GPS? Guarda il tutorial ideato da Docenti.it per compilare [&hellip;]<\/p>\n","protected":false},"author":21,"featured_media":23733,"comment_status":"open","ping_status":"open","sticky":false,"template":"","format":"standard","meta":[],"categories":[5,233],"tags":[86,441],"yoast_head":"<!-- This site is optimized with the Yoast SEO plugin v20.4 - https:\/\/yoast.com\/wordpress\/plugins\/seo\/ -->\n<title>Primo inserimento GPS: ecco il tutorial per compilare la domanda (VIDEO)<\/title>\n<meta name=\"description\" content=\"\u00c8 il tuo primo inserimento GPS? Guarda il tutorial ideato da Docenti.it per compilare in maniera corretta la domanda di inserimento.\" \/>\n<meta name=\"robots\" content=\"index, follow, max-snippet:-1, max-image-preview:large, max-video-preview:-1\" \/>\n<link rel=\"canonical\" href=\"https:\/\/www.docenti.it\/blog\/primo-inserimento-gps-ecco-il-tutorial-per-compilare-la-domanda-video-incattedra\/\" \/>\n<meta property=\"og:locale\" content=\"it_IT\" \/>\n<meta property=\"og:type\" content=\"article\" \/>\n<meta property=\"og:title\" content=\"Primo inserimento GPS: ecco il tutorial per compilare la domanda (VIDEO)\" \/>\n<meta property=\"og:description\" content=\"\u00c8 il tuo primo inserimento GPS? Guarda il tutorial ideato da Docenti.it per compilare in maniera corretta la domanda di inserimento.\" \/>\n<meta property=\"og:url\" content=\"https:\/\/www.docenti.it\/blog\/primo-inserimento-gps-ecco-il-tutorial-per-compilare-la-domanda-video-incattedra\/\" \/>\n<meta property=\"og:site_name\" content=\"Blog | Docenti.it\" \/>\n<meta property=\"article:publisher\" content=\"https:\/\/www.facebook.com\/docenti.it\" \/>\n<meta property=\"article:author\" content=\"https:\/\/www.facebook.com\/profile.php?id=1555867670\" \/>\n<meta property=\"article:published_time\" content=\"2022-05-16T10:20:23+00:00\" \/>\n<meta property=\"article:modified_time\" content=\"2022-05-23T08:04:41+00:00\" \/>\n<meta property=\"og:image\" content=\"https:\/\/www.docenti.it\/blog\/wp-content\/uploads\/2022\/05\/webinar-gd9efcc4dc_640.png\" \/>\n\t<meta property=\"og:image:width\" content=\"640\" \/>\n\t<meta property=\"og:image:height\" content=\"459\" \/>\n\t<meta property=\"og:image:type\" content=\"image\/png\" \/>\n<meta name=\"author\" content=\"Martina Vaggi\" \/>\n<meta name=\"twitter:card\" content=\"summary_large_image\" \/>\n<meta name=\"twitter:label1\" content=\"Written by\" \/>\n\t<meta name=\"twitter:data1\" content=\"Martina Vaggi\" \/>\n\t<meta name=\"twitter:label2\" content=\"Est. reading time\" \/>\n\t<meta name=\"twitter:data2\" content=\"6 minuti\" \/>\n<script type=\"application\/ld+json\" class=\"yoast-schema-graph\">{\"@context\":\"https:\/\/schema.org\",\"@graph\":[{\"@type\":\"Article\",\"@id\":\"https:\/\/www.docenti.it\/blog\/primo-inserimento-gps-ecco-il-tutorial-per-compilare-la-domanda-video-incattedra\/#article\",\"isPartOf\":{\"@id\":\"https:\/\/www.docenti.it\/blog\/primo-inserimento-gps-ecco-il-tutorial-per-compilare-la-domanda-video-incattedra\/\"},\"author\":{\"name\":\"Martina Vaggi\",\"@id\":\"https:\/\/www.docenti.it\/blog\/#\/schema\/person\/99c2fdaf54e96829fe4ed44da8233688\"},\"headline\":\"Primo inserimento GPS: ecco il tutorial per compilare la domanda (VIDEO)\",\"datePublished\":\"2022-05-16T10:20:23+00:00\",\"dateModified\":\"2022-05-23T08:04:41+00:00\",\"mainEntityOfPage\":{\"@id\":\"https:\/\/www.docenti.it\/blog\/primo-inserimento-gps-ecco-il-tutorial-per-compilare-la-domanda-video-incattedra\/\"},\"wordCount\":1139,\"commentCount\":0,\"publisher\":{\"@id\":\"https:\/\/www.docenti.it\/blog\/#organization\"},\"keywords\":[\"aggiornamento graduatorie GPS\",\"riapertura graduatorie GPS\"],\"articleSection\":[\"Graduatorie scuola\",\"InCattedra\"],\"inLanguage\":\"it-IT\",\"potentialAction\":[{\"@type\":\"CommentAction\",\"name\":\"Comment\",\"target\":[\"https:\/\/www.docenti.it\/blog\/primo-inserimento-gps-ecco-il-tutorial-per-compilare-la-domanda-video-incattedra\/#respond\"]}]},{\"@type\":\"WebPage\",\"@id\":\"https:\/\/www.docenti.it\/blog\/primo-inserimento-gps-ecco-il-tutorial-per-compilare-la-domanda-video-incattedra\/\",\"url\":\"https:\/\/www.docenti.it\/blog\/primo-inserimento-gps-ecco-il-tutorial-per-compilare-la-domanda-video-incattedra\/\",\"name\":\"Primo inserimento GPS: ecco il tutorial per compilare la domanda (VIDEO)\",\"isPartOf\":{\"@id\":\"https:\/\/www.docenti.it\/blog\/#website\"},\"datePublished\":\"2022-05-16T10:20:23+00:00\",\"dateModified\":\"2022-05-23T08:04:41+00:00\",\"description\":\"\u00c8 il tuo primo inserimento GPS? Guarda il tutorial ideato da Docenti.it per compilare in maniera corretta la domanda di inserimento.\",\"breadcrumb\":{\"@id\":\"https:\/\/www.docenti.it\/blog\/primo-inserimento-gps-ecco-il-tutorial-per-compilare-la-domanda-video-incattedra\/#breadcrumb\"},\"inLanguage\":\"it-IT\",\"potentialAction\":[{\"@type\":\"ReadAction\",\"target\":[\"https:\/\/www.docenti.it\/blog\/primo-inserimento-gps-ecco-il-tutorial-per-compilare-la-domanda-video-incattedra\/\"]}]},{\"@type\":\"BreadcrumbList\",\"@id\":\"https:\/\/www.docenti.it\/blog\/primo-inserimento-gps-ecco-il-tutorial-per-compilare-la-domanda-video-incattedra\/#breadcrumb\",\"itemListElement\":[{\"@type\":\"ListItem\",\"position\":1,\"name\":\"Home\",\"item\":\"https:\/\/www.docenti.it\/blog\/\"},{\"@type\":\"ListItem\",\"position\":2,\"name\":\"Primo inserimento GPS: ecco il tutorial per compilare la domanda (VIDEO)\"}]},{\"@type\":\"WebSite\",\"@id\":\"https:\/\/www.docenti.it\/blog\/#website\",\"url\":\"https:\/\/www.docenti.it\/blog\/\",\"name\":\"Blog | Docenti.it\",\"description\":\"Tutte le notizie e gli aggiornamenti dal mondo della scuola\",\"publisher\":{\"@id\":\"https:\/\/www.docenti.it\/blog\/#organization\"},\"potentialAction\":[{\"@type\":\"SearchAction\",\"target\":{\"@type\":\"EntryPoint\",\"urlTemplate\":\"https:\/\/www.docenti.it\/blog\/?s={search_term_string}\"},\"query-input\":\"required name=search_term_string\"}],\"inLanguage\":\"it-IT\"},{\"@type\":\"Organization\",\"@id\":\"https:\/\/www.docenti.it\/blog\/#organization\",\"name\":\"Blog | Docenti.it\",\"url\":\"https:\/\/www.docenti.it\/blog\/\",\"logo\":{\"@type\":\"ImageObject\",\"inLanguage\":\"it-IT\",\"@id\":\"https:\/\/www.docenti.it\/blog\/#\/schema\/logo\/image\/\",\"url\":\"https:\/\/www.docenti.it\/blog\/wp-content\/uploads\/2025\/06\/fb_mad_img.png\",\"contentUrl\":\"https:\/\/www.docenti.it\/blog\/wp-content\/uploads\/2025\/06\/fb_mad_img.png\",\"width\":1140,\"height\":620,\"caption\":\"Blog | Docenti.it\"},\"image\":{\"@id\":\"https:\/\/www.docenti.it\/blog\/#\/schema\/logo\/image\/\"},\"sameAs\":[\"https:\/\/www.facebook.com\/docenti.it\"]},{\"@type\":\"Person\",\"@id\":\"https:\/\/www.docenti.it\/blog\/#\/schema\/person\/99c2fdaf54e96829fe4ed44da8233688\",\"name\":\"Martina Vaggi\",\"image\":{\"@type\":\"ImageObject\",\"inLanguage\":\"it-IT\",\"@id\":\"https:\/\/www.docenti.it\/blog\/#\/schema\/person\/image\/\",\"url\":\"https:\/\/secure.gravatar.com\/avatar\/14a13197979873d693ad915d249e3f54?s=96&d=mm&r=g\",\"contentUrl\":\"https:\/\/secure.gravatar.com\/avatar\/14a13197979873d693ad915d249e3f54?s=96&d=mm&r=g\",\"caption\":\"Martina Vaggi\"},\"description\":\"Classe 1991, copywriter e scrittrice. Nata a Sale, un paesino in provincia di Alessandria. Scrive dall\u2019et\u00e0 di 10 anni. Nel 2015 si laurea in Lettere Moderne presso l\u2019universit\u00e0 di Pavia. Nel 2020 pubblica il suo primo libro \\\"Il diario del silenzio - Storie reali di quarantena\\\" che descrive il processo di cambiamento della vita di 40 persone ai tempi del Covid. Nel 2022 si trasferisce a San Marino per lavorare come copywriter per Docenti.it\",\"sameAs\":[\"https:\/\/pensierisurrealidigentecomune.com\/\",\"https:\/\/www.facebook.com\/profile.php?id=1555867670\",\"https:\/\/www.instagram.com\/martiggi91\/\",\"https:\/\/it.linkedin.com\/in\/martina-vaggi\",\"https:\/\/www.youtube.com\/results?search_query=martina+vaggi\"],\"url\":\"https:\/\/www.docenti.it\/blog\/author\/martina-vaggi\/\"}]}<\/script>\n<!-- \/ Yoast SEO plugin. -->","yoast_head_json":{"title":"Primo inserimento GPS: ecco il tutorial per compilare la domanda (VIDEO)","description":"\u00c8 il tuo primo inserimento GPS? Guarda il tutorial ideato da Docenti.it per compilare in maniera corretta la domanda di inserimento.","robots":{"index":"index","follow":"follow","max-snippet":"max-snippet:-1","max-image-preview":"max-image-preview:large","max-video-preview":"max-video-preview:-1"},"canonical":"https:\/\/www.docenti.it\/blog\/primo-inserimento-gps-ecco-il-tutorial-per-compilare-la-domanda-video-incattedra\/","og_locale":"it_IT","og_type":"article","og_title":"Primo inserimento GPS: ecco il tutorial per compilare la domanda (VIDEO)","og_description":"\u00c8 il tuo primo inserimento GPS? Guarda il tutorial ideato da Docenti.it per compilare in maniera corretta la domanda di inserimento.","og_url":"https:\/\/www.docenti.it\/blog\/primo-inserimento-gps-ecco-il-tutorial-per-compilare-la-domanda-video-incattedra\/","og_site_name":"Blog | Docenti.it","article_publisher":"https:\/\/www.facebook.com\/docenti.it","article_author":"https:\/\/www.facebook.com\/profile.php?id=1555867670","article_published_time":"2022-05-16T10:20:23+00:00","article_modified_time":"2022-05-23T08:04:41+00:00","og_image":[{"width":640,"height":459,"url":"https:\/\/www.docenti.it\/blog\/wp-content\/uploads\/2022\/05\/webinar-gd9efcc4dc_640.png","type":"image\/png"}],"author":"Martina Vaggi","twitter_card":"summary_large_image","twitter_misc":{"Written by":"Martina Vaggi","Est. reading time":"6 minuti"},"schema":{"@context":"https:\/\/schema.org","@graph":[{"@type":"Article","@id":"https:\/\/www.docenti.it\/blog\/primo-inserimento-gps-ecco-il-tutorial-per-compilare-la-domanda-video-incattedra\/#article","isPartOf":{"@id":"https:\/\/www.docenti.it\/blog\/primo-inserimento-gps-ecco-il-tutorial-per-compilare-la-domanda-video-incattedra\/"},"author":{"name":"Martina Vaggi","@id":"https:\/\/www.docenti.it\/blog\/#\/schema\/person\/99c2fdaf54e96829fe4ed44da8233688"},"headline":"Primo inserimento GPS: ecco il tutorial per compilare la domanda (VIDEO)","datePublished":"2022-05-16T10:20:23+00:00","dateModified":"2022-05-23T08:04:41+00:00","mainEntityOfPage":{"@id":"https:\/\/www.docenti.it\/blog\/primo-inserimento-gps-ecco-il-tutorial-per-compilare-la-domanda-video-incattedra\/"},"wordCount":1139,"commentCount":0,"publisher":{"@id":"https:\/\/www.docenti.it\/blog\/#organization"},"keywords":["aggiornamento graduatorie GPS","riapertura graduatorie GPS"],"articleSection":["Graduatorie scuola","InCattedra"],"inLanguage":"it-IT","potentialAction":[{"@type":"CommentAction","name":"Comment","target":["https:\/\/www.docenti.it\/blog\/primo-inserimento-gps-ecco-il-tutorial-per-compilare-la-domanda-video-incattedra\/#respond"]}]},{"@type":"WebPage","@id":"https:\/\/www.docenti.it\/blog\/primo-inserimento-gps-ecco-il-tutorial-per-compilare-la-domanda-video-incattedra\/","url":"https:\/\/www.docenti.it\/blog\/primo-inserimento-gps-ecco-il-tutorial-per-compilare-la-domanda-video-incattedra\/","name":"Primo inserimento GPS: ecco il tutorial per compilare la domanda (VIDEO)","isPartOf":{"@id":"https:\/\/www.docenti.it\/blog\/#website"},"datePublished":"2022-05-16T10:20:23+00:00","dateModified":"2022-05-23T08:04:41+00:00","description":"\u00c8 il tuo primo inserimento GPS? Guarda il tutorial ideato da Docenti.it per compilare in maniera corretta la domanda di inserimento.","breadcrumb":{"@id":"https:\/\/www.docenti.it\/blog\/primo-inserimento-gps-ecco-il-tutorial-per-compilare-la-domanda-video-incattedra\/#breadcrumb"},"inLanguage":"it-IT","potentialAction":[{"@type":"ReadAction","target":["https:\/\/www.docenti.it\/blog\/primo-inserimento-gps-ecco-il-tutorial-per-compilare-la-domanda-video-incattedra\/"]}]},{"@type":"BreadcrumbList","@id":"https:\/\/www.docenti.it\/blog\/primo-inserimento-gps-ecco-il-tutorial-per-compilare-la-domanda-video-incattedra\/#breadcrumb","itemListElement":[{"@type":"ListItem","position":1,"name":"Home","item":"https:\/\/www.docenti.it\/blog\/"},{"@type":"ListItem","position":2,"name":"Primo inserimento GPS: ecco il tutorial per compilare la domanda (VIDEO)"}]},{"@type":"WebSite","@id":"https:\/\/www.docenti.it\/blog\/#website","url":"https:\/\/www.docenti.it\/blog\/","name":"Blog | Docenti.it","description":"Tutte le notizie e gli aggiornamenti dal mondo della scuola","publisher":{"@id":"https:\/\/www.docenti.it\/blog\/#organization"},"potentialAction":[{"@type":"SearchAction","target":{"@type":"EntryPoint","urlTemplate":"https:\/\/www.docenti.it\/blog\/?s={search_term_string}"},"query-input":"required name=search_term_string"}],"inLanguage":"it-IT"},{"@type":"Organization","@id":"https:\/\/www.docenti.it\/blog\/#organization","name":"Blog | Docenti.it","url":"https:\/\/www.docenti.it\/blog\/","logo":{"@type":"ImageObject","inLanguage":"it-IT","@id":"https:\/\/www.docenti.it\/blog\/#\/schema\/logo\/image\/","url":"https:\/\/www.docenti.it\/blog\/wp-content\/uploads\/2025\/06\/fb_mad_img.png","contentUrl":"https:\/\/www.docenti.it\/blog\/wp-content\/uploads\/2025\/06\/fb_mad_img.png","width":1140,"height":620,"caption":"Blog | Docenti.it"},"image":{"@id":"https:\/\/www.docenti.it\/blog\/#\/schema\/logo\/image\/"},"sameAs":["https:\/\/www.facebook.com\/docenti.it"]},{"@type":"Person","@id":"https:\/\/www.docenti.it\/blog\/#\/schema\/person\/99c2fdaf54e96829fe4ed44da8233688","name":"Martina Vaggi","image":{"@type":"ImageObject","inLanguage":"it-IT","@id":"https:\/\/www.docenti.it\/blog\/#\/schema\/person\/image\/","url":"https:\/\/secure.gravatar.com\/avatar\/14a13197979873d693ad915d249e3f54?s=96&d=mm&r=g","contentUrl":"https:\/\/secure.gravatar.com\/avatar\/14a13197979873d693ad915d249e3f54?s=96&d=mm&r=g","caption":"Martina Vaggi"},"description":"Classe 1991, copywriter e scrittrice. Nata a Sale, un paesino in provincia di Alessandria. Scrive dall\u2019et\u00e0 di 10 anni. Nel 2015 si laurea in Lettere Moderne presso l\u2019universit\u00e0 di Pavia. Nel 2020 pubblica il suo primo libro \"Il diario del silenzio - Storie reali di quarantena\" che descrive il processo di cambiamento della vita di 40 persone ai tempi del Covid. Nel 2022 si trasferisce a San Marino per lavorare come copywriter per Docenti.it","sameAs":["https:\/\/pensierisurrealidigentecomune.com\/","https:\/\/www.facebook.com\/profile.php?id=1555867670","https:\/\/www.instagram.com\/martiggi91\/","https:\/\/it.linkedin.com\/in\/martina-vaggi","https:\/\/www.youtube.com\/results?search_query=martina+vaggi"],"url":"https:\/\/www.docenti.it\/blog\/author\/martina-vaggi\/"}]}},"_links":{"self":[{"href":"https:\/\/www.docenti.it\/blog\/wp-json\/wp\/v2\/posts\/23731"}],"collection":[{"href":"https:\/\/www.docenti.it\/blog\/wp-json\/wp\/v2\/posts"}],"about":[{"href":"https:\/\/www.docenti.it\/blog\/wp-json\/wp\/v2\/types\/post"}],"author":[{"embeddable":true,"href":"https:\/\/www.docenti.it\/blog\/wp-json\/wp\/v2\/users\/21"}],"replies":[{"embeddable":true,"href":"https:\/\/www.docenti.it\/blog\/wp-json\/wp\/v2\/comments?post=23731"}],"version-history":[{"count":69,"href":"https:\/\/www.docenti.it\/blog\/wp-json\/wp\/v2\/posts\/23731\/revisions"}],"predecessor-version":[{"id":24552,"href":"https:\/\/www.docenti.it\/blog\/wp-json\/wp\/v2\/posts\/23731\/revisions\/24552"}],"wp:featuredmedia":[{"embeddable":true,"href":"https:\/\/www.docenti.it\/blog\/wp-json\/wp\/v2\/media\/23733"}],"wp:attachment":[{"href":"https:\/\/www.docenti.it\/blog\/wp-json\/wp\/v2\/media?parent=23731"}],"wp:term":[{"taxonomy":"category","embeddable":true,"href":"https:\/\/www.docenti.it\/blog\/wp-json\/wp\/v2\/categories?post=23731"},{"taxonomy":"post_tag","embeddable":true,"href":"https:\/\/www.docenti.it\/blog\/wp-json\/wp\/v2\/tags?post=23731"}],"curies":[{"name":"wp","href":"https:\/\/api.w.org\/{rel}","templated":true}]}}