{"id":2545,"date":"2021-01-20T14:18:50","date_gmt":"2021-01-20T13:18:50","guid":{"rendered":"https:\/\/www.docenti.it\/blog\/?p=2545"},"modified":"2021-01-20T14:18:51","modified_gmt":"2021-01-20T13:18:51","slug":"concorso-straordinario-ecco-le-date-di-febbraio","status":"publish","type":"post","link":"https:\/\/www.docenti.it\/blog\/concorso-straordinario-ecco-le-date-di-febbraio\/","title":{"rendered":"Concorso straordinario: ecco le date di Febbraio!"},"content":{"rendered":"<p>Il 2020 doveva essere l\u2019anno dei concorsi, ma dopo ritardi e rinvii, ora \u00e8 ufficiale: sar\u00e0 il 2021 l\u2019anno che abiliter\u00e0 all\u2019insegnamento migliaia di nuovi docenti!<!--more--><\/p>\n<p>In totale, sono <strong>tre i concorsi per l\u2019assunzione a tempo indeterminato<\/strong> (Concorso Ordinario per Infanzia e Primaria, Concorso Ordinario per Secondaria di I e II grado, Concorso Straordinario per la Secondaria), a cui si aggiunge anche una <strong>procedura per il conseguimento dell\u2019abilitazione nella scuola secondaria<\/strong>. Ecco tutte le ultimissime novit\u00e0 da parte del Ministero!<\/p>\n<h2>Riaprono le prove del Concorso Straordinario<\/h2>\n<p>Il 19 gennaio sono state finalmente rese note le date ufficiali per la conclusione delle prove del <strong>Concorso Straordinario Scuola Secondaria<\/strong>, bloccato a inizio novembre a causa della pandemia. Ricordiamo che il <strong>75% delle prove era gi\u00e0 stato svolto<\/strong> e che mancavano solo <strong>4 giorni<\/strong> per concludere le procedure di test.<\/p>\n<p>Le ultime prove rimaste in sospeso si svolgeranno ora fra il <strong>15 e il 19 di febbraio<\/strong>, con una media di 10 candidati per aula, dunque nei limiti previsti dal Decreto del Presidente del Consiglio dei Ministri dello scorso 14 gennaio 2021. Per dare un\u2019occhiata alla suddivisione delle diverse classi di concorso nei vari giorni di prova, sono state gi\u00e0 rese note le <a href=\"https:\/\/starttoflysrl.img.musvc2.net\/static\/91422\/documenti\/ConsoleDocuments\/Il-calendario.pdf\">date di convocazione<\/a>.<\/p>\n<p>Riguardo le <strong>sedi d\u2019esame<\/strong>, l\u2019indicazione spetta agli USR responsabili della procedura. E poich\u00e9 questa dovr\u00e0 avvenire almeno 15 giorni prima della data di svolgimento delle prove, molti docenti sapranno molto presto dove potranno effettuare le prove per vincere il <strong>Concorso Straordinario<\/strong>.<\/p>\n<p>I candidati che non ricevono comunicazione di esclusione dalla procedura dovranno presentarsi per sostenere la prova scritta muniti di un documento di riconoscimento in corso di validit\u00e0, del codice fiscale, della ricevuta di versamento del contributo di segreteria e di quanto prescritto dal protocollo di sicurezza pubblicato sul sito del Ministero.<\/p>\n<h2>La correzione delle prove per il Concorso Straordinario<\/h2>\n<p>Nel frattempo, i commissari possono gi\u00e0 iniziare a<strong> correggere le prove svolte<\/strong>: una nota del MIUR del 7 gennaio aveva gi\u00e0 dato disposizioni alle commissioni per la correzione dei test da remoto. Dopo questa fase, le commissioni valuteranno anche<strong> i titoli dei candidati che hanno avranno superato le prove<\/strong>.<\/p>\n<p>Le graduatorie saranno infine pubblicate nell\u2019<strong>USR responsabile della procedura.<\/strong> Ci\u00f2 \u00e8 scontato per le classi di concorso le cui prove sono state svolte in tutte le regioni, mentre \u00e8 utile precisarlo per le procedure \u201caggregate\u201d. In questo caso l\u2019USR della regione in cui \u00e8 stata svolta la prova \u00e8 responsabile anche del procedimento successivo, fino alla pubblicazione delle graduatorie.<\/p>\n<p>I vincitori della procedura concorsuale straordinaria verranno <strong>immessi in ruolo nell\u2019anno scolastico 2021\/2022<\/strong>, con decorrenza giuridica del rapporto di lavoro dal 1\u00b0 settembre 2020. Chi avr\u00e0 superato i test ma non rientrer\u00e0 nella quota dei posti destinati alla procedura, otterr\u00e0 invece la sola <strong>abilitazione all\u2019insegnamento<\/strong>.<\/p>\n<h2>Dopo lo Straordinario, al via con le procedure del Concorso Ordinario<strong>\u00a0<\/strong><\/h2>\n<p>Il Ministro Azzolina aveva gi\u00e0 annunciato che dopo la conclusione delle prove del Concorso Straordinario si sarebbe avviato subito il <strong>Concorso Ordinario<\/strong>. Il momento del test si sta quindi avvicinando per le migliaia di insegnanti candidati alle diverse procedure del Concorso Scuola che servir\u00e0 a immettere in ruolo nuovo personale docente!<\/p>\n<p>Non ci sono ancora certezze n\u00e9 sulle date n\u00e9 sull\u2019eventuale svolgimento delle <strong>prove pre-selettive<\/strong> che, ricordiamo, serviranno a fare una prima scrematura dei candidati prima dei veri e proprio test scritti e orali del Concorso. La preselettiva si svolger\u00e0 infatti qualora a livello regionale e per ciascuna distinta procedura il numero dei candidati <strong>superer\u00e0 di quattro volte il numero dei posti messi a concorso<\/strong> (e, comunque, non inferiore a 250).<\/p>\n<p>Anche in questo caso, comunque, il calendario delle prove va comunicato ai candidati <strong>almeno 20 giorni prima della prova<\/strong>. Il che sposta l\u2019eventualit\u00e0 delle prove del Concorso Ordinario nel periodo successivo al mese di febbraio.<\/p>\n<h2>Come prepararsi al Concorso Ordinario per Infanzia, Primaria e Secondaria<\/h2>\n<p>Il <strong>Concorso Ordinario<\/strong> rappresenta davvero un appuntamento attesissimo: offrir\u00e0 infatti l\u2019opportunit\u00e0 di regolarizzare finalmente migliaia di insegnanti, risolvendo in parte il problema delle cattedre vacanti che puntualmente generano disservizi. Ecco perch\u00e9 sono <strong>un\u2019occasione da sfruttare e per cui bisogna prepararsi adeguatamente<\/strong>!<\/p>\n<p>Le modalit\u00e0 di svolgimento delle prove descritte dal MIUR forniscono indicazioni molto utili per prepararsi alle prove.<\/p>\n<p>Per l\u2019eventuale prova preselettiva, i programmi di studio prevedono una conoscenza approfondita della normativa scolastica, in particolare sul sistema di istruzione e formazione, la tutela normativa dei bisogni educativi speciali, l\u2019autonomia delle istituzioni scolastiche, il profilo giuridico e contrattuale del docente. A questi temi si accompagneranno dei <strong>quesiti logici e la conoscenza dell\u2019inglese a livello B2<\/strong>.<\/p>\n<p>Per il resto delle prove, il Concorso Ordinario sia per Infanzia e Primaria sia per Secondaria si focalizzer\u00e0 sulle <strong>competenze psico-pedagogiche e didattiche specifiche per il tipo di posto<\/strong> per cui si concorre, che saranno al centro della prova scritta e orale. In pi\u00f9, il docente sar\u00e0 sottoposto alla verifica della <strong>conoscenza di una lingua straniera<\/strong> (al livello B2) e al possesso di adeguate competenze didattiche nelle <strong>tecnologie dell\u2019informazione e della comunicazione<\/strong> (TIC).<\/p>\n<p>Studiare tutti questi argomenti potrebbe sembrare un\u2019impresa impossibile\u2026 ma per fortuna c\u2019\u00e8 l\u2019aiuto di Docenti.it!<\/p>\n<p>Grazie ai nostri corsi propedeutici il docente pu\u00f2 prepararsi a sostenere le prove dei Concorsi Scuola in modo comodo, efficiente e dinamico. Accedendo alla piattaforma online di Docenti.it, i candidati potranno mettere alla prova le conoscenze e allenare le competenze didattiche con dispense aggiornate, quiz e soluzioni. Un ottimo modo per prepararsi concretamente e saldare le proprie competenze, arrivando al giorno del test pi\u00f9 sicuri di s\u00e9.<\/p>\n<p><span style=\"color: #00ccff;\"><a style=\"color: #00ccff;\" href=\"https:\/\/www.docenti.it\/concorso-scuola-secondaria.html\">Preparati alle prove del Concorso Ordinario insieme a Docenti.it<\/a><\/span><\/p>\n\n\n<hr class=\"wp-block-separator\"\/>\n\n\n<p>[maxbutton id=&#8221;1&#8243; url=&#8221;https:\/\/www.docenti.it\/formazione-docenti\/percorsi-formativi.html&#8221; text=&#8221;Preparati per il Concorso Scuola&#8221; ]<\/p>","protected":false},"excerpt":{"rendered":"<p>Il 2020 doveva essere l\u2019anno dei concorsi, ma dopo ritardi e rinvii, ora \u00e8 [&hellip;]<\/p>\n","protected":false},"author":18,"featured_media":2547,"comment_status":"closed","ping_status":"open","sticky":false,"template":"","format":"standard","meta":[],"categories":[16,5,4],"tags":[76],"yoast_head":"<!-- This site is optimized with the Yoast SEO plugin v20.4 - https:\/\/yoast.com\/wordpress\/plugins\/seo\/ -->\n<title>Concorso straordinario: ecco le date di Febbraio!<\/title>\n<meta name=\"description\" content=\"Scopri tutte le novit\u00e0 relative al concorso straordinario che si svolger\u00e0 fra il 15 e il 19 di febbraio. Rimani aggiornato e fatti trovare preparato!\" \/>\n<meta name=\"robots\" content=\"index, follow, max-snippet:-1, max-image-preview:large, max-video-preview:-1\" \/>\n<link rel=\"canonical\" href=\"https:\/\/www.docenti.it\/blog\/concorso-straordinario-ecco-le-date-di-febbraio\/\" \/>\n<meta property=\"og:locale\" content=\"it_IT\" \/>\n<meta property=\"og:type\" content=\"article\" \/>\n<meta property=\"og:title\" content=\"Concorso straordinario: ecco le date di Febbraio!\" \/>\n<meta property=\"og:description\" content=\"Scopri tutte le novit\u00e0 relative al concorso straordinario che si svolger\u00e0 fra il 15 e il 19 di febbraio. Rimani aggiornato e fatti trovare preparato!\" \/>\n<meta property=\"og:url\" content=\"https:\/\/www.docenti.it\/blog\/concorso-straordinario-ecco-le-date-di-febbraio\/\" \/>\n<meta property=\"og:site_name\" content=\"Blog | Docenti.it\" \/>\n<meta property=\"article:publisher\" content=\"https:\/\/www.facebook.com\/docenti.it\" \/>\n<meta property=\"article:author\" content=\"https:\/\/www.facebook.com\/docenti.it\" \/>\n<meta property=\"article:published_time\" content=\"2021-01-20T13:18:50+00:00\" \/>\n<meta property=\"article:modified_time\" content=\"2021-01-20T13:18:51+00:00\" \/>\n<meta property=\"og:image\" content=\"https:\/\/www.docenti.it\/blog\/wp-content\/uploads\/2021\/01\/concorso-straordinario.jpg\" \/>\n\t<meta property=\"og:image:width\" content=\"1920\" \/>\n\t<meta property=\"og:image:height\" content=\"1080\" \/>\n\t<meta property=\"og:image:type\" content=\"image\/jpeg\" \/>\n<meta name=\"author\" content=\"Marica Piva\" \/>\n<meta name=\"twitter:card\" content=\"summary_large_image\" \/>\n<meta name=\"twitter:label1\" content=\"Written by\" \/>\n\t<meta name=\"twitter:data1\" content=\"Marica Piva\" \/>\n\t<meta name=\"twitter:label2\" content=\"Est. reading time\" \/>\n\t<meta name=\"twitter:data2\" content=\"5 minuti\" \/>\n<script type=\"application\/ld+json\" class=\"yoast-schema-graph\">{\"@context\":\"https:\/\/schema.org\",\"@graph\":[{\"@type\":\"Article\",\"@id\":\"https:\/\/www.docenti.it\/blog\/concorso-straordinario-ecco-le-date-di-febbraio\/#article\",\"isPartOf\":{\"@id\":\"https:\/\/www.docenti.it\/blog\/concorso-straordinario-ecco-le-date-di-febbraio\/\"},\"author\":{\"name\":\"Marica Piva\",\"@id\":\"https:\/\/www.docenti.it\/blog\/#\/schema\/person\/996a4f998a260b7254ea4f7b8850afec\"},\"headline\":\"Concorso straordinario: ecco le date di Febbraio!\",\"datePublished\":\"2021-01-20T13:18:50+00:00\",\"dateModified\":\"2021-01-20T13:18:51+00:00\",\"mainEntityOfPage\":{\"@id\":\"https:\/\/www.docenti.it\/blog\/concorso-straordinario-ecco-le-date-di-febbraio\/\"},\"wordCount\":937,\"publisher\":{\"@id\":\"https:\/\/www.docenti.it\/blog\/#organization\"},\"keywords\":[\"Concorso straordinario\"],\"articleSection\":[\"Concorso Scuola 2020\",\"Graduatorie scuola\",\"News\"],\"inLanguage\":\"it-IT\"},{\"@type\":\"WebPage\",\"@id\":\"https:\/\/www.docenti.it\/blog\/concorso-straordinario-ecco-le-date-di-febbraio\/\",\"url\":\"https:\/\/www.docenti.it\/blog\/concorso-straordinario-ecco-le-date-di-febbraio\/\",\"name\":\"Concorso straordinario: ecco le date di Febbraio!\",\"isPartOf\":{\"@id\":\"https:\/\/www.docenti.it\/blog\/#website\"},\"datePublished\":\"2021-01-20T13:18:50+00:00\",\"dateModified\":\"2021-01-20T13:18:51+00:00\",\"description\":\"Scopri tutte le novit\u00e0 relative al concorso straordinario che si svolger\u00e0 fra il 15 e il 19 di febbraio. Rimani aggiornato e fatti trovare preparato!\",\"breadcrumb\":{\"@id\":\"https:\/\/www.docenti.it\/blog\/concorso-straordinario-ecco-le-date-di-febbraio\/#breadcrumb\"},\"inLanguage\":\"it-IT\",\"potentialAction\":[{\"@type\":\"ReadAction\",\"target\":[\"https:\/\/www.docenti.it\/blog\/concorso-straordinario-ecco-le-date-di-febbraio\/\"]}]},{\"@type\":\"BreadcrumbList\",\"@id\":\"https:\/\/www.docenti.it\/blog\/concorso-straordinario-ecco-le-date-di-febbraio\/#breadcrumb\",\"itemListElement\":[{\"@type\":\"ListItem\",\"position\":1,\"name\":\"Home\",\"item\":\"https:\/\/www.docenti.it\/blog\/\"},{\"@type\":\"ListItem\",\"position\":2,\"name\":\"Concorso straordinario: ecco le date di Febbraio!\"}]},{\"@type\":\"WebSite\",\"@id\":\"https:\/\/www.docenti.it\/blog\/#website\",\"url\":\"https:\/\/www.docenti.it\/blog\/\",\"name\":\"Blog | Docenti.it\",\"description\":\"Tutte le notizie e gli aggiornamenti dal mondo della scuola\",\"publisher\":{\"@id\":\"https:\/\/www.docenti.it\/blog\/#organization\"},\"potentialAction\":[{\"@type\":\"SearchAction\",\"target\":{\"@type\":\"EntryPoint\",\"urlTemplate\":\"https:\/\/www.docenti.it\/blog\/?s={search_term_string}\"},\"query-input\":\"required name=search_term_string\"}],\"inLanguage\":\"it-IT\"},{\"@type\":\"Organization\",\"@id\":\"https:\/\/www.docenti.it\/blog\/#organization\",\"name\":\"Blog | Docenti.it\",\"url\":\"https:\/\/www.docenti.it\/blog\/\",\"logo\":{\"@type\":\"ImageObject\",\"inLanguage\":\"it-IT\",\"@id\":\"https:\/\/www.docenti.it\/blog\/#\/schema\/logo\/image\/\",\"url\":\"https:\/\/www.docenti.it\/blog\/wp-content\/uploads\/2025\/06\/fb_mad_img.png\",\"contentUrl\":\"https:\/\/www.docenti.it\/blog\/wp-content\/uploads\/2025\/06\/fb_mad_img.png\",\"width\":1140,\"height\":620,\"caption\":\"Blog | Docenti.it\"},\"image\":{\"@id\":\"https:\/\/www.docenti.it\/blog\/#\/schema\/logo\/image\/\"},\"sameAs\":[\"https:\/\/www.facebook.com\/docenti.it\"]},{\"@type\":\"Person\",\"@id\":\"https:\/\/www.docenti.it\/blog\/#\/schema\/person\/996a4f998a260b7254ea4f7b8850afec\",\"name\":\"Marica Piva\",\"image\":{\"@type\":\"ImageObject\",\"inLanguage\":\"it-IT\",\"@id\":\"https:\/\/www.docenti.it\/blog\/#\/schema\/person\/image\/\",\"url\":\"https:\/\/secure.gravatar.com\/avatar\/696d63c6719b6290b81fa0282a091775?s=96&d=mm&r=g\",\"contentUrl\":\"https:\/\/secure.gravatar.com\/avatar\/696d63c6719b6290b81fa0282a091775?s=96&d=mm&r=g\",\"caption\":\"Marica Piva\"},\"description\":\"\u201cSe fallisci nel prepararti, ti stai preparando a fallire.\u201d Penso che il successo del metodo di insegnamento stia nella volont\u00e0 di ogni insegnante di aggiornarsi e formarsi continuamente. Completare la propria figura professionale, infatti, \u00e8 un percorso di apprendimento continuo. Voglio aiutare i docenti ad affrontarlo con gli strumenti e la mentalit\u00e0 giusta.\",\"sameAs\":[\"https:\/\/www.docenti.it\/\",\"https:\/\/www.facebook.com\/docenti.it\"],\"url\":\"https:\/\/www.docenti.it\/blog\/author\/marica\/\"}]}<\/script>\n<!-- \/ Yoast SEO plugin. -->","yoast_head_json":{"title":"Concorso straordinario: ecco le date di Febbraio!","description":"Scopri tutte le novit\u00e0 relative al concorso straordinario che si svolger\u00e0 fra il 15 e il 19 di febbraio. Rimani aggiornato e fatti trovare preparato!","robots":{"index":"index","follow":"follow","max-snippet":"max-snippet:-1","max-image-preview":"max-image-preview:large","max-video-preview":"max-video-preview:-1"},"canonical":"https:\/\/www.docenti.it\/blog\/concorso-straordinario-ecco-le-date-di-febbraio\/","og_locale":"it_IT","og_type":"article","og_title":"Concorso straordinario: ecco le date di Febbraio!","og_description":"Scopri tutte le novit\u00e0 relative al concorso straordinario che si svolger\u00e0 fra il 15 e il 19 di febbraio. Rimani aggiornato e fatti trovare preparato!","og_url":"https:\/\/www.docenti.it\/blog\/concorso-straordinario-ecco-le-date-di-febbraio\/","og_site_name":"Blog | Docenti.it","article_publisher":"https:\/\/www.facebook.com\/docenti.it","article_author":"https:\/\/www.facebook.com\/docenti.it","article_published_time":"2021-01-20T13:18:50+00:00","article_modified_time":"2021-01-20T13:18:51+00:00","og_image":[{"width":1920,"height":1080,"url":"https:\/\/www.docenti.it\/blog\/wp-content\/uploads\/2021\/01\/concorso-straordinario.jpg","type":"image\/jpeg"}],"author":"Marica Piva","twitter_card":"summary_large_image","twitter_misc":{"Written by":"Marica Piva","Est. reading time":"5 minuti"},"schema":{"@context":"https:\/\/schema.org","@graph":[{"@type":"Article","@id":"https:\/\/www.docenti.it\/blog\/concorso-straordinario-ecco-le-date-di-febbraio\/#article","isPartOf":{"@id":"https:\/\/www.docenti.it\/blog\/concorso-straordinario-ecco-le-date-di-febbraio\/"},"author":{"name":"Marica Piva","@id":"https:\/\/www.docenti.it\/blog\/#\/schema\/person\/996a4f998a260b7254ea4f7b8850afec"},"headline":"Concorso straordinario: ecco le date di Febbraio!","datePublished":"2021-01-20T13:18:50+00:00","dateModified":"2021-01-20T13:18:51+00:00","mainEntityOfPage":{"@id":"https:\/\/www.docenti.it\/blog\/concorso-straordinario-ecco-le-date-di-febbraio\/"},"wordCount":937,"publisher":{"@id":"https:\/\/www.docenti.it\/blog\/#organization"},"keywords":["Concorso straordinario"],"articleSection":["Concorso Scuola 2020","Graduatorie scuola","News"],"inLanguage":"it-IT"},{"@type":"WebPage","@id":"https:\/\/www.docenti.it\/blog\/concorso-straordinario-ecco-le-date-di-febbraio\/","url":"https:\/\/www.docenti.it\/blog\/concorso-straordinario-ecco-le-date-di-febbraio\/","name":"Concorso straordinario: ecco le date di Febbraio!","isPartOf":{"@id":"https:\/\/www.docenti.it\/blog\/#website"},"datePublished":"2021-01-20T13:18:50+00:00","dateModified":"2021-01-20T13:18:51+00:00","description":"Scopri tutte le novit\u00e0 relative al concorso straordinario che si svolger\u00e0 fra il 15 e il 19 di febbraio. Rimani aggiornato e fatti trovare preparato!","breadcrumb":{"@id":"https:\/\/www.docenti.it\/blog\/concorso-straordinario-ecco-le-date-di-febbraio\/#breadcrumb"},"inLanguage":"it-IT","potentialAction":[{"@type":"ReadAction","target":["https:\/\/www.docenti.it\/blog\/concorso-straordinario-ecco-le-date-di-febbraio\/"]}]},{"@type":"BreadcrumbList","@id":"https:\/\/www.docenti.it\/blog\/concorso-straordinario-ecco-le-date-di-febbraio\/#breadcrumb","itemListElement":[{"@type":"ListItem","position":1,"name":"Home","item":"https:\/\/www.docenti.it\/blog\/"},{"@type":"ListItem","position":2,"name":"Concorso straordinario: ecco le date di Febbraio!"}]},{"@type":"WebSite","@id":"https:\/\/www.docenti.it\/blog\/#website","url":"https:\/\/www.docenti.it\/blog\/","name":"Blog | Docenti.it","description":"Tutte le notizie e gli aggiornamenti dal mondo della scuola","publisher":{"@id":"https:\/\/www.docenti.it\/blog\/#organization"},"potentialAction":[{"@type":"SearchAction","target":{"@type":"EntryPoint","urlTemplate":"https:\/\/www.docenti.it\/blog\/?s={search_term_string}"},"query-input":"required name=search_term_string"}],"inLanguage":"it-IT"},{"@type":"Organization","@id":"https:\/\/www.docenti.it\/blog\/#organization","name":"Blog | Docenti.it","url":"https:\/\/www.docenti.it\/blog\/","logo":{"@type":"ImageObject","inLanguage":"it-IT","@id":"https:\/\/www.docenti.it\/blog\/#\/schema\/logo\/image\/","url":"https:\/\/www.docenti.it\/blog\/wp-content\/uploads\/2025\/06\/fb_mad_img.png","contentUrl":"https:\/\/www.docenti.it\/blog\/wp-content\/uploads\/2025\/06\/fb_mad_img.png","width":1140,"height":620,"caption":"Blog | Docenti.it"},"image":{"@id":"https:\/\/www.docenti.it\/blog\/#\/schema\/logo\/image\/"},"sameAs":["https:\/\/www.facebook.com\/docenti.it"]},{"@type":"Person","@id":"https:\/\/www.docenti.it\/blog\/#\/schema\/person\/996a4f998a260b7254ea4f7b8850afec","name":"Marica Piva","image":{"@type":"ImageObject","inLanguage":"it-IT","@id":"https:\/\/www.docenti.it\/blog\/#\/schema\/person\/image\/","url":"https:\/\/secure.gravatar.com\/avatar\/696d63c6719b6290b81fa0282a091775?s=96&d=mm&r=g","contentUrl":"https:\/\/secure.gravatar.com\/avatar\/696d63c6719b6290b81fa0282a091775?s=96&d=mm&r=g","caption":"Marica Piva"},"description":"\u201cSe fallisci nel prepararti, ti stai preparando a fallire.\u201d Penso che il successo del metodo di insegnamento stia nella volont\u00e0 di ogni insegnante di aggiornarsi e formarsi continuamente. Completare la propria figura professionale, infatti, \u00e8 un percorso di apprendimento continuo. Voglio aiutare i docenti ad affrontarlo con gli strumenti e la mentalit\u00e0 giusta.","sameAs":["https:\/\/www.docenti.it\/","https:\/\/www.facebook.com\/docenti.it"],"url":"https:\/\/www.docenti.it\/blog\/author\/marica\/"}]}},"_links":{"self":[{"href":"https:\/\/www.docenti.it\/blog\/wp-json\/wp\/v2\/posts\/2545"}],"collection":[{"href":"https:\/\/www.docenti.it\/blog\/wp-json\/wp\/v2\/posts"}],"about":[{"href":"https:\/\/www.docenti.it\/blog\/wp-json\/wp\/v2\/types\/post"}],"author":[{"embeddable":true,"href":"https:\/\/www.docenti.it\/blog\/wp-json\/wp\/v2\/users\/18"}],"replies":[{"embeddable":true,"href":"https:\/\/www.docenti.it\/blog\/wp-json\/wp\/v2\/comments?post=2545"}],"version-history":[{"count":1,"href":"https:\/\/www.docenti.it\/blog\/wp-json\/wp\/v2\/posts\/2545\/revisions"}],"predecessor-version":[{"id":2548,"href":"https:\/\/www.docenti.it\/blog\/wp-json\/wp\/v2\/posts\/2545\/revisions\/2548"}],"wp:featuredmedia":[{"embeddable":true,"href":"https:\/\/www.docenti.it\/blog\/wp-json\/wp\/v2\/media\/2547"}],"wp:attachment":[{"href":"https:\/\/www.docenti.it\/blog\/wp-json\/wp\/v2\/media?parent=2545"}],"wp:term":[{"taxonomy":"category","embeddable":true,"href":"https:\/\/www.docenti.it\/blog\/wp-json\/wp\/v2\/categories?post=2545"},{"taxonomy":"post_tag","embeddable":true,"href":"https:\/\/www.docenti.it\/blog\/wp-json\/wp\/v2\/tags?post=2545"}],"curies":[{"name":"wp","href":"https:\/\/api.w.org\/{rel}","templated":true}]}}