{"id":26101,"date":"2022-06-07T12:09:05","date_gmt":"2022-06-07T10:09:05","guid":{"rendered":"https:\/\/www.docenti.it\/blog\/?p=26101"},"modified":"2022-06-07T12:09:28","modified_gmt":"2022-06-07T10:09:28","slug":"contratto-scuola-aumenti-di-quanto-aumenteranno-gli-stipendi-docenti","status":"publish","type":"post","link":"https:\/\/www.docenti.it\/blog\/contratto-scuola-aumenti-di-quanto-aumenteranno-gli-stipendi-docenti\/","title":{"rendered":"Contratto scuola aumenti: di quanto aumenteranno gli stipendi docenti?"},"content":{"rendered":"\n<p>In questi giorni si svolgono nuovi incontri all&#8217;Aran in merito agli aumenti contratto scuola per docenti e ATA. Il Ministro Bianchi aveva parlato di un aumento di 100 euro per tutti gli insegnanti.<\/p>\n\n\n\n<p>Ma sar\u00e0 davvero cos\u00ec?<\/p>\n\n\n\n<p>Ecco le ultime news.<\/p>\n\n\n\n<!--more-->\n\n\n\n<h2>Contratto scuola aumenti: di che cifra si parla?<\/h2>\n\n\n\n<p>Con la nuova riforma sul reclutamento docenti, <strong>il Ministro Bianchi ha affermato di voler aumentare tutti gli stipendi degli insegnanti di 100 euro.<\/strong><\/p>\n\n\n\n<p>I sindacati, per\u00f2, non sono convinti. Per questo si terranno delle nuove riunioni all&#8217;Aran sulla situazione dell&#8217;aumento degli stipendi.<\/p>\n\n\n\n<p>Questo tema \u00e8 stato pi\u00f9 volte affrontato in sede politica, e lo sciopero del 30 maggio ne ha aumentato le criticit\u00e0.<\/p>\n\n\n\n<p>Dati alla mano, per\u00f2, <strong>le risorse a disposizione ammontano a 2 miliardi di euro<\/strong>. In merito all&#8217;aumento degli stipendi, <strong>si calcola un incremento del 3,8%, cio\u00e8 di 90 euro lordi per ogni docente.<\/strong><\/p>\n\n\n\n<p><strong>Alla fine dei conti, si parler\u00e0 quindi di circa 50-55 euro in pi\u00f9 nelle buste paga.<\/strong><\/p>\n\n\n\n<p>Nell&#8217;aumento sembrerebbe compreso anche l&#8217;<strong>elemento perequativo<\/strong> previsto dal CCNL 2016-2018, ovvero una cifra pari a <strong>11,50 euro<\/strong>.<\/p>\n\n\n\n<p><strong>Le cifre, per i sindacati, sono completamente irrisorie<\/strong>: con un&#8217;inflazione in crescita, il costo della vita \u00e8 sempre pi\u00f9 in aumento e gli stipendi dei docenti italiani non sono adeguati.<\/p>\n\n\n\n<p>Ecco che cosa hanno detto.<\/p>\n\n\n\n<h3>Gli stipendi dei docenti sono adeguati?<\/h3>\n\n\n\n<p>I sindacati non sono d&#8217;accordo con il Ministro dell&#8217;Istruzione.<\/p>\n\n\n\n<p><strong>Pino Turi<\/strong>, di <strong>Uil Scuola<\/strong>, ha affermato che &#8220;<em>gli stipendi della scuola<\/em>&nbsp;<em>non coprono nemmeno l\u2019inflazione, arrivata per cause veramente non prevedibili al 7%<\/em>&#8220;.<\/p>\n\n\n\n<p>Per il sindacalista perci\u00f2 bisognerebbe risanare fin da subito i debiti dello Stato nei confronti dei lavoratori italiani.<\/p>\n\n\n\n<p>Eppure, <strong>Anief sembrerebbe voler chiudere l&#8217;accordo con il Ministero nonostante le risorse siano troppo poche<\/strong>. L&#8217;auspicio di <strong>Marcello Pacifico<\/strong> \u00e8 che si possano avere risultati pi\u00f9 consistenti con il prossimo CCNL.<\/p>\n\n\n\n<p>Cos\u00ec ha detto: &#8220;<em>sappiamo bene che si tratta di cifre ben al di sotto di quelle attese, appena un centinaio di euro lordi medi a dipendente, pi\u00f9 2-3mila euro di arretrati, <strong>ma intanto \u00e8 meglio farglieli avere, piuttosto che attendere nuove risorse<\/strong>, che comunque non andranno ad influire sul periodo 2019\/2022\u201d.<\/em><\/p>\n\n\n\n<p>Si attendono aggiornamenti.<\/p>\n\n\n\n<p>Leggi anche:<\/p>\n\n\n\n<ul><li><a href=\"https:\/\/www.docenti.it\/blog\/aumenti-stipendio-docenti-bonus-di-200-euro-chi-ne-usufruisce\/\" target=\"_blank\" rel=\"noreferrer noopener\">Aumenti stipendio docenti: bonus di 200 euro. Chi ne usufruisce?<\/a><\/li><li><a href=\"https:\/\/www.docenti.it\/blog\/contratto-scuola-lo-stipendio-dei-docenti-italiani-e-troppo-basso\/\" target=\"_blank\" rel=\"noreferrer noopener\">Contratto scuola: lo stipendio dei docenti italiani \u00e8 troppo basso?<\/a><\/li><li><a href=\"https:\/\/www.docenti.it\/blog\/formazione-docenti-di-quanto-aumentera-il-premio-nello-stipendio\/\" target=\"_blank\" rel=\"noreferrer noopener\">Formazione docenti: di quanto aumenter\u00e0 il premio nello stipendio?<\/a><\/li><\/ul>\n\n\n\n<p><meta charset=\"utf-8\">E seguici su\u00a0<strong><a href=\"https:\/\/www.facebook.com\/docenti.it\" target=\"_blank\" rel=\"noreferrer noopener\">Facebook<\/a><\/strong>\u00a0e\u00a0<a href=\"https:\/\/www.instagram.com\/docenti.it\/\" target=\"_blank\" rel=\"noreferrer noopener\"><strong>Instagram<\/strong><\/a>.<\/p>\n\n\n\n<p>Photo credit: <a href=\"https:\/\/unsplash.com\/\" target=\"_blank\" rel=\"noreferrer noopener\">unsplash.com<\/a><\/p>\n","protected":false},"excerpt":{"rendered":"<p>In questi giorni si svolgono nuovi incontri all&#8217;Aran in merito agli aumenti contratto scuola [&hellip;]<\/p>\n","protected":false},"author":22,"featured_media":26109,"comment_status":"open","ping_status":"open","sticky":false,"template":"","format":"standard","meta":[],"categories":[4],"tags":[362],"yoast_head":"<!-- This site is optimized with the Yoast SEO plugin v20.4 - https:\/\/yoast.com\/wordpress\/plugins\/seo\/ -->\n<title>Contratto scuola aumenti: di quanto aumenteranno gli stipendi docenti?<\/title>\n<meta name=\"description\" content=\"Oggi ci sar\u00e0 un incontro all&#039;Aran in merito agli aumenti contratto scuola: 100 o 50 euro in pi\u00f9 nelle buste paga?\" \/>\n<meta name=\"robots\" content=\"index, follow, max-snippet:-1, max-image-preview:large, max-video-preview:-1\" \/>\n<link rel=\"canonical\" href=\"https:\/\/www.docenti.it\/blog\/contratto-scuola-aumenti-di-quanto-aumenteranno-gli-stipendi-docenti\/\" \/>\n<meta property=\"og:locale\" content=\"it_IT\" \/>\n<meta property=\"og:type\" content=\"article\" \/>\n<meta property=\"og:title\" content=\"Contratto scuola aumenti: di quanto aumenteranno gli stipendi docenti?\" \/>\n<meta property=\"og:description\" content=\"Oggi ci sar\u00e0 un incontro all&#039;Aran in merito agli aumenti contratto scuola: 100 o 50 euro in pi\u00f9 nelle buste paga?\" \/>\n<meta property=\"og:url\" content=\"https:\/\/www.docenti.it\/blog\/contratto-scuola-aumenti-di-quanto-aumenteranno-gli-stipendi-docenti\/\" \/>\n<meta property=\"og:site_name\" content=\"Blog | Docenti.it\" \/>\n<meta property=\"article:publisher\" content=\"https:\/\/www.facebook.com\/docenti.it\" \/>\n<meta property=\"article:published_time\" content=\"2022-06-07T10:09:05+00:00\" \/>\n<meta property=\"article:modified_time\" content=\"2022-06-07T10:09:28+00:00\" \/>\n<meta property=\"og:image\" content=\"https:\/\/www.docenti.it\/blog\/wp-content\/uploads\/2022\/06\/markus-spiske-DEyuXCAiO6g-unsplash.jpg\" \/>\n\t<meta property=\"og:image:width\" content=\"640\" \/>\n\t<meta property=\"og:image:height\" content=\"427\" \/>\n\t<meta property=\"og:image:type\" content=\"image\/jpeg\" \/>\n<meta name=\"author\" content=\"Veronica Conti\" \/>\n<meta name=\"twitter:card\" content=\"summary_large_image\" \/>\n<meta name=\"twitter:label1\" content=\"Written by\" \/>\n\t<meta name=\"twitter:data1\" content=\"Veronica Conti\" \/>\n\t<meta name=\"twitter:label2\" content=\"Est. reading time\" \/>\n\t<meta name=\"twitter:data2\" content=\"3 minuti\" \/>\n<script type=\"application\/ld+json\" class=\"yoast-schema-graph\">{\"@context\":\"https:\/\/schema.org\",\"@graph\":[{\"@type\":\"Article\",\"@id\":\"https:\/\/www.docenti.it\/blog\/contratto-scuola-aumenti-di-quanto-aumenteranno-gli-stipendi-docenti\/#article\",\"isPartOf\":{\"@id\":\"https:\/\/www.docenti.it\/blog\/contratto-scuola-aumenti-di-quanto-aumenteranno-gli-stipendi-docenti\/\"},\"author\":{\"name\":\"Veronica Conti\",\"@id\":\"https:\/\/www.docenti.it\/blog\/#\/schema\/person\/db2692c75b023bba5319018ede576846\"},\"headline\":\"Contratto scuola aumenti: di quanto aumenteranno gli stipendi docenti?\",\"datePublished\":\"2022-06-07T10:09:05+00:00\",\"dateModified\":\"2022-06-07T10:09:28+00:00\",\"mainEntityOfPage\":{\"@id\":\"https:\/\/www.docenti.it\/blog\/contratto-scuola-aumenti-di-quanto-aumenteranno-gli-stipendi-docenti\/\"},\"wordCount\":393,\"commentCount\":0,\"publisher\":{\"@id\":\"https:\/\/www.docenti.it\/blog\/#organization\"},\"keywords\":[\"stipendio docenti\"],\"articleSection\":[\"News\"],\"inLanguage\":\"it-IT\",\"potentialAction\":[{\"@type\":\"CommentAction\",\"name\":\"Comment\",\"target\":[\"https:\/\/www.docenti.it\/blog\/contratto-scuola-aumenti-di-quanto-aumenteranno-gli-stipendi-docenti\/#respond\"]}]},{\"@type\":\"WebPage\",\"@id\":\"https:\/\/www.docenti.it\/blog\/contratto-scuola-aumenti-di-quanto-aumenteranno-gli-stipendi-docenti\/\",\"url\":\"https:\/\/www.docenti.it\/blog\/contratto-scuola-aumenti-di-quanto-aumenteranno-gli-stipendi-docenti\/\",\"name\":\"Contratto scuola aumenti: di quanto aumenteranno gli stipendi docenti?\",\"isPartOf\":{\"@id\":\"https:\/\/www.docenti.it\/blog\/#website\"},\"datePublished\":\"2022-06-07T10:09:05+00:00\",\"dateModified\":\"2022-06-07T10:09:28+00:00\",\"description\":\"Oggi ci sar\u00e0 un incontro all'Aran in merito agli aumenti contratto scuola: 100 o 50 euro in pi\u00f9 nelle buste paga?\",\"breadcrumb\":{\"@id\":\"https:\/\/www.docenti.it\/blog\/contratto-scuola-aumenti-di-quanto-aumenteranno-gli-stipendi-docenti\/#breadcrumb\"},\"inLanguage\":\"it-IT\",\"potentialAction\":[{\"@type\":\"ReadAction\",\"target\":[\"https:\/\/www.docenti.it\/blog\/contratto-scuola-aumenti-di-quanto-aumenteranno-gli-stipendi-docenti\/\"]}]},{\"@type\":\"BreadcrumbList\",\"@id\":\"https:\/\/www.docenti.it\/blog\/contratto-scuola-aumenti-di-quanto-aumenteranno-gli-stipendi-docenti\/#breadcrumb\",\"itemListElement\":[{\"@type\":\"ListItem\",\"position\":1,\"name\":\"Home\",\"item\":\"https:\/\/www.docenti.it\/blog\/\"},{\"@type\":\"ListItem\",\"position\":2,\"name\":\"Contratto scuola aumenti: di quanto aumenteranno gli stipendi docenti?\"}]},{\"@type\":\"WebSite\",\"@id\":\"https:\/\/www.docenti.it\/blog\/#website\",\"url\":\"https:\/\/www.docenti.it\/blog\/\",\"name\":\"Blog | Docenti.it\",\"description\":\"Tutte le notizie e gli aggiornamenti dal mondo della scuola\",\"publisher\":{\"@id\":\"https:\/\/www.docenti.it\/blog\/#organization\"},\"potentialAction\":[{\"@type\":\"SearchAction\",\"target\":{\"@type\":\"EntryPoint\",\"urlTemplate\":\"https:\/\/www.docenti.it\/blog\/?s={search_term_string}\"},\"query-input\":\"required name=search_term_string\"}],\"inLanguage\":\"it-IT\"},{\"@type\":\"Organization\",\"@id\":\"https:\/\/www.docenti.it\/blog\/#organization\",\"name\":\"Blog | Docenti.it\",\"url\":\"https:\/\/www.docenti.it\/blog\/\",\"logo\":{\"@type\":\"ImageObject\",\"inLanguage\":\"it-IT\",\"@id\":\"https:\/\/www.docenti.it\/blog\/#\/schema\/logo\/image\/\",\"url\":\"https:\/\/www.docenti.it\/blog\/wp-content\/uploads\/2025\/06\/fb_mad_img.png\",\"contentUrl\":\"https:\/\/www.docenti.it\/blog\/wp-content\/uploads\/2025\/06\/fb_mad_img.png\",\"width\":1140,\"height\":620,\"caption\":\"Blog | Docenti.it\"},\"image\":{\"@id\":\"https:\/\/www.docenti.it\/blog\/#\/schema\/logo\/image\/\"},\"sameAs\":[\"https:\/\/www.facebook.com\/docenti.it\"]},{\"@type\":\"Person\",\"@id\":\"https:\/\/www.docenti.it\/blog\/#\/schema\/person\/db2692c75b023bba5319018ede576846\",\"name\":\"Veronica Conti\",\"image\":{\"@type\":\"ImageObject\",\"inLanguage\":\"it-IT\",\"@id\":\"https:\/\/www.docenti.it\/blog\/#\/schema\/person\/image\/\",\"url\":\"https:\/\/secure.gravatar.com\/avatar\/9709c2e092989f0e61eda04e2d96c120?s=96&d=mm&r=g\",\"contentUrl\":\"https:\/\/secure.gravatar.com\/avatar\/9709c2e092989f0e61eda04e2d96c120?s=96&d=mm&r=g\",\"caption\":\"Veronica Conti\"},\"description\":\"Classe 1998, \u00e8 studentessa e insegnante di musica. Ha conseguito il Diploma di Violoncello nel 2018 e, due anni dopo, il Diploma Accademico di II Livello in Violoncello presso il Conservatorio di Cesena. Frequenta il terzo anno all'universit\u00e0 di Urbino, Lingue e Culture Straniere profilo linguistico-aziendale, ed \u00e8 tirocinante presso Docenti.it.\",\"url\":\"https:\/\/www.docenti.it\/blog\/author\/veronica-conti\/\"}]}<\/script>\n<!-- \/ Yoast SEO plugin. -->","yoast_head_json":{"title":"Contratto scuola aumenti: di quanto aumenteranno gli stipendi docenti?","description":"Oggi ci sar\u00e0 un incontro all'Aran in merito agli aumenti contratto scuola: 100 o 50 euro in pi\u00f9 nelle buste paga?","robots":{"index":"index","follow":"follow","max-snippet":"max-snippet:-1","max-image-preview":"max-image-preview:large","max-video-preview":"max-video-preview:-1"},"canonical":"https:\/\/www.docenti.it\/blog\/contratto-scuola-aumenti-di-quanto-aumenteranno-gli-stipendi-docenti\/","og_locale":"it_IT","og_type":"article","og_title":"Contratto scuola aumenti: di quanto aumenteranno gli stipendi docenti?","og_description":"Oggi ci sar\u00e0 un incontro all'Aran in merito agli aumenti contratto scuola: 100 o 50 euro in pi\u00f9 nelle buste paga?","og_url":"https:\/\/www.docenti.it\/blog\/contratto-scuola-aumenti-di-quanto-aumenteranno-gli-stipendi-docenti\/","og_site_name":"Blog | Docenti.it","article_publisher":"https:\/\/www.facebook.com\/docenti.it","article_published_time":"2022-06-07T10:09:05+00:00","article_modified_time":"2022-06-07T10:09:28+00:00","og_image":[{"width":640,"height":427,"url":"https:\/\/www.docenti.it\/blog\/wp-content\/uploads\/2022\/06\/markus-spiske-DEyuXCAiO6g-unsplash.jpg","type":"image\/jpeg"}],"author":"Veronica Conti","twitter_card":"summary_large_image","twitter_misc":{"Written by":"Veronica Conti","Est. reading time":"3 minuti"},"schema":{"@context":"https:\/\/schema.org","@graph":[{"@type":"Article","@id":"https:\/\/www.docenti.it\/blog\/contratto-scuola-aumenti-di-quanto-aumenteranno-gli-stipendi-docenti\/#article","isPartOf":{"@id":"https:\/\/www.docenti.it\/blog\/contratto-scuola-aumenti-di-quanto-aumenteranno-gli-stipendi-docenti\/"},"author":{"name":"Veronica Conti","@id":"https:\/\/www.docenti.it\/blog\/#\/schema\/person\/db2692c75b023bba5319018ede576846"},"headline":"Contratto scuola aumenti: di quanto aumenteranno gli stipendi docenti?","datePublished":"2022-06-07T10:09:05+00:00","dateModified":"2022-06-07T10:09:28+00:00","mainEntityOfPage":{"@id":"https:\/\/www.docenti.it\/blog\/contratto-scuola-aumenti-di-quanto-aumenteranno-gli-stipendi-docenti\/"},"wordCount":393,"commentCount":0,"publisher":{"@id":"https:\/\/www.docenti.it\/blog\/#organization"},"keywords":["stipendio docenti"],"articleSection":["News"],"inLanguage":"it-IT","potentialAction":[{"@type":"CommentAction","name":"Comment","target":["https:\/\/www.docenti.it\/blog\/contratto-scuola-aumenti-di-quanto-aumenteranno-gli-stipendi-docenti\/#respond"]}]},{"@type":"WebPage","@id":"https:\/\/www.docenti.it\/blog\/contratto-scuola-aumenti-di-quanto-aumenteranno-gli-stipendi-docenti\/","url":"https:\/\/www.docenti.it\/blog\/contratto-scuola-aumenti-di-quanto-aumenteranno-gli-stipendi-docenti\/","name":"Contratto scuola aumenti: di quanto aumenteranno gli stipendi docenti?","isPartOf":{"@id":"https:\/\/www.docenti.it\/blog\/#website"},"datePublished":"2022-06-07T10:09:05+00:00","dateModified":"2022-06-07T10:09:28+00:00","description":"Oggi ci sar\u00e0 un incontro all'Aran in merito agli aumenti contratto scuola: 100 o 50 euro in pi\u00f9 nelle buste paga?","breadcrumb":{"@id":"https:\/\/www.docenti.it\/blog\/contratto-scuola-aumenti-di-quanto-aumenteranno-gli-stipendi-docenti\/#breadcrumb"},"inLanguage":"it-IT","potentialAction":[{"@type":"ReadAction","target":["https:\/\/www.docenti.it\/blog\/contratto-scuola-aumenti-di-quanto-aumenteranno-gli-stipendi-docenti\/"]}]},{"@type":"BreadcrumbList","@id":"https:\/\/www.docenti.it\/blog\/contratto-scuola-aumenti-di-quanto-aumenteranno-gli-stipendi-docenti\/#breadcrumb","itemListElement":[{"@type":"ListItem","position":1,"name":"Home","item":"https:\/\/www.docenti.it\/blog\/"},{"@type":"ListItem","position":2,"name":"Contratto scuola aumenti: di quanto aumenteranno gli stipendi docenti?"}]},{"@type":"WebSite","@id":"https:\/\/www.docenti.it\/blog\/#website","url":"https:\/\/www.docenti.it\/blog\/","name":"Blog | Docenti.it","description":"Tutte le notizie e gli aggiornamenti dal mondo della scuola","publisher":{"@id":"https:\/\/www.docenti.it\/blog\/#organization"},"potentialAction":[{"@type":"SearchAction","target":{"@type":"EntryPoint","urlTemplate":"https:\/\/www.docenti.it\/blog\/?s={search_term_string}"},"query-input":"required name=search_term_string"}],"inLanguage":"it-IT"},{"@type":"Organization","@id":"https:\/\/www.docenti.it\/blog\/#organization","name":"Blog | Docenti.it","url":"https:\/\/www.docenti.it\/blog\/","logo":{"@type":"ImageObject","inLanguage":"it-IT","@id":"https:\/\/www.docenti.it\/blog\/#\/schema\/logo\/image\/","url":"https:\/\/www.docenti.it\/blog\/wp-content\/uploads\/2025\/06\/fb_mad_img.png","contentUrl":"https:\/\/www.docenti.it\/blog\/wp-content\/uploads\/2025\/06\/fb_mad_img.png","width":1140,"height":620,"caption":"Blog | Docenti.it"},"image":{"@id":"https:\/\/www.docenti.it\/blog\/#\/schema\/logo\/image\/"},"sameAs":["https:\/\/www.facebook.com\/docenti.it"]},{"@type":"Person","@id":"https:\/\/www.docenti.it\/blog\/#\/schema\/person\/db2692c75b023bba5319018ede576846","name":"Veronica Conti","image":{"@type":"ImageObject","inLanguage":"it-IT","@id":"https:\/\/www.docenti.it\/blog\/#\/schema\/person\/image\/","url":"https:\/\/secure.gravatar.com\/avatar\/9709c2e092989f0e61eda04e2d96c120?s=96&d=mm&r=g","contentUrl":"https:\/\/secure.gravatar.com\/avatar\/9709c2e092989f0e61eda04e2d96c120?s=96&d=mm&r=g","caption":"Veronica Conti"},"description":"Classe 1998, \u00e8 studentessa e insegnante di musica. Ha conseguito il Diploma di Violoncello nel 2018 e, due anni dopo, il Diploma Accademico di II Livello in Violoncello presso il Conservatorio di Cesena. Frequenta il terzo anno all'universit\u00e0 di Urbino, Lingue e Culture Straniere profilo linguistico-aziendale, ed \u00e8 tirocinante presso Docenti.it.","url":"https:\/\/www.docenti.it\/blog\/author\/veronica-conti\/"}]}},"_links":{"self":[{"href":"https:\/\/www.docenti.it\/blog\/wp-json\/wp\/v2\/posts\/26101"}],"collection":[{"href":"https:\/\/www.docenti.it\/blog\/wp-json\/wp\/v2\/posts"}],"about":[{"href":"https:\/\/www.docenti.it\/blog\/wp-json\/wp\/v2\/types\/post"}],"author":[{"embeddable":true,"href":"https:\/\/www.docenti.it\/blog\/wp-json\/wp\/v2\/users\/22"}],"replies":[{"embeddable":true,"href":"https:\/\/www.docenti.it\/blog\/wp-json\/wp\/v2\/comments?post=26101"}],"version-history":[{"count":7,"href":"https:\/\/www.docenti.it\/blog\/wp-json\/wp\/v2\/posts\/26101\/revisions"}],"predecessor-version":[{"id":26112,"href":"https:\/\/www.docenti.it\/blog\/wp-json\/wp\/v2\/posts\/26101\/revisions\/26112"}],"wp:featuredmedia":[{"embeddable":true,"href":"https:\/\/www.docenti.it\/blog\/wp-json\/wp\/v2\/media\/26109"}],"wp:attachment":[{"href":"https:\/\/www.docenti.it\/blog\/wp-json\/wp\/v2\/media?parent=26101"}],"wp:term":[{"taxonomy":"category","embeddable":true,"href":"https:\/\/www.docenti.it\/blog\/wp-json\/wp\/v2\/categories?post=26101"},{"taxonomy":"post_tag","embeddable":true,"href":"https:\/\/www.docenti.it\/blog\/wp-json\/wp\/v2\/tags?post=26101"}],"curies":[{"name":"wp","href":"https:\/\/api.w.org\/{rel}","templated":true}]}}