{"id":26775,"date":"2022-06-16T08:00:00","date_gmt":"2022-06-16T06:00:00","guid":{"rendered":"https:\/\/www.docenti.it\/blog\/?p=26775"},"modified":"2022-07-04T12:52:13","modified_gmt":"2022-07-04T10:52:13","slug":"gps-2022-non-ti-sei-inserito-in-graduatoria-ecco-cosa-devi-fare","status":"publish","type":"post","link":"https:\/\/www.docenti.it\/blog\/gps-2022-non-ti-sei-inserito-in-graduatoria-ecco-cosa-devi-fare\/","title":{"rendered":"GPS 2022: non ti sei inserito in graduatoria? Ecco cosa devi fare"},"content":{"rendered":"\n<p>Le<strong> graduatorie GPS 2022<\/strong> sono state chiuse ma non tutti i docenti sono riusciti ad inserirsi. <\/p>\n\n\n\n<p><em>Che cosa possono fare adesso<\/em>?<\/p>\n\n\n\n<!--more-->\n\n\n\n<h2>GPS 2022: se non ti sei inserito in graduatoria&#8230;<\/h2>\n\n\n\n<p>Le <strong>graduatorie GPS 2022<\/strong> si sono chiuse a fine maggio. <\/p>\n\n\n\n<p class=\"has-text-align-center\"><em><strong>Ad oggi, chi \u00e8 riuscito ad inserirsi (o ad aggiornare il proprio posizionamento) <br>entro i termini prestabiliti dal Miur, <br>si ritrova ad attendere che vengano fatte le dovute verifiche di titoli inseriti e punteggi dichiarati. <\/strong><\/em><\/p>\n\n\n\n<p><em>E chi, invece, non \u00e8 riuscito ad inserirsi?<\/em><\/p>\n\n\n\n<p>Per questi docenti, purtroppo, non c\u2019\u00e8 pi\u00f9 nulla da fare. <\/p>\n\n\n\n<p>Infatti, non \u00e8 possibile inserirsi in graduatoria oltre il termine prestabilito.<\/p>\n\n\n\n<p><em>Per\u00f2&#8230;<\/em><\/p>\n\n\n\n<p><span class=\"has-inline-color has-vivid-red-color\"><strong>\u00c8 ancora possibile, per questi docenti, ottenere incarichi di supplenza.<\/strong><\/span><\/p>\n\n\n\n<p><em>E in che modo?<\/em><\/p>\n\n\n\n<h2>Ottieni incarichi di supplenza: ecco come<\/h2>\n\n\n\n<p class=\"has-text-align-center\"><strong><em>Attualmente, un docente precario viene &#8220;assunto&#8221; dagli istituti scolastici per supplenze brevi (o annuali) <br>mediante due metodi di reclutamento docenti: <br>le <span class=\"has-inline-color has-vivid-red-color\">graduatorie GPS e le domande di Messa a Disposizione<\/span>.<\/em><\/strong><\/p>\n\n\n\n<p>Questo lo sappiamo noi come lo sa qualunque aspirante docente, per quanto possa essere &#8220;nuovo&#8221; nel mondo scuola.<\/p>\n\n\n\n<p>Se stai leggendo questo articolo, ipotizziamo che tu sia uno di questi. <br>Di conseguenza, ipotizziamo anche che tu sappia benissimo che ci sono periodi migliori durante i quali inviare la MAD e periodi dove i docenti non vengono richiesti. <\/p>\n\n\n\n<p class=\"has-text-align-center\"><strong><em>E saprai anche che, solitamente, il periodo di maggiore afflusso per le domande di Messa a Disposizione \u00e8 agosto\/settembre, prima che la scuola cominci. <\/em><\/strong><\/p>\n\n\n\n<p><em>Ma allora perch\u00e9 stiamo per consigliarti di inviare la tua MAD adesso?<\/em><\/p>\n\n\n\n<p>Chiaramente noi non prevediamo il futuro: non sappiamo da qui ad agosto che cosa succeder\u00e0 e che cosa decider\u00e0 il Miur a proposito delle domande di Messa a Disposizione.<\/p>\n\n\n\n<p>Noi sappiamo soltanto due cose:<\/p>\n\n\n\n<ul><li>la prima: se stai leggendo quest&#8217;articolo, molto probabilmente farai parte di uno dei tanti docenti che non \u00e8 riuscito per tempo ad inserirsi nelle graduatorie GPS 2022;<\/li><li>la seconda: il Miur non ha ancora eliminato (o comunque: diminuito) l&#8217;afflusso e l&#8217;importanza della MAD, come invece aveva detto di voler fare.<\/li><\/ul>\n\n\n\n<p>Questo consente di ottenere due risultati:<\/p>\n\n\n\n<ul><li>nel tuo caso, ti permette di <strong>candidarti con la MAD<\/strong> e approfittare del fatto che questa domanda \u00e8 sempre molto usata dagli istituti, per ottenere incarichi di supplenza;<\/li><li>e a noi consente di <strong>aiutare te lungo il cammino che ti condurr\u00e0 verso l&#8217;insegnamento<\/strong>. <\/li><\/ul>\n\n\n\n<p><em>Ma in che modo possiamo aiutarti?<\/em><\/p>\n\n\n\n<p>Dandoti dei consigli utili e di valore, che possano consentirti di ottenere incarichi di supplenza. <\/p>\n\n\n\n<p>A partire da questo: <\/p>\n\n\n\n<p class=\"has-text-align-center\"><em><strong>se vuoi davvero avvantaggiarti rispetto a migliaia di candidati <br>che invieranno le proprie MAD ad agosto\/settembre, <br>non hai altra scelta se non&#8230; inviarla adesso!<\/strong><\/em><\/p>\n\n\n<p>[maxbutton id=&#8221;1&#8243; url=&#8221;https:\/\/www.docenti.it\/messa-a-disposizione.html?lnk=104&#8243; text=&#8221;Invia ora tua MAD qui&#8221; ]<\/p>\n\n\n\n<p><\/p>\n\n\n\n<p>Chiaramente, questo concetto sembra cozzare molto con quello che abbiamo sempre sostenuto, ovvero che: il periodo migliore per inviare la propria MAD \u00e8 agosto. <\/p>\n\n\n\n<p>Ne siamo consapevoli, ma c\u2019\u00e8 una spiegazione logica a tutto questo e noi stiamo per illustrartela. <\/p>\n\n\n\n<p>Continua a leggere. <\/p>\n\n\n\n<figure class=\"wp-block-image size-full\"><img decoding=\"async\" loading=\"lazy\" width=\"640\" height=\"356\" src=\"https:\/\/www.docenti.it\/blog\/wp-content\/uploads\/2022\/06\/meeting-ga91f2cc02_640.png\" alt=\"GPS 2022\" class=\"wp-image-26831\" srcset=\"https:\/\/www.docenti.it\/blog\/wp-content\/uploads\/2022\/06\/meeting-ga91f2cc02_640.png 640w, https:\/\/www.docenti.it\/blog\/wp-content\/uploads\/2022\/06\/meeting-ga91f2cc02_640-300x167.png 300w\" sizes=\"(max-width: 640px) 100vw, 640px\" \/><\/figure>\n\n\n\n<h3>Attiva MAD Plus: che cos\u2019\u00e8 e come funziona<\/h3>\n\n\n\n<p class=\"has-text-align-center\"><strong><em><span class=\"has-inline-color has-vivid-red-color\">Il periodo migliore per candidarti negli istituti scolastici parte da agosto. <\/span><\/em><\/strong><\/p>\n\n\n\n<p>Questo noi lo abbiamo sempre detto e lo ribadiamo di nuovo adesso. <br>\u00c8 tutto vero, dunque.<br>Ma, assieme a questa, vi \u00e8 anche un&#8217;altra verit\u00e0.<\/p>\n\n\n\n<p>Esattamente come tu non sei riuscito (probabilmente) ad inserirti in graduatoria GPS 2022, nella tua posizione ci saranno anche tanti altri docenti. <\/p>\n\n\n\n<p><em>E in che modo questi docenti cercheranno di arraffarsi una supplenza quest&#8217;anno?<\/em><\/p>\n\n\n\n<p class=\"has-text-align-center\"><strong><em>Candidandosi con le domande di Messa a Disposizione.<\/em><\/strong><\/p>\n\n\n\n<p>Per questo motivo, \u00e8 opportuno arrivare prima di loro. <\/p>\n\n\n\n<p><em>Ma in che modo puoi farlo?<\/em><\/p>\n\n\n\n<p>Avvantaggiandoti rispetto alla miriade di candidature che ad agosto approderanno sulle scrivanie delle segreterie scolastiche. <\/p>\n\n\n\n<p class=\"has-text-align-center\"><em><strong>E per avvantaggiarti devi <a href=\"https:\/\/www.docenti.it\/messa-a-disposizione.html?lnk=104\" target=\"_blank\" rel=\"noreferrer noopener\">inviare la tua MAD adesso<\/a>&#8230; <br>e assicurarti che arrivi per prima su quelle scrivanie anche a settembre!<\/strong><\/em><\/p>\n\n\n\n<p>Funzionale a questo scopo, Docenti.it ha ideato <strong><span class=\"has-inline-color has-vivid-red-color\">MAD Plus<\/span><\/strong>.<\/p>\n\n\n\n<p>Si tratta di un servizio aggiuntivo della domanda di Messa a Disposizione, che ti consente di <strong><span class=\"has-inline-color has-vivid-red-color\">programmare 3 invii della tua domanda, nei 3 migliori periodi dell&#8217;anno scolastico. <\/span><\/strong><\/p>\n\n\n\n<p class=\"has-text-align-center\"><strong><em>In questo modo, tu potrai compilare la tua MAD adesso e poi&#8230; <\/em><\/strong><br><strong><em>dimenticartene!<\/em><\/strong><\/p>\n\n\n<p>[maxbutton id=&#8221;1&#8243; url=&#8221;https:\/\/www.docenti.it\/messa-a-disposizione.html?lnk=104&#8243; text=&#8221;Puoi inviare la tua MAD qui&#8221; ]<\/p>\n\n\n\n<p><\/p>\n\n\n\n<p>Non ti dovrai segnare la data sul calendario per ricordarti di inviarne un&#8217;altra a settembre e un&#8217;altra a dicembre\/gennaio (che rappresentano i migliori periodi durante i quali inviare la tua candidatura).<\/p>\n\n\n\n<p>Niente di tutto questo. <\/p>\n\n\n\n<p><strong>Tu dovrai, semplicemente, <a href=\"https:\/\/www.docenti.it\/messa-a-disposizione.html?lnk=104\" target=\"_blank\" rel=\"noreferrer noopener\">compilare adesso la tua MAD<\/a>.<br><\/strong>Sar\u00e0 poi la piattaforma che avrai scelto a ricordarsi di inviare la tua MAD e programmarla per la data da te scelta. <\/p>\n\n\n\n<p>Ed ora parliamo della piattaforma con la quale puoi attuare questo procedimento.<\/p>\n\n\n\n<h2>Perch\u00e9 inviare la MAD con Docenti.it<\/h2>\n\n\n\n<p class=\"has-text-align-center\"><strong><em>Docenti.it \u00e8 una realt\u00e0 che si occupa da oltre 7 anni di aiutare neolaureati e aspiranti docenti <\/em><\/strong><br><strong><em>ad entrare nel mondo scuola e ad ottenere incarichi di supplenza annuali. <\/em><\/strong><\/p>\n\n\n\n<p>Il servizio di <strong>Invio MAD online di Docenti.it<\/strong> ha gi\u00e0 aiutato migliaia di aspiranti docenti ad ottenere incarichi di supplenza annuali. <\/p>\n\n\n\n<p>Ecco <strong>quali sono i vantaggi <\/strong>che avrai se ti affiderai al nostro servizio:<\/p>\n\n\n\n<ul><li>dopo aver compilato la MAD sul nostro sito, <strong>riceverai una chiamata da uno dei nostri consulenti esperti entro 24h lavorative;<\/strong><\/li><li><strong>il consulente si occuper\u00e0 di riepilogare la tua MAD<\/strong>, correggendola da eventuali errori;<\/li><li>dopodich\u00e9, <strong>la tua domanda sar\u00e0 inviata automaticamente a tutti gli istituti della provincia da te selezionata<\/strong>;<\/li><li><strong>tu verrai inserito nell&#8217;Elenco Nazionale Supplenti<\/strong>, una piattaforma ideata da noi e consultata da pi\u00f9 di 12mila istituti, sia pubblici che privati, sempre a caccia di supplenti;<\/li><li>in pi\u00f9, se tu non dovessi ricevere il servizio adeguato, sarai rimborsato: infatti, <strong>il nostro servizio di Invio MAD online \u00e8 tutelato dalla garanzia Soddisfatti o Rimborsati. <\/strong><br>Ovviamente, il rimborso non avviene in caso di non convocazione da parte degli istituti. La convocazione o meno da parte delle scuole \u00e8 un fattore che riguarda solo e unicamente il volere della scuola in s\u00e9: su questo noi, purtroppo, non abbiamo alcun potere decisionale. <\/li><\/ul>\n\n\n\n<p>Tutto ci\u00f2 che abbiamo detto vale per quanto riguarda il nostro servizio di <strong><a href=\"https:\/\/www.docenti.it\/messa-a-disposizione.html?lnk=104\" target=\"_blank\" rel=\"noreferrer noopener\">Invio MAD online<\/a><\/strong>. <\/p>\n\n\n\n<p>Come dicevamo, <strong><span class=\"has-inline-color has-vivid-red-color\">MAD Plus \u00e8 un servizio aggiuntivo<\/span><\/strong>, che ha un costo di 16 euro. <\/p>\n\n\n\n<p>Sono 16 euro in pi\u00f9 rispetto al classico servizio di Invio MAD online. <\/p>\n\n\n\n<p class=\"has-text-align-center\"><strong><em>Una spesa veramente irrisoria, se pensi che programmare OGGI la tua domanda di Messa a Disposizione<br><\/em><\/strong><em><strong> potr\u00e0 consentirti di ottenere un incarico di supplenza&#8230; domani. <\/strong><\/em><\/p>\n\n\n<p>[maxbutton id=&#8221;1&#8243; url=&#8221;https:\/\/www.docenti.it\/messa-a-disposizione.html?lnk=104&#8243; text=&#8221;Attiva ora MAD Plus qui&#8221; ]<\/p>\n\n\n\n<p><\/p>\n\n\n\n<h2>Contatta la redazione<\/h2>\n\n\n\n<p>Hai dubbi da porci o domande riguardo il servizio di invio&nbsp;<strong>Messa a Disposizione<\/strong>?<\/p>\n\n\n\n<p>Puoi contattare la nostra redazione a questo indirizzo:&nbsp;redazione@docenti.it<\/p>\n\n\n\n<p>Riceverai una risposta alle tue domande nel breve tempo possibile.<\/p>\n\n\n\n<p>Vuoi approfondire l&#8217;argomento?<br>Leggi anche:<\/p>\n\n\n\n<ul><li><a href=\"https:\/\/www.docenti.it\/blog\/grazie-ad-una-messa-a-disposizione-sono-diventata-insegnante-la-storia-di-paola\/\">\u201cGrazie ad una Messa a Disposizione sono diventata insegnante\u201d: la storia di Paola<\/a><\/li><li><a href=\"https:\/\/www.docenti.it\/blog\/sono-inserito-in-graduatoria-gps-posso-inviare-anche-la-mad-incattedra\/\">Sono inserito in graduatoria GPS: posso inviare anche la MAD?<\/a><\/li><li><a href=\"https:\/\/www.docenti.it\/blog\/invia-la-mad-e-ottiene-subito-un-contratto-annuale-il-racconto-di-renato\/\">Invia la MAD e ottiene subito un contratto annuale: il racconto di Renato<\/a><\/li><li><a href=\"https:\/\/www.docenti.it\/blog\/nuova-ordinanza-ministeriale-come-cambiera-il-ruolo-della-mad-scuola\/\">Nuova Ordinanza Ministeriale: come cambier\u00e0 il ruolo della MAD scuola?<\/a><\/li><\/ul>\n\n\n\n<p><meta charset=\"utf-8\">E seguici su&nbsp;<strong><a href=\"https:\/\/www.facebook.com\/docenti.it\" target=\"_blank\" rel=\"noreferrer noopener\">Facebook<\/a><\/strong>&nbsp;e&nbsp;<a href=\"https:\/\/www.instagram.com\/docenti.it\/\" target=\"_blank\" rel=\"noreferrer noopener\"><strong>Instagram<\/strong><\/a>.<\/p>\n\n\n\n<p>Photo credit: <a href=\"https:\/\/pixabay.com\/\" target=\"_blank\" rel=\"noreferrer noopener\"><strong>Pixabay<\/strong><\/a><\/p>\n","protected":false},"excerpt":{"rendered":"<p>Le graduatorie GPS 2022 sono state chiuse ma non tutti i docenti sono riusciti [&hellip;]<\/p>\n","protected":false},"author":21,"featured_media":26777,"comment_status":"open","ping_status":"open","sticky":false,"template":"","format":"standard","meta":[],"categories":[5,2],"tags":[],"yoast_head":"<!-- This site is optimized with the Yoast SEO plugin v20.4 - https:\/\/yoast.com\/wordpress\/plugins\/seo\/ -->\n<title>GPS 2022: non ti sei inserito in graduatoria? Ecco cosa devi fare<\/title>\n<meta name=\"description\" content=\"Le graduatorie GPS 2022 sono state chiuse ma non tutti i docenti sono riusciti ad inserirsi. Che cosa possono fare adesso?\" \/>\n<meta name=\"robots\" content=\"index, follow, max-snippet:-1, max-image-preview:large, max-video-preview:-1\" \/>\n<link rel=\"canonical\" href=\"https:\/\/www.docenti.it\/blog\/gps-2022-non-ti-sei-inserito-in-graduatoria-ecco-cosa-devi-fare\/\" \/>\n<meta property=\"og:locale\" content=\"it_IT\" \/>\n<meta property=\"og:type\" content=\"article\" \/>\n<meta property=\"og:title\" content=\"GPS 2022: non ti sei inserito in graduatoria? Ecco cosa devi fare\" \/>\n<meta property=\"og:description\" content=\"Le graduatorie GPS 2022 sono state chiuse ma non tutti i docenti sono riusciti ad inserirsi. Che cosa possono fare adesso?\" \/>\n<meta property=\"og:url\" content=\"https:\/\/www.docenti.it\/blog\/gps-2022-non-ti-sei-inserito-in-graduatoria-ecco-cosa-devi-fare\/\" \/>\n<meta property=\"og:site_name\" content=\"Blog | Docenti.it\" \/>\n<meta property=\"article:publisher\" content=\"https:\/\/www.facebook.com\/docenti.it\" \/>\n<meta property=\"article:author\" content=\"https:\/\/www.facebook.com\/profile.php?id=1555867670\" \/>\n<meta property=\"article:published_time\" content=\"2022-06-16T06:00:00+00:00\" \/>\n<meta property=\"article:modified_time\" content=\"2022-07-04T10:52:13+00:00\" \/>\n<meta property=\"og:image\" content=\"https:\/\/www.docenti.it\/blog\/wp-content\/uploads\/2022\/06\/resume-gaca547c50_640.png\" \/>\n\t<meta property=\"og:image:width\" content=\"640\" \/>\n\t<meta property=\"og:image:height\" content=\"434\" \/>\n\t<meta property=\"og:image:type\" content=\"image\/png\" \/>\n<meta name=\"author\" content=\"Martina Vaggi\" \/>\n<meta name=\"twitter:card\" content=\"summary_large_image\" \/>\n<meta name=\"twitter:label1\" content=\"Written by\" \/>\n\t<meta name=\"twitter:data1\" content=\"Martina Vaggi\" \/>\n\t<meta name=\"twitter:label2\" content=\"Est. reading time\" \/>\n\t<meta name=\"twitter:data2\" content=\"7 minuti\" \/>\n<script type=\"application\/ld+json\" class=\"yoast-schema-graph\">{\"@context\":\"https:\/\/schema.org\",\"@graph\":[{\"@type\":\"Article\",\"@id\":\"https:\/\/www.docenti.it\/blog\/gps-2022-non-ti-sei-inserito-in-graduatoria-ecco-cosa-devi-fare\/#article\",\"isPartOf\":{\"@id\":\"https:\/\/www.docenti.it\/blog\/gps-2022-non-ti-sei-inserito-in-graduatoria-ecco-cosa-devi-fare\/\"},\"author\":{\"name\":\"Martina Vaggi\",\"@id\":\"https:\/\/www.docenti.it\/blog\/#\/schema\/person\/99c2fdaf54e96829fe4ed44da8233688\"},\"headline\":\"GPS 2022: non ti sei inserito in graduatoria? Ecco cosa devi fare\",\"datePublished\":\"2022-06-16T06:00:00+00:00\",\"dateModified\":\"2022-07-04T10:52:13+00:00\",\"mainEntityOfPage\":{\"@id\":\"https:\/\/www.docenti.it\/blog\/gps-2022-non-ti-sei-inserito-in-graduatoria-ecco-cosa-devi-fare\/\"},\"wordCount\":1168,\"commentCount\":0,\"publisher\":{\"@id\":\"https:\/\/www.docenti.it\/blog\/#organization\"},\"articleSection\":[\"Graduatorie scuola\",\"Messa a Disposizione\"],\"inLanguage\":\"it-IT\",\"potentialAction\":[{\"@type\":\"CommentAction\",\"name\":\"Comment\",\"target\":[\"https:\/\/www.docenti.it\/blog\/gps-2022-non-ti-sei-inserito-in-graduatoria-ecco-cosa-devi-fare\/#respond\"]}]},{\"@type\":\"WebPage\",\"@id\":\"https:\/\/www.docenti.it\/blog\/gps-2022-non-ti-sei-inserito-in-graduatoria-ecco-cosa-devi-fare\/\",\"url\":\"https:\/\/www.docenti.it\/blog\/gps-2022-non-ti-sei-inserito-in-graduatoria-ecco-cosa-devi-fare\/\",\"name\":\"GPS 2022: non ti sei inserito in graduatoria? Ecco cosa devi fare\",\"isPartOf\":{\"@id\":\"https:\/\/www.docenti.it\/blog\/#website\"},\"datePublished\":\"2022-06-16T06:00:00+00:00\",\"dateModified\":\"2022-07-04T10:52:13+00:00\",\"description\":\"Le graduatorie GPS 2022 sono state chiuse ma non tutti i docenti sono riusciti ad inserirsi. Che cosa possono fare adesso?\",\"breadcrumb\":{\"@id\":\"https:\/\/www.docenti.it\/blog\/gps-2022-non-ti-sei-inserito-in-graduatoria-ecco-cosa-devi-fare\/#breadcrumb\"},\"inLanguage\":\"it-IT\",\"potentialAction\":[{\"@type\":\"ReadAction\",\"target\":[\"https:\/\/www.docenti.it\/blog\/gps-2022-non-ti-sei-inserito-in-graduatoria-ecco-cosa-devi-fare\/\"]}]},{\"@type\":\"BreadcrumbList\",\"@id\":\"https:\/\/www.docenti.it\/blog\/gps-2022-non-ti-sei-inserito-in-graduatoria-ecco-cosa-devi-fare\/#breadcrumb\",\"itemListElement\":[{\"@type\":\"ListItem\",\"position\":1,\"name\":\"Home\",\"item\":\"https:\/\/www.docenti.it\/blog\/\"},{\"@type\":\"ListItem\",\"position\":2,\"name\":\"GPS 2022: non ti sei inserito in graduatoria? Ecco cosa devi fare\"}]},{\"@type\":\"WebSite\",\"@id\":\"https:\/\/www.docenti.it\/blog\/#website\",\"url\":\"https:\/\/www.docenti.it\/blog\/\",\"name\":\"Blog | Docenti.it\",\"description\":\"Tutte le notizie e gli aggiornamenti dal mondo della scuola\",\"publisher\":{\"@id\":\"https:\/\/www.docenti.it\/blog\/#organization\"},\"potentialAction\":[{\"@type\":\"SearchAction\",\"target\":{\"@type\":\"EntryPoint\",\"urlTemplate\":\"https:\/\/www.docenti.it\/blog\/?s={search_term_string}\"},\"query-input\":\"required name=search_term_string\"}],\"inLanguage\":\"it-IT\"},{\"@type\":\"Organization\",\"@id\":\"https:\/\/www.docenti.it\/blog\/#organization\",\"name\":\"Blog | Docenti.it\",\"url\":\"https:\/\/www.docenti.it\/blog\/\",\"logo\":{\"@type\":\"ImageObject\",\"inLanguage\":\"it-IT\",\"@id\":\"https:\/\/www.docenti.it\/blog\/#\/schema\/logo\/image\/\",\"url\":\"https:\/\/www.docenti.it\/blog\/wp-content\/uploads\/2025\/06\/fb_mad_img.png\",\"contentUrl\":\"https:\/\/www.docenti.it\/blog\/wp-content\/uploads\/2025\/06\/fb_mad_img.png\",\"width\":1140,\"height\":620,\"caption\":\"Blog | Docenti.it\"},\"image\":{\"@id\":\"https:\/\/www.docenti.it\/blog\/#\/schema\/logo\/image\/\"},\"sameAs\":[\"https:\/\/www.facebook.com\/docenti.it\"]},{\"@type\":\"Person\",\"@id\":\"https:\/\/www.docenti.it\/blog\/#\/schema\/person\/99c2fdaf54e96829fe4ed44da8233688\",\"name\":\"Martina Vaggi\",\"image\":{\"@type\":\"ImageObject\",\"inLanguage\":\"it-IT\",\"@id\":\"https:\/\/www.docenti.it\/blog\/#\/schema\/person\/image\/\",\"url\":\"https:\/\/secure.gravatar.com\/avatar\/14a13197979873d693ad915d249e3f54?s=96&d=mm&r=g\",\"contentUrl\":\"https:\/\/secure.gravatar.com\/avatar\/14a13197979873d693ad915d249e3f54?s=96&d=mm&r=g\",\"caption\":\"Martina Vaggi\"},\"description\":\"Classe 1991, copywriter e scrittrice. Nata a Sale, un paesino in provincia di Alessandria. Scrive dall\u2019et\u00e0 di 10 anni. Nel 2015 si laurea in Lettere Moderne presso l\u2019universit\u00e0 di Pavia. Nel 2020 pubblica il suo primo libro \\\"Il diario del silenzio - Storie reali di quarantena\\\" che descrive il processo di cambiamento della vita di 40 persone ai tempi del Covid. Nel 2022 si trasferisce a San Marino per lavorare come copywriter per Docenti.it\",\"sameAs\":[\"https:\/\/pensierisurrealidigentecomune.com\/\",\"https:\/\/www.facebook.com\/profile.php?id=1555867670\",\"https:\/\/www.instagram.com\/martiggi91\/\",\"https:\/\/it.linkedin.com\/in\/martina-vaggi\",\"https:\/\/www.youtube.com\/results?search_query=martina+vaggi\"],\"url\":\"https:\/\/www.docenti.it\/blog\/author\/martina-vaggi\/\"}]}<\/script>\n<!-- \/ Yoast SEO plugin. -->","yoast_head_json":{"title":"GPS 2022: non ti sei inserito in graduatoria? Ecco cosa devi fare","description":"Le graduatorie GPS 2022 sono state chiuse ma non tutti i docenti sono riusciti ad inserirsi. Che cosa possono fare adesso?","robots":{"index":"index","follow":"follow","max-snippet":"max-snippet:-1","max-image-preview":"max-image-preview:large","max-video-preview":"max-video-preview:-1"},"canonical":"https:\/\/www.docenti.it\/blog\/gps-2022-non-ti-sei-inserito-in-graduatoria-ecco-cosa-devi-fare\/","og_locale":"it_IT","og_type":"article","og_title":"GPS 2022: non ti sei inserito in graduatoria? Ecco cosa devi fare","og_description":"Le graduatorie GPS 2022 sono state chiuse ma non tutti i docenti sono riusciti ad inserirsi. Che cosa possono fare adesso?","og_url":"https:\/\/www.docenti.it\/blog\/gps-2022-non-ti-sei-inserito-in-graduatoria-ecco-cosa-devi-fare\/","og_site_name":"Blog | Docenti.it","article_publisher":"https:\/\/www.facebook.com\/docenti.it","article_author":"https:\/\/www.facebook.com\/profile.php?id=1555867670","article_published_time":"2022-06-16T06:00:00+00:00","article_modified_time":"2022-07-04T10:52:13+00:00","og_image":[{"width":640,"height":434,"url":"https:\/\/www.docenti.it\/blog\/wp-content\/uploads\/2022\/06\/resume-gaca547c50_640.png","type":"image\/png"}],"author":"Martina Vaggi","twitter_card":"summary_large_image","twitter_misc":{"Written by":"Martina Vaggi","Est. reading time":"7 minuti"},"schema":{"@context":"https:\/\/schema.org","@graph":[{"@type":"Article","@id":"https:\/\/www.docenti.it\/blog\/gps-2022-non-ti-sei-inserito-in-graduatoria-ecco-cosa-devi-fare\/#article","isPartOf":{"@id":"https:\/\/www.docenti.it\/blog\/gps-2022-non-ti-sei-inserito-in-graduatoria-ecco-cosa-devi-fare\/"},"author":{"name":"Martina Vaggi","@id":"https:\/\/www.docenti.it\/blog\/#\/schema\/person\/99c2fdaf54e96829fe4ed44da8233688"},"headline":"GPS 2022: non ti sei inserito in graduatoria? Ecco cosa devi fare","datePublished":"2022-06-16T06:00:00+00:00","dateModified":"2022-07-04T10:52:13+00:00","mainEntityOfPage":{"@id":"https:\/\/www.docenti.it\/blog\/gps-2022-non-ti-sei-inserito-in-graduatoria-ecco-cosa-devi-fare\/"},"wordCount":1168,"commentCount":0,"publisher":{"@id":"https:\/\/www.docenti.it\/blog\/#organization"},"articleSection":["Graduatorie scuola","Messa a Disposizione"],"inLanguage":"it-IT","potentialAction":[{"@type":"CommentAction","name":"Comment","target":["https:\/\/www.docenti.it\/blog\/gps-2022-non-ti-sei-inserito-in-graduatoria-ecco-cosa-devi-fare\/#respond"]}]},{"@type":"WebPage","@id":"https:\/\/www.docenti.it\/blog\/gps-2022-non-ti-sei-inserito-in-graduatoria-ecco-cosa-devi-fare\/","url":"https:\/\/www.docenti.it\/blog\/gps-2022-non-ti-sei-inserito-in-graduatoria-ecco-cosa-devi-fare\/","name":"GPS 2022: non ti sei inserito in graduatoria? Ecco cosa devi fare","isPartOf":{"@id":"https:\/\/www.docenti.it\/blog\/#website"},"datePublished":"2022-06-16T06:00:00+00:00","dateModified":"2022-07-04T10:52:13+00:00","description":"Le graduatorie GPS 2022 sono state chiuse ma non tutti i docenti sono riusciti ad inserirsi. Che cosa possono fare adesso?","breadcrumb":{"@id":"https:\/\/www.docenti.it\/blog\/gps-2022-non-ti-sei-inserito-in-graduatoria-ecco-cosa-devi-fare\/#breadcrumb"},"inLanguage":"it-IT","potentialAction":[{"@type":"ReadAction","target":["https:\/\/www.docenti.it\/blog\/gps-2022-non-ti-sei-inserito-in-graduatoria-ecco-cosa-devi-fare\/"]}]},{"@type":"BreadcrumbList","@id":"https:\/\/www.docenti.it\/blog\/gps-2022-non-ti-sei-inserito-in-graduatoria-ecco-cosa-devi-fare\/#breadcrumb","itemListElement":[{"@type":"ListItem","position":1,"name":"Home","item":"https:\/\/www.docenti.it\/blog\/"},{"@type":"ListItem","position":2,"name":"GPS 2022: non ti sei inserito in graduatoria? Ecco cosa devi fare"}]},{"@type":"WebSite","@id":"https:\/\/www.docenti.it\/blog\/#website","url":"https:\/\/www.docenti.it\/blog\/","name":"Blog | Docenti.it","description":"Tutte le notizie e gli aggiornamenti dal mondo della scuola","publisher":{"@id":"https:\/\/www.docenti.it\/blog\/#organization"},"potentialAction":[{"@type":"SearchAction","target":{"@type":"EntryPoint","urlTemplate":"https:\/\/www.docenti.it\/blog\/?s={search_term_string}"},"query-input":"required name=search_term_string"}],"inLanguage":"it-IT"},{"@type":"Organization","@id":"https:\/\/www.docenti.it\/blog\/#organization","name":"Blog | Docenti.it","url":"https:\/\/www.docenti.it\/blog\/","logo":{"@type":"ImageObject","inLanguage":"it-IT","@id":"https:\/\/www.docenti.it\/blog\/#\/schema\/logo\/image\/","url":"https:\/\/www.docenti.it\/blog\/wp-content\/uploads\/2025\/06\/fb_mad_img.png","contentUrl":"https:\/\/www.docenti.it\/blog\/wp-content\/uploads\/2025\/06\/fb_mad_img.png","width":1140,"height":620,"caption":"Blog | Docenti.it"},"image":{"@id":"https:\/\/www.docenti.it\/blog\/#\/schema\/logo\/image\/"},"sameAs":["https:\/\/www.facebook.com\/docenti.it"]},{"@type":"Person","@id":"https:\/\/www.docenti.it\/blog\/#\/schema\/person\/99c2fdaf54e96829fe4ed44da8233688","name":"Martina Vaggi","image":{"@type":"ImageObject","inLanguage":"it-IT","@id":"https:\/\/www.docenti.it\/blog\/#\/schema\/person\/image\/","url":"https:\/\/secure.gravatar.com\/avatar\/14a13197979873d693ad915d249e3f54?s=96&d=mm&r=g","contentUrl":"https:\/\/secure.gravatar.com\/avatar\/14a13197979873d693ad915d249e3f54?s=96&d=mm&r=g","caption":"Martina Vaggi"},"description":"Classe 1991, copywriter e scrittrice. Nata a Sale, un paesino in provincia di Alessandria. Scrive dall\u2019et\u00e0 di 10 anni. Nel 2015 si laurea in Lettere Moderne presso l\u2019universit\u00e0 di Pavia. Nel 2020 pubblica il suo primo libro \"Il diario del silenzio - Storie reali di quarantena\" che descrive il processo di cambiamento della vita di 40 persone ai tempi del Covid. Nel 2022 si trasferisce a San Marino per lavorare come copywriter per Docenti.it","sameAs":["https:\/\/pensierisurrealidigentecomune.com\/","https:\/\/www.facebook.com\/profile.php?id=1555867670","https:\/\/www.instagram.com\/martiggi91\/","https:\/\/it.linkedin.com\/in\/martina-vaggi","https:\/\/www.youtube.com\/results?search_query=martina+vaggi"],"url":"https:\/\/www.docenti.it\/blog\/author\/martina-vaggi\/"}]}},"_links":{"self":[{"href":"https:\/\/www.docenti.it\/blog\/wp-json\/wp\/v2\/posts\/26775"}],"collection":[{"href":"https:\/\/www.docenti.it\/blog\/wp-json\/wp\/v2\/posts"}],"about":[{"href":"https:\/\/www.docenti.it\/blog\/wp-json\/wp\/v2\/types\/post"}],"author":[{"embeddable":true,"href":"https:\/\/www.docenti.it\/blog\/wp-json\/wp\/v2\/users\/21"}],"replies":[{"embeddable":true,"href":"https:\/\/www.docenti.it\/blog\/wp-json\/wp\/v2\/comments?post=26775"}],"version-history":[{"count":58,"href":"https:\/\/www.docenti.it\/blog\/wp-json\/wp\/v2\/posts\/26775\/revisions"}],"predecessor-version":[{"id":28255,"href":"https:\/\/www.docenti.it\/blog\/wp-json\/wp\/v2\/posts\/26775\/revisions\/28255"}],"wp:featuredmedia":[{"embeddable":true,"href":"https:\/\/www.docenti.it\/blog\/wp-json\/wp\/v2\/media\/26777"}],"wp:attachment":[{"href":"https:\/\/www.docenti.it\/blog\/wp-json\/wp\/v2\/media?parent=26775"}],"wp:term":[{"taxonomy":"category","embeddable":true,"href":"https:\/\/www.docenti.it\/blog\/wp-json\/wp\/v2\/categories?post=26775"},{"taxonomy":"post_tag","embeddable":true,"href":"https:\/\/www.docenti.it\/blog\/wp-json\/wp\/v2\/tags?post=26775"}],"curies":[{"name":"wp","href":"https:\/\/api.w.org\/{rel}","templated":true}]}}