{"id":27148,"date":"2022-06-15T10:12:09","date_gmt":"2022-06-15T08:12:09","guid":{"rendered":"https:\/\/www.docenti.it\/blog\/?p=27148"},"modified":"2022-06-15T10:22:46","modified_gmt":"2022-06-15T08:22:46","slug":"graduatorie-gps-quali-docenti-vanno-esclusi","status":"publish","type":"post","link":"https:\/\/www.docenti.it\/blog\/graduatorie-gps-quali-docenti-vanno-esclusi\/","title":{"rendered":"Graduatorie GPS: quali docenti vanno esclusi?"},"content":{"rendered":"\n<p><strong>Graduatorie GPS<\/strong>: quali sono i docenti destinati ad essere esclusi dall&#8217;aggiornamento graduatorie corrente?<\/p>\n\n\n\n<p>Vediamo come funzionano i controlli.<\/p>\n\n\n\n<!--more-->\n\n\n\n<h2>Graduatorie GPS: controllo multilivello delle dichiarazioni<\/h2>\n\n\n\n<p><strong>Gli uffici scolastici sono gi\u00e0 al lavoro per controllare la correttezza della domande pervenute per le graduatorie GPS. <\/strong><\/p>\n\n\n\n<p>Tali graduatorie serviranno per l&#8217;attribuzione degli incarichi di supplenza, per cui \u00e8 molto importante che non contengano errori, pena un punteggio e un posizionamento sbagliati. <\/p>\n\n\n\n<p>Per garantire la trasparenza e la correttezza delle informazioni dichiarate nelle domande per le graduatorie, \u00e8 stato messo a punto un controllo multilivello. <\/p>\n\n\n\n<p>Il primo livello \u00e8 effettuato, come sopra citato, dagli uffici scolastici. A dettare le fasi del controllo multilivello \u00e8 l\u2019OM n. 112 del 6 maggio 2022 che all\u2019art. 8 comma 5 cita:<\/p>\n\n\n\n<p>\u201c<em>5. Gli uffici scolastici territorialmente competenti procedono alla valutazione dei titoli dichiarati per le GPS di competenza, anche attraverso la delega a scuole polo su specifiche classi di concorso, al fine di evitare difformit\u00e0 nelle valutazioni.<\/em>&#8220;<br><\/p>\n\n\n\n<p>L&#8217;ordinamento poi prosegue indicando<strong> il procedimento in caso di difformit\u00e0 tra i titoli dichiarati e i titoli effettivamente posseduti:<\/strong><\/p>\n\n\n\n<p><em>&#8220;6. In caso di difformit\u00e0 tra i titoli dichiarati e i titoli effettivamente posseduti, i dirigenti degli uffici scolastici territorialmente competenti procedono alla relativa rettifica del punteggio o all\u2019esclusione dalla graduatoria.&#8221;<\/em><\/p>\n\n\n\n<p>In seguito si passa all&#8217;<strong>istituzione scolastica<\/strong>:<\/p>\n\n\n\n<p><em>&#8220;L\u2019istituzione scolastica ove l\u2019aspirante stipula il primo contratto di lavoro nel periodo di vigenza delle graduatorie effettua, tempestivamente, i controlli delle dichiarazioni presentate.&#8221;<\/em><\/p>\n\n\n\n<p>Per cui risulta chiaro che&#8230;<\/p>\n\n\n\n<p><strong>&#8230; I candidati che hanno presentato un titolo di accesso non valido vengono esclusi dalle relative graduatorie GPS.<\/strong><\/p>\n\n\n\n<p>Nel caso in cui la discordanza riguardi il punteggio da attribuire, quest&#8217;ultimo sar\u00e0 rettificato.<\/p>\n\n\n\n<h3>Difficolt\u00e0 a rettificare punteggi pregressi<\/h3>\n\n\n\n<p>Per alcuni docenti \u00e8 sorto un ulteriore problema inerente all&#8217;aggiornamento delle <strong>graduatorie GPS<\/strong>: la difficolt\u00e0 da parte di alcuni a rettificare i vecchi punteggi. <\/p>\n\n\n\n<p>La difficolt\u00e0 inoltre risiedeva anche nel farli rettificare dagli ATP. <\/p>\n\n\n\n<p>Il consistente numero di domande da controllare ha costretto gli Uffici a verificare solo la validit\u00e0 del titolo d&#8217;accesso.<\/p>\n\n\n\n<p>D&#8217;altronde, <strong>il solo servizio prestato senza idoneo titolo di studio \u00e8 considerato di fatto e non in diritto<\/strong>. <\/p>\n\n\n\n<p>Mentre quello prestato con errato punteggio, che comunque mantiene la validit\u00e0 del punteggio.<\/p>\n\n\n\n<p>Per queste vicende in molti sperano che ai controlli venga dedicato pi\u00f9 tempo, cos\u00ec da renderli pi\u00f9 efficaci e non creare disparit\u00e0 inutili, come per quei docenti il cui depennamento \u00e8 avvenuto mesi dopo l&#8217;incarico da GPS.<\/p>\n\n\n\n<p>Seguiranno aggiornamenti. <\/p>\n\n\n\n<p>Intanto, possono interessarti i seguenti argomenti:<\/p>\n\n\n\n<ul><li><a href=\"https:\/\/www.docenti.it\/blog\/immissioni-in-ruolo-docenti-come-avviene-lassunzione-sui-posti-residui\/\">Immissioni in ruolo docenti: come avviene l\u2019assunzione sui posti residui<\/a><\/li><li><a href=\"https:\/\/www.docenti.it\/blog\/concorso-straordinario-bis-in-quale-provincia-andranno-i-vincitori\/\">Concorso straordinario Bis: in quale provincia andranno i vincitori?<\/a><\/li><li><a href=\"https:\/\/www.docenti.it\/blog\/docenti-gps-graduatorie-ecco-i-quadri-di-riferimento-per-il-colloquio\/\">Docenti GPS graduatorie: ecco i quadri di riferimento per il colloquio<\/a><\/li><\/ul>\n\n\n\n<p>E seguici su\u00a0<strong><a href=\"https:\/\/www.facebook.com\/docenti.it\" target=\"_blank\" rel=\"noreferrer noopener\">Facebook<\/a><\/strong>\u00a0e\u00a0<a href=\"https:\/\/www.instagram.com\/docenti.it\/\" target=\"_blank\" rel=\"noreferrer noopener\"><strong>Instagram<\/strong><\/a>.<\/p>\n\n\n\n<p>Photo credit: <a href=\"https:\/\/pixabay.com\/it\/\">pixabay.com<\/a><\/p>\n\n\n\n<p> <\/p>\n","protected":false},"excerpt":{"rendered":"<p>Graduatorie GPS: quali sono i docenti destinati ad essere esclusi dall&#8217;aggiornamento graduatorie corrente? Vediamo [&hellip;]<\/p>\n","protected":false},"author":23,"featured_media":27158,"comment_status":"open","ping_status":"open","sticky":false,"template":"","format":"standard","meta":[],"categories":[5],"tags":[],"yoast_head":"<!-- This site is optimized with the Yoast SEO plugin v20.4 - https:\/\/yoast.com\/wordpress\/plugins\/seo\/ -->\n<title>Graduatorie GPS: quali docenti vanno esclusi?<\/title>\n<meta name=\"description\" content=\"Graduatorie GPS: quali sono i docenti destinati ad essere esclusi dall&#039;aggiornamento graduatorie corrente?\" \/>\n<meta name=\"robots\" content=\"index, follow, max-snippet:-1, max-image-preview:large, max-video-preview:-1\" \/>\n<link rel=\"canonical\" href=\"https:\/\/www.docenti.it\/blog\/graduatorie-gps-quali-docenti-vanno-esclusi\/\" \/>\n<meta property=\"og:locale\" content=\"it_IT\" \/>\n<meta property=\"og:type\" content=\"article\" \/>\n<meta property=\"og:title\" content=\"Graduatorie GPS: quali docenti vanno esclusi?\" \/>\n<meta property=\"og:description\" content=\"Graduatorie GPS: quali sono i docenti destinati ad essere esclusi dall&#039;aggiornamento graduatorie corrente?\" \/>\n<meta property=\"og:url\" content=\"https:\/\/www.docenti.it\/blog\/graduatorie-gps-quali-docenti-vanno-esclusi\/\" \/>\n<meta property=\"og:site_name\" content=\"Blog | Docenti.it\" \/>\n<meta property=\"article:publisher\" content=\"https:\/\/www.facebook.com\/docenti.it\" \/>\n<meta property=\"article:published_time\" content=\"2022-06-15T08:12:09+00:00\" \/>\n<meta property=\"article:modified_time\" content=\"2022-06-15T08:22:46+00:00\" \/>\n<meta property=\"og:image\" content=\"https:\/\/www.docenti.it\/blog\/wp-content\/uploads\/2022\/06\/checklist-g53f115828_640.jpg\" \/>\n\t<meta property=\"og:image:width\" content=\"640\" \/>\n\t<meta property=\"og:image:height\" content=\"426\" \/>\n\t<meta property=\"og:image:type\" content=\"image\/jpeg\" \/>\n<meta name=\"author\" content=\"Francesca Renzetti\" \/>\n<meta name=\"twitter:card\" content=\"summary_large_image\" \/>\n<meta name=\"twitter:label1\" content=\"Written by\" \/>\n\t<meta name=\"twitter:data1\" content=\"Francesca Renzetti\" \/>\n\t<meta name=\"twitter:label2\" content=\"Est. reading time\" \/>\n\t<meta name=\"twitter:data2\" content=\"3 minuti\" \/>\n<script type=\"application\/ld+json\" class=\"yoast-schema-graph\">{\"@context\":\"https:\/\/schema.org\",\"@graph\":[{\"@type\":\"Article\",\"@id\":\"https:\/\/www.docenti.it\/blog\/graduatorie-gps-quali-docenti-vanno-esclusi\/#article\",\"isPartOf\":{\"@id\":\"https:\/\/www.docenti.it\/blog\/graduatorie-gps-quali-docenti-vanno-esclusi\/\"},\"author\":{\"name\":\"Francesca Renzetti\",\"@id\":\"https:\/\/www.docenti.it\/blog\/#\/schema\/person\/a749f61b126f93ac28ce27ddaef08da9\"},\"headline\":\"Graduatorie GPS: quali docenti vanno esclusi?\",\"datePublished\":\"2022-06-15T08:12:09+00:00\",\"dateModified\":\"2022-06-15T08:22:46+00:00\",\"mainEntityOfPage\":{\"@id\":\"https:\/\/www.docenti.it\/blog\/graduatorie-gps-quali-docenti-vanno-esclusi\/\"},\"wordCount\":445,\"commentCount\":0,\"publisher\":{\"@id\":\"https:\/\/www.docenti.it\/blog\/#organization\"},\"articleSection\":[\"Graduatorie scuola\"],\"inLanguage\":\"it-IT\",\"potentialAction\":[{\"@type\":\"CommentAction\",\"name\":\"Comment\",\"target\":[\"https:\/\/www.docenti.it\/blog\/graduatorie-gps-quali-docenti-vanno-esclusi\/#respond\"]}]},{\"@type\":\"WebPage\",\"@id\":\"https:\/\/www.docenti.it\/blog\/graduatorie-gps-quali-docenti-vanno-esclusi\/\",\"url\":\"https:\/\/www.docenti.it\/blog\/graduatorie-gps-quali-docenti-vanno-esclusi\/\",\"name\":\"Graduatorie GPS: quali docenti vanno esclusi?\",\"isPartOf\":{\"@id\":\"https:\/\/www.docenti.it\/blog\/#website\"},\"datePublished\":\"2022-06-15T08:12:09+00:00\",\"dateModified\":\"2022-06-15T08:22:46+00:00\",\"description\":\"Graduatorie GPS: quali sono i docenti destinati ad essere esclusi dall'aggiornamento graduatorie corrente?\",\"breadcrumb\":{\"@id\":\"https:\/\/www.docenti.it\/blog\/graduatorie-gps-quali-docenti-vanno-esclusi\/#breadcrumb\"},\"inLanguage\":\"it-IT\",\"potentialAction\":[{\"@type\":\"ReadAction\",\"target\":[\"https:\/\/www.docenti.it\/blog\/graduatorie-gps-quali-docenti-vanno-esclusi\/\"]}]},{\"@type\":\"BreadcrumbList\",\"@id\":\"https:\/\/www.docenti.it\/blog\/graduatorie-gps-quali-docenti-vanno-esclusi\/#breadcrumb\",\"itemListElement\":[{\"@type\":\"ListItem\",\"position\":1,\"name\":\"Home\",\"item\":\"https:\/\/www.docenti.it\/blog\/\"},{\"@type\":\"ListItem\",\"position\":2,\"name\":\"Graduatorie GPS: quali docenti vanno esclusi?\"}]},{\"@type\":\"WebSite\",\"@id\":\"https:\/\/www.docenti.it\/blog\/#website\",\"url\":\"https:\/\/www.docenti.it\/blog\/\",\"name\":\"Blog | Docenti.it\",\"description\":\"Tutte le notizie e gli aggiornamenti dal mondo della scuola\",\"publisher\":{\"@id\":\"https:\/\/www.docenti.it\/blog\/#organization\"},\"potentialAction\":[{\"@type\":\"SearchAction\",\"target\":{\"@type\":\"EntryPoint\",\"urlTemplate\":\"https:\/\/www.docenti.it\/blog\/?s={search_term_string}\"},\"query-input\":\"required name=search_term_string\"}],\"inLanguage\":\"it-IT\"},{\"@type\":\"Organization\",\"@id\":\"https:\/\/www.docenti.it\/blog\/#organization\",\"name\":\"Blog | Docenti.it\",\"url\":\"https:\/\/www.docenti.it\/blog\/\",\"logo\":{\"@type\":\"ImageObject\",\"inLanguage\":\"it-IT\",\"@id\":\"https:\/\/www.docenti.it\/blog\/#\/schema\/logo\/image\/\",\"url\":\"https:\/\/www.docenti.it\/blog\/wp-content\/uploads\/2025\/06\/fb_mad_img.png\",\"contentUrl\":\"https:\/\/www.docenti.it\/blog\/wp-content\/uploads\/2025\/06\/fb_mad_img.png\",\"width\":1140,\"height\":620,\"caption\":\"Blog | Docenti.it\"},\"image\":{\"@id\":\"https:\/\/www.docenti.it\/blog\/#\/schema\/logo\/image\/\"},\"sameAs\":[\"https:\/\/www.facebook.com\/docenti.it\"]},{\"@type\":\"Person\",\"@id\":\"https:\/\/www.docenti.it\/blog\/#\/schema\/person\/a749f61b126f93ac28ce27ddaef08da9\",\"name\":\"Francesca Renzetti\",\"image\":{\"@type\":\"ImageObject\",\"inLanguage\":\"it-IT\",\"@id\":\"https:\/\/www.docenti.it\/blog\/#\/schema\/person\/image\/\",\"url\":\"https:\/\/secure.gravatar.com\/avatar\/adeec37e32dce11c71964f4ad5022489?s=96&d=mm&r=g\",\"contentUrl\":\"https:\/\/secure.gravatar.com\/avatar\/adeec37e32dce11c71964f4ad5022489?s=96&d=mm&r=g\",\"caption\":\"Francesca Renzetti\"},\"description\":\"Mi occupo di copywriting dal 2007. Inizio il mio viaggio dal web per poi approdare a tutte le sfumature di questa professione: dalla realizzazione di testi per depliant o brochure, all\u2019ideazione di campagne pubblicitarie, ai testi di radiocomunicati e articoli redazionali. In particolare scopro che mi piace comunicare l\u2019anima di un Brand ed usare le parole per farlo vibrare nelle persone!\",\"url\":\"https:\/\/www.docenti.it\/blog\/author\/francesca-renzetti\/\"}]}<\/script>\n<!-- \/ Yoast SEO plugin. -->","yoast_head_json":{"title":"Graduatorie GPS: quali docenti vanno esclusi?","description":"Graduatorie GPS: quali sono i docenti destinati ad essere esclusi dall'aggiornamento graduatorie corrente?","robots":{"index":"index","follow":"follow","max-snippet":"max-snippet:-1","max-image-preview":"max-image-preview:large","max-video-preview":"max-video-preview:-1"},"canonical":"https:\/\/www.docenti.it\/blog\/graduatorie-gps-quali-docenti-vanno-esclusi\/","og_locale":"it_IT","og_type":"article","og_title":"Graduatorie GPS: quali docenti vanno esclusi?","og_description":"Graduatorie GPS: quali sono i docenti destinati ad essere esclusi dall'aggiornamento graduatorie corrente?","og_url":"https:\/\/www.docenti.it\/blog\/graduatorie-gps-quali-docenti-vanno-esclusi\/","og_site_name":"Blog | Docenti.it","article_publisher":"https:\/\/www.facebook.com\/docenti.it","article_published_time":"2022-06-15T08:12:09+00:00","article_modified_time":"2022-06-15T08:22:46+00:00","og_image":[{"width":640,"height":426,"url":"https:\/\/www.docenti.it\/blog\/wp-content\/uploads\/2022\/06\/checklist-g53f115828_640.jpg","type":"image\/jpeg"}],"author":"Francesca Renzetti","twitter_card":"summary_large_image","twitter_misc":{"Written by":"Francesca Renzetti","Est. reading time":"3 minuti"},"schema":{"@context":"https:\/\/schema.org","@graph":[{"@type":"Article","@id":"https:\/\/www.docenti.it\/blog\/graduatorie-gps-quali-docenti-vanno-esclusi\/#article","isPartOf":{"@id":"https:\/\/www.docenti.it\/blog\/graduatorie-gps-quali-docenti-vanno-esclusi\/"},"author":{"name":"Francesca Renzetti","@id":"https:\/\/www.docenti.it\/blog\/#\/schema\/person\/a749f61b126f93ac28ce27ddaef08da9"},"headline":"Graduatorie GPS: quali docenti vanno esclusi?","datePublished":"2022-06-15T08:12:09+00:00","dateModified":"2022-06-15T08:22:46+00:00","mainEntityOfPage":{"@id":"https:\/\/www.docenti.it\/blog\/graduatorie-gps-quali-docenti-vanno-esclusi\/"},"wordCount":445,"commentCount":0,"publisher":{"@id":"https:\/\/www.docenti.it\/blog\/#organization"},"articleSection":["Graduatorie scuola"],"inLanguage":"it-IT","potentialAction":[{"@type":"CommentAction","name":"Comment","target":["https:\/\/www.docenti.it\/blog\/graduatorie-gps-quali-docenti-vanno-esclusi\/#respond"]}]},{"@type":"WebPage","@id":"https:\/\/www.docenti.it\/blog\/graduatorie-gps-quali-docenti-vanno-esclusi\/","url":"https:\/\/www.docenti.it\/blog\/graduatorie-gps-quali-docenti-vanno-esclusi\/","name":"Graduatorie GPS: quali docenti vanno esclusi?","isPartOf":{"@id":"https:\/\/www.docenti.it\/blog\/#website"},"datePublished":"2022-06-15T08:12:09+00:00","dateModified":"2022-06-15T08:22:46+00:00","description":"Graduatorie GPS: quali sono i docenti destinati ad essere esclusi dall'aggiornamento graduatorie corrente?","breadcrumb":{"@id":"https:\/\/www.docenti.it\/blog\/graduatorie-gps-quali-docenti-vanno-esclusi\/#breadcrumb"},"inLanguage":"it-IT","potentialAction":[{"@type":"ReadAction","target":["https:\/\/www.docenti.it\/blog\/graduatorie-gps-quali-docenti-vanno-esclusi\/"]}]},{"@type":"BreadcrumbList","@id":"https:\/\/www.docenti.it\/blog\/graduatorie-gps-quali-docenti-vanno-esclusi\/#breadcrumb","itemListElement":[{"@type":"ListItem","position":1,"name":"Home","item":"https:\/\/www.docenti.it\/blog\/"},{"@type":"ListItem","position":2,"name":"Graduatorie GPS: quali docenti vanno esclusi?"}]},{"@type":"WebSite","@id":"https:\/\/www.docenti.it\/blog\/#website","url":"https:\/\/www.docenti.it\/blog\/","name":"Blog | Docenti.it","description":"Tutte le notizie e gli aggiornamenti dal mondo della scuola","publisher":{"@id":"https:\/\/www.docenti.it\/blog\/#organization"},"potentialAction":[{"@type":"SearchAction","target":{"@type":"EntryPoint","urlTemplate":"https:\/\/www.docenti.it\/blog\/?s={search_term_string}"},"query-input":"required name=search_term_string"}],"inLanguage":"it-IT"},{"@type":"Organization","@id":"https:\/\/www.docenti.it\/blog\/#organization","name":"Blog | Docenti.it","url":"https:\/\/www.docenti.it\/blog\/","logo":{"@type":"ImageObject","inLanguage":"it-IT","@id":"https:\/\/www.docenti.it\/blog\/#\/schema\/logo\/image\/","url":"https:\/\/www.docenti.it\/blog\/wp-content\/uploads\/2025\/06\/fb_mad_img.png","contentUrl":"https:\/\/www.docenti.it\/blog\/wp-content\/uploads\/2025\/06\/fb_mad_img.png","width":1140,"height":620,"caption":"Blog | Docenti.it"},"image":{"@id":"https:\/\/www.docenti.it\/blog\/#\/schema\/logo\/image\/"},"sameAs":["https:\/\/www.facebook.com\/docenti.it"]},{"@type":"Person","@id":"https:\/\/www.docenti.it\/blog\/#\/schema\/person\/a749f61b126f93ac28ce27ddaef08da9","name":"Francesca Renzetti","image":{"@type":"ImageObject","inLanguage":"it-IT","@id":"https:\/\/www.docenti.it\/blog\/#\/schema\/person\/image\/","url":"https:\/\/secure.gravatar.com\/avatar\/adeec37e32dce11c71964f4ad5022489?s=96&d=mm&r=g","contentUrl":"https:\/\/secure.gravatar.com\/avatar\/adeec37e32dce11c71964f4ad5022489?s=96&d=mm&r=g","caption":"Francesca Renzetti"},"description":"Mi occupo di copywriting dal 2007. Inizio il mio viaggio dal web per poi approdare a tutte le sfumature di questa professione: dalla realizzazione di testi per depliant o brochure, all\u2019ideazione di campagne pubblicitarie, ai testi di radiocomunicati e articoli redazionali. In particolare scopro che mi piace comunicare l\u2019anima di un Brand ed usare le parole per farlo vibrare nelle persone!","url":"https:\/\/www.docenti.it\/blog\/author\/francesca-renzetti\/"}]}},"_links":{"self":[{"href":"https:\/\/www.docenti.it\/blog\/wp-json\/wp\/v2\/posts\/27148"}],"collection":[{"href":"https:\/\/www.docenti.it\/blog\/wp-json\/wp\/v2\/posts"}],"about":[{"href":"https:\/\/www.docenti.it\/blog\/wp-json\/wp\/v2\/types\/post"}],"author":[{"embeddable":true,"href":"https:\/\/www.docenti.it\/blog\/wp-json\/wp\/v2\/users\/23"}],"replies":[{"embeddable":true,"href":"https:\/\/www.docenti.it\/blog\/wp-json\/wp\/v2\/comments?post=27148"}],"version-history":[{"count":6,"href":"https:\/\/www.docenti.it\/blog\/wp-json\/wp\/v2\/posts\/27148\/revisions"}],"predecessor-version":[{"id":27167,"href":"https:\/\/www.docenti.it\/blog\/wp-json\/wp\/v2\/posts\/27148\/revisions\/27167"}],"wp:featuredmedia":[{"embeddable":true,"href":"https:\/\/www.docenti.it\/blog\/wp-json\/wp\/v2\/media\/27158"}],"wp:attachment":[{"href":"https:\/\/www.docenti.it\/blog\/wp-json\/wp\/v2\/media?parent=27148"}],"wp:term":[{"taxonomy":"category","embeddable":true,"href":"https:\/\/www.docenti.it\/blog\/wp-json\/wp\/v2\/categories?post=27148"},{"taxonomy":"post_tag","embeddable":true,"href":"https:\/\/www.docenti.it\/blog\/wp-json\/wp\/v2\/tags?post=27148"}],"curies":[{"name":"wp","href":"https:\/\/api.w.org\/{rel}","templated":true}]}}