{"id":27425,"date":"2022-06-20T08:00:00","date_gmt":"2022-06-20T06:00:00","guid":{"rendered":"https:\/\/www.docenti.it\/blog\/?p=27425"},"modified":"2022-07-04T12:50:38","modified_gmt":"2022-07-04T10:50:38","slug":"mad-recuperi-estivi-perche-devi-inviare-ora-la-tua-domanda","status":"publish","type":"post","link":"https:\/\/www.docenti.it\/blog\/mad-recuperi-estivi-perche-devi-inviare-ora-la-tua-domanda\/","title":{"rendered":"MAD recuperi estivi: perch\u00e9 devi inviare ora la tua domanda"},"content":{"rendered":"\n<p>Anche se poco conosciuta, la <strong>MAD recuperi estivi<\/strong> pu\u00f2 dare molte opportunit\u00e0 ai futuri docenti.<\/p>\n\n\n\n<p>Ma&#8230;<\/p>\n\n\n\n<p>Per poterne usufruire, \u00e8 necessario candidarsi ora.<\/p>\n\n\n\n<!--more-->\n\n\n\n<h2>MAD recuperi estivi: perch\u00e9 inviarla?<\/h2>\n\n\n\n<p>Quest&#8217;oggi affrontiamo un argomento non molto &#8220;conosciuto&#8221; all&#8217;interno del panorama che riguarda le domande di <strong>Messa a Disposizione<\/strong>.<\/p>\n\n\n\n<p>Parliamo di<strong><span class=\"has-inline-color has-vivid-red-color\"> MAD recuperi estivi<\/span><\/strong>.<\/p>\n\n\n\n<p>La domanda di <strong>Messa a Disposizione per i recuperi estivi <\/strong>\u00e8 una tipologia di MAD della quale pochi conoscono l&#8217;esistenza, in quanto \u00e8 la meno usata nelle scuole (e dai docenti).<\/p>\n\n\n\n<p class=\"has-text-align-center\"><em><strong>Si tratta di una domanda che viene usata nelle scuole secondarie di II grado, <br>laddove gli istituti ne sentano la necessit\u00e0.<\/strong><\/em><\/p>\n\n\n\n<p>I docenti che si candidano con questa domanda lo fanno consapevoli di andare a ricoprire un periodo molto breve di tempo contrattuale: inoltre, questa domanda origina delle supplenze un po&#8217; diverse dal solito.<\/p>\n\n\n\n<p><strong><span class=\"has-inline-color has-vivid-red-color\">Questo perch\u00e9 chi viene convocato tramite MAD recuperi estivi, andr\u00e0 a svolgere un incarico che mira ad una sorta di ripetizioni scolastiche. <\/span><\/strong><\/p>\n\n\n\n<p>Questo tipo di domanda viene utilizzata solo in un determinato periodo dell&#8217;anno scolastico.<br>Il periodo, appunto, che riguarda i mesi estivi. <\/p>\n\n\n\n<p><em>Ma che cosa succede durante i mesi estivi?<\/em><\/p>\n\n\n\n<h3>Come ottenere convocazioni durante l&#8217;estate?<\/h3>\n\n\n\n<p class=\"has-text-align-center\"><em><strong>Durante i mesi estivi gli alunni che hanno maturato il debito scolastico <br>hanno necessit\u00e0 di &#8220;recuperare&#8221; questo debito.<\/strong><\/em><\/p>\n\n\n\n<p>E questo avviene, per l&#8217;appunto, grazie a queste ore di recupero estivo.<br>Per questo motivo, abbiamo paragonato questo tipo di incarico con le <strong>ripetizioni scolastiche<\/strong>. <br>Perch\u00e9 vi \u00e8 molta similarit\u00e0 tra le due tipologie di &#8220;supplenza&#8221;.<\/p>\n\n\n\n<p><em>E quali sono i docenti che vengono incaricati per i recuperi estivi?<\/em><\/p>\n\n\n\n<p>Dipende.<\/p>\n\n\n\n<figure class=\"wp-block-image size-full\"><img decoding=\"async\" loading=\"lazy\" width=\"640\" height=\"427\" src=\"https:\/\/www.docenti.it\/blog\/wp-content\/uploads\/2022\/06\/pencils-6099511_640.jpg\" alt=\"MAD recuperi estivi\" class=\"wp-image-27455\" srcset=\"https:\/\/www.docenti.it\/blog\/wp-content\/uploads\/2022\/06\/pencils-6099511_640.jpg 640w, https:\/\/www.docenti.it\/blog\/wp-content\/uploads\/2022\/06\/pencils-6099511_640-300x200.jpg 300w\" sizes=\"(max-width: 640px) 100vw, 640px\" \/><\/figure>\n\n\n\n<p><strong>Alcuni istituti scelgono i docenti gi\u00e0 di ruolo e chiedono loro di occuparsene.<br><\/strong>Ma molti di questi, da quanto ne sappiamo, spesso declinano l&#8217;invito. <\/p>\n\n\n\n<p><strong>E qui entra in gioco la MAD.<\/strong><\/p>\n\n\n\n<p>Come spesso accade, <strong><span class=\"has-inline-color has-vivid-red-color\">la domanda di Messa a Disposizione tampona le esigenze degli istituti scolastici e consente agli aspiranti docenti di introdursi nel mondo scuola<\/span><\/strong>, anche se per breve tempo.<\/p>\n\n\n\n<p>Questo \u00e8 il caso delle <strong>MAD recuperi estivi<\/strong>. <\/p>\n\n\n\n<p>Come vedi, anche il periodo estivo pu\u00f2 garantire convocazioni per gli aspiranti docenti, al contrario di ci\u00f2 che si crede&#8230;<\/p>\n\n\n\n<p class=\"has-text-align-center\"><em><strong>Ma per riuscire ad ottenere una convocazione, \u00e8 importante per agire adesso<\/strong><\/em>.<\/p>\n\n\n\n<p class=\"has-text-align-center\"><em><strong>Invia subito la tua MAD recuperi estivi!<\/strong><\/em><\/p>\n\n\n<p>[maxbutton id=&#8221;1&#8243; url=&#8221;https:\/\/www.docenti.it\/messa-a-disposizione.html?lnk=104&#8243; text=&#8221;Invia la tua MAD recuperi estivi qui&#8221; ]<\/p>\n\n\n\n<p><\/p>\n\n\n\n<h3>Quando devi candidarti nelle scuole<\/h3>\n\n\n\n<p class=\"has-text-align-center\"><em><strong>Il periodo indicato per candidarsi negli istituti con una MAD recuperi estivi <br>riguarda il momento presente.<\/strong><\/em><\/p>\n\n\n\n<p>Proprio in queste settimane, infatti, gli istituti convocano i supplenti che andranno a ricoprire questo ruolo.<\/p>\n\n\n\n<p><em>Ma non ti abbiamo detto ancora la cosa pi\u00f9 importante&#8230;<\/em><\/p>\n\n\n\n<p><strong><span class=\"has-inline-color has-vivid-red-color\">La paga oraria per i supplenti che andranno a ricoprire questo ruolo si aggira intorno ai 35\/50 euro l&#8217;ora!<\/span><\/strong><\/p>\n\n\n\n<p>Una buona opportunit\u00e0 per tutti gli aspiranti docenti che hanno appena terminato il loro incarico di supplenti.<\/p>\n\n\n\n<p class=\"has-text-align-center\"><em><strong>Hai impegni per l&#8217;estate?<\/strong><\/em><\/p>\n\n\n<p>[maxbutton id=&#8221;1&#8243; url=&#8221;https:\/\/www.docenti.it\/messa-a-disposizione.html?lnk=104&#8243; text=&#8221;Invia la tua MAD recuperi estivi qui&#8221; ]<\/p>\n\n\n\n<p><\/p>\n\n\n\n<p>Ma ecco cos&#8217;altro vogliamo suggerirti.<\/p>\n\n\n\n<p>Se decidi di inviare una <strong>MAD recuperi estivi<\/strong>, scegli Docenti.it come piattaforma!<\/p>\n\n\n\n<figure class=\"wp-block-image size-full\"><img decoding=\"async\" loading=\"lazy\" width=\"640\" height=\"415\" src=\"https:\/\/www.docenti.it\/blog\/wp-content\/uploads\/2022\/06\/computer-2982270_640.jpg\" alt=\"MAD recuperi estivi\" class=\"wp-image-27464\" srcset=\"https:\/\/www.docenti.it\/blog\/wp-content\/uploads\/2022\/06\/computer-2982270_640.jpg 640w, https:\/\/www.docenti.it\/blog\/wp-content\/uploads\/2022\/06\/computer-2982270_640-300x195.jpg 300w\" sizes=\"(max-width: 640px) 100vw, 640px\" \/><\/figure>\n\n\n\n<p><strong>Inviando la MAD con noi, godrai dei seguenti vantaggi:<\/strong><\/p>\n\n\n\n<ul><li><strong>verrai ricontattato entro 24h <\/strong>dalla compilazione della tua MAD sulla nostra piattaforma;<\/li><li><strong>un consulente si occuper\u00e0 di riepilogare la tua MAD e di correggerla<\/strong> da eventuali errori di compilazione;<\/li><li><strong>la tua MAD verr\u00e0 inviata automaticamente a tutti gli istituti della provincia da te selezionata;<\/strong><\/li><li>in pi\u00f9, <strong>tu verrai inserito gratuitamente nell&#8217;Elenco Nazionale Supplenti<\/strong>, una piattaforma consultata da pi\u00f9 di 12mila istituti, sia pubblici che privati;<\/li><li><strong>il nostro servizio \u00e8 tutelato dalla garanzia Soddisfatti e rimborsati<\/strong>: questo significa che, se non riceverai il servizio adeguato, verrai rimborsato.<br>Precisiamo che: il rimborso non riguarda la convocazione da parte degli istituti. Il potere di scegliere i supplenti \u00e8 nelle mani dei dirigenti scolastici. Su questo noi non possiamo fare nulla, purtroppo.<\/li><\/ul>\n\n\n\n<p><em>Ma, prima che tu vada, c&#8217;\u00e8 un&#8217;altra cosa di cui dobbiamo parlarti&#8230;<\/em><\/p>\n\n\n\n<h2>MAD Plus: programma il tuo invio per settembre<\/h2>\n\n\n\n<p>Assieme al nostro servizio base di Invio MAD online, c&#8217;\u00e8 anche <strong><span class=\"has-inline-color has-vivid-red-color\">MAD Plus<\/span><\/strong>!<\/p>\n\n\n\n<p>Questo servizio aggiuntivo, ideato da Docenti.it, nasce per conferire ai futuri docenti una maggiore possibilit\u00e0 di convocazione.<\/p>\n\n\n\n<p class=\"has-text-align-center\"><strong><em>Infatti, grazie a MAD Plus, tu potrai assicurarti altri 2 invii programmati e automatici <br>della tua domanda di Messa a Disposizione.<\/em><\/strong><\/p>\n\n\n\n<p>Potrai, in sostanza, <strong>programmare le tue MAD per i migliori periodi dell&#8217;anno scolastico<\/strong> (o per i periodi che sceglierai tu): in questo modo, la tua domanda verr\u00e0 inviata automaticamente dalla nostra piattaforma, quando arriver\u00e0 il periodo predestinato.<\/p>\n\n\n\n<p>Inoltre, grazie a MAD Plus, <strong>tu potrai cambiare la tipologia di MAD da inviare<\/strong>, ovvero: se per il primo invio hai scelto una MAD classica, per il secondo puoi inviare una MAD sostegno e per il terzo una MAD Personale ATA.<\/p>\n\n\n\n<p>Si pu\u00f2 fare.<\/p>\n\n\n\n<p>E tutto questo ha solo il costo aggiuntivo di 16 euro!<\/p>\n\n\n\n<p class=\"has-text-align-center\"><em><strong>Se vuoi avvantaggiarti rispetto a migliaia di candidati <br>e programmare gi\u00e0 oggi la tua MAD per settembre, allora&#8230;<\/strong><\/em><\/p>\n\n\n\n<p class=\"has-text-align-center\"><em><strong>&#8230; Attiva subito MAD Plus!<\/strong><\/em><\/p>\n\n\n<p>[maxbutton id=&#8221;1&#8243; url=&#8221;https:\/\/www.docenti.it\/messa-a-disposizione.html?lnk=104&#8243; text=&#8221;Attiva ora MAD Plus qui&#8221; ]<\/p>\n\n\n\n<p><\/p>\n\n\n\n<p>Vuoi approfondire l&#8217;argomento?<br>Leggi anche:<\/p>\n\n\n\n<ul><li><a href=\"https:\/\/www.docenti.it\/blog\/grazie-ad-una-messa-a-disposizione-sono-diventata-insegnante-la-storia-di-paola\/\">\u201cGrazie ad una Messa a Disposizione sono diventata insegnante\u201d: la storia di Paola<\/a><\/li><li><a href=\"https:\/\/www.docenti.it\/blog\/messa-a-disposizione-perche-inviarla-dopo-pasqua\/\">Messa a Disposizione: perch\u00e9 inviarla dopo Pasqua?<\/a><\/li><li><a href=\"https:\/\/www.docenti.it\/blog\/come-diventare-insegnante-la-nuova-riforma-reclutamento-dal-2022\/\">Come diventare insegnante: la nuova riforma reclutamento dal 2022<\/a><\/li><li><a href=\"https:\/\/www.docenti.it\/blog\/insegnare-nelle-carceri-come-diventare-insegnante-negli-istituti-penitenziari\/\">Insegnare nelle carceri: come diventare insegnante negli istituti penitenziari<\/a><\/li><li><a href=\"https:\/\/www.docenti.it\/blog\/mad-sostegno-ecco-perche-le-scuole-necessitano-sempre-di-supplenti\/\">MAD sostegno: ecco perch\u00e9 le scuole necessitano sempre di supplenti<\/a><\/li><\/ul>\n\n\n\n<p>E seguici su&nbsp;<strong><a href=\"https:\/\/www.facebook.com\/docenti.it\" target=\"_blank\" rel=\"noreferrer noopener\">Facebook<\/a><\/strong>&nbsp;e&nbsp;<a href=\"https:\/\/www.instagram.com\/docenti.it\/\" target=\"_blank\" rel=\"noreferrer noopener\"><strong>Instagram<\/strong><\/a>.<\/p>\n\n\n\n<p>Photo credit: <a href=\"https:\/\/pixabay.com\/\" target=\"_blank\" rel=\"noreferrer noopener\">Pixabay<\/a><\/p>\n","protected":false},"excerpt":{"rendered":"<p>Anche se poco conosciuta, la MAD recuperi estivi pu\u00f2 dare molte opportunit\u00e0 ai futuri [&hellip;]<\/p>\n","protected":false},"author":21,"featured_media":27427,"comment_status":"open","ping_status":"open","sticky":false,"template":"","format":"standard","meta":[],"categories":[2],"tags":[],"yoast_head":"<!-- This site is optimized with the Yoast SEO plugin v20.4 - https:\/\/yoast.com\/wordpress\/plugins\/seo\/ -->\n<title>MAD recuperi estivi: perch\u00e9 devi inviare ora la tua domanda<\/title>\n<meta name=\"description\" content=\"Anche se poco conosciuta, la MAD recuperi estivi pu\u00f2 dare molte opportunit\u00e0 ai futuri docenti. Vediamo quali.\" \/>\n<meta name=\"robots\" content=\"index, follow, max-snippet:-1, max-image-preview:large, max-video-preview:-1\" \/>\n<link rel=\"canonical\" href=\"https:\/\/www.docenti.it\/blog\/mad-recuperi-estivi-perche-devi-inviare-ora-la-tua-domanda\/\" \/>\n<meta property=\"og:locale\" content=\"it_IT\" \/>\n<meta property=\"og:type\" content=\"article\" \/>\n<meta property=\"og:title\" content=\"MAD recuperi estivi: perch\u00e9 devi inviare ora la tua domanda\" \/>\n<meta property=\"og:description\" content=\"Anche se poco conosciuta, la MAD recuperi estivi pu\u00f2 dare molte opportunit\u00e0 ai futuri docenti. Vediamo quali.\" \/>\n<meta property=\"og:url\" content=\"https:\/\/www.docenti.it\/blog\/mad-recuperi-estivi-perche-devi-inviare-ora-la-tua-domanda\/\" \/>\n<meta property=\"og:site_name\" content=\"Blog | Docenti.it\" \/>\n<meta property=\"article:publisher\" content=\"https:\/\/www.facebook.com\/docenti.it\" \/>\n<meta property=\"article:author\" content=\"https:\/\/www.facebook.com\/profile.php?id=1555867670\" \/>\n<meta property=\"article:published_time\" content=\"2022-06-20T06:00:00+00:00\" \/>\n<meta property=\"article:modified_time\" content=\"2022-07-04T10:50:38+00:00\" \/>\n<meta property=\"og:image\" content=\"https:\/\/www.docenti.it\/blog\/wp-content\/uploads\/2022\/06\/board-784355_640.jpg\" \/>\n\t<meta property=\"og:image:width\" content=\"640\" \/>\n\t<meta property=\"og:image:height\" content=\"426\" \/>\n\t<meta property=\"og:image:type\" content=\"image\/jpeg\" \/>\n<meta name=\"author\" content=\"Martina Vaggi\" \/>\n<meta name=\"twitter:card\" content=\"summary_large_image\" \/>\n<meta name=\"twitter:label1\" content=\"Written by\" \/>\n\t<meta name=\"twitter:data1\" content=\"Martina Vaggi\" \/>\n\t<meta name=\"twitter:label2\" content=\"Est. reading time\" \/>\n\t<meta name=\"twitter:data2\" content=\"6 minuti\" \/>\n<script type=\"application\/ld+json\" class=\"yoast-schema-graph\">{\"@context\":\"https:\/\/schema.org\",\"@graph\":[{\"@type\":\"Article\",\"@id\":\"https:\/\/www.docenti.it\/blog\/mad-recuperi-estivi-perche-devi-inviare-ora-la-tua-domanda\/#article\",\"isPartOf\":{\"@id\":\"https:\/\/www.docenti.it\/blog\/mad-recuperi-estivi-perche-devi-inviare-ora-la-tua-domanda\/\"},\"author\":{\"name\":\"Martina Vaggi\",\"@id\":\"https:\/\/www.docenti.it\/blog\/#\/schema\/person\/99c2fdaf54e96829fe4ed44da8233688\"},\"headline\":\"MAD recuperi estivi: perch\u00e9 devi inviare ora la tua domanda\",\"datePublished\":\"2022-06-20T06:00:00+00:00\",\"dateModified\":\"2022-07-04T10:50:38+00:00\",\"mainEntityOfPage\":{\"@id\":\"https:\/\/www.docenti.it\/blog\/mad-recuperi-estivi-perche-devi-inviare-ora-la-tua-domanda\/\"},\"wordCount\":900,\"commentCount\":0,\"publisher\":{\"@id\":\"https:\/\/www.docenti.it\/blog\/#organization\"},\"articleSection\":[\"Messa a Disposizione\"],\"inLanguage\":\"it-IT\",\"potentialAction\":[{\"@type\":\"CommentAction\",\"name\":\"Comment\",\"target\":[\"https:\/\/www.docenti.it\/blog\/mad-recuperi-estivi-perche-devi-inviare-ora-la-tua-domanda\/#respond\"]}]},{\"@type\":\"WebPage\",\"@id\":\"https:\/\/www.docenti.it\/blog\/mad-recuperi-estivi-perche-devi-inviare-ora-la-tua-domanda\/\",\"url\":\"https:\/\/www.docenti.it\/blog\/mad-recuperi-estivi-perche-devi-inviare-ora-la-tua-domanda\/\",\"name\":\"MAD recuperi estivi: perch\u00e9 devi inviare ora la tua domanda\",\"isPartOf\":{\"@id\":\"https:\/\/www.docenti.it\/blog\/#website\"},\"datePublished\":\"2022-06-20T06:00:00+00:00\",\"dateModified\":\"2022-07-04T10:50:38+00:00\",\"description\":\"Anche se poco conosciuta, la MAD recuperi estivi pu\u00f2 dare molte opportunit\u00e0 ai futuri docenti. Vediamo quali.\",\"breadcrumb\":{\"@id\":\"https:\/\/www.docenti.it\/blog\/mad-recuperi-estivi-perche-devi-inviare-ora-la-tua-domanda\/#breadcrumb\"},\"inLanguage\":\"it-IT\",\"potentialAction\":[{\"@type\":\"ReadAction\",\"target\":[\"https:\/\/www.docenti.it\/blog\/mad-recuperi-estivi-perche-devi-inviare-ora-la-tua-domanda\/\"]}]},{\"@type\":\"BreadcrumbList\",\"@id\":\"https:\/\/www.docenti.it\/blog\/mad-recuperi-estivi-perche-devi-inviare-ora-la-tua-domanda\/#breadcrumb\",\"itemListElement\":[{\"@type\":\"ListItem\",\"position\":1,\"name\":\"Home\",\"item\":\"https:\/\/www.docenti.it\/blog\/\"},{\"@type\":\"ListItem\",\"position\":2,\"name\":\"MAD recuperi estivi: perch\u00e9 devi inviare ora la tua domanda\"}]},{\"@type\":\"WebSite\",\"@id\":\"https:\/\/www.docenti.it\/blog\/#website\",\"url\":\"https:\/\/www.docenti.it\/blog\/\",\"name\":\"Blog | Docenti.it\",\"description\":\"Tutte le notizie e gli aggiornamenti dal mondo della scuola\",\"publisher\":{\"@id\":\"https:\/\/www.docenti.it\/blog\/#organization\"},\"potentialAction\":[{\"@type\":\"SearchAction\",\"target\":{\"@type\":\"EntryPoint\",\"urlTemplate\":\"https:\/\/www.docenti.it\/blog\/?s={search_term_string}\"},\"query-input\":\"required name=search_term_string\"}],\"inLanguage\":\"it-IT\"},{\"@type\":\"Organization\",\"@id\":\"https:\/\/www.docenti.it\/blog\/#organization\",\"name\":\"Blog | Docenti.it\",\"url\":\"https:\/\/www.docenti.it\/blog\/\",\"logo\":{\"@type\":\"ImageObject\",\"inLanguage\":\"it-IT\",\"@id\":\"https:\/\/www.docenti.it\/blog\/#\/schema\/logo\/image\/\",\"url\":\"https:\/\/www.docenti.it\/blog\/wp-content\/uploads\/2025\/06\/fb_mad_img.png\",\"contentUrl\":\"https:\/\/www.docenti.it\/blog\/wp-content\/uploads\/2025\/06\/fb_mad_img.png\",\"width\":1140,\"height\":620,\"caption\":\"Blog | Docenti.it\"},\"image\":{\"@id\":\"https:\/\/www.docenti.it\/blog\/#\/schema\/logo\/image\/\"},\"sameAs\":[\"https:\/\/www.facebook.com\/docenti.it\"]},{\"@type\":\"Person\",\"@id\":\"https:\/\/www.docenti.it\/blog\/#\/schema\/person\/99c2fdaf54e96829fe4ed44da8233688\",\"name\":\"Martina Vaggi\",\"image\":{\"@type\":\"ImageObject\",\"inLanguage\":\"it-IT\",\"@id\":\"https:\/\/www.docenti.it\/blog\/#\/schema\/person\/image\/\",\"url\":\"https:\/\/secure.gravatar.com\/avatar\/14a13197979873d693ad915d249e3f54?s=96&d=mm&r=g\",\"contentUrl\":\"https:\/\/secure.gravatar.com\/avatar\/14a13197979873d693ad915d249e3f54?s=96&d=mm&r=g\",\"caption\":\"Martina Vaggi\"},\"description\":\"Classe 1991, copywriter e scrittrice. Nata a Sale, un paesino in provincia di Alessandria. Scrive dall\u2019et\u00e0 di 10 anni. Nel 2015 si laurea in Lettere Moderne presso l\u2019universit\u00e0 di Pavia. Nel 2020 pubblica il suo primo libro \\\"Il diario del silenzio - Storie reali di quarantena\\\" che descrive il processo di cambiamento della vita di 40 persone ai tempi del Covid. Nel 2022 si trasferisce a San Marino per lavorare come copywriter per Docenti.it\",\"sameAs\":[\"https:\/\/pensierisurrealidigentecomune.com\/\",\"https:\/\/www.facebook.com\/profile.php?id=1555867670\",\"https:\/\/www.instagram.com\/martiggi91\/\",\"https:\/\/it.linkedin.com\/in\/martina-vaggi\",\"https:\/\/www.youtube.com\/results?search_query=martina+vaggi\"],\"url\":\"https:\/\/www.docenti.it\/blog\/author\/martina-vaggi\/\"}]}<\/script>\n<!-- \/ Yoast SEO plugin. -->","yoast_head_json":{"title":"MAD recuperi estivi: perch\u00e9 devi inviare ora la tua domanda","description":"Anche se poco conosciuta, la MAD recuperi estivi pu\u00f2 dare molte opportunit\u00e0 ai futuri docenti. Vediamo quali.","robots":{"index":"index","follow":"follow","max-snippet":"max-snippet:-1","max-image-preview":"max-image-preview:large","max-video-preview":"max-video-preview:-1"},"canonical":"https:\/\/www.docenti.it\/blog\/mad-recuperi-estivi-perche-devi-inviare-ora-la-tua-domanda\/","og_locale":"it_IT","og_type":"article","og_title":"MAD recuperi estivi: perch\u00e9 devi inviare ora la tua domanda","og_description":"Anche se poco conosciuta, la MAD recuperi estivi pu\u00f2 dare molte opportunit\u00e0 ai futuri docenti. Vediamo quali.","og_url":"https:\/\/www.docenti.it\/blog\/mad-recuperi-estivi-perche-devi-inviare-ora-la-tua-domanda\/","og_site_name":"Blog | Docenti.it","article_publisher":"https:\/\/www.facebook.com\/docenti.it","article_author":"https:\/\/www.facebook.com\/profile.php?id=1555867670","article_published_time":"2022-06-20T06:00:00+00:00","article_modified_time":"2022-07-04T10:50:38+00:00","og_image":[{"width":640,"height":426,"url":"https:\/\/www.docenti.it\/blog\/wp-content\/uploads\/2022\/06\/board-784355_640.jpg","type":"image\/jpeg"}],"author":"Martina Vaggi","twitter_card":"summary_large_image","twitter_misc":{"Written by":"Martina Vaggi","Est. reading time":"6 minuti"},"schema":{"@context":"https:\/\/schema.org","@graph":[{"@type":"Article","@id":"https:\/\/www.docenti.it\/blog\/mad-recuperi-estivi-perche-devi-inviare-ora-la-tua-domanda\/#article","isPartOf":{"@id":"https:\/\/www.docenti.it\/blog\/mad-recuperi-estivi-perche-devi-inviare-ora-la-tua-domanda\/"},"author":{"name":"Martina Vaggi","@id":"https:\/\/www.docenti.it\/blog\/#\/schema\/person\/99c2fdaf54e96829fe4ed44da8233688"},"headline":"MAD recuperi estivi: perch\u00e9 devi inviare ora la tua domanda","datePublished":"2022-06-20T06:00:00+00:00","dateModified":"2022-07-04T10:50:38+00:00","mainEntityOfPage":{"@id":"https:\/\/www.docenti.it\/blog\/mad-recuperi-estivi-perche-devi-inviare-ora-la-tua-domanda\/"},"wordCount":900,"commentCount":0,"publisher":{"@id":"https:\/\/www.docenti.it\/blog\/#organization"},"articleSection":["Messa a Disposizione"],"inLanguage":"it-IT","potentialAction":[{"@type":"CommentAction","name":"Comment","target":["https:\/\/www.docenti.it\/blog\/mad-recuperi-estivi-perche-devi-inviare-ora-la-tua-domanda\/#respond"]}]},{"@type":"WebPage","@id":"https:\/\/www.docenti.it\/blog\/mad-recuperi-estivi-perche-devi-inviare-ora-la-tua-domanda\/","url":"https:\/\/www.docenti.it\/blog\/mad-recuperi-estivi-perche-devi-inviare-ora-la-tua-domanda\/","name":"MAD recuperi estivi: perch\u00e9 devi inviare ora la tua domanda","isPartOf":{"@id":"https:\/\/www.docenti.it\/blog\/#website"},"datePublished":"2022-06-20T06:00:00+00:00","dateModified":"2022-07-04T10:50:38+00:00","description":"Anche se poco conosciuta, la MAD recuperi estivi pu\u00f2 dare molte opportunit\u00e0 ai futuri docenti. Vediamo quali.","breadcrumb":{"@id":"https:\/\/www.docenti.it\/blog\/mad-recuperi-estivi-perche-devi-inviare-ora-la-tua-domanda\/#breadcrumb"},"inLanguage":"it-IT","potentialAction":[{"@type":"ReadAction","target":["https:\/\/www.docenti.it\/blog\/mad-recuperi-estivi-perche-devi-inviare-ora-la-tua-domanda\/"]}]},{"@type":"BreadcrumbList","@id":"https:\/\/www.docenti.it\/blog\/mad-recuperi-estivi-perche-devi-inviare-ora-la-tua-domanda\/#breadcrumb","itemListElement":[{"@type":"ListItem","position":1,"name":"Home","item":"https:\/\/www.docenti.it\/blog\/"},{"@type":"ListItem","position":2,"name":"MAD recuperi estivi: perch\u00e9 devi inviare ora la tua domanda"}]},{"@type":"WebSite","@id":"https:\/\/www.docenti.it\/blog\/#website","url":"https:\/\/www.docenti.it\/blog\/","name":"Blog | Docenti.it","description":"Tutte le notizie e gli aggiornamenti dal mondo della scuola","publisher":{"@id":"https:\/\/www.docenti.it\/blog\/#organization"},"potentialAction":[{"@type":"SearchAction","target":{"@type":"EntryPoint","urlTemplate":"https:\/\/www.docenti.it\/blog\/?s={search_term_string}"},"query-input":"required name=search_term_string"}],"inLanguage":"it-IT"},{"@type":"Organization","@id":"https:\/\/www.docenti.it\/blog\/#organization","name":"Blog | Docenti.it","url":"https:\/\/www.docenti.it\/blog\/","logo":{"@type":"ImageObject","inLanguage":"it-IT","@id":"https:\/\/www.docenti.it\/blog\/#\/schema\/logo\/image\/","url":"https:\/\/www.docenti.it\/blog\/wp-content\/uploads\/2025\/06\/fb_mad_img.png","contentUrl":"https:\/\/www.docenti.it\/blog\/wp-content\/uploads\/2025\/06\/fb_mad_img.png","width":1140,"height":620,"caption":"Blog | Docenti.it"},"image":{"@id":"https:\/\/www.docenti.it\/blog\/#\/schema\/logo\/image\/"},"sameAs":["https:\/\/www.facebook.com\/docenti.it"]},{"@type":"Person","@id":"https:\/\/www.docenti.it\/blog\/#\/schema\/person\/99c2fdaf54e96829fe4ed44da8233688","name":"Martina Vaggi","image":{"@type":"ImageObject","inLanguage":"it-IT","@id":"https:\/\/www.docenti.it\/blog\/#\/schema\/person\/image\/","url":"https:\/\/secure.gravatar.com\/avatar\/14a13197979873d693ad915d249e3f54?s=96&d=mm&r=g","contentUrl":"https:\/\/secure.gravatar.com\/avatar\/14a13197979873d693ad915d249e3f54?s=96&d=mm&r=g","caption":"Martina Vaggi"},"description":"Classe 1991, copywriter e scrittrice. Nata a Sale, un paesino in provincia di Alessandria. Scrive dall\u2019et\u00e0 di 10 anni. Nel 2015 si laurea in Lettere Moderne presso l\u2019universit\u00e0 di Pavia. Nel 2020 pubblica il suo primo libro \"Il diario del silenzio - Storie reali di quarantena\" che descrive il processo di cambiamento della vita di 40 persone ai tempi del Covid. Nel 2022 si trasferisce a San Marino per lavorare come copywriter per Docenti.it","sameAs":["https:\/\/pensierisurrealidigentecomune.com\/","https:\/\/www.facebook.com\/profile.php?id=1555867670","https:\/\/www.instagram.com\/martiggi91\/","https:\/\/it.linkedin.com\/in\/martina-vaggi","https:\/\/www.youtube.com\/results?search_query=martina+vaggi"],"url":"https:\/\/www.docenti.it\/blog\/author\/martina-vaggi\/"}]}},"_links":{"self":[{"href":"https:\/\/www.docenti.it\/blog\/wp-json\/wp\/v2\/posts\/27425"}],"collection":[{"href":"https:\/\/www.docenti.it\/blog\/wp-json\/wp\/v2\/posts"}],"about":[{"href":"https:\/\/www.docenti.it\/blog\/wp-json\/wp\/v2\/types\/post"}],"author":[{"embeddable":true,"href":"https:\/\/www.docenti.it\/blog\/wp-json\/wp\/v2\/users\/21"}],"replies":[{"embeddable":true,"href":"https:\/\/www.docenti.it\/blog\/wp-json\/wp\/v2\/comments?post=27425"}],"version-history":[{"count":31,"href":"https:\/\/www.docenti.it\/blog\/wp-json\/wp\/v2\/posts\/27425\/revisions"}],"predecessor-version":[{"id":28252,"href":"https:\/\/www.docenti.it\/blog\/wp-json\/wp\/v2\/posts\/27425\/revisions\/28252"}],"wp:featuredmedia":[{"embeddable":true,"href":"https:\/\/www.docenti.it\/blog\/wp-json\/wp\/v2\/media\/27427"}],"wp:attachment":[{"href":"https:\/\/www.docenti.it\/blog\/wp-json\/wp\/v2\/media?parent=27425"}],"wp:term":[{"taxonomy":"category","embeddable":true,"href":"https:\/\/www.docenti.it\/blog\/wp-json\/wp\/v2\/categories?post=27425"},{"taxonomy":"post_tag","embeddable":true,"href":"https:\/\/www.docenti.it\/blog\/wp-json\/wp\/v2\/tags?post=27425"}],"curies":[{"name":"wp","href":"https:\/\/api.w.org\/{rel}","templated":true}]}}