{"id":27546,"date":"2022-06-21T12:16:25","date_gmt":"2022-06-21T10:16:25","guid":{"rendered":"https:\/\/www.docenti.it\/blog\/?p=27546"},"modified":"2022-06-21T12:16:26","modified_gmt":"2022-06-21T10:16:26","slug":"assegnazione-provvisoria-ci-sono-conseguenze-sul-punteggio","status":"publish","type":"post","link":"https:\/\/www.docenti.it\/blog\/assegnazione-provvisoria-ci-sono-conseguenze-sul-punteggio\/","title":{"rendered":"Assegnazione provvisoria: ci sono conseguenze sul punteggio?"},"content":{"rendered":"\n<p>In questi giorni si pu\u00f2 presentare domanda per l&#8217;assegnazione provvisoria. Alcuni docenti si chiedono quali conseguenze comporterebbe sulla propria posizione in graduatoria e sulla titolarit\u00e0.<\/p>\n\n\n\n<p>Ecco che cosa c&#8217;\u00e8 da sapere.<\/p>\n\n\n\n<!--more-->\n\n\n\n<h2>Assegnazione provvisoria: le date per inviare domanda<\/h2>\n\n\n\n<p>Si sono aperti da pochissimo i termini per presentare domanda di assegnazione provvisoria.<\/p>\n\n\n\n<p>Ecco le date:<\/p>\n\n\n\n<ul><li>docenti:&nbsp;<strong>dal 20 giugno 2022 al 4 luglio 2022<\/strong><\/li><li>personale educativo e IRC:&nbsp;<strong>dal 20 giugno 2022 al 4 luglio 2022<\/strong><\/li><li>personale ATA:&nbsp;<strong>dal 27 giugno all\u201911 luglio 2022<\/strong><\/li><\/ul>\n\n\n\n<p>I docenti devono presentare l\u2019istanza attraverso la piattaforma&nbsp;<strong>Istanze On Line<\/strong>.<\/p>\n\n\n\n<p>Invece personale educativo, ATA e IRC devono inviare domanda in\u00a0<strong>modalit\u00e0 cartacea\u00a0<\/strong>seguendo il modello pubblicato sul sito web del Ministero nella sezione \u201cmobilit\u00e0\u201d.<\/p>\n\n\n\n<p>Ma il conseguimento di questo movimento comporta delle conseguenze sulla graduatoria e sugli anni di continuit\u00e0?<\/p>\n\n\n\n<h2>Quali conseguenze ci sono sul punteggio?<\/h2>\n\n\n\n<p>Conseguito il movimento richiesto, bisogna ricordare che non ci sono conseguenze sul punteggio di servizio.<\/p>\n\n\n\n<p>Infatti,<strong> la valutazione dell&#8217;anno di servizio svolto in assegnazione provvisoria \u00e8 uguale a quello prestato nel ruolo di titolarit\u00e0.<\/strong><\/p>\n\n\n\n<p>Quindi tale servizio sar\u00e0 valutato con un punteggio pari a <strong>6 punti<\/strong>.<\/p>\n\n\n\n<p>Ma che cosa accade invece per gli anni di continuit\u00e0?<\/p>\n\n\n\n<h2>Le conseguenze sulla titolarit\u00e0<\/h2>\n\n\n\n<p>Il conseguimento dell&#8217;assegnazione provvisoria comporta molti cambiamenti in merito alla titolarit\u00e0.<\/p>\n\n\n\n<p>Questo perch\u00e9<strong> tale movimento interrompe gli anni di continuit\u00e0<\/strong> e, perci\u00f2, comporta la perdita di tutti gli anni di continuit\u00e0 maturati.<\/p>\n\n\n\n<p>Quindi, il docente che rientra nella scuola di titolarit\u00e0 dopo un anno in assegnazione provvisoria vedr\u00e0 il suo punteggio di continuit\u00e0 azzerarsi.<\/p>\n\n\n\n<p>Ricordiamo che, per il calcolo degli anni di continuit\u00e0, si valutano<strong>&nbsp;2 punti per ogni anno svolto entro il quinquennio<\/strong>. Sono invece&nbsp;<strong>3 i punti che si conferiscono per ogni anno prestato successivo al quinto<\/strong>.<\/p>\n\n\n\n<p><em>Consigliamo allora di valutare bene la scelta dell\u2019assegnazione provvisoria<\/em>: se un docente ha maturato 20 anni di continuit\u00e0, perder\u00e0 in totale 55 punti.<\/p>\n\n\n\n<p>Leggi anche:<\/p>\n\n\n\n<ul><li><a href=\"https:\/\/www.docenti.it\/blog\/graduatorie-di-istituto-prima-fascia-ecco-le-date-per-poter-inviare-domanda\/\" target=\"_blank\" rel=\"noreferrer noopener\">Graduatorie di Istituto prima fascia: ecco le date per poter inviare domanda<\/a><\/li><li><a href=\"https:\/\/www.docenti.it\/blog\/assegnazione-provvisoria-sono-esclusi-gli-assunti-da-gps-e-polemica\/\" target=\"_blank\" rel=\"noreferrer noopener\">Assegnazione provvisoria: sono esclusi gli assunti da GPS. \u00c8 polemica<\/a><\/li><li><a href=\"https:\/\/www.docenti.it\/blog\/ferie-docenti-quanti-sono-i-giorni-di-ferie-dei-docenti-a-tempo-indeterminato\/\" target=\"_blank\" rel=\"noreferrer noopener\">Ferie docenti: quanti sono i giorni di ferie dei docenti a tempo indeterminato?<\/a><\/li><li><a href=\"https:\/\/www.docenti.it\/blog\/gps-sostegno-come-avviene-lassegnazione-dei-posti\/\" target=\"_blank\" rel=\"noreferrer noopener\">GPS Sostegno: come avviene l\u2019assegnazione dei posti<\/a><\/li><\/ul>\n\n\n\n<p>E seguici su\u00a0<strong><a href=\"https:\/\/www.facebook.com\/docenti.it\" target=\"_blank\" rel=\"noreferrer noopener\">Facebook<\/a><\/strong>\u00a0e\u00a0<a href=\"https:\/\/www.instagram.com\/docenti.it\/\" target=\"_blank\" rel=\"noreferrer noopener\"><strong>Instagram<\/strong><\/a>.<\/p>\n\n\n\n<p>Photo credit: <a href=\"https:\/\/www.pexels.com\/\" target=\"_blank\" rel=\"noreferrer noopener\">pexels.com<\/a><\/p>\n","protected":false},"excerpt":{"rendered":"<p>In questi giorni si pu\u00f2 presentare domanda per l&#8217;assegnazione provvisoria. Alcuni docenti si chiedono [&hellip;]<\/p>\n","protected":false},"author":22,"featured_media":27552,"comment_status":"open","ping_status":"open","sticky":false,"template":"","format":"standard","meta":[],"categories":[4],"tags":[488,393],"yoast_head":"<!-- This site is optimized with the Yoast SEO plugin v20.4 - https:\/\/yoast.com\/wordpress\/plugins\/seo\/ -->\n<title>Assegnazione provvisoria: ci sono conseguenze sul punteggio?<\/title>\n<meta name=\"description\" content=\"Sono aperte le domande per richiedere l&#039;assegnazione provvisoria. Ma se si consegue, che cosa succede ai punteggi? E alla titolarit\u00e0?\" \/>\n<meta name=\"robots\" content=\"index, follow, max-snippet:-1, max-image-preview:large, max-video-preview:-1\" \/>\n<link rel=\"canonical\" href=\"https:\/\/www.docenti.it\/blog\/assegnazione-provvisoria-ci-sono-conseguenze-sul-punteggio\/\" \/>\n<meta property=\"og:locale\" content=\"it_IT\" \/>\n<meta property=\"og:type\" content=\"article\" \/>\n<meta property=\"og:title\" content=\"Assegnazione provvisoria: ci sono conseguenze sul punteggio?\" \/>\n<meta property=\"og:description\" content=\"Sono aperte le domande per richiedere l&#039;assegnazione provvisoria. Ma se si consegue, che cosa succede ai punteggi? E alla titolarit\u00e0?\" \/>\n<meta property=\"og:url\" content=\"https:\/\/www.docenti.it\/blog\/assegnazione-provvisoria-ci-sono-conseguenze-sul-punteggio\/\" \/>\n<meta property=\"og:site_name\" content=\"Blog | Docenti.it\" \/>\n<meta property=\"article:publisher\" content=\"https:\/\/www.facebook.com\/docenti.it\" \/>\n<meta property=\"article:published_time\" content=\"2022-06-21T10:16:25+00:00\" \/>\n<meta property=\"article:modified_time\" content=\"2022-06-21T10:16:26+00:00\" \/>\n<meta property=\"og:image\" content=\"https:\/\/www.docenti.it\/blog\/wp-content\/uploads\/2022\/06\/pexels-ds-stories-6991443.jpg\" \/>\n\t<meta property=\"og:image:width\" content=\"640\" \/>\n\t<meta property=\"og:image:height\" content=\"427\" \/>\n\t<meta property=\"og:image:type\" content=\"image\/jpeg\" \/>\n<meta name=\"author\" content=\"Veronica Conti\" \/>\n<meta name=\"twitter:card\" content=\"summary_large_image\" \/>\n<meta name=\"twitter:label1\" content=\"Written by\" \/>\n\t<meta name=\"twitter:data1\" content=\"Veronica Conti\" \/>\n\t<meta name=\"twitter:label2\" content=\"Est. reading time\" \/>\n\t<meta name=\"twitter:data2\" content=\"2 minuti\" \/>\n<script type=\"application\/ld+json\" class=\"yoast-schema-graph\">{\"@context\":\"https:\/\/schema.org\",\"@graph\":[{\"@type\":\"Article\",\"@id\":\"https:\/\/www.docenti.it\/blog\/assegnazione-provvisoria-ci-sono-conseguenze-sul-punteggio\/#article\",\"isPartOf\":{\"@id\":\"https:\/\/www.docenti.it\/blog\/assegnazione-provvisoria-ci-sono-conseguenze-sul-punteggio\/\"},\"author\":{\"name\":\"Veronica Conti\",\"@id\":\"https:\/\/www.docenti.it\/blog\/#\/schema\/person\/db2692c75b023bba5319018ede576846\"},\"headline\":\"Assegnazione provvisoria: ci sono conseguenze sul punteggio?\",\"datePublished\":\"2022-06-21T10:16:25+00:00\",\"dateModified\":\"2022-06-21T10:16:26+00:00\",\"mainEntityOfPage\":{\"@id\":\"https:\/\/www.docenti.it\/blog\/assegnazione-provvisoria-ci-sono-conseguenze-sul-punteggio\/\"},\"wordCount\":365,\"commentCount\":0,\"publisher\":{\"@id\":\"https:\/\/www.docenti.it\/blog\/#organization\"},\"keywords\":[\"domanda di assegnazione provvisoria\",\"mobilit\u00e0\"],\"articleSection\":[\"News\"],\"inLanguage\":\"it-IT\",\"potentialAction\":[{\"@type\":\"CommentAction\",\"name\":\"Comment\",\"target\":[\"https:\/\/www.docenti.it\/blog\/assegnazione-provvisoria-ci-sono-conseguenze-sul-punteggio\/#respond\"]}]},{\"@type\":\"WebPage\",\"@id\":\"https:\/\/www.docenti.it\/blog\/assegnazione-provvisoria-ci-sono-conseguenze-sul-punteggio\/\",\"url\":\"https:\/\/www.docenti.it\/blog\/assegnazione-provvisoria-ci-sono-conseguenze-sul-punteggio\/\",\"name\":\"Assegnazione provvisoria: ci sono conseguenze sul punteggio?\",\"isPartOf\":{\"@id\":\"https:\/\/www.docenti.it\/blog\/#website\"},\"datePublished\":\"2022-06-21T10:16:25+00:00\",\"dateModified\":\"2022-06-21T10:16:26+00:00\",\"description\":\"Sono aperte le domande per richiedere l'assegnazione provvisoria. Ma se si consegue, che cosa succede ai punteggi? E alla titolarit\u00e0?\",\"breadcrumb\":{\"@id\":\"https:\/\/www.docenti.it\/blog\/assegnazione-provvisoria-ci-sono-conseguenze-sul-punteggio\/#breadcrumb\"},\"inLanguage\":\"it-IT\",\"potentialAction\":[{\"@type\":\"ReadAction\",\"target\":[\"https:\/\/www.docenti.it\/blog\/assegnazione-provvisoria-ci-sono-conseguenze-sul-punteggio\/\"]}]},{\"@type\":\"BreadcrumbList\",\"@id\":\"https:\/\/www.docenti.it\/blog\/assegnazione-provvisoria-ci-sono-conseguenze-sul-punteggio\/#breadcrumb\",\"itemListElement\":[{\"@type\":\"ListItem\",\"position\":1,\"name\":\"Home\",\"item\":\"https:\/\/www.docenti.it\/blog\/\"},{\"@type\":\"ListItem\",\"position\":2,\"name\":\"Assegnazione provvisoria: ci sono conseguenze sul punteggio?\"}]},{\"@type\":\"WebSite\",\"@id\":\"https:\/\/www.docenti.it\/blog\/#website\",\"url\":\"https:\/\/www.docenti.it\/blog\/\",\"name\":\"Blog | Docenti.it\",\"description\":\"Tutte le notizie e gli aggiornamenti dal mondo della scuola\",\"publisher\":{\"@id\":\"https:\/\/www.docenti.it\/blog\/#organization\"},\"potentialAction\":[{\"@type\":\"SearchAction\",\"target\":{\"@type\":\"EntryPoint\",\"urlTemplate\":\"https:\/\/www.docenti.it\/blog\/?s={search_term_string}\"},\"query-input\":\"required name=search_term_string\"}],\"inLanguage\":\"it-IT\"},{\"@type\":\"Organization\",\"@id\":\"https:\/\/www.docenti.it\/blog\/#organization\",\"name\":\"Blog | Docenti.it\",\"url\":\"https:\/\/www.docenti.it\/blog\/\",\"logo\":{\"@type\":\"ImageObject\",\"inLanguage\":\"it-IT\",\"@id\":\"https:\/\/www.docenti.it\/blog\/#\/schema\/logo\/image\/\",\"url\":\"https:\/\/www.docenti.it\/blog\/wp-content\/uploads\/2025\/06\/fb_mad_img.png\",\"contentUrl\":\"https:\/\/www.docenti.it\/blog\/wp-content\/uploads\/2025\/06\/fb_mad_img.png\",\"width\":1140,\"height\":620,\"caption\":\"Blog | Docenti.it\"},\"image\":{\"@id\":\"https:\/\/www.docenti.it\/blog\/#\/schema\/logo\/image\/\"},\"sameAs\":[\"https:\/\/www.facebook.com\/docenti.it\"]},{\"@type\":\"Person\",\"@id\":\"https:\/\/www.docenti.it\/blog\/#\/schema\/person\/db2692c75b023bba5319018ede576846\",\"name\":\"Veronica Conti\",\"image\":{\"@type\":\"ImageObject\",\"inLanguage\":\"it-IT\",\"@id\":\"https:\/\/www.docenti.it\/blog\/#\/schema\/person\/image\/\",\"url\":\"https:\/\/secure.gravatar.com\/avatar\/9709c2e092989f0e61eda04e2d96c120?s=96&d=mm&r=g\",\"contentUrl\":\"https:\/\/secure.gravatar.com\/avatar\/9709c2e092989f0e61eda04e2d96c120?s=96&d=mm&r=g\",\"caption\":\"Veronica Conti\"},\"description\":\"Classe 1998, \u00e8 studentessa e insegnante di musica. Ha conseguito il Diploma di Violoncello nel 2018 e, due anni dopo, il Diploma Accademico di II Livello in Violoncello presso il Conservatorio di Cesena. Frequenta il terzo anno all'universit\u00e0 di Urbino, Lingue e Culture Straniere profilo linguistico-aziendale, ed \u00e8 tirocinante presso Docenti.it.\",\"url\":\"https:\/\/www.docenti.it\/blog\/author\/veronica-conti\/\"}]}<\/script>\n<!-- \/ Yoast SEO plugin. -->","yoast_head_json":{"title":"Assegnazione provvisoria: ci sono conseguenze sul punteggio?","description":"Sono aperte le domande per richiedere l'assegnazione provvisoria. Ma se si consegue, che cosa succede ai punteggi? E alla titolarit\u00e0?","robots":{"index":"index","follow":"follow","max-snippet":"max-snippet:-1","max-image-preview":"max-image-preview:large","max-video-preview":"max-video-preview:-1"},"canonical":"https:\/\/www.docenti.it\/blog\/assegnazione-provvisoria-ci-sono-conseguenze-sul-punteggio\/","og_locale":"it_IT","og_type":"article","og_title":"Assegnazione provvisoria: ci sono conseguenze sul punteggio?","og_description":"Sono aperte le domande per richiedere l'assegnazione provvisoria. Ma se si consegue, che cosa succede ai punteggi? E alla titolarit\u00e0?","og_url":"https:\/\/www.docenti.it\/blog\/assegnazione-provvisoria-ci-sono-conseguenze-sul-punteggio\/","og_site_name":"Blog | Docenti.it","article_publisher":"https:\/\/www.facebook.com\/docenti.it","article_published_time":"2022-06-21T10:16:25+00:00","article_modified_time":"2022-06-21T10:16:26+00:00","og_image":[{"width":640,"height":427,"url":"https:\/\/www.docenti.it\/blog\/wp-content\/uploads\/2022\/06\/pexels-ds-stories-6991443.jpg","type":"image\/jpeg"}],"author":"Veronica Conti","twitter_card":"summary_large_image","twitter_misc":{"Written by":"Veronica Conti","Est. reading time":"2 minuti"},"schema":{"@context":"https:\/\/schema.org","@graph":[{"@type":"Article","@id":"https:\/\/www.docenti.it\/blog\/assegnazione-provvisoria-ci-sono-conseguenze-sul-punteggio\/#article","isPartOf":{"@id":"https:\/\/www.docenti.it\/blog\/assegnazione-provvisoria-ci-sono-conseguenze-sul-punteggio\/"},"author":{"name":"Veronica Conti","@id":"https:\/\/www.docenti.it\/blog\/#\/schema\/person\/db2692c75b023bba5319018ede576846"},"headline":"Assegnazione provvisoria: ci sono conseguenze sul punteggio?","datePublished":"2022-06-21T10:16:25+00:00","dateModified":"2022-06-21T10:16:26+00:00","mainEntityOfPage":{"@id":"https:\/\/www.docenti.it\/blog\/assegnazione-provvisoria-ci-sono-conseguenze-sul-punteggio\/"},"wordCount":365,"commentCount":0,"publisher":{"@id":"https:\/\/www.docenti.it\/blog\/#organization"},"keywords":["domanda di assegnazione provvisoria","mobilit\u00e0"],"articleSection":["News"],"inLanguage":"it-IT","potentialAction":[{"@type":"CommentAction","name":"Comment","target":["https:\/\/www.docenti.it\/blog\/assegnazione-provvisoria-ci-sono-conseguenze-sul-punteggio\/#respond"]}]},{"@type":"WebPage","@id":"https:\/\/www.docenti.it\/blog\/assegnazione-provvisoria-ci-sono-conseguenze-sul-punteggio\/","url":"https:\/\/www.docenti.it\/blog\/assegnazione-provvisoria-ci-sono-conseguenze-sul-punteggio\/","name":"Assegnazione provvisoria: ci sono conseguenze sul punteggio?","isPartOf":{"@id":"https:\/\/www.docenti.it\/blog\/#website"},"datePublished":"2022-06-21T10:16:25+00:00","dateModified":"2022-06-21T10:16:26+00:00","description":"Sono aperte le domande per richiedere l'assegnazione provvisoria. Ma se si consegue, che cosa succede ai punteggi? E alla titolarit\u00e0?","breadcrumb":{"@id":"https:\/\/www.docenti.it\/blog\/assegnazione-provvisoria-ci-sono-conseguenze-sul-punteggio\/#breadcrumb"},"inLanguage":"it-IT","potentialAction":[{"@type":"ReadAction","target":["https:\/\/www.docenti.it\/blog\/assegnazione-provvisoria-ci-sono-conseguenze-sul-punteggio\/"]}]},{"@type":"BreadcrumbList","@id":"https:\/\/www.docenti.it\/blog\/assegnazione-provvisoria-ci-sono-conseguenze-sul-punteggio\/#breadcrumb","itemListElement":[{"@type":"ListItem","position":1,"name":"Home","item":"https:\/\/www.docenti.it\/blog\/"},{"@type":"ListItem","position":2,"name":"Assegnazione provvisoria: ci sono conseguenze sul punteggio?"}]},{"@type":"WebSite","@id":"https:\/\/www.docenti.it\/blog\/#website","url":"https:\/\/www.docenti.it\/blog\/","name":"Blog | Docenti.it","description":"Tutte le notizie e gli aggiornamenti dal mondo della scuola","publisher":{"@id":"https:\/\/www.docenti.it\/blog\/#organization"},"potentialAction":[{"@type":"SearchAction","target":{"@type":"EntryPoint","urlTemplate":"https:\/\/www.docenti.it\/blog\/?s={search_term_string}"},"query-input":"required name=search_term_string"}],"inLanguage":"it-IT"},{"@type":"Organization","@id":"https:\/\/www.docenti.it\/blog\/#organization","name":"Blog | Docenti.it","url":"https:\/\/www.docenti.it\/blog\/","logo":{"@type":"ImageObject","inLanguage":"it-IT","@id":"https:\/\/www.docenti.it\/blog\/#\/schema\/logo\/image\/","url":"https:\/\/www.docenti.it\/blog\/wp-content\/uploads\/2025\/06\/fb_mad_img.png","contentUrl":"https:\/\/www.docenti.it\/blog\/wp-content\/uploads\/2025\/06\/fb_mad_img.png","width":1140,"height":620,"caption":"Blog | Docenti.it"},"image":{"@id":"https:\/\/www.docenti.it\/blog\/#\/schema\/logo\/image\/"},"sameAs":["https:\/\/www.facebook.com\/docenti.it"]},{"@type":"Person","@id":"https:\/\/www.docenti.it\/blog\/#\/schema\/person\/db2692c75b023bba5319018ede576846","name":"Veronica Conti","image":{"@type":"ImageObject","inLanguage":"it-IT","@id":"https:\/\/www.docenti.it\/blog\/#\/schema\/person\/image\/","url":"https:\/\/secure.gravatar.com\/avatar\/9709c2e092989f0e61eda04e2d96c120?s=96&d=mm&r=g","contentUrl":"https:\/\/secure.gravatar.com\/avatar\/9709c2e092989f0e61eda04e2d96c120?s=96&d=mm&r=g","caption":"Veronica Conti"},"description":"Classe 1998, \u00e8 studentessa e insegnante di musica. Ha conseguito il Diploma di Violoncello nel 2018 e, due anni dopo, il Diploma Accademico di II Livello in Violoncello presso il Conservatorio di Cesena. Frequenta il terzo anno all'universit\u00e0 di Urbino, Lingue e Culture Straniere profilo linguistico-aziendale, ed \u00e8 tirocinante presso Docenti.it.","url":"https:\/\/www.docenti.it\/blog\/author\/veronica-conti\/"}]}},"_links":{"self":[{"href":"https:\/\/www.docenti.it\/blog\/wp-json\/wp\/v2\/posts\/27546"}],"collection":[{"href":"https:\/\/www.docenti.it\/blog\/wp-json\/wp\/v2\/posts"}],"about":[{"href":"https:\/\/www.docenti.it\/blog\/wp-json\/wp\/v2\/types\/post"}],"author":[{"embeddable":true,"href":"https:\/\/www.docenti.it\/blog\/wp-json\/wp\/v2\/users\/22"}],"replies":[{"embeddable":true,"href":"https:\/\/www.docenti.it\/blog\/wp-json\/wp\/v2\/comments?post=27546"}],"version-history":[{"count":5,"href":"https:\/\/www.docenti.it\/blog\/wp-json\/wp\/v2\/posts\/27546\/revisions"}],"predecessor-version":[{"id":27554,"href":"https:\/\/www.docenti.it\/blog\/wp-json\/wp\/v2\/posts\/27546\/revisions\/27554"}],"wp:featuredmedia":[{"embeddable":true,"href":"https:\/\/www.docenti.it\/blog\/wp-json\/wp\/v2\/media\/27552"}],"wp:attachment":[{"href":"https:\/\/www.docenti.it\/blog\/wp-json\/wp\/v2\/media?parent=27546"}],"wp:term":[{"taxonomy":"category","embeddable":true,"href":"https:\/\/www.docenti.it\/blog\/wp-json\/wp\/v2\/categories?post=27546"},{"taxonomy":"post_tag","embeddable":true,"href":"https:\/\/www.docenti.it\/blog\/wp-json\/wp\/v2\/tags?post=27546"}],"curies":[{"name":"wp","href":"https:\/\/api.w.org\/{rel}","templated":true}]}}