{"id":28442,"date":"2022-07-05T15:41:22","date_gmt":"2022-07-05T13:41:22","guid":{"rendered":"https:\/\/www.docenti.it\/blog\/?p=28442"},"modified":"2022-07-08T15:23:51","modified_gmt":"2022-07-08T13:23:51","slug":"riforma-reclutamento-docenti-la-novita-per-i-precari-sul-sostegno","status":"publish","type":"post","link":"https:\/\/www.docenti.it\/blog\/riforma-reclutamento-docenti-la-novita-per-i-precari-sul-sostegno\/","title":{"rendered":"Riforma reclutamento docenti: la novit\u00e0 per i precari sul sostegno"},"content":{"rendered":"\n<p>La <strong>riforma reclutamento docenti<\/strong> ha portato importanti novit\u00e0 per quanto riguarda la formazione degli insegnanti ma anche per il sostegno. <\/p>\n\n\n\n<p>Vediamole.<\/p>\n\n\n\n<!--more-->\n\n\n\n<h2>Riforma reclutamento docenti: da decreto a legge con 419 S\u00ec<\/h2>\n\n\n\n<p>Con la conversione in legge del decreto PNRR 2, la riforma reclutamento docenti \u00e8 ora pubblicata nella Gazzetta Ufficiale. <\/p>\n\n\n\n<p>Abbiamo seguito il suo percorso e riflettuto sulle opinioni che le varie parti in gioco avevano sulle modifiche da apportare alla riforma. <\/p>\n\n\n\n<p>Nell&#8217;ambito scolastico le novit\u00e0 della riforma reclutamento docenti toccano i seguenti punti: <\/p>\n\n\n\n<ul><li>l&#8217;accesso;<\/li><li>i concorsi;<\/li><li>la formazione;<\/li><li>e il precariato.<\/li><\/ul>\n\n\n\n<p>Vediamo ogni punto in modo pi\u00f9 dettagliato. <\/p>\n\n\n\n<h3>Accesso: <strong>percorso abilitante <\/strong>di 60 CFU<\/h3>\n\n\n\n<p>Con la nuova legge \u00e8 stato istituito un <strong>percorso abilitante <\/strong>di 60 CFU&nbsp;tramite il quale si ottiene l\u2019abilitazione all\u2019insegnamento. <\/p>\n\n\n\n<p>Sar\u00e0 gestito dalle Universit\u00e0 e attivato solo se vi sar\u00e0 necessit\u00e0 di cattedre. <\/p>\n\n\n\n<p>Il percorso prevede una <strong>prova finale<\/strong> che, se superata, permette di accedere ai <strong>concorsi a cattedra<\/strong>.<\/p>\n\n\n\n<h3 id=\"concorsi-a-cattedre\">Concorsi a cattedre<\/h3>\n\n\n\n<p>Per i <strong>concorsi<\/strong> saranno organizzate selezioni annuali con prova scritta strutturata su <strong>risposte aperte<\/strong>. <br>Non saranno pi\u00f9 elaborati test a crocetta.<\/p>\n\n\n\n<h3>Nuovo sistema di formazione<\/h3>\n\n\n\n<p>Il <strong>nuovo sistema di formazione<\/strong> dedicato ai docenti in servizio prevede anche <strong>premi in denaro<\/strong>, per chi supera con successo il percorso formativo di durata triennale e accessibile su base volontaria. <\/p>\n\n\n\n<p>A questo proposito, si proceder\u00e0 con l&#8217;istituzione di una Scuola di Alta Formazione. <\/p>\n\n\n\n<p>Tale sistema di formazione e il rinnovo del contratto Scuola dovranno in qualche modo allinearsi.<\/p>\n\n\n\n<h3>Precariato <\/h3>\n\n\n\n<p>Saranno riconosciuti i 24 CFU a chi li ha gi\u00e0 ottenuti con le <strong>graduatorie GPS<\/strong>. <\/p>\n\n\n\n<p>I crediti saranno validi anche per il percorso di abilitazione e potranno essere acquisiti ancora <strong>fino al 31 ottobre<\/strong> 2022.<\/p>\n\n\n\n<p>Mentre fino al 31 dicembre 2024, gli aspiranti insegnanti potranno possedere <strong>30 o 24 CFU<\/strong> e acquisire i restanti superando il <strong>concorso a cattedra<\/strong>. <\/p>\n\n\n\n<p><strong>Il nuovo sistema partir\u00e0 a regime tra il 2025 e il 2026.<\/strong><\/p>\n\n\n\n<h3>I precari sul sostegno<\/h3>\n\n\n\n<p>E qui arriviamo al nodo centrale dell&#8217;articolo. <\/p>\n\n\n\n<p><strong>I precari abilitati e con 3 anni di servizio su sostegno avranno possibilit\u00e0 di accedere direttamente al TFA sostegno.  <\/strong><\/p>\n\n\n\n<p>Per gli insegnanti di religione precari, invece, si organizzer\u00e0 un concorso a loro riservato. <\/p>\n\n\n\n<h3>Carta docenti e titoli di accesso A26 e A28<\/h3>\n\n\n\n<p>Si \u00e8 avuta conferma del blocco della Carta del Docente fino al 2024.<\/p>\n\n\n\n<p>Si comunica, inoltre, che I titoli di accesso A26 Matematica e A28 Matematica e Scienze saranno accorpati.<\/p>\n\n\n\n<p>Seguiranno aggiornamenti.<\/p>\n\n\n\n<p>Leggi anche: <\/p>\n\n\n\n<ul><li><a href=\"https:\/\/www.docenti.it\/blog\/graduatorie-gps-quando-presentare-listanza-di-conferma\/\">Graduatorie GPS: quando presentare l\u2019istanza di conferma<\/a><\/li><li><a href=\"https:\/\/www.docenti.it\/blog\/stipendio-docenti-quanto-guadagna-un-insegnante-di-scuola-primaria\/\">Stipendio docenti: quanto guadagna un insegnante di Scuola Primaria<\/a><\/li><li><a href=\"https:\/\/www.docenti.it\/blog\/bonus-200-euro-quali-sono-le-novita\/\">Bonus 200 euro: quali sono le novit\u00e0<\/a><\/li><\/ul>\n\n\n\n<p>Photo credit:<a href=\"https:\/\/pixabay.com\/it\/\"> pixabay.com<\/a><\/p>\n","protected":false},"excerpt":{"rendered":"<p>La riforma reclutamento docenti ha portato importanti novit\u00e0 per quanto riguarda la formazione degli [&hellip;]<\/p>\n","protected":false},"author":23,"featured_media":28472,"comment_status":"open","ping_status":"open","sticky":false,"template":"","format":"standard","meta":[],"categories":[496,4],"tags":[],"yoast_head":"<!-- This site is optimized with the Yoast SEO plugin v20.4 - https:\/\/yoast.com\/wordpress\/plugins\/seo\/ -->\n<title>Riforma reclutamento docenti: la novit\u00e0 per i precari sul sostegno<\/title>\n<meta name=\"description\" content=\"La riforma reclutamento docenti ha visto diverse novit\u00e0 nell&#039;ambito scuola, in particolare per la formazione, l&#039;accesso, il precariato.\" \/>\n<meta name=\"robots\" content=\"index, follow, max-snippet:-1, max-image-preview:large, max-video-preview:-1\" \/>\n<link rel=\"canonical\" href=\"https:\/\/www.docenti.it\/blog\/riforma-reclutamento-docenti-la-novita-per-i-precari-sul-sostegno\/\" \/>\n<meta property=\"og:locale\" content=\"it_IT\" \/>\n<meta property=\"og:type\" content=\"article\" \/>\n<meta property=\"og:title\" content=\"Riforma reclutamento docenti: la novit\u00e0 per i precari sul sostegno\" \/>\n<meta property=\"og:description\" content=\"La riforma reclutamento docenti ha visto diverse novit\u00e0 nell&#039;ambito scuola, in particolare per la formazione, l&#039;accesso, il precariato.\" \/>\n<meta property=\"og:url\" content=\"https:\/\/www.docenti.it\/blog\/riforma-reclutamento-docenti-la-novita-per-i-precari-sul-sostegno\/\" \/>\n<meta property=\"og:site_name\" content=\"Blog | Docenti.it\" \/>\n<meta property=\"article:publisher\" content=\"https:\/\/www.facebook.com\/docenti.it\" \/>\n<meta property=\"article:published_time\" content=\"2022-07-05T13:41:22+00:00\" \/>\n<meta property=\"article:modified_time\" content=\"2022-07-08T13:23:51+00:00\" \/>\n<meta property=\"og:image\" content=\"https:\/\/www.docenti.it\/blog\/wp-content\/uploads\/2022\/07\/training-g508212506_640.jpg\" \/>\n\t<meta property=\"og:image:width\" content=\"640\" \/>\n\t<meta property=\"og:image:height\" content=\"426\" \/>\n\t<meta property=\"og:image:type\" content=\"image\/jpeg\" \/>\n<meta name=\"author\" content=\"Francesca Renzetti\" \/>\n<meta name=\"twitter:card\" content=\"summary_large_image\" \/>\n<meta name=\"twitter:label1\" content=\"Written by\" \/>\n\t<meta name=\"twitter:data1\" content=\"Francesca Renzetti\" \/>\n\t<meta name=\"twitter:label2\" content=\"Est. reading time\" \/>\n\t<meta name=\"twitter:data2\" content=\"3 minuti\" \/>\n<script type=\"application\/ld+json\" class=\"yoast-schema-graph\">{\"@context\":\"https:\/\/schema.org\",\"@graph\":[{\"@type\":\"Article\",\"@id\":\"https:\/\/www.docenti.it\/blog\/riforma-reclutamento-docenti-la-novita-per-i-precari-sul-sostegno\/#article\",\"isPartOf\":{\"@id\":\"https:\/\/www.docenti.it\/blog\/riforma-reclutamento-docenti-la-novita-per-i-precari-sul-sostegno\/\"},\"author\":{\"name\":\"Francesca Renzetti\",\"@id\":\"https:\/\/www.docenti.it\/blog\/#\/schema\/person\/a749f61b126f93ac28ce27ddaef08da9\"},\"headline\":\"Riforma reclutamento docenti: la novit\u00e0 per i precari sul sostegno\",\"datePublished\":\"2022-07-05T13:41:22+00:00\",\"dateModified\":\"2022-07-08T13:23:51+00:00\",\"mainEntityOfPage\":{\"@id\":\"https:\/\/www.docenti.it\/blog\/riforma-reclutamento-docenti-la-novita-per-i-precari-sul-sostegno\/\"},\"wordCount\":422,\"commentCount\":0,\"publisher\":{\"@id\":\"https:\/\/www.docenti.it\/blog\/#organization\"},\"articleSection\":[\"Abilitazione insegnamento\",\"News\"],\"inLanguage\":\"it-IT\",\"potentialAction\":[{\"@type\":\"CommentAction\",\"name\":\"Comment\",\"target\":[\"https:\/\/www.docenti.it\/blog\/riforma-reclutamento-docenti-la-novita-per-i-precari-sul-sostegno\/#respond\"]}]},{\"@type\":\"WebPage\",\"@id\":\"https:\/\/www.docenti.it\/blog\/riforma-reclutamento-docenti-la-novita-per-i-precari-sul-sostegno\/\",\"url\":\"https:\/\/www.docenti.it\/blog\/riforma-reclutamento-docenti-la-novita-per-i-precari-sul-sostegno\/\",\"name\":\"Riforma reclutamento docenti: la novit\u00e0 per i precari sul sostegno\",\"isPartOf\":{\"@id\":\"https:\/\/www.docenti.it\/blog\/#website\"},\"datePublished\":\"2022-07-05T13:41:22+00:00\",\"dateModified\":\"2022-07-08T13:23:51+00:00\",\"description\":\"La riforma reclutamento docenti ha visto diverse novit\u00e0 nell'ambito scuola, in particolare per la formazione, l'accesso, il precariato.\",\"breadcrumb\":{\"@id\":\"https:\/\/www.docenti.it\/blog\/riforma-reclutamento-docenti-la-novita-per-i-precari-sul-sostegno\/#breadcrumb\"},\"inLanguage\":\"it-IT\",\"potentialAction\":[{\"@type\":\"ReadAction\",\"target\":[\"https:\/\/www.docenti.it\/blog\/riforma-reclutamento-docenti-la-novita-per-i-precari-sul-sostegno\/\"]}]},{\"@type\":\"BreadcrumbList\",\"@id\":\"https:\/\/www.docenti.it\/blog\/riforma-reclutamento-docenti-la-novita-per-i-precari-sul-sostegno\/#breadcrumb\",\"itemListElement\":[{\"@type\":\"ListItem\",\"position\":1,\"name\":\"Home\",\"item\":\"https:\/\/www.docenti.it\/blog\/\"},{\"@type\":\"ListItem\",\"position\":2,\"name\":\"Riforma reclutamento docenti: la novit\u00e0 per i precari sul sostegno\"}]},{\"@type\":\"WebSite\",\"@id\":\"https:\/\/www.docenti.it\/blog\/#website\",\"url\":\"https:\/\/www.docenti.it\/blog\/\",\"name\":\"Blog | Docenti.it\",\"description\":\"Tutte le notizie e gli aggiornamenti dal mondo della scuola\",\"publisher\":{\"@id\":\"https:\/\/www.docenti.it\/blog\/#organization\"},\"potentialAction\":[{\"@type\":\"SearchAction\",\"target\":{\"@type\":\"EntryPoint\",\"urlTemplate\":\"https:\/\/www.docenti.it\/blog\/?s={search_term_string}\"},\"query-input\":\"required name=search_term_string\"}],\"inLanguage\":\"it-IT\"},{\"@type\":\"Organization\",\"@id\":\"https:\/\/www.docenti.it\/blog\/#organization\",\"name\":\"Blog | Docenti.it\",\"url\":\"https:\/\/www.docenti.it\/blog\/\",\"logo\":{\"@type\":\"ImageObject\",\"inLanguage\":\"it-IT\",\"@id\":\"https:\/\/www.docenti.it\/blog\/#\/schema\/logo\/image\/\",\"url\":\"https:\/\/www.docenti.it\/blog\/wp-content\/uploads\/2025\/06\/fb_mad_img.png\",\"contentUrl\":\"https:\/\/www.docenti.it\/blog\/wp-content\/uploads\/2025\/06\/fb_mad_img.png\",\"width\":1140,\"height\":620,\"caption\":\"Blog | Docenti.it\"},\"image\":{\"@id\":\"https:\/\/www.docenti.it\/blog\/#\/schema\/logo\/image\/\"},\"sameAs\":[\"https:\/\/www.facebook.com\/docenti.it\"]},{\"@type\":\"Person\",\"@id\":\"https:\/\/www.docenti.it\/blog\/#\/schema\/person\/a749f61b126f93ac28ce27ddaef08da9\",\"name\":\"Francesca Renzetti\",\"image\":{\"@type\":\"ImageObject\",\"inLanguage\":\"it-IT\",\"@id\":\"https:\/\/www.docenti.it\/blog\/#\/schema\/person\/image\/\",\"url\":\"https:\/\/secure.gravatar.com\/avatar\/adeec37e32dce11c71964f4ad5022489?s=96&d=mm&r=g\",\"contentUrl\":\"https:\/\/secure.gravatar.com\/avatar\/adeec37e32dce11c71964f4ad5022489?s=96&d=mm&r=g\",\"caption\":\"Francesca Renzetti\"},\"description\":\"Mi occupo di copywriting dal 2007. Inizio il mio viaggio dal web per poi approdare a tutte le sfumature di questa professione: dalla realizzazione di testi per depliant o brochure, all\u2019ideazione di campagne pubblicitarie, ai testi di radiocomunicati e articoli redazionali. In particolare scopro che mi piace comunicare l\u2019anima di un Brand ed usare le parole per farlo vibrare nelle persone!\",\"url\":\"https:\/\/www.docenti.it\/blog\/author\/francesca-renzetti\/\"}]}<\/script>\n<!-- \/ Yoast SEO plugin. -->","yoast_head_json":{"title":"Riforma reclutamento docenti: la novit\u00e0 per i precari sul sostegno","description":"La riforma reclutamento docenti ha visto diverse novit\u00e0 nell'ambito scuola, in particolare per la formazione, l'accesso, il precariato.","robots":{"index":"index","follow":"follow","max-snippet":"max-snippet:-1","max-image-preview":"max-image-preview:large","max-video-preview":"max-video-preview:-1"},"canonical":"https:\/\/www.docenti.it\/blog\/riforma-reclutamento-docenti-la-novita-per-i-precari-sul-sostegno\/","og_locale":"it_IT","og_type":"article","og_title":"Riforma reclutamento docenti: la novit\u00e0 per i precari sul sostegno","og_description":"La riforma reclutamento docenti ha visto diverse novit\u00e0 nell'ambito scuola, in particolare per la formazione, l'accesso, il precariato.","og_url":"https:\/\/www.docenti.it\/blog\/riforma-reclutamento-docenti-la-novita-per-i-precari-sul-sostegno\/","og_site_name":"Blog | Docenti.it","article_publisher":"https:\/\/www.facebook.com\/docenti.it","article_published_time":"2022-07-05T13:41:22+00:00","article_modified_time":"2022-07-08T13:23:51+00:00","og_image":[{"width":640,"height":426,"url":"https:\/\/www.docenti.it\/blog\/wp-content\/uploads\/2022\/07\/training-g508212506_640.jpg","type":"image\/jpeg"}],"author":"Francesca Renzetti","twitter_card":"summary_large_image","twitter_misc":{"Written by":"Francesca Renzetti","Est. reading time":"3 minuti"},"schema":{"@context":"https:\/\/schema.org","@graph":[{"@type":"Article","@id":"https:\/\/www.docenti.it\/blog\/riforma-reclutamento-docenti-la-novita-per-i-precari-sul-sostegno\/#article","isPartOf":{"@id":"https:\/\/www.docenti.it\/blog\/riforma-reclutamento-docenti-la-novita-per-i-precari-sul-sostegno\/"},"author":{"name":"Francesca Renzetti","@id":"https:\/\/www.docenti.it\/blog\/#\/schema\/person\/a749f61b126f93ac28ce27ddaef08da9"},"headline":"Riforma reclutamento docenti: la novit\u00e0 per i precari sul sostegno","datePublished":"2022-07-05T13:41:22+00:00","dateModified":"2022-07-08T13:23:51+00:00","mainEntityOfPage":{"@id":"https:\/\/www.docenti.it\/blog\/riforma-reclutamento-docenti-la-novita-per-i-precari-sul-sostegno\/"},"wordCount":422,"commentCount":0,"publisher":{"@id":"https:\/\/www.docenti.it\/blog\/#organization"},"articleSection":["Abilitazione insegnamento","News"],"inLanguage":"it-IT","potentialAction":[{"@type":"CommentAction","name":"Comment","target":["https:\/\/www.docenti.it\/blog\/riforma-reclutamento-docenti-la-novita-per-i-precari-sul-sostegno\/#respond"]}]},{"@type":"WebPage","@id":"https:\/\/www.docenti.it\/blog\/riforma-reclutamento-docenti-la-novita-per-i-precari-sul-sostegno\/","url":"https:\/\/www.docenti.it\/blog\/riforma-reclutamento-docenti-la-novita-per-i-precari-sul-sostegno\/","name":"Riforma reclutamento docenti: la novit\u00e0 per i precari sul sostegno","isPartOf":{"@id":"https:\/\/www.docenti.it\/blog\/#website"},"datePublished":"2022-07-05T13:41:22+00:00","dateModified":"2022-07-08T13:23:51+00:00","description":"La riforma reclutamento docenti ha visto diverse novit\u00e0 nell'ambito scuola, in particolare per la formazione, l'accesso, il precariato.","breadcrumb":{"@id":"https:\/\/www.docenti.it\/blog\/riforma-reclutamento-docenti-la-novita-per-i-precari-sul-sostegno\/#breadcrumb"},"inLanguage":"it-IT","potentialAction":[{"@type":"ReadAction","target":["https:\/\/www.docenti.it\/blog\/riforma-reclutamento-docenti-la-novita-per-i-precari-sul-sostegno\/"]}]},{"@type":"BreadcrumbList","@id":"https:\/\/www.docenti.it\/blog\/riforma-reclutamento-docenti-la-novita-per-i-precari-sul-sostegno\/#breadcrumb","itemListElement":[{"@type":"ListItem","position":1,"name":"Home","item":"https:\/\/www.docenti.it\/blog\/"},{"@type":"ListItem","position":2,"name":"Riforma reclutamento docenti: la novit\u00e0 per i precari sul sostegno"}]},{"@type":"WebSite","@id":"https:\/\/www.docenti.it\/blog\/#website","url":"https:\/\/www.docenti.it\/blog\/","name":"Blog | Docenti.it","description":"Tutte le notizie e gli aggiornamenti dal mondo della scuola","publisher":{"@id":"https:\/\/www.docenti.it\/blog\/#organization"},"potentialAction":[{"@type":"SearchAction","target":{"@type":"EntryPoint","urlTemplate":"https:\/\/www.docenti.it\/blog\/?s={search_term_string}"},"query-input":"required name=search_term_string"}],"inLanguage":"it-IT"},{"@type":"Organization","@id":"https:\/\/www.docenti.it\/blog\/#organization","name":"Blog | Docenti.it","url":"https:\/\/www.docenti.it\/blog\/","logo":{"@type":"ImageObject","inLanguage":"it-IT","@id":"https:\/\/www.docenti.it\/blog\/#\/schema\/logo\/image\/","url":"https:\/\/www.docenti.it\/blog\/wp-content\/uploads\/2025\/06\/fb_mad_img.png","contentUrl":"https:\/\/www.docenti.it\/blog\/wp-content\/uploads\/2025\/06\/fb_mad_img.png","width":1140,"height":620,"caption":"Blog | Docenti.it"},"image":{"@id":"https:\/\/www.docenti.it\/blog\/#\/schema\/logo\/image\/"},"sameAs":["https:\/\/www.facebook.com\/docenti.it"]},{"@type":"Person","@id":"https:\/\/www.docenti.it\/blog\/#\/schema\/person\/a749f61b126f93ac28ce27ddaef08da9","name":"Francesca Renzetti","image":{"@type":"ImageObject","inLanguage":"it-IT","@id":"https:\/\/www.docenti.it\/blog\/#\/schema\/person\/image\/","url":"https:\/\/secure.gravatar.com\/avatar\/adeec37e32dce11c71964f4ad5022489?s=96&d=mm&r=g","contentUrl":"https:\/\/secure.gravatar.com\/avatar\/adeec37e32dce11c71964f4ad5022489?s=96&d=mm&r=g","caption":"Francesca Renzetti"},"description":"Mi occupo di copywriting dal 2007. Inizio il mio viaggio dal web per poi approdare a tutte le sfumature di questa professione: dalla realizzazione di testi per depliant o brochure, all\u2019ideazione di campagne pubblicitarie, ai testi di radiocomunicati e articoli redazionali. In particolare scopro che mi piace comunicare l\u2019anima di un Brand ed usare le parole per farlo vibrare nelle persone!","url":"https:\/\/www.docenti.it\/blog\/author\/francesca-renzetti\/"}]}},"_links":{"self":[{"href":"https:\/\/www.docenti.it\/blog\/wp-json\/wp\/v2\/posts\/28442"}],"collection":[{"href":"https:\/\/www.docenti.it\/blog\/wp-json\/wp\/v2\/posts"}],"about":[{"href":"https:\/\/www.docenti.it\/blog\/wp-json\/wp\/v2\/types\/post"}],"author":[{"embeddable":true,"href":"https:\/\/www.docenti.it\/blog\/wp-json\/wp\/v2\/users\/23"}],"replies":[{"embeddable":true,"href":"https:\/\/www.docenti.it\/blog\/wp-json\/wp\/v2\/comments?post=28442"}],"version-history":[{"count":8,"href":"https:\/\/www.docenti.it\/blog\/wp-json\/wp\/v2\/posts\/28442\/revisions"}],"predecessor-version":[{"id":28529,"href":"https:\/\/www.docenti.it\/blog\/wp-json\/wp\/v2\/posts\/28442\/revisions\/28529"}],"wp:featuredmedia":[{"embeddable":true,"href":"https:\/\/www.docenti.it\/blog\/wp-json\/wp\/v2\/media\/28472"}],"wp:attachment":[{"href":"https:\/\/www.docenti.it\/blog\/wp-json\/wp\/v2\/media?parent=28442"}],"wp:term":[{"taxonomy":"category","embeddable":true,"href":"https:\/\/www.docenti.it\/blog\/wp-json\/wp\/v2\/categories?post=28442"},{"taxonomy":"post_tag","embeddable":true,"href":"https:\/\/www.docenti.it\/blog\/wp-json\/wp\/v2\/tags?post=28442"}],"curies":[{"name":"wp","href":"https:\/\/api.w.org\/{rel}","templated":true}]}}