{"id":28882,"date":"2022-07-07T18:12:28","date_gmt":"2022-07-07T16:12:28","guid":{"rendered":"https:\/\/www.docenti.it\/blog\/?p=28882"},"modified":"2022-07-08T15:19:48","modified_gmt":"2022-07-08T13:19:48","slug":"supplenze-da-gps-chi-deve-inoltrare-la-domanda-a-luglio","status":"publish","type":"post","link":"https:\/\/www.docenti.it\/blog\/supplenze-da-gps-chi-deve-inoltrare-la-domanda-a-luglio\/","title":{"rendered":"Supplenze da GPS: chi deve inoltrare la domanda a luglio?"},"content":{"rendered":"\n<p>Con la nota del 30 giugno il ministero dell&#8217;istruzione ha reso noto ci\u00f2 che gli aspiranti docenti, nel mese di luglio, dovranno fare per <strong>ottenere supplenze da GPS<\/strong>.<\/p>\n\n\n\n<p><em>Quali docenti devono presentare la domanda questo mese?<\/em><\/p>\n\n\n\n<!--more-->\n\n\n\n<h2>Supplenze da GPS: domanda per il servizio <\/h2>\n\n\n\n<p>Sembra essere infinito il procedimento per ottenere <strong>supplenze da GPS<\/strong>. <\/p>\n\n\n\n<p>Le attese non finiscono mai per gli aspiranti docenti che anche questa estate avranno piuttosto da fare.<\/p>\n\n\n\n<p class=\"has-text-align-center\"><em><strong>Chi si \u00e8 inserito nelle graduatorie provinciali e di istituto infatti <\/strong><\/em><br><em><strong>dovr\u00e0 presentare entro il mese di luglio la domanda perfezionare titoli e servizio, <\/strong><\/em><br><em><strong>per sciogliere la riserva.<\/strong><\/em><\/p>\n\n\n\n<p>La domanda che dovr\u00e0 essere presentata entro il mese di luglio in questo caso riguarda l&#8217;aggiornamento del servizio prestato nell&#8217;ultimo anno per le supplenze da Gps 2022-2024. <\/p>\n\n\n\n<p>I docenti che al 31&nbsp;maggio 2022 <strong>non avevano maturato i 180 giorni<\/strong> previsti per il <strong>riconoscimento dell\u2019anno di servizio<\/strong>, dovranno presentare la domanda.<\/p>\n\n\n\n<p>Quindi, nello specifico: <\/p>\n\n\n\n<p class=\"has-text-align-center\"><em><strong>chi possiede un contratto al 30\u00a0giugno o al 31\u00a0agosto 2022 <br>e deve confermare il raggiungimento dell\u2019annualit\u00e0 per avere il pieno punteggio.<\/strong><\/em><\/p>\n\n\n\n<h3>Le date per la conferma del servizio <\/h3>\n\n\n\n<p>Tramite istanza online si dovr\u00e0 confermare il servizio entro le 23.59 del 15 luglio.<\/p>\n\n\n\n<p>Tale azione permetter\u00e0 di aumentare il punteggio per le supplenze da GPS.<\/p>\n\n\n\n<p>Dovr\u00e0 segnalare i giorni di servizio effettivamente svolti, cos\u00ec da completare a pieno il titolo in II fascia Gps per i posti di sostegno o ai fini della valutabilit\u00e0 in altra graduatoria, inclusi i posti comuni.<\/p>\n\n\n\n<h3>Come presentare la domanda<\/h3>\n\n\n\n<p>Le domande devono essere presentate in modalit\u00e0 telematica utilizzando il sistema <strong>Polis-Istanze online<\/strong> con le seguenti credenziali:<\/p>\n\n\n\n<ul><li><strong>Sistema Pubblico di Identit\u00e0 Digitale (SPID)<\/strong>;<\/li><li><strong>Carta di Identit\u00e0 Elettronica (CIE)<\/strong>;<\/li><li>un\u2019<strong>utenza valida<\/strong> per l\u2019accesso ai servizi presenti nell\u2019area riservata del Ministero.<\/li><\/ul>\n\n\n\n<h2>Supplenze da GPS conferma della riserva<\/h2>\n\n\n\n<p>Molto importante \u00e8 anche confermare l\u2019iscrizione con riserva nelle:<\/p>\n\n\n\n<ul><li><strong>Gps per la prima fascia<\/strong>, per l&#8217;abilitazione al concorso ordinario su posto comune o sul sostegno. <br><strong>Entro il 20 luglio<\/strong>.<\/li><li><strong>Gae<\/strong> per il sostegno<strong>: entro il 15 luglio<\/strong>.<\/li><\/ul>\n\n\n\n<p>Anche per la conferma della riserva le domande devono essere presentate per via telematica. <\/p>\n\n\n\n<p>Una nota del MIUR inoltre specifica gli orari per la presentazione delle domande:<\/p>\n\n\n\n<p><em>&#8220;Tra le ore 9:00 del 1\u00b0 luglio 2022 e le ore 14:00 del 16\u00a0luglio 202, per l\u2019inclusione a pieno titolo negli elenchi del sostegno delle Graduatorie ad Esaurimento, a seguito del conseguimento, entro la data del 15\u00a0luglio 2022, del relativo titolo di specializzazione;<br>Tra le ore 9:00 dell\u20198\u00a0luglio 2022 e le 23:59 del 21\u00a0luglio 2022 per lo scioglimento della riserva, ai fini dell\u2019inclusione a pieno titolo nelle GPS di I fascia, relative ai posti comuni e di sostegno, a seguito del conseguimento, entro la data del 20\u00a0luglio 2022, del titolo di abilitazione e\/o di specializzazione sul sostegno<\/em>.&#8221;<\/p>\n\n\n\n<p>Leggi anche: <\/p>\n\n\n\n<ul><li><a href=\"https:\/\/www.docenti.it\/blog\/riforma-bianchi-che-cosa-prevedono-i-percorsi-abilitanti\/\">Riforma Bianchi: che cosa prevedono i percorsi abilitanti<\/a><\/li><li><a href=\"https:\/\/www.docenti.it\/blog\/nuovo-reclutamento-docenti-2022-come-si-diventa-insegnanti-i-3-step\/\">Nuovo reclutamento docenti 2022: come si diventa insegnanti? I 3 step<\/a><\/li><li><a href=\"https:\/\/www.docenti.it\/blog\/riforma-bianchi-come-funziona-il-sistema-di-formazione-iniziale\/\">Riforma Bianchi: come funziona il sistema di formazione iniziale<\/a><\/li><\/ul>\n\n\n\n<p>Photo credit: <a href=\"https:\/\/pixabay.com\/it\/\">pixabay.com<\/a><\/p>\n","protected":false},"excerpt":{"rendered":"<p>Con la nota del 30 giugno il ministero dell&#8217;istruzione ha reso noto ci\u00f2 che [&hellip;]<\/p>\n","protected":false},"author":23,"featured_media":28917,"comment_status":"open","ping_status":"open","sticky":false,"template":"","format":"standard","meta":[],"categories":[496,4],"tags":[],"yoast_head":"<!-- This site is optimized with the Yoast SEO plugin v20.4 - https:\/\/yoast.com\/wordpress\/plugins\/seo\/ -->\n<title>Supplenze da GPS: chi deve inoltrare la domanda a luglio?<\/title>\n<meta name=\"description\" content=\"Per le supplenze da GPS bisogna presentare la domanda a luglio per confermare il servizio e la riserva. Vediamo i dettagli.\" \/>\n<meta name=\"robots\" content=\"index, follow, max-snippet:-1, max-image-preview:large, max-video-preview:-1\" \/>\n<link rel=\"canonical\" href=\"https:\/\/www.docenti.it\/blog\/supplenze-da-gps-chi-deve-inoltrare-la-domanda-a-luglio\/\" \/>\n<meta property=\"og:locale\" content=\"it_IT\" \/>\n<meta property=\"og:type\" content=\"article\" \/>\n<meta property=\"og:title\" content=\"Supplenze da GPS: chi deve inoltrare la domanda a luglio?\" \/>\n<meta property=\"og:description\" content=\"Per le supplenze da GPS bisogna presentare la domanda a luglio per confermare il servizio e la riserva. Vediamo i dettagli.\" \/>\n<meta property=\"og:url\" content=\"https:\/\/www.docenti.it\/blog\/supplenze-da-gps-chi-deve-inoltrare-la-domanda-a-luglio\/\" \/>\n<meta property=\"og:site_name\" content=\"Blog | Docenti.it\" \/>\n<meta property=\"article:publisher\" content=\"https:\/\/www.facebook.com\/docenti.it\" \/>\n<meta property=\"article:published_time\" content=\"2022-07-07T16:12:28+00:00\" \/>\n<meta property=\"article:modified_time\" content=\"2022-07-08T13:19:48+00:00\" \/>\n<meta property=\"og:image\" content=\"https:\/\/www.docenti.it\/blog\/wp-content\/uploads\/2022\/07\/hook-g7e55054d6_640.jpg\" \/>\n\t<meta property=\"og:image:width\" content=\"640\" \/>\n\t<meta property=\"og:image:height\" content=\"360\" \/>\n\t<meta property=\"og:image:type\" content=\"image\/jpeg\" \/>\n<meta name=\"author\" content=\"Francesca Renzetti\" \/>\n<meta name=\"twitter:card\" content=\"summary_large_image\" \/>\n<meta name=\"twitter:label1\" content=\"Written by\" \/>\n\t<meta name=\"twitter:data1\" content=\"Francesca Renzetti\" \/>\n\t<meta name=\"twitter:label2\" content=\"Est. reading time\" \/>\n\t<meta name=\"twitter:data2\" content=\"3 minuti\" \/>\n<script type=\"application\/ld+json\" class=\"yoast-schema-graph\">{\"@context\":\"https:\/\/schema.org\",\"@graph\":[{\"@type\":\"Article\",\"@id\":\"https:\/\/www.docenti.it\/blog\/supplenze-da-gps-chi-deve-inoltrare-la-domanda-a-luglio\/#article\",\"isPartOf\":{\"@id\":\"https:\/\/www.docenti.it\/blog\/supplenze-da-gps-chi-deve-inoltrare-la-domanda-a-luglio\/\"},\"author\":{\"name\":\"Francesca Renzetti\",\"@id\":\"https:\/\/www.docenti.it\/blog\/#\/schema\/person\/a749f61b126f93ac28ce27ddaef08da9\"},\"headline\":\"Supplenze da GPS: chi deve inoltrare la domanda a luglio?\",\"datePublished\":\"2022-07-07T16:12:28+00:00\",\"dateModified\":\"2022-07-08T13:19:48+00:00\",\"mainEntityOfPage\":{\"@id\":\"https:\/\/www.docenti.it\/blog\/supplenze-da-gps-chi-deve-inoltrare-la-domanda-a-luglio\/\"},\"wordCount\":483,\"commentCount\":0,\"publisher\":{\"@id\":\"https:\/\/www.docenti.it\/blog\/#organization\"},\"articleSection\":[\"Abilitazione insegnamento\",\"News\"],\"inLanguage\":\"it-IT\",\"potentialAction\":[{\"@type\":\"CommentAction\",\"name\":\"Comment\",\"target\":[\"https:\/\/www.docenti.it\/blog\/supplenze-da-gps-chi-deve-inoltrare-la-domanda-a-luglio\/#respond\"]}]},{\"@type\":\"WebPage\",\"@id\":\"https:\/\/www.docenti.it\/blog\/supplenze-da-gps-chi-deve-inoltrare-la-domanda-a-luglio\/\",\"url\":\"https:\/\/www.docenti.it\/blog\/supplenze-da-gps-chi-deve-inoltrare-la-domanda-a-luglio\/\",\"name\":\"Supplenze da GPS: chi deve inoltrare la domanda a luglio?\",\"isPartOf\":{\"@id\":\"https:\/\/www.docenti.it\/blog\/#website\"},\"datePublished\":\"2022-07-07T16:12:28+00:00\",\"dateModified\":\"2022-07-08T13:19:48+00:00\",\"description\":\"Per le supplenze da GPS bisogna presentare la domanda a luglio per confermare il servizio e la riserva. Vediamo i dettagli.\",\"breadcrumb\":{\"@id\":\"https:\/\/www.docenti.it\/blog\/supplenze-da-gps-chi-deve-inoltrare-la-domanda-a-luglio\/#breadcrumb\"},\"inLanguage\":\"it-IT\",\"potentialAction\":[{\"@type\":\"ReadAction\",\"target\":[\"https:\/\/www.docenti.it\/blog\/supplenze-da-gps-chi-deve-inoltrare-la-domanda-a-luglio\/\"]}]},{\"@type\":\"BreadcrumbList\",\"@id\":\"https:\/\/www.docenti.it\/blog\/supplenze-da-gps-chi-deve-inoltrare-la-domanda-a-luglio\/#breadcrumb\",\"itemListElement\":[{\"@type\":\"ListItem\",\"position\":1,\"name\":\"Home\",\"item\":\"https:\/\/www.docenti.it\/blog\/\"},{\"@type\":\"ListItem\",\"position\":2,\"name\":\"Supplenze da GPS: chi deve inoltrare la domanda a luglio?\"}]},{\"@type\":\"WebSite\",\"@id\":\"https:\/\/www.docenti.it\/blog\/#website\",\"url\":\"https:\/\/www.docenti.it\/blog\/\",\"name\":\"Blog | Docenti.it\",\"description\":\"Tutte le notizie e gli aggiornamenti dal mondo della scuola\",\"publisher\":{\"@id\":\"https:\/\/www.docenti.it\/blog\/#organization\"},\"potentialAction\":[{\"@type\":\"SearchAction\",\"target\":{\"@type\":\"EntryPoint\",\"urlTemplate\":\"https:\/\/www.docenti.it\/blog\/?s={search_term_string}\"},\"query-input\":\"required name=search_term_string\"}],\"inLanguage\":\"it-IT\"},{\"@type\":\"Organization\",\"@id\":\"https:\/\/www.docenti.it\/blog\/#organization\",\"name\":\"Blog | Docenti.it\",\"url\":\"https:\/\/www.docenti.it\/blog\/\",\"logo\":{\"@type\":\"ImageObject\",\"inLanguage\":\"it-IT\",\"@id\":\"https:\/\/www.docenti.it\/blog\/#\/schema\/logo\/image\/\",\"url\":\"https:\/\/www.docenti.it\/blog\/wp-content\/uploads\/2025\/06\/fb_mad_img.png\",\"contentUrl\":\"https:\/\/www.docenti.it\/blog\/wp-content\/uploads\/2025\/06\/fb_mad_img.png\",\"width\":1140,\"height\":620,\"caption\":\"Blog | Docenti.it\"},\"image\":{\"@id\":\"https:\/\/www.docenti.it\/blog\/#\/schema\/logo\/image\/\"},\"sameAs\":[\"https:\/\/www.facebook.com\/docenti.it\"]},{\"@type\":\"Person\",\"@id\":\"https:\/\/www.docenti.it\/blog\/#\/schema\/person\/a749f61b126f93ac28ce27ddaef08da9\",\"name\":\"Francesca Renzetti\",\"image\":{\"@type\":\"ImageObject\",\"inLanguage\":\"it-IT\",\"@id\":\"https:\/\/www.docenti.it\/blog\/#\/schema\/person\/image\/\",\"url\":\"https:\/\/secure.gravatar.com\/avatar\/adeec37e32dce11c71964f4ad5022489?s=96&d=mm&r=g\",\"contentUrl\":\"https:\/\/secure.gravatar.com\/avatar\/adeec37e32dce11c71964f4ad5022489?s=96&d=mm&r=g\",\"caption\":\"Francesca Renzetti\"},\"description\":\"Mi occupo di copywriting dal 2007. Inizio il mio viaggio dal web per poi approdare a tutte le sfumature di questa professione: dalla realizzazione di testi per depliant o brochure, all\u2019ideazione di campagne pubblicitarie, ai testi di radiocomunicati e articoli redazionali. In particolare scopro che mi piace comunicare l\u2019anima di un Brand ed usare le parole per farlo vibrare nelle persone!\",\"url\":\"https:\/\/www.docenti.it\/blog\/author\/francesca-renzetti\/\"}]}<\/script>\n<!-- \/ Yoast SEO plugin. -->","yoast_head_json":{"title":"Supplenze da GPS: chi deve inoltrare la domanda a luglio?","description":"Per le supplenze da GPS bisogna presentare la domanda a luglio per confermare il servizio e la riserva. Vediamo i dettagli.","robots":{"index":"index","follow":"follow","max-snippet":"max-snippet:-1","max-image-preview":"max-image-preview:large","max-video-preview":"max-video-preview:-1"},"canonical":"https:\/\/www.docenti.it\/blog\/supplenze-da-gps-chi-deve-inoltrare-la-domanda-a-luglio\/","og_locale":"it_IT","og_type":"article","og_title":"Supplenze da GPS: chi deve inoltrare la domanda a luglio?","og_description":"Per le supplenze da GPS bisogna presentare la domanda a luglio per confermare il servizio e la riserva. Vediamo i dettagli.","og_url":"https:\/\/www.docenti.it\/blog\/supplenze-da-gps-chi-deve-inoltrare-la-domanda-a-luglio\/","og_site_name":"Blog | Docenti.it","article_publisher":"https:\/\/www.facebook.com\/docenti.it","article_published_time":"2022-07-07T16:12:28+00:00","article_modified_time":"2022-07-08T13:19:48+00:00","og_image":[{"width":640,"height":360,"url":"https:\/\/www.docenti.it\/blog\/wp-content\/uploads\/2022\/07\/hook-g7e55054d6_640.jpg","type":"image\/jpeg"}],"author":"Francesca Renzetti","twitter_card":"summary_large_image","twitter_misc":{"Written by":"Francesca Renzetti","Est. reading time":"3 minuti"},"schema":{"@context":"https:\/\/schema.org","@graph":[{"@type":"Article","@id":"https:\/\/www.docenti.it\/blog\/supplenze-da-gps-chi-deve-inoltrare-la-domanda-a-luglio\/#article","isPartOf":{"@id":"https:\/\/www.docenti.it\/blog\/supplenze-da-gps-chi-deve-inoltrare-la-domanda-a-luglio\/"},"author":{"name":"Francesca Renzetti","@id":"https:\/\/www.docenti.it\/blog\/#\/schema\/person\/a749f61b126f93ac28ce27ddaef08da9"},"headline":"Supplenze da GPS: chi deve inoltrare la domanda a luglio?","datePublished":"2022-07-07T16:12:28+00:00","dateModified":"2022-07-08T13:19:48+00:00","mainEntityOfPage":{"@id":"https:\/\/www.docenti.it\/blog\/supplenze-da-gps-chi-deve-inoltrare-la-domanda-a-luglio\/"},"wordCount":483,"commentCount":0,"publisher":{"@id":"https:\/\/www.docenti.it\/blog\/#organization"},"articleSection":["Abilitazione insegnamento","News"],"inLanguage":"it-IT","potentialAction":[{"@type":"CommentAction","name":"Comment","target":["https:\/\/www.docenti.it\/blog\/supplenze-da-gps-chi-deve-inoltrare-la-domanda-a-luglio\/#respond"]}]},{"@type":"WebPage","@id":"https:\/\/www.docenti.it\/blog\/supplenze-da-gps-chi-deve-inoltrare-la-domanda-a-luglio\/","url":"https:\/\/www.docenti.it\/blog\/supplenze-da-gps-chi-deve-inoltrare-la-domanda-a-luglio\/","name":"Supplenze da GPS: chi deve inoltrare la domanda a luglio?","isPartOf":{"@id":"https:\/\/www.docenti.it\/blog\/#website"},"datePublished":"2022-07-07T16:12:28+00:00","dateModified":"2022-07-08T13:19:48+00:00","description":"Per le supplenze da GPS bisogna presentare la domanda a luglio per confermare il servizio e la riserva. Vediamo i dettagli.","breadcrumb":{"@id":"https:\/\/www.docenti.it\/blog\/supplenze-da-gps-chi-deve-inoltrare-la-domanda-a-luglio\/#breadcrumb"},"inLanguage":"it-IT","potentialAction":[{"@type":"ReadAction","target":["https:\/\/www.docenti.it\/blog\/supplenze-da-gps-chi-deve-inoltrare-la-domanda-a-luglio\/"]}]},{"@type":"BreadcrumbList","@id":"https:\/\/www.docenti.it\/blog\/supplenze-da-gps-chi-deve-inoltrare-la-domanda-a-luglio\/#breadcrumb","itemListElement":[{"@type":"ListItem","position":1,"name":"Home","item":"https:\/\/www.docenti.it\/blog\/"},{"@type":"ListItem","position":2,"name":"Supplenze da GPS: chi deve inoltrare la domanda a luglio?"}]},{"@type":"WebSite","@id":"https:\/\/www.docenti.it\/blog\/#website","url":"https:\/\/www.docenti.it\/blog\/","name":"Blog | Docenti.it","description":"Tutte le notizie e gli aggiornamenti dal mondo della scuola","publisher":{"@id":"https:\/\/www.docenti.it\/blog\/#organization"},"potentialAction":[{"@type":"SearchAction","target":{"@type":"EntryPoint","urlTemplate":"https:\/\/www.docenti.it\/blog\/?s={search_term_string}"},"query-input":"required name=search_term_string"}],"inLanguage":"it-IT"},{"@type":"Organization","@id":"https:\/\/www.docenti.it\/blog\/#organization","name":"Blog | Docenti.it","url":"https:\/\/www.docenti.it\/blog\/","logo":{"@type":"ImageObject","inLanguage":"it-IT","@id":"https:\/\/www.docenti.it\/blog\/#\/schema\/logo\/image\/","url":"https:\/\/www.docenti.it\/blog\/wp-content\/uploads\/2025\/06\/fb_mad_img.png","contentUrl":"https:\/\/www.docenti.it\/blog\/wp-content\/uploads\/2025\/06\/fb_mad_img.png","width":1140,"height":620,"caption":"Blog | Docenti.it"},"image":{"@id":"https:\/\/www.docenti.it\/blog\/#\/schema\/logo\/image\/"},"sameAs":["https:\/\/www.facebook.com\/docenti.it"]},{"@type":"Person","@id":"https:\/\/www.docenti.it\/blog\/#\/schema\/person\/a749f61b126f93ac28ce27ddaef08da9","name":"Francesca Renzetti","image":{"@type":"ImageObject","inLanguage":"it-IT","@id":"https:\/\/www.docenti.it\/blog\/#\/schema\/person\/image\/","url":"https:\/\/secure.gravatar.com\/avatar\/adeec37e32dce11c71964f4ad5022489?s=96&d=mm&r=g","contentUrl":"https:\/\/secure.gravatar.com\/avatar\/adeec37e32dce11c71964f4ad5022489?s=96&d=mm&r=g","caption":"Francesca Renzetti"},"description":"Mi occupo di copywriting dal 2007. Inizio il mio viaggio dal web per poi approdare a tutte le sfumature di questa professione: dalla realizzazione di testi per depliant o brochure, all\u2019ideazione di campagne pubblicitarie, ai testi di radiocomunicati e articoli redazionali. In particolare scopro che mi piace comunicare l\u2019anima di un Brand ed usare le parole per farlo vibrare nelle persone!","url":"https:\/\/www.docenti.it\/blog\/author\/francesca-renzetti\/"}]}},"_links":{"self":[{"href":"https:\/\/www.docenti.it\/blog\/wp-json\/wp\/v2\/posts\/28882"}],"collection":[{"href":"https:\/\/www.docenti.it\/blog\/wp-json\/wp\/v2\/posts"}],"about":[{"href":"https:\/\/www.docenti.it\/blog\/wp-json\/wp\/v2\/types\/post"}],"author":[{"embeddable":true,"href":"https:\/\/www.docenti.it\/blog\/wp-json\/wp\/v2\/users\/23"}],"replies":[{"embeddable":true,"href":"https:\/\/www.docenti.it\/blog\/wp-json\/wp\/v2\/comments?post=28882"}],"version-history":[{"count":7,"href":"https:\/\/www.docenti.it\/blog\/wp-json\/wp\/v2\/posts\/28882\/revisions"}],"predecessor-version":[{"id":28944,"href":"https:\/\/www.docenti.it\/blog\/wp-json\/wp\/v2\/posts\/28882\/revisions\/28944"}],"wp:featuredmedia":[{"embeddable":true,"href":"https:\/\/www.docenti.it\/blog\/wp-json\/wp\/v2\/media\/28917"}],"wp:attachment":[{"href":"https:\/\/www.docenti.it\/blog\/wp-json\/wp\/v2\/media?parent=28882"}],"wp:term":[{"taxonomy":"category","embeddable":true,"href":"https:\/\/www.docenti.it\/blog\/wp-json\/wp\/v2\/categories?post=28882"},{"taxonomy":"post_tag","embeddable":true,"href":"https:\/\/www.docenti.it\/blog\/wp-json\/wp\/v2\/tags?post=28882"}],"curies":[{"name":"wp","href":"https:\/\/api.w.org\/{rel}","templated":true}]}}