{"id":28891,"date":"2022-07-07T17:37:28","date_gmt":"2022-07-07T15:37:28","guid":{"rendered":"https:\/\/www.docenti.it\/blog\/?p=28891"},"modified":"2022-07-08T15:17:26","modified_gmt":"2022-07-08T13:17:26","slug":"riforma-bianchi-che-cosa-prevedono-i-percorsi-abilitanti","status":"publish","type":"post","link":"https:\/\/www.docenti.it\/blog\/riforma-bianchi-che-cosa-prevedono-i-percorsi-abilitanti\/","title":{"rendered":"Riforma Bianchi: che cosa prevedono i percorsi abilitanti"},"content":{"rendered":"\n<p>Continuano gli aggiornamenti sulla <strong>Riforma Bianchi<\/strong>: mentre \u00e8 atteso il nuovo DPCM di fine luglio, parliamo dei percorsi abilitanti.<\/p>\n\n\n\n<p><em>Che cosa prevedono?<\/em><\/p>\n\n\n\n<!--more-->\n\n\n\n<h2>Riforma Bianchi: le ultime notizie<\/h2>\n\n\n\n<p>Le ultime notizie sulla <strong>Riforma Bianchi<\/strong> vedono un decreto legge stabilire un nuovo percorso &#8220;ad ostacoli&#8221; (come \u00e8 stato definito da pi\u00f9 organizzazioni sindacali) che ha lo scopo di formare i nuovi docenti, conferendogli nuove competenze nella gestione del loro lavoro. <\/p>\n\n\n\n<p>Questa formazione dovrebbe avvenire in un&#8217;ottica di un lungo percorso molto complicato e tortuoso, che vede gli aspiranti docenti snodarsi attraverso varie fasi, prima dell&#8217;ottenimento del ruolo. <\/p>\n\n\n\n<p>Abbiamo gi\u00e0 visto in un precedente articolo, come <strong>questo nuovo reclutamento docenti si sviluppi attraverso 3 fasi<\/strong>, che qui riepiloghiamo:<\/p>\n\n\n\n<ol type=\"1\"><li>nella prima fase, <strong>il docente deve essere abilitato<\/strong>: c\u2019\u00e8 un percorso che viene effettuato attraverso le universit\u00e0, con un tirocinio.<br>Fino a quando il docente non riesce ad abilitarsi, non pu\u00f2 accedere al concorso;<\/li><li>nel corso della seconda fase, \u00e8 prevista la<strong> partecipazione al concorso<\/strong>: ci sono stati tanti cambiamenti rispetto alla bozza iniziale. Una volta superato il concorso, il docente accede ad un nuovo percorso di formazione e prova.<br>Oltre a questo, \u00e8 stato aggiunto un test: non basta pi\u00f9 l\u2019anno di prova e formazione, i futuri docenti devono anche incorrere in una valutazione aggiuntiva. Devono cio\u00e8 superare un test e una valutazione del dirigente (ulteriori dettagli saranno chiariti dal prossimo DPCM);<\/li><li>infine, terza fase: una volta immesso in ruolo, il docente dovr\u00e0 anche\u00a0<strong>accedere alla formazione obbligatoria\u00a0<\/strong>per i neo-immessi.<\/li><\/ol>\n\n\n\n<p><strong>E queste sono le 3 fasi previste dalla Riforma Bianchi, che stabiliscono il nuovo percorso dei futuri docenti.<\/strong><\/p>\n\n\n\n<p><em>Ma per quanto riguarda i percorsi abilitanti?<\/em><br><em>Che cosa prevedono, nello specifico?<\/em><\/p>\n\n\n\n<h2>I nuovi percorsi abilitanti<\/h2>\n\n\n\n<p>Una volta che il docente accede a questi percorsi,<strong> dovr\u00e0 acquisire almeno 60 crediti formativi<\/strong>, che sono necessari per questa formazione iniziale. <\/p>\n\n\n\n<p>Di questi, 10 sono di area pedagogica, e 20 di tirocinio diretto e indiretto.<\/p>\n\n\n\n<p><strong>E devono essere svolte 12 ore in presenza nelle classi, per ogni CFU di tirocinio.<\/strong><\/p>\n\n\n\n<p>All\u2019interno di questi 60 CFU vengono riconosciuti i famosi 24 in ambito antropologico, psicologico e di metodologie e tecnologie didattiche, qualora gi\u00e0 acquisiti.<\/p>\n\n\n\n<p class=\"has-text-align-center\"><span class=\"has-inline-color has-vivid-red-color\"><strong>Breve parentesi: <br><\/strong><\/span><strong><em>se sei un aspirante docente ma non hai ancora acquisito i 24 CFU, ti consigliamo caldamente di farlo.<br><\/em><\/strong><br><em><strong>Hai tempo fino al 31 ottobre 2022: dopo tale data, non avr\u00e0 pi\u00f9 senso acquisirli in quanto non ti verranno pi\u00f9 riconosciuti come requisito di accesso ai concorsi, entro dicembre 2024. <\/strong><\/em><\/p>\n\n\n<p>[maxbutton id=&#8221;1&#8243; url=&#8221;https:\/\/www.docenti.it\/formazione-docenti\/percorsi-formativi.html?tc=9&amp;lnk=104&#8243; text=&#8221;CONSEGUI SUBITO I 24 CFU&#8221; ]<\/p>\n\n\n\n<p><\/p>\n\n\n\n<p>Come stavamo dicendo&#8230; <\/p>\n\n\n\n<p>Dei famosi 60 CFU, almeno 10 devono essere di tirocinio diretto.<\/p>\n\n\n\n<h3>La prova finale abilitante: in che cosa consiste?<\/h3>\n\n\n\n<p>Una volta che il docente acquisisce i 60 CFU, deve svolgere una <strong>prova finale abilitante<\/strong>, costituita da 2 prove: una scritta e una orale.<\/p>\n\n\n\n<p>Vediamo in che cosa consistono:<\/p>\n\n\n\n<ul><li>la <strong>prova scritta<\/strong> consiste in un&#8217;analisi critica relativa al tirocinio che si \u00e8 svolto;<\/li><li>mentre quella <strong>orale<\/strong> \u00e8 una prova simulata.<\/li><\/ul>\n\n\n\n<p>Il futuro decreto (che deve uscire entro fine luglio) deve ancora stabilire la consistenza delle prove.<\/p>\n\n\n\n<p><strong>Una volta superate queste, il docente sar\u00e0 abilitato.<\/strong><\/p>\n\n\n\n<p>Precisiamo quanto segue: i costi del percorso sono interamente a carico degli aspiranti, mentre i tutor che si occuperanno della formazione saranno pagati sottraendo soldi alla CARD dei docenti del 2024\/25.<\/p>\n\n\n\n<p>Continueremo nei prossimi giorni a darvi informazioni pi\u00f9 specifiche sulla <strong>Riforma Bianchi<\/strong>, in attesa del nuovo DPCM, atteso per fine luglio.<\/p>\n\n\n\n<p>Seguiranno aggiornamenti. <\/p>\n\n\n\n<p>Ultime notizie:<\/p>\n\n\n\n<ul><li><a href=\"https:\/\/www.docenti.it\/blog\/graduatorie-gps-chi-ha-superato-il-concorso-accede-in-i-fascia\/\"><a href=\"https:\/\/www.docenti.it\/blog\/nuovo-reclutamento-docenti-2022-come-si-diventa-insegnanti-i-3-step\/\">Nuovo reclutamento docenti 2022: come si diventa insegnanti? I 3 step<\/a><\/a><\/li><li><a href=\"https:\/\/www.docenti.it\/blog\/riforma-bianchi-come-funziona-il-sistema-di-formazione-iniziale\/\">Riforma Bianchi: come funziona il sistema di formazione iniziale<\/a><\/li><li><a href=\"https:\/\/www.docenti.it\/blog\/docenti-itp-in-che-cosa-consiste-il-nuovo-reclutamento\/\">Docenti ITP: in che cosa consiste il nuovo reclutamento<\/a><\/li><li><a href=\"https:\/\/www.docenti.it\/blog\/pensione-anticipata-docenti-quando-si-puo-andare-in-pensione\/\">Pensione anticipata docenti: quando si pu\u00f2 andare in pensione?<\/a><\/li><li><a href=\"https:\/\/www.docenti.it\/blog\/riforma-reclutamento-docenti-la-novita-per-i-precari-sul-sostegno\/\">Riforma reclutamento docenti: la novit\u00e0 per i precari sul sostegno<\/a><\/li><\/ul>\n\n\n\n<p>E seguici su&nbsp;<strong><a href=\"https:\/\/www.facebook.com\/docenti.it\" target=\"_blank\" rel=\"noreferrer noopener\">Facebook<\/a><\/strong>&nbsp;e&nbsp;<a href=\"https:\/\/www.instagram.com\/docenti.it\/\" target=\"_blank\" rel=\"noreferrer noopener\"><strong>Instagram<\/strong><\/a>.<\/p>\n\n\n\n<p>Photo credit:&nbsp;<a href=\"https:\/\/www.pexels.com\/it-it\/\">pexels.com<\/a><\/p>\n","protected":false},"excerpt":{"rendered":"<p>Continuano gli aggiornamenti sulla Riforma Bianchi: mentre \u00e8 atteso il nuovo DPCM di fine [&hellip;]<\/p>\n","protected":false},"author":21,"featured_media":28894,"comment_status":"open","ping_status":"open","sticky":false,"template":"","format":"standard","meta":[],"categories":[496,4],"tags":[],"yoast_head":"<!-- This site is optimized with the Yoast SEO plugin v20.4 - https:\/\/yoast.com\/wordpress\/plugins\/seo\/ -->\n<title>Riforma Bianchi: che cosa prevedono i percorsi abilitanti<\/title>\n<meta name=\"description\" content=\"Continuano gli aggiornamenti sulla Riforma Bianchi: mentre \u00e8 atteso il nuovo DPCM di fine luglio, parliamo dei percorsi abilitanti.\" \/>\n<meta name=\"robots\" content=\"index, follow, max-snippet:-1, max-image-preview:large, max-video-preview:-1\" \/>\n<link rel=\"canonical\" href=\"https:\/\/www.docenti.it\/blog\/riforma-bianchi-che-cosa-prevedono-i-percorsi-abilitanti\/\" \/>\n<meta property=\"og:locale\" content=\"it_IT\" \/>\n<meta property=\"og:type\" content=\"article\" \/>\n<meta property=\"og:title\" content=\"Riforma Bianchi: che cosa prevedono i percorsi abilitanti\" \/>\n<meta property=\"og:description\" content=\"Continuano gli aggiornamenti sulla Riforma Bianchi: mentre \u00e8 atteso il nuovo DPCM di fine luglio, parliamo dei percorsi abilitanti.\" \/>\n<meta property=\"og:url\" content=\"https:\/\/www.docenti.it\/blog\/riforma-bianchi-che-cosa-prevedono-i-percorsi-abilitanti\/\" \/>\n<meta property=\"og:site_name\" content=\"Blog | Docenti.it\" \/>\n<meta property=\"article:publisher\" content=\"https:\/\/www.facebook.com\/docenti.it\" \/>\n<meta property=\"article:author\" content=\"https:\/\/www.facebook.com\/profile.php?id=1555867670\" \/>\n<meta property=\"article:published_time\" content=\"2022-07-07T15:37:28+00:00\" \/>\n<meta property=\"article:modified_time\" content=\"2022-07-08T13:17:26+00:00\" \/>\n<meta property=\"og:image\" content=\"https:\/\/www.docenti.it\/blog\/wp-content\/uploads\/2022\/07\/manager-g2e15c2cb7_640.png\" \/>\n\t<meta property=\"og:image:width\" content=\"640\" \/>\n\t<meta property=\"og:image:height\" content=\"361\" \/>\n\t<meta property=\"og:image:type\" content=\"image\/png\" \/>\n<meta name=\"author\" content=\"Martina Vaggi\" \/>\n<meta name=\"twitter:card\" content=\"summary_large_image\" \/>\n<meta name=\"twitter:label1\" content=\"Written by\" \/>\n\t<meta name=\"twitter:data1\" content=\"Martina Vaggi\" \/>\n\t<meta name=\"twitter:label2\" content=\"Est. reading time\" \/>\n\t<meta name=\"twitter:data2\" content=\"4 minuti\" \/>\n<script type=\"application\/ld+json\" class=\"yoast-schema-graph\">{\"@context\":\"https:\/\/schema.org\",\"@graph\":[{\"@type\":\"Article\",\"@id\":\"https:\/\/www.docenti.it\/blog\/riforma-bianchi-che-cosa-prevedono-i-percorsi-abilitanti\/#article\",\"isPartOf\":{\"@id\":\"https:\/\/www.docenti.it\/blog\/riforma-bianchi-che-cosa-prevedono-i-percorsi-abilitanti\/\"},\"author\":{\"name\":\"Martina Vaggi\",\"@id\":\"https:\/\/www.docenti.it\/blog\/#\/schema\/person\/99c2fdaf54e96829fe4ed44da8233688\"},\"headline\":\"Riforma Bianchi: che cosa prevedono i percorsi abilitanti\",\"datePublished\":\"2022-07-07T15:37:28+00:00\",\"dateModified\":\"2022-07-08T13:17:26+00:00\",\"mainEntityOfPage\":{\"@id\":\"https:\/\/www.docenti.it\/blog\/riforma-bianchi-che-cosa-prevedono-i-percorsi-abilitanti\/\"},\"wordCount\":623,\"commentCount\":0,\"publisher\":{\"@id\":\"https:\/\/www.docenti.it\/blog\/#organization\"},\"articleSection\":[\"Abilitazione insegnamento\",\"News\"],\"inLanguage\":\"it-IT\",\"potentialAction\":[{\"@type\":\"CommentAction\",\"name\":\"Comment\",\"target\":[\"https:\/\/www.docenti.it\/blog\/riforma-bianchi-che-cosa-prevedono-i-percorsi-abilitanti\/#respond\"]}]},{\"@type\":\"WebPage\",\"@id\":\"https:\/\/www.docenti.it\/blog\/riforma-bianchi-che-cosa-prevedono-i-percorsi-abilitanti\/\",\"url\":\"https:\/\/www.docenti.it\/blog\/riforma-bianchi-che-cosa-prevedono-i-percorsi-abilitanti\/\",\"name\":\"Riforma Bianchi: che cosa prevedono i percorsi abilitanti\",\"isPartOf\":{\"@id\":\"https:\/\/www.docenti.it\/blog\/#website\"},\"datePublished\":\"2022-07-07T15:37:28+00:00\",\"dateModified\":\"2022-07-08T13:17:26+00:00\",\"description\":\"Continuano gli aggiornamenti sulla Riforma Bianchi: mentre \u00e8 atteso il nuovo DPCM di fine luglio, parliamo dei percorsi abilitanti.\",\"breadcrumb\":{\"@id\":\"https:\/\/www.docenti.it\/blog\/riforma-bianchi-che-cosa-prevedono-i-percorsi-abilitanti\/#breadcrumb\"},\"inLanguage\":\"it-IT\",\"potentialAction\":[{\"@type\":\"ReadAction\",\"target\":[\"https:\/\/www.docenti.it\/blog\/riforma-bianchi-che-cosa-prevedono-i-percorsi-abilitanti\/\"]}]},{\"@type\":\"BreadcrumbList\",\"@id\":\"https:\/\/www.docenti.it\/blog\/riforma-bianchi-che-cosa-prevedono-i-percorsi-abilitanti\/#breadcrumb\",\"itemListElement\":[{\"@type\":\"ListItem\",\"position\":1,\"name\":\"Home\",\"item\":\"https:\/\/www.docenti.it\/blog\/\"},{\"@type\":\"ListItem\",\"position\":2,\"name\":\"Riforma Bianchi: che cosa prevedono i percorsi abilitanti\"}]},{\"@type\":\"WebSite\",\"@id\":\"https:\/\/www.docenti.it\/blog\/#website\",\"url\":\"https:\/\/www.docenti.it\/blog\/\",\"name\":\"Blog | Docenti.it\",\"description\":\"Tutte le notizie e gli aggiornamenti dal mondo della scuola\",\"publisher\":{\"@id\":\"https:\/\/www.docenti.it\/blog\/#organization\"},\"potentialAction\":[{\"@type\":\"SearchAction\",\"target\":{\"@type\":\"EntryPoint\",\"urlTemplate\":\"https:\/\/www.docenti.it\/blog\/?s={search_term_string}\"},\"query-input\":\"required name=search_term_string\"}],\"inLanguage\":\"it-IT\"},{\"@type\":\"Organization\",\"@id\":\"https:\/\/www.docenti.it\/blog\/#organization\",\"name\":\"Blog | Docenti.it\",\"url\":\"https:\/\/www.docenti.it\/blog\/\",\"logo\":{\"@type\":\"ImageObject\",\"inLanguage\":\"it-IT\",\"@id\":\"https:\/\/www.docenti.it\/blog\/#\/schema\/logo\/image\/\",\"url\":\"https:\/\/www.docenti.it\/blog\/wp-content\/uploads\/2025\/06\/fb_mad_img.png\",\"contentUrl\":\"https:\/\/www.docenti.it\/blog\/wp-content\/uploads\/2025\/06\/fb_mad_img.png\",\"width\":1140,\"height\":620,\"caption\":\"Blog | Docenti.it\"},\"image\":{\"@id\":\"https:\/\/www.docenti.it\/blog\/#\/schema\/logo\/image\/\"},\"sameAs\":[\"https:\/\/www.facebook.com\/docenti.it\"]},{\"@type\":\"Person\",\"@id\":\"https:\/\/www.docenti.it\/blog\/#\/schema\/person\/99c2fdaf54e96829fe4ed44da8233688\",\"name\":\"Martina Vaggi\",\"image\":{\"@type\":\"ImageObject\",\"inLanguage\":\"it-IT\",\"@id\":\"https:\/\/www.docenti.it\/blog\/#\/schema\/person\/image\/\",\"url\":\"https:\/\/secure.gravatar.com\/avatar\/14a13197979873d693ad915d249e3f54?s=96&d=mm&r=g\",\"contentUrl\":\"https:\/\/secure.gravatar.com\/avatar\/14a13197979873d693ad915d249e3f54?s=96&d=mm&r=g\",\"caption\":\"Martina Vaggi\"},\"description\":\"Classe 1991, copywriter e scrittrice. Nata a Sale, un paesino in provincia di Alessandria. Scrive dall\u2019et\u00e0 di 10 anni. Nel 2015 si laurea in Lettere Moderne presso l\u2019universit\u00e0 di Pavia. Nel 2020 pubblica il suo primo libro \\\"Il diario del silenzio - Storie reali di quarantena\\\" che descrive il processo di cambiamento della vita di 40 persone ai tempi del Covid. Nel 2022 si trasferisce a San Marino per lavorare come copywriter per Docenti.it\",\"sameAs\":[\"https:\/\/pensierisurrealidigentecomune.com\/\",\"https:\/\/www.facebook.com\/profile.php?id=1555867670\",\"https:\/\/www.instagram.com\/martiggi91\/\",\"https:\/\/it.linkedin.com\/in\/martina-vaggi\",\"https:\/\/www.youtube.com\/results?search_query=martina+vaggi\"],\"url\":\"https:\/\/www.docenti.it\/blog\/author\/martina-vaggi\/\"}]}<\/script>\n<!-- \/ Yoast SEO plugin. -->","yoast_head_json":{"title":"Riforma Bianchi: che cosa prevedono i percorsi abilitanti","description":"Continuano gli aggiornamenti sulla Riforma Bianchi: mentre \u00e8 atteso il nuovo DPCM di fine luglio, parliamo dei percorsi abilitanti.","robots":{"index":"index","follow":"follow","max-snippet":"max-snippet:-1","max-image-preview":"max-image-preview:large","max-video-preview":"max-video-preview:-1"},"canonical":"https:\/\/www.docenti.it\/blog\/riforma-bianchi-che-cosa-prevedono-i-percorsi-abilitanti\/","og_locale":"it_IT","og_type":"article","og_title":"Riforma Bianchi: che cosa prevedono i percorsi abilitanti","og_description":"Continuano gli aggiornamenti sulla Riforma Bianchi: mentre \u00e8 atteso il nuovo DPCM di fine luglio, parliamo dei percorsi abilitanti.","og_url":"https:\/\/www.docenti.it\/blog\/riforma-bianchi-che-cosa-prevedono-i-percorsi-abilitanti\/","og_site_name":"Blog | Docenti.it","article_publisher":"https:\/\/www.facebook.com\/docenti.it","article_author":"https:\/\/www.facebook.com\/profile.php?id=1555867670","article_published_time":"2022-07-07T15:37:28+00:00","article_modified_time":"2022-07-08T13:17:26+00:00","og_image":[{"width":640,"height":361,"url":"https:\/\/www.docenti.it\/blog\/wp-content\/uploads\/2022\/07\/manager-g2e15c2cb7_640.png","type":"image\/png"}],"author":"Martina Vaggi","twitter_card":"summary_large_image","twitter_misc":{"Written by":"Martina Vaggi","Est. reading time":"4 minuti"},"schema":{"@context":"https:\/\/schema.org","@graph":[{"@type":"Article","@id":"https:\/\/www.docenti.it\/blog\/riforma-bianchi-che-cosa-prevedono-i-percorsi-abilitanti\/#article","isPartOf":{"@id":"https:\/\/www.docenti.it\/blog\/riforma-bianchi-che-cosa-prevedono-i-percorsi-abilitanti\/"},"author":{"name":"Martina Vaggi","@id":"https:\/\/www.docenti.it\/blog\/#\/schema\/person\/99c2fdaf54e96829fe4ed44da8233688"},"headline":"Riforma Bianchi: che cosa prevedono i percorsi abilitanti","datePublished":"2022-07-07T15:37:28+00:00","dateModified":"2022-07-08T13:17:26+00:00","mainEntityOfPage":{"@id":"https:\/\/www.docenti.it\/blog\/riforma-bianchi-che-cosa-prevedono-i-percorsi-abilitanti\/"},"wordCount":623,"commentCount":0,"publisher":{"@id":"https:\/\/www.docenti.it\/blog\/#organization"},"articleSection":["Abilitazione insegnamento","News"],"inLanguage":"it-IT","potentialAction":[{"@type":"CommentAction","name":"Comment","target":["https:\/\/www.docenti.it\/blog\/riforma-bianchi-che-cosa-prevedono-i-percorsi-abilitanti\/#respond"]}]},{"@type":"WebPage","@id":"https:\/\/www.docenti.it\/blog\/riforma-bianchi-che-cosa-prevedono-i-percorsi-abilitanti\/","url":"https:\/\/www.docenti.it\/blog\/riforma-bianchi-che-cosa-prevedono-i-percorsi-abilitanti\/","name":"Riforma Bianchi: che cosa prevedono i percorsi abilitanti","isPartOf":{"@id":"https:\/\/www.docenti.it\/blog\/#website"},"datePublished":"2022-07-07T15:37:28+00:00","dateModified":"2022-07-08T13:17:26+00:00","description":"Continuano gli aggiornamenti sulla Riforma Bianchi: mentre \u00e8 atteso il nuovo DPCM di fine luglio, parliamo dei percorsi abilitanti.","breadcrumb":{"@id":"https:\/\/www.docenti.it\/blog\/riforma-bianchi-che-cosa-prevedono-i-percorsi-abilitanti\/#breadcrumb"},"inLanguage":"it-IT","potentialAction":[{"@type":"ReadAction","target":["https:\/\/www.docenti.it\/blog\/riforma-bianchi-che-cosa-prevedono-i-percorsi-abilitanti\/"]}]},{"@type":"BreadcrumbList","@id":"https:\/\/www.docenti.it\/blog\/riforma-bianchi-che-cosa-prevedono-i-percorsi-abilitanti\/#breadcrumb","itemListElement":[{"@type":"ListItem","position":1,"name":"Home","item":"https:\/\/www.docenti.it\/blog\/"},{"@type":"ListItem","position":2,"name":"Riforma Bianchi: che cosa prevedono i percorsi abilitanti"}]},{"@type":"WebSite","@id":"https:\/\/www.docenti.it\/blog\/#website","url":"https:\/\/www.docenti.it\/blog\/","name":"Blog | Docenti.it","description":"Tutte le notizie e gli aggiornamenti dal mondo della scuola","publisher":{"@id":"https:\/\/www.docenti.it\/blog\/#organization"},"potentialAction":[{"@type":"SearchAction","target":{"@type":"EntryPoint","urlTemplate":"https:\/\/www.docenti.it\/blog\/?s={search_term_string}"},"query-input":"required name=search_term_string"}],"inLanguage":"it-IT"},{"@type":"Organization","@id":"https:\/\/www.docenti.it\/blog\/#organization","name":"Blog | Docenti.it","url":"https:\/\/www.docenti.it\/blog\/","logo":{"@type":"ImageObject","inLanguage":"it-IT","@id":"https:\/\/www.docenti.it\/blog\/#\/schema\/logo\/image\/","url":"https:\/\/www.docenti.it\/blog\/wp-content\/uploads\/2025\/06\/fb_mad_img.png","contentUrl":"https:\/\/www.docenti.it\/blog\/wp-content\/uploads\/2025\/06\/fb_mad_img.png","width":1140,"height":620,"caption":"Blog | Docenti.it"},"image":{"@id":"https:\/\/www.docenti.it\/blog\/#\/schema\/logo\/image\/"},"sameAs":["https:\/\/www.facebook.com\/docenti.it"]},{"@type":"Person","@id":"https:\/\/www.docenti.it\/blog\/#\/schema\/person\/99c2fdaf54e96829fe4ed44da8233688","name":"Martina Vaggi","image":{"@type":"ImageObject","inLanguage":"it-IT","@id":"https:\/\/www.docenti.it\/blog\/#\/schema\/person\/image\/","url":"https:\/\/secure.gravatar.com\/avatar\/14a13197979873d693ad915d249e3f54?s=96&d=mm&r=g","contentUrl":"https:\/\/secure.gravatar.com\/avatar\/14a13197979873d693ad915d249e3f54?s=96&d=mm&r=g","caption":"Martina Vaggi"},"description":"Classe 1991, copywriter e scrittrice. Nata a Sale, un paesino in provincia di Alessandria. Scrive dall\u2019et\u00e0 di 10 anni. Nel 2015 si laurea in Lettere Moderne presso l\u2019universit\u00e0 di Pavia. Nel 2020 pubblica il suo primo libro \"Il diario del silenzio - Storie reali di quarantena\" che descrive il processo di cambiamento della vita di 40 persone ai tempi del Covid. Nel 2022 si trasferisce a San Marino per lavorare come copywriter per Docenti.it","sameAs":["https:\/\/pensierisurrealidigentecomune.com\/","https:\/\/www.facebook.com\/profile.php?id=1555867670","https:\/\/www.instagram.com\/martiggi91\/","https:\/\/it.linkedin.com\/in\/martina-vaggi","https:\/\/www.youtube.com\/results?search_query=martina+vaggi"],"url":"https:\/\/www.docenti.it\/blog\/author\/martina-vaggi\/"}]}},"_links":{"self":[{"href":"https:\/\/www.docenti.it\/blog\/wp-json\/wp\/v2\/posts\/28891"}],"collection":[{"href":"https:\/\/www.docenti.it\/blog\/wp-json\/wp\/v2\/posts"}],"about":[{"href":"https:\/\/www.docenti.it\/blog\/wp-json\/wp\/v2\/types\/post"}],"author":[{"embeddable":true,"href":"https:\/\/www.docenti.it\/blog\/wp-json\/wp\/v2\/users\/21"}],"replies":[{"embeddable":true,"href":"https:\/\/www.docenti.it\/blog\/wp-json\/wp\/v2\/comments?post=28891"}],"version-history":[{"count":13,"href":"https:\/\/www.docenti.it\/blog\/wp-json\/wp\/v2\/posts\/28891\/revisions"}],"predecessor-version":[{"id":28915,"href":"https:\/\/www.docenti.it\/blog\/wp-json\/wp\/v2\/posts\/28891\/revisions\/28915"}],"wp:featuredmedia":[{"embeddable":true,"href":"https:\/\/www.docenti.it\/blog\/wp-json\/wp\/v2\/media\/28894"}],"wp:attachment":[{"href":"https:\/\/www.docenti.it\/blog\/wp-json\/wp\/v2\/media?parent=28891"}],"wp:term":[{"taxonomy":"category","embeddable":true,"href":"https:\/\/www.docenti.it\/blog\/wp-json\/wp\/v2\/categories?post=28891"},{"taxonomy":"post_tag","embeddable":true,"href":"https:\/\/www.docenti.it\/blog\/wp-json\/wp\/v2\/tags?post=28891"}],"curies":[{"name":"wp","href":"https:\/\/api.w.org\/{rel}","templated":true}]}}