{"id":28945,"date":"2022-07-07T18:36:00","date_gmt":"2022-07-07T16:36:00","guid":{"rendered":"https:\/\/www.docenti.it\/blog\/?p=28945"},"modified":"2022-07-08T15:27:40","modified_gmt":"2022-07-08T13:27:40","slug":"nuovo-reclutamento-docenti-i-60-cfu-saranno-a-numero-chiuso","status":"publish","type":"post","link":"https:\/\/www.docenti.it\/blog\/nuovo-reclutamento-docenti-i-60-cfu-saranno-a-numero-chiuso\/","title":{"rendered":"Nuovo reclutamento docenti: i 60 CFU saranno a numero chiuso?"},"content":{"rendered":"\n<p>Il percorso che prevede il conseguimento dei <strong>60 CFU<\/strong> del <strong>nuovo reclutamento docenti <\/strong>sar\u00e0 a numero chiuso? <\/p>\n\n\n\n<p>Lo vediamo subito.<\/p>\n\n\n\n<!--more-->\n\n\n\n<h2>Nuovo reclutamento docenti: le novit\u00e0 <\/h2>\n\n\n\n<p>Come abbiamo avuto modo di vedere, <strong>la Riforma Bianchi \u00e8 stata approvata<\/strong>.<\/p>\n\n\n\n<p><strong>Il nuovo reclutamento docenti \u00e8 ormai divenuto legge. <\/strong><\/p>\n\n\n\n<p>Adesso, la strada \u00e8 spianata per la realizzazione concreta del nuovo sistema di reclutamento, che vede l&#8217;introduzione dei 60 CFU per il futuro personale docente. <\/p>\n\n\n\n<p>Un percorso tutto in salita attende i nostri aspiranti insegnanti&#8230;<\/p>\n\n\n\n<p>Ma vediamo, nello specifico <strong>che cosa sono i 60 CFU e come devono fare i nostri docenti per potersi abilitare<\/strong> <strong>alla professione. <\/strong><\/p>\n\n\n\n<h2>Cosa sono i 60 CFU <\/h2>\n\n\n\n<p><strong>L\u2019introduzione dei 60 CFU \u00e8 una delle principali novit\u00e0 previste all\u2019interno del&nbsp;<a href=\"https:\/\/www.miur.gov.it\/web\/guest\/-\/via-libera-in-consiglio-dei-ministri-alle-nuove-regole-per-la-formazione-e-il-reclutamento-dei-docenti-bianchi-percorsi-chiari-per-chi-vuole-insegnare\">decreto legge n. 36 del 30 aprile 2022<\/a>.<\/strong><\/p>\n\n\n\n<p>Questo provvedimento, approvato dal Consiglio dei Ministri lo scorso 21 aprile nell\u2019ambito del maxi decreto del PNRR (sezione istruzione), \u00e8 stato fortemente voluto dal Ministro dell&#8217;Istruzione Patrizio Bianchi.<\/p>\n\n\n\n<p>Si tratta di una nuova riforma relativa alle regole per la&nbsp;<strong>formazione iniziale e continua<\/strong>&nbsp;e per il nuovo reclutamento docenti.<\/p>\n\n\n\n<p>Vediamo quindi di approfondire l&#8217;argomento dei 60 CFU e di dare qualche utile notizia ai nostri aspiranti docenti.<\/p>\n\n\n\n<p><strong>I 60 CFU sono dei Crediti formativi universitari nelle discipline antropo-psico-pedagogiche e nelle metodologie e tecnologie didattiche e linguistiche. <\/strong><\/p>\n\n\n\n<p>In sostanza, si tratta di veri e propri percorsi universitari\/accademici abilitanti di&nbsp;<strong>formazione iniziale<\/strong>. <br>Esattamente come i 24 CFU, essi rappresentano un requisito di accesso imprescindibile al concorso ordinario.&nbsp;<\/p>\n\n\n\n<p>Ma c\u2019\u00e8 una novit\u00e0 che riguarda l&#8217;acquisizione di questi famosi crediti.<\/p>\n\n\n\n<p>Una novit\u00e0 che tutti i docenti dovrebbero conoscere&#8230;<\/p>\n\n\n\n<h2>I 60 CFU saranno a numero chiuso?<\/h2>\n\n\n\n<p><em>I 60 CFU saranno a numero chiuso?<\/em><\/p>\n\n\n\n<p>\u00c8 questa la domanda che molti aspiranti si stanno ponendo in questi ultimi giorni, da quando la <strong>Riforma Bianchi <\/strong>\u00e8 stata approvata.<\/p>\n\n\n\n<p>Dunque, dal momento che il Ministero dovr\u00e0 comunicare alle universit\u00e0 il fabbisogno di insegnanti necessari e richiesti, \u00e8 una conseguenza il fatto che <strong>il percorso dei 60 CFU non potr\u00e0 essere aperto a tutti. <\/strong><\/p>\n\n\n\n<p><strong>A definire il numero di docenti che vi potranno accedere, sar\u00e0 proprio il numero dato da quel fabbisogno stesso di docenti.<\/strong><\/p>\n\n\n\n<p>Leggi le ultime notizie:<\/p>\n\n\n\n<ul><li><a href=\"https:\/\/www.docenti.it\/blog\/supplenze-da-gps-chi-deve-inoltrare-la-domanda-a-luglio\/\">Supplenze da GPS: chi deve inoltrare la domanda a luglio?<\/a><\/li><li><a href=\"https:\/\/www.docenti.it\/blog\/bonus-200-euro-ecco-quando-verra-erogato\/\">Bonus 200 euro: ecco quando verr\u00e0 erogato<\/a><\/li><li><a href=\"https:\/\/www.docenti.it\/blog\/riforma-bianchi-che-cosa-prevedono-i-percorsi-abilitanti\/\">Riforma Bianchi: che cosa prevedono i percorsi abilitanti<\/a><\/li><li><a href=\"https:\/\/www.docenti.it\/blog\/nuovo-reclutamento-docenti-2022-come-si-diventa-insegnanti-i-3-step\/\">Nuovo reclutamento docenti 2022: come si diventa insegnanti? I 3 step<\/a><\/li><\/ul>\n\n\n\n<p>E seguici su&nbsp;<strong><a href=\"https:\/\/www.facebook.com\/docenti.it\" target=\"_blank\" rel=\"noreferrer noopener\">Facebook<\/a><\/strong>&nbsp;e&nbsp;<a href=\"https:\/\/www.instagram.com\/docenti.it\/\" target=\"_blank\" rel=\"noreferrer noopener\"><strong>Instagram<\/strong><\/a>.<\/p>\n\n\n\n<p>Photo credit:&nbsp;<a href=\"https:\/\/pixabay.com\/\" target=\"_blank\" rel=\"noreferrer noopener\">pixabay.com<\/a><\/p>\n","protected":false},"excerpt":{"rendered":"<p>Il percorso che prevede il conseguimento dei 60 CFU del nuovo reclutamento docenti sar\u00e0 [&hellip;]<\/p>\n","protected":false},"author":21,"featured_media":28952,"comment_status":"open","ping_status":"open","sticky":false,"template":"","format":"standard","meta":[],"categories":[496,4],"tags":[],"yoast_head":"<!-- This site is optimized with the Yoast SEO plugin v20.4 - https:\/\/yoast.com\/wordpress\/plugins\/seo\/ -->\n<title>Nuovo reclutamento docenti: i 60 CFU saranno a numero chiuso?<\/title>\n<meta name=\"description\" content=\"Il percorso che prevede il conseguimento dei 60 CFU del nuovo reclutamento docenti sar\u00e0 a numero chiuso? Lo vediamo subito.\" \/>\n<meta name=\"robots\" content=\"index, follow, max-snippet:-1, max-image-preview:large, max-video-preview:-1\" \/>\n<link rel=\"canonical\" href=\"https:\/\/www.docenti.it\/blog\/nuovo-reclutamento-docenti-i-60-cfu-saranno-a-numero-chiuso\/\" \/>\n<meta property=\"og:locale\" content=\"it_IT\" \/>\n<meta property=\"og:type\" content=\"article\" \/>\n<meta property=\"og:title\" content=\"Nuovo reclutamento docenti: i 60 CFU saranno a numero chiuso?\" \/>\n<meta property=\"og:description\" content=\"Il percorso che prevede il conseguimento dei 60 CFU del nuovo reclutamento docenti sar\u00e0 a numero chiuso? Lo vediamo subito.\" \/>\n<meta property=\"og:url\" content=\"https:\/\/www.docenti.it\/blog\/nuovo-reclutamento-docenti-i-60-cfu-saranno-a-numero-chiuso\/\" \/>\n<meta property=\"og:site_name\" content=\"Blog | Docenti.it\" \/>\n<meta property=\"article:publisher\" content=\"https:\/\/www.facebook.com\/docenti.it\" \/>\n<meta property=\"article:author\" content=\"https:\/\/www.facebook.com\/profile.php?id=1555867670\" \/>\n<meta property=\"article:published_time\" content=\"2022-07-07T16:36:00+00:00\" \/>\n<meta property=\"article:modified_time\" content=\"2022-07-08T13:27:40+00:00\" \/>\n<meta property=\"og:image\" content=\"https:\/\/www.docenti.it\/blog\/wp-content\/uploads\/2022\/07\/degree-g62bd81cf9_640.jpg\" \/>\n\t<meta property=\"og:image:width\" content=\"640\" \/>\n\t<meta property=\"og:image:height\" content=\"371\" \/>\n\t<meta property=\"og:image:type\" content=\"image\/jpeg\" \/>\n<meta name=\"author\" content=\"Martina Vaggi\" \/>\n<meta name=\"twitter:card\" content=\"summary_large_image\" \/>\n<meta name=\"twitter:label1\" content=\"Written by\" \/>\n\t<meta name=\"twitter:data1\" content=\"Martina Vaggi\" \/>\n\t<meta name=\"twitter:label2\" content=\"Est. reading time\" \/>\n\t<meta name=\"twitter:data2\" content=\"3 minuti\" \/>\n<script type=\"application\/ld+json\" class=\"yoast-schema-graph\">{\"@context\":\"https:\/\/schema.org\",\"@graph\":[{\"@type\":\"Article\",\"@id\":\"https:\/\/www.docenti.it\/blog\/nuovo-reclutamento-docenti-i-60-cfu-saranno-a-numero-chiuso\/#article\",\"isPartOf\":{\"@id\":\"https:\/\/www.docenti.it\/blog\/nuovo-reclutamento-docenti-i-60-cfu-saranno-a-numero-chiuso\/\"},\"author\":{\"name\":\"Martina Vaggi\",\"@id\":\"https:\/\/www.docenti.it\/blog\/#\/schema\/person\/99c2fdaf54e96829fe4ed44da8233688\"},\"headline\":\"Nuovo reclutamento docenti: i 60 CFU saranno a numero chiuso?\",\"datePublished\":\"2022-07-07T16:36:00+00:00\",\"dateModified\":\"2022-07-08T13:27:40+00:00\",\"mainEntityOfPage\":{\"@id\":\"https:\/\/www.docenti.it\/blog\/nuovo-reclutamento-docenti-i-60-cfu-saranno-a-numero-chiuso\/\"},\"wordCount\":398,\"commentCount\":0,\"publisher\":{\"@id\":\"https:\/\/www.docenti.it\/blog\/#organization\"},\"articleSection\":[\"Abilitazione insegnamento\",\"News\"],\"inLanguage\":\"it-IT\",\"potentialAction\":[{\"@type\":\"CommentAction\",\"name\":\"Comment\",\"target\":[\"https:\/\/www.docenti.it\/blog\/nuovo-reclutamento-docenti-i-60-cfu-saranno-a-numero-chiuso\/#respond\"]}]},{\"@type\":\"WebPage\",\"@id\":\"https:\/\/www.docenti.it\/blog\/nuovo-reclutamento-docenti-i-60-cfu-saranno-a-numero-chiuso\/\",\"url\":\"https:\/\/www.docenti.it\/blog\/nuovo-reclutamento-docenti-i-60-cfu-saranno-a-numero-chiuso\/\",\"name\":\"Nuovo reclutamento docenti: i 60 CFU saranno a numero chiuso?\",\"isPartOf\":{\"@id\":\"https:\/\/www.docenti.it\/blog\/#website\"},\"datePublished\":\"2022-07-07T16:36:00+00:00\",\"dateModified\":\"2022-07-08T13:27:40+00:00\",\"description\":\"Il percorso che prevede il conseguimento dei 60 CFU del nuovo reclutamento docenti sar\u00e0 a numero chiuso? Lo vediamo subito.\",\"breadcrumb\":{\"@id\":\"https:\/\/www.docenti.it\/blog\/nuovo-reclutamento-docenti-i-60-cfu-saranno-a-numero-chiuso\/#breadcrumb\"},\"inLanguage\":\"it-IT\",\"potentialAction\":[{\"@type\":\"ReadAction\",\"target\":[\"https:\/\/www.docenti.it\/blog\/nuovo-reclutamento-docenti-i-60-cfu-saranno-a-numero-chiuso\/\"]}]},{\"@type\":\"BreadcrumbList\",\"@id\":\"https:\/\/www.docenti.it\/blog\/nuovo-reclutamento-docenti-i-60-cfu-saranno-a-numero-chiuso\/#breadcrumb\",\"itemListElement\":[{\"@type\":\"ListItem\",\"position\":1,\"name\":\"Home\",\"item\":\"https:\/\/www.docenti.it\/blog\/\"},{\"@type\":\"ListItem\",\"position\":2,\"name\":\"Nuovo reclutamento docenti: i 60 CFU saranno a numero chiuso?\"}]},{\"@type\":\"WebSite\",\"@id\":\"https:\/\/www.docenti.it\/blog\/#website\",\"url\":\"https:\/\/www.docenti.it\/blog\/\",\"name\":\"Blog | Docenti.it\",\"description\":\"Tutte le notizie e gli aggiornamenti dal mondo della scuola\",\"publisher\":{\"@id\":\"https:\/\/www.docenti.it\/blog\/#organization\"},\"potentialAction\":[{\"@type\":\"SearchAction\",\"target\":{\"@type\":\"EntryPoint\",\"urlTemplate\":\"https:\/\/www.docenti.it\/blog\/?s={search_term_string}\"},\"query-input\":\"required name=search_term_string\"}],\"inLanguage\":\"it-IT\"},{\"@type\":\"Organization\",\"@id\":\"https:\/\/www.docenti.it\/blog\/#organization\",\"name\":\"Blog | Docenti.it\",\"url\":\"https:\/\/www.docenti.it\/blog\/\",\"logo\":{\"@type\":\"ImageObject\",\"inLanguage\":\"it-IT\",\"@id\":\"https:\/\/www.docenti.it\/blog\/#\/schema\/logo\/image\/\",\"url\":\"https:\/\/www.docenti.it\/blog\/wp-content\/uploads\/2025\/06\/fb_mad_img.png\",\"contentUrl\":\"https:\/\/www.docenti.it\/blog\/wp-content\/uploads\/2025\/06\/fb_mad_img.png\",\"width\":1140,\"height\":620,\"caption\":\"Blog | Docenti.it\"},\"image\":{\"@id\":\"https:\/\/www.docenti.it\/blog\/#\/schema\/logo\/image\/\"},\"sameAs\":[\"https:\/\/www.facebook.com\/docenti.it\"]},{\"@type\":\"Person\",\"@id\":\"https:\/\/www.docenti.it\/blog\/#\/schema\/person\/99c2fdaf54e96829fe4ed44da8233688\",\"name\":\"Martina Vaggi\",\"image\":{\"@type\":\"ImageObject\",\"inLanguage\":\"it-IT\",\"@id\":\"https:\/\/www.docenti.it\/blog\/#\/schema\/person\/image\/\",\"url\":\"https:\/\/secure.gravatar.com\/avatar\/14a13197979873d693ad915d249e3f54?s=96&d=mm&r=g\",\"contentUrl\":\"https:\/\/secure.gravatar.com\/avatar\/14a13197979873d693ad915d249e3f54?s=96&d=mm&r=g\",\"caption\":\"Martina Vaggi\"},\"description\":\"Classe 1991, copywriter e scrittrice. Nata a Sale, un paesino in provincia di Alessandria. Scrive dall\u2019et\u00e0 di 10 anni. Nel 2015 si laurea in Lettere Moderne presso l\u2019universit\u00e0 di Pavia. Nel 2020 pubblica il suo primo libro \\\"Il diario del silenzio - Storie reali di quarantena\\\" che descrive il processo di cambiamento della vita di 40 persone ai tempi del Covid. Nel 2022 si trasferisce a San Marino per lavorare come copywriter per Docenti.it\",\"sameAs\":[\"https:\/\/pensierisurrealidigentecomune.com\/\",\"https:\/\/www.facebook.com\/profile.php?id=1555867670\",\"https:\/\/www.instagram.com\/martiggi91\/\",\"https:\/\/it.linkedin.com\/in\/martina-vaggi\",\"https:\/\/www.youtube.com\/results?search_query=martina+vaggi\"],\"url\":\"https:\/\/www.docenti.it\/blog\/author\/martina-vaggi\/\"}]}<\/script>\n<!-- \/ Yoast SEO plugin. -->","yoast_head_json":{"title":"Nuovo reclutamento docenti: i 60 CFU saranno a numero chiuso?","description":"Il percorso che prevede il conseguimento dei 60 CFU del nuovo reclutamento docenti sar\u00e0 a numero chiuso? Lo vediamo subito.","robots":{"index":"index","follow":"follow","max-snippet":"max-snippet:-1","max-image-preview":"max-image-preview:large","max-video-preview":"max-video-preview:-1"},"canonical":"https:\/\/www.docenti.it\/blog\/nuovo-reclutamento-docenti-i-60-cfu-saranno-a-numero-chiuso\/","og_locale":"it_IT","og_type":"article","og_title":"Nuovo reclutamento docenti: i 60 CFU saranno a numero chiuso?","og_description":"Il percorso che prevede il conseguimento dei 60 CFU del nuovo reclutamento docenti sar\u00e0 a numero chiuso? Lo vediamo subito.","og_url":"https:\/\/www.docenti.it\/blog\/nuovo-reclutamento-docenti-i-60-cfu-saranno-a-numero-chiuso\/","og_site_name":"Blog | Docenti.it","article_publisher":"https:\/\/www.facebook.com\/docenti.it","article_author":"https:\/\/www.facebook.com\/profile.php?id=1555867670","article_published_time":"2022-07-07T16:36:00+00:00","article_modified_time":"2022-07-08T13:27:40+00:00","og_image":[{"width":640,"height":371,"url":"https:\/\/www.docenti.it\/blog\/wp-content\/uploads\/2022\/07\/degree-g62bd81cf9_640.jpg","type":"image\/jpeg"}],"author":"Martina Vaggi","twitter_card":"summary_large_image","twitter_misc":{"Written by":"Martina Vaggi","Est. reading time":"3 minuti"},"schema":{"@context":"https:\/\/schema.org","@graph":[{"@type":"Article","@id":"https:\/\/www.docenti.it\/blog\/nuovo-reclutamento-docenti-i-60-cfu-saranno-a-numero-chiuso\/#article","isPartOf":{"@id":"https:\/\/www.docenti.it\/blog\/nuovo-reclutamento-docenti-i-60-cfu-saranno-a-numero-chiuso\/"},"author":{"name":"Martina Vaggi","@id":"https:\/\/www.docenti.it\/blog\/#\/schema\/person\/99c2fdaf54e96829fe4ed44da8233688"},"headline":"Nuovo reclutamento docenti: i 60 CFU saranno a numero chiuso?","datePublished":"2022-07-07T16:36:00+00:00","dateModified":"2022-07-08T13:27:40+00:00","mainEntityOfPage":{"@id":"https:\/\/www.docenti.it\/blog\/nuovo-reclutamento-docenti-i-60-cfu-saranno-a-numero-chiuso\/"},"wordCount":398,"commentCount":0,"publisher":{"@id":"https:\/\/www.docenti.it\/blog\/#organization"},"articleSection":["Abilitazione insegnamento","News"],"inLanguage":"it-IT","potentialAction":[{"@type":"CommentAction","name":"Comment","target":["https:\/\/www.docenti.it\/blog\/nuovo-reclutamento-docenti-i-60-cfu-saranno-a-numero-chiuso\/#respond"]}]},{"@type":"WebPage","@id":"https:\/\/www.docenti.it\/blog\/nuovo-reclutamento-docenti-i-60-cfu-saranno-a-numero-chiuso\/","url":"https:\/\/www.docenti.it\/blog\/nuovo-reclutamento-docenti-i-60-cfu-saranno-a-numero-chiuso\/","name":"Nuovo reclutamento docenti: i 60 CFU saranno a numero chiuso?","isPartOf":{"@id":"https:\/\/www.docenti.it\/blog\/#website"},"datePublished":"2022-07-07T16:36:00+00:00","dateModified":"2022-07-08T13:27:40+00:00","description":"Il percorso che prevede il conseguimento dei 60 CFU del nuovo reclutamento docenti sar\u00e0 a numero chiuso? Lo vediamo subito.","breadcrumb":{"@id":"https:\/\/www.docenti.it\/blog\/nuovo-reclutamento-docenti-i-60-cfu-saranno-a-numero-chiuso\/#breadcrumb"},"inLanguage":"it-IT","potentialAction":[{"@type":"ReadAction","target":["https:\/\/www.docenti.it\/blog\/nuovo-reclutamento-docenti-i-60-cfu-saranno-a-numero-chiuso\/"]}]},{"@type":"BreadcrumbList","@id":"https:\/\/www.docenti.it\/blog\/nuovo-reclutamento-docenti-i-60-cfu-saranno-a-numero-chiuso\/#breadcrumb","itemListElement":[{"@type":"ListItem","position":1,"name":"Home","item":"https:\/\/www.docenti.it\/blog\/"},{"@type":"ListItem","position":2,"name":"Nuovo reclutamento docenti: i 60 CFU saranno a numero chiuso?"}]},{"@type":"WebSite","@id":"https:\/\/www.docenti.it\/blog\/#website","url":"https:\/\/www.docenti.it\/blog\/","name":"Blog | Docenti.it","description":"Tutte le notizie e gli aggiornamenti dal mondo della scuola","publisher":{"@id":"https:\/\/www.docenti.it\/blog\/#organization"},"potentialAction":[{"@type":"SearchAction","target":{"@type":"EntryPoint","urlTemplate":"https:\/\/www.docenti.it\/blog\/?s={search_term_string}"},"query-input":"required name=search_term_string"}],"inLanguage":"it-IT"},{"@type":"Organization","@id":"https:\/\/www.docenti.it\/blog\/#organization","name":"Blog | Docenti.it","url":"https:\/\/www.docenti.it\/blog\/","logo":{"@type":"ImageObject","inLanguage":"it-IT","@id":"https:\/\/www.docenti.it\/blog\/#\/schema\/logo\/image\/","url":"https:\/\/www.docenti.it\/blog\/wp-content\/uploads\/2025\/06\/fb_mad_img.png","contentUrl":"https:\/\/www.docenti.it\/blog\/wp-content\/uploads\/2025\/06\/fb_mad_img.png","width":1140,"height":620,"caption":"Blog | Docenti.it"},"image":{"@id":"https:\/\/www.docenti.it\/blog\/#\/schema\/logo\/image\/"},"sameAs":["https:\/\/www.facebook.com\/docenti.it"]},{"@type":"Person","@id":"https:\/\/www.docenti.it\/blog\/#\/schema\/person\/99c2fdaf54e96829fe4ed44da8233688","name":"Martina Vaggi","image":{"@type":"ImageObject","inLanguage":"it-IT","@id":"https:\/\/www.docenti.it\/blog\/#\/schema\/person\/image\/","url":"https:\/\/secure.gravatar.com\/avatar\/14a13197979873d693ad915d249e3f54?s=96&d=mm&r=g","contentUrl":"https:\/\/secure.gravatar.com\/avatar\/14a13197979873d693ad915d249e3f54?s=96&d=mm&r=g","caption":"Martina Vaggi"},"description":"Classe 1991, copywriter e scrittrice. Nata a Sale, un paesino in provincia di Alessandria. Scrive dall\u2019et\u00e0 di 10 anni. Nel 2015 si laurea in Lettere Moderne presso l\u2019universit\u00e0 di Pavia. Nel 2020 pubblica il suo primo libro \"Il diario del silenzio - Storie reali di quarantena\" che descrive il processo di cambiamento della vita di 40 persone ai tempi del Covid. Nel 2022 si trasferisce a San Marino per lavorare come copywriter per Docenti.it","sameAs":["https:\/\/pensierisurrealidigentecomune.com\/","https:\/\/www.facebook.com\/profile.php?id=1555867670","https:\/\/www.instagram.com\/martiggi91\/","https:\/\/it.linkedin.com\/in\/martina-vaggi","https:\/\/www.youtube.com\/results?search_query=martina+vaggi"],"url":"https:\/\/www.docenti.it\/blog\/author\/martina-vaggi\/"}]}},"_links":{"self":[{"href":"https:\/\/www.docenti.it\/blog\/wp-json\/wp\/v2\/posts\/28945"}],"collection":[{"href":"https:\/\/www.docenti.it\/blog\/wp-json\/wp\/v2\/posts"}],"about":[{"href":"https:\/\/www.docenti.it\/blog\/wp-json\/wp\/v2\/types\/post"}],"author":[{"embeddable":true,"href":"https:\/\/www.docenti.it\/blog\/wp-json\/wp\/v2\/users\/21"}],"replies":[{"embeddable":true,"href":"https:\/\/www.docenti.it\/blog\/wp-json\/wp\/v2\/comments?post=28945"}],"version-history":[{"count":15,"href":"https:\/\/www.docenti.it\/blog\/wp-json\/wp\/v2\/posts\/28945\/revisions"}],"predecessor-version":[{"id":28969,"href":"https:\/\/www.docenti.it\/blog\/wp-json\/wp\/v2\/posts\/28945\/revisions\/28969"}],"wp:featuredmedia":[{"embeddable":true,"href":"https:\/\/www.docenti.it\/blog\/wp-json\/wp\/v2\/media\/28952"}],"wp:attachment":[{"href":"https:\/\/www.docenti.it\/blog\/wp-json\/wp\/v2\/media?parent=28945"}],"wp:term":[{"taxonomy":"category","embeddable":true,"href":"https:\/\/www.docenti.it\/blog\/wp-json\/wp\/v2\/categories?post=28945"},{"taxonomy":"post_tag","embeddable":true,"href":"https:\/\/www.docenti.it\/blog\/wp-json\/wp\/v2\/tags?post=28945"}],"curies":[{"name":"wp","href":"https:\/\/api.w.org\/{rel}","templated":true}]}}