{"id":30392,"date":"2022-07-26T11:02:12","date_gmt":"2022-07-26T09:02:12","guid":{"rendered":"https:\/\/www.docenti.it\/blog\/?p=30392"},"modified":"2022-07-26T11:02:14","modified_gmt":"2022-07-26T09:02:14","slug":"riforma-bianchi-chi-ha-gia-abilitazione-infanzia-primaria-puo-accedere-ai-percorsi","status":"publish","type":"post","link":"https:\/\/www.docenti.it\/blog\/riforma-bianchi-chi-ha-gia-abilitazione-infanzia-primaria-puo-accedere-ai-percorsi\/","title":{"rendered":"Riforma Bianchi: chi ha gi\u00e0 abilitazione infanzia\/primaria pu\u00f2 accedere ai percorsi?"},"content":{"rendered":"\n<p>Le indicazioni date dalla <strong>Riforma Bianchi<\/strong> sono tutt&#8217;ora molto confuse. <br>Per questo motivo, le domande dei docenti sono sempre pi\u00f9 frequenti. <\/p>\n\n\n\n<p>Oggi cerchiamo di fare chiarezza su <strong>chi \u00e8 gi\u00e0 in possesso dell&#8217;abilitazione infanzia e primaria<\/strong>: pu\u00f2 accedere ai percorsi previsti dal nuovo reclutamento?<\/p>\n\n\n\n<!--more-->\n\n\n\n<h2>Riforma Bianchi: le ultime novit\u00e0 <\/h2>\n\n\n\n<p>Molta confusione aleggia intorno alla <strong>Riforma Bianchi<\/strong>, che ha sancito il nuovo reclutamento docenti. <\/p>\n\n\n\n<p>Tra nuovi percorsi abilitanti, tirocini (diretti e indiretti) e valanghe di CFU da acquisire, gli aspiranti docenti si ritrovano, ancora una volta, sospesi nel vuoto: senza sapere n\u00e9 cosa fare n\u00e9 come muoversi. <\/p>\n\n\n\n<p>Intrappolati in un lungo percorso ad ostacoli, il cui traguardo \u00e8 molto, molto, lontano. <\/p>\n\n\n\n<p>Oltre a questo, c\u2019\u00e8 da considerare anche <strong>la caduta del Governo Draghi.<\/strong> <\/p>\n\n\n\n<p><em>Da adesso in poi, che cosa succeder\u00e0?<\/em><\/p>\n\n\n\n<p>Sappiamo che \u00e8 atteso il nuovo Decreto che regoler\u00e0 il nuovo reclutamento docenti.<br>Questo DPCM dovr\u00e0 uscire entro fine luglio.<\/p>\n\n\n\n<p><em>Ma uscir\u00e0?<\/em><\/p>\n\n\n\n<p>Quello che tutti noi ci auspichiamo \u00e8 che il governo non decida di sottoporre il testo di questa Riforma (gi\u00e0 confusionario) ad ulteriori modifiche. <\/p>\n\n\n\n<p>Ma mentre aspettiamo il Decreto&#8230; rispondiamo ad alcuni dubbi dei nostri aspiranti docenti.<\/p>\n\n\n\n<p>In questo articolo affrontiamo<strong> le domande relative ai docenti di infanzia e primaria<\/strong>.<\/p>\n\n\n\n<h2>Chi ha abilitazione infanzia\/primaria pu\u00f2 accedere ai percorsi?<\/h2>\n\n\n\n<p class=\"has-text-align-left\"><em>Abilitazione primaria e infanzia: chi possiede gi\u00e0 l&#8217;abilitazione e una laurea che conferisce accesso ad una CDC di I o II grado, pu\u00f2 accedere a questi percorsi?<\/em><\/p>\n\n\n\n<p>E questa \u00e8 una delle tante domande che ci vengono poste, tutti i giorni, dai nostri confusi aspiranti docenti.<br>Ed \u00e8 la prima che andiamo ad analizzare.<\/p>\n\n\n\n<p>La risposta a questa domanda \u00e8 Si.<\/p>\n\n\n\n<p><strong>I docenti di infanzia e primaria devono essere abilitati per effettuare un passaggio di ruolo. <\/strong><\/p>\n\n\n\n<p>Ma, come sostengono i sindacati, questa nuova forma di reclutamento, voluto dalla Riforma Bianchi rappresenta un percorso lasciato a met\u00e0. <\/p>\n\n\n\n<p>Questo perch\u00e9 comunque i docenti abilitati su infanzia e primaria dovranno acquisire i 30 CFU (e non 60). <\/p>\n\n\n\n<p><em>Ma&#8230;<\/em><\/p>\n\n\n\n<p>Il problema \u00e8 che non c\u2019\u00e8 una via preferenziale o una riserva dei posti e questa \u00e8 una contraddizione.<\/p>\n\n\n\n<p>Ma veniamo ora ad un&#8217;altra domanda:<\/p>\n\n\n\n<p><em>Sono laureata in Scienze della formazione primaria: devo acquisire i 30 CFU pur avendone di pi\u00f9 in Scienze della formazione primaria?<\/em><\/p>\n\n\n\n<p>Coloro che dispongono gi\u00e0 di una abilitazione per altra CdC o per altro grado (in questo caso, per altro grado di scuola) e vogliano conseguire un\u2019ulteriore abilitazione, <strong>devono conseguire anche i 30 CFU.<\/strong><\/p>\n\n\n\n<p>Il contenuto di questi CFU deve essere dichiarato da quel famoso DPCM che ancora deve uscire.<\/p>\n\n\n\n<p>Seguiranno aggiornamenti.<\/p>\n\n\n\n<p>Leggi le notizie correlate:<\/p>\n\n\n\n<ul><li><a href=\"https:\/\/www.docenti.it\/blog\/nuovo-reclutamento-docenti-chi-puo-partecipare-ai-concorsi\/\">Nuovo reclutamento docenti: chi pu\u00f2 partecipare ai concorsi?<\/a><\/li><li><a href=\"https:\/\/www.docenti.it\/blog\/nuovo-reclutamento-docenti-i-60-cfu-riguardano-anche-la-mad\/\">Nuovo reclutamento docenti: i 60 CFU riguardano anche la MAD?<\/a><\/li><li><a href=\"https:\/\/www.docenti.it\/blog\/nuovo-reclutamento-docenti-cosa-stabilira-il-decreto-del-31-luglio\/\">Nuovo reclutamento docenti: cosa stabilir\u00e0 il decreto del 31 luglio<\/a><\/li><\/ul>\n\n\n\n<p>E seguici su&nbsp;<strong><a href=\"https:\/\/www.facebook.com\/docenti.it\" target=\"_blank\" rel=\"noreferrer noopener\">Facebook<\/a><\/strong>&nbsp;e&nbsp;<a href=\"https:\/\/www.instagram.com\/docenti.it\/\" target=\"_blank\" rel=\"noreferrer noopener\"><strong>Instagram<\/strong><\/a>.<\/p>\n\n\n\n<p>Photo credit:&nbsp;<a href=\"https:\/\/pixabay.com\/\" target=\"_blank\" rel=\"noreferrer noopener\">pixabay.com<\/a><\/p>\n","protected":false},"excerpt":{"rendered":"<p>Le indicazioni date dalla Riforma Bianchi sono tutt&#8217;ora molto confuse. Per questo motivo, le [&hellip;]<\/p>\n","protected":false},"author":21,"featured_media":30395,"comment_status":"open","ping_status":"open","sticky":false,"template":"","format":"standard","meta":[],"categories":[4],"tags":[],"yoast_head":"<!-- This site is optimized with the Yoast SEO plugin v20.4 - https:\/\/yoast.com\/wordpress\/plugins\/seo\/ -->\n<title>Riforma Bianchi: chi ha gi\u00e0 abilitazione infanzia\/primaria pu\u00f2 accedere ai percorsi?<\/title>\n<meta name=\"description\" content=\"Le indicazioni date dalla Riforma Bianchi sono tutt&#039;ora molto confuse. Oggi cerchiamo di fare chiarezza su chi ha gi\u00e0 l&#039;abilitazione.\" \/>\n<meta name=\"robots\" content=\"index, follow, max-snippet:-1, max-image-preview:large, max-video-preview:-1\" \/>\n<link rel=\"canonical\" href=\"https:\/\/www.docenti.it\/blog\/riforma-bianchi-chi-ha-gia-abilitazione-infanzia-primaria-puo-accedere-ai-percorsi\/\" \/>\n<meta property=\"og:locale\" content=\"it_IT\" \/>\n<meta property=\"og:type\" content=\"article\" \/>\n<meta property=\"og:title\" content=\"Riforma Bianchi: chi ha gi\u00e0 abilitazione infanzia\/primaria pu\u00f2 accedere ai percorsi?\" \/>\n<meta property=\"og:description\" content=\"Le indicazioni date dalla Riforma Bianchi sono tutt&#039;ora molto confuse. Oggi cerchiamo di fare chiarezza su chi ha gi\u00e0 l&#039;abilitazione.\" \/>\n<meta property=\"og:url\" content=\"https:\/\/www.docenti.it\/blog\/riforma-bianchi-chi-ha-gia-abilitazione-infanzia-primaria-puo-accedere-ai-percorsi\/\" \/>\n<meta property=\"og:site_name\" content=\"Blog | Docenti.it\" \/>\n<meta property=\"article:publisher\" content=\"https:\/\/www.facebook.com\/docenti.it\" \/>\n<meta property=\"article:author\" content=\"https:\/\/www.facebook.com\/profile.php?id=1555867670\" \/>\n<meta property=\"article:published_time\" content=\"2022-07-26T09:02:12+00:00\" \/>\n<meta property=\"article:modified_time\" content=\"2022-07-26T09:02:14+00:00\" \/>\n<meta property=\"og:image\" content=\"https:\/\/www.docenti.it\/blog\/wp-content\/uploads\/2022\/07\/crayons-g2340f6ca8_640.jpg\" \/>\n\t<meta property=\"og:image:width\" content=\"640\" \/>\n\t<meta property=\"og:image:height\" content=\"423\" \/>\n\t<meta property=\"og:image:type\" content=\"image\/jpeg\" \/>\n<meta name=\"author\" content=\"Martina Vaggi\" \/>\n<meta name=\"twitter:card\" content=\"summary_large_image\" \/>\n<meta name=\"twitter:label1\" content=\"Written by\" \/>\n\t<meta name=\"twitter:data1\" content=\"Martina Vaggi\" \/>\n\t<meta name=\"twitter:label2\" content=\"Est. reading time\" \/>\n\t<meta name=\"twitter:data2\" content=\"3 minuti\" \/>\n<script type=\"application\/ld+json\" class=\"yoast-schema-graph\">{\"@context\":\"https:\/\/schema.org\",\"@graph\":[{\"@type\":\"Article\",\"@id\":\"https:\/\/www.docenti.it\/blog\/riforma-bianchi-chi-ha-gia-abilitazione-infanzia-primaria-puo-accedere-ai-percorsi\/#article\",\"isPartOf\":{\"@id\":\"https:\/\/www.docenti.it\/blog\/riforma-bianchi-chi-ha-gia-abilitazione-infanzia-primaria-puo-accedere-ai-percorsi\/\"},\"author\":{\"name\":\"Martina Vaggi\",\"@id\":\"https:\/\/www.docenti.it\/blog\/#\/schema\/person\/99c2fdaf54e96829fe4ed44da8233688\"},\"headline\":\"Riforma Bianchi: chi ha gi\u00e0 abilitazione infanzia\/primaria pu\u00f2 accedere ai percorsi?\",\"datePublished\":\"2022-07-26T09:02:12+00:00\",\"dateModified\":\"2022-07-26T09:02:14+00:00\",\"mainEntityOfPage\":{\"@id\":\"https:\/\/www.docenti.it\/blog\/riforma-bianchi-chi-ha-gia-abilitazione-infanzia-primaria-puo-accedere-ai-percorsi\/\"},\"wordCount\":466,\"commentCount\":0,\"publisher\":{\"@id\":\"https:\/\/www.docenti.it\/blog\/#organization\"},\"articleSection\":[\"News\"],\"inLanguage\":\"it-IT\",\"potentialAction\":[{\"@type\":\"CommentAction\",\"name\":\"Comment\",\"target\":[\"https:\/\/www.docenti.it\/blog\/riforma-bianchi-chi-ha-gia-abilitazione-infanzia-primaria-puo-accedere-ai-percorsi\/#respond\"]}]},{\"@type\":\"WebPage\",\"@id\":\"https:\/\/www.docenti.it\/blog\/riforma-bianchi-chi-ha-gia-abilitazione-infanzia-primaria-puo-accedere-ai-percorsi\/\",\"url\":\"https:\/\/www.docenti.it\/blog\/riforma-bianchi-chi-ha-gia-abilitazione-infanzia-primaria-puo-accedere-ai-percorsi\/\",\"name\":\"Riforma Bianchi: chi ha gi\u00e0 abilitazione infanzia\/primaria pu\u00f2 accedere ai percorsi?\",\"isPartOf\":{\"@id\":\"https:\/\/www.docenti.it\/blog\/#website\"},\"datePublished\":\"2022-07-26T09:02:12+00:00\",\"dateModified\":\"2022-07-26T09:02:14+00:00\",\"description\":\"Le indicazioni date dalla Riforma Bianchi sono tutt'ora molto confuse. Oggi cerchiamo di fare chiarezza su chi ha gi\u00e0 l'abilitazione.\",\"breadcrumb\":{\"@id\":\"https:\/\/www.docenti.it\/blog\/riforma-bianchi-chi-ha-gia-abilitazione-infanzia-primaria-puo-accedere-ai-percorsi\/#breadcrumb\"},\"inLanguage\":\"it-IT\",\"potentialAction\":[{\"@type\":\"ReadAction\",\"target\":[\"https:\/\/www.docenti.it\/blog\/riforma-bianchi-chi-ha-gia-abilitazione-infanzia-primaria-puo-accedere-ai-percorsi\/\"]}]},{\"@type\":\"BreadcrumbList\",\"@id\":\"https:\/\/www.docenti.it\/blog\/riforma-bianchi-chi-ha-gia-abilitazione-infanzia-primaria-puo-accedere-ai-percorsi\/#breadcrumb\",\"itemListElement\":[{\"@type\":\"ListItem\",\"position\":1,\"name\":\"Home\",\"item\":\"https:\/\/www.docenti.it\/blog\/\"},{\"@type\":\"ListItem\",\"position\":2,\"name\":\"Riforma Bianchi: chi ha gi\u00e0 abilitazione infanzia\/primaria pu\u00f2 accedere ai percorsi?\"}]},{\"@type\":\"WebSite\",\"@id\":\"https:\/\/www.docenti.it\/blog\/#website\",\"url\":\"https:\/\/www.docenti.it\/blog\/\",\"name\":\"Blog | Docenti.it\",\"description\":\"Tutte le notizie e gli aggiornamenti dal mondo della scuola\",\"publisher\":{\"@id\":\"https:\/\/www.docenti.it\/blog\/#organization\"},\"potentialAction\":[{\"@type\":\"SearchAction\",\"target\":{\"@type\":\"EntryPoint\",\"urlTemplate\":\"https:\/\/www.docenti.it\/blog\/?s={search_term_string}\"},\"query-input\":\"required name=search_term_string\"}],\"inLanguage\":\"it-IT\"},{\"@type\":\"Organization\",\"@id\":\"https:\/\/www.docenti.it\/blog\/#organization\",\"name\":\"Blog | Docenti.it\",\"url\":\"https:\/\/www.docenti.it\/blog\/\",\"logo\":{\"@type\":\"ImageObject\",\"inLanguage\":\"it-IT\",\"@id\":\"https:\/\/www.docenti.it\/blog\/#\/schema\/logo\/image\/\",\"url\":\"https:\/\/www.docenti.it\/blog\/wp-content\/uploads\/2025\/06\/fb_mad_img.png\",\"contentUrl\":\"https:\/\/www.docenti.it\/blog\/wp-content\/uploads\/2025\/06\/fb_mad_img.png\",\"width\":1140,\"height\":620,\"caption\":\"Blog | Docenti.it\"},\"image\":{\"@id\":\"https:\/\/www.docenti.it\/blog\/#\/schema\/logo\/image\/\"},\"sameAs\":[\"https:\/\/www.facebook.com\/docenti.it\"]},{\"@type\":\"Person\",\"@id\":\"https:\/\/www.docenti.it\/blog\/#\/schema\/person\/99c2fdaf54e96829fe4ed44da8233688\",\"name\":\"Martina Vaggi\",\"image\":{\"@type\":\"ImageObject\",\"inLanguage\":\"it-IT\",\"@id\":\"https:\/\/www.docenti.it\/blog\/#\/schema\/person\/image\/\",\"url\":\"https:\/\/secure.gravatar.com\/avatar\/14a13197979873d693ad915d249e3f54?s=96&d=mm&r=g\",\"contentUrl\":\"https:\/\/secure.gravatar.com\/avatar\/14a13197979873d693ad915d249e3f54?s=96&d=mm&r=g\",\"caption\":\"Martina Vaggi\"},\"description\":\"Classe 1991, copywriter e scrittrice. Nata a Sale, un paesino in provincia di Alessandria. Scrive dall\u2019et\u00e0 di 10 anni. Nel 2015 si laurea in Lettere Moderne presso l\u2019universit\u00e0 di Pavia. Nel 2020 pubblica il suo primo libro \\\"Il diario del silenzio - Storie reali di quarantena\\\" che descrive il processo di cambiamento della vita di 40 persone ai tempi del Covid. Nel 2022 si trasferisce a San Marino per lavorare come copywriter per Docenti.it\",\"sameAs\":[\"https:\/\/pensierisurrealidigentecomune.com\/\",\"https:\/\/www.facebook.com\/profile.php?id=1555867670\",\"https:\/\/www.instagram.com\/martiggi91\/\",\"https:\/\/it.linkedin.com\/in\/martina-vaggi\",\"https:\/\/www.youtube.com\/results?search_query=martina+vaggi\"],\"url\":\"https:\/\/www.docenti.it\/blog\/author\/martina-vaggi\/\"}]}<\/script>\n<!-- \/ Yoast SEO plugin. -->","yoast_head_json":{"title":"Riforma Bianchi: chi ha gi\u00e0 abilitazione infanzia\/primaria pu\u00f2 accedere ai percorsi?","description":"Le indicazioni date dalla Riforma Bianchi sono tutt'ora molto confuse. Oggi cerchiamo di fare chiarezza su chi ha gi\u00e0 l'abilitazione.","robots":{"index":"index","follow":"follow","max-snippet":"max-snippet:-1","max-image-preview":"max-image-preview:large","max-video-preview":"max-video-preview:-1"},"canonical":"https:\/\/www.docenti.it\/blog\/riforma-bianchi-chi-ha-gia-abilitazione-infanzia-primaria-puo-accedere-ai-percorsi\/","og_locale":"it_IT","og_type":"article","og_title":"Riforma Bianchi: chi ha gi\u00e0 abilitazione infanzia\/primaria pu\u00f2 accedere ai percorsi?","og_description":"Le indicazioni date dalla Riforma Bianchi sono tutt'ora molto confuse. Oggi cerchiamo di fare chiarezza su chi ha gi\u00e0 l'abilitazione.","og_url":"https:\/\/www.docenti.it\/blog\/riforma-bianchi-chi-ha-gia-abilitazione-infanzia-primaria-puo-accedere-ai-percorsi\/","og_site_name":"Blog | Docenti.it","article_publisher":"https:\/\/www.facebook.com\/docenti.it","article_author":"https:\/\/www.facebook.com\/profile.php?id=1555867670","article_published_time":"2022-07-26T09:02:12+00:00","article_modified_time":"2022-07-26T09:02:14+00:00","og_image":[{"width":640,"height":423,"url":"https:\/\/www.docenti.it\/blog\/wp-content\/uploads\/2022\/07\/crayons-g2340f6ca8_640.jpg","type":"image\/jpeg"}],"author":"Martina Vaggi","twitter_card":"summary_large_image","twitter_misc":{"Written by":"Martina Vaggi","Est. reading time":"3 minuti"},"schema":{"@context":"https:\/\/schema.org","@graph":[{"@type":"Article","@id":"https:\/\/www.docenti.it\/blog\/riforma-bianchi-chi-ha-gia-abilitazione-infanzia-primaria-puo-accedere-ai-percorsi\/#article","isPartOf":{"@id":"https:\/\/www.docenti.it\/blog\/riforma-bianchi-chi-ha-gia-abilitazione-infanzia-primaria-puo-accedere-ai-percorsi\/"},"author":{"name":"Martina Vaggi","@id":"https:\/\/www.docenti.it\/blog\/#\/schema\/person\/99c2fdaf54e96829fe4ed44da8233688"},"headline":"Riforma Bianchi: chi ha gi\u00e0 abilitazione infanzia\/primaria pu\u00f2 accedere ai percorsi?","datePublished":"2022-07-26T09:02:12+00:00","dateModified":"2022-07-26T09:02:14+00:00","mainEntityOfPage":{"@id":"https:\/\/www.docenti.it\/blog\/riforma-bianchi-chi-ha-gia-abilitazione-infanzia-primaria-puo-accedere-ai-percorsi\/"},"wordCount":466,"commentCount":0,"publisher":{"@id":"https:\/\/www.docenti.it\/blog\/#organization"},"articleSection":["News"],"inLanguage":"it-IT","potentialAction":[{"@type":"CommentAction","name":"Comment","target":["https:\/\/www.docenti.it\/blog\/riforma-bianchi-chi-ha-gia-abilitazione-infanzia-primaria-puo-accedere-ai-percorsi\/#respond"]}]},{"@type":"WebPage","@id":"https:\/\/www.docenti.it\/blog\/riforma-bianchi-chi-ha-gia-abilitazione-infanzia-primaria-puo-accedere-ai-percorsi\/","url":"https:\/\/www.docenti.it\/blog\/riforma-bianchi-chi-ha-gia-abilitazione-infanzia-primaria-puo-accedere-ai-percorsi\/","name":"Riforma Bianchi: chi ha gi\u00e0 abilitazione infanzia\/primaria pu\u00f2 accedere ai percorsi?","isPartOf":{"@id":"https:\/\/www.docenti.it\/blog\/#website"},"datePublished":"2022-07-26T09:02:12+00:00","dateModified":"2022-07-26T09:02:14+00:00","description":"Le indicazioni date dalla Riforma Bianchi sono tutt'ora molto confuse. Oggi cerchiamo di fare chiarezza su chi ha gi\u00e0 l'abilitazione.","breadcrumb":{"@id":"https:\/\/www.docenti.it\/blog\/riforma-bianchi-chi-ha-gia-abilitazione-infanzia-primaria-puo-accedere-ai-percorsi\/#breadcrumb"},"inLanguage":"it-IT","potentialAction":[{"@type":"ReadAction","target":["https:\/\/www.docenti.it\/blog\/riforma-bianchi-chi-ha-gia-abilitazione-infanzia-primaria-puo-accedere-ai-percorsi\/"]}]},{"@type":"BreadcrumbList","@id":"https:\/\/www.docenti.it\/blog\/riforma-bianchi-chi-ha-gia-abilitazione-infanzia-primaria-puo-accedere-ai-percorsi\/#breadcrumb","itemListElement":[{"@type":"ListItem","position":1,"name":"Home","item":"https:\/\/www.docenti.it\/blog\/"},{"@type":"ListItem","position":2,"name":"Riforma Bianchi: chi ha gi\u00e0 abilitazione infanzia\/primaria pu\u00f2 accedere ai percorsi?"}]},{"@type":"WebSite","@id":"https:\/\/www.docenti.it\/blog\/#website","url":"https:\/\/www.docenti.it\/blog\/","name":"Blog | Docenti.it","description":"Tutte le notizie e gli aggiornamenti dal mondo della scuola","publisher":{"@id":"https:\/\/www.docenti.it\/blog\/#organization"},"potentialAction":[{"@type":"SearchAction","target":{"@type":"EntryPoint","urlTemplate":"https:\/\/www.docenti.it\/blog\/?s={search_term_string}"},"query-input":"required name=search_term_string"}],"inLanguage":"it-IT"},{"@type":"Organization","@id":"https:\/\/www.docenti.it\/blog\/#organization","name":"Blog | Docenti.it","url":"https:\/\/www.docenti.it\/blog\/","logo":{"@type":"ImageObject","inLanguage":"it-IT","@id":"https:\/\/www.docenti.it\/blog\/#\/schema\/logo\/image\/","url":"https:\/\/www.docenti.it\/blog\/wp-content\/uploads\/2025\/06\/fb_mad_img.png","contentUrl":"https:\/\/www.docenti.it\/blog\/wp-content\/uploads\/2025\/06\/fb_mad_img.png","width":1140,"height":620,"caption":"Blog | Docenti.it"},"image":{"@id":"https:\/\/www.docenti.it\/blog\/#\/schema\/logo\/image\/"},"sameAs":["https:\/\/www.facebook.com\/docenti.it"]},{"@type":"Person","@id":"https:\/\/www.docenti.it\/blog\/#\/schema\/person\/99c2fdaf54e96829fe4ed44da8233688","name":"Martina Vaggi","image":{"@type":"ImageObject","inLanguage":"it-IT","@id":"https:\/\/www.docenti.it\/blog\/#\/schema\/person\/image\/","url":"https:\/\/secure.gravatar.com\/avatar\/14a13197979873d693ad915d249e3f54?s=96&d=mm&r=g","contentUrl":"https:\/\/secure.gravatar.com\/avatar\/14a13197979873d693ad915d249e3f54?s=96&d=mm&r=g","caption":"Martina Vaggi"},"description":"Classe 1991, copywriter e scrittrice. Nata a Sale, un paesino in provincia di Alessandria. Scrive dall\u2019et\u00e0 di 10 anni. Nel 2015 si laurea in Lettere Moderne presso l\u2019universit\u00e0 di Pavia. Nel 2020 pubblica il suo primo libro \"Il diario del silenzio - Storie reali di quarantena\" che descrive il processo di cambiamento della vita di 40 persone ai tempi del Covid. Nel 2022 si trasferisce a San Marino per lavorare come copywriter per Docenti.it","sameAs":["https:\/\/pensierisurrealidigentecomune.com\/","https:\/\/www.facebook.com\/profile.php?id=1555867670","https:\/\/www.instagram.com\/martiggi91\/","https:\/\/it.linkedin.com\/in\/martina-vaggi","https:\/\/www.youtube.com\/results?search_query=martina+vaggi"],"url":"https:\/\/www.docenti.it\/blog\/author\/martina-vaggi\/"}]}},"_links":{"self":[{"href":"https:\/\/www.docenti.it\/blog\/wp-json\/wp\/v2\/posts\/30392"}],"collection":[{"href":"https:\/\/www.docenti.it\/blog\/wp-json\/wp\/v2\/posts"}],"about":[{"href":"https:\/\/www.docenti.it\/blog\/wp-json\/wp\/v2\/types\/post"}],"author":[{"embeddable":true,"href":"https:\/\/www.docenti.it\/blog\/wp-json\/wp\/v2\/users\/21"}],"replies":[{"embeddable":true,"href":"https:\/\/www.docenti.it\/blog\/wp-json\/wp\/v2\/comments?post=30392"}],"version-history":[{"count":20,"href":"https:\/\/www.docenti.it\/blog\/wp-json\/wp\/v2\/posts\/30392\/revisions"}],"predecessor-version":[{"id":30422,"href":"https:\/\/www.docenti.it\/blog\/wp-json\/wp\/v2\/posts\/30392\/revisions\/30422"}],"wp:featuredmedia":[{"embeddable":true,"href":"https:\/\/www.docenti.it\/blog\/wp-json\/wp\/v2\/media\/30395"}],"wp:attachment":[{"href":"https:\/\/www.docenti.it\/blog\/wp-json\/wp\/v2\/media?parent=30392"}],"wp:term":[{"taxonomy":"category","embeddable":true,"href":"https:\/\/www.docenti.it\/blog\/wp-json\/wp\/v2\/categories?post=30392"},{"taxonomy":"post_tag","embeddable":true,"href":"https:\/\/www.docenti.it\/blog\/wp-json\/wp\/v2\/tags?post=30392"}],"curies":[{"name":"wp","href":"https:\/\/api.w.org\/{rel}","templated":true}]}}