{"id":30642,"date":"2022-08-01T12:18:45","date_gmt":"2022-08-01T10:18:45","guid":{"rendered":"https:\/\/www.docenti.it\/blog\/?p=30642"},"modified":"2022-08-01T12:18:47","modified_gmt":"2022-08-01T10:18:47","slug":"mad-docenti-posso-inviarla-anche-se-sono-iscritto-in-gps","status":"publish","type":"post","link":"https:\/\/www.docenti.it\/blog\/mad-docenti-posso-inviarla-anche-se-sono-iscritto-in-gps\/","title":{"rendered":"MAD docenti: posso inviarla anche se sono iscritto in GPS?"},"content":{"rendered":"\n<p>In questi giorni gli USR stanno pubblicando le GPS definitive per le quali si procede con la scelta delle 150 preferenze.<\/p>\n\n\n\n<p>Ma la MAD docenti pu\u00f2 essere inviata anche dagli aspiranti inseriti in tali graduatorie?<\/p>\n\n\n\n<!--more-->\n\n\n\n<h2>Supplenze 2022\/23 e aggiornamento GPS<\/h2>\n\n\n\n<p>Le Graduatorie Provinciali per le Supplenze si sono aggiornate quest&#8217;anno e gli Uffici Scolastici Regionali stanno provvedendo con la loro pubblicazione proprio in questi giorni.<\/p>\n\n\n\n<p>Come sappiamo, dalle GPS si attinger\u00e0 per le supplenze al 30 giugno e 31 agosto in mancanza di candidati disponibili dalle GAE.<\/p>\n\n\n\n<p>Ma per partecipare alla procedura non basta solo risultare iscritti in prima o seconda fascia: \u00e8 necessario anche inviare la domanda relativa alle <strong>150 preferenze<\/strong>.<\/p>\n\n\n\n<p><strong>Tale domanda pu\u00f2 essere compilata su Istanze Online dal 2 agosto al 16 agosto 2022.<\/strong><\/p>\n\n\n\n<p>Nell&#8217;istanza l&#8217;aspirante pu\u00f2 indicare fino a 150 preferenze, analitiche o sintetiche, utili per gli eventuali incarichi di supplenza.<\/p>\n\n\n\n<p><strong>Ovviamente, un&#8217;altra possibilit\u00e0 per ottenere incarichi di supplenza \u00e8 la MAD docenti.<\/strong><\/p>\n\n\n\n<p>Quali novit\u00e0 ci sono a riguardo?<\/p>\n\n\n\n<p>Posso inviare la MAD anche se sono iscritto in GPS?<\/p>\n\n\n\n<h2>MAD docenti e iscritti in GPS: si pu\u00f2 inviare?<\/h2>\n\n\n\n<p>Le ultime indicazioni del Ministero riguardanti la MAD docenti e gli iscritti in GPS risalgono all&#8217;<strong>OM n. 112 del 6 maggio 2022.<\/strong><\/p>\n\n\n\n<p>Ecco che cosa dice: <em>la domanda di messa a disposizione pu\u00f2 essere inviata per una sola provincia e solo da chi non \u00e8 iscritto nelle GPS.<\/em><\/p>\n\n\n\n<p><strong>Tuttavia la pratica sembrerebbe tutt&#8217;altra.<\/strong><\/p>\n\n\n\n<p>Come confermato da<strong> Pierfrancesco Caressa<\/strong>, sindacalista dello Snals, bisogna tenere in considerazione due aspetti importanti:<\/p>\n\n\n\n<ul><li><strong>non esistono sanzioni per chi dovesse inviare la MAD docenti seppur iscritto in GPS<\/strong><\/li><li><strong>tale divieto era stato gi\u00e0 inserito nelle annuali circolari sulle supplenze, ma non \u00e8 stato preso in considerazione<\/strong><\/li><\/ul>\n\n\n\n<p>Negli ultimi due anni in particolare, il Ministero si \u00e8 avvalso numerose volte di docenti da MAD iscritti in GPS o in Graduatorie di Istituto di altre province.<\/p>\n\n\n\n<p>Per il prossimo anno scolastico non ci sono ancora indicazioni ufficiali, <strong>ma ci\u00f2 che \u00e8 certo \u00e8 che l&#8217;invio della MAD docenti per gli iscritti in GPS \u00e8 stato permesso negli ultimi due anni.<\/strong><\/p>\n\n\n\n<h2>Come inviare la MAD<\/h2>\n\n\n\n<p><em><strong>Docenti.it si occupa da oltre 7 anni di aiutare laureati e aspiranti docenti ad entrare nel mondo scuola con la domanda di Messa a Disposizione.<\/strong><\/em><\/p>\n\n\n\n<p>Grazie al nostro servizio dedicato, potrai ricorrere&nbsp;<strong>all\u2019aiuto di un vero consulente<\/strong>&nbsp;che ti aiuter\u00e0 a redigere la tua&nbsp;MAD facilmente, velocemente e senza errori.<\/p>\n\n\n\n<p><em><strong>Una volta validata dal nostro team, ci penseremo noi a inviarla negli Istituti, che potrai scegliere tu sia in base al grado di istituto sia alla provincia.<\/strong><\/em><\/p>\n\n\n\n<p><em><strong>E tutto a partire da 19\u20ac per provincia o grado scolastico!<\/strong><\/em><\/p>\n\n\n\n<p>Il nostro sistema di invio&nbsp;<strong>traccer\u00e0 la&nbsp;consegna della tua MAD<\/strong>, di cui ti condivideremo anche un report dettagliato.<\/p>\n\n\n\n<p>In questo modo, avrai la certezza degli istituti che hanno ricevuto le tue domande, e nel frattempo&nbsp;<strong>avrai risparmiato tempo e fatica<\/strong>.<\/p>\n\n\n\n<p><strong><em>Fidati: questa scelta riguarda il tuo futuro come docente.<\/em><\/strong><\/p>\n\n\n\n<p><em><strong>Non lasciare questa scelta al caso!<\/strong><\/em><\/p>\n\n\n\n<div class=\"is-layout-flex wp-block-buttons\">\n<div class=\"wp-block-button\"><a class=\"wp-block-button__link\" href=\"https:\/\/www.docenti.it\/messa-a-disposizione.html?lnk=104\">Invia subito la tua MAD<\/a><\/div>\n<\/div>\n\n\n\n<p>Leggi anche:<\/p>\n\n\n\n<ul><li><a href=\"https:\/\/www.docenti.it\/blog\/preferenze-gps-ma-quali-sono-le-cattedre-disponibili\/\" target=\"_blank\" rel=\"noreferrer noopener\">Preferenze GPS: ma quali sono le cattedre disponibili?<\/a><\/li><li><a href=\"https:\/\/www.docenti.it\/blog\/messa-a-disposizione-come-candidarti-se-non-sei-iscritto-in-graduatoria\/\" target=\"_blank\" rel=\"noreferrer noopener\">Messa a Disposizione: come candidarti se non sei iscritto in graduatoria<\/a><\/li><li><a href=\"https:\/\/www.docenti.it\/blog\/messa-a-disposizione-sostegno-perche-e-cosi-richiesta\/\" target=\"_blank\" rel=\"noreferrer noopener\">Messa a Disposizione sostegno: perch\u00e9 \u00e8 cos\u00ec richiesta?<\/a><\/li><\/ul>\n\n\n\n<p>E seguici su\u00a0<strong><a href=\"https:\/\/www.facebook.com\/docenti.it\" target=\"_blank\" rel=\"noreferrer noopener\">Facebook<\/a><\/strong>\u00a0e\u00a0<a href=\"https:\/\/www.instagram.com\/docenti.it\/\" target=\"_blank\" rel=\"noreferrer noopener\"><strong>Instagram<\/strong><\/a>.<\/p>\n\n\n\n<p>Photo credit: <a href=\"https:\/\/unsplash.com\/\" target=\"_blank\" rel=\"noreferrer noopener\">unsplash.com<\/a><\/p>\n","protected":false},"excerpt":{"rendered":"<p>In questi giorni gli USR stanno pubblicando le GPS definitive per le quali si [&hellip;]<\/p>\n","protected":false},"author":22,"featured_media":30653,"comment_status":"open","ping_status":"open","sticky":false,"template":"","format":"standard","meta":[],"categories":[2],"tags":[86,27,26],"yoast_head":"<!-- This site is optimized with the Yoast SEO plugin v20.4 - https:\/\/yoast.com\/wordpress\/plugins\/seo\/ -->\n<title>MAD docenti: posso inviarla anche se sono iscritto in GPS?<\/title>\n<meta name=\"description\" content=\"Novit\u00e0 sulla MAD docenti: pu\u00f2 essere inviata anche da chi \u00e8 iscritto nelle GPS? Quali sono le indicazioni del Ministero?\" \/>\n<meta name=\"robots\" content=\"index, follow, max-snippet:-1, max-image-preview:large, max-video-preview:-1\" \/>\n<link rel=\"canonical\" href=\"https:\/\/www.docenti.it\/blog\/mad-docenti-posso-inviarla-anche-se-sono-iscritto-in-gps\/\" \/>\n<meta property=\"og:locale\" content=\"it_IT\" \/>\n<meta property=\"og:type\" content=\"article\" \/>\n<meta property=\"og:title\" content=\"MAD docenti: posso inviarla anche se sono iscritto in GPS?\" \/>\n<meta property=\"og:description\" content=\"Novit\u00e0 sulla MAD docenti: pu\u00f2 essere inviata anche da chi \u00e8 iscritto nelle GPS? Quali sono le indicazioni del Ministero?\" \/>\n<meta property=\"og:url\" content=\"https:\/\/www.docenti.it\/blog\/mad-docenti-posso-inviarla-anche-se-sono-iscritto-in-gps\/\" \/>\n<meta property=\"og:site_name\" content=\"Blog | Docenti.it\" \/>\n<meta property=\"article:publisher\" content=\"https:\/\/www.facebook.com\/docenti.it\" \/>\n<meta property=\"article:published_time\" content=\"2022-08-01T10:18:45+00:00\" \/>\n<meta property=\"article:modified_time\" content=\"2022-08-01T10:18:47+00:00\" \/>\n<meta property=\"og:image\" content=\"https:\/\/www.docenti.it\/blog\/wp-content\/uploads\/2022\/08\/gabrielle-henderson-HJckKnwCXxQ-unsplash.jpg\" \/>\n\t<meta property=\"og:image:width\" content=\"640\" \/>\n\t<meta property=\"og:image:height\" content=\"427\" \/>\n\t<meta property=\"og:image:type\" content=\"image\/jpeg\" \/>\n<meta name=\"author\" content=\"Veronica Conti\" \/>\n<meta name=\"twitter:card\" content=\"summary_large_image\" \/>\n<meta name=\"twitter:label1\" content=\"Written by\" \/>\n\t<meta name=\"twitter:data1\" content=\"Veronica Conti\" \/>\n\t<meta name=\"twitter:label2\" content=\"Est. reading time\" \/>\n\t<meta name=\"twitter:data2\" content=\"3 minuti\" \/>\n<script type=\"application\/ld+json\" class=\"yoast-schema-graph\">{\"@context\":\"https:\/\/schema.org\",\"@graph\":[{\"@type\":\"Article\",\"@id\":\"https:\/\/www.docenti.it\/blog\/mad-docenti-posso-inviarla-anche-se-sono-iscritto-in-gps\/#article\",\"isPartOf\":{\"@id\":\"https:\/\/www.docenti.it\/blog\/mad-docenti-posso-inviarla-anche-se-sono-iscritto-in-gps\/\"},\"author\":{\"name\":\"Veronica Conti\",\"@id\":\"https:\/\/www.docenti.it\/blog\/#\/schema\/person\/db2692c75b023bba5319018ede576846\"},\"headline\":\"MAD docenti: posso inviarla anche se sono iscritto in GPS?\",\"datePublished\":\"2022-08-01T10:18:45+00:00\",\"dateModified\":\"2022-08-01T10:18:47+00:00\",\"mainEntityOfPage\":{\"@id\":\"https:\/\/www.docenti.it\/blog\/mad-docenti-posso-inviarla-anche-se-sono-iscritto-in-gps\/\"},\"wordCount\":531,\"commentCount\":0,\"publisher\":{\"@id\":\"https:\/\/www.docenti.it\/blog\/#organization\"},\"keywords\":[\"aggiornamento graduatorie GPS\",\"invio MAD\",\"MAD online\"],\"articleSection\":[\"Messa a Disposizione\"],\"inLanguage\":\"it-IT\",\"potentialAction\":[{\"@type\":\"CommentAction\",\"name\":\"Comment\",\"target\":[\"https:\/\/www.docenti.it\/blog\/mad-docenti-posso-inviarla-anche-se-sono-iscritto-in-gps\/#respond\"]}]},{\"@type\":\"WebPage\",\"@id\":\"https:\/\/www.docenti.it\/blog\/mad-docenti-posso-inviarla-anche-se-sono-iscritto-in-gps\/\",\"url\":\"https:\/\/www.docenti.it\/blog\/mad-docenti-posso-inviarla-anche-se-sono-iscritto-in-gps\/\",\"name\":\"MAD docenti: posso inviarla anche se sono iscritto in GPS?\",\"isPartOf\":{\"@id\":\"https:\/\/www.docenti.it\/blog\/#website\"},\"datePublished\":\"2022-08-01T10:18:45+00:00\",\"dateModified\":\"2022-08-01T10:18:47+00:00\",\"description\":\"Novit\u00e0 sulla MAD docenti: pu\u00f2 essere inviata anche da chi \u00e8 iscritto nelle GPS? Quali sono le indicazioni del Ministero?\",\"breadcrumb\":{\"@id\":\"https:\/\/www.docenti.it\/blog\/mad-docenti-posso-inviarla-anche-se-sono-iscritto-in-gps\/#breadcrumb\"},\"inLanguage\":\"it-IT\",\"potentialAction\":[{\"@type\":\"ReadAction\",\"target\":[\"https:\/\/www.docenti.it\/blog\/mad-docenti-posso-inviarla-anche-se-sono-iscritto-in-gps\/\"]}]},{\"@type\":\"BreadcrumbList\",\"@id\":\"https:\/\/www.docenti.it\/blog\/mad-docenti-posso-inviarla-anche-se-sono-iscritto-in-gps\/#breadcrumb\",\"itemListElement\":[{\"@type\":\"ListItem\",\"position\":1,\"name\":\"Home\",\"item\":\"https:\/\/www.docenti.it\/blog\/\"},{\"@type\":\"ListItem\",\"position\":2,\"name\":\"MAD docenti: posso inviarla anche se sono iscritto in GPS?\"}]},{\"@type\":\"WebSite\",\"@id\":\"https:\/\/www.docenti.it\/blog\/#website\",\"url\":\"https:\/\/www.docenti.it\/blog\/\",\"name\":\"Blog | Docenti.it\",\"description\":\"Tutte le notizie e gli aggiornamenti dal mondo della scuola\",\"publisher\":{\"@id\":\"https:\/\/www.docenti.it\/blog\/#organization\"},\"potentialAction\":[{\"@type\":\"SearchAction\",\"target\":{\"@type\":\"EntryPoint\",\"urlTemplate\":\"https:\/\/www.docenti.it\/blog\/?s={search_term_string}\"},\"query-input\":\"required name=search_term_string\"}],\"inLanguage\":\"it-IT\"},{\"@type\":\"Organization\",\"@id\":\"https:\/\/www.docenti.it\/blog\/#organization\",\"name\":\"Blog | Docenti.it\",\"url\":\"https:\/\/www.docenti.it\/blog\/\",\"logo\":{\"@type\":\"ImageObject\",\"inLanguage\":\"it-IT\",\"@id\":\"https:\/\/www.docenti.it\/blog\/#\/schema\/logo\/image\/\",\"url\":\"https:\/\/www.docenti.it\/blog\/wp-content\/uploads\/2025\/06\/fb_mad_img.png\",\"contentUrl\":\"https:\/\/www.docenti.it\/blog\/wp-content\/uploads\/2025\/06\/fb_mad_img.png\",\"width\":1140,\"height\":620,\"caption\":\"Blog | Docenti.it\"},\"image\":{\"@id\":\"https:\/\/www.docenti.it\/blog\/#\/schema\/logo\/image\/\"},\"sameAs\":[\"https:\/\/www.facebook.com\/docenti.it\"]},{\"@type\":\"Person\",\"@id\":\"https:\/\/www.docenti.it\/blog\/#\/schema\/person\/db2692c75b023bba5319018ede576846\",\"name\":\"Veronica Conti\",\"image\":{\"@type\":\"ImageObject\",\"inLanguage\":\"it-IT\",\"@id\":\"https:\/\/www.docenti.it\/blog\/#\/schema\/person\/image\/\",\"url\":\"https:\/\/secure.gravatar.com\/avatar\/9709c2e092989f0e61eda04e2d96c120?s=96&d=mm&r=g\",\"contentUrl\":\"https:\/\/secure.gravatar.com\/avatar\/9709c2e092989f0e61eda04e2d96c120?s=96&d=mm&r=g\",\"caption\":\"Veronica Conti\"},\"description\":\"Classe 1998, \u00e8 studentessa e insegnante di musica. Ha conseguito il Diploma di Violoncello nel 2018 e, due anni dopo, il Diploma Accademico di II Livello in Violoncello presso il Conservatorio di Cesena. Frequenta il terzo anno all'universit\u00e0 di Urbino, Lingue e Culture Straniere profilo linguistico-aziendale, ed \u00e8 tirocinante presso Docenti.it.\",\"url\":\"https:\/\/www.docenti.it\/blog\/author\/veronica-conti\/\"}]}<\/script>\n<!-- \/ Yoast SEO plugin. -->","yoast_head_json":{"title":"MAD docenti: posso inviarla anche se sono iscritto in GPS?","description":"Novit\u00e0 sulla MAD docenti: pu\u00f2 essere inviata anche da chi \u00e8 iscritto nelle GPS? Quali sono le indicazioni del Ministero?","robots":{"index":"index","follow":"follow","max-snippet":"max-snippet:-1","max-image-preview":"max-image-preview:large","max-video-preview":"max-video-preview:-1"},"canonical":"https:\/\/www.docenti.it\/blog\/mad-docenti-posso-inviarla-anche-se-sono-iscritto-in-gps\/","og_locale":"it_IT","og_type":"article","og_title":"MAD docenti: posso inviarla anche se sono iscritto in GPS?","og_description":"Novit\u00e0 sulla MAD docenti: pu\u00f2 essere inviata anche da chi \u00e8 iscritto nelle GPS? Quali sono le indicazioni del Ministero?","og_url":"https:\/\/www.docenti.it\/blog\/mad-docenti-posso-inviarla-anche-se-sono-iscritto-in-gps\/","og_site_name":"Blog | Docenti.it","article_publisher":"https:\/\/www.facebook.com\/docenti.it","article_published_time":"2022-08-01T10:18:45+00:00","article_modified_time":"2022-08-01T10:18:47+00:00","og_image":[{"width":640,"height":427,"url":"https:\/\/www.docenti.it\/blog\/wp-content\/uploads\/2022\/08\/gabrielle-henderson-HJckKnwCXxQ-unsplash.jpg","type":"image\/jpeg"}],"author":"Veronica Conti","twitter_card":"summary_large_image","twitter_misc":{"Written by":"Veronica Conti","Est. reading time":"3 minuti"},"schema":{"@context":"https:\/\/schema.org","@graph":[{"@type":"Article","@id":"https:\/\/www.docenti.it\/blog\/mad-docenti-posso-inviarla-anche-se-sono-iscritto-in-gps\/#article","isPartOf":{"@id":"https:\/\/www.docenti.it\/blog\/mad-docenti-posso-inviarla-anche-se-sono-iscritto-in-gps\/"},"author":{"name":"Veronica Conti","@id":"https:\/\/www.docenti.it\/blog\/#\/schema\/person\/db2692c75b023bba5319018ede576846"},"headline":"MAD docenti: posso inviarla anche se sono iscritto in GPS?","datePublished":"2022-08-01T10:18:45+00:00","dateModified":"2022-08-01T10:18:47+00:00","mainEntityOfPage":{"@id":"https:\/\/www.docenti.it\/blog\/mad-docenti-posso-inviarla-anche-se-sono-iscritto-in-gps\/"},"wordCount":531,"commentCount":0,"publisher":{"@id":"https:\/\/www.docenti.it\/blog\/#organization"},"keywords":["aggiornamento graduatorie GPS","invio MAD","MAD online"],"articleSection":["Messa a Disposizione"],"inLanguage":"it-IT","potentialAction":[{"@type":"CommentAction","name":"Comment","target":["https:\/\/www.docenti.it\/blog\/mad-docenti-posso-inviarla-anche-se-sono-iscritto-in-gps\/#respond"]}]},{"@type":"WebPage","@id":"https:\/\/www.docenti.it\/blog\/mad-docenti-posso-inviarla-anche-se-sono-iscritto-in-gps\/","url":"https:\/\/www.docenti.it\/blog\/mad-docenti-posso-inviarla-anche-se-sono-iscritto-in-gps\/","name":"MAD docenti: posso inviarla anche se sono iscritto in GPS?","isPartOf":{"@id":"https:\/\/www.docenti.it\/blog\/#website"},"datePublished":"2022-08-01T10:18:45+00:00","dateModified":"2022-08-01T10:18:47+00:00","description":"Novit\u00e0 sulla MAD docenti: pu\u00f2 essere inviata anche da chi \u00e8 iscritto nelle GPS? Quali sono le indicazioni del Ministero?","breadcrumb":{"@id":"https:\/\/www.docenti.it\/blog\/mad-docenti-posso-inviarla-anche-se-sono-iscritto-in-gps\/#breadcrumb"},"inLanguage":"it-IT","potentialAction":[{"@type":"ReadAction","target":["https:\/\/www.docenti.it\/blog\/mad-docenti-posso-inviarla-anche-se-sono-iscritto-in-gps\/"]}]},{"@type":"BreadcrumbList","@id":"https:\/\/www.docenti.it\/blog\/mad-docenti-posso-inviarla-anche-se-sono-iscritto-in-gps\/#breadcrumb","itemListElement":[{"@type":"ListItem","position":1,"name":"Home","item":"https:\/\/www.docenti.it\/blog\/"},{"@type":"ListItem","position":2,"name":"MAD docenti: posso inviarla anche se sono iscritto in GPS?"}]},{"@type":"WebSite","@id":"https:\/\/www.docenti.it\/blog\/#website","url":"https:\/\/www.docenti.it\/blog\/","name":"Blog | Docenti.it","description":"Tutte le notizie e gli aggiornamenti dal mondo della scuola","publisher":{"@id":"https:\/\/www.docenti.it\/blog\/#organization"},"potentialAction":[{"@type":"SearchAction","target":{"@type":"EntryPoint","urlTemplate":"https:\/\/www.docenti.it\/blog\/?s={search_term_string}"},"query-input":"required name=search_term_string"}],"inLanguage":"it-IT"},{"@type":"Organization","@id":"https:\/\/www.docenti.it\/blog\/#organization","name":"Blog | Docenti.it","url":"https:\/\/www.docenti.it\/blog\/","logo":{"@type":"ImageObject","inLanguage":"it-IT","@id":"https:\/\/www.docenti.it\/blog\/#\/schema\/logo\/image\/","url":"https:\/\/www.docenti.it\/blog\/wp-content\/uploads\/2025\/06\/fb_mad_img.png","contentUrl":"https:\/\/www.docenti.it\/blog\/wp-content\/uploads\/2025\/06\/fb_mad_img.png","width":1140,"height":620,"caption":"Blog | Docenti.it"},"image":{"@id":"https:\/\/www.docenti.it\/blog\/#\/schema\/logo\/image\/"},"sameAs":["https:\/\/www.facebook.com\/docenti.it"]},{"@type":"Person","@id":"https:\/\/www.docenti.it\/blog\/#\/schema\/person\/db2692c75b023bba5319018ede576846","name":"Veronica Conti","image":{"@type":"ImageObject","inLanguage":"it-IT","@id":"https:\/\/www.docenti.it\/blog\/#\/schema\/person\/image\/","url":"https:\/\/secure.gravatar.com\/avatar\/9709c2e092989f0e61eda04e2d96c120?s=96&d=mm&r=g","contentUrl":"https:\/\/secure.gravatar.com\/avatar\/9709c2e092989f0e61eda04e2d96c120?s=96&d=mm&r=g","caption":"Veronica Conti"},"description":"Classe 1998, \u00e8 studentessa e insegnante di musica. Ha conseguito il Diploma di Violoncello nel 2018 e, due anni dopo, il Diploma Accademico di II Livello in Violoncello presso il Conservatorio di Cesena. Frequenta il terzo anno all'universit\u00e0 di Urbino, Lingue e Culture Straniere profilo linguistico-aziendale, ed \u00e8 tirocinante presso Docenti.it.","url":"https:\/\/www.docenti.it\/blog\/author\/veronica-conti\/"}]}},"_links":{"self":[{"href":"https:\/\/www.docenti.it\/blog\/wp-json\/wp\/v2\/posts\/30642"}],"collection":[{"href":"https:\/\/www.docenti.it\/blog\/wp-json\/wp\/v2\/posts"}],"about":[{"href":"https:\/\/www.docenti.it\/blog\/wp-json\/wp\/v2\/types\/post"}],"author":[{"embeddable":true,"href":"https:\/\/www.docenti.it\/blog\/wp-json\/wp\/v2\/users\/22"}],"replies":[{"embeddable":true,"href":"https:\/\/www.docenti.it\/blog\/wp-json\/wp\/v2\/comments?post=30642"}],"version-history":[{"count":7,"href":"https:\/\/www.docenti.it\/blog\/wp-json\/wp\/v2\/posts\/30642\/revisions"}],"predecessor-version":[{"id":30655,"href":"https:\/\/www.docenti.it\/blog\/wp-json\/wp\/v2\/posts\/30642\/revisions\/30655"}],"wp:featuredmedia":[{"embeddable":true,"href":"https:\/\/www.docenti.it\/blog\/wp-json\/wp\/v2\/media\/30653"}],"wp:attachment":[{"href":"https:\/\/www.docenti.it\/blog\/wp-json\/wp\/v2\/media?parent=30642"}],"wp:term":[{"taxonomy":"category","embeddable":true,"href":"https:\/\/www.docenti.it\/blog\/wp-json\/wp\/v2\/categories?post=30642"},{"taxonomy":"post_tag","embeddable":true,"href":"https:\/\/www.docenti.it\/blog\/wp-json\/wp\/v2\/tags?post=30642"}],"curies":[{"name":"wp","href":"https:\/\/api.w.org\/{rel}","templated":true}]}}