{"id":30691,"date":"2022-08-02T12:19:52","date_gmt":"2022-08-02T10:19:52","guid":{"rendered":"https:\/\/www.docenti.it\/blog\/?p=30691"},"modified":"2022-08-02T12:19:54","modified_gmt":"2022-08-02T10:19:54","slug":"decreto-riforma-bianchi-ecco-le-ultime-notizie","status":"publish","type":"post","link":"https:\/\/www.docenti.it\/blog\/decreto-riforma-bianchi-ecco-le-ultime-notizie\/","title":{"rendered":"Decreto Riforma Bianchi: ecco le ultime notizie"},"content":{"rendered":"\n<p>Il DPCM sulla Riforma Bianchi sar\u00e0 presto pubblicato. Nel Decreto saranno definiti tutti i contenuti e la strutturazione del percorso formativo del nuovo reclutamento docenti.<\/p>\n\n\n\n<p>Che cosa dobbiamo aspettarci?<\/p>\n\n\n\n<!--more-->\n\n\n\n<h2>Decreto Riforma Bianchi: quando sar\u00e0 pubblicato?<\/h2>\n\n\n\n<p>Il mondo scuola attendeva il Decreto sulla Riforma Bianchi per il 31 luglio 2022. Sono trascorsi alcuni giorni e tale termine, non perentorio, \u00e8 ormai passato.<\/p>\n\n\n\n<p>Il ritardo nella pubblicazione \u00e8 stato dovuto anche alla crisi di Governo dettata dalle dimissioni del Premier Draghi.<\/p>\n\n\n\n<p>Quando sar\u00e0 pubblicato, quindi?<\/p>\n\n\n\n<p><strong>Le ultime notizie avvertono che il Decreto sar\u00e0 pubblicato questa settimana. <\/strong><\/p>\n\n\n\n<p>E c&#8217;\u00e8 ovviamente tanto fermento: il nuovo reclutamento docenti cambier\u00e0 le modalit\u00e0 per le quali si potr\u00e0 diventare insegnanti.<\/p>\n\n\n\n<p>Che cosa dobbiamo aspettarci?<\/p>\n\n\n\n<h2>Che cosa definir\u00e0 il Decreto<\/h2>\n\n\n\n<p>Il Decreto sul nuovo reclutamento docenti metter\u00e0 luce sulle nuove direttive, ormai discusse da molte settimane.<\/p>\n\n\n\n<p>In particolare definir\u00e0:<\/p>\n\n\n\n<ul><li><strong>i contenuti e la strutturazione dell&#8217;offerta formativa relativa al percorso dei 60 CFU\/CFA<\/strong><\/li><li>il numero di crediti universitari o accademici riservati alla formazione inclusiva delle <strong>persone con disabilit\u00e0<\/strong><\/li><li>la <strong>percentuale necessaria di partecipazione in presenza <\/strong>alle attivit\u00e0 formative per l&#8217;accesso alla prova finale<\/li><li>le modalit\u00e0 di svolgimento della <strong>prova finale<\/strong> del percorso universitario e accademico, comprendente la prova scritta e orale<\/li><\/ul>\n\n\n\n<p>Come gi\u00e0 confermato, l&#8217;offerta formativa di 60 CFU\/CFA sar\u00e0 cos\u00ec composta:<\/p>\n\n\n\n<ul><li><strong>almeno 10 CFU\/CFA in area pedagogica<\/strong><\/li><li>attivit\u00e0 di <strong>tirocinio<\/strong> diretto e indiretto non inferiore a <strong>20 CFU\/CFA<\/strong><\/li><li>ogni credito di tirocinio deve corrispondere ad un impegno in presenza di almeno 12 ore<\/li><\/ul>\n\n\n\n<h2>I 24 CFU sono riconosciuti<\/h2>\n\n\n\n<p><strong>I 24 CFU<\/strong>, crediti universitari gi\u00e0 acquisiti da numerosi aspiranti inseriti nelle graduatorie GPS,&nbsp;<strong>non andranno perduti<\/strong>, anzi.<\/p>\n\n\n\n<p><em><strong>Chi ha gi\u00e0 acquisito i 24 CFU potr\u00e0, fino a dicembre 2024, partecipare ai concorsi senza necessit\u00e0 di altri percorsi formativi.\u00a0<\/strong><\/em><\/p>\n\n\n\n<p><strong>Questo perch\u00e9 i 24 CFU rappresenteranno un requisito indispensabile per accedere ai concorsi fino a dicembre 2024.\u00a0<\/strong><\/p>\n\n\n\n<p>Nell\u2019ambito dei 60 crediti formativi che compongono i percorsi abilitanti, i 24 CFU verranno riconosciuti come validi.\u00a0<\/p>\n\n\n\n<p><strong>La norma ha stabilito che la data ultima per acquisire i 24 CFU \u00e8 il 31 ottobre 2022.<\/strong><\/p>\n\n\n\n<p><em><strong>Se sei un docente (o aspirante) e non hai ancora conseguito i 24 CFU, affrettati!<br>Hai tempo solo fino a ottobre 2022 per acquisirli!<\/strong><\/em><\/p>\n\n\n\n<p><em><strong>Dopodich\u00e9, per te\u2026 non ci sar\u00e0 pi\u00f9 tempo.<\/strong><\/em><\/p>\n\n\n\n<div class=\"is-layout-flex wp-block-buttons\">\n<div class=\"wp-block-button\"><a class=\"wp-block-button__link\" href=\"https:\/\/www.docenti.it\/formazione-docenti\/percorsi-formativi.html?tc=9&amp;lnk=104\">CONSEGUI ORA I 24 CFU<\/a><\/div>\n<\/div>\n\n\n\n<p>Leggi anche:<\/p>\n\n\n\n<ul><li><a href=\"https:\/\/www.docenti.it\/blog\/diventare-insegnante-la-consulenza-gratuita-che-traccia-la-tua-strada\/\" target=\"_blank\" rel=\"noreferrer noopener\">Diventare insegnante: la consulenza gratuita che traccia la tua strada<\/a><\/li><li><a href=\"https:\/\/www.docenti.it\/blog\/24cfu-e-nuova-riforma-cosa-devi-fare-adesso\/\" target=\"_blank\" rel=\"noreferrer noopener\">24CFU e nuova riforma: cosa devi fare adesso?<\/a><\/li><li><a href=\"https:\/\/www.docenti.it\/blog\/riforma-bianchi-chi-ha-gia-abilitazione-infanzia-primaria-puo-accedere-ai-percorsi\/\" target=\"_blank\" rel=\"noreferrer noopener\">Riforma Bianchi: chi ha gi\u00e0 abilitazione infanzia\/primaria pu\u00f2 accedere ai percorsi?<\/a><\/li><li><a href=\"https:\/\/www.docenti.it\/blog\/mad-scuola-puoi-ancora-programmare-la-tua-domanda-per-settembre\/\" target=\"_blank\" rel=\"noreferrer noopener\">MAD scuola: puoi ancora programmare la tua domanda per settembre!<\/a><\/li><\/ul>\n\n\n\n<p>E seguici su\u00a0<strong><a href=\"https:\/\/www.facebook.com\/docenti.it\" target=\"_blank\" rel=\"noreferrer noopener\">Facebook<\/a><\/strong>\u00a0e\u00a0<a href=\"https:\/\/www.instagram.com\/docenti.it\/\" target=\"_blank\" rel=\"noreferrer noopener\"><strong>Instagram<\/strong><\/a>.<\/p>\n\n\n\n<p>Photo credit: <a href=\"https:\/\/pixabay.com\/\" target=\"_blank\" rel=\"noreferrer noopener\">pixabay.com<\/a><\/p>\n","protected":false},"excerpt":{"rendered":"<p>Il DPCM sulla Riforma Bianchi sar\u00e0 presto pubblicato. Nel Decreto saranno definiti tutti i [&hellip;]<\/p>\n","protected":false},"author":22,"featured_media":30696,"comment_status":"open","ping_status":"open","sticky":false,"template":"","format":"standard","meta":[],"categories":[4],"tags":[456],"yoast_head":"<!-- This site is optimized with the Yoast SEO plugin v20.4 - https:\/\/yoast.com\/wordpress\/plugins\/seo\/ -->\n<title>Decreto Riforma Bianchi: ecco le ultime notizie<\/title>\n<meta name=\"description\" content=\"Il DPCM sulla Riforma Bianchi era atteso per il 31 luglio, tuttavia non \u00e8 ancora stato pubblicato. Che cosa ci dobbiamo aspettare?\" \/>\n<meta name=\"robots\" content=\"index, follow, max-snippet:-1, max-image-preview:large, max-video-preview:-1\" \/>\n<link rel=\"canonical\" href=\"https:\/\/www.docenti.it\/blog\/decreto-riforma-bianchi-ecco-le-ultime-notizie\/\" \/>\n<meta property=\"og:locale\" content=\"it_IT\" \/>\n<meta property=\"og:type\" content=\"article\" \/>\n<meta property=\"og:title\" content=\"Decreto Riforma Bianchi: ecco le ultime notizie\" \/>\n<meta property=\"og:description\" content=\"Il DPCM sulla Riforma Bianchi era atteso per il 31 luglio, tuttavia non \u00e8 ancora stato pubblicato. Che cosa ci dobbiamo aspettare?\" \/>\n<meta property=\"og:url\" content=\"https:\/\/www.docenti.it\/blog\/decreto-riforma-bianchi-ecco-le-ultime-notizie\/\" \/>\n<meta property=\"og:site_name\" content=\"Blog | Docenti.it\" \/>\n<meta property=\"article:publisher\" content=\"https:\/\/www.facebook.com\/docenti.it\" \/>\n<meta property=\"article:published_time\" content=\"2022-08-02T10:19:52+00:00\" \/>\n<meta property=\"article:modified_time\" content=\"2022-08-02T10:19:54+00:00\" \/>\n<meta property=\"og:image\" content=\"https:\/\/www.docenti.it\/blog\/wp-content\/uploads\/2022\/08\/newspaper-g2d25a3cd9_640.png\" \/>\n\t<meta property=\"og:image:width\" content=\"640\" \/>\n\t<meta property=\"og:image:height\" content=\"551\" \/>\n\t<meta property=\"og:image:type\" content=\"image\/png\" \/>\n<meta name=\"author\" content=\"Veronica Conti\" \/>\n<meta name=\"twitter:card\" content=\"summary_large_image\" \/>\n<meta name=\"twitter:label1\" content=\"Written by\" \/>\n\t<meta name=\"twitter:data1\" content=\"Veronica Conti\" \/>\n\t<meta name=\"twitter:label2\" content=\"Est. reading time\" \/>\n\t<meta name=\"twitter:data2\" content=\"3 minuti\" \/>\n<script type=\"application\/ld+json\" class=\"yoast-schema-graph\">{\"@context\":\"https:\/\/schema.org\",\"@graph\":[{\"@type\":\"Article\",\"@id\":\"https:\/\/www.docenti.it\/blog\/decreto-riforma-bianchi-ecco-le-ultime-notizie\/#article\",\"isPartOf\":{\"@id\":\"https:\/\/www.docenti.it\/blog\/decreto-riforma-bianchi-ecco-le-ultime-notizie\/\"},\"author\":{\"name\":\"Veronica Conti\",\"@id\":\"https:\/\/www.docenti.it\/blog\/#\/schema\/person\/db2692c75b023bba5319018ede576846\"},\"headline\":\"Decreto Riforma Bianchi: ecco le ultime notizie\",\"datePublished\":\"2022-08-02T10:19:52+00:00\",\"dateModified\":\"2022-08-02T10:19:54+00:00\",\"mainEntityOfPage\":{\"@id\":\"https:\/\/www.docenti.it\/blog\/decreto-riforma-bianchi-ecco-le-ultime-notizie\/\"},\"wordCount\":419,\"commentCount\":0,\"publisher\":{\"@id\":\"https:\/\/www.docenti.it\/blog\/#organization\"},\"keywords\":[\"nuovo reclutamento docenti\"],\"articleSection\":[\"News\"],\"inLanguage\":\"it-IT\",\"potentialAction\":[{\"@type\":\"CommentAction\",\"name\":\"Comment\",\"target\":[\"https:\/\/www.docenti.it\/blog\/decreto-riforma-bianchi-ecco-le-ultime-notizie\/#respond\"]}]},{\"@type\":\"WebPage\",\"@id\":\"https:\/\/www.docenti.it\/blog\/decreto-riforma-bianchi-ecco-le-ultime-notizie\/\",\"url\":\"https:\/\/www.docenti.it\/blog\/decreto-riforma-bianchi-ecco-le-ultime-notizie\/\",\"name\":\"Decreto Riforma Bianchi: ecco le ultime notizie\",\"isPartOf\":{\"@id\":\"https:\/\/www.docenti.it\/blog\/#website\"},\"datePublished\":\"2022-08-02T10:19:52+00:00\",\"dateModified\":\"2022-08-02T10:19:54+00:00\",\"description\":\"Il DPCM sulla Riforma Bianchi era atteso per il 31 luglio, tuttavia non \u00e8 ancora stato pubblicato. Che cosa ci dobbiamo aspettare?\",\"breadcrumb\":{\"@id\":\"https:\/\/www.docenti.it\/blog\/decreto-riforma-bianchi-ecco-le-ultime-notizie\/#breadcrumb\"},\"inLanguage\":\"it-IT\",\"potentialAction\":[{\"@type\":\"ReadAction\",\"target\":[\"https:\/\/www.docenti.it\/blog\/decreto-riforma-bianchi-ecco-le-ultime-notizie\/\"]}]},{\"@type\":\"BreadcrumbList\",\"@id\":\"https:\/\/www.docenti.it\/blog\/decreto-riforma-bianchi-ecco-le-ultime-notizie\/#breadcrumb\",\"itemListElement\":[{\"@type\":\"ListItem\",\"position\":1,\"name\":\"Home\",\"item\":\"https:\/\/www.docenti.it\/blog\/\"},{\"@type\":\"ListItem\",\"position\":2,\"name\":\"Decreto Riforma Bianchi: ecco le ultime notizie\"}]},{\"@type\":\"WebSite\",\"@id\":\"https:\/\/www.docenti.it\/blog\/#website\",\"url\":\"https:\/\/www.docenti.it\/blog\/\",\"name\":\"Blog | Docenti.it\",\"description\":\"Tutte le notizie e gli aggiornamenti dal mondo della scuola\",\"publisher\":{\"@id\":\"https:\/\/www.docenti.it\/blog\/#organization\"},\"potentialAction\":[{\"@type\":\"SearchAction\",\"target\":{\"@type\":\"EntryPoint\",\"urlTemplate\":\"https:\/\/www.docenti.it\/blog\/?s={search_term_string}\"},\"query-input\":\"required name=search_term_string\"}],\"inLanguage\":\"it-IT\"},{\"@type\":\"Organization\",\"@id\":\"https:\/\/www.docenti.it\/blog\/#organization\",\"name\":\"Blog | Docenti.it\",\"url\":\"https:\/\/www.docenti.it\/blog\/\",\"logo\":{\"@type\":\"ImageObject\",\"inLanguage\":\"it-IT\",\"@id\":\"https:\/\/www.docenti.it\/blog\/#\/schema\/logo\/image\/\",\"url\":\"https:\/\/www.docenti.it\/blog\/wp-content\/uploads\/2025\/06\/fb_mad_img.png\",\"contentUrl\":\"https:\/\/www.docenti.it\/blog\/wp-content\/uploads\/2025\/06\/fb_mad_img.png\",\"width\":1140,\"height\":620,\"caption\":\"Blog | Docenti.it\"},\"image\":{\"@id\":\"https:\/\/www.docenti.it\/blog\/#\/schema\/logo\/image\/\"},\"sameAs\":[\"https:\/\/www.facebook.com\/docenti.it\"]},{\"@type\":\"Person\",\"@id\":\"https:\/\/www.docenti.it\/blog\/#\/schema\/person\/db2692c75b023bba5319018ede576846\",\"name\":\"Veronica Conti\",\"image\":{\"@type\":\"ImageObject\",\"inLanguage\":\"it-IT\",\"@id\":\"https:\/\/www.docenti.it\/blog\/#\/schema\/person\/image\/\",\"url\":\"https:\/\/secure.gravatar.com\/avatar\/9709c2e092989f0e61eda04e2d96c120?s=96&d=mm&r=g\",\"contentUrl\":\"https:\/\/secure.gravatar.com\/avatar\/9709c2e092989f0e61eda04e2d96c120?s=96&d=mm&r=g\",\"caption\":\"Veronica Conti\"},\"description\":\"Classe 1998, \u00e8 studentessa e insegnante di musica. Ha conseguito il Diploma di Violoncello nel 2018 e, due anni dopo, il Diploma Accademico di II Livello in Violoncello presso il Conservatorio di Cesena. Frequenta il terzo anno all'universit\u00e0 di Urbino, Lingue e Culture Straniere profilo linguistico-aziendale, ed \u00e8 tirocinante presso Docenti.it.\",\"url\":\"https:\/\/www.docenti.it\/blog\/author\/veronica-conti\/\"}]}<\/script>\n<!-- \/ Yoast SEO plugin. -->","yoast_head_json":{"title":"Decreto Riforma Bianchi: ecco le ultime notizie","description":"Il DPCM sulla Riforma Bianchi era atteso per il 31 luglio, tuttavia non \u00e8 ancora stato pubblicato. Che cosa ci dobbiamo aspettare?","robots":{"index":"index","follow":"follow","max-snippet":"max-snippet:-1","max-image-preview":"max-image-preview:large","max-video-preview":"max-video-preview:-1"},"canonical":"https:\/\/www.docenti.it\/blog\/decreto-riforma-bianchi-ecco-le-ultime-notizie\/","og_locale":"it_IT","og_type":"article","og_title":"Decreto Riforma Bianchi: ecco le ultime notizie","og_description":"Il DPCM sulla Riforma Bianchi era atteso per il 31 luglio, tuttavia non \u00e8 ancora stato pubblicato. Che cosa ci dobbiamo aspettare?","og_url":"https:\/\/www.docenti.it\/blog\/decreto-riforma-bianchi-ecco-le-ultime-notizie\/","og_site_name":"Blog | Docenti.it","article_publisher":"https:\/\/www.facebook.com\/docenti.it","article_published_time":"2022-08-02T10:19:52+00:00","article_modified_time":"2022-08-02T10:19:54+00:00","og_image":[{"width":640,"height":551,"url":"https:\/\/www.docenti.it\/blog\/wp-content\/uploads\/2022\/08\/newspaper-g2d25a3cd9_640.png","type":"image\/png"}],"author":"Veronica Conti","twitter_card":"summary_large_image","twitter_misc":{"Written by":"Veronica Conti","Est. reading time":"3 minuti"},"schema":{"@context":"https:\/\/schema.org","@graph":[{"@type":"Article","@id":"https:\/\/www.docenti.it\/blog\/decreto-riforma-bianchi-ecco-le-ultime-notizie\/#article","isPartOf":{"@id":"https:\/\/www.docenti.it\/blog\/decreto-riforma-bianchi-ecco-le-ultime-notizie\/"},"author":{"name":"Veronica Conti","@id":"https:\/\/www.docenti.it\/blog\/#\/schema\/person\/db2692c75b023bba5319018ede576846"},"headline":"Decreto Riforma Bianchi: ecco le ultime notizie","datePublished":"2022-08-02T10:19:52+00:00","dateModified":"2022-08-02T10:19:54+00:00","mainEntityOfPage":{"@id":"https:\/\/www.docenti.it\/blog\/decreto-riforma-bianchi-ecco-le-ultime-notizie\/"},"wordCount":419,"commentCount":0,"publisher":{"@id":"https:\/\/www.docenti.it\/blog\/#organization"},"keywords":["nuovo reclutamento docenti"],"articleSection":["News"],"inLanguage":"it-IT","potentialAction":[{"@type":"CommentAction","name":"Comment","target":["https:\/\/www.docenti.it\/blog\/decreto-riforma-bianchi-ecco-le-ultime-notizie\/#respond"]}]},{"@type":"WebPage","@id":"https:\/\/www.docenti.it\/blog\/decreto-riforma-bianchi-ecco-le-ultime-notizie\/","url":"https:\/\/www.docenti.it\/blog\/decreto-riforma-bianchi-ecco-le-ultime-notizie\/","name":"Decreto Riforma Bianchi: ecco le ultime notizie","isPartOf":{"@id":"https:\/\/www.docenti.it\/blog\/#website"},"datePublished":"2022-08-02T10:19:52+00:00","dateModified":"2022-08-02T10:19:54+00:00","description":"Il DPCM sulla Riforma Bianchi era atteso per il 31 luglio, tuttavia non \u00e8 ancora stato pubblicato. Che cosa ci dobbiamo aspettare?","breadcrumb":{"@id":"https:\/\/www.docenti.it\/blog\/decreto-riforma-bianchi-ecco-le-ultime-notizie\/#breadcrumb"},"inLanguage":"it-IT","potentialAction":[{"@type":"ReadAction","target":["https:\/\/www.docenti.it\/blog\/decreto-riforma-bianchi-ecco-le-ultime-notizie\/"]}]},{"@type":"BreadcrumbList","@id":"https:\/\/www.docenti.it\/blog\/decreto-riforma-bianchi-ecco-le-ultime-notizie\/#breadcrumb","itemListElement":[{"@type":"ListItem","position":1,"name":"Home","item":"https:\/\/www.docenti.it\/blog\/"},{"@type":"ListItem","position":2,"name":"Decreto Riforma Bianchi: ecco le ultime notizie"}]},{"@type":"WebSite","@id":"https:\/\/www.docenti.it\/blog\/#website","url":"https:\/\/www.docenti.it\/blog\/","name":"Blog | Docenti.it","description":"Tutte le notizie e gli aggiornamenti dal mondo della scuola","publisher":{"@id":"https:\/\/www.docenti.it\/blog\/#organization"},"potentialAction":[{"@type":"SearchAction","target":{"@type":"EntryPoint","urlTemplate":"https:\/\/www.docenti.it\/blog\/?s={search_term_string}"},"query-input":"required name=search_term_string"}],"inLanguage":"it-IT"},{"@type":"Organization","@id":"https:\/\/www.docenti.it\/blog\/#organization","name":"Blog | Docenti.it","url":"https:\/\/www.docenti.it\/blog\/","logo":{"@type":"ImageObject","inLanguage":"it-IT","@id":"https:\/\/www.docenti.it\/blog\/#\/schema\/logo\/image\/","url":"https:\/\/www.docenti.it\/blog\/wp-content\/uploads\/2025\/06\/fb_mad_img.png","contentUrl":"https:\/\/www.docenti.it\/blog\/wp-content\/uploads\/2025\/06\/fb_mad_img.png","width":1140,"height":620,"caption":"Blog | Docenti.it"},"image":{"@id":"https:\/\/www.docenti.it\/blog\/#\/schema\/logo\/image\/"},"sameAs":["https:\/\/www.facebook.com\/docenti.it"]},{"@type":"Person","@id":"https:\/\/www.docenti.it\/blog\/#\/schema\/person\/db2692c75b023bba5319018ede576846","name":"Veronica Conti","image":{"@type":"ImageObject","inLanguage":"it-IT","@id":"https:\/\/www.docenti.it\/blog\/#\/schema\/person\/image\/","url":"https:\/\/secure.gravatar.com\/avatar\/9709c2e092989f0e61eda04e2d96c120?s=96&d=mm&r=g","contentUrl":"https:\/\/secure.gravatar.com\/avatar\/9709c2e092989f0e61eda04e2d96c120?s=96&d=mm&r=g","caption":"Veronica Conti"},"description":"Classe 1998, \u00e8 studentessa e insegnante di musica. Ha conseguito il Diploma di Violoncello nel 2018 e, due anni dopo, il Diploma Accademico di II Livello in Violoncello presso il Conservatorio di Cesena. Frequenta il terzo anno all'universit\u00e0 di Urbino, Lingue e Culture Straniere profilo linguistico-aziendale, ed \u00e8 tirocinante presso Docenti.it.","url":"https:\/\/www.docenti.it\/blog\/author\/veronica-conti\/"}]}},"_links":{"self":[{"href":"https:\/\/www.docenti.it\/blog\/wp-json\/wp\/v2\/posts\/30691"}],"collection":[{"href":"https:\/\/www.docenti.it\/blog\/wp-json\/wp\/v2\/posts"}],"about":[{"href":"https:\/\/www.docenti.it\/blog\/wp-json\/wp\/v2\/types\/post"}],"author":[{"embeddable":true,"href":"https:\/\/www.docenti.it\/blog\/wp-json\/wp\/v2\/users\/22"}],"replies":[{"embeddable":true,"href":"https:\/\/www.docenti.it\/blog\/wp-json\/wp\/v2\/comments?post=30691"}],"version-history":[{"count":6,"href":"https:\/\/www.docenti.it\/blog\/wp-json\/wp\/v2\/posts\/30691\/revisions"}],"predecessor-version":[{"id":30701,"href":"https:\/\/www.docenti.it\/blog\/wp-json\/wp\/v2\/posts\/30691\/revisions\/30701"}],"wp:featuredmedia":[{"embeddable":true,"href":"https:\/\/www.docenti.it\/blog\/wp-json\/wp\/v2\/media\/30696"}],"wp:attachment":[{"href":"https:\/\/www.docenti.it\/blog\/wp-json\/wp\/v2\/media?parent=30691"}],"wp:term":[{"taxonomy":"category","embeddable":true,"href":"https:\/\/www.docenti.it\/blog\/wp-json\/wp\/v2\/categories?post=30691"},{"taxonomy":"post_tag","embeddable":true,"href":"https:\/\/www.docenti.it\/blog\/wp-json\/wp\/v2\/tags?post=30691"}],"curies":[{"name":"wp","href":"https:\/\/api.w.org\/{rel}","templated":true}]}}