{"id":31510,"date":"2022-08-23T10:33:08","date_gmt":"2022-08-23T08:33:08","guid":{"rendered":"https:\/\/www.docenti.it\/blog\/?p=31510"},"modified":"2023-07-07T19:04:36","modified_gmt":"2023-07-07T17:04:36","slug":"come-fare-domanda-di-messa-a-disposizione-2022-23","status":"publish","type":"post","link":"https:\/\/www.docenti.it\/blog\/come-fare-domanda-di-messa-a-disposizione-2022-23\/","title":{"rendered":"Come fare domanda di Messa a Disposizione 2023\/24"},"content":{"rendered":"\n<p><strong>La domanda di Messa a Disposizione<\/strong> \u00e8 uno degli strumenti pi\u00f9 utilizzati da aspiranti docenti e neolaureati per entrare ne mondo della scuola. <\/p>\n\n\n\n<p><em>Ma come si fa?<\/em><\/p>\n\n\n\n<!--more-->\n\n\n\n<h2>Inviare la domanda di Messa a Disposizione: il periodo migliore<\/h2>\n\n\n\n<p>Nel mondo della scuola il tempismo gioca un ruolo fondamentale. <br>Tra scadenze, rinnovi, termini ultimi e quant&#8217;altro, perdersi \u00e8 un attimo!<\/p>\n\n\n\n<p>Cos\u00ec come ci sono dei <strong>periodi pi\u00f9 favorevoli di altri per ottenere degli incarichi di supplenza<\/strong>, anche per chi non \u00e8 alto in graduatoria. <\/p>\n\n\n\n<p>Uno di questi \u00e8 <strong>settembre<\/strong>, quando riaprono le scuole. <br>Ma \u00e8 importante arrivarci preparati, ovvero con<strong> una domanda di Messa a Disposizione<\/strong> <strong>corretta e strategica.<\/strong> <\/p>\n\n\n\n<p>Da met\u00e0 agosto gli uffici scolastici iniziano a preparasi per la riapertura degli istituti e a selezionare possibili supplenti, perch\u00e9 gi\u00e0 sanno che molti posti rimarranno vuoti.<\/p>\n\n\n\n<p>Per questo motivo, <strong><a href=\"https:\/\/www.docenti.it\/messa-a-disposizione.html?lnk=104\" target=\"_blank\" rel=\"noreferrer noopener\">chi presenter\u00e0 la propria domanda di Messa a Disposizione (MAD)<\/a> <\/strong>da met\u00e0 agosto sar\u00e0 avvantaggiato. <\/p>\n\n\n\n<p>Sebbene non sia facile preparare una MAD in autonomia \u00e8 comunque possibile. <br>Basta scaricare il modello sul sito del MIUR e inviarlo alla scuola che si \u00e8 individuata.<\/p>\n\n\n\n<p>Procedura gratuita, lunga, dispendiosa e&#8230; assolutamente sconsigliata. <\/p>\n\n\n\n<p><em>Perch\u00e9 dovresti evitare di candidarti con una MAD da solo?<\/em><\/p>\n\n\n\n<p>Cerchiamo di capirlo insieme.<\/p>\n\n\n\n<h3>Cosa serve per la MAD?<\/h3>\n\n\n\n<p>Oltre ai titoli di studio, \u00e8 necessario conoscere perfettamente la propria Classe di Concorso e se non \u00e8 completa affidarsi a dei professionisti per ricevere consigli sul tipo di domanda da presentare.<\/p>\n\n\n<p>[maxbutton id=&#8221;1&#8243; url=&#8221;https:\/\/www.docenti.it\/messa-a-disposizione.html?lnk=104&#8243; text=&#8221;Compila qui la tua MAD&#8221;]<\/p>\n\n\n\n<p><\/p>\n\n\n\n<p>I campi da compilare per presentare la propria MAD sono molteplici e non \u00e8 permesso commettere nemmeno un piccolo errore, se si vuole che la propria domanda non venga scartata dagli istituti. <\/p>\n\n\n\n<h3>Come inviare MAD a pi\u00f9 istituti?<\/h3>\n\n\n\n<p>Per inviare la domanda di Messa a Disposizione a pi\u00f9 istituti in modo autonomo \u00e8 necessario scaricare il modello, compilarlo e inviarlo (o consegnarlo) a ogni istituto. <\/p>\n\n\n\n<p>Una procedura lunga e dispendiosa, che non ti porterebbe a nulla se non a&#8230; perdere tempo. <\/p>\n\n\n\n<p><em>Ma qual \u00e8 l&#8217;alternativa a questo?<\/em><\/p>\n\n\n\n<p>L&#8217;alternativa consiste nell&#8217; affidarsi ad un servizio di redazione professionale della tua MAD, il cui invio arrivi direttamente nelle piattaforme degli istituti scolastici.<\/p>\n\n\n\n<p>Affidandoti ad un servizio di questo tipo godrai di determinati vantaggi, che da solo non avresti.<\/p>\n\n\n\n<p>Ad esempio, il vantaggio di avere a tua disposizione un team di consulenti esperti del settore, in grado di <strong>affiancarti per tutta la compilazione della tua MAD fino al suo invio. <\/strong><\/p>\n\n\n\n<p>Inoltre affidandosi a un team di specialisti della MAD hai il vantaggio di ricevere consigli strategici per aumentare le tue possibilit\u00e0 di una supplenza. <\/p>\n\n\n\n<p>Stiamo parlando di<span class=\"has-inline-color has-vivid-cyan-blue-color\"> <strong>Docenti.it<\/strong><\/span>, una realt\u00e0 che opera da oltre 7 anni nel mondo scuola e aiuta laureati e aspiranti docenti a diventare insegnanti con la domanda di Messa a Disposizione. <\/p>\n\n\n\n<p>Inviare la tua domanda sulla nostra piattaforma ti conferisce&nbsp;<strong>precisi benefici<\/strong>.<\/p>\n\n\n\n<p>Eccoli, nello specifico:<\/p>\n\n\n\n<ul>\n<li><strong>Sarai contattato da uno dei nostri consulenti esperti entro 24h dalla compilazione della tua MAD sul nostro sito<\/strong>;<\/li>\n\n\n\n<li>Il consulente si occuper\u00e0 di&nbsp;<strong>riepilogare i tuoi dati e correggere eventuali errori di compilazione<\/strong>&nbsp;(gi\u00e0 solo questo dovrebbe darti modo di capire la professionalit\u00e0 che vive dentro al nostro servizio come un cuore pulsante);<\/li>\n\n\n\n<li>Il consulente&nbsp;<strong>invier\u00e0 automaticamente la tua domanda<\/strong>&nbsp;al termine della chiamata;<\/li>\n\n\n\n<li>Dopodich\u00e9, tu riceverai&nbsp;<strong>il tuo report<\/strong>&nbsp;con i nomi di tutti gli istituti che hanno ricevuto la tua candidatura.<\/li>\n<\/ul>\n\n\n\n<p>Il nostro servizio, inoltre,&nbsp;<strong>si avvale della collaborazione dei principali portali del mondo scuola: Argo, Nuvola e Spaggiari.<\/strong><\/p>\n\n\n\n<p>Grazie a questa pluriennale collaborazione,&nbsp;<strong>noi possiamo inviare la tua MAD direttamente alle scuole.<\/strong><\/p>\n\n\n\n<p class=\"has-text-align-center\"><em><strong>Ma per essere uno di quei supplenti e aumentare il proprio punteggio, <br>\u00e8 fondamentale inviare ora la propria Messa a Disposizione in pi\u00f9 province, a pi\u00f9 istituti.<\/strong><\/em> <\/p>\n\n\n\n<p class=\"has-text-align-center\"><em><strong>Approfittane: il momento migliore per inviare la tua MAD \u00e8 questo!<\/strong><\/em><\/p>\n\n\n<p>[maxbutton id=&#8221;1&#8243; url=&#8221;https:\/\/www.docenti.it\/messa-a-disposizione.html?lnk=104&#8243; text=&#8221;Invia la tua MAD qui&#8221;]<\/p>\n\n\n\n<p><\/p>\n\n\n\n<h3>Contatta la redazione<\/h3>\n\n\n\n<p>Hai dubbi da porci o domande riguardo il servizio di invio&nbsp;<strong>Messa a Disposizione<\/strong>?<\/p>\n\n\n\n<p>Puoi contattare la nostra redazione a questo indirizzo:&nbsp;redazione@docenti.it<\/p>\n\n\n\n<p>Riceverai una risposta alle tue domande nel breve tempo possibile.<\/p>\n\n\n\n<p>Leggi anche:<\/p>\n\n\n\n<ul>\n<li><a href=\"https:\/\/www.docenti.it\/blog\/supplenze-docenti-ricevere-una-nomina-al-30-giugno-da-cosa-dipende\/\">Supplenze docenti: ricevere una nomina al 30 giugno. Da cosa dipende?<\/a><\/li>\n\n\n\n<li><a href=\"https:\/\/www.docenti.it\/blog\/supplenze-gps-ecco-la-data-di-presa-in-servizio\/\">Supplenze GPS: ecco la data di presa in servizio<\/a><\/li>\n\n\n\n<li><a href=\"https:\/\/www.docenti.it\/blog\/mad-scuola-come-ottenere-una-convocazione-per-settembre\/\">MAD scuola: come ottenere una convocazione per settembre?<\/a><\/li>\n<\/ul>\n\n\n\n<p>Photo credit: <a href=\"http:\/\/www.pexels.com\">pexels.com<\/a><\/p>\n","protected":false},"excerpt":{"rendered":"<p>La domanda di Messa a Disposizione \u00e8 uno degli strumenti pi\u00f9 utilizzati da aspiranti [&hellip;]<\/p>\n","protected":false},"author":23,"featured_media":31512,"comment_status":"open","ping_status":"open","sticky":false,"template":"","format":"standard","meta":[],"categories":[2],"tags":[],"yoast_head":"<!-- This site is optimized with the Yoast SEO plugin v20.4 - https:\/\/yoast.com\/wordpress\/plugins\/seo\/ -->\n<title>Come fare domanda di Messa a Disposizione 2022\/23<\/title>\n<meta name=\"description\" content=\"Il momento migliore per fare domanda di Messa a Disposizione \u00e8 dopo met\u00e0 agosto per le supplenze di settembre.\" \/>\n<meta name=\"robots\" content=\"index, follow, max-snippet:-1, max-image-preview:large, max-video-preview:-1\" \/>\n<link rel=\"canonical\" href=\"https:\/\/www.docenti.it\/blog\/come-fare-domanda-di-messa-a-disposizione-2022-23\/\" \/>\n<meta property=\"og:locale\" content=\"it_IT\" \/>\n<meta property=\"og:type\" content=\"article\" \/>\n<meta property=\"og:title\" content=\"Come fare domanda di Messa a Disposizione 2022\/23\" \/>\n<meta property=\"og:description\" content=\"Il momento migliore per fare domanda di Messa a Disposizione \u00e8 dopo met\u00e0 agosto per le supplenze di settembre.\" \/>\n<meta property=\"og:url\" content=\"https:\/\/www.docenti.it\/blog\/come-fare-domanda-di-messa-a-disposizione-2022-23\/\" \/>\n<meta property=\"og:site_name\" content=\"Blog | Docenti.it\" \/>\n<meta property=\"article:publisher\" content=\"https:\/\/www.facebook.com\/docenti.it\" \/>\n<meta property=\"article:published_time\" content=\"2022-08-23T08:33:08+00:00\" \/>\n<meta property=\"article:modified_time\" content=\"2023-07-07T17:04:36+00:00\" \/>\n<meta property=\"og:image\" content=\"https:\/\/www.docenti.it\/blog\/wp-content\/uploads\/2022\/08\/pexels-andrea-piacquadio-37681261.jpg\" \/>\n\t<meta property=\"og:image:width\" content=\"640\" \/>\n\t<meta property=\"og:image:height\" content=\"429\" \/>\n\t<meta property=\"og:image:type\" content=\"image\/jpeg\" \/>\n<meta name=\"author\" content=\"Francesca Renzetti\" \/>\n<meta name=\"twitter:card\" content=\"summary_large_image\" \/>\n<meta name=\"twitter:label1\" content=\"Written by\" \/>\n\t<meta name=\"twitter:data1\" content=\"Francesca Renzetti\" \/>\n\t<meta name=\"twitter:label2\" content=\"Est. reading time\" \/>\n\t<meta name=\"twitter:data2\" content=\"4 minuti\" \/>\n<script type=\"application\/ld+json\" class=\"yoast-schema-graph\">{\"@context\":\"https:\/\/schema.org\",\"@graph\":[{\"@type\":\"Article\",\"@id\":\"https:\/\/www.docenti.it\/blog\/come-fare-domanda-di-messa-a-disposizione-2022-23\/#article\",\"isPartOf\":{\"@id\":\"https:\/\/www.docenti.it\/blog\/come-fare-domanda-di-messa-a-disposizione-2022-23\/\"},\"author\":{\"name\":\"Francesca Renzetti\",\"@id\":\"https:\/\/www.docenti.it\/blog\/#\/schema\/person\/a749f61b126f93ac28ce27ddaef08da9\"},\"headline\":\"Come fare domanda di Messa a Disposizione 2023\/24\",\"datePublished\":\"2022-08-23T08:33:08+00:00\",\"dateModified\":\"2023-07-07T17:04:36+00:00\",\"mainEntityOfPage\":{\"@id\":\"https:\/\/www.docenti.it\/blog\/come-fare-domanda-di-messa-a-disposizione-2022-23\/\"},\"wordCount\":724,\"commentCount\":0,\"publisher\":{\"@id\":\"https:\/\/www.docenti.it\/blog\/#organization\"},\"articleSection\":[\"Messa a Disposizione\"],\"inLanguage\":\"it-IT\",\"potentialAction\":[{\"@type\":\"CommentAction\",\"name\":\"Comment\",\"target\":[\"https:\/\/www.docenti.it\/blog\/come-fare-domanda-di-messa-a-disposizione-2022-23\/#respond\"]}]},{\"@type\":\"WebPage\",\"@id\":\"https:\/\/www.docenti.it\/blog\/come-fare-domanda-di-messa-a-disposizione-2022-23\/\",\"url\":\"https:\/\/www.docenti.it\/blog\/come-fare-domanda-di-messa-a-disposizione-2022-23\/\",\"name\":\"Come fare domanda di Messa a Disposizione 2022\/23\",\"isPartOf\":{\"@id\":\"https:\/\/www.docenti.it\/blog\/#website\"},\"datePublished\":\"2022-08-23T08:33:08+00:00\",\"dateModified\":\"2023-07-07T17:04:36+00:00\",\"description\":\"Il momento migliore per fare domanda di Messa a Disposizione \u00e8 dopo met\u00e0 agosto per le supplenze di settembre.\",\"breadcrumb\":{\"@id\":\"https:\/\/www.docenti.it\/blog\/come-fare-domanda-di-messa-a-disposizione-2022-23\/#breadcrumb\"},\"inLanguage\":\"it-IT\",\"potentialAction\":[{\"@type\":\"ReadAction\",\"target\":[\"https:\/\/www.docenti.it\/blog\/come-fare-domanda-di-messa-a-disposizione-2022-23\/\"]}]},{\"@type\":\"BreadcrumbList\",\"@id\":\"https:\/\/www.docenti.it\/blog\/come-fare-domanda-di-messa-a-disposizione-2022-23\/#breadcrumb\",\"itemListElement\":[{\"@type\":\"ListItem\",\"position\":1,\"name\":\"Home\",\"item\":\"https:\/\/www.docenti.it\/blog\/\"},{\"@type\":\"ListItem\",\"position\":2,\"name\":\"Come fare domanda di Messa a Disposizione 2023\/24\"}]},{\"@type\":\"WebSite\",\"@id\":\"https:\/\/www.docenti.it\/blog\/#website\",\"url\":\"https:\/\/www.docenti.it\/blog\/\",\"name\":\"Blog | Docenti.it\",\"description\":\"Tutte le notizie e gli aggiornamenti dal mondo della scuola\",\"publisher\":{\"@id\":\"https:\/\/www.docenti.it\/blog\/#organization\"},\"potentialAction\":[{\"@type\":\"SearchAction\",\"target\":{\"@type\":\"EntryPoint\",\"urlTemplate\":\"https:\/\/www.docenti.it\/blog\/?s={search_term_string}\"},\"query-input\":\"required name=search_term_string\"}],\"inLanguage\":\"it-IT\"},{\"@type\":\"Organization\",\"@id\":\"https:\/\/www.docenti.it\/blog\/#organization\",\"name\":\"Blog | Docenti.it\",\"url\":\"https:\/\/www.docenti.it\/blog\/\",\"logo\":{\"@type\":\"ImageObject\",\"inLanguage\":\"it-IT\",\"@id\":\"https:\/\/www.docenti.it\/blog\/#\/schema\/logo\/image\/\",\"url\":\"https:\/\/www.docenti.it\/blog\/wp-content\/uploads\/2025\/06\/fb_mad_img.png\",\"contentUrl\":\"https:\/\/www.docenti.it\/blog\/wp-content\/uploads\/2025\/06\/fb_mad_img.png\",\"width\":1140,\"height\":620,\"caption\":\"Blog | Docenti.it\"},\"image\":{\"@id\":\"https:\/\/www.docenti.it\/blog\/#\/schema\/logo\/image\/\"},\"sameAs\":[\"https:\/\/www.facebook.com\/docenti.it\"]},{\"@type\":\"Person\",\"@id\":\"https:\/\/www.docenti.it\/blog\/#\/schema\/person\/a749f61b126f93ac28ce27ddaef08da9\",\"name\":\"Francesca Renzetti\",\"image\":{\"@type\":\"ImageObject\",\"inLanguage\":\"it-IT\",\"@id\":\"https:\/\/www.docenti.it\/blog\/#\/schema\/person\/image\/\",\"url\":\"https:\/\/secure.gravatar.com\/avatar\/adeec37e32dce11c71964f4ad5022489?s=96&d=mm&r=g\",\"contentUrl\":\"https:\/\/secure.gravatar.com\/avatar\/adeec37e32dce11c71964f4ad5022489?s=96&d=mm&r=g\",\"caption\":\"Francesca Renzetti\"},\"description\":\"Mi occupo di copywriting dal 2007. Inizio il mio viaggio dal web per poi approdare a tutte le sfumature di questa professione: dalla realizzazione di testi per depliant o brochure, all\u2019ideazione di campagne pubblicitarie, ai testi di radiocomunicati e articoli redazionali. In particolare scopro che mi piace comunicare l\u2019anima di un Brand ed usare le parole per farlo vibrare nelle persone!\",\"url\":\"https:\/\/www.docenti.it\/blog\/author\/francesca-renzetti\/\"}]}<\/script>\n<!-- \/ Yoast SEO plugin. -->","yoast_head_json":{"title":"Come fare domanda di Messa a Disposizione 2022\/23","description":"Il momento migliore per fare domanda di Messa a Disposizione \u00e8 dopo met\u00e0 agosto per le supplenze di settembre.","robots":{"index":"index","follow":"follow","max-snippet":"max-snippet:-1","max-image-preview":"max-image-preview:large","max-video-preview":"max-video-preview:-1"},"canonical":"https:\/\/www.docenti.it\/blog\/come-fare-domanda-di-messa-a-disposizione-2022-23\/","og_locale":"it_IT","og_type":"article","og_title":"Come fare domanda di Messa a Disposizione 2022\/23","og_description":"Il momento migliore per fare domanda di Messa a Disposizione \u00e8 dopo met\u00e0 agosto per le supplenze di settembre.","og_url":"https:\/\/www.docenti.it\/blog\/come-fare-domanda-di-messa-a-disposizione-2022-23\/","og_site_name":"Blog | Docenti.it","article_publisher":"https:\/\/www.facebook.com\/docenti.it","article_published_time":"2022-08-23T08:33:08+00:00","article_modified_time":"2023-07-07T17:04:36+00:00","og_image":[{"width":640,"height":429,"url":"https:\/\/www.docenti.it\/blog\/wp-content\/uploads\/2022\/08\/pexels-andrea-piacquadio-37681261.jpg","type":"image\/jpeg"}],"author":"Francesca Renzetti","twitter_card":"summary_large_image","twitter_misc":{"Written by":"Francesca Renzetti","Est. reading time":"4 minuti"},"schema":{"@context":"https:\/\/schema.org","@graph":[{"@type":"Article","@id":"https:\/\/www.docenti.it\/blog\/come-fare-domanda-di-messa-a-disposizione-2022-23\/#article","isPartOf":{"@id":"https:\/\/www.docenti.it\/blog\/come-fare-domanda-di-messa-a-disposizione-2022-23\/"},"author":{"name":"Francesca Renzetti","@id":"https:\/\/www.docenti.it\/blog\/#\/schema\/person\/a749f61b126f93ac28ce27ddaef08da9"},"headline":"Come fare domanda di Messa a Disposizione 2023\/24","datePublished":"2022-08-23T08:33:08+00:00","dateModified":"2023-07-07T17:04:36+00:00","mainEntityOfPage":{"@id":"https:\/\/www.docenti.it\/blog\/come-fare-domanda-di-messa-a-disposizione-2022-23\/"},"wordCount":724,"commentCount":0,"publisher":{"@id":"https:\/\/www.docenti.it\/blog\/#organization"},"articleSection":["Messa a Disposizione"],"inLanguage":"it-IT","potentialAction":[{"@type":"CommentAction","name":"Comment","target":["https:\/\/www.docenti.it\/blog\/come-fare-domanda-di-messa-a-disposizione-2022-23\/#respond"]}]},{"@type":"WebPage","@id":"https:\/\/www.docenti.it\/blog\/come-fare-domanda-di-messa-a-disposizione-2022-23\/","url":"https:\/\/www.docenti.it\/blog\/come-fare-domanda-di-messa-a-disposizione-2022-23\/","name":"Come fare domanda di Messa a Disposizione 2022\/23","isPartOf":{"@id":"https:\/\/www.docenti.it\/blog\/#website"},"datePublished":"2022-08-23T08:33:08+00:00","dateModified":"2023-07-07T17:04:36+00:00","description":"Il momento migliore per fare domanda di Messa a Disposizione \u00e8 dopo met\u00e0 agosto per le supplenze di settembre.","breadcrumb":{"@id":"https:\/\/www.docenti.it\/blog\/come-fare-domanda-di-messa-a-disposizione-2022-23\/#breadcrumb"},"inLanguage":"it-IT","potentialAction":[{"@type":"ReadAction","target":["https:\/\/www.docenti.it\/blog\/come-fare-domanda-di-messa-a-disposizione-2022-23\/"]}]},{"@type":"BreadcrumbList","@id":"https:\/\/www.docenti.it\/blog\/come-fare-domanda-di-messa-a-disposizione-2022-23\/#breadcrumb","itemListElement":[{"@type":"ListItem","position":1,"name":"Home","item":"https:\/\/www.docenti.it\/blog\/"},{"@type":"ListItem","position":2,"name":"Come fare domanda di Messa a Disposizione 2023\/24"}]},{"@type":"WebSite","@id":"https:\/\/www.docenti.it\/blog\/#website","url":"https:\/\/www.docenti.it\/blog\/","name":"Blog | Docenti.it","description":"Tutte le notizie e gli aggiornamenti dal mondo della scuola","publisher":{"@id":"https:\/\/www.docenti.it\/blog\/#organization"},"potentialAction":[{"@type":"SearchAction","target":{"@type":"EntryPoint","urlTemplate":"https:\/\/www.docenti.it\/blog\/?s={search_term_string}"},"query-input":"required name=search_term_string"}],"inLanguage":"it-IT"},{"@type":"Organization","@id":"https:\/\/www.docenti.it\/blog\/#organization","name":"Blog | Docenti.it","url":"https:\/\/www.docenti.it\/blog\/","logo":{"@type":"ImageObject","inLanguage":"it-IT","@id":"https:\/\/www.docenti.it\/blog\/#\/schema\/logo\/image\/","url":"https:\/\/www.docenti.it\/blog\/wp-content\/uploads\/2025\/06\/fb_mad_img.png","contentUrl":"https:\/\/www.docenti.it\/blog\/wp-content\/uploads\/2025\/06\/fb_mad_img.png","width":1140,"height":620,"caption":"Blog | Docenti.it"},"image":{"@id":"https:\/\/www.docenti.it\/blog\/#\/schema\/logo\/image\/"},"sameAs":["https:\/\/www.facebook.com\/docenti.it"]},{"@type":"Person","@id":"https:\/\/www.docenti.it\/blog\/#\/schema\/person\/a749f61b126f93ac28ce27ddaef08da9","name":"Francesca Renzetti","image":{"@type":"ImageObject","inLanguage":"it-IT","@id":"https:\/\/www.docenti.it\/blog\/#\/schema\/person\/image\/","url":"https:\/\/secure.gravatar.com\/avatar\/adeec37e32dce11c71964f4ad5022489?s=96&d=mm&r=g","contentUrl":"https:\/\/secure.gravatar.com\/avatar\/adeec37e32dce11c71964f4ad5022489?s=96&d=mm&r=g","caption":"Francesca Renzetti"},"description":"Mi occupo di copywriting dal 2007. Inizio il mio viaggio dal web per poi approdare a tutte le sfumature di questa professione: dalla realizzazione di testi per depliant o brochure, all\u2019ideazione di campagne pubblicitarie, ai testi di radiocomunicati e articoli redazionali. In particolare scopro che mi piace comunicare l\u2019anima di un Brand ed usare le parole per farlo vibrare nelle persone!","url":"https:\/\/www.docenti.it\/blog\/author\/francesca-renzetti\/"}]}},"_links":{"self":[{"href":"https:\/\/www.docenti.it\/blog\/wp-json\/wp\/v2\/posts\/31510"}],"collection":[{"href":"https:\/\/www.docenti.it\/blog\/wp-json\/wp\/v2\/posts"}],"about":[{"href":"https:\/\/www.docenti.it\/blog\/wp-json\/wp\/v2\/types\/post"}],"author":[{"embeddable":true,"href":"https:\/\/www.docenti.it\/blog\/wp-json\/wp\/v2\/users\/23"}],"replies":[{"embeddable":true,"href":"https:\/\/www.docenti.it\/blog\/wp-json\/wp\/v2\/comments?post=31510"}],"version-history":[{"count":37,"href":"https:\/\/www.docenti.it\/blog\/wp-json\/wp\/v2\/posts\/31510\/revisions"}],"predecessor-version":[{"id":45259,"href":"https:\/\/www.docenti.it\/blog\/wp-json\/wp\/v2\/posts\/31510\/revisions\/45259"}],"wp:featuredmedia":[{"embeddable":true,"href":"https:\/\/www.docenti.it\/blog\/wp-json\/wp\/v2\/media\/31512"}],"wp:attachment":[{"href":"https:\/\/www.docenti.it\/blog\/wp-json\/wp\/v2\/media?parent=31510"}],"wp:term":[{"taxonomy":"category","embeddable":true,"href":"https:\/\/www.docenti.it\/blog\/wp-json\/wp\/v2\/categories?post=31510"},{"taxonomy":"post_tag","embeddable":true,"href":"https:\/\/www.docenti.it\/blog\/wp-json\/wp\/v2\/tags?post=31510"}],"curies":[{"name":"wp","href":"https:\/\/api.w.org\/{rel}","templated":true}]}}