{"id":31935,"date":"2022-08-29T11:40:50","date_gmt":"2022-08-29T09:40:50","guid":{"rendered":"https:\/\/www.docenti.it\/blog\/?p=31935"},"modified":"2022-08-29T11:40:52","modified_gmt":"2022-08-29T09:40:52","slug":"assunzioni-scuola-quanto-costa-fare-una-mad","status":"publish","type":"post","link":"https:\/\/www.docenti.it\/blog\/assunzioni-scuola-quanto-costa-fare-una-mad\/","title":{"rendered":"Assunzioni scuola: quanto costa fare una MAD?"},"content":{"rendered":"\n<p>Per le future <strong>assunzioni scuola<\/strong>, a partire dal nuovo anno scolastico lo strumento pi\u00f9 utilizzato dagli aspiranti docenti sono le <strong>domande di Messa a Disposizione (MAD<\/strong>). <\/p>\n\n\n\n<p><em>Ma quanto costa inviare una MAD agli istituti?<\/em><\/p>\n\n\n\n<!--more-->\n\n\n\n<h2>Assunzioni scuola: vorrei candidarmi con una MAD<\/h2>\n\n\n\n<p>I disagi che ogni anno si manifestano a inizio anno scolastico si presenteranno anche a settembre 2022.<\/p>\n\n\n\n<p><strong>Stiamo parlando della continua presenza, ogni anno, di cattedre vacanti.<br><\/strong>Cattedre che, puntualmente, i supplenti devono ricoprire. <\/p>\n\n\n\n<p>Una vera fortuna per gli aspiranti docenti che si candidano da MAD, se non fosse che&#8230;<\/p>\n\n\n\n<p><strong>Le assunzioni scuola in questo periodo sembrano davvero impossibili. <br><\/strong>Gli uffici scolastici sono gi\u00e0 al lavoro per riuscire a colmare i posti vacanti. <\/p>\n\n\n\n<p>Nemmeno gli strumenti creati appositamente per ovviare questo problema (graduatorie incrociate eccc&#8230;) sembrano bastare. <br><strong>Per questo motivo, si ricorre ogni anno alla Messa a Disposizione.<\/strong><\/p>\n\n\n\n<p>La seconda met\u00e0 del mese di agosto \u00e8 senza alcun dubbio <strong>uno dei periodi pi\u00f9 favorevoli <a href=\"https:\/\/www.docenti.it\/messa-a-disposizione.html?lnk=104\" target=\"_blank\" rel=\"noreferrer noopener\">per inviare la MAD<\/a><\/strong> se il proprio obiettivo sono le assunzioni scuola. <\/p>\n\n\n\n<p><strong>La Messa a Disposizione pu\u00f2 essere presentata anche da chi ha una laurea triennale<\/strong> e se si pianifica un invio strategico le possibilit\u00e0 di essere chiamati si alzano notevolmente! <\/p>\n\n\n\n<p><em>Ma dove puoi compilare una MAD per candidarti nelle scuole senza errori?<\/em><\/p>\n\n\n\n<h3>Dove si compila la MAD?<\/h3>\n\n\n\n<p><strong>Docenti.it<\/strong>, realt\u00e0 che da oltre sette anni aiuta aspiranti docenti e neolaureati a entrare nel mondo della scuola, <strong>ha realizzato dei pacchetti agevolati per MAD.<\/strong><\/p>\n\n\n\n<p>In tutti questi anni abbiamo visto come <strong>inviare la propria domanda in pi\u00f9 province<\/strong> possa agevolare di molto gli aspiranti docenti nell&#8217;ottenere incarichi di supplenza.<\/p>\n\n\n\n<p>Grazie a questi pacchetti dedicati,<strong> potrai compilare la tua MAD e candidarti nelle province migliori con un semplice click!<\/strong><\/p>\n\n\n\n<p>I consulenti specializzati ti aiuteranno a compilare correttamente e ad inviare la tua domanda direttamente a tutti gli istituti delle province da te selezionate!<\/p>\n\n\n\n<figure class=\"wp-block-image size-full\"><img decoding=\"async\" loading=\"lazy\" width=\"640\" height=\"426\" src=\"https:\/\/www.docenti.it\/blog\/wp-content\/uploads\/2022\/08\/globe-gfe170aaae_640.jpg\" alt=\"assunzioni scuola\" class=\"wp-image-32157\" srcset=\"https:\/\/www.docenti.it\/blog\/wp-content\/uploads\/2022\/08\/globe-gfe170aaae_640.jpg 640w, https:\/\/www.docenti.it\/blog\/wp-content\/uploads\/2022\/08\/globe-gfe170aaae_640-300x200.jpg 300w\" sizes=\"(max-width: 640px) 100vw, 640px\" \/><\/figure>\n\n\n\n<h3>Perch\u00e8 affidarsi a degli specialisti MAD?<\/h3>\n\n\n\n<p>In questi anni abbiamo raccolto le lamentele di molti aspiranti che in autonomia inviavano le domande per le assunzioni scuola. <\/p>\n\n\n\n<p>Quasi tutte avevano in comune il fatto di essere state scartate dalle scuole per errori non specificati. <\/p>\n\n\n\n<p>Purtroppo basta un piccolo errore di compilazione per far s\u00ec che la propria domanda non venga accettata. <br>Inoltre, se si scelgono pi\u00f9 istituti e province il lavoro in autonomia diventa molto brigoso.<\/p>\n\n\n\n<p>Per questo motivo, ti suggeriamo di affidarti a noi!<\/p>\n\n\n\n<p>Affidandosi agli specialisti di Docenti.it si ha la garanzia di <strong>compilare una MAD perfettamente corretta, <\/strong>che quindi non sar\u00e0 scartata dagli uffici scolastici selezionati. <\/p>\n\n\n\n<p>In secondo luogo, si potranno scegliere quante province e scuole si desidera perch\u00e9 l&#8217;invio sar\u00e0 automatico e il recapito sar\u00e0 monitorato.<\/p>\n\n\n<p>[maxbutton id=&#8221;1&#8243; url=&#8221;https:\/\/www.docenti.it\/messa-a-disposizione.html?lnk=104&#8243; text=&#8221;Invia ORA la tua MAD qui&#8221; ]<\/p>\n\n\n\n<p><\/p>\n\n\n\n<p class=\"has-text-align-center\"><em><strong>Il servizio ha un costo a partire da 19 euro per provincia e grado di istruzione.<br>Questo, se decidi di inviare una singola MAD.<\/strong><\/em><\/p>\n\n\n\n<p class=\"has-text-align-center\"><em><strong>Ma se, invece, decidi di darci retta e di attivare il pacchetto pi\u00f9 province, allora&#8230;<\/strong><\/em><\/p>\n\n\n\n<h2>Candidati in pi\u00f9 province con un click<\/h2>\n\n\n\n<p><strong>Grazie ai nostri pacchetti province tu potrai farti conoscere da migliaia di istituti in pi\u00f9 province con un semplice click!<\/strong><\/p>\n\n\n\n<p>Non solo.<\/p>\n\n\n\n<p>Potrai inviare la tua MAD nelle migliori province, quelle dove, ogni anno, le scuole ricercano supplenti in maniera massiccia, rispetto ad altre, considerate pi\u00f9&#8230; <em>sfortunate<\/em>.<\/p>\n\n\n\n<p>Questi di seguito elencati sono i pacchetti che pi\u00f9 funzionano in base alle province in cui la richiesta di supplenti \u00e8 sempre molto alta.<\/p>\n\n\n\n<p>Ecco quali sono le <strong>province migliori <\/strong>in cui avrai maggiori possibilit\u00e0 di essere ricontattato inviando la MAD.<\/p>\n\n\n\n<ul><li>AREZZO<\/li><\/ul>\n\n\n\n<ul><li>ASTI<\/li><li>BIELLA<\/li><li>CREMONA<\/li><li>FORL\u00cc-CESENA<\/li><li>GORIZIA<\/li><li>IMPERIA<\/li><li>LECCO<\/li><li>LODI<\/li><li>MANTOVA<\/li><li>NOVARA<\/li><li>PIACENZA<\/li><li>PORDENONE<\/li><li>PARMA<\/li><li>RAVENNA<\/li><li>ROVIGO<\/li><li>SIENA<\/li><li>UDINE<\/li><li>VERCELLI<\/li><li>VICENZA.<\/li><\/ul>\n\n\n\n<p>Per queste province <strong>Docenti.it ha realizzato un pacchetto di invio completo<\/strong>, al costo di<strong> 197 euro<\/strong>.<\/p>\n\n\n\n<p>Un altro nostro pacchetto, invece, consiste nell&#8217;<strong>invio<\/strong> <strong>10 province al costo di 147 euro<\/strong>.<\/p>\n\n\n\n<p>Ecco quali sono le province incluse nel pacchetto:<\/p>\n\n\n\n<ul><li>CREMONA<\/li><li>LECCO<\/li><li>LODI<\/li><li>MANTOVA<\/li><li>NOVARA<\/li><li>PIACENZA<\/li><li>PORDENONE<\/li><li>ROVIGO<\/li><li>UDINE<\/li><li>VICENZA.<\/li><\/ul>\n\n\n\n<p>Se vuoi avvantaggiarti rispetto a migliaia di aspiranti docenti che, come te, si stanno gi\u00e0 muovendo adesso per inviare la loro MAD&#8230;<\/p>\n\n\n\n<p class=\"has-text-align-center\"><em><strong>&#8230; Approfitta dell&#8217;occasione e candidati su pi\u00f9 province!<\/strong><\/em><\/p>\n\n\n\n<h2>Contatta la redazione<\/h2>\n\n\n\n<p>Vuoi scoprire come attivare i pacchetti pi\u00f9 province per la tua&nbsp;<strong>Messa a Disposizione<\/strong>?<\/p>\n\n\n\n<p>Puoi contattare la nostra redazione a questo indirizzo:&nbsp;redazione@docenti.it<\/p>\n\n\n\n<p>Riceverai una risposta nel breve tempo possibile.<\/p>\n\n\n\n<p>Leggi anche:<\/p>\n\n\n\n<ul><li><a href=\"https:\/\/www.docenti.it\/blog\/gps-sostegno-ecco-lordine-di-attribuzione-supplenze\/\">GPS Sostegno: ecco l\u2019ordine di attribuzione supplenze<\/a><\/li><li><a href=\"https:\/\/www.docenti.it\/blog\/chi-e-inserito-in-gps-puo-inviare-mad-in-una-provincia-diversa-aggiornato\/\">Chi \u00e8 inserito in GPS pu\u00f2 inviare MAD in una provincia diversa? (aggiornato)<\/a><\/li><li><a href=\"https:\/\/www.docenti.it\/blog\/gps-sostegno-2022-come-si-partecipa-alla-procedura-di-assunzione\/\">GPS Sostegno 2022: come si partecipa alla procedura di assunzione?<\/a><\/li><\/ul>\n\n\n\n<p><meta charset=\"utf-8\"><a href=\"https:\/\/www.instagram.com\/docenti.it\/\" target=\"_blank\" rel=\"noreferrer noopener\"><strong>E seguici su&nbsp;<\/strong><\/a><strong><strong><a href=\"https:\/\/www.facebook.com\/docenti.it\" target=\"_blank\" rel=\"noreferrer noopener\">Facebook<\/a><\/strong>&nbsp;e&nbsp;<a href=\"https:\/\/www.instagram.com\/docenti.it\/\" target=\"_blank\" rel=\"noreferrer noopener\"><strong>Instagram<\/strong><\/a>.<\/strong><\/p>\n\n\n\n<p>Photo credit: <strong><a href=\"https:\/\/pixabay.com\/it\/\" target=\"_blank\" rel=\"noreferrer noopener\">Pixabay<\/a><\/strong><\/p>\n","protected":false},"excerpt":{"rendered":"<p>Per le future assunzioni scuola, a partire dal nuovo anno scolastico lo strumento pi\u00f9 [&hellip;]<\/p>\n","protected":false},"author":23,"featured_media":30169,"comment_status":"open","ping_status":"open","sticky":false,"template":"","format":"standard","meta":[],"categories":[2],"tags":[],"yoast_head":"<!-- This site is optimized with the Yoast SEO plugin v20.4 - https:\/\/yoast.com\/wordpress\/plugins\/seo\/ -->\n<title>Assunzioni scuola: quanto costa fare una MAD?<\/title>\n<meta name=\"description\" content=\"Per le assunzioni scuola la Messa a Disposizione da inviare dalla seconda met\u00e0 di agosto \u00e8 uno strumento molto efficace.\" \/>\n<meta name=\"robots\" content=\"index, follow, max-snippet:-1, max-image-preview:large, max-video-preview:-1\" \/>\n<link rel=\"canonical\" href=\"https:\/\/www.docenti.it\/blog\/assunzioni-scuola-quanto-costa-fare-una-mad\/\" \/>\n<meta property=\"og:locale\" content=\"it_IT\" \/>\n<meta property=\"og:type\" content=\"article\" \/>\n<meta property=\"og:title\" content=\"Assunzioni scuola: quanto costa fare una MAD?\" \/>\n<meta property=\"og:description\" content=\"Per le assunzioni scuola la Messa a Disposizione da inviare dalla seconda met\u00e0 di agosto \u00e8 uno strumento molto efficace.\" \/>\n<meta property=\"og:url\" content=\"https:\/\/www.docenti.it\/blog\/assunzioni-scuola-quanto-costa-fare-una-mad\/\" \/>\n<meta property=\"og:site_name\" content=\"Blog | Docenti.it\" \/>\n<meta property=\"article:publisher\" content=\"https:\/\/www.facebook.com\/docenti.it\" \/>\n<meta property=\"article:published_time\" content=\"2022-08-29T09:40:50+00:00\" \/>\n<meta property=\"article:modified_time\" content=\"2022-08-29T09:40:52+00:00\" \/>\n<meta property=\"og:image\" content=\"https:\/\/www.docenti.it\/blog\/wp-content\/uploads\/2022\/07\/graphic-designer-gbdd45a4b5_640.png\" \/>\n\t<meta property=\"og:image:width\" content=\"640\" \/>\n\t<meta property=\"og:image:height\" content=\"406\" \/>\n\t<meta property=\"og:image:type\" content=\"image\/png\" \/>\n<meta name=\"author\" content=\"Francesca Renzetti\" \/>\n<meta name=\"twitter:card\" content=\"summary_large_image\" \/>\n<meta name=\"twitter:label1\" content=\"Written by\" \/>\n\t<meta name=\"twitter:data1\" content=\"Francesca Renzetti\" \/>\n\t<meta name=\"twitter:label2\" content=\"Est. reading time\" \/>\n\t<meta name=\"twitter:data2\" content=\"5 minuti\" \/>\n<script type=\"application\/ld+json\" class=\"yoast-schema-graph\">{\"@context\":\"https:\/\/schema.org\",\"@graph\":[{\"@type\":\"Article\",\"@id\":\"https:\/\/www.docenti.it\/blog\/assunzioni-scuola-quanto-costa-fare-una-mad\/#article\",\"isPartOf\":{\"@id\":\"https:\/\/www.docenti.it\/blog\/assunzioni-scuola-quanto-costa-fare-una-mad\/\"},\"author\":{\"name\":\"Francesca Renzetti\",\"@id\":\"https:\/\/www.docenti.it\/blog\/#\/schema\/person\/a749f61b126f93ac28ce27ddaef08da9\"},\"headline\":\"Assunzioni scuola: quanto costa fare una MAD?\",\"datePublished\":\"2022-08-29T09:40:50+00:00\",\"dateModified\":\"2022-08-29T09:40:52+00:00\",\"mainEntityOfPage\":{\"@id\":\"https:\/\/www.docenti.it\/blog\/assunzioni-scuola-quanto-costa-fare-una-mad\/\"},\"wordCount\":767,\"commentCount\":0,\"publisher\":{\"@id\":\"https:\/\/www.docenti.it\/blog\/#organization\"},\"articleSection\":[\"Messa a Disposizione\"],\"inLanguage\":\"it-IT\",\"potentialAction\":[{\"@type\":\"CommentAction\",\"name\":\"Comment\",\"target\":[\"https:\/\/www.docenti.it\/blog\/assunzioni-scuola-quanto-costa-fare-una-mad\/#respond\"]}]},{\"@type\":\"WebPage\",\"@id\":\"https:\/\/www.docenti.it\/blog\/assunzioni-scuola-quanto-costa-fare-una-mad\/\",\"url\":\"https:\/\/www.docenti.it\/blog\/assunzioni-scuola-quanto-costa-fare-una-mad\/\",\"name\":\"Assunzioni scuola: quanto costa fare una MAD?\",\"isPartOf\":{\"@id\":\"https:\/\/www.docenti.it\/blog\/#website\"},\"datePublished\":\"2022-08-29T09:40:50+00:00\",\"dateModified\":\"2022-08-29T09:40:52+00:00\",\"description\":\"Per le assunzioni scuola la Messa a Disposizione da inviare dalla seconda met\u00e0 di agosto \u00e8 uno strumento molto efficace.\",\"breadcrumb\":{\"@id\":\"https:\/\/www.docenti.it\/blog\/assunzioni-scuola-quanto-costa-fare-una-mad\/#breadcrumb\"},\"inLanguage\":\"it-IT\",\"potentialAction\":[{\"@type\":\"ReadAction\",\"target\":[\"https:\/\/www.docenti.it\/blog\/assunzioni-scuola-quanto-costa-fare-una-mad\/\"]}]},{\"@type\":\"BreadcrumbList\",\"@id\":\"https:\/\/www.docenti.it\/blog\/assunzioni-scuola-quanto-costa-fare-una-mad\/#breadcrumb\",\"itemListElement\":[{\"@type\":\"ListItem\",\"position\":1,\"name\":\"Home\",\"item\":\"https:\/\/www.docenti.it\/blog\/\"},{\"@type\":\"ListItem\",\"position\":2,\"name\":\"Assunzioni scuola: quanto costa fare una MAD?\"}]},{\"@type\":\"WebSite\",\"@id\":\"https:\/\/www.docenti.it\/blog\/#website\",\"url\":\"https:\/\/www.docenti.it\/blog\/\",\"name\":\"Blog | Docenti.it\",\"description\":\"Tutte le notizie e gli aggiornamenti dal mondo della scuola\",\"publisher\":{\"@id\":\"https:\/\/www.docenti.it\/blog\/#organization\"},\"potentialAction\":[{\"@type\":\"SearchAction\",\"target\":{\"@type\":\"EntryPoint\",\"urlTemplate\":\"https:\/\/www.docenti.it\/blog\/?s={search_term_string}\"},\"query-input\":\"required name=search_term_string\"}],\"inLanguage\":\"it-IT\"},{\"@type\":\"Organization\",\"@id\":\"https:\/\/www.docenti.it\/blog\/#organization\",\"name\":\"Blog | Docenti.it\",\"url\":\"https:\/\/www.docenti.it\/blog\/\",\"logo\":{\"@type\":\"ImageObject\",\"inLanguage\":\"it-IT\",\"@id\":\"https:\/\/www.docenti.it\/blog\/#\/schema\/logo\/image\/\",\"url\":\"https:\/\/www.docenti.it\/blog\/wp-content\/uploads\/2025\/06\/fb_mad_img.png\",\"contentUrl\":\"https:\/\/www.docenti.it\/blog\/wp-content\/uploads\/2025\/06\/fb_mad_img.png\",\"width\":1140,\"height\":620,\"caption\":\"Blog | Docenti.it\"},\"image\":{\"@id\":\"https:\/\/www.docenti.it\/blog\/#\/schema\/logo\/image\/\"},\"sameAs\":[\"https:\/\/www.facebook.com\/docenti.it\"]},{\"@type\":\"Person\",\"@id\":\"https:\/\/www.docenti.it\/blog\/#\/schema\/person\/a749f61b126f93ac28ce27ddaef08da9\",\"name\":\"Francesca Renzetti\",\"image\":{\"@type\":\"ImageObject\",\"inLanguage\":\"it-IT\",\"@id\":\"https:\/\/www.docenti.it\/blog\/#\/schema\/person\/image\/\",\"url\":\"https:\/\/secure.gravatar.com\/avatar\/adeec37e32dce11c71964f4ad5022489?s=96&d=mm&r=g\",\"contentUrl\":\"https:\/\/secure.gravatar.com\/avatar\/adeec37e32dce11c71964f4ad5022489?s=96&d=mm&r=g\",\"caption\":\"Francesca Renzetti\"},\"description\":\"Mi occupo di copywriting dal 2007. Inizio il mio viaggio dal web per poi approdare a tutte le sfumature di questa professione: dalla realizzazione di testi per depliant o brochure, all\u2019ideazione di campagne pubblicitarie, ai testi di radiocomunicati e articoli redazionali. In particolare scopro che mi piace comunicare l\u2019anima di un Brand ed usare le parole per farlo vibrare nelle persone!\",\"url\":\"https:\/\/www.docenti.it\/blog\/author\/francesca-renzetti\/\"}]}<\/script>\n<!-- \/ Yoast SEO plugin. -->","yoast_head_json":{"title":"Assunzioni scuola: quanto costa fare una MAD?","description":"Per le assunzioni scuola la Messa a Disposizione da inviare dalla seconda met\u00e0 di agosto \u00e8 uno strumento molto efficace.","robots":{"index":"index","follow":"follow","max-snippet":"max-snippet:-1","max-image-preview":"max-image-preview:large","max-video-preview":"max-video-preview:-1"},"canonical":"https:\/\/www.docenti.it\/blog\/assunzioni-scuola-quanto-costa-fare-una-mad\/","og_locale":"it_IT","og_type":"article","og_title":"Assunzioni scuola: quanto costa fare una MAD?","og_description":"Per le assunzioni scuola la Messa a Disposizione da inviare dalla seconda met\u00e0 di agosto \u00e8 uno strumento molto efficace.","og_url":"https:\/\/www.docenti.it\/blog\/assunzioni-scuola-quanto-costa-fare-una-mad\/","og_site_name":"Blog | Docenti.it","article_publisher":"https:\/\/www.facebook.com\/docenti.it","article_published_time":"2022-08-29T09:40:50+00:00","article_modified_time":"2022-08-29T09:40:52+00:00","og_image":[{"width":640,"height":406,"url":"https:\/\/www.docenti.it\/blog\/wp-content\/uploads\/2022\/07\/graphic-designer-gbdd45a4b5_640.png","type":"image\/png"}],"author":"Francesca Renzetti","twitter_card":"summary_large_image","twitter_misc":{"Written by":"Francesca Renzetti","Est. reading time":"5 minuti"},"schema":{"@context":"https:\/\/schema.org","@graph":[{"@type":"Article","@id":"https:\/\/www.docenti.it\/blog\/assunzioni-scuola-quanto-costa-fare-una-mad\/#article","isPartOf":{"@id":"https:\/\/www.docenti.it\/blog\/assunzioni-scuola-quanto-costa-fare-una-mad\/"},"author":{"name":"Francesca Renzetti","@id":"https:\/\/www.docenti.it\/blog\/#\/schema\/person\/a749f61b126f93ac28ce27ddaef08da9"},"headline":"Assunzioni scuola: quanto costa fare una MAD?","datePublished":"2022-08-29T09:40:50+00:00","dateModified":"2022-08-29T09:40:52+00:00","mainEntityOfPage":{"@id":"https:\/\/www.docenti.it\/blog\/assunzioni-scuola-quanto-costa-fare-una-mad\/"},"wordCount":767,"commentCount":0,"publisher":{"@id":"https:\/\/www.docenti.it\/blog\/#organization"},"articleSection":["Messa a Disposizione"],"inLanguage":"it-IT","potentialAction":[{"@type":"CommentAction","name":"Comment","target":["https:\/\/www.docenti.it\/blog\/assunzioni-scuola-quanto-costa-fare-una-mad\/#respond"]}]},{"@type":"WebPage","@id":"https:\/\/www.docenti.it\/blog\/assunzioni-scuola-quanto-costa-fare-una-mad\/","url":"https:\/\/www.docenti.it\/blog\/assunzioni-scuola-quanto-costa-fare-una-mad\/","name":"Assunzioni scuola: quanto costa fare una MAD?","isPartOf":{"@id":"https:\/\/www.docenti.it\/blog\/#website"},"datePublished":"2022-08-29T09:40:50+00:00","dateModified":"2022-08-29T09:40:52+00:00","description":"Per le assunzioni scuola la Messa a Disposizione da inviare dalla seconda met\u00e0 di agosto \u00e8 uno strumento molto efficace.","breadcrumb":{"@id":"https:\/\/www.docenti.it\/blog\/assunzioni-scuola-quanto-costa-fare-una-mad\/#breadcrumb"},"inLanguage":"it-IT","potentialAction":[{"@type":"ReadAction","target":["https:\/\/www.docenti.it\/blog\/assunzioni-scuola-quanto-costa-fare-una-mad\/"]}]},{"@type":"BreadcrumbList","@id":"https:\/\/www.docenti.it\/blog\/assunzioni-scuola-quanto-costa-fare-una-mad\/#breadcrumb","itemListElement":[{"@type":"ListItem","position":1,"name":"Home","item":"https:\/\/www.docenti.it\/blog\/"},{"@type":"ListItem","position":2,"name":"Assunzioni scuola: quanto costa fare una MAD?"}]},{"@type":"WebSite","@id":"https:\/\/www.docenti.it\/blog\/#website","url":"https:\/\/www.docenti.it\/blog\/","name":"Blog | Docenti.it","description":"Tutte le notizie e gli aggiornamenti dal mondo della scuola","publisher":{"@id":"https:\/\/www.docenti.it\/blog\/#organization"},"potentialAction":[{"@type":"SearchAction","target":{"@type":"EntryPoint","urlTemplate":"https:\/\/www.docenti.it\/blog\/?s={search_term_string}"},"query-input":"required name=search_term_string"}],"inLanguage":"it-IT"},{"@type":"Organization","@id":"https:\/\/www.docenti.it\/blog\/#organization","name":"Blog | Docenti.it","url":"https:\/\/www.docenti.it\/blog\/","logo":{"@type":"ImageObject","inLanguage":"it-IT","@id":"https:\/\/www.docenti.it\/blog\/#\/schema\/logo\/image\/","url":"https:\/\/www.docenti.it\/blog\/wp-content\/uploads\/2025\/06\/fb_mad_img.png","contentUrl":"https:\/\/www.docenti.it\/blog\/wp-content\/uploads\/2025\/06\/fb_mad_img.png","width":1140,"height":620,"caption":"Blog | Docenti.it"},"image":{"@id":"https:\/\/www.docenti.it\/blog\/#\/schema\/logo\/image\/"},"sameAs":["https:\/\/www.facebook.com\/docenti.it"]},{"@type":"Person","@id":"https:\/\/www.docenti.it\/blog\/#\/schema\/person\/a749f61b126f93ac28ce27ddaef08da9","name":"Francesca Renzetti","image":{"@type":"ImageObject","inLanguage":"it-IT","@id":"https:\/\/www.docenti.it\/blog\/#\/schema\/person\/image\/","url":"https:\/\/secure.gravatar.com\/avatar\/adeec37e32dce11c71964f4ad5022489?s=96&d=mm&r=g","contentUrl":"https:\/\/secure.gravatar.com\/avatar\/adeec37e32dce11c71964f4ad5022489?s=96&d=mm&r=g","caption":"Francesca Renzetti"},"description":"Mi occupo di copywriting dal 2007. Inizio il mio viaggio dal web per poi approdare a tutte le sfumature di questa professione: dalla realizzazione di testi per depliant o brochure, all\u2019ideazione di campagne pubblicitarie, ai testi di radiocomunicati e articoli redazionali. In particolare scopro che mi piace comunicare l\u2019anima di un Brand ed usare le parole per farlo vibrare nelle persone!","url":"https:\/\/www.docenti.it\/blog\/author\/francesca-renzetti\/"}]}},"_links":{"self":[{"href":"https:\/\/www.docenti.it\/blog\/wp-json\/wp\/v2\/posts\/31935"}],"collection":[{"href":"https:\/\/www.docenti.it\/blog\/wp-json\/wp\/v2\/posts"}],"about":[{"href":"https:\/\/www.docenti.it\/blog\/wp-json\/wp\/v2\/types\/post"}],"author":[{"embeddable":true,"href":"https:\/\/www.docenti.it\/blog\/wp-json\/wp\/v2\/users\/23"}],"replies":[{"embeddable":true,"href":"https:\/\/www.docenti.it\/blog\/wp-json\/wp\/v2\/comments?post=31935"}],"version-history":[{"count":48,"href":"https:\/\/www.docenti.it\/blog\/wp-json\/wp\/v2\/posts\/31935\/revisions"}],"predecessor-version":[{"id":32215,"href":"https:\/\/www.docenti.it\/blog\/wp-json\/wp\/v2\/posts\/31935\/revisions\/32215"}],"wp:featuredmedia":[{"embeddable":true,"href":"https:\/\/www.docenti.it\/blog\/wp-json\/wp\/v2\/media\/30169"}],"wp:attachment":[{"href":"https:\/\/www.docenti.it\/blog\/wp-json\/wp\/v2\/media?parent=31935"}],"wp:term":[{"taxonomy":"category","embeddable":true,"href":"https:\/\/www.docenti.it\/blog\/wp-json\/wp\/v2\/categories?post=31935"},{"taxonomy":"post_tag","embeddable":true,"href":"https:\/\/www.docenti.it\/blog\/wp-json\/wp\/v2\/tags?post=31935"}],"curies":[{"name":"wp","href":"https:\/\/api.w.org\/{rel}","templated":true}]}}