{"id":32174,"date":"2022-08-29T11:01:46","date_gmt":"2022-08-29T09:01:46","guid":{"rendered":"https:\/\/www.docenti.it\/blog\/?p=32174"},"modified":"2022-11-28T09:37:53","modified_gmt":"2022-11-28T08:37:53","slug":"60-cfu-quando-uscira-il-nuovo-dpcm","status":"publish","type":"post","link":"https:\/\/www.docenti.it\/blog\/60-cfu-quando-uscira-il-nuovo-dpcm\/","title":{"rendered":"60 CFU: quando uscir\u00e0 il nuovo DPCM?"},"content":{"rendered":"\n<p>Il DPCM sul reclutamento docenti e sui 60 CFU era atteso per il 31 luglio. Ora \u00e8 passato circa un mese, ma ancora niente \u00e8 stato pubblicato.<\/p>\n\n\n\n<p>Vediamo le ultime news. Che cosa bisogna sapere?<\/p>\n\n\n\n<!--more-->\n\n\n\n<h2>Nuovo DPCM 60 CFU: perch\u00e9 non \u00e8 ancora stato pubblicato<\/h2>\n\n\n\n<p>Il mondo scuola \u00e8 stato di recente stravolto dalla decisione del Ministro dell&#8217;Istruzione, Patrizio Bianchi, sul nuovo reclutamento docenti.<\/p>\n\n\n\n<p>La novit\u00e0 principale \u00e8 quella dei 60 CFU, necessari per i futuri aspiranti insegnanti.<\/p>\n\n\n\n<p><strong>La struttura e le modalit\u00e0 dei nuovi crediti sarebbero stati regolati e definiti da un nuovo DPCM, atteso per il 31 luglio 2022.<\/strong><\/p>\n\n\n\n<p><strong>Eppure, ancora non \u00e8 stato pubblicato. <\/strong><\/p>\n\n\n\n<p>In molti si chiedono le motivazioni del ritardo:<em> la riforma non \u00e8 appoggiata da tutti? Si lavora per delle modifiche? <\/em><\/p>\n\n\n\n<p><strong><em>In effetti ci sono diverse pressioni.<\/em><\/strong><\/p>\n\n\n\n<p><strong>Mario Pittoni<\/strong> ha lasciato trapelare qualche informazione: &#8220;<em>vi sono pressioni affinch\u00e9 il Decreto del Presidente del Consiglio dei Ministri sui percorsi formativi abilitanti all\u2019insegnamento conservi le caratteristiche del vecchio TFA: numero chiuso (mascherato) e tirocinio pure per chi insegna da una vita.<\/em>&#8220;.<\/p>\n\n\n\n<p>Continua: &#8220;<em>Ma se passa tale approccio, di fatto pesantemente vessatorio nei confronti dei docenti con esperienza e in lista d\u2019attesa anche da nove anni, rischiamo una selezione qualitativa al contrario: cio\u00e8 che i migliori optino per settori lavorativi pi\u00f9 accoglienti rispetto alla scuola<\/em>&#8220;.<\/p>\n\n\n\n<p><strong>Tuttavia, non ci sono ancora notizie certe in merito alla data di pubblicazione del Decreto.<\/strong><\/p>\n\n\n\n<p>Bisogner\u00e0 ancora aspettare.<\/p>\n\n\n\n<h2>Nuovo DPCM: che cosa definisce<\/h2>\n\n\n\n<p>Si aspettano ancora le direttive definitive sul nuovo reclutamento docenti.<\/p>\n\n\n\n<p>Il Decreto metter\u00e0 un punto finale sulla struttura e le caratteristiche dei 60 CFU.<\/p>\n\n\n\n<p>In particolare stabilir\u00e0:<\/p>\n\n\n\n<ul><li><strong>i contenuti e la struttura dell\u2019offerta formativa inerente a 60 CFU\/CFA;<\/strong><\/li><li><strong>il numero di crediti universitari o accademici riservati alla formazione inclusiva delle persone con disabilit\u00e0;<\/strong><\/li><li><strong>la percentuale di presenza alle attivit\u00e0 formative utili per l\u2019accesso alla prova finale;<\/strong><\/li><li><strong>le modalit\u00e0 di svolgimento della prova finale del percorso universitario e accademico<\/strong>, che comprende anche la prova scritta e orale.<\/li><\/ul>\n\n\n\n<p>Ma alcune informazioni sui 60 CFU sono gi\u00e0 certe:<\/p>\n\n\n\n<ul><li><strong>almeno 10 CFU saranno nell\u2019area pedagogica;<\/strong><\/li><li><strong>sar\u00e0 compreso di tirocinio diretto e indiretto (non inferiore a 20 CFU\/CFA);<\/strong><\/li><li><strong>per ogni CFU\/CFA di tirocinio, l\u2019impegno in presenza nelle classi sar\u00e0 di almeno 12 ore.<\/strong><\/li><\/ul>\n\n\n\n<p><em>Quali sono gli altri punti ancora da definire?<\/em><\/p>\n\n\n\n<p><strong>Se vuoi saperne di pi\u00f9, clicca qui sotto e&#8230;<\/strong><\/p>\n\n\n<p>[maxbutton id=&#8221;1&#8243; url=&#8221;https:\/\/www.docenti.it\/60cfu-riforma-bianchi.html&#8221; text=&#8221;Scopri le ultime info sui 60 CFU&#8221; ]<\/p>\n\n\n\n<p><\/p>\n\n\n\n<p>Leggi anche:<\/p>\n\n\n\n<ul><li><a href=\"https:\/\/www.docenti.it\/blog\/assunzioni-2022-e-i-posti-accantonati-dal-concorso-straordinario-bis\/\" target=\"_blank\" rel=\"noreferrer noopener\">Assunzioni 2022: e i posti accantonati dal Concorso Straordinario Bis?<\/a><\/li><li><a href=\"https:\/\/www.docenti.it\/blog\/inizio-scuola-verranno-erogati-1300-euro-a-famiglia\/\" target=\"_blank\" rel=\"noreferrer noopener\">Inizio scuola: verranno erogati 1300 euro a famiglia?<\/a><\/li><li><a href=\"https:\/\/www.docenti.it\/blog\/quando-presentare-la-mad-2022\/\" target=\"_blank\" rel=\"noreferrer noopener\">Quando presentare la MAD 2022?<\/a><\/li><li><a href=\"https:\/\/www.docenti.it\/blog\/100mila-assunzioni-precari-scuola-saranno-tutte-ricoperte\/\" target=\"_blank\" rel=\"noreferrer noopener\">100mila assunzioni precari scuola: saranno tutte ricoperte?<\/a><\/li><\/ul>\n\n\n\n<p>Photo credit: <a href=\"https:\/\/pixabay.com\/\" target=\"_blank\" rel=\"noreferrer noopener\">pixabay.com<\/a><\/p>\n","protected":false},"excerpt":{"rendered":"<p>Il DPCM sul reclutamento docenti e sui 60 CFU era atteso per il 31 [&hellip;]<\/p>\n","protected":false},"author":22,"featured_media":32190,"comment_status":"open","ping_status":"open","sticky":false,"template":"","format":"standard","meta":[],"categories":[4],"tags":[456],"yoast_head":"<!-- This site is optimized with the Yoast SEO plugin v20.4 - https:\/\/yoast.com\/wordpress\/plugins\/seo\/ -->\n<title>60 CFU: quando uscir\u00e0 il nuovo DPCM?<\/title>\n<meta name=\"description\" content=\"\u00c9 passato circa un mese e il DPCM sul reclutamento docenti e sui 60 CFU non \u00e8 ancora stato pubblicato. Quali sono le ultime news?\" \/>\n<meta name=\"robots\" content=\"index, follow, max-snippet:-1, max-image-preview:large, max-video-preview:-1\" \/>\n<link rel=\"canonical\" href=\"https:\/\/www.docenti.it\/blog\/60-cfu-quando-uscira-il-nuovo-dpcm\/\" \/>\n<meta property=\"og:locale\" content=\"it_IT\" \/>\n<meta property=\"og:type\" content=\"article\" \/>\n<meta property=\"og:title\" content=\"60 CFU: quando uscir\u00e0 il nuovo DPCM?\" \/>\n<meta property=\"og:description\" content=\"\u00c9 passato circa un mese e il DPCM sul reclutamento docenti e sui 60 CFU non \u00e8 ancora stato pubblicato. Quali sono le ultime news?\" \/>\n<meta property=\"og:url\" content=\"https:\/\/www.docenti.it\/blog\/60-cfu-quando-uscira-il-nuovo-dpcm\/\" \/>\n<meta property=\"og:site_name\" content=\"Blog | Docenti.it\" \/>\n<meta property=\"article:publisher\" content=\"https:\/\/www.facebook.com\/docenti.it\" \/>\n<meta property=\"article:published_time\" content=\"2022-08-29T09:01:46+00:00\" \/>\n<meta property=\"article:modified_time\" content=\"2022-11-28T08:37:53+00:00\" \/>\n<meta property=\"og:image\" content=\"https:\/\/www.docenti.it\/blog\/wp-content\/uploads\/2022\/08\/scholarship-ge70cb7bea_640.png\" \/>\n\t<meta property=\"og:image:width\" content=\"640\" \/>\n\t<meta property=\"og:image:height\" content=\"481\" \/>\n\t<meta property=\"og:image:type\" content=\"image\/png\" \/>\n<meta name=\"author\" content=\"Veronica Conti\" \/>\n<meta name=\"twitter:card\" content=\"summary_large_image\" \/>\n<meta name=\"twitter:label1\" content=\"Written by\" \/>\n\t<meta name=\"twitter:data1\" content=\"Veronica Conti\" \/>\n\t<meta name=\"twitter:label2\" content=\"Est. reading time\" \/>\n\t<meta name=\"twitter:data2\" content=\"3 minuti\" \/>\n<script type=\"application\/ld+json\" class=\"yoast-schema-graph\">{\"@context\":\"https:\/\/schema.org\",\"@graph\":[{\"@type\":\"Article\",\"@id\":\"https:\/\/www.docenti.it\/blog\/60-cfu-quando-uscira-il-nuovo-dpcm\/#article\",\"isPartOf\":{\"@id\":\"https:\/\/www.docenti.it\/blog\/60-cfu-quando-uscira-il-nuovo-dpcm\/\"},\"author\":{\"name\":\"Veronica Conti\",\"@id\":\"https:\/\/www.docenti.it\/blog\/#\/schema\/person\/db2692c75b023bba5319018ede576846\"},\"headline\":\"60 CFU: quando uscir\u00e0 il nuovo DPCM?\",\"datePublished\":\"2022-08-29T09:01:46+00:00\",\"dateModified\":\"2022-11-28T08:37:53+00:00\",\"mainEntityOfPage\":{\"@id\":\"https:\/\/www.docenti.it\/blog\/60-cfu-quando-uscira-il-nuovo-dpcm\/\"},\"wordCount\":431,\"commentCount\":0,\"publisher\":{\"@id\":\"https:\/\/www.docenti.it\/blog\/#organization\"},\"keywords\":[\"nuovo reclutamento docenti\"],\"articleSection\":[\"News\"],\"inLanguage\":\"it-IT\",\"potentialAction\":[{\"@type\":\"CommentAction\",\"name\":\"Comment\",\"target\":[\"https:\/\/www.docenti.it\/blog\/60-cfu-quando-uscira-il-nuovo-dpcm\/#respond\"]}]},{\"@type\":\"WebPage\",\"@id\":\"https:\/\/www.docenti.it\/blog\/60-cfu-quando-uscira-il-nuovo-dpcm\/\",\"url\":\"https:\/\/www.docenti.it\/blog\/60-cfu-quando-uscira-il-nuovo-dpcm\/\",\"name\":\"60 CFU: quando uscir\u00e0 il nuovo DPCM?\",\"isPartOf\":{\"@id\":\"https:\/\/www.docenti.it\/blog\/#website\"},\"datePublished\":\"2022-08-29T09:01:46+00:00\",\"dateModified\":\"2022-11-28T08:37:53+00:00\",\"description\":\"\u00c9 passato circa un mese e il DPCM sul reclutamento docenti e sui 60 CFU non \u00e8 ancora stato pubblicato. Quali sono le ultime news?\",\"breadcrumb\":{\"@id\":\"https:\/\/www.docenti.it\/blog\/60-cfu-quando-uscira-il-nuovo-dpcm\/#breadcrumb\"},\"inLanguage\":\"it-IT\",\"potentialAction\":[{\"@type\":\"ReadAction\",\"target\":[\"https:\/\/www.docenti.it\/blog\/60-cfu-quando-uscira-il-nuovo-dpcm\/\"]}]},{\"@type\":\"BreadcrumbList\",\"@id\":\"https:\/\/www.docenti.it\/blog\/60-cfu-quando-uscira-il-nuovo-dpcm\/#breadcrumb\",\"itemListElement\":[{\"@type\":\"ListItem\",\"position\":1,\"name\":\"Home\",\"item\":\"https:\/\/www.docenti.it\/blog\/\"},{\"@type\":\"ListItem\",\"position\":2,\"name\":\"60 CFU: quando uscir\u00e0 il nuovo DPCM?\"}]},{\"@type\":\"WebSite\",\"@id\":\"https:\/\/www.docenti.it\/blog\/#website\",\"url\":\"https:\/\/www.docenti.it\/blog\/\",\"name\":\"Blog | Docenti.it\",\"description\":\"Tutte le notizie e gli aggiornamenti dal mondo della scuola\",\"publisher\":{\"@id\":\"https:\/\/www.docenti.it\/blog\/#organization\"},\"potentialAction\":[{\"@type\":\"SearchAction\",\"target\":{\"@type\":\"EntryPoint\",\"urlTemplate\":\"https:\/\/www.docenti.it\/blog\/?s={search_term_string}\"},\"query-input\":\"required name=search_term_string\"}],\"inLanguage\":\"it-IT\"},{\"@type\":\"Organization\",\"@id\":\"https:\/\/www.docenti.it\/blog\/#organization\",\"name\":\"Blog | Docenti.it\",\"url\":\"https:\/\/www.docenti.it\/blog\/\",\"logo\":{\"@type\":\"ImageObject\",\"inLanguage\":\"it-IT\",\"@id\":\"https:\/\/www.docenti.it\/blog\/#\/schema\/logo\/image\/\",\"url\":\"https:\/\/www.docenti.it\/blog\/wp-content\/uploads\/2025\/06\/fb_mad_img.png\",\"contentUrl\":\"https:\/\/www.docenti.it\/blog\/wp-content\/uploads\/2025\/06\/fb_mad_img.png\",\"width\":1140,\"height\":620,\"caption\":\"Blog | Docenti.it\"},\"image\":{\"@id\":\"https:\/\/www.docenti.it\/blog\/#\/schema\/logo\/image\/\"},\"sameAs\":[\"https:\/\/www.facebook.com\/docenti.it\"]},{\"@type\":\"Person\",\"@id\":\"https:\/\/www.docenti.it\/blog\/#\/schema\/person\/db2692c75b023bba5319018ede576846\",\"name\":\"Veronica Conti\",\"image\":{\"@type\":\"ImageObject\",\"inLanguage\":\"it-IT\",\"@id\":\"https:\/\/www.docenti.it\/blog\/#\/schema\/person\/image\/\",\"url\":\"https:\/\/secure.gravatar.com\/avatar\/9709c2e092989f0e61eda04e2d96c120?s=96&d=mm&r=g\",\"contentUrl\":\"https:\/\/secure.gravatar.com\/avatar\/9709c2e092989f0e61eda04e2d96c120?s=96&d=mm&r=g\",\"caption\":\"Veronica Conti\"},\"description\":\"Classe 1998, \u00e8 studentessa e insegnante di musica. Ha conseguito il Diploma di Violoncello nel 2018 e, due anni dopo, il Diploma Accademico di II Livello in Violoncello presso il Conservatorio di Cesena. Frequenta il terzo anno all'universit\u00e0 di Urbino, Lingue e Culture Straniere profilo linguistico-aziendale, ed \u00e8 tirocinante presso Docenti.it.\",\"url\":\"https:\/\/www.docenti.it\/blog\/author\/veronica-conti\/\"}]}<\/script>\n<!-- \/ Yoast SEO plugin. -->","yoast_head_json":{"title":"60 CFU: quando uscir\u00e0 il nuovo DPCM?","description":"\u00c9 passato circa un mese e il DPCM sul reclutamento docenti e sui 60 CFU non \u00e8 ancora stato pubblicato. Quali sono le ultime news?","robots":{"index":"index","follow":"follow","max-snippet":"max-snippet:-1","max-image-preview":"max-image-preview:large","max-video-preview":"max-video-preview:-1"},"canonical":"https:\/\/www.docenti.it\/blog\/60-cfu-quando-uscira-il-nuovo-dpcm\/","og_locale":"it_IT","og_type":"article","og_title":"60 CFU: quando uscir\u00e0 il nuovo DPCM?","og_description":"\u00c9 passato circa un mese e il DPCM sul reclutamento docenti e sui 60 CFU non \u00e8 ancora stato pubblicato. Quali sono le ultime news?","og_url":"https:\/\/www.docenti.it\/blog\/60-cfu-quando-uscira-il-nuovo-dpcm\/","og_site_name":"Blog | Docenti.it","article_publisher":"https:\/\/www.facebook.com\/docenti.it","article_published_time":"2022-08-29T09:01:46+00:00","article_modified_time":"2022-11-28T08:37:53+00:00","og_image":[{"width":640,"height":481,"url":"https:\/\/www.docenti.it\/blog\/wp-content\/uploads\/2022\/08\/scholarship-ge70cb7bea_640.png","type":"image\/png"}],"author":"Veronica Conti","twitter_card":"summary_large_image","twitter_misc":{"Written by":"Veronica Conti","Est. reading time":"3 minuti"},"schema":{"@context":"https:\/\/schema.org","@graph":[{"@type":"Article","@id":"https:\/\/www.docenti.it\/blog\/60-cfu-quando-uscira-il-nuovo-dpcm\/#article","isPartOf":{"@id":"https:\/\/www.docenti.it\/blog\/60-cfu-quando-uscira-il-nuovo-dpcm\/"},"author":{"name":"Veronica Conti","@id":"https:\/\/www.docenti.it\/blog\/#\/schema\/person\/db2692c75b023bba5319018ede576846"},"headline":"60 CFU: quando uscir\u00e0 il nuovo DPCM?","datePublished":"2022-08-29T09:01:46+00:00","dateModified":"2022-11-28T08:37:53+00:00","mainEntityOfPage":{"@id":"https:\/\/www.docenti.it\/blog\/60-cfu-quando-uscira-il-nuovo-dpcm\/"},"wordCount":431,"commentCount":0,"publisher":{"@id":"https:\/\/www.docenti.it\/blog\/#organization"},"keywords":["nuovo reclutamento docenti"],"articleSection":["News"],"inLanguage":"it-IT","potentialAction":[{"@type":"CommentAction","name":"Comment","target":["https:\/\/www.docenti.it\/blog\/60-cfu-quando-uscira-il-nuovo-dpcm\/#respond"]}]},{"@type":"WebPage","@id":"https:\/\/www.docenti.it\/blog\/60-cfu-quando-uscira-il-nuovo-dpcm\/","url":"https:\/\/www.docenti.it\/blog\/60-cfu-quando-uscira-il-nuovo-dpcm\/","name":"60 CFU: quando uscir\u00e0 il nuovo DPCM?","isPartOf":{"@id":"https:\/\/www.docenti.it\/blog\/#website"},"datePublished":"2022-08-29T09:01:46+00:00","dateModified":"2022-11-28T08:37:53+00:00","description":"\u00c9 passato circa un mese e il DPCM sul reclutamento docenti e sui 60 CFU non \u00e8 ancora stato pubblicato. Quali sono le ultime news?","breadcrumb":{"@id":"https:\/\/www.docenti.it\/blog\/60-cfu-quando-uscira-il-nuovo-dpcm\/#breadcrumb"},"inLanguage":"it-IT","potentialAction":[{"@type":"ReadAction","target":["https:\/\/www.docenti.it\/blog\/60-cfu-quando-uscira-il-nuovo-dpcm\/"]}]},{"@type":"BreadcrumbList","@id":"https:\/\/www.docenti.it\/blog\/60-cfu-quando-uscira-il-nuovo-dpcm\/#breadcrumb","itemListElement":[{"@type":"ListItem","position":1,"name":"Home","item":"https:\/\/www.docenti.it\/blog\/"},{"@type":"ListItem","position":2,"name":"60 CFU: quando uscir\u00e0 il nuovo DPCM?"}]},{"@type":"WebSite","@id":"https:\/\/www.docenti.it\/blog\/#website","url":"https:\/\/www.docenti.it\/blog\/","name":"Blog | Docenti.it","description":"Tutte le notizie e gli aggiornamenti dal mondo della scuola","publisher":{"@id":"https:\/\/www.docenti.it\/blog\/#organization"},"potentialAction":[{"@type":"SearchAction","target":{"@type":"EntryPoint","urlTemplate":"https:\/\/www.docenti.it\/blog\/?s={search_term_string}"},"query-input":"required name=search_term_string"}],"inLanguage":"it-IT"},{"@type":"Organization","@id":"https:\/\/www.docenti.it\/blog\/#organization","name":"Blog | Docenti.it","url":"https:\/\/www.docenti.it\/blog\/","logo":{"@type":"ImageObject","inLanguage":"it-IT","@id":"https:\/\/www.docenti.it\/blog\/#\/schema\/logo\/image\/","url":"https:\/\/www.docenti.it\/blog\/wp-content\/uploads\/2025\/06\/fb_mad_img.png","contentUrl":"https:\/\/www.docenti.it\/blog\/wp-content\/uploads\/2025\/06\/fb_mad_img.png","width":1140,"height":620,"caption":"Blog | Docenti.it"},"image":{"@id":"https:\/\/www.docenti.it\/blog\/#\/schema\/logo\/image\/"},"sameAs":["https:\/\/www.facebook.com\/docenti.it"]},{"@type":"Person","@id":"https:\/\/www.docenti.it\/blog\/#\/schema\/person\/db2692c75b023bba5319018ede576846","name":"Veronica Conti","image":{"@type":"ImageObject","inLanguage":"it-IT","@id":"https:\/\/www.docenti.it\/blog\/#\/schema\/person\/image\/","url":"https:\/\/secure.gravatar.com\/avatar\/9709c2e092989f0e61eda04e2d96c120?s=96&d=mm&r=g","contentUrl":"https:\/\/secure.gravatar.com\/avatar\/9709c2e092989f0e61eda04e2d96c120?s=96&d=mm&r=g","caption":"Veronica Conti"},"description":"Classe 1998, \u00e8 studentessa e insegnante di musica. Ha conseguito il Diploma di Violoncello nel 2018 e, due anni dopo, il Diploma Accademico di II Livello in Violoncello presso il Conservatorio di Cesena. Frequenta il terzo anno all'universit\u00e0 di Urbino, Lingue e Culture Straniere profilo linguistico-aziendale, ed \u00e8 tirocinante presso Docenti.it.","url":"https:\/\/www.docenti.it\/blog\/author\/veronica-conti\/"}]}},"_links":{"self":[{"href":"https:\/\/www.docenti.it\/blog\/wp-json\/wp\/v2\/posts\/32174"}],"collection":[{"href":"https:\/\/www.docenti.it\/blog\/wp-json\/wp\/v2\/posts"}],"about":[{"href":"https:\/\/www.docenti.it\/blog\/wp-json\/wp\/v2\/types\/post"}],"author":[{"embeddable":true,"href":"https:\/\/www.docenti.it\/blog\/wp-json\/wp\/v2\/users\/22"}],"replies":[{"embeddable":true,"href":"https:\/\/www.docenti.it\/blog\/wp-json\/wp\/v2\/comments?post=32174"}],"version-history":[{"count":15,"href":"https:\/\/www.docenti.it\/blog\/wp-json\/wp\/v2\/posts\/32174\/revisions"}],"predecessor-version":[{"id":39009,"href":"https:\/\/www.docenti.it\/blog\/wp-json\/wp\/v2\/posts\/32174\/revisions\/39009"}],"wp:featuredmedia":[{"embeddable":true,"href":"https:\/\/www.docenti.it\/blog\/wp-json\/wp\/v2\/media\/32190"}],"wp:attachment":[{"href":"https:\/\/www.docenti.it\/blog\/wp-json\/wp\/v2\/media?parent=32174"}],"wp:term":[{"taxonomy":"category","embeddable":true,"href":"https:\/\/www.docenti.it\/blog\/wp-json\/wp\/v2\/categories?post=32174"},{"taxonomy":"post_tag","embeddable":true,"href":"https:\/\/www.docenti.it\/blog\/wp-json\/wp\/v2\/tags?post=32174"}],"curies":[{"name":"wp","href":"https:\/\/api.w.org\/{rel}","templated":true}]}}