{"id":32311,"date":"2022-08-31T10:18:23","date_gmt":"2022-08-31T08:18:23","guid":{"rendered":"https:\/\/www.docenti.it\/blog\/?p=32311"},"modified":"2022-08-31T10:18:24","modified_gmt":"2022-08-31T08:18:24","slug":"puoi-entrare-nella-scuola-con-la-mad","status":"publish","type":"post","link":"https:\/\/www.docenti.it\/blog\/puoi-entrare-nella-scuola-con-la-mad\/","title":{"rendered":"Puoi entrare nella scuola con la MAD?"},"content":{"rendered":"\n<p><em>\u00c9 davvero possibile essere assunti da <strong>MAD<\/strong>? <\/em><\/p>\n\n\n\n<p>S\u00ec, ma ci sono delle strategie da utilizzare per poter avere pi\u00f9 possibilit\u00e0 di convocazione per le supplenze.<\/p>\n\n\n\n<p>E tu sai come comportarti? Ecco tutto ci\u00f2 che devi sapere.<\/p>\n\n\n\n<!--more-->\n\n\n\n<h2>MAD: come funziona la domanda di Messa a Disposizione<\/h2>\n\n\n\n<p>Le scuole hanno iniziato a ricercare supplenti e molti aspiranti docenti si stanno chiedendo se si pu\u00f2 realmente entrare a scuola con l&#8217;invio della domanda di Messa a Disposizione&#8230;<\/p>\n\n\n\n<p>Essere convocati da MAD non \u00e8 di certo facile, ma per aumentare le tue possibilit\u00e0 dovresti seguire alcuni <strong><em>accorgimenti<\/em><\/strong>.<\/p>\n\n\n\n<p>Innanzitutto, <strong>la domanda di Messa a Disposizione \u00e8 un&#8217;istanza informale<\/strong> che un docente o aspirante docente pu\u00f2 presentare alle scuole per rendersi disponibile ad incarichi di supplenza.<\/p>\n\n\n\n<p><strong>Le scuole utilizzano le MAD solamente dopo aver esaurito le classiche graduatorie per le supplenze: GAE, GPS e GI.<\/strong><\/p>\n\n\n\n<p><strong>Quindi, se vuoi essere tra i primi ad essere chiamati attraverso la Messa a Disposizione, devi assolutamente trovare delle strategie.<\/strong><\/p>\n\n\n\n<p><em>Ma il dubbio rimane: visti i tantissimi iscritti nelle graduatorie, \u00e8 davvero possibile essere chiamati?<\/em><\/p>\n\n\n\n<h2>Convocati da MAD: le testimonianze<\/h2>\n\n\n\n<p><em><strong>Docenti.it<\/strong><\/em> si occupa da vari anni di aspiranti docenti che vogliono far parte del mondo scuola.<\/p>\n\n\n\n<p><strong>E attraverso il suo servizio di MAD Online, ha aiutato tantissimi ragazzi a raggiungere questo obiettivo.<\/strong><\/p>\n\n\n\n<p>\u00c9 il caso di Lorenzo e Elisa, convocati da domanda di Messa a Disposizione dopo pochissimo tempo dal primo invio.<\/p>\n\n\n\n<p><strong>Lorenzo non era ancora laureato: a soli 22 anni \u00e8 stato convocato per due supplenze a gennaio, dopo aver inviato la sua domanda di Messa a Disposizione a dicembre.<\/strong><\/p>\n\n\n\n<p>Per leggere la sua testimonianza, visita questo <em><a href=\"https:\/\/www.docenti.it\/blog\/la-storia-di-lorenzo-a-soli-22-anni-ottiene-un-incarico-da-messa-a-disposizione\/\" target=\"_blank\" rel=\"noreferrer noopener\">articolo<\/a><\/em>.<\/p>\n\n\n\n<p><strong>Elisa, invece, \u00e8 stata convocata esattamente il giorno dopo l&#8217;invio della MAD Online con <em>Docenti.it<\/em><\/strong> (leggi <em><a href=\"https:\/\/www.docenti.it\/blog\/invia-la-messa-a-disposizione-e-diventa-supplente-in-1-giorno-la-storia-di-elisa\/\" target=\"_blank\" rel=\"noreferrer noopener\">qui<\/a><\/em>).<\/p>\n\n\n\n<p>Quindi, essere assunti attraverso la domanda di Messa a Disposizione \u00e8 del tutto possibile.<\/p>\n\n\n\n<p><em>Ma come mai alcuni aspiranti vengono chiamati e altri no?<\/em><\/p>\n\n\n\n<p><strong><em>Come ti abbiamo gi\u00e0 spiegato, l&#8217;utilizzo della MAD dipende dalle esigenze delle singole scuole&#8230;<\/em><\/strong><\/p>\n\n\n\n<p><em>Eppure qualcosa puoi fare: ecco i nostri consigli.<\/em><\/p>\n\n\n\n<h2>Essere convocati da MAD: come fare?<\/h2>\n\n\n\n<p><strong>Le scuole analizzano attentamente la tua istanza: se ci sono degli errori, passano a quella sucessiva.<\/strong><\/p>\n\n\n\n<p><em>La MAD \u00e8 quindi un biglietto da visita che gioca un ruolo fondamentale: pu\u00f2 decretare il tuo destino.<\/em><\/p>\n\n\n\n<p>Per questo <em>Docenti.it<\/em> ha ideato una piattaforma che ti permette di <strong>inviare la MAD direttamente Online e con l&#8217;attenta supervisione di consulenti specializzati.<\/strong><\/p>\n\n\n\n<p>In questo modo non potrai commettere errori e la tua domanda di Messa a Disposizione sar\u00e0 perfetta.<\/p>\n\n\n\n<p>Il servizio \u00e8 velocissimo:<\/p>\n\n\n\n<ul><li>riceverai<strong> una telefonata da un consulente Docenti.it entro 48h lavorative<\/strong>\u00a0dopo la compilazione della MAD direttamente in piattaforma;<\/li><li>si procede con <strong>l\u2019invio automatico della domanda<\/strong>\u00a0direttamente a tutti gli istituti della provincia scelta da te;<\/li><li>riceverai un\u00a0<strong>report<\/strong> dove saranno indicati i nomi e i contatti di tutti gli istituti che hanno ricevuto la domanda di Messa a Disposizione;<\/li><li>la presenza della\u00a0<strong>garanzia Soddisfatti o Rimborsati:<\/strong>\u00a0in caso non dovessi ricevere il servizio adeguato, sarai rimborsato.<\/li><\/ul>\n\n\n\n<p><strong><em>Approfitta ora del servizio e invia la tua domanda a partire da soli 19 euro!<\/em><\/strong><\/p>\n\n\n<p>[maxbutton id=&#8221;1&#8243; url=&#8221;https:\/\/www.docenti.it\/messa-a-disposizione.html?lnk=104&#8243; text=&#8221;Invia ORA la tua MAD qui&#8221;]<\/p>\n\n\n\n<p><\/p>\n\n\n\n<h2>Quante volte bisogna inviare la MAD?<\/h2>\n\n\n\n<p>Ci sono dei <strong><em>periodi migliori <\/em><\/strong>per inviare la domanda di Messa a Disposizione.<\/p>\n\n\n\n<p>Primo fra tutti: <strong>la seconda met\u00e0 di agosto e il mese di settembre.<\/strong><\/p>\n\n\n\n<p><strong>Sicuramente, inviare pi\u00f9 volte la tua MAD ti permette di avere maggiori possibilit\u00e0 di essere chiamato.<\/strong><\/p>\n\n\n\n<p>Penserai: <em>dovr\u00f2 rifare la MAD ad ogni nuovo invio? La dovr\u00f2 aggiornare ogni volta? <\/em><\/p>\n\n\n\n<p>\u00c9 anche per questo che <em>Docenti.it<\/em> ha ideato un ulteriore servizio,<strong> MAD PLUS<\/strong>.<\/p>\n\n\n\n<p><strong>Usufruendo di questa opzione potrai programmare fino a 3 invii della tua domanda di Messa a Disposizione.<\/strong><\/p>\n\n\n\n<p><strong><em>Tu scegli i periodi e le scuole, noi la inviamo per te.<\/em><\/strong><\/p>\n\n\n\n<p><em>Non aspettare, programma la tua domanda di Messa a Disposizione fin da subito!<\/em><\/p>\n\n\n<p>[maxbutton id=&#8221;1&#8243; url=&#8221;https:\/\/www.docenti.it\/messa-a-disposizione.html?lnk=104&#8243; text=&#8221;Attiva ora MAD PLUS&#8221;]<\/p>\n\n\n\n<p><\/p>\n\n\n\n<p>Leggi anche:<\/p>\n\n\n\n<ul><li><a href=\"https:\/\/www.docenti.it\/blog\/mad-sostegno-non-farti-scappare-questa-promo\/\" target=\"_blank\" rel=\"noreferrer noopener\">MAD Sostegno: non farti scappare questa PROMO\u2026<\/a><\/li><li><a href=\"https:\/\/www.docenti.it\/blog\/chi-e-inserito-in-gps-puo-inviare-mad-in-una-provincia-diversa-aggiornato\/\" target=\"_blank\" rel=\"noreferrer noopener\">Chi \u00e8 inserito in GPS pu\u00f2 inviare MAD in una provincia diversa? (aggiornato)<\/a><\/li><li><a href=\"https:\/\/www.docenti.it\/blog\/messa-a-disposizione-quanto-guadagna-un-insegnante\/\" target=\"_blank\" rel=\"noreferrer noopener\">Messa a Disposizione: quanto guadagna un insegnante?<\/a><\/li><\/ul>\n\n\n\n<p>E seguici su\u00a0<strong><a href=\"https:\/\/www.facebook.com\/docenti.it\" target=\"_blank\" rel=\"noreferrer noopener\">Facebook<\/a><\/strong>\u00a0e\u00a0<a href=\"https:\/\/www.instagram.com\/docenti.it\/\" target=\"_blank\" rel=\"noreferrer noopener\"><strong>Instagram<\/strong><\/a>.<\/p>\n\n\n\n<p>Photo credit: <a href=\"https:\/\/unsplash.com\/\" target=\"_blank\" rel=\"noreferrer noopener\">unsplash.com<\/a><\/p>\n","protected":false},"excerpt":{"rendered":"<p>\u00c9 davvero possibile essere assunti da MAD? S\u00ec, ma ci sono delle strategie da [&hellip;]<\/p>\n","protected":false},"author":22,"featured_media":32328,"comment_status":"open","ping_status":"open","sticky":false,"template":"","format":"standard","meta":[],"categories":[2],"tags":[63],"yoast_head":"<!-- This site is optimized with the Yoast SEO plugin v20.4 - https:\/\/yoast.com\/wordpress\/plugins\/seo\/ -->\n<title>Puoi entrare nella scuola con la MAD?<\/title>\n<meta name=\"description\" content=\"\u00c9 davvero possibile essere assunti tramite MAD? Le scuole utilizzano le domande di Messa a Disposizione? Ecco tutto ci\u00f2 che devi sapere.\" \/>\n<meta name=\"robots\" content=\"index, follow, max-snippet:-1, max-image-preview:large, max-video-preview:-1\" \/>\n<link rel=\"canonical\" href=\"https:\/\/www.docenti.it\/blog\/puoi-entrare-nella-scuola-con-la-mad\/\" \/>\n<meta property=\"og:locale\" content=\"it_IT\" \/>\n<meta property=\"og:type\" content=\"article\" \/>\n<meta property=\"og:title\" content=\"Puoi entrare nella scuola con la MAD?\" \/>\n<meta property=\"og:description\" content=\"\u00c9 davvero possibile essere assunti tramite MAD? Le scuole utilizzano le domande di Messa a Disposizione? Ecco tutto ci\u00f2 che devi sapere.\" \/>\n<meta property=\"og:url\" content=\"https:\/\/www.docenti.it\/blog\/puoi-entrare-nella-scuola-con-la-mad\/\" \/>\n<meta property=\"og:site_name\" content=\"Blog | Docenti.it\" \/>\n<meta property=\"article:publisher\" content=\"https:\/\/www.facebook.com\/docenti.it\" \/>\n<meta property=\"article:published_time\" content=\"2022-08-31T08:18:23+00:00\" \/>\n<meta property=\"article:modified_time\" content=\"2022-08-31T08:18:24+00:00\" \/>\n<meta property=\"og:image\" content=\"https:\/\/www.docenti.it\/blog\/wp-content\/uploads\/2022\/08\/taylor-wilcox-4nKOEAQaTgA-unsplash-1.jpg\" \/>\n\t<meta property=\"og:image:width\" content=\"640\" \/>\n\t<meta property=\"og:image:height\" content=\"424\" \/>\n\t<meta property=\"og:image:type\" content=\"image\/jpeg\" \/>\n<meta name=\"author\" content=\"Veronica Conti\" \/>\n<meta name=\"twitter:card\" content=\"summary_large_image\" \/>\n<meta name=\"twitter:label1\" content=\"Written by\" \/>\n\t<meta name=\"twitter:data1\" content=\"Veronica Conti\" \/>\n\t<meta name=\"twitter:label2\" content=\"Est. reading time\" \/>\n\t<meta name=\"twitter:data2\" content=\"4 minuti\" \/>\n<script type=\"application\/ld+json\" class=\"yoast-schema-graph\">{\"@context\":\"https:\/\/schema.org\",\"@graph\":[{\"@type\":\"Article\",\"@id\":\"https:\/\/www.docenti.it\/blog\/puoi-entrare-nella-scuola-con-la-mad\/#article\",\"isPartOf\":{\"@id\":\"https:\/\/www.docenti.it\/blog\/puoi-entrare-nella-scuola-con-la-mad\/\"},\"author\":{\"name\":\"Veronica Conti\",\"@id\":\"https:\/\/www.docenti.it\/blog\/#\/schema\/person\/db2692c75b023bba5319018ede576846\"},\"headline\":\"Puoi entrare nella scuola con la MAD?\",\"datePublished\":\"2022-08-31T08:18:23+00:00\",\"dateModified\":\"2022-08-31T08:18:24+00:00\",\"mainEntityOfPage\":{\"@id\":\"https:\/\/www.docenti.it\/blog\/puoi-entrare-nella-scuola-con-la-mad\/\"},\"wordCount\":692,\"commentCount\":0,\"publisher\":{\"@id\":\"https:\/\/www.docenti.it\/blog\/#organization\"},\"keywords\":[\"diventare insegnante\"],\"articleSection\":[\"Messa a Disposizione\"],\"inLanguage\":\"it-IT\",\"potentialAction\":[{\"@type\":\"CommentAction\",\"name\":\"Comment\",\"target\":[\"https:\/\/www.docenti.it\/blog\/puoi-entrare-nella-scuola-con-la-mad\/#respond\"]}]},{\"@type\":\"WebPage\",\"@id\":\"https:\/\/www.docenti.it\/blog\/puoi-entrare-nella-scuola-con-la-mad\/\",\"url\":\"https:\/\/www.docenti.it\/blog\/puoi-entrare-nella-scuola-con-la-mad\/\",\"name\":\"Puoi entrare nella scuola con la MAD?\",\"isPartOf\":{\"@id\":\"https:\/\/www.docenti.it\/blog\/#website\"},\"datePublished\":\"2022-08-31T08:18:23+00:00\",\"dateModified\":\"2022-08-31T08:18:24+00:00\",\"description\":\"\u00c9 davvero possibile essere assunti tramite MAD? Le scuole utilizzano le domande di Messa a Disposizione? Ecco tutto ci\u00f2 che devi sapere.\",\"breadcrumb\":{\"@id\":\"https:\/\/www.docenti.it\/blog\/puoi-entrare-nella-scuola-con-la-mad\/#breadcrumb\"},\"inLanguage\":\"it-IT\",\"potentialAction\":[{\"@type\":\"ReadAction\",\"target\":[\"https:\/\/www.docenti.it\/blog\/puoi-entrare-nella-scuola-con-la-mad\/\"]}]},{\"@type\":\"BreadcrumbList\",\"@id\":\"https:\/\/www.docenti.it\/blog\/puoi-entrare-nella-scuola-con-la-mad\/#breadcrumb\",\"itemListElement\":[{\"@type\":\"ListItem\",\"position\":1,\"name\":\"Home\",\"item\":\"https:\/\/www.docenti.it\/blog\/\"},{\"@type\":\"ListItem\",\"position\":2,\"name\":\"Puoi entrare nella scuola con la MAD?\"}]},{\"@type\":\"WebSite\",\"@id\":\"https:\/\/www.docenti.it\/blog\/#website\",\"url\":\"https:\/\/www.docenti.it\/blog\/\",\"name\":\"Blog | Docenti.it\",\"description\":\"Tutte le notizie e gli aggiornamenti dal mondo della scuola\",\"publisher\":{\"@id\":\"https:\/\/www.docenti.it\/blog\/#organization\"},\"potentialAction\":[{\"@type\":\"SearchAction\",\"target\":{\"@type\":\"EntryPoint\",\"urlTemplate\":\"https:\/\/www.docenti.it\/blog\/?s={search_term_string}\"},\"query-input\":\"required name=search_term_string\"}],\"inLanguage\":\"it-IT\"},{\"@type\":\"Organization\",\"@id\":\"https:\/\/www.docenti.it\/blog\/#organization\",\"name\":\"Blog | Docenti.it\",\"url\":\"https:\/\/www.docenti.it\/blog\/\",\"logo\":{\"@type\":\"ImageObject\",\"inLanguage\":\"it-IT\",\"@id\":\"https:\/\/www.docenti.it\/blog\/#\/schema\/logo\/image\/\",\"url\":\"https:\/\/www.docenti.it\/blog\/wp-content\/uploads\/2025\/06\/fb_mad_img.png\",\"contentUrl\":\"https:\/\/www.docenti.it\/blog\/wp-content\/uploads\/2025\/06\/fb_mad_img.png\",\"width\":1140,\"height\":620,\"caption\":\"Blog | Docenti.it\"},\"image\":{\"@id\":\"https:\/\/www.docenti.it\/blog\/#\/schema\/logo\/image\/\"},\"sameAs\":[\"https:\/\/www.facebook.com\/docenti.it\"]},{\"@type\":\"Person\",\"@id\":\"https:\/\/www.docenti.it\/blog\/#\/schema\/person\/db2692c75b023bba5319018ede576846\",\"name\":\"Veronica Conti\",\"image\":{\"@type\":\"ImageObject\",\"inLanguage\":\"it-IT\",\"@id\":\"https:\/\/www.docenti.it\/blog\/#\/schema\/person\/image\/\",\"url\":\"https:\/\/secure.gravatar.com\/avatar\/9709c2e092989f0e61eda04e2d96c120?s=96&d=mm&r=g\",\"contentUrl\":\"https:\/\/secure.gravatar.com\/avatar\/9709c2e092989f0e61eda04e2d96c120?s=96&d=mm&r=g\",\"caption\":\"Veronica Conti\"},\"description\":\"Classe 1998, \u00e8 studentessa e insegnante di musica. Ha conseguito il Diploma di Violoncello nel 2018 e, due anni dopo, il Diploma Accademico di II Livello in Violoncello presso il Conservatorio di Cesena. Frequenta il terzo anno all'universit\u00e0 di Urbino, Lingue e Culture Straniere profilo linguistico-aziendale, ed \u00e8 tirocinante presso Docenti.it.\",\"url\":\"https:\/\/www.docenti.it\/blog\/author\/veronica-conti\/\"}]}<\/script>\n<!-- \/ Yoast SEO plugin. -->","yoast_head_json":{"title":"Puoi entrare nella scuola con la MAD?","description":"\u00c9 davvero possibile essere assunti tramite MAD? Le scuole utilizzano le domande di Messa a Disposizione? Ecco tutto ci\u00f2 che devi sapere.","robots":{"index":"index","follow":"follow","max-snippet":"max-snippet:-1","max-image-preview":"max-image-preview:large","max-video-preview":"max-video-preview:-1"},"canonical":"https:\/\/www.docenti.it\/blog\/puoi-entrare-nella-scuola-con-la-mad\/","og_locale":"it_IT","og_type":"article","og_title":"Puoi entrare nella scuola con la MAD?","og_description":"\u00c9 davvero possibile essere assunti tramite MAD? Le scuole utilizzano le domande di Messa a Disposizione? Ecco tutto ci\u00f2 che devi sapere.","og_url":"https:\/\/www.docenti.it\/blog\/puoi-entrare-nella-scuola-con-la-mad\/","og_site_name":"Blog | Docenti.it","article_publisher":"https:\/\/www.facebook.com\/docenti.it","article_published_time":"2022-08-31T08:18:23+00:00","article_modified_time":"2022-08-31T08:18:24+00:00","og_image":[{"width":640,"height":424,"url":"https:\/\/www.docenti.it\/blog\/wp-content\/uploads\/2022\/08\/taylor-wilcox-4nKOEAQaTgA-unsplash-1.jpg","type":"image\/jpeg"}],"author":"Veronica Conti","twitter_card":"summary_large_image","twitter_misc":{"Written by":"Veronica Conti","Est. reading time":"4 minuti"},"schema":{"@context":"https:\/\/schema.org","@graph":[{"@type":"Article","@id":"https:\/\/www.docenti.it\/blog\/puoi-entrare-nella-scuola-con-la-mad\/#article","isPartOf":{"@id":"https:\/\/www.docenti.it\/blog\/puoi-entrare-nella-scuola-con-la-mad\/"},"author":{"name":"Veronica Conti","@id":"https:\/\/www.docenti.it\/blog\/#\/schema\/person\/db2692c75b023bba5319018ede576846"},"headline":"Puoi entrare nella scuola con la MAD?","datePublished":"2022-08-31T08:18:23+00:00","dateModified":"2022-08-31T08:18:24+00:00","mainEntityOfPage":{"@id":"https:\/\/www.docenti.it\/blog\/puoi-entrare-nella-scuola-con-la-mad\/"},"wordCount":692,"commentCount":0,"publisher":{"@id":"https:\/\/www.docenti.it\/blog\/#organization"},"keywords":["diventare insegnante"],"articleSection":["Messa a Disposizione"],"inLanguage":"it-IT","potentialAction":[{"@type":"CommentAction","name":"Comment","target":["https:\/\/www.docenti.it\/blog\/puoi-entrare-nella-scuola-con-la-mad\/#respond"]}]},{"@type":"WebPage","@id":"https:\/\/www.docenti.it\/blog\/puoi-entrare-nella-scuola-con-la-mad\/","url":"https:\/\/www.docenti.it\/blog\/puoi-entrare-nella-scuola-con-la-mad\/","name":"Puoi entrare nella scuola con la MAD?","isPartOf":{"@id":"https:\/\/www.docenti.it\/blog\/#website"},"datePublished":"2022-08-31T08:18:23+00:00","dateModified":"2022-08-31T08:18:24+00:00","description":"\u00c9 davvero possibile essere assunti tramite MAD? Le scuole utilizzano le domande di Messa a Disposizione? Ecco tutto ci\u00f2 che devi sapere.","breadcrumb":{"@id":"https:\/\/www.docenti.it\/blog\/puoi-entrare-nella-scuola-con-la-mad\/#breadcrumb"},"inLanguage":"it-IT","potentialAction":[{"@type":"ReadAction","target":["https:\/\/www.docenti.it\/blog\/puoi-entrare-nella-scuola-con-la-mad\/"]}]},{"@type":"BreadcrumbList","@id":"https:\/\/www.docenti.it\/blog\/puoi-entrare-nella-scuola-con-la-mad\/#breadcrumb","itemListElement":[{"@type":"ListItem","position":1,"name":"Home","item":"https:\/\/www.docenti.it\/blog\/"},{"@type":"ListItem","position":2,"name":"Puoi entrare nella scuola con la MAD?"}]},{"@type":"WebSite","@id":"https:\/\/www.docenti.it\/blog\/#website","url":"https:\/\/www.docenti.it\/blog\/","name":"Blog | Docenti.it","description":"Tutte le notizie e gli aggiornamenti dal mondo della scuola","publisher":{"@id":"https:\/\/www.docenti.it\/blog\/#organization"},"potentialAction":[{"@type":"SearchAction","target":{"@type":"EntryPoint","urlTemplate":"https:\/\/www.docenti.it\/blog\/?s={search_term_string}"},"query-input":"required name=search_term_string"}],"inLanguage":"it-IT"},{"@type":"Organization","@id":"https:\/\/www.docenti.it\/blog\/#organization","name":"Blog | Docenti.it","url":"https:\/\/www.docenti.it\/blog\/","logo":{"@type":"ImageObject","inLanguage":"it-IT","@id":"https:\/\/www.docenti.it\/blog\/#\/schema\/logo\/image\/","url":"https:\/\/www.docenti.it\/blog\/wp-content\/uploads\/2025\/06\/fb_mad_img.png","contentUrl":"https:\/\/www.docenti.it\/blog\/wp-content\/uploads\/2025\/06\/fb_mad_img.png","width":1140,"height":620,"caption":"Blog | Docenti.it"},"image":{"@id":"https:\/\/www.docenti.it\/blog\/#\/schema\/logo\/image\/"},"sameAs":["https:\/\/www.facebook.com\/docenti.it"]},{"@type":"Person","@id":"https:\/\/www.docenti.it\/blog\/#\/schema\/person\/db2692c75b023bba5319018ede576846","name":"Veronica Conti","image":{"@type":"ImageObject","inLanguage":"it-IT","@id":"https:\/\/www.docenti.it\/blog\/#\/schema\/person\/image\/","url":"https:\/\/secure.gravatar.com\/avatar\/9709c2e092989f0e61eda04e2d96c120?s=96&d=mm&r=g","contentUrl":"https:\/\/secure.gravatar.com\/avatar\/9709c2e092989f0e61eda04e2d96c120?s=96&d=mm&r=g","caption":"Veronica Conti"},"description":"Classe 1998, \u00e8 studentessa e insegnante di musica. Ha conseguito il Diploma di Violoncello nel 2018 e, due anni dopo, il Diploma Accademico di II Livello in Violoncello presso il Conservatorio di Cesena. Frequenta il terzo anno all'universit\u00e0 di Urbino, Lingue e Culture Straniere profilo linguistico-aziendale, ed \u00e8 tirocinante presso Docenti.it.","url":"https:\/\/www.docenti.it\/blog\/author\/veronica-conti\/"}]}},"_links":{"self":[{"href":"https:\/\/www.docenti.it\/blog\/wp-json\/wp\/v2\/posts\/32311"}],"collection":[{"href":"https:\/\/www.docenti.it\/blog\/wp-json\/wp\/v2\/posts"}],"about":[{"href":"https:\/\/www.docenti.it\/blog\/wp-json\/wp\/v2\/types\/post"}],"author":[{"embeddable":true,"href":"https:\/\/www.docenti.it\/blog\/wp-json\/wp\/v2\/users\/22"}],"replies":[{"embeddable":true,"href":"https:\/\/www.docenti.it\/blog\/wp-json\/wp\/v2\/comments?post=32311"}],"version-history":[{"count":13,"href":"https:\/\/www.docenti.it\/blog\/wp-json\/wp\/v2\/posts\/32311\/revisions"}],"predecessor-version":[{"id":32335,"href":"https:\/\/www.docenti.it\/blog\/wp-json\/wp\/v2\/posts\/32311\/revisions\/32335"}],"wp:featuredmedia":[{"embeddable":true,"href":"https:\/\/www.docenti.it\/blog\/wp-json\/wp\/v2\/media\/32328"}],"wp:attachment":[{"href":"https:\/\/www.docenti.it\/blog\/wp-json\/wp\/v2\/media?parent=32311"}],"wp:term":[{"taxonomy":"category","embeddable":true,"href":"https:\/\/www.docenti.it\/blog\/wp-json\/wp\/v2\/categories?post=32311"},{"taxonomy":"post_tag","embeddable":true,"href":"https:\/\/www.docenti.it\/blog\/wp-json\/wp\/v2\/tags?post=32311"}],"curies":[{"name":"wp","href":"https:\/\/api.w.org\/{rel}","templated":true}]}}