{"id":35492,"date":"2022-10-12T15:18:34","date_gmt":"2022-10-12T13:18:34","guid":{"rendered":"https:\/\/www.docenti.it\/blog\/?p=35492"},"modified":"2022-10-12T15:18:36","modified_gmt":"2022-10-12T13:18:36","slug":"24-cfu-per-insegnare-5-al-termine-discrizione","status":"publish","type":"post","link":"https:\/\/www.docenti.it\/blog\/24-cfu-per-insegnare-5-al-termine-discrizione\/","title":{"rendered":"24 CFU per insegnare: -5 al termine d&#8217;iscrizione!"},"content":{"rendered":"\n<p>Il termine delle iscrizioni per i<strong> 24 CFU per insegnare<\/strong> sta per scadere! <\/p>\n\n\n\n<p>Se vuoi davvero conseguirli, non hai molto tempo\u2026<\/p>\n\n\n\n<!--more-->\n\n\n\n<h2>24 CFU per insegnare: hai ancora tempo&#8230;<\/h2>\n\n\n\n<p>&#8230; Ma non troppo. <\/p>\n\n\n\n<p>Infatti, i 24 CFU per insegnare possono essere conseguiti solo se ti iscrivi entro il 18 ottobre. <\/p>\n\n\n\n<p><strong><span class=\"has-inline-color has-vivid-red-color\">ATTENZIONE<\/span>: il 18 ottobre 2022 \u00e8 il termine massimo di iscrizione, NON puoi andare oltre.<\/strong><\/p>\n\n\n\n<p>Se vuoi realmente conseguire i 24 CFU per insegnare entro il 31 ottobre 2022 (data fissata per il riconoscimento ultimo di tali crediti), non hai pi\u00f9 tempo!<\/p>\n\n\n\n<p>Infatti, questo appello straordinario \u00e8 stato inserito apposta per consentire ai &#8220;ritardatari&#8221; (cio\u00e8 a coloro che non sono ancora riusciti a conseguire i 24 CFU) di poter sostenere l&#8217;esame nelle<strong> date straordinarie del 27-28 ottobre<\/strong>. <\/p>\n\n\n\n<p>Sono state, infatti, previste due date durante le quali verranno suddivisi i partecipanti all&#8217;esame, per ordine alfabetico. <\/p>\n\n\n\n<p class=\"has-text-align-left\"><em><strong>Se vuoi conseguire i 24 CFU per l&#8217;insegnamento&#8230; ti devi affrettare&#8230;<\/strong><\/em><\/p>\n\n\n\n<p><em>&#8230; Ma perch\u00e9 mai dovresti conseguirli, se nei prossimi anni ne saranno necessari 60 per diventare insegnanti?<\/em><\/p>\n\n\n\n<p>Questa \u00e8 una delle domande pi\u00f9 comuni, che tutti voi ci rivolgete, ogni volta che si parla di 24 crediti. <\/p>\n\n\n\n<p>Ma non \u00e8 l&#8217;unica: oltre a questa, ci sono anche molti altri dubbi e obiezioni che tu e tanti altri aspiranti docenti ci ponete. <\/p>\n\n\n\n<p>E noi daremo risposta qui, ad ognuna di queste. <\/p>\n\n\n\n<h2>60 CFU o 24?<\/h2>\n\n\n\n<p>In effetti, questo dubbio ha molto senso, vista la situazione&#8230;<br>Oppure no?<\/p>\n\n\n\n<p>Dunque, partendo dal presupposto che la situazione che riguarda le nuove procedure di reclutamento docenti \u00e8 molto confusionaria, \u00e8 pi\u00f9 che lecito che molti si chiedano&#8230;<\/p>\n\n\n\n<p><em>&#8230; Che senso ha acquisire 24 CFU quando poi, in futuro, non verranno pi\u00f9 riconosciuti?<\/em><\/p>\n\n\n\n<p>In verit\u00e0, per\u00f2, i 24 crediti per l&#8217;insegnamento saranno riconosciuti&#8230; a patto che verranno acquisiti entro e non oltre il 31 ottobre 2022!<br>In tal modo, <strong>potranno essere ritenuti un requisito indispensabile per accedere ai concorsi scuola entro dicembre 2024!<\/strong><\/p>\n\n\n\n<p><em>&#8230; Ma se non li ho ancora acquisiti, perch\u00e9 dovrei farlo adesso, se poi entrer\u00e0 in vigore il percorso dei 60 crediti?<\/em><\/p>\n\n\n\n<p>Con la <strong>Riforma Bianchi<\/strong> il nuovo percorso previsto per i futuri docenti coinvolger\u00e0 un cammino che prevede <strong>l&#8217;acquisizione di 60 crediti<\/strong>. <br>Questo \u00e8 vero.<\/p>\n\n\n\n<p>Ma \u00e8 anche vero che \u00e8 stato espressamente comunicato che questi 24 CFU (per chi li ha gi\u00e0 acquisiti) verranno &#8220;scalati&#8221;. <\/p>\n\n\n\n<p><em>In che modo?<\/em><\/p>\n\n\n\n<p>Questo, ancora non lo sappiamo. <br>Sappiamo solo che i 24 CFU acquisiti non andranno di certo persi!<\/p>\n\n\n\n<p><em>Ma non faccio prima a conseguire direttamente i 60 CFU?<\/em><\/p>\n\n\n\n<p>Cos\u00ec sembrerebbe.<br>E sarebbe molto pi\u00f9 facile, vero?<\/p>\n\n\n\n<p>Se non fosse che&#8230;<\/p>\n\n\n\n<p><strong>Il percorso dei 60 CFU sar\u00e0 (molto probabilmente) a numero chiuso.<br><\/strong>Di conseguenza: non tutti riusciranno ad accedervi.<\/p>\n\n\n\n<p>Scommetto che questa informazione ti era sfuggita!<\/p>\n\n\n\n<p>&#8230; Adesso capisci perch\u00e9 ti diciamo che \u00e8 bene conseguirli ADESSO, prima che sia troppo tardi?<\/p>\n\n\n\n<p>Ovviamente, se non siamo riusciti a dissipare i tuoi dubbi, sei libero di proseguire per la tua strada&#8230;<\/p>\n\n\n\n<p>&#8230; Ma se siamo stati in grado di chiarirti almeno uno di questi quesiti essenziali, allora&#8230;<\/p>\n\n\n\n<p class=\"has-text-align-center\"><strong><em>Non aspettare!<\/em><\/strong><\/p>\n\n\n\n<p class=\"has-text-align-center\"><em><strong>Mancano SOLO 5 GIORNI alla scadenza dei 24 CFU!<\/strong><\/em><\/p>\n\n\n<p>[maxbutton id=&#8221;1&#8243; url=&#8221;https:\/\/www.docenti.it\/formazione-docenti\/percorsi-formativi.html?tc=9&amp;lnk=104&#8243; text=&#8221;Consegui i 24 CFU ADESSO&#8221; ]<\/p>\n\n\n\n<p><\/p>\n\n\n\n<p>Leggi le ultime notizie:<\/p>\n\n\n\n<ul><li><a href=\"https:\/\/www.docenti.it\/blog\/mad-scuole-paritarie-cosa-cambia-rispetto-a-quelle-pubbliche\/\">MAD scuole paritarie: cosa cambia rispetto a quelle pubbliche?<\/a><\/li><li><a href=\"https:\/\/www.docenti.it\/blog\/lavorare-in-carcere-quale-mad-inviare\/\">Lavorare in carcere: quale MAD inviare?<\/a><\/li><li><a href=\"https:\/\/www.docenti.it\/blog\/laurea-in-psicologia-e-mad-cosa-posso-insegnare-nelle-scuole\/\">Laurea in Psicologia e MAD: cosa posso insegnare nelle scuole?<\/a><\/li><li><a href=\"https:\/\/www.docenti.it\/blog\/laurea-triennale-scienze-motorie-mad-posso-ottenere-una-convocazione\/\">Laurea triennale Scienze Motorie MAD: posso ottenere una convocazione?<\/a><\/li><\/ul>\n\n\n\n<p>E seguici su&nbsp;<strong><a href=\"https:\/\/www.facebook.com\/docenti.it\" target=\"_blank\" rel=\"noreferrer noopener\">Facebook<\/a><\/strong>&nbsp;e&nbsp;<a href=\"https:\/\/www.instagram.com\/docenti.it\/\" target=\"_blank\" rel=\"noreferrer noopener\"><strong>Instagram<\/strong><\/a>.<\/p>\n\n\n\n<p>Photo credit:&nbsp;<a href=\"https:\/\/pixabay.com\/\" target=\"_blank\" rel=\"noreferrer noopener\">pixabay.com<\/a><\/p>\n","protected":false},"excerpt":{"rendered":"<p>Il termine delle iscrizioni per i 24 CFU per insegnare sta per scadere! Se [&hellip;]<\/p>\n","protected":false},"author":21,"featured_media":35494,"comment_status":"open","ping_status":"open","sticky":false,"template":"","format":"standard","meta":[],"categories":[15],"tags":[],"yoast_head":"<!-- This site is optimized with the Yoast SEO plugin v20.4 - https:\/\/yoast.com\/wordpress\/plugins\/seo\/ -->\n<title>24 CFU per insegnare: -5 al termine d&#039;iscrizione!<\/title>\n<meta name=\"description\" content=\"Il termine delle iscrizioni per i 24 CFU per insegnare sta per scadere! Se vuoi davvero conseguirli, non hai molto tempo...\" \/>\n<meta name=\"robots\" content=\"index, follow, max-snippet:-1, max-image-preview:large, max-video-preview:-1\" \/>\n<link rel=\"canonical\" href=\"https:\/\/www.docenti.it\/blog\/24-cfu-per-insegnare-5-al-termine-discrizione\/\" \/>\n<meta property=\"og:locale\" content=\"it_IT\" \/>\n<meta property=\"og:type\" content=\"article\" \/>\n<meta property=\"og:title\" content=\"24 CFU per insegnare: -5 al termine d&#039;iscrizione!\" \/>\n<meta property=\"og:description\" content=\"Il termine delle iscrizioni per i 24 CFU per insegnare sta per scadere! Se vuoi davvero conseguirli, non hai molto tempo...\" \/>\n<meta property=\"og:url\" content=\"https:\/\/www.docenti.it\/blog\/24-cfu-per-insegnare-5-al-termine-discrizione\/\" \/>\n<meta property=\"og:site_name\" content=\"Blog | Docenti.it\" \/>\n<meta property=\"article:publisher\" content=\"https:\/\/www.facebook.com\/docenti.it\" \/>\n<meta property=\"article:author\" content=\"https:\/\/www.facebook.com\/profile.php?id=1555867670\" \/>\n<meta property=\"article:published_time\" content=\"2022-10-12T13:18:34+00:00\" \/>\n<meta property=\"article:modified_time\" content=\"2022-10-12T13:18:36+00:00\" \/>\n<meta property=\"og:image\" content=\"https:\/\/www.docenti.it\/blog\/wp-content\/uploads\/2022\/10\/time-g3f045476b_640.png\" \/>\n\t<meta property=\"og:image:width\" content=\"640\" \/>\n\t<meta property=\"og:image:height\" content=\"480\" \/>\n\t<meta property=\"og:image:type\" content=\"image\/png\" \/>\n<meta name=\"author\" content=\"Martina Vaggi\" \/>\n<meta name=\"twitter:card\" content=\"summary_large_image\" \/>\n<meta name=\"twitter:label1\" content=\"Written by\" \/>\n\t<meta name=\"twitter:data1\" content=\"Martina Vaggi\" \/>\n\t<meta name=\"twitter:label2\" content=\"Est. reading time\" \/>\n\t<meta name=\"twitter:data2\" content=\"4 minuti\" \/>\n<script type=\"application\/ld+json\" class=\"yoast-schema-graph\">{\"@context\":\"https:\/\/schema.org\",\"@graph\":[{\"@type\":\"Article\",\"@id\":\"https:\/\/www.docenti.it\/blog\/24-cfu-per-insegnare-5-al-termine-discrizione\/#article\",\"isPartOf\":{\"@id\":\"https:\/\/www.docenti.it\/blog\/24-cfu-per-insegnare-5-al-termine-discrizione\/\"},\"author\":{\"name\":\"Martina Vaggi\",\"@id\":\"https:\/\/www.docenti.it\/blog\/#\/schema\/person\/99c2fdaf54e96829fe4ed44da8233688\"},\"headline\":\"24 CFU per insegnare: -5 al termine d&#8217;iscrizione!\",\"datePublished\":\"2022-10-12T13:18:34+00:00\",\"dateModified\":\"2022-10-12T13:18:36+00:00\",\"mainEntityOfPage\":{\"@id\":\"https:\/\/www.docenti.it\/blog\/24-cfu-per-insegnare-5-al-termine-discrizione\/\"},\"wordCount\":549,\"commentCount\":0,\"publisher\":{\"@id\":\"https:\/\/www.docenti.it\/blog\/#organization\"},\"articleSection\":[\"24 CFU\"],\"inLanguage\":\"it-IT\",\"potentialAction\":[{\"@type\":\"CommentAction\",\"name\":\"Comment\",\"target\":[\"https:\/\/www.docenti.it\/blog\/24-cfu-per-insegnare-5-al-termine-discrizione\/#respond\"]}]},{\"@type\":\"WebPage\",\"@id\":\"https:\/\/www.docenti.it\/blog\/24-cfu-per-insegnare-5-al-termine-discrizione\/\",\"url\":\"https:\/\/www.docenti.it\/blog\/24-cfu-per-insegnare-5-al-termine-discrizione\/\",\"name\":\"24 CFU per insegnare: -5 al termine d'iscrizione!\",\"isPartOf\":{\"@id\":\"https:\/\/www.docenti.it\/blog\/#website\"},\"datePublished\":\"2022-10-12T13:18:34+00:00\",\"dateModified\":\"2022-10-12T13:18:36+00:00\",\"description\":\"Il termine delle iscrizioni per i 24 CFU per insegnare sta per scadere! Se vuoi davvero conseguirli, non hai molto tempo...\",\"breadcrumb\":{\"@id\":\"https:\/\/www.docenti.it\/blog\/24-cfu-per-insegnare-5-al-termine-discrizione\/#breadcrumb\"},\"inLanguage\":\"it-IT\",\"potentialAction\":[{\"@type\":\"ReadAction\",\"target\":[\"https:\/\/www.docenti.it\/blog\/24-cfu-per-insegnare-5-al-termine-discrizione\/\"]}]},{\"@type\":\"BreadcrumbList\",\"@id\":\"https:\/\/www.docenti.it\/blog\/24-cfu-per-insegnare-5-al-termine-discrizione\/#breadcrumb\",\"itemListElement\":[{\"@type\":\"ListItem\",\"position\":1,\"name\":\"Home\",\"item\":\"https:\/\/www.docenti.it\/blog\/\"},{\"@type\":\"ListItem\",\"position\":2,\"name\":\"24 CFU per insegnare: -5 al termine d&#8217;iscrizione!\"}]},{\"@type\":\"WebSite\",\"@id\":\"https:\/\/www.docenti.it\/blog\/#website\",\"url\":\"https:\/\/www.docenti.it\/blog\/\",\"name\":\"Blog | Docenti.it\",\"description\":\"Tutte le notizie e gli aggiornamenti dal mondo della scuola\",\"publisher\":{\"@id\":\"https:\/\/www.docenti.it\/blog\/#organization\"},\"potentialAction\":[{\"@type\":\"SearchAction\",\"target\":{\"@type\":\"EntryPoint\",\"urlTemplate\":\"https:\/\/www.docenti.it\/blog\/?s={search_term_string}\"},\"query-input\":\"required name=search_term_string\"}],\"inLanguage\":\"it-IT\"},{\"@type\":\"Organization\",\"@id\":\"https:\/\/www.docenti.it\/blog\/#organization\",\"name\":\"Blog | Docenti.it\",\"url\":\"https:\/\/www.docenti.it\/blog\/\",\"logo\":{\"@type\":\"ImageObject\",\"inLanguage\":\"it-IT\",\"@id\":\"https:\/\/www.docenti.it\/blog\/#\/schema\/logo\/image\/\",\"url\":\"https:\/\/www.docenti.it\/blog\/wp-content\/uploads\/2025\/06\/fb_mad_img.png\",\"contentUrl\":\"https:\/\/www.docenti.it\/blog\/wp-content\/uploads\/2025\/06\/fb_mad_img.png\",\"width\":1140,\"height\":620,\"caption\":\"Blog | Docenti.it\"},\"image\":{\"@id\":\"https:\/\/www.docenti.it\/blog\/#\/schema\/logo\/image\/\"},\"sameAs\":[\"https:\/\/www.facebook.com\/docenti.it\"]},{\"@type\":\"Person\",\"@id\":\"https:\/\/www.docenti.it\/blog\/#\/schema\/person\/99c2fdaf54e96829fe4ed44da8233688\",\"name\":\"Martina Vaggi\",\"image\":{\"@type\":\"ImageObject\",\"inLanguage\":\"it-IT\",\"@id\":\"https:\/\/www.docenti.it\/blog\/#\/schema\/person\/image\/\",\"url\":\"https:\/\/secure.gravatar.com\/avatar\/14a13197979873d693ad915d249e3f54?s=96&d=mm&r=g\",\"contentUrl\":\"https:\/\/secure.gravatar.com\/avatar\/14a13197979873d693ad915d249e3f54?s=96&d=mm&r=g\",\"caption\":\"Martina Vaggi\"},\"description\":\"Classe 1991, copywriter e scrittrice. Nata a Sale, un paesino in provincia di Alessandria. Scrive dall\u2019et\u00e0 di 10 anni. Nel 2015 si laurea in Lettere Moderne presso l\u2019universit\u00e0 di Pavia. Nel 2020 pubblica il suo primo libro \\\"Il diario del silenzio - Storie reali di quarantena\\\" che descrive il processo di cambiamento della vita di 40 persone ai tempi del Covid. Nel 2022 si trasferisce a San Marino per lavorare come copywriter per Docenti.it\",\"sameAs\":[\"https:\/\/pensierisurrealidigentecomune.com\/\",\"https:\/\/www.facebook.com\/profile.php?id=1555867670\",\"https:\/\/www.instagram.com\/martiggi91\/\",\"https:\/\/it.linkedin.com\/in\/martina-vaggi\",\"https:\/\/www.youtube.com\/results?search_query=martina+vaggi\"],\"url\":\"https:\/\/www.docenti.it\/blog\/author\/martina-vaggi\/\"}]}<\/script>\n<!-- \/ Yoast SEO plugin. -->","yoast_head_json":{"title":"24 CFU per insegnare: -5 al termine d'iscrizione!","description":"Il termine delle iscrizioni per i 24 CFU per insegnare sta per scadere! Se vuoi davvero conseguirli, non hai molto tempo...","robots":{"index":"index","follow":"follow","max-snippet":"max-snippet:-1","max-image-preview":"max-image-preview:large","max-video-preview":"max-video-preview:-1"},"canonical":"https:\/\/www.docenti.it\/blog\/24-cfu-per-insegnare-5-al-termine-discrizione\/","og_locale":"it_IT","og_type":"article","og_title":"24 CFU per insegnare: -5 al termine d'iscrizione!","og_description":"Il termine delle iscrizioni per i 24 CFU per insegnare sta per scadere! Se vuoi davvero conseguirli, non hai molto tempo...","og_url":"https:\/\/www.docenti.it\/blog\/24-cfu-per-insegnare-5-al-termine-discrizione\/","og_site_name":"Blog | Docenti.it","article_publisher":"https:\/\/www.facebook.com\/docenti.it","article_author":"https:\/\/www.facebook.com\/profile.php?id=1555867670","article_published_time":"2022-10-12T13:18:34+00:00","article_modified_time":"2022-10-12T13:18:36+00:00","og_image":[{"width":640,"height":480,"url":"https:\/\/www.docenti.it\/blog\/wp-content\/uploads\/2022\/10\/time-g3f045476b_640.png","type":"image\/png"}],"author":"Martina Vaggi","twitter_card":"summary_large_image","twitter_misc":{"Written by":"Martina Vaggi","Est. reading time":"4 minuti"},"schema":{"@context":"https:\/\/schema.org","@graph":[{"@type":"Article","@id":"https:\/\/www.docenti.it\/blog\/24-cfu-per-insegnare-5-al-termine-discrizione\/#article","isPartOf":{"@id":"https:\/\/www.docenti.it\/blog\/24-cfu-per-insegnare-5-al-termine-discrizione\/"},"author":{"name":"Martina Vaggi","@id":"https:\/\/www.docenti.it\/blog\/#\/schema\/person\/99c2fdaf54e96829fe4ed44da8233688"},"headline":"24 CFU per insegnare: -5 al termine d&#8217;iscrizione!","datePublished":"2022-10-12T13:18:34+00:00","dateModified":"2022-10-12T13:18:36+00:00","mainEntityOfPage":{"@id":"https:\/\/www.docenti.it\/blog\/24-cfu-per-insegnare-5-al-termine-discrizione\/"},"wordCount":549,"commentCount":0,"publisher":{"@id":"https:\/\/www.docenti.it\/blog\/#organization"},"articleSection":["24 CFU"],"inLanguage":"it-IT","potentialAction":[{"@type":"CommentAction","name":"Comment","target":["https:\/\/www.docenti.it\/blog\/24-cfu-per-insegnare-5-al-termine-discrizione\/#respond"]}]},{"@type":"WebPage","@id":"https:\/\/www.docenti.it\/blog\/24-cfu-per-insegnare-5-al-termine-discrizione\/","url":"https:\/\/www.docenti.it\/blog\/24-cfu-per-insegnare-5-al-termine-discrizione\/","name":"24 CFU per insegnare: -5 al termine d'iscrizione!","isPartOf":{"@id":"https:\/\/www.docenti.it\/blog\/#website"},"datePublished":"2022-10-12T13:18:34+00:00","dateModified":"2022-10-12T13:18:36+00:00","description":"Il termine delle iscrizioni per i 24 CFU per insegnare sta per scadere! Se vuoi davvero conseguirli, non hai molto tempo...","breadcrumb":{"@id":"https:\/\/www.docenti.it\/blog\/24-cfu-per-insegnare-5-al-termine-discrizione\/#breadcrumb"},"inLanguage":"it-IT","potentialAction":[{"@type":"ReadAction","target":["https:\/\/www.docenti.it\/blog\/24-cfu-per-insegnare-5-al-termine-discrizione\/"]}]},{"@type":"BreadcrumbList","@id":"https:\/\/www.docenti.it\/blog\/24-cfu-per-insegnare-5-al-termine-discrizione\/#breadcrumb","itemListElement":[{"@type":"ListItem","position":1,"name":"Home","item":"https:\/\/www.docenti.it\/blog\/"},{"@type":"ListItem","position":2,"name":"24 CFU per insegnare: -5 al termine d&#8217;iscrizione!"}]},{"@type":"WebSite","@id":"https:\/\/www.docenti.it\/blog\/#website","url":"https:\/\/www.docenti.it\/blog\/","name":"Blog | Docenti.it","description":"Tutte le notizie e gli aggiornamenti dal mondo della scuola","publisher":{"@id":"https:\/\/www.docenti.it\/blog\/#organization"},"potentialAction":[{"@type":"SearchAction","target":{"@type":"EntryPoint","urlTemplate":"https:\/\/www.docenti.it\/blog\/?s={search_term_string}"},"query-input":"required name=search_term_string"}],"inLanguage":"it-IT"},{"@type":"Organization","@id":"https:\/\/www.docenti.it\/blog\/#organization","name":"Blog | Docenti.it","url":"https:\/\/www.docenti.it\/blog\/","logo":{"@type":"ImageObject","inLanguage":"it-IT","@id":"https:\/\/www.docenti.it\/blog\/#\/schema\/logo\/image\/","url":"https:\/\/www.docenti.it\/blog\/wp-content\/uploads\/2025\/06\/fb_mad_img.png","contentUrl":"https:\/\/www.docenti.it\/blog\/wp-content\/uploads\/2025\/06\/fb_mad_img.png","width":1140,"height":620,"caption":"Blog | Docenti.it"},"image":{"@id":"https:\/\/www.docenti.it\/blog\/#\/schema\/logo\/image\/"},"sameAs":["https:\/\/www.facebook.com\/docenti.it"]},{"@type":"Person","@id":"https:\/\/www.docenti.it\/blog\/#\/schema\/person\/99c2fdaf54e96829fe4ed44da8233688","name":"Martina Vaggi","image":{"@type":"ImageObject","inLanguage":"it-IT","@id":"https:\/\/www.docenti.it\/blog\/#\/schema\/person\/image\/","url":"https:\/\/secure.gravatar.com\/avatar\/14a13197979873d693ad915d249e3f54?s=96&d=mm&r=g","contentUrl":"https:\/\/secure.gravatar.com\/avatar\/14a13197979873d693ad915d249e3f54?s=96&d=mm&r=g","caption":"Martina Vaggi"},"description":"Classe 1991, copywriter e scrittrice. Nata a Sale, un paesino in provincia di Alessandria. Scrive dall\u2019et\u00e0 di 10 anni. Nel 2015 si laurea in Lettere Moderne presso l\u2019universit\u00e0 di Pavia. Nel 2020 pubblica il suo primo libro \"Il diario del silenzio - Storie reali di quarantena\" che descrive il processo di cambiamento della vita di 40 persone ai tempi del Covid. Nel 2022 si trasferisce a San Marino per lavorare come copywriter per Docenti.it","sameAs":["https:\/\/pensierisurrealidigentecomune.com\/","https:\/\/www.facebook.com\/profile.php?id=1555867670","https:\/\/www.instagram.com\/martiggi91\/","https:\/\/it.linkedin.com\/in\/martina-vaggi","https:\/\/www.youtube.com\/results?search_query=martina+vaggi"],"url":"https:\/\/www.docenti.it\/blog\/author\/martina-vaggi\/"}]}},"_links":{"self":[{"href":"https:\/\/www.docenti.it\/blog\/wp-json\/wp\/v2\/posts\/35492"}],"collection":[{"href":"https:\/\/www.docenti.it\/blog\/wp-json\/wp\/v2\/posts"}],"about":[{"href":"https:\/\/www.docenti.it\/blog\/wp-json\/wp\/v2\/types\/post"}],"author":[{"embeddable":true,"href":"https:\/\/www.docenti.it\/blog\/wp-json\/wp\/v2\/users\/21"}],"replies":[{"embeddable":true,"href":"https:\/\/www.docenti.it\/blog\/wp-json\/wp\/v2\/comments?post=35492"}],"version-history":[{"count":34,"href":"https:\/\/www.docenti.it\/blog\/wp-json\/wp\/v2\/posts\/35492\/revisions"}],"predecessor-version":[{"id":35540,"href":"https:\/\/www.docenti.it\/blog\/wp-json\/wp\/v2\/posts\/35492\/revisions\/35540"}],"wp:featuredmedia":[{"embeddable":true,"href":"https:\/\/www.docenti.it\/blog\/wp-json\/wp\/v2\/media\/35494"}],"wp:attachment":[{"href":"https:\/\/www.docenti.it\/blog\/wp-json\/wp\/v2\/media?parent=35492"}],"wp:term":[{"taxonomy":"category","embeddable":true,"href":"https:\/\/www.docenti.it\/blog\/wp-json\/wp\/v2\/categories?post=35492"},{"taxonomy":"post_tag","embeddable":true,"href":"https:\/\/www.docenti.it\/blog\/wp-json\/wp\/v2\/tags?post=35492"}],"curies":[{"name":"wp","href":"https:\/\/api.w.org\/{rel}","templated":true}]}}