{"id":36841,"date":"2022-10-24T17:12:30","date_gmt":"2022-10-24T15:12:30","guid":{"rendered":"https:\/\/www.docenti.it\/blog\/?p=36841"},"modified":"2022-10-24T17:12:32","modified_gmt":"2022-10-24T15:12:32","slug":"bonus-150-euro-docenti-e-ata-modello-di-dichiarazione-e-info-utili","status":"publish","type":"post","link":"https:\/\/www.docenti.it\/blog\/bonus-150-euro-docenti-e-ata-modello-di-dichiarazione-e-info-utili\/","title":{"rendered":"Bonus 150 euro docenti e ATA: modello di dichiarazione e info utili"},"content":{"rendered":"\n<p>L&#8217;INPS pubblica il modello di dichiarazione per richiedere il <strong>bonus 150 euro <\/strong>per docenti e Personale ATA. <\/p>\n\n\n\n<p>Ecco tutte le info utili. <\/p>\n\n\n\n<!--more-->\n\n\n\n<h2>Bonus 150 euro: a chi spetta?<\/h2>\n\n\n\n<p>Con la <strong>circolare n. 116 del 17 ottobre 2022<\/strong>, l\u2019INPS ha fornito le necessarie istruzioni per accedere all\u2019indennit\u00e0 che riguarda il<strong> bonus 150 euro<\/strong>.<\/p>\n\n\n\n<p><em>Ma a chi spetta questa indennit\u00e0?<\/em><\/p>\n\n\n\n<p><strong>Il bonus 150 euro \u00e8 a favore dei lavoratori dipendenti, facenti parte dei docenti e personale ATA. <\/strong><\/p>\n\n\n\n<p>Il relativo decreto prevede che l\u2019indennit\u00e0 di 150 euro sia riconosciuta &#8220;<em>Previa dichiarazione del lavoratore di non essere titolare delle prestazioni di cui all\u2019articolo 19, commi 1 e 16<\/em>\u201d.<\/p>\n\n\n\n<h3>Che cosa deve fare il lavoratore per riceverlo?<\/h3>\n\n\n\n<p>Il lavoratore, al fine di ricevere l\u2019indennit\u00e0 dal proprio datore di lavoro, <strong>deve presentare allo stesso una dichiarazione<\/strong>, con la quale afferma, sotto propria responsabilit\u00e0, di non essere titolare di:<\/p>\n\n\n\n<ul><li>uno o pi\u00f9 trattamenti pensionistici che siano a carico di qualsiasi forma previdenziale obbligatoria, di pensione o assegno sociale, di pensione o assegno per invalidi civili, ciechi e sordomuti;<\/li><li>di non essere titolare di trattamenti di accompagnamento alla pensione ovvero&#8230;<\/li><li>di non appartenere a un nucleo familiare che sia beneficiario del Reddito di cittadinanza. <br><br>Queste sono le categorie per le quali \u00e8 previsto che sia l\u2019INPS a erogare nel mese di novembre 2022 l\u2019indennit\u00e0 una tantum, ai sensi dell\u2019articolo 19 del medesimo D.L. n. 144\/2022.<\/li><\/ul>\n\n\n\n<p><strong>Non \u00e8 per\u00f2 chiaro se anche il personale scolastico sia tenuto a presentare la dichiarazione, necessaria per ottenere il bonus<\/strong>, cos\u00ec come \u00e8 segnalato sul sito della Flc Cgil.<\/p>\n\n\n\n<h2>Le condizioni per ottenere il bonus<\/h2>\n\n\n\n<p><strong>Il bonus spetta anche al personale scolastico. <\/strong><\/p>\n\n\n\n<p><em>Ma quali sono le condizioni?<\/em><\/p>\n\n\n\n<p><strong>Per poter beneficiare del bonus 150 euro occorre avere una retribuzione imponibile, nella competenza del mese di novembre, che non sia superiore ai 1.538 euro.<\/strong><\/p>\n\n\n\n<p>Nello specifico, riportiamo quanto dice <strong>il decreto-legge n. 144\/2022<\/strong>, che ha previsto all\u2019articolo 18, comma 1: \u201c<em>Ai lavoratori dipendenti, con esclusione di quelli con rapporto di lavoro domestico, aventi una retribuzione imponibile nella competenza del mese di novembre 2022 non eccedente l\u2019importo di 1.538 euro, e che non siano titolari dei trattamenti di cui all\u2019articolo 19, \u00e8 riconosciuta per il tramite dei datori di lavoro, nella retribuzione erogata nella competenza del mese di novembre 2022, una somma a titolo di indennit\u00e0 una tantum di importo pari a 150 euro. Tale indennit\u00e0 \u00e8 riconosciuta in via automatica, previa dichiarazione del lavoratore di non essere titolare delle prestazioni di cui all\u2019articolo 19, commi 1 e 16<\/em>\u201d.<\/p>\n\n\n\n<p><em>L\u2019indennit\u00e0 del bonus 150 euro riguarda tutti i lavoratori dipendenti o ci sono delle eccezioni?<\/em><\/p>\n\n\n\n<p>L\u2019erogazione da parte del datore di lavoro deve avvenire per <strong>tutti i rapporti di lavoro dipendente<\/strong> (esclusi i rapporti di lavoro domestico), purch\u00e9 venga rispettato<strong> il limite della retribuzione mensile<\/strong> (1.538 euro), nella competenza del mese di novembre 2022.<\/p>\n\n\n\n<p>Possono accedere all\u2019<strong>indennit\u00e0 di 150 euro<\/strong>:<\/p>\n\n\n\n<ul><li>tutti i lavoratori, anche somministrati, che siano dipendenti di datori di lavoro, pubblici e privati, a prescindere dalla circostanza che assumano o meno la natura di imprenditore.<\/li><\/ul>\n\n\n\n<h3>Bonus 150 euro: quando deve essere erogato?<\/h3>\n\n\n\n<p><strong>L\u2019indennit\u00e0 deve essere erogata nel corso del mese di novembre 2022.<\/strong><\/p>\n\n\n\n<p>Ma non pu\u00f2 essere riconosciuta nell\u2019ipotesi in cui la retribuzione risulti azzerata, a causa della sospensione del rapporto di lavoro per eventi non coperti da contribuzione figurativa a carico dell\u2019Istituto (poniamo un esempio: l&#8217;aspettativa non retribuita).<\/p>\n\n\n\n<p>Seguiranno aggiornamenti. <\/p>\n\n\n\n<p>Leggi le nostre ultime notizie:<\/p>\n\n\n\n<ul><li><a href=\"https:\/\/www.docenti.it\/blog\/scuola-news-docente-ha-una-relazione-con-alunna-il-tribunale-lo-dichiara-innocente\/\">Scuola, news: docente ha una relazione con alunna. Il tribunale lo dichiara innocente<\/a><a href=\"https:\/\/www.docenti.it\/blog\/assunzioni-scuola-43mila-posti-per-i-docenti-e-solo-10mila-per-personale-ata\/\">Assunzioni scuola: 43mila posti per i docenti e solo 10mila per Personale ATA<\/a><\/li><li><a href=\"https:\/\/www.docenti.it\/blog\/giuseppe-valditara-e-il-nuovo-ministro-dellistruzione-quali-novita-ci-attendono\/\">Giuseppe Valditara \u00e8 il nuovo Ministro dell\u2019Istruzione: quali novit\u00e0 ci attendono?<\/a><\/li><li><a href=\"https:\/\/www.docenti.it\/blog\/il-figlio-di-13-anni-e-malato-di-tumore-la-madre-lancia-un-appello-scrivetegli-una-lettera\/\">Il figlio di 13 anni \u00e8 malato di tumore, la madre lancia un appello: \u201cScrivetegli una lettera\u201d<\/a><\/li><\/ul>\n\n\n\n<p>E seguici su&nbsp;<strong><a href=\"https:\/\/www.facebook.com\/docenti.it\" target=\"_blank\" rel=\"noreferrer noopener\">Facebook<\/a><\/strong>&nbsp;e&nbsp;<a href=\"https:\/\/www.instagram.com\/docenti.it\/\" target=\"_blank\" rel=\"noreferrer noopener\"><strong>Instagram<\/strong><\/a>.<\/p>\n\n\n\n<p>Photo credit:&nbsp;<a href=\"https:\/\/pixabay.com\/\" target=\"_blank\" rel=\"noreferrer noopener\">pixabay.com<\/a><\/p>\n","protected":false},"excerpt":{"rendered":"<p>L&#8217;INPS pubblica il modello di dichiarazione per richiedere il bonus 150 euro per docenti [&hellip;]<\/p>\n","protected":false},"author":21,"featured_media":36843,"comment_status":"open","ping_status":"open","sticky":false,"template":"","format":"standard","meta":[],"categories":[4],"tags":[563,564,362],"yoast_head":"<!-- This site is optimized with the Yoast SEO plugin v20.4 - https:\/\/yoast.com\/wordpress\/plugins\/seo\/ -->\n<title>Bonus 150 euro docenti e ATA: modello di dichiarazione e info utili<\/title>\n<meta name=\"description\" content=\"L&#039;INPS pubblica il modello di dichiarazione per richiedere il bonus 150 euro per docenti e Personale ATA. Ecco tutte le info\" \/>\n<meta name=\"robots\" content=\"index, follow, max-snippet:-1, max-image-preview:large, max-video-preview:-1\" \/>\n<link rel=\"canonical\" href=\"https:\/\/www.docenti.it\/blog\/bonus-150-euro-docenti-e-ata-modello-di-dichiarazione-e-info-utili\/\" \/>\n<meta property=\"og:locale\" content=\"it_IT\" \/>\n<meta property=\"og:type\" content=\"article\" \/>\n<meta property=\"og:title\" content=\"Bonus 150 euro docenti e ATA: modello di dichiarazione e info utili\" \/>\n<meta property=\"og:description\" content=\"L&#039;INPS pubblica il modello di dichiarazione per richiedere il bonus 150 euro per docenti e Personale ATA. Ecco tutte le info\" \/>\n<meta property=\"og:url\" content=\"https:\/\/www.docenti.it\/blog\/bonus-150-euro-docenti-e-ata-modello-di-dichiarazione-e-info-utili\/\" \/>\n<meta property=\"og:site_name\" content=\"Blog | Docenti.it\" \/>\n<meta property=\"article:publisher\" content=\"https:\/\/www.facebook.com\/docenti.it\" \/>\n<meta property=\"article:author\" content=\"https:\/\/www.facebook.com\/profile.php?id=1555867670\" \/>\n<meta property=\"article:published_time\" content=\"2022-10-24T15:12:30+00:00\" \/>\n<meta property=\"article:modified_time\" content=\"2022-10-24T15:12:32+00:00\" \/>\n<meta property=\"og:image\" content=\"https:\/\/www.docenti.it\/blog\/wp-content\/uploads\/2022\/10\/money-g8c5759db8_640.png\" \/>\n\t<meta property=\"og:image:width\" content=\"640\" \/>\n\t<meta property=\"og:image:height\" content=\"458\" \/>\n\t<meta property=\"og:image:type\" content=\"image\/png\" \/>\n<meta name=\"author\" content=\"Martina Vaggi\" \/>\n<meta name=\"twitter:card\" content=\"summary_large_image\" \/>\n<meta name=\"twitter:label1\" content=\"Written by\" \/>\n\t<meta name=\"twitter:data1\" content=\"Martina Vaggi\" \/>\n\t<meta name=\"twitter:label2\" content=\"Est. reading time\" \/>\n\t<meta name=\"twitter:data2\" content=\"4 minuti\" \/>\n<script type=\"application\/ld+json\" class=\"yoast-schema-graph\">{\"@context\":\"https:\/\/schema.org\",\"@graph\":[{\"@type\":\"Article\",\"@id\":\"https:\/\/www.docenti.it\/blog\/bonus-150-euro-docenti-e-ata-modello-di-dichiarazione-e-info-utili\/#article\",\"isPartOf\":{\"@id\":\"https:\/\/www.docenti.it\/blog\/bonus-150-euro-docenti-e-ata-modello-di-dichiarazione-e-info-utili\/\"},\"author\":{\"name\":\"Martina Vaggi\",\"@id\":\"https:\/\/www.docenti.it\/blog\/#\/schema\/person\/99c2fdaf54e96829fe4ed44da8233688\"},\"headline\":\"Bonus 150 euro docenti e ATA: modello di dichiarazione e info utili\",\"datePublished\":\"2022-10-24T15:12:30+00:00\",\"dateModified\":\"2022-10-24T15:12:32+00:00\",\"mainEntityOfPage\":{\"@id\":\"https:\/\/www.docenti.it\/blog\/bonus-150-euro-docenti-e-ata-modello-di-dichiarazione-e-info-utili\/\"},\"wordCount\":618,\"commentCount\":0,\"publisher\":{\"@id\":\"https:\/\/www.docenti.it\/blog\/#organization\"},\"keywords\":[\"bonus docenti e ATA\",\"stipendi personale ATA\",\"stipendio docenti\"],\"articleSection\":[\"News\"],\"inLanguage\":\"it-IT\",\"potentialAction\":[{\"@type\":\"CommentAction\",\"name\":\"Comment\",\"target\":[\"https:\/\/www.docenti.it\/blog\/bonus-150-euro-docenti-e-ata-modello-di-dichiarazione-e-info-utili\/#respond\"]}]},{\"@type\":\"WebPage\",\"@id\":\"https:\/\/www.docenti.it\/blog\/bonus-150-euro-docenti-e-ata-modello-di-dichiarazione-e-info-utili\/\",\"url\":\"https:\/\/www.docenti.it\/blog\/bonus-150-euro-docenti-e-ata-modello-di-dichiarazione-e-info-utili\/\",\"name\":\"Bonus 150 euro docenti e ATA: modello di dichiarazione e info utili\",\"isPartOf\":{\"@id\":\"https:\/\/www.docenti.it\/blog\/#website\"},\"datePublished\":\"2022-10-24T15:12:30+00:00\",\"dateModified\":\"2022-10-24T15:12:32+00:00\",\"description\":\"L'INPS pubblica il modello di dichiarazione per richiedere il bonus 150 euro per docenti e Personale ATA. Ecco tutte le info\",\"breadcrumb\":{\"@id\":\"https:\/\/www.docenti.it\/blog\/bonus-150-euro-docenti-e-ata-modello-di-dichiarazione-e-info-utili\/#breadcrumb\"},\"inLanguage\":\"it-IT\",\"potentialAction\":[{\"@type\":\"ReadAction\",\"target\":[\"https:\/\/www.docenti.it\/blog\/bonus-150-euro-docenti-e-ata-modello-di-dichiarazione-e-info-utili\/\"]}]},{\"@type\":\"BreadcrumbList\",\"@id\":\"https:\/\/www.docenti.it\/blog\/bonus-150-euro-docenti-e-ata-modello-di-dichiarazione-e-info-utili\/#breadcrumb\",\"itemListElement\":[{\"@type\":\"ListItem\",\"position\":1,\"name\":\"Home\",\"item\":\"https:\/\/www.docenti.it\/blog\/\"},{\"@type\":\"ListItem\",\"position\":2,\"name\":\"Bonus 150 euro docenti e ATA: modello di dichiarazione e info utili\"}]},{\"@type\":\"WebSite\",\"@id\":\"https:\/\/www.docenti.it\/blog\/#website\",\"url\":\"https:\/\/www.docenti.it\/blog\/\",\"name\":\"Blog | Docenti.it\",\"description\":\"Tutte le notizie e gli aggiornamenti dal mondo della scuola\",\"publisher\":{\"@id\":\"https:\/\/www.docenti.it\/blog\/#organization\"},\"potentialAction\":[{\"@type\":\"SearchAction\",\"target\":{\"@type\":\"EntryPoint\",\"urlTemplate\":\"https:\/\/www.docenti.it\/blog\/?s={search_term_string}\"},\"query-input\":\"required name=search_term_string\"}],\"inLanguage\":\"it-IT\"},{\"@type\":\"Organization\",\"@id\":\"https:\/\/www.docenti.it\/blog\/#organization\",\"name\":\"Blog | Docenti.it\",\"url\":\"https:\/\/www.docenti.it\/blog\/\",\"logo\":{\"@type\":\"ImageObject\",\"inLanguage\":\"it-IT\",\"@id\":\"https:\/\/www.docenti.it\/blog\/#\/schema\/logo\/image\/\",\"url\":\"https:\/\/www.docenti.it\/blog\/wp-content\/uploads\/2025\/06\/fb_mad_img.png\",\"contentUrl\":\"https:\/\/www.docenti.it\/blog\/wp-content\/uploads\/2025\/06\/fb_mad_img.png\",\"width\":1140,\"height\":620,\"caption\":\"Blog | Docenti.it\"},\"image\":{\"@id\":\"https:\/\/www.docenti.it\/blog\/#\/schema\/logo\/image\/\"},\"sameAs\":[\"https:\/\/www.facebook.com\/docenti.it\"]},{\"@type\":\"Person\",\"@id\":\"https:\/\/www.docenti.it\/blog\/#\/schema\/person\/99c2fdaf54e96829fe4ed44da8233688\",\"name\":\"Martina Vaggi\",\"image\":{\"@type\":\"ImageObject\",\"inLanguage\":\"it-IT\",\"@id\":\"https:\/\/www.docenti.it\/blog\/#\/schema\/person\/image\/\",\"url\":\"https:\/\/secure.gravatar.com\/avatar\/14a13197979873d693ad915d249e3f54?s=96&d=mm&r=g\",\"contentUrl\":\"https:\/\/secure.gravatar.com\/avatar\/14a13197979873d693ad915d249e3f54?s=96&d=mm&r=g\",\"caption\":\"Martina Vaggi\"},\"description\":\"Classe 1991, copywriter e scrittrice. Nata a Sale, un paesino in provincia di Alessandria. Scrive dall\u2019et\u00e0 di 10 anni. Nel 2015 si laurea in Lettere Moderne presso l\u2019universit\u00e0 di Pavia. Nel 2020 pubblica il suo primo libro \\\"Il diario del silenzio - Storie reali di quarantena\\\" che descrive il processo di cambiamento della vita di 40 persone ai tempi del Covid. Nel 2022 si trasferisce a San Marino per lavorare come copywriter per Docenti.it\",\"sameAs\":[\"https:\/\/pensierisurrealidigentecomune.com\/\",\"https:\/\/www.facebook.com\/profile.php?id=1555867670\",\"https:\/\/www.instagram.com\/martiggi91\/\",\"https:\/\/it.linkedin.com\/in\/martina-vaggi\",\"https:\/\/www.youtube.com\/results?search_query=martina+vaggi\"],\"url\":\"https:\/\/www.docenti.it\/blog\/author\/martina-vaggi\/\"}]}<\/script>\n<!-- \/ Yoast SEO plugin. -->","yoast_head_json":{"title":"Bonus 150 euro docenti e ATA: modello di dichiarazione e info utili","description":"L'INPS pubblica il modello di dichiarazione per richiedere il bonus 150 euro per docenti e Personale ATA. Ecco tutte le info","robots":{"index":"index","follow":"follow","max-snippet":"max-snippet:-1","max-image-preview":"max-image-preview:large","max-video-preview":"max-video-preview:-1"},"canonical":"https:\/\/www.docenti.it\/blog\/bonus-150-euro-docenti-e-ata-modello-di-dichiarazione-e-info-utili\/","og_locale":"it_IT","og_type":"article","og_title":"Bonus 150 euro docenti e ATA: modello di dichiarazione e info utili","og_description":"L'INPS pubblica il modello di dichiarazione per richiedere il bonus 150 euro per docenti e Personale ATA. Ecco tutte le info","og_url":"https:\/\/www.docenti.it\/blog\/bonus-150-euro-docenti-e-ata-modello-di-dichiarazione-e-info-utili\/","og_site_name":"Blog | Docenti.it","article_publisher":"https:\/\/www.facebook.com\/docenti.it","article_author":"https:\/\/www.facebook.com\/profile.php?id=1555867670","article_published_time":"2022-10-24T15:12:30+00:00","article_modified_time":"2022-10-24T15:12:32+00:00","og_image":[{"width":640,"height":458,"url":"https:\/\/www.docenti.it\/blog\/wp-content\/uploads\/2022\/10\/money-g8c5759db8_640.png","type":"image\/png"}],"author":"Martina Vaggi","twitter_card":"summary_large_image","twitter_misc":{"Written by":"Martina Vaggi","Est. reading time":"4 minuti"},"schema":{"@context":"https:\/\/schema.org","@graph":[{"@type":"Article","@id":"https:\/\/www.docenti.it\/blog\/bonus-150-euro-docenti-e-ata-modello-di-dichiarazione-e-info-utili\/#article","isPartOf":{"@id":"https:\/\/www.docenti.it\/blog\/bonus-150-euro-docenti-e-ata-modello-di-dichiarazione-e-info-utili\/"},"author":{"name":"Martina Vaggi","@id":"https:\/\/www.docenti.it\/blog\/#\/schema\/person\/99c2fdaf54e96829fe4ed44da8233688"},"headline":"Bonus 150 euro docenti e ATA: modello di dichiarazione e info utili","datePublished":"2022-10-24T15:12:30+00:00","dateModified":"2022-10-24T15:12:32+00:00","mainEntityOfPage":{"@id":"https:\/\/www.docenti.it\/blog\/bonus-150-euro-docenti-e-ata-modello-di-dichiarazione-e-info-utili\/"},"wordCount":618,"commentCount":0,"publisher":{"@id":"https:\/\/www.docenti.it\/blog\/#organization"},"keywords":["bonus docenti e ATA","stipendi personale ATA","stipendio docenti"],"articleSection":["News"],"inLanguage":"it-IT","potentialAction":[{"@type":"CommentAction","name":"Comment","target":["https:\/\/www.docenti.it\/blog\/bonus-150-euro-docenti-e-ata-modello-di-dichiarazione-e-info-utili\/#respond"]}]},{"@type":"WebPage","@id":"https:\/\/www.docenti.it\/blog\/bonus-150-euro-docenti-e-ata-modello-di-dichiarazione-e-info-utili\/","url":"https:\/\/www.docenti.it\/blog\/bonus-150-euro-docenti-e-ata-modello-di-dichiarazione-e-info-utili\/","name":"Bonus 150 euro docenti e ATA: modello di dichiarazione e info utili","isPartOf":{"@id":"https:\/\/www.docenti.it\/blog\/#website"},"datePublished":"2022-10-24T15:12:30+00:00","dateModified":"2022-10-24T15:12:32+00:00","description":"L'INPS pubblica il modello di dichiarazione per richiedere il bonus 150 euro per docenti e Personale ATA. Ecco tutte le info","breadcrumb":{"@id":"https:\/\/www.docenti.it\/blog\/bonus-150-euro-docenti-e-ata-modello-di-dichiarazione-e-info-utili\/#breadcrumb"},"inLanguage":"it-IT","potentialAction":[{"@type":"ReadAction","target":["https:\/\/www.docenti.it\/blog\/bonus-150-euro-docenti-e-ata-modello-di-dichiarazione-e-info-utili\/"]}]},{"@type":"BreadcrumbList","@id":"https:\/\/www.docenti.it\/blog\/bonus-150-euro-docenti-e-ata-modello-di-dichiarazione-e-info-utili\/#breadcrumb","itemListElement":[{"@type":"ListItem","position":1,"name":"Home","item":"https:\/\/www.docenti.it\/blog\/"},{"@type":"ListItem","position":2,"name":"Bonus 150 euro docenti e ATA: modello di dichiarazione e info utili"}]},{"@type":"WebSite","@id":"https:\/\/www.docenti.it\/blog\/#website","url":"https:\/\/www.docenti.it\/blog\/","name":"Blog | Docenti.it","description":"Tutte le notizie e gli aggiornamenti dal mondo della scuola","publisher":{"@id":"https:\/\/www.docenti.it\/blog\/#organization"},"potentialAction":[{"@type":"SearchAction","target":{"@type":"EntryPoint","urlTemplate":"https:\/\/www.docenti.it\/blog\/?s={search_term_string}"},"query-input":"required name=search_term_string"}],"inLanguage":"it-IT"},{"@type":"Organization","@id":"https:\/\/www.docenti.it\/blog\/#organization","name":"Blog | Docenti.it","url":"https:\/\/www.docenti.it\/blog\/","logo":{"@type":"ImageObject","inLanguage":"it-IT","@id":"https:\/\/www.docenti.it\/blog\/#\/schema\/logo\/image\/","url":"https:\/\/www.docenti.it\/blog\/wp-content\/uploads\/2025\/06\/fb_mad_img.png","contentUrl":"https:\/\/www.docenti.it\/blog\/wp-content\/uploads\/2025\/06\/fb_mad_img.png","width":1140,"height":620,"caption":"Blog | Docenti.it"},"image":{"@id":"https:\/\/www.docenti.it\/blog\/#\/schema\/logo\/image\/"},"sameAs":["https:\/\/www.facebook.com\/docenti.it"]},{"@type":"Person","@id":"https:\/\/www.docenti.it\/blog\/#\/schema\/person\/99c2fdaf54e96829fe4ed44da8233688","name":"Martina Vaggi","image":{"@type":"ImageObject","inLanguage":"it-IT","@id":"https:\/\/www.docenti.it\/blog\/#\/schema\/person\/image\/","url":"https:\/\/secure.gravatar.com\/avatar\/14a13197979873d693ad915d249e3f54?s=96&d=mm&r=g","contentUrl":"https:\/\/secure.gravatar.com\/avatar\/14a13197979873d693ad915d249e3f54?s=96&d=mm&r=g","caption":"Martina Vaggi"},"description":"Classe 1991, copywriter e scrittrice. Nata a Sale, un paesino in provincia di Alessandria. Scrive dall\u2019et\u00e0 di 10 anni. Nel 2015 si laurea in Lettere Moderne presso l\u2019universit\u00e0 di Pavia. Nel 2020 pubblica il suo primo libro \"Il diario del silenzio - Storie reali di quarantena\" che descrive il processo di cambiamento della vita di 40 persone ai tempi del Covid. Nel 2022 si trasferisce a San Marino per lavorare come copywriter per Docenti.it","sameAs":["https:\/\/pensierisurrealidigentecomune.com\/","https:\/\/www.facebook.com\/profile.php?id=1555867670","https:\/\/www.instagram.com\/martiggi91\/","https:\/\/it.linkedin.com\/in\/martina-vaggi","https:\/\/www.youtube.com\/results?search_query=martina+vaggi"],"url":"https:\/\/www.docenti.it\/blog\/author\/martina-vaggi\/"}]}},"_links":{"self":[{"href":"https:\/\/www.docenti.it\/blog\/wp-json\/wp\/v2\/posts\/36841"}],"collection":[{"href":"https:\/\/www.docenti.it\/blog\/wp-json\/wp\/v2\/posts"}],"about":[{"href":"https:\/\/www.docenti.it\/blog\/wp-json\/wp\/v2\/types\/post"}],"author":[{"embeddable":true,"href":"https:\/\/www.docenti.it\/blog\/wp-json\/wp\/v2\/users\/21"}],"replies":[{"embeddable":true,"href":"https:\/\/www.docenti.it\/blog\/wp-json\/wp\/v2\/comments?post=36841"}],"version-history":[{"count":40,"href":"https:\/\/www.docenti.it\/blog\/wp-json\/wp\/v2\/posts\/36841\/revisions"}],"predecessor-version":[{"id":36897,"href":"https:\/\/www.docenti.it\/blog\/wp-json\/wp\/v2\/posts\/36841\/revisions\/36897"}],"wp:featuredmedia":[{"embeddable":true,"href":"https:\/\/www.docenti.it\/blog\/wp-json\/wp\/v2\/media\/36843"}],"wp:attachment":[{"href":"https:\/\/www.docenti.it\/blog\/wp-json\/wp\/v2\/media?parent=36841"}],"wp:term":[{"taxonomy":"category","embeddable":true,"href":"https:\/\/www.docenti.it\/blog\/wp-json\/wp\/v2\/categories?post=36841"},{"taxonomy":"post_tag","embeddable":true,"href":"https:\/\/www.docenti.it\/blog\/wp-json\/wp\/v2\/tags?post=36841"}],"curies":[{"name":"wp","href":"https:\/\/api.w.org\/{rel}","templated":true}]}}