{"id":38784,"date":"2022-11-22T17:33:02","date_gmt":"2022-11-22T16:33:02","guid":{"rendered":"https:\/\/www.docenti.it\/blog\/?p=38784"},"modified":"2022-12-20T12:16:24","modified_gmt":"2022-12-20T11:16:24","slug":"mad-scuola-e-province-grandi-quali-sono-e-perche-non-conviene-candidarsi","status":"publish","type":"post","link":"https:\/\/www.docenti.it\/blog\/mad-scuola-e-province-grandi-quali-sono-e-perche-non-conviene-candidarsi\/","title":{"rendered":"MAD scuola e province grandi: quali sono e perch\u00e9 non conviene candidarsi"},"content":{"rendered":"\n<p>Quando parliamo di <strong>MAD scuola <\/strong>ci sono province in cui conviene candidarsi e altre da evitare assolutamente. <\/p>\n\n\n\n<p><em>Quali sono?<\/em><\/p>\n\n\n\n<p>In questo articolo vogliamo chiarirti le idee su quali siano le province dove vi sono maggiori possibilit\u00e0 di una convocazione&#8230;<\/p>\n\n\n\n<!--more-->\n\n\n\n<h2>MAD scuola: la strategia per ottenere convocazioni<\/h2>\n\n\n\n<p><em>Non tutte le province sono uguali. <\/em><\/p>\n\n\n\n<p>E non tutte le <strong>domande di Messa a Disposizione<\/strong> che arrivano agli istituti conducono al risultato sperato, purtroppo. <br>Infatti, per ottenere una convocazione negli istituti non basta inviare la propria <strong>MAD scuola<\/strong> e incrociare le dita, aspettando una convocazione. <\/p>\n\n\n\n<p>Non serve solo fortuna, serve soprattutto&#8230; <em>strategia<\/em>. <\/p>\n\n\n\n<p>E per costruirsi questa strategia devi tenere in considerazione molti fattori:<\/p>\n\n\n\n<ul><li>il titolo di studi che possiedi;<\/li><li>la Classe di Concorso per la quale ti candidi;<\/li><li>e&#8230; la provincia nella quale decidi di inviare la tua MAD scuola. <\/li><\/ul>\n\n\n\n<p>Analizziamo brevemente ciascun punto.<\/p>\n\n\n\n<p>Partiamo dal titolo di studio. <\/p>\n\n\n\n<h3>Quali titoli di studi di studi possiedi?<\/h3>\n\n\n\n<p><strong><em>Il titolo di studio ha una valenza molto importante per l&#8217;invio della tua domanda di Messa a Disposizione.<\/em><\/strong><\/p>\n\n\n\n<p>Infatti, come ben saprai, per poterti candidare nelle scuole come insegnante, dovresti avere i seguenti requisiti: una Laurea Magistrale\/Specialistica\/Vecchio Ordinamento e la Classe di Concorso completa. <\/p>\n\n\n\n<p>Oppure, un Diploma ITP, che ti dia accesso diretto ad una o pi\u00f9 CdC.<\/p>\n\n\n\n<p><em>Ma adesso ti facciamo una domanda ben precisa&#8230;<\/em><\/p>\n\n\n\n<p><em>Pensi che ogni aspirante docente che si candida con la MAD sia in possesso di tutti i requisiti idonei?<\/em><\/p>\n\n\n\n<p>Ti diamo noi la risposta: <em><strong>no<\/strong><\/em>.<\/p>\n\n\n\n<p><em><strong>Molti aspiranti si candidano con una MAD pur avendo solo il Diploma. <\/strong><\/em><\/p>\n\n\n\n<p>Il che va benissimo, in caso tu voglia candidarti come Personale ATA o come docente ITP (Insegnante tecnico pratico). <\/p>\n\n\n\n<p>Ma, in caso tu voglia candidarti per insegnare la tua materia (quindi: sulla tua Classe di Concorso), oppure prestare ruoli di supplenza sul sostegno&#8230;<\/p>\n\n\n\n<p>&#8230; Ecco, in questo caso, sarebbe meglio <strong>possedere il titolo di studi Magistrale<\/strong>.<\/p>\n\n\n\n<p><em>Ma che cosa succede sempre, ogni anno?<\/em><\/p>\n\n\n\n<p>Che mancano molti insegnanti (soprattutto nell&#8217;ambito del sostegno) e, ogni anno, <strong>le scuole devono convocare anche supplenti che non sono in possesso dei titoli di studi idonei. <\/strong><\/p>\n\n\n\n<p>Questo succede. <\/p>\n\n\n\n<p>Di conseguenza, anche se non possiedi una Laurea, <strong>\u00e8 bene comunque provare ad inviare la MAD per candidarsi come docente, per ruoli di supplenza. <\/strong><br>Ovviamente, a maggior ragione se sei un laureando in discipline scientifiche (come Fisica o Matematica, ad esempio): tali Classi di Concorso sono talmente richieste nelle scuole, che esse convocano spesso anche laureandi triennali che non hanno nemmeno finito l\u2019universit\u00e0!<\/p>\n\n\n\n<p>Se possiedi, invece, Classi di Concorso pi\u00f9 &#8220;<em>difficili<\/em>&#8220;&#8230;<\/p>\n\n\n\n<p>Ma stiamo divagando: anzi, ti abbiamo appena accennato ci\u00f2 che leggerai nel prossimo paragrafo di questo articolo!<\/p>\n\n\n\n<h3>Per quale Classe di Concorso ti candidi?<\/h3>\n\n\n\n<p><em><strong>La Classe di Concorso \u00e8 di fondamentale importanza, quando si parla di candidarsi con la MAD presso gli istituti. <\/strong><\/em><\/p>\n\n\n\n<p>Infatti, come ti abbiamo gi\u00e0 accennato prima, ci sono Classi di Concorso maggiormente richieste dagli istituti (vuoi un esempio? <strong><a href=\"https:\/\/www.docenti.it\/blog\/convocazioni-da-mad-qual-e-la-classe-di-concorso-migliore\/\" target=\"_blank\" rel=\"noreferrer noopener\">Leggi questo articolo<\/a><\/strong>) e<strong> Classi di Concorso pi\u00f9 satur<\/strong>e.<\/p>\n\n\n\n<p><em>Che cosa sono le Classi di Concorso sature?<\/em><\/p>\n\n\n\n<p>Sono CdC alle quali hanno accesso moltissimi aspiranti docenti: il che rende molto difficile che un aspirante possa ottenere una convocazione&#8230;<\/p>\n\n\n\n<p>&#8230; Se si candida per una di queste!<\/p>\n\n\n\n<p>\u00c8 l&#8217;esempio della &#8220;famosa&#8221;<strong> A-46<\/strong> <strong>(Scienze giuridico-economiche)<\/strong>, alla quale hanno accesso:<\/p>\n\n\n\n<ul><li>i laureati in Giurisprudenza;<\/li><li>e i laureati in Economia.<\/li><\/ul>\n\n\n\n<p>&#8230; E tanti altri. <br>Noi qui abbiamo riportato solo gli esempi pi\u00f9 &#8220;comuni&#8221;.<\/p>\n\n\n\n<p>Giusto per spiegarti come chi \u00e8 in possesso di questa Classe di Concorso faccia fatica (ma una fatica immensa) ad ottenere convocazioni sulla propria materia. <\/p>\n\n\n\n<p>Basti pensare, infatti, che tale materia pu\u00f2 essere insegnata solo su determinati istituti (secondari di II grado) e per poche ore alla settimana. <\/p>\n\n\n\n<p><strong>Gi\u00e0 questo rende l&#8217;idea di quanto NON convenga candidarsi per questa Classe di Concorso. <\/strong><\/p>\n\n\n\n<p><em>E quindi, in questi casi&#8230; che si fa?<\/em><\/p>\n\n\n\n<p>Solitamente, noi consigliamo agli aspiranti docenti che si rivolgono a noi di <strong>candidarsi con una MAD sostegno presso gli istituti della provincia di riferimento. <\/strong><\/p>\n\n\n\n<p>Aprirsi la possibilit\u00e0 di insegnare sul sostegno equivale proprio a questo: ovvero&#8230; spalancare le porte ad una possibilit\u00e0. <\/p>\n\n\n\n<p><strong><em>Quella di ottenere incarichi di supplenza.<\/em><\/strong><\/p>\n\n\n\n<p>Infatti, il sostegno \u00e8 un ruolo molto richiesto dagli istituti: anche e soprattutto perch\u00e9 ci sono pochissimi docenti specializzati per questo ruolo!<\/p>\n\n\n\n<p>Questo \u00e8 il motivo per cui torniamo a ribadire che&#8230;<\/p>\n\n\n\n<p><strong><em>&#8230; Anche chi non ha ancora i requisiti idonei per diventare un insegnante qualificato pu\u00f2 candidarsi con una domanda di Messa a Disposizione!<\/em><\/strong><\/p>\n\n\n\n<figure class=\"wp-block-image size-full\"><img decoding=\"async\" loading=\"lazy\" width=\"640\" height=\"427\" src=\"https:\/\/www.docenti.it\/blog\/wp-content\/uploads\/2022\/11\/business-g36bf63fe1_640.jpg\" alt=\"MAD scuola\" class=\"wp-image-38835\" srcset=\"https:\/\/www.docenti.it\/blog\/wp-content\/uploads\/2022\/11\/business-g36bf63fe1_640.jpg 640w, https:\/\/www.docenti.it\/blog\/wp-content\/uploads\/2022\/11\/business-g36bf63fe1_640-300x200.jpg 300w\" sizes=\"(max-width: 640px) 100vw, 640px\" \/><\/figure>\n\n\n\n<h2>Province grandi: perch\u00e9 non conviene candidarsi con la MAD <\/h2>\n\n\n\n<p>Veniamo ora all&#8217;argomento scottante di questo articolo.<\/p>\n\n\n\n<p><strong>Le province in cui candidarsi con una MAD. <\/strong><\/p>\n\n\n\n<p>Le province d&#8217;Italia sono molte, <em>ma&#8230;<\/em><br>Non tutte sono le pi\u00f9 idonee ad un invio MAD che porti ad un risultato concreto. <\/p>\n\n\n\n<p><em>Che cosa intendiamo con questo?<\/em><\/p>\n\n\n\n<p>Dunque&#8230; quando i nostri aspiranti docenti si rivolgono a noi per inviare la loro domanda di Messa a Disposizione, noi li mettiamo sempre in guardia sul fatto che la scelta che possono operare riguarda due possibili opzioni: <strong>possono candidarsi su una provincia pi\u00f9 piccola, oppure su una pi\u00f9 grande. <\/strong><\/p>\n\n\n\n<p><em>Perch\u00e9 facciamo questa distinzione?<\/em><\/p>\n\n\n\n<p>Perch\u00e9 ci sono <strong>province molto grandi <\/strong>sulle quali ti puoi candidare (come Milano, Roma o Firenze) e <strong>province pi\u00f9 piccole. <\/strong><br>Ma questo, tu gi\u00e0 lo sai.<\/p>\n\n\n\n<p>Quello che, nel concreto, non sai \u00e8 che da questa scelta (quella di candidarti su una provincia piuttosto che su un&#8217;altra) dipender\u00e0 gran parte dell&#8217;esito di una tua convocazione da parte delle scuole. <\/p>\n\n\n\n<p>Si, perch\u00e9 se \u00e8 vero che una provincia grande pu\u00f2 contenere un numero molto alto di istituti nei quali candidarti con una MAD, \u00e8 anche vero che presenta un numero altrettanto alto di docenti che si candidano su tale provincia. <\/p>\n\n\n\n<p><em>E questo che cosa comporta? <\/em><\/p>\n\n\n\n<p><em><strong>Che tu farai molta pi\u00f9 fatica ad ottenere una convocazione. Semplice. <\/strong><\/em><\/p>\n\n\n\n<p>Su una provincia pi\u00f9 piccola, invece, \u00e8 chiaro che sono presenti meno istituti nei quali candidarti ma anche meno docenti che ne fanno richiesta. <\/p>\n\n\n\n<p>Di conseguenza&#8230;<\/p>\n\n\n\n<p><strong><em>Le tue possibilit\u00e0 di ottenere una convocazione sono maggiori.<\/em><\/strong><\/p>\n\n\n\n<p>Ovviamente, chiariamo quanto segue: <strong>l&#8217;esito di una convocazione da parte delle scuole dipende anche in gran parte dalla Classe di Concorso per la quale ti candidi. <\/strong><\/p>\n\n\n\n<p><em>Ma non distogliamo l&#8217;attenzione dall&#8217;argomento principale&#8230;<\/em><\/p>\n\n\n\n<h3>Inviare la MAD: il costo per provincia<\/h3>\n\n\n\n<p><em>Ma quanto costa inviare la MAD su una provincia, piccola o grande che sia?<\/em><\/p>\n\n\n\n<p>Questa \u00e8 una delle domande che ci ponete pi\u00f9 spesso!<\/p>\n\n\n\n<p>Oltre al fatto che, talvolta, esprimete dubbi e perplessit\u00e0 sul fatto che il nostro servizio di Invio MAD online sia a pagamento&#8230;<\/p>\n\n\n\n<p>Ecco, su questo punto \u00e8 bene, forse, che ci soffermiamo un attimo. <\/p>\n\n\n\n<p>Il nostro servizio di <strong>invio MAD online<\/strong> \u00e8, per l&#8217;appunto, un servizio: di conseguenza, non pu\u00f2 essere gratuito.<br><strong>Ha un costo<\/strong>: infatti, il prezzo per inviare la tua MAD in maniera automatica a tutti gli istituti della provincia da te scelta <strong>parte da 19 euro<\/strong>.<\/p>\n\n\n\n<p>Diciamo che &#8220;parte&#8221; proprio perch\u00e9 \u00e8 qui che deve essere fatta la distinzione di cui parlavamo prima: quella tra <strong>province minori <\/strong>(il cui prezzo di invio \u00e8 di 19 euro) e quella che riguarda le <strong>province maggiori<\/strong> (il cui invio costa 29 euro).<\/p>\n\n\n\n<p><em>Ma andiamo ancora di pi\u00f9 nello specifico&#8230;<\/em><\/p>\n\n\n\n<p><em>Per province minori che cosa intendiamo?<\/em><\/p>\n\n\n\n<p>Un esempio: Alessandria, Asti, Rimini. <\/p>\n\n\n\n<p><em>E le province pi\u00f9 grandi?<br>Quali sono le province a 29 euro?<\/em><\/p>\n\n\n\n<p>Eccole:<\/p>\n\n\n\n<ul><li>Napoli<\/li><li>Roma<\/li><li>Milano<\/li><li>Torino<\/li><li>Firenze<\/li><li>Palermo<\/li><li>Bari<\/li><li>Brescia<\/li><li>Bergamo<\/li><\/ul>\n\n\n\n<p>Solitamente, gli aspiranti docenti che si rivolgono a noi per <strong>inviare la loro MAD<\/strong> sanno chi siamo e che cosa facciamo.<\/p>\n\n\n\n<p>Ma vogliamo metterti un piccolo promemoria qui, in modo tale che tu sia veramente consapevole <strong>dell&#8217;aiuto che possiamo darti per rendere il tuo futuro come insegnante ben pi\u00f9 facile del tuo presente. <\/strong><\/p>\n\n\n\n<p>Sappiamo che muovere i primi passi nel mondo scuola non \u00e8 semplice, specialmente in questo momento storico. <br>Ora che Valditara \u00e8 il nuovo Ministro dell&#8217;Istruzione e del Merito, si attendono nuove conferme per il futuro percorso dei <strong>60 CFU<\/strong>. <\/p>\n\n\n\n<p>Ma, fino ad allora, il futuro di tutti gli aspiranti docenti rimane&#8230; <em>incerto<\/em>. <\/p>\n\n\n\n<p>Per questo motivo, se non l&#8217;hai ancora fatto, \u00e8 QUESTO il momento di provare e fare esperienza nel mondo scuola!<\/p>\n\n\n\n<p>Soprattutto se non ti sei inserito nelle graduatorie provinciali per le supplenze: che speranze pensi di avere nel ricevere una convocazione??<\/p>\n\n\n\n<p>\u00c8 chiaro che l&#8217;unica arma a tua disposizione rimane&#8230; <em><strong>la domanda di Messa a Disposizione!<\/strong><\/em><\/p>\n\n\n\n<p><strong>Docenti.it si occupa da oltre 7 anni di aiutare neolaureati e aspiranti docenti ad entrare nel mondo scuola con la MAD!<\/strong><\/p>\n\n\n\n<p>In tutto questo tempo abbiamo aiutato migliaia di aspiranti docenti ad ottenere incarichi di supplenza!<br>E aiuteremo anche te&#8230; <strong>inviando automaticamente la tua MAD scuola a tutti gli istituti statali della provincia da te selezionata!<\/strong><\/p>\n\n\n<p>[maxbutton id=&#8221;1&#8243; url=&#8221;https:\/\/www.docenti.it\/messa-a-disposizione.html?lnk=104&#8243; text=&#8221;Compila la tua MAD qui&#8221; ]<\/p>\n\n\n\n<p><\/p>\n\n\n\n<p class=\"has-text-align-center\"><strong><em>P.S. Di solito, chi si rivolge a noi per inviare la MAD scuola su una provincia <\/em><\/strong><br><strong><em>ed \u00e8 VERAMENTE MOTIVATO ad ottenere una convocazione dalle scuole, <\/em><\/strong><br><strong><em>poi decide anche di dare un&#8217;occhiata ai nostri pacchetti province.<\/em><\/strong><br><br><strong><em>Si tratta di pacchetti che ti consentono di inviare la tua MAD a 10 o pi\u00f9 province in contemporanea!<\/em><\/strong><\/p>\n\n\n\n<p>Per saperne di pi\u00f9, ti consigliamo di contattare il nostro centralino a questo indirizzo mail: <a href=\"mailto:info@docenti.it\"><strong>info@docenti.it<\/strong><\/a><\/p>\n\n\n\n<p><em>Ora&#8230; <\/em><\/p>\n\n\n\n<p>Se vuoi davvero capire dove puoi avere maggiori possibilit\u00e0 di ottenere una convocazione&#8230; continua a leggere!<\/p>\n\n\n\n<h2>Dove si lavora di pi\u00f9 con le MAD?<\/h2>\n\n\n\n<p>La MAD \u00e8 una strumento molto potente&#8230; per questo, \u00e8 utilizzato da moltissimi aspiranti docenti, che intendono candidarsi nel mondo scuola!<\/p>\n\n\n\n<p>E per questa ragione, <strong>tu devi assolutamente avvantaggiarti rispetto a loro.<\/strong><\/p>\n\n\n\n<p>Uno dei modi per poterlo fare \u00e8 conoscere le province dove vi \u00e8 maggiore richiesta di docenti.<\/p>\n\n\n\n<p><em>Quali sono?<\/em><\/p>\n\n\n\n<p><em><strong>Le province minori del nord Italia, naturalmente!<\/strong><\/em><\/p>\n\n\n\n<p>Sono queste le pi\u00f9 &#8220;papabili&#8221;, in quanto qui vi sono maggiori possibilit\u00e0 di ricoprire incarichi di supplenza.<\/p>\n\n\n\n<h2>Quando presentare la Messa a Disposizione 2022<\/h2>\n\n\n\n<p>La <strong>MAD scuola <\/strong>pu\u00f2 essere presentata durante tutto il corso dell&#8217;anno scolastico, senza esclusione di colpi.<\/p>\n\n\n\n<p><em>Per\u00f2&#8230;<\/em><\/p>\n\n\n\n<p>Esistono momenti migliori per poterla inviare!<\/p>\n\n\n\n<p><em>Vuoi un esempio?<\/em><\/p>\n\n\n\n<p><strong>Il periodo che segue dicembre<\/strong> \u00e8 molto importante per chiunque ambisca a ricevere convocazioni dalle scuole: questo perch\u00e9 \u00e8 il periodo durante il quale molti docenti non sono ancora rientrati dalle festivit\u00e0 natalizie.<br>Di conseguenza, le cattedre vacanti da ricoprire sono, di solito&#8230;<em> molte<\/em>. <\/p>\n\n\n\n<p><strong>Anche il periodo che segue le vacanze di Pasqua<\/strong> ha molta valenza: per le stesse motivazioni elencate sopra. <\/p>\n\n\n\n<p><em>E qui arriviamo ad un altro punto da sviscerare&#8230;<\/em><\/p>\n\n\n\n<h2>Quante volte si pu\u00f2 inviare la Messa a Disposizione?<\/h2>\n\n\n\n<p><em><strong>La domanda di Messa a Disposizione pu\u00f2 essere inviata quante volte si vuole, senza che vi sia un limite effettivo.<\/strong><\/em><\/p>\n\n\n\n<p>Perch\u00e9 non conta tanto quante volte la si vuole inviare quanto, piuttosto&#8230;<\/p>\n\n\n\n<p><strong><em>Inviarla nei periodi giusti!<\/em><\/strong><\/p>\n\n\n\n<p>E per farlo, ti consigliamo di <strong>PROGRAMMARE<\/strong> <strong>la tua MAD <\/strong>con 2 invii automatici nei 2 periodi pi\u00f9 favorevoli dell&#8217;anno scolastico!<\/p>\n\n\n\n<p>Stiamo parlando di <strong>MAD Plus<\/strong>, il nostro servizio aggiuntivo che, a soli 16 euro, ti consentir\u00e0 di programmare automaticamente le tue MAD per i periodi che tu sceglierai.<\/p>\n\n\n\n<p>Dopo&#8230; non dovrai pi\u00f9 fare nulla.<br>Perch\u00e9 ci occuperemo noi del resto.<\/p>\n\n\n\n<p><strong><em>La tua MAD verr\u00e0 programmata e inviata automaticamente a tutti gli istituti statali della provincia da te scelta e tu riceverai un REPORT con indicate tutte le scuole che hanno ricevuto la tua candidatura!<\/em><\/strong><\/p>\n\n\n<p>[maxbutton id=&#8221;1&#8243; url=&#8221;https:\/\/www.docenti.it\/mad-plus.html?lnk=104&#8243; text=&#8221;Invia la tua MAD nei periodi migliori dell&#8217;anno scolastico&#8221; ]<\/p>\n\n\n\n<p><\/p>\n\n\n\n<p><strong><em>Docenti.it la invier\u00e0 automaticamente a tutti gli istituti pubblici della provincia da te scelta nei periodi migliori dell&#8217;anno scolastico!<\/em><\/strong><\/p>\n\n\n\n<p>Leggi le nostre ultime notizie:<\/p>\n\n\n\n<ul><li><a href=\"https:\/\/www.docenti.it\/blog\/graduatorie-sostegno-ecco-la-tabella-dei-titoli-per-il-punteggio\/\">Graduatorie sostegno: ecco la tabella dei titoli per il punteggio<\/a><\/li><li><a href=\"https:\/\/www.docenti.it\/blog\/bonus-150-euro-quando-verranno-erogati-la-data\/\">Bonus 150 euro: quando verranno erogati? La data<\/a><a href=\"https:\/\/www.docenti.it\/blog\/aumento-stipendi-docenti-e-arretrati-quando-verranno-erogati\/\"><\/a><\/li><li><a href=\"https:\/\/www.docenti.it\/blog\/60-cfu-insegnamento-a-che-punto-siamo\/\">60 CFU insegnamento: a che punto siamo?<\/a><\/li><li><a href=\"https:\/\/www.docenti.it\/blog\/graduatorie-gps-quanto-vale-il-servizio-aspecifico-in-una-scuola-paritaria\/\">Graduatorie GPS: quanto vale il servizio aspecifico in una scuola paritaria?<\/a><\/li><\/ul>\n\n\n\n<p>E seguici su&nbsp;<strong><a href=\"https:\/\/www.facebook.com\/docenti.it\" target=\"_blank\" rel=\"noreferrer noopener\">Facebook<\/a><\/strong>&nbsp;e&nbsp;<a href=\"https:\/\/www.instagram.com\/docenti.it\/\" target=\"_blank\" rel=\"noreferrer noopener\"><strong>Instagram<\/strong><\/a>.<\/p>\n\n\n\n<p>Photo credit:&nbsp;<a href=\"https:\/\/pixabay.com\/\" target=\"_blank\" rel=\"noreferrer noopener\">pixabay.com<\/a><\/p>\n","protected":false},"excerpt":{"rendered":"<p>Quando parliamo di MAD scuola ci sono province in cui conviene candidarsi e altre [&hellip;]<\/p>\n","protected":false},"author":21,"featured_media":38788,"comment_status":"open","ping_status":"open","sticky":false,"template":"","format":"standard","meta":[],"categories":[2],"tags":[63,27,26,582],"yoast_head":"<!-- This site is optimized with the Yoast SEO plugin v20.4 - https:\/\/yoast.com\/wordpress\/plugins\/seo\/ -->\n<title>MAD scuola e province grandi: quali sono e perch\u00e9 non conviene candidarsi<\/title>\n<meta name=\"description\" content=\"Quando parliamo di MAD scuola ci sono province in cui conviene candidarsi e altre in cui il fattore &quot;convenienza&quot; non \u00e8 contemplato...\" \/>\n<meta name=\"robots\" content=\"index, follow, max-snippet:-1, max-image-preview:large, max-video-preview:-1\" \/>\n<link rel=\"canonical\" href=\"https:\/\/www.docenti.it\/blog\/mad-scuola-e-province-grandi-quali-sono-e-perche-non-conviene-candidarsi\/\" \/>\n<meta property=\"og:locale\" content=\"it_IT\" \/>\n<meta property=\"og:type\" content=\"article\" \/>\n<meta property=\"og:title\" content=\"MAD scuola e province grandi: quali sono e perch\u00e9 non conviene candidarsi\" \/>\n<meta property=\"og:description\" content=\"Quando parliamo di MAD scuola ci sono province in cui conviene candidarsi e altre in cui il fattore &quot;convenienza&quot; non \u00e8 contemplato...\" \/>\n<meta property=\"og:url\" content=\"https:\/\/www.docenti.it\/blog\/mad-scuola-e-province-grandi-quali-sono-e-perche-non-conviene-candidarsi\/\" \/>\n<meta property=\"og:site_name\" content=\"Blog | Docenti.it\" \/>\n<meta property=\"article:publisher\" content=\"https:\/\/www.facebook.com\/docenti.it\" \/>\n<meta property=\"article:author\" content=\"https:\/\/www.facebook.com\/profile.php?id=1555867670\" \/>\n<meta property=\"article:published_time\" content=\"2022-11-22T16:33:02+00:00\" \/>\n<meta property=\"article:modified_time\" content=\"2022-12-20T11:16:24+00:00\" \/>\n<meta property=\"og:image\" content=\"https:\/\/www.docenti.it\/blog\/wp-content\/uploads\/2022\/11\/map-gb22b72789_640.jpg\" \/>\n\t<meta property=\"og:image:width\" content=\"640\" \/>\n\t<meta property=\"og:image:height\" content=\"427\" \/>\n\t<meta property=\"og:image:type\" content=\"image\/jpeg\" \/>\n<meta name=\"author\" content=\"Martina Vaggi\" \/>\n<meta name=\"twitter:card\" content=\"summary_large_image\" \/>\n<meta name=\"twitter:label1\" content=\"Written by\" \/>\n\t<meta name=\"twitter:data1\" content=\"Martina Vaggi\" \/>\n\t<meta name=\"twitter:label2\" content=\"Est. reading time\" \/>\n\t<meta name=\"twitter:data2\" content=\"11 minuti\" \/>\n<script type=\"application\/ld+json\" class=\"yoast-schema-graph\">{\"@context\":\"https:\/\/schema.org\",\"@graph\":[{\"@type\":\"Article\",\"@id\":\"https:\/\/www.docenti.it\/blog\/mad-scuola-e-province-grandi-quali-sono-e-perche-non-conviene-candidarsi\/#article\",\"isPartOf\":{\"@id\":\"https:\/\/www.docenti.it\/blog\/mad-scuola-e-province-grandi-quali-sono-e-perche-non-conviene-candidarsi\/\"},\"author\":{\"name\":\"Martina Vaggi\",\"@id\":\"https:\/\/www.docenti.it\/blog\/#\/schema\/person\/99c2fdaf54e96829fe4ed44da8233688\"},\"headline\":\"MAD scuola e province grandi: quali sono e perch\u00e9 non conviene candidarsi\",\"datePublished\":\"2022-11-22T16:33:02+00:00\",\"dateModified\":\"2022-12-20T11:16:24+00:00\",\"mainEntityOfPage\":{\"@id\":\"https:\/\/www.docenti.it\/blog\/mad-scuola-e-province-grandi-quali-sono-e-perche-non-conviene-candidarsi\/\"},\"wordCount\":1930,\"commentCount\":0,\"publisher\":{\"@id\":\"https:\/\/www.docenti.it\/blog\/#organization\"},\"keywords\":[\"diventare insegnante\",\"invio MAD\",\"MAD online\",\"province in cui inviare la MAD\"],\"articleSection\":[\"Messa a Disposizione\"],\"inLanguage\":\"it-IT\",\"potentialAction\":[{\"@type\":\"CommentAction\",\"name\":\"Comment\",\"target\":[\"https:\/\/www.docenti.it\/blog\/mad-scuola-e-province-grandi-quali-sono-e-perche-non-conviene-candidarsi\/#respond\"]}]},{\"@type\":\"WebPage\",\"@id\":\"https:\/\/www.docenti.it\/blog\/mad-scuola-e-province-grandi-quali-sono-e-perche-non-conviene-candidarsi\/\",\"url\":\"https:\/\/www.docenti.it\/blog\/mad-scuola-e-province-grandi-quali-sono-e-perche-non-conviene-candidarsi\/\",\"name\":\"MAD scuola e province grandi: quali sono e perch\u00e9 non conviene candidarsi\",\"isPartOf\":{\"@id\":\"https:\/\/www.docenti.it\/blog\/#website\"},\"datePublished\":\"2022-11-22T16:33:02+00:00\",\"dateModified\":\"2022-12-20T11:16:24+00:00\",\"description\":\"Quando parliamo di MAD scuola ci sono province in cui conviene candidarsi e altre in cui il fattore \\\"convenienza\\\" non \u00e8 contemplato...\",\"breadcrumb\":{\"@id\":\"https:\/\/www.docenti.it\/blog\/mad-scuola-e-province-grandi-quali-sono-e-perche-non-conviene-candidarsi\/#breadcrumb\"},\"inLanguage\":\"it-IT\",\"potentialAction\":[{\"@type\":\"ReadAction\",\"target\":[\"https:\/\/www.docenti.it\/blog\/mad-scuola-e-province-grandi-quali-sono-e-perche-non-conviene-candidarsi\/\"]}]},{\"@type\":\"BreadcrumbList\",\"@id\":\"https:\/\/www.docenti.it\/blog\/mad-scuola-e-province-grandi-quali-sono-e-perche-non-conviene-candidarsi\/#breadcrumb\",\"itemListElement\":[{\"@type\":\"ListItem\",\"position\":1,\"name\":\"Home\",\"item\":\"https:\/\/www.docenti.it\/blog\/\"},{\"@type\":\"ListItem\",\"position\":2,\"name\":\"MAD scuola e province grandi: quali sono e perch\u00e9 non conviene candidarsi\"}]},{\"@type\":\"WebSite\",\"@id\":\"https:\/\/www.docenti.it\/blog\/#website\",\"url\":\"https:\/\/www.docenti.it\/blog\/\",\"name\":\"Blog | Docenti.it\",\"description\":\"Tutte le notizie e gli aggiornamenti dal mondo della scuola\",\"publisher\":{\"@id\":\"https:\/\/www.docenti.it\/blog\/#organization\"},\"potentialAction\":[{\"@type\":\"SearchAction\",\"target\":{\"@type\":\"EntryPoint\",\"urlTemplate\":\"https:\/\/www.docenti.it\/blog\/?s={search_term_string}\"},\"query-input\":\"required name=search_term_string\"}],\"inLanguage\":\"it-IT\"},{\"@type\":\"Organization\",\"@id\":\"https:\/\/www.docenti.it\/blog\/#organization\",\"name\":\"Blog | Docenti.it\",\"url\":\"https:\/\/www.docenti.it\/blog\/\",\"logo\":{\"@type\":\"ImageObject\",\"inLanguage\":\"it-IT\",\"@id\":\"https:\/\/www.docenti.it\/blog\/#\/schema\/logo\/image\/\",\"url\":\"https:\/\/www.docenti.it\/blog\/wp-content\/uploads\/2025\/06\/fb_mad_img.png\",\"contentUrl\":\"https:\/\/www.docenti.it\/blog\/wp-content\/uploads\/2025\/06\/fb_mad_img.png\",\"width\":1140,\"height\":620,\"caption\":\"Blog | Docenti.it\"},\"image\":{\"@id\":\"https:\/\/www.docenti.it\/blog\/#\/schema\/logo\/image\/\"},\"sameAs\":[\"https:\/\/www.facebook.com\/docenti.it\"]},{\"@type\":\"Person\",\"@id\":\"https:\/\/www.docenti.it\/blog\/#\/schema\/person\/99c2fdaf54e96829fe4ed44da8233688\",\"name\":\"Martina Vaggi\",\"image\":{\"@type\":\"ImageObject\",\"inLanguage\":\"it-IT\",\"@id\":\"https:\/\/www.docenti.it\/blog\/#\/schema\/person\/image\/\",\"url\":\"https:\/\/secure.gravatar.com\/avatar\/14a13197979873d693ad915d249e3f54?s=96&d=mm&r=g\",\"contentUrl\":\"https:\/\/secure.gravatar.com\/avatar\/14a13197979873d693ad915d249e3f54?s=96&d=mm&r=g\",\"caption\":\"Martina Vaggi\"},\"description\":\"Classe 1991, copywriter e scrittrice. Nata a Sale, un paesino in provincia di Alessandria. Scrive dall\u2019et\u00e0 di 10 anni. Nel 2015 si laurea in Lettere Moderne presso l\u2019universit\u00e0 di Pavia. Nel 2020 pubblica il suo primo libro \\\"Il diario del silenzio - Storie reali di quarantena\\\" che descrive il processo di cambiamento della vita di 40 persone ai tempi del Covid. Nel 2022 si trasferisce a San Marino per lavorare come copywriter per Docenti.it\",\"sameAs\":[\"https:\/\/pensierisurrealidigentecomune.com\/\",\"https:\/\/www.facebook.com\/profile.php?id=1555867670\",\"https:\/\/www.instagram.com\/martiggi91\/\",\"https:\/\/it.linkedin.com\/in\/martina-vaggi\",\"https:\/\/www.youtube.com\/results?search_query=martina+vaggi\"],\"url\":\"https:\/\/www.docenti.it\/blog\/author\/martina-vaggi\/\"}]}<\/script>\n<!-- \/ Yoast SEO plugin. -->","yoast_head_json":{"title":"MAD scuola e province grandi: quali sono e perch\u00e9 non conviene candidarsi","description":"Quando parliamo di MAD scuola ci sono province in cui conviene candidarsi e altre in cui il fattore \"convenienza\" non \u00e8 contemplato...","robots":{"index":"index","follow":"follow","max-snippet":"max-snippet:-1","max-image-preview":"max-image-preview:large","max-video-preview":"max-video-preview:-1"},"canonical":"https:\/\/www.docenti.it\/blog\/mad-scuola-e-province-grandi-quali-sono-e-perche-non-conviene-candidarsi\/","og_locale":"it_IT","og_type":"article","og_title":"MAD scuola e province grandi: quali sono e perch\u00e9 non conviene candidarsi","og_description":"Quando parliamo di MAD scuola ci sono province in cui conviene candidarsi e altre in cui il fattore \"convenienza\" non \u00e8 contemplato...","og_url":"https:\/\/www.docenti.it\/blog\/mad-scuola-e-province-grandi-quali-sono-e-perche-non-conviene-candidarsi\/","og_site_name":"Blog | Docenti.it","article_publisher":"https:\/\/www.facebook.com\/docenti.it","article_author":"https:\/\/www.facebook.com\/profile.php?id=1555867670","article_published_time":"2022-11-22T16:33:02+00:00","article_modified_time":"2022-12-20T11:16:24+00:00","og_image":[{"width":640,"height":427,"url":"https:\/\/www.docenti.it\/blog\/wp-content\/uploads\/2022\/11\/map-gb22b72789_640.jpg","type":"image\/jpeg"}],"author":"Martina Vaggi","twitter_card":"summary_large_image","twitter_misc":{"Written by":"Martina Vaggi","Est. reading time":"11 minuti"},"schema":{"@context":"https:\/\/schema.org","@graph":[{"@type":"Article","@id":"https:\/\/www.docenti.it\/blog\/mad-scuola-e-province-grandi-quali-sono-e-perche-non-conviene-candidarsi\/#article","isPartOf":{"@id":"https:\/\/www.docenti.it\/blog\/mad-scuola-e-province-grandi-quali-sono-e-perche-non-conviene-candidarsi\/"},"author":{"name":"Martina Vaggi","@id":"https:\/\/www.docenti.it\/blog\/#\/schema\/person\/99c2fdaf54e96829fe4ed44da8233688"},"headline":"MAD scuola e province grandi: quali sono e perch\u00e9 non conviene candidarsi","datePublished":"2022-11-22T16:33:02+00:00","dateModified":"2022-12-20T11:16:24+00:00","mainEntityOfPage":{"@id":"https:\/\/www.docenti.it\/blog\/mad-scuola-e-province-grandi-quali-sono-e-perche-non-conviene-candidarsi\/"},"wordCount":1930,"commentCount":0,"publisher":{"@id":"https:\/\/www.docenti.it\/blog\/#organization"},"keywords":["diventare insegnante","invio MAD","MAD online","province in cui inviare la MAD"],"articleSection":["Messa a Disposizione"],"inLanguage":"it-IT","potentialAction":[{"@type":"CommentAction","name":"Comment","target":["https:\/\/www.docenti.it\/blog\/mad-scuola-e-province-grandi-quali-sono-e-perche-non-conviene-candidarsi\/#respond"]}]},{"@type":"WebPage","@id":"https:\/\/www.docenti.it\/blog\/mad-scuola-e-province-grandi-quali-sono-e-perche-non-conviene-candidarsi\/","url":"https:\/\/www.docenti.it\/blog\/mad-scuola-e-province-grandi-quali-sono-e-perche-non-conviene-candidarsi\/","name":"MAD scuola e province grandi: quali sono e perch\u00e9 non conviene candidarsi","isPartOf":{"@id":"https:\/\/www.docenti.it\/blog\/#website"},"datePublished":"2022-11-22T16:33:02+00:00","dateModified":"2022-12-20T11:16:24+00:00","description":"Quando parliamo di MAD scuola ci sono province in cui conviene candidarsi e altre in cui il fattore \"convenienza\" non \u00e8 contemplato...","breadcrumb":{"@id":"https:\/\/www.docenti.it\/blog\/mad-scuola-e-province-grandi-quali-sono-e-perche-non-conviene-candidarsi\/#breadcrumb"},"inLanguage":"it-IT","potentialAction":[{"@type":"ReadAction","target":["https:\/\/www.docenti.it\/blog\/mad-scuola-e-province-grandi-quali-sono-e-perche-non-conviene-candidarsi\/"]}]},{"@type":"BreadcrumbList","@id":"https:\/\/www.docenti.it\/blog\/mad-scuola-e-province-grandi-quali-sono-e-perche-non-conviene-candidarsi\/#breadcrumb","itemListElement":[{"@type":"ListItem","position":1,"name":"Home","item":"https:\/\/www.docenti.it\/blog\/"},{"@type":"ListItem","position":2,"name":"MAD scuola e province grandi: quali sono e perch\u00e9 non conviene candidarsi"}]},{"@type":"WebSite","@id":"https:\/\/www.docenti.it\/blog\/#website","url":"https:\/\/www.docenti.it\/blog\/","name":"Blog | Docenti.it","description":"Tutte le notizie e gli aggiornamenti dal mondo della scuola","publisher":{"@id":"https:\/\/www.docenti.it\/blog\/#organization"},"potentialAction":[{"@type":"SearchAction","target":{"@type":"EntryPoint","urlTemplate":"https:\/\/www.docenti.it\/blog\/?s={search_term_string}"},"query-input":"required name=search_term_string"}],"inLanguage":"it-IT"},{"@type":"Organization","@id":"https:\/\/www.docenti.it\/blog\/#organization","name":"Blog | Docenti.it","url":"https:\/\/www.docenti.it\/blog\/","logo":{"@type":"ImageObject","inLanguage":"it-IT","@id":"https:\/\/www.docenti.it\/blog\/#\/schema\/logo\/image\/","url":"https:\/\/www.docenti.it\/blog\/wp-content\/uploads\/2025\/06\/fb_mad_img.png","contentUrl":"https:\/\/www.docenti.it\/blog\/wp-content\/uploads\/2025\/06\/fb_mad_img.png","width":1140,"height":620,"caption":"Blog | Docenti.it"},"image":{"@id":"https:\/\/www.docenti.it\/blog\/#\/schema\/logo\/image\/"},"sameAs":["https:\/\/www.facebook.com\/docenti.it"]},{"@type":"Person","@id":"https:\/\/www.docenti.it\/blog\/#\/schema\/person\/99c2fdaf54e96829fe4ed44da8233688","name":"Martina Vaggi","image":{"@type":"ImageObject","inLanguage":"it-IT","@id":"https:\/\/www.docenti.it\/blog\/#\/schema\/person\/image\/","url":"https:\/\/secure.gravatar.com\/avatar\/14a13197979873d693ad915d249e3f54?s=96&d=mm&r=g","contentUrl":"https:\/\/secure.gravatar.com\/avatar\/14a13197979873d693ad915d249e3f54?s=96&d=mm&r=g","caption":"Martina Vaggi"},"description":"Classe 1991, copywriter e scrittrice. Nata a Sale, un paesino in provincia di Alessandria. Scrive dall\u2019et\u00e0 di 10 anni. Nel 2015 si laurea in Lettere Moderne presso l\u2019universit\u00e0 di Pavia. Nel 2020 pubblica il suo primo libro \"Il diario del silenzio - Storie reali di quarantena\" che descrive il processo di cambiamento della vita di 40 persone ai tempi del Covid. Nel 2022 si trasferisce a San Marino per lavorare come copywriter per Docenti.it","sameAs":["https:\/\/pensierisurrealidigentecomune.com\/","https:\/\/www.facebook.com\/profile.php?id=1555867670","https:\/\/www.instagram.com\/martiggi91\/","https:\/\/it.linkedin.com\/in\/martina-vaggi","https:\/\/www.youtube.com\/results?search_query=martina+vaggi"],"url":"https:\/\/www.docenti.it\/blog\/author\/martina-vaggi\/"}]}},"_links":{"self":[{"href":"https:\/\/www.docenti.it\/blog\/wp-json\/wp\/v2\/posts\/38784"}],"collection":[{"href":"https:\/\/www.docenti.it\/blog\/wp-json\/wp\/v2\/posts"}],"about":[{"href":"https:\/\/www.docenti.it\/blog\/wp-json\/wp\/v2\/types\/post"}],"author":[{"embeddable":true,"href":"https:\/\/www.docenti.it\/blog\/wp-json\/wp\/v2\/users\/21"}],"replies":[{"embeddable":true,"href":"https:\/\/www.docenti.it\/blog\/wp-json\/wp\/v2\/comments?post=38784"}],"version-history":[{"count":89,"href":"https:\/\/www.docenti.it\/blog\/wp-json\/wp\/v2\/posts\/38784\/revisions"}],"predecessor-version":[{"id":41869,"href":"https:\/\/www.docenti.it\/blog\/wp-json\/wp\/v2\/posts\/38784\/revisions\/41869"}],"wp:featuredmedia":[{"embeddable":true,"href":"https:\/\/www.docenti.it\/blog\/wp-json\/wp\/v2\/media\/38788"}],"wp:attachment":[{"href":"https:\/\/www.docenti.it\/blog\/wp-json\/wp\/v2\/media?parent=38784"}],"wp:term":[{"taxonomy":"category","embeddable":true,"href":"https:\/\/www.docenti.it\/blog\/wp-json\/wp\/v2\/categories?post=38784"},{"taxonomy":"post_tag","embeddable":true,"href":"https:\/\/www.docenti.it\/blog\/wp-json\/wp\/v2\/tags?post=38784"}],"curies":[{"name":"wp","href":"https:\/\/api.w.org\/{rel}","templated":true}]}}