{"id":40420,"date":"2022-12-12T13:01:26","date_gmt":"2022-12-12T12:01:26","guid":{"rendered":"https:\/\/www.docenti.it\/blog\/?p=40420"},"modified":"2022-12-12T13:04:47","modified_gmt":"2022-12-12T12:04:47","slug":"reddito-di-cittadinanza-valditara-prima-devono-completare-il-percorso-scolastico","status":"publish","type":"post","link":"https:\/\/www.docenti.it\/blog\/reddito-di-cittadinanza-valditara-prima-devono-completare-il-percorso-scolastico\/","title":{"rendered":"Reddito di cittadinanza, Valditara: &#8220;Prima devono completare il percorso scolastico&#8221;"},"content":{"rendered":"\n<p>Dare il <strong>reddito di cittadinanza <\/strong>a chi non ha assolto all&#8217;obbligo scolastico \u00e8 illegale e inaccettabile moralmente.<\/p>\n\n\n\n<p>\u00c8 quanto sostiene <strong>Giuseppe Valditara<\/strong>, che lo ha dichiarato in una recente intervista a <em><strong>Libero<\/strong><\/em>&#8230;<\/p>\n\n\n\n<!--more-->\n\n\n\n<h2>Reddito di cittadinanza: le nuove regole di Valditara<\/h2>\n\n\n\n<p><strong>Il reddito di cittadinanza verr\u00e0 conferito a chi ha terminato la scuola dell\u2019obbligo o un percorso di studi di durata almeno triennale.<\/strong><\/p>\n\n\n\n<p>Queste le parole di<strong> Giuseppe Valditara<\/strong> riguardo la misura del 2019 introdotta dal governo Conte. <\/p>\n\n\n\n<p>Riprendiamo l&#8217;intervista rilasciata da Giuseppe Valditara a<em><strong> Libero<\/strong><\/em> (della quale avevamo gi\u00e0 parlato in <strong><a href=\"https:\/\/www.docenti.it\/blog\/giuseppe-valditara-manovre-contro-la-poverta-serve-una-scuola-di-cittadinanza\/\" target=\"_blank\" rel=\"noreferrer noopener\">questo articolo<\/a><\/strong>), dove riportiamo le parole del nuovo Ministro dell&#8217;Istruzione e del Merito: \u201c<em>Ben 140mila percettori di reddito di cittadinanza sotto i 30 anni hanno solo la licenza media e, in alcuni casi, soltanto la licenza elementare o neppure quella. Mi creda, contro la povert\u00e0 \u00e8 pi\u00f9 utile una scuola di cittadinanza piuttosto che il reddito di cittadinanza\u201d<\/em><\/p>\n\n\n\n<p>Parlando di <strong>reddito di cittadinanza<\/strong>, rispolveriamo i requisiti necessari al suo ottenimento e vediamo qual \u00e8 la somma percepita da chi ne fa richiesta. <\/p>\n\n\n\n<h2>Reddito di cittadinanza: requisiti<\/h2>\n\n\n\n<p>Per percepire il reddito di cittadinanza, <strong>\u00e8 necessario avere\u00a0un\u00a0reddito\u00a0familiare inferiore a 6.000 euro annui moltiplicato\u00a0per\u00a0la scala\u00a0di\u00a0equivalenza<\/strong>. <\/p>\n\n\n\n<p>La soglia del\u00a0reddito\u00a0\u00e8 elevata a 9.360 euro, nei casi in cui il nucleo familiare risieda in una abitazione in affitto.<\/p>\n\n\n\n<h3>Quanto prende una persona con il reddito<\/h3>\n\n\n\n<p>Il beneficio del reddito di cittadinanza consiste in <strong>un importo tra 480 e 9.360 euro l&#8217;anno <\/strong>ed \u00e8 composto da: <\/p>\n\n\n\n<ul><li>una integrazione al\u00a0<strong>reddito<\/strong>;<\/li><li>da <strong>un sostegno economico per contribuire alle spese\u00a0di\u00a0affitto<\/strong>, fino ad un massimo\u00a0di\u00a03.360 euro annui (1.800 euro nel caso\u00a0di\u00a0Pensione\u00a0di cittadinanza), o\u00a0di\u00a0un mutuo, fino a 1.800 euro l&#8217;anno.<\/li><\/ul>\n\n\n\n<p>Una volta appurato questo, andiamo a vedere i dati che <strong>Giuseppe Valditara<\/strong> mostra riguardo al <strong>numero di ragazzi e adulti che percepiscono il reddito di cittadinanza attualmente.<\/strong><\/p>\n\n\n\n<h2>Quanti studenti percepiscono il reddito<\/h2>\n\n\n\n<p>Valditara ha rilevato stime molto preoccupanti.<\/p>\n\n\n\n<p><em>&#8220;<strong>In Italia ci sono 364.101 percettori di reddito di cittadinanza nella fascia compresa tra i 18 e i 29 anni.<\/strong>\u00a0Di essi, abbiamo scoperto che ben 11.290 possiede soltanto la licenza elementare o addirittura nessun titolo, e altri 128.710 soltanto il titolo di licenza media.&#8221; <\/em><\/p>\n\n\n\n<p>Dopo questa rivelazione, Valditara chiede che <strong>si completi assolutamente il percorso scolastico per tutti quegli studenti che lo abbiano illegalmente interrotto.<\/strong> In alternativa, chiede il proseguimento di un percorso di formazione professionale per tutti coloro che sono in possesso di un titolo di studio superiore, ma non sono occupate o impegnate in aggiornamenti formativi. <\/p>\n\n\n\n<p>In entrambi i casi, chi non dovesse adempiere al percorso scolastico indicato, <strong>la pena deve essere la perdita del reddito.<\/strong><\/p>\n\n\n\n<p>Secondo Valditara, infatti: &#8220;<em>Questi ragazzi preferiscono percepire il reddito anzich\u00e9 studiare e formarsi per costruire un proprio dignitoso progetto di vita.<\/em>&#8220;<\/p>\n\n\n\n<p>Infatti, percepire il reddito senza aver assolto all&#8217;obbligo scolastico \u00e8 illegale e inaccettabile moralmente: &#8220;<em>Significherebbe legittimare e addirittura premiare una violazione di legge\u201d<\/em>.<\/p>\n\n\n\n<p>Rimani aggiornato con le ultime notizie dal blog!<br>Leggi anche:<\/p>\n\n\n\n<ul><li><a href=\"https:\/\/www.docenti.it\/blog\/giuseppe-valditara-manovre-contro-la-poverta-serve-una-scuola-di-cittadinanza\/\">Giuseppe Valditara, manovre contro la povert\u00e0: \u201cServe una scuola di cittadinanza\u201d<\/a><\/li><li><a href=\"https:\/\/www.docenti.it\/blog\/fase-transitoria-docenti-il-piano-di-valditara-per-reclutare-gli-insegnanti\/\">Fase transitoria docenti: il piano di Valditara per reclutare gli insegnanti<\/a><\/li><li><a href=\"https:\/\/www.docenti.it\/blog\/potenziamento-scuola-il-docente-puo-chiedere-una-riduzione-dellorario\/\">Potenziamento scuola: il docente pu\u00f2 chiedere una riduzione dell\u2019orario?<\/a><\/li><li><a href=\"https:\/\/www.docenti.it\/blog\/rinnovo-contratti-scuola-stanziato-1-miliardo-di-euro-le-ultime-news\/\">Rinnovo contratti scuola: stanziato 1 miliardo di euro. Le ultime news<\/a><\/li><\/ul>\n\n\n\n<p>Photo credit: <strong><a href=\"https:\/\/www.pexels.com\/\" target=\"_blank\" rel=\"noreferrer noopener\">Pexels<\/a><\/strong><\/p>\n","protected":false},"excerpt":{"rendered":"<p>Dare il reddito di cittadinanza a chi non ha assolto all&#8217;obbligo scolastico \u00e8 illegale [&hellip;]<\/p>\n","protected":false},"author":21,"featured_media":40421,"comment_status":"open","ping_status":"open","sticky":false,"template":"","format":"standard","meta":[],"categories":[4],"tags":[600],"yoast_head":"<!-- This site is optimized with the Yoast SEO plugin v20.4 - https:\/\/yoast.com\/wordpress\/plugins\/seo\/ -->\n<title>Reddito di cittadinanza, Valditara: &quot;Prima devono completare il percorso scolastico&quot;<\/title>\n<meta name=\"description\" content=\"Dare il reddito di cittadinanza a chi non ha assolto all&#039;obbligo scolastico \u00e8 illegale e inaccettabile moralmente.\" \/>\n<meta name=\"robots\" content=\"index, follow, max-snippet:-1, max-image-preview:large, max-video-preview:-1\" \/>\n<link rel=\"canonical\" href=\"https:\/\/www.docenti.it\/blog\/reddito-di-cittadinanza-valditara-prima-devono-completare-il-percorso-scolastico\/\" \/>\n<meta property=\"og:locale\" content=\"it_IT\" \/>\n<meta property=\"og:type\" content=\"article\" \/>\n<meta property=\"og:title\" content=\"Reddito di cittadinanza, Valditara: &quot;Prima devono completare il percorso scolastico&quot;\" \/>\n<meta property=\"og:description\" content=\"Dare il reddito di cittadinanza a chi non ha assolto all&#039;obbligo scolastico \u00e8 illegale e inaccettabile moralmente.\" \/>\n<meta property=\"og:url\" content=\"https:\/\/www.docenti.it\/blog\/reddito-di-cittadinanza-valditara-prima-devono-completare-il-percorso-scolastico\/\" \/>\n<meta property=\"og:site_name\" content=\"Blog | Docenti.it\" \/>\n<meta property=\"article:publisher\" content=\"https:\/\/www.facebook.com\/docenti.it\" \/>\n<meta property=\"article:author\" content=\"https:\/\/www.facebook.com\/profile.php?id=1555867670\" \/>\n<meta property=\"article:published_time\" content=\"2022-12-12T12:01:26+00:00\" \/>\n<meta property=\"article:modified_time\" content=\"2022-12-12T12:04:47+00:00\" \/>\n<meta property=\"og:image\" content=\"https:\/\/www.docenti.it\/blog\/wp-content\/uploads\/2022\/12\/pexels-pixabay-159844.jpg\" \/>\n\t<meta property=\"og:image:width\" content=\"640\" \/>\n\t<meta property=\"og:image:height\" content=\"427\" \/>\n\t<meta property=\"og:image:type\" content=\"image\/jpeg\" \/>\n<meta name=\"author\" content=\"Martina Vaggi\" \/>\n<meta name=\"twitter:card\" content=\"summary_large_image\" \/>\n<meta name=\"twitter:label1\" content=\"Written by\" \/>\n\t<meta name=\"twitter:data1\" content=\"Martina Vaggi\" \/>\n\t<meta name=\"twitter:label2\" content=\"Est. reading time\" \/>\n\t<meta name=\"twitter:data2\" content=\"3 minuti\" \/>\n<script type=\"application\/ld+json\" class=\"yoast-schema-graph\">{\"@context\":\"https:\/\/schema.org\",\"@graph\":[{\"@type\":\"Article\",\"@id\":\"https:\/\/www.docenti.it\/blog\/reddito-di-cittadinanza-valditara-prima-devono-completare-il-percorso-scolastico\/#article\",\"isPartOf\":{\"@id\":\"https:\/\/www.docenti.it\/blog\/reddito-di-cittadinanza-valditara-prima-devono-completare-il-percorso-scolastico\/\"},\"author\":{\"name\":\"Martina Vaggi\",\"@id\":\"https:\/\/www.docenti.it\/blog\/#\/schema\/person\/99c2fdaf54e96829fe4ed44da8233688\"},\"headline\":\"Reddito di cittadinanza, Valditara: &#8220;Prima devono completare il percorso scolastico&#8221;\",\"datePublished\":\"2022-12-12T12:01:26+00:00\",\"dateModified\":\"2022-12-12T12:04:47+00:00\",\"mainEntityOfPage\":{\"@id\":\"https:\/\/www.docenti.it\/blog\/reddito-di-cittadinanza-valditara-prima-devono-completare-il-percorso-scolastico\/\"},\"wordCount\":533,\"commentCount\":0,\"publisher\":{\"@id\":\"https:\/\/www.docenti.it\/blog\/#organization\"},\"keywords\":[\"Giuseppe Valditara\"],\"articleSection\":[\"News\"],\"inLanguage\":\"it-IT\",\"potentialAction\":[{\"@type\":\"CommentAction\",\"name\":\"Comment\",\"target\":[\"https:\/\/www.docenti.it\/blog\/reddito-di-cittadinanza-valditara-prima-devono-completare-il-percorso-scolastico\/#respond\"]}]},{\"@type\":\"WebPage\",\"@id\":\"https:\/\/www.docenti.it\/blog\/reddito-di-cittadinanza-valditara-prima-devono-completare-il-percorso-scolastico\/\",\"url\":\"https:\/\/www.docenti.it\/blog\/reddito-di-cittadinanza-valditara-prima-devono-completare-il-percorso-scolastico\/\",\"name\":\"Reddito di cittadinanza, Valditara: \\\"Prima devono completare il percorso scolastico\\\"\",\"isPartOf\":{\"@id\":\"https:\/\/www.docenti.it\/blog\/#website\"},\"datePublished\":\"2022-12-12T12:01:26+00:00\",\"dateModified\":\"2022-12-12T12:04:47+00:00\",\"description\":\"Dare il reddito di cittadinanza a chi non ha assolto all'obbligo scolastico \u00e8 illegale e inaccettabile moralmente.\",\"breadcrumb\":{\"@id\":\"https:\/\/www.docenti.it\/blog\/reddito-di-cittadinanza-valditara-prima-devono-completare-il-percorso-scolastico\/#breadcrumb\"},\"inLanguage\":\"it-IT\",\"potentialAction\":[{\"@type\":\"ReadAction\",\"target\":[\"https:\/\/www.docenti.it\/blog\/reddito-di-cittadinanza-valditara-prima-devono-completare-il-percorso-scolastico\/\"]}]},{\"@type\":\"BreadcrumbList\",\"@id\":\"https:\/\/www.docenti.it\/blog\/reddito-di-cittadinanza-valditara-prima-devono-completare-il-percorso-scolastico\/#breadcrumb\",\"itemListElement\":[{\"@type\":\"ListItem\",\"position\":1,\"name\":\"Home\",\"item\":\"https:\/\/www.docenti.it\/blog\/\"},{\"@type\":\"ListItem\",\"position\":2,\"name\":\"Reddito di cittadinanza, Valditara: &#8220;Prima devono completare il percorso scolastico&#8221;\"}]},{\"@type\":\"WebSite\",\"@id\":\"https:\/\/www.docenti.it\/blog\/#website\",\"url\":\"https:\/\/www.docenti.it\/blog\/\",\"name\":\"Blog | Docenti.it\",\"description\":\"Tutte le notizie e gli aggiornamenti dal mondo della scuola\",\"publisher\":{\"@id\":\"https:\/\/www.docenti.it\/blog\/#organization\"},\"potentialAction\":[{\"@type\":\"SearchAction\",\"target\":{\"@type\":\"EntryPoint\",\"urlTemplate\":\"https:\/\/www.docenti.it\/blog\/?s={search_term_string}\"},\"query-input\":\"required name=search_term_string\"}],\"inLanguage\":\"it-IT\"},{\"@type\":\"Organization\",\"@id\":\"https:\/\/www.docenti.it\/blog\/#organization\",\"name\":\"Blog | Docenti.it\",\"url\":\"https:\/\/www.docenti.it\/blog\/\",\"logo\":{\"@type\":\"ImageObject\",\"inLanguage\":\"it-IT\",\"@id\":\"https:\/\/www.docenti.it\/blog\/#\/schema\/logo\/image\/\",\"url\":\"https:\/\/www.docenti.it\/blog\/wp-content\/uploads\/2025\/06\/fb_mad_img.png\",\"contentUrl\":\"https:\/\/www.docenti.it\/blog\/wp-content\/uploads\/2025\/06\/fb_mad_img.png\",\"width\":1140,\"height\":620,\"caption\":\"Blog | Docenti.it\"},\"image\":{\"@id\":\"https:\/\/www.docenti.it\/blog\/#\/schema\/logo\/image\/\"},\"sameAs\":[\"https:\/\/www.facebook.com\/docenti.it\"]},{\"@type\":\"Person\",\"@id\":\"https:\/\/www.docenti.it\/blog\/#\/schema\/person\/99c2fdaf54e96829fe4ed44da8233688\",\"name\":\"Martina Vaggi\",\"image\":{\"@type\":\"ImageObject\",\"inLanguage\":\"it-IT\",\"@id\":\"https:\/\/www.docenti.it\/blog\/#\/schema\/person\/image\/\",\"url\":\"https:\/\/secure.gravatar.com\/avatar\/14a13197979873d693ad915d249e3f54?s=96&d=mm&r=g\",\"contentUrl\":\"https:\/\/secure.gravatar.com\/avatar\/14a13197979873d693ad915d249e3f54?s=96&d=mm&r=g\",\"caption\":\"Martina Vaggi\"},\"description\":\"Classe 1991, copywriter e scrittrice. Nata a Sale, un paesino in provincia di Alessandria. Scrive dall\u2019et\u00e0 di 10 anni. Nel 2015 si laurea in Lettere Moderne presso l\u2019universit\u00e0 di Pavia. Nel 2020 pubblica il suo primo libro \\\"Il diario del silenzio - Storie reali di quarantena\\\" che descrive il processo di cambiamento della vita di 40 persone ai tempi del Covid. Nel 2022 si trasferisce a San Marino per lavorare come copywriter per Docenti.it\",\"sameAs\":[\"https:\/\/pensierisurrealidigentecomune.com\/\",\"https:\/\/www.facebook.com\/profile.php?id=1555867670\",\"https:\/\/www.instagram.com\/martiggi91\/\",\"https:\/\/it.linkedin.com\/in\/martina-vaggi\",\"https:\/\/www.youtube.com\/results?search_query=martina+vaggi\"],\"url\":\"https:\/\/www.docenti.it\/blog\/author\/martina-vaggi\/\"}]}<\/script>\n<!-- \/ Yoast SEO plugin. -->","yoast_head_json":{"title":"Reddito di cittadinanza, Valditara: \"Prima devono completare il percorso scolastico\"","description":"Dare il reddito di cittadinanza a chi non ha assolto all'obbligo scolastico \u00e8 illegale e inaccettabile moralmente.","robots":{"index":"index","follow":"follow","max-snippet":"max-snippet:-1","max-image-preview":"max-image-preview:large","max-video-preview":"max-video-preview:-1"},"canonical":"https:\/\/www.docenti.it\/blog\/reddito-di-cittadinanza-valditara-prima-devono-completare-il-percorso-scolastico\/","og_locale":"it_IT","og_type":"article","og_title":"Reddito di cittadinanza, Valditara: \"Prima devono completare il percorso scolastico\"","og_description":"Dare il reddito di cittadinanza a chi non ha assolto all'obbligo scolastico \u00e8 illegale e inaccettabile moralmente.","og_url":"https:\/\/www.docenti.it\/blog\/reddito-di-cittadinanza-valditara-prima-devono-completare-il-percorso-scolastico\/","og_site_name":"Blog | Docenti.it","article_publisher":"https:\/\/www.facebook.com\/docenti.it","article_author":"https:\/\/www.facebook.com\/profile.php?id=1555867670","article_published_time":"2022-12-12T12:01:26+00:00","article_modified_time":"2022-12-12T12:04:47+00:00","og_image":[{"width":640,"height":427,"url":"https:\/\/www.docenti.it\/blog\/wp-content\/uploads\/2022\/12\/pexels-pixabay-159844.jpg","type":"image\/jpeg"}],"author":"Martina Vaggi","twitter_card":"summary_large_image","twitter_misc":{"Written by":"Martina Vaggi","Est. reading time":"3 minuti"},"schema":{"@context":"https:\/\/schema.org","@graph":[{"@type":"Article","@id":"https:\/\/www.docenti.it\/blog\/reddito-di-cittadinanza-valditara-prima-devono-completare-il-percorso-scolastico\/#article","isPartOf":{"@id":"https:\/\/www.docenti.it\/blog\/reddito-di-cittadinanza-valditara-prima-devono-completare-il-percorso-scolastico\/"},"author":{"name":"Martina Vaggi","@id":"https:\/\/www.docenti.it\/blog\/#\/schema\/person\/99c2fdaf54e96829fe4ed44da8233688"},"headline":"Reddito di cittadinanza, Valditara: &#8220;Prima devono completare il percorso scolastico&#8221;","datePublished":"2022-12-12T12:01:26+00:00","dateModified":"2022-12-12T12:04:47+00:00","mainEntityOfPage":{"@id":"https:\/\/www.docenti.it\/blog\/reddito-di-cittadinanza-valditara-prima-devono-completare-il-percorso-scolastico\/"},"wordCount":533,"commentCount":0,"publisher":{"@id":"https:\/\/www.docenti.it\/blog\/#organization"},"keywords":["Giuseppe Valditara"],"articleSection":["News"],"inLanguage":"it-IT","potentialAction":[{"@type":"CommentAction","name":"Comment","target":["https:\/\/www.docenti.it\/blog\/reddito-di-cittadinanza-valditara-prima-devono-completare-il-percorso-scolastico\/#respond"]}]},{"@type":"WebPage","@id":"https:\/\/www.docenti.it\/blog\/reddito-di-cittadinanza-valditara-prima-devono-completare-il-percorso-scolastico\/","url":"https:\/\/www.docenti.it\/blog\/reddito-di-cittadinanza-valditara-prima-devono-completare-il-percorso-scolastico\/","name":"Reddito di cittadinanza, Valditara: \"Prima devono completare il percorso scolastico\"","isPartOf":{"@id":"https:\/\/www.docenti.it\/blog\/#website"},"datePublished":"2022-12-12T12:01:26+00:00","dateModified":"2022-12-12T12:04:47+00:00","description":"Dare il reddito di cittadinanza a chi non ha assolto all'obbligo scolastico \u00e8 illegale e inaccettabile moralmente.","breadcrumb":{"@id":"https:\/\/www.docenti.it\/blog\/reddito-di-cittadinanza-valditara-prima-devono-completare-il-percorso-scolastico\/#breadcrumb"},"inLanguage":"it-IT","potentialAction":[{"@type":"ReadAction","target":["https:\/\/www.docenti.it\/blog\/reddito-di-cittadinanza-valditara-prima-devono-completare-il-percorso-scolastico\/"]}]},{"@type":"BreadcrumbList","@id":"https:\/\/www.docenti.it\/blog\/reddito-di-cittadinanza-valditara-prima-devono-completare-il-percorso-scolastico\/#breadcrumb","itemListElement":[{"@type":"ListItem","position":1,"name":"Home","item":"https:\/\/www.docenti.it\/blog\/"},{"@type":"ListItem","position":2,"name":"Reddito di cittadinanza, Valditara: &#8220;Prima devono completare il percorso scolastico&#8221;"}]},{"@type":"WebSite","@id":"https:\/\/www.docenti.it\/blog\/#website","url":"https:\/\/www.docenti.it\/blog\/","name":"Blog | Docenti.it","description":"Tutte le notizie e gli aggiornamenti dal mondo della scuola","publisher":{"@id":"https:\/\/www.docenti.it\/blog\/#organization"},"potentialAction":[{"@type":"SearchAction","target":{"@type":"EntryPoint","urlTemplate":"https:\/\/www.docenti.it\/blog\/?s={search_term_string}"},"query-input":"required name=search_term_string"}],"inLanguage":"it-IT"},{"@type":"Organization","@id":"https:\/\/www.docenti.it\/blog\/#organization","name":"Blog | Docenti.it","url":"https:\/\/www.docenti.it\/blog\/","logo":{"@type":"ImageObject","inLanguage":"it-IT","@id":"https:\/\/www.docenti.it\/blog\/#\/schema\/logo\/image\/","url":"https:\/\/www.docenti.it\/blog\/wp-content\/uploads\/2025\/06\/fb_mad_img.png","contentUrl":"https:\/\/www.docenti.it\/blog\/wp-content\/uploads\/2025\/06\/fb_mad_img.png","width":1140,"height":620,"caption":"Blog | Docenti.it"},"image":{"@id":"https:\/\/www.docenti.it\/blog\/#\/schema\/logo\/image\/"},"sameAs":["https:\/\/www.facebook.com\/docenti.it"]},{"@type":"Person","@id":"https:\/\/www.docenti.it\/blog\/#\/schema\/person\/99c2fdaf54e96829fe4ed44da8233688","name":"Martina Vaggi","image":{"@type":"ImageObject","inLanguage":"it-IT","@id":"https:\/\/www.docenti.it\/blog\/#\/schema\/person\/image\/","url":"https:\/\/secure.gravatar.com\/avatar\/14a13197979873d693ad915d249e3f54?s=96&d=mm&r=g","contentUrl":"https:\/\/secure.gravatar.com\/avatar\/14a13197979873d693ad915d249e3f54?s=96&d=mm&r=g","caption":"Martina Vaggi"},"description":"Classe 1991, copywriter e scrittrice. Nata a Sale, un paesino in provincia di Alessandria. Scrive dall\u2019et\u00e0 di 10 anni. Nel 2015 si laurea in Lettere Moderne presso l\u2019universit\u00e0 di Pavia. Nel 2020 pubblica il suo primo libro \"Il diario del silenzio - Storie reali di quarantena\" che descrive il processo di cambiamento della vita di 40 persone ai tempi del Covid. Nel 2022 si trasferisce a San Marino per lavorare come copywriter per Docenti.it","sameAs":["https:\/\/pensierisurrealidigentecomune.com\/","https:\/\/www.facebook.com\/profile.php?id=1555867670","https:\/\/www.instagram.com\/martiggi91\/","https:\/\/it.linkedin.com\/in\/martina-vaggi","https:\/\/www.youtube.com\/results?search_query=martina+vaggi"],"url":"https:\/\/www.docenti.it\/blog\/author\/martina-vaggi\/"}]}},"_links":{"self":[{"href":"https:\/\/www.docenti.it\/blog\/wp-json\/wp\/v2\/posts\/40420"}],"collection":[{"href":"https:\/\/www.docenti.it\/blog\/wp-json\/wp\/v2\/posts"}],"about":[{"href":"https:\/\/www.docenti.it\/blog\/wp-json\/wp\/v2\/types\/post"}],"author":[{"embeddable":true,"href":"https:\/\/www.docenti.it\/blog\/wp-json\/wp\/v2\/users\/21"}],"replies":[{"embeddable":true,"href":"https:\/\/www.docenti.it\/blog\/wp-json\/wp\/v2\/comments?post=40420"}],"version-history":[{"count":29,"href":"https:\/\/www.docenti.it\/blog\/wp-json\/wp\/v2\/posts\/40420\/revisions"}],"predecessor-version":[{"id":40459,"href":"https:\/\/www.docenti.it\/blog\/wp-json\/wp\/v2\/posts\/40420\/revisions\/40459"}],"wp:featuredmedia":[{"embeddable":true,"href":"https:\/\/www.docenti.it\/blog\/wp-json\/wp\/v2\/media\/40421"}],"wp:attachment":[{"href":"https:\/\/www.docenti.it\/blog\/wp-json\/wp\/v2\/media?parent=40420"}],"wp:term":[{"taxonomy":"category","embeddable":true,"href":"https:\/\/www.docenti.it\/blog\/wp-json\/wp\/v2\/categories?post=40420"},{"taxonomy":"post_tag","embeddable":true,"href":"https:\/\/www.docenti.it\/blog\/wp-json\/wp\/v2\/tags?post=40420"}],"curies":[{"name":"wp","href":"https:\/\/api.w.org\/{rel}","templated":true}]}}