{"id":42765,"date":"2023-01-13T17:44:41","date_gmt":"2023-01-13T16:44:41","guid":{"rendered":"https:\/\/www.docenti.it\/blog\/?p=42765"},"modified":"2023-01-13T17:50:34","modified_gmt":"2023-01-13T16:50:34","slug":"supplenze-da-gps-chi-ha-labilitazione-ha-la-precedenza-da-ii-fascia","status":"publish","type":"post","link":"https:\/\/www.docenti.it\/blog\/supplenze-da-gps-chi-ha-labilitazione-ha-la-precedenza-da-ii-fascia\/","title":{"rendered":"Supplenze da GPS: chi ha l&#8217;abilitazione ha la precedenza da II fascia?"},"content":{"rendered":"\n<p>Chi acquisisce l&#8217;abilitazione per l&#8217;insegnamento <strong>non avr\u00e0 comunque la priorit\u00e0 di convocazione nelle supplenze da GPS II fascia.<\/strong><\/p>\n\n\n\n<p>Questo \u00e8 quanto prevede l&#8217;<strong>OM per il biennio 2022\/24.<\/strong><\/p>\n\n\n\n<!--more-->\n\n\n\n<h2>Supplenze da GPS II fascia: cosa prevede l&#8217;OM<\/h2>\n\n\n\n<p>L&#8217;<strong>Ordinanza Ministeriale 2022\/24<\/strong> per le supplenze da GPS prevede che chi acquisisce l&#8217;abilitazione non potr\u00e0 comunque godere di alcuna precedenza nelle convocazioni da graduatorie GPS II fascia. <\/p>\n\n\n\n<p>O meglio&#8230; diciamo che nell&#8217;Ordinanza non \u00e8 specificata la possibilit\u00e0 di richiedere la priorit\u00e0 di convocazione per l\u2019attribuzione delle supplenze in II fascia GPS.<\/p>\n\n\n\n<p>L&#8217;OM (di cui <strong><em><a href=\"https:\/\/www.orizzontescuola.it\/supplenze-docenti-2022-23-cancellata-la-possibilita-di-avere-la-priorita-nelle-nomine-da-seconda-fascia-gps-una-volta-acquisita-labilitazione\/\" target=\"_blank\" rel=\"noreferrer noopener\">Orizzonte Scuola<\/a><\/em><\/strong> ci fornisce il <strong><a href=\"https:\/\/www.miur.gov.it\/documents\/20182\/0\/Ordinanza+Ministeriale+n.+112+del+6.05.2022.pdf\/ac56efe2-cff8-42bf-226a-aadef1c45b88?version=1.0&amp;t=1652269543552\" target=\"_blank\" rel=\"noreferrer noopener\">TESTO<\/a><\/strong>) specifica, all&#8217;art. 10, che riguarda gli Elenchi aggiuntivi GPS quanto segue:<\/p>\n\n\n\n<ul><li> nelle more della ricostituzione delle graduatorie provinciali per le supplenze (GPS), tutti gli aspiranti che acquisiscono il titolo di abilitazione (ovvero di specializzazione sul sostegno) possono richiedere l\u2019inserimento negli elenchi aggiuntivi alle GPS di I fascia per l\u2019anno scolastico 2023\/2024.<br><br>A tale si attinge in via prioritaria rispetto alla II fascia. <br><br>In caso gli aspiranti fossero gi\u00e0 inseriti in una qualsiasi GPS, l\u2019inserimento negli elenchi aggiuntivi sarebbe vincolato alla provincia di inserimento precedente e comporterebbe l\u2019automatico depennamento dalle graduatorie GPS II fascia della Classe di Concorso corrispettiva.<br><\/li><li>Per una corretta costituzione degli elenchi aggiuntivi (di cui al comma 1) e della definizione della relativa tempistica, il Ministro ha comunque emanato uno specifico decreto. <\/li><\/ul>\n\n\n\n<p>Ma andiamo avanti.<\/p>\n\n\n\n<h2>E chi ottiene l&#8217;abilitazione?<\/h2>\n\n\n\n<p>Come abbiamo precedentemente letto, nell&#8217;Ordinanza Ministeriale manca qualunque riferimento alla possibilit\u00e0 che i docenti abilitati possano richiedere la priorit\u00e0 per <strong>l&#8217;attribuzione delle supplenze da II fascia GPS<\/strong>. <\/p>\n\n\n\n<p>Fino ad oggi, secondo le modalit\u00e0, effettivamente chi possedeva l&#8217;abilitazione avrebbe avuto diritto a questo &#8220;privilegio&#8221;: ma applicare questa regola all&#8217;anno scolastico 2022\/23 avrebbe totalmente destabilizzato le graduatorie a causa dell&#8217;elevato numero dei partecipanti. <\/p>\n\n\n\n<p>Di conseguenza, tutti i docenti che superano il concorso per la scuola secondaria e ottengono, quindi, l&#8217;abilitazione, avrebbero potuto richiedere la priorit\u00e0 nelle suddette graduatorie, se non fosse che&#8230;<\/p>\n\n\n\n<p><em>&#8230; L&#8217;Ordinanza Ministeriale non riporta alcun riferimento specifico a tale possibilit\u00e0. <\/em><\/p>\n\n\n\n<p>Sicuramente, la priorit\u00e0 dovrebbe essere quella di assicurare quanti pi\u00f9 docenti abilitati possibili alle classi.<\/p>\n\n\n\n<p><strong>Questo rientra nell&#8217;ottica di un normale scorrimento delle graduatorie.<\/strong><\/p>\n\n\n\n<p>C\u2019\u00e8 poi da considerare che, quasi paradossalmente,<strong> la priorit\u00e0 ai docenti abilitati (o specializzati) viene assicurata nel conferimento delle MAD per tutti quegli aspiranti non inseriti in alcuna graduatoria.<\/strong><\/p>\n\n\n\n<p>Alcuni aspiranti docenti, poi, non hanno potuto nemmeno beneficiare del termine del 20 luglio 2022. <br>Cos\u00ec come colore che sono stati re-introdotti alla procedura esattamente dopo che la commissione nazionale ha ammesso gli errori nella prova scritta e ha acconsentito al ricalcolo del punteggio. <\/p>\n\n\n\n<p>Tali aspiranti si erano gi\u00e0 accorti, in estate, che tale errore sarebbe poi ricaduto anche nelle graduatorie GPS. <br>Il problema \u00e8 che&#8230; nulla \u00e8 stato fatto per rimediare a tale mancanza.<\/p>\n\n\n\n<p>A questo seguiranno ulteriori aggiornamenti. <\/p>\n\n\n\n<p>Leggi gli ultimi articoli:<\/p>\n\n\n\n<ul><li><a href=\"https:\/\/www.docenti.it\/blog\/aumento-stipendi-docenti-400-milioni-in-arrivo-le-ultime-news\/\">Aumento stipendi docenti: 400 milioni in arrivo. Le ultime news<\/a><\/li><li><a href=\"https:\/\/www.docenti.it\/blog\/stipendio-supplenti-quanto-pagano-per-una-supplenza-di-18-ore\/\">Stipendio supplenti: quanto pagano per una supplenza di 18 ore?<\/a><\/li><li><a href=\"https:\/\/www.docenti.it\/blog\/qual-e-il-sito-migliore-per-inviare-la-mad\/\">Qual \u00e8 il sito migliore per inviare la MAD?<\/a><\/li><li><a href=\"https:\/\/www.docenti.it\/blog\/supplenze-scuola-hai-impegni-per-gennaio\/\">Supplenze scuola: hai impegni per gennaio?<\/a><\/li><li><a href=\"https:\/\/www.docenti.it\/blog\/cosa-succede-dopo-aver-inviato-la-mad-scuola\/\">Cosa succede dopo aver inviato la MAD scuola?<\/a><\/li><\/ul>\n\n\n\n<p>Photo credit:&nbsp;<strong><a href=\"https:\/\/pixabay.com\/\" target=\"_blank\" rel=\"noreferrer noopener\">Pixabay<\/a><\/strong><\/p>\n","protected":false},"excerpt":{"rendered":"<p>Chi acquisisce l&#8217;abilitazione per l&#8217;insegnamento non avr\u00e0 comunque la priorit\u00e0 di convocazione nelle supplenze [&hellip;]<\/p>\n","protected":false},"author":21,"featured_media":42767,"comment_status":"open","ping_status":"open","sticky":false,"template":"","format":"standard","meta":[],"categories":[5,4],"tags":[63,234],"yoast_head":"<!-- This site is optimized with the Yoast SEO plugin v20.4 - https:\/\/yoast.com\/wordpress\/plugins\/seo\/ -->\n<title>Supplenze da GPS: chi ha l&#039;abilitazione ha la precedenza da II fascia?<\/title>\n<meta name=\"description\" content=\"Chi acquisisce l&#039;abilitazione per l&#039;insegnamento non avr\u00e0 comunque la priorit\u00e0 di convocazione nelle supplenze da GPS II fascia.\" \/>\n<meta name=\"robots\" content=\"index, follow, max-snippet:-1, max-image-preview:large, max-video-preview:-1\" \/>\n<link rel=\"canonical\" href=\"https:\/\/www.docenti.it\/blog\/supplenze-da-gps-chi-ha-labilitazione-ha-la-precedenza-da-ii-fascia\/\" \/>\n<meta property=\"og:locale\" content=\"it_IT\" \/>\n<meta property=\"og:type\" content=\"article\" \/>\n<meta property=\"og:title\" content=\"Supplenze da GPS: chi ha l&#039;abilitazione ha la precedenza da II fascia?\" \/>\n<meta property=\"og:description\" content=\"Chi acquisisce l&#039;abilitazione per l&#039;insegnamento non avr\u00e0 comunque la priorit\u00e0 di convocazione nelle supplenze da GPS II fascia.\" \/>\n<meta property=\"og:url\" content=\"https:\/\/www.docenti.it\/blog\/supplenze-da-gps-chi-ha-labilitazione-ha-la-precedenza-da-ii-fascia\/\" \/>\n<meta property=\"og:site_name\" content=\"Blog | Docenti.it\" \/>\n<meta property=\"article:publisher\" content=\"https:\/\/www.facebook.com\/docenti.it\" \/>\n<meta property=\"article:author\" content=\"https:\/\/www.facebook.com\/profile.php?id=1555867670\" \/>\n<meta property=\"article:published_time\" content=\"2023-01-13T16:44:41+00:00\" \/>\n<meta property=\"article:modified_time\" content=\"2023-01-13T16:50:34+00:00\" \/>\n<meta property=\"og:image\" content=\"https:\/\/www.docenti.it\/blog\/wp-content\/uploads\/2023\/01\/abc-g5c466871c_640.png\" \/>\n\t<meta property=\"og:image:width\" content=\"640\" \/>\n\t<meta property=\"og:image:height\" content=\"543\" \/>\n\t<meta property=\"og:image:type\" content=\"image\/png\" \/>\n<meta name=\"author\" content=\"Martina Vaggi\" \/>\n<meta name=\"twitter:card\" content=\"summary_large_image\" \/>\n<meta name=\"twitter:label1\" content=\"Written by\" \/>\n\t<meta name=\"twitter:data1\" content=\"Martina Vaggi\" \/>\n\t<meta name=\"twitter:label2\" content=\"Est. reading time\" \/>\n\t<meta name=\"twitter:data2\" content=\"3 minuti\" \/>\n<script type=\"application\/ld+json\" class=\"yoast-schema-graph\">{\"@context\":\"https:\/\/schema.org\",\"@graph\":[{\"@type\":\"Article\",\"@id\":\"https:\/\/www.docenti.it\/blog\/supplenze-da-gps-chi-ha-labilitazione-ha-la-precedenza-da-ii-fascia\/#article\",\"isPartOf\":{\"@id\":\"https:\/\/www.docenti.it\/blog\/supplenze-da-gps-chi-ha-labilitazione-ha-la-precedenza-da-ii-fascia\/\"},\"author\":{\"name\":\"Martina Vaggi\",\"@id\":\"https:\/\/www.docenti.it\/blog\/#\/schema\/person\/99c2fdaf54e96829fe4ed44da8233688\"},\"headline\":\"Supplenze da GPS: chi ha l&#8217;abilitazione ha la precedenza da II fascia?\",\"datePublished\":\"2023-01-13T16:44:41+00:00\",\"dateModified\":\"2023-01-13T16:50:34+00:00\",\"mainEntityOfPage\":{\"@id\":\"https:\/\/www.docenti.it\/blog\/supplenze-da-gps-chi-ha-labilitazione-ha-la-precedenza-da-ii-fascia\/\"},\"wordCount\":512,\"commentCount\":0,\"publisher\":{\"@id\":\"https:\/\/www.docenti.it\/blog\/#organization\"},\"keywords\":[\"diventare insegnante\",\"graduatorie gps\"],\"articleSection\":[\"Graduatorie scuola\",\"News\"],\"inLanguage\":\"it-IT\",\"potentialAction\":[{\"@type\":\"CommentAction\",\"name\":\"Comment\",\"target\":[\"https:\/\/www.docenti.it\/blog\/supplenze-da-gps-chi-ha-labilitazione-ha-la-precedenza-da-ii-fascia\/#respond\"]}]},{\"@type\":\"WebPage\",\"@id\":\"https:\/\/www.docenti.it\/blog\/supplenze-da-gps-chi-ha-labilitazione-ha-la-precedenza-da-ii-fascia\/\",\"url\":\"https:\/\/www.docenti.it\/blog\/supplenze-da-gps-chi-ha-labilitazione-ha-la-precedenza-da-ii-fascia\/\",\"name\":\"Supplenze da GPS: chi ha l'abilitazione ha la precedenza da II fascia?\",\"isPartOf\":{\"@id\":\"https:\/\/www.docenti.it\/blog\/#website\"},\"datePublished\":\"2023-01-13T16:44:41+00:00\",\"dateModified\":\"2023-01-13T16:50:34+00:00\",\"description\":\"Chi acquisisce l'abilitazione per l'insegnamento non avr\u00e0 comunque la priorit\u00e0 di convocazione nelle supplenze da GPS II fascia.\",\"breadcrumb\":{\"@id\":\"https:\/\/www.docenti.it\/blog\/supplenze-da-gps-chi-ha-labilitazione-ha-la-precedenza-da-ii-fascia\/#breadcrumb\"},\"inLanguage\":\"it-IT\",\"potentialAction\":[{\"@type\":\"ReadAction\",\"target\":[\"https:\/\/www.docenti.it\/blog\/supplenze-da-gps-chi-ha-labilitazione-ha-la-precedenza-da-ii-fascia\/\"]}]},{\"@type\":\"BreadcrumbList\",\"@id\":\"https:\/\/www.docenti.it\/blog\/supplenze-da-gps-chi-ha-labilitazione-ha-la-precedenza-da-ii-fascia\/#breadcrumb\",\"itemListElement\":[{\"@type\":\"ListItem\",\"position\":1,\"name\":\"Home\",\"item\":\"https:\/\/www.docenti.it\/blog\/\"},{\"@type\":\"ListItem\",\"position\":2,\"name\":\"Supplenze da GPS: chi ha l&#8217;abilitazione ha la precedenza da II fascia?\"}]},{\"@type\":\"WebSite\",\"@id\":\"https:\/\/www.docenti.it\/blog\/#website\",\"url\":\"https:\/\/www.docenti.it\/blog\/\",\"name\":\"Blog | Docenti.it\",\"description\":\"Tutte le notizie e gli aggiornamenti dal mondo della scuola\",\"publisher\":{\"@id\":\"https:\/\/www.docenti.it\/blog\/#organization\"},\"potentialAction\":[{\"@type\":\"SearchAction\",\"target\":{\"@type\":\"EntryPoint\",\"urlTemplate\":\"https:\/\/www.docenti.it\/blog\/?s={search_term_string}\"},\"query-input\":\"required name=search_term_string\"}],\"inLanguage\":\"it-IT\"},{\"@type\":\"Organization\",\"@id\":\"https:\/\/www.docenti.it\/blog\/#organization\",\"name\":\"Blog | Docenti.it\",\"url\":\"https:\/\/www.docenti.it\/blog\/\",\"logo\":{\"@type\":\"ImageObject\",\"inLanguage\":\"it-IT\",\"@id\":\"https:\/\/www.docenti.it\/blog\/#\/schema\/logo\/image\/\",\"url\":\"https:\/\/www.docenti.it\/blog\/wp-content\/uploads\/2025\/06\/fb_mad_img.png\",\"contentUrl\":\"https:\/\/www.docenti.it\/blog\/wp-content\/uploads\/2025\/06\/fb_mad_img.png\",\"width\":1140,\"height\":620,\"caption\":\"Blog | Docenti.it\"},\"image\":{\"@id\":\"https:\/\/www.docenti.it\/blog\/#\/schema\/logo\/image\/\"},\"sameAs\":[\"https:\/\/www.facebook.com\/docenti.it\"]},{\"@type\":\"Person\",\"@id\":\"https:\/\/www.docenti.it\/blog\/#\/schema\/person\/99c2fdaf54e96829fe4ed44da8233688\",\"name\":\"Martina Vaggi\",\"image\":{\"@type\":\"ImageObject\",\"inLanguage\":\"it-IT\",\"@id\":\"https:\/\/www.docenti.it\/blog\/#\/schema\/person\/image\/\",\"url\":\"https:\/\/secure.gravatar.com\/avatar\/14a13197979873d693ad915d249e3f54?s=96&d=mm&r=g\",\"contentUrl\":\"https:\/\/secure.gravatar.com\/avatar\/14a13197979873d693ad915d249e3f54?s=96&d=mm&r=g\",\"caption\":\"Martina Vaggi\"},\"description\":\"Classe 1991, copywriter e scrittrice. Nata a Sale, un paesino in provincia di Alessandria. Scrive dall\u2019et\u00e0 di 10 anni. Nel 2015 si laurea in Lettere Moderne presso l\u2019universit\u00e0 di Pavia. Nel 2020 pubblica il suo primo libro \\\"Il diario del silenzio - Storie reali di quarantena\\\" che descrive il processo di cambiamento della vita di 40 persone ai tempi del Covid. Nel 2022 si trasferisce a San Marino per lavorare come copywriter per Docenti.it\",\"sameAs\":[\"https:\/\/pensierisurrealidigentecomune.com\/\",\"https:\/\/www.facebook.com\/profile.php?id=1555867670\",\"https:\/\/www.instagram.com\/martiggi91\/\",\"https:\/\/it.linkedin.com\/in\/martina-vaggi\",\"https:\/\/www.youtube.com\/results?search_query=martina+vaggi\"],\"url\":\"https:\/\/www.docenti.it\/blog\/author\/martina-vaggi\/\"}]}<\/script>\n<!-- \/ Yoast SEO plugin. -->","yoast_head_json":{"title":"Supplenze da GPS: chi ha l'abilitazione ha la precedenza da II fascia?","description":"Chi acquisisce l'abilitazione per l'insegnamento non avr\u00e0 comunque la priorit\u00e0 di convocazione nelle supplenze da GPS II fascia.","robots":{"index":"index","follow":"follow","max-snippet":"max-snippet:-1","max-image-preview":"max-image-preview:large","max-video-preview":"max-video-preview:-1"},"canonical":"https:\/\/www.docenti.it\/blog\/supplenze-da-gps-chi-ha-labilitazione-ha-la-precedenza-da-ii-fascia\/","og_locale":"it_IT","og_type":"article","og_title":"Supplenze da GPS: chi ha l'abilitazione ha la precedenza da II fascia?","og_description":"Chi acquisisce l'abilitazione per l'insegnamento non avr\u00e0 comunque la priorit\u00e0 di convocazione nelle supplenze da GPS II fascia.","og_url":"https:\/\/www.docenti.it\/blog\/supplenze-da-gps-chi-ha-labilitazione-ha-la-precedenza-da-ii-fascia\/","og_site_name":"Blog | Docenti.it","article_publisher":"https:\/\/www.facebook.com\/docenti.it","article_author":"https:\/\/www.facebook.com\/profile.php?id=1555867670","article_published_time":"2023-01-13T16:44:41+00:00","article_modified_time":"2023-01-13T16:50:34+00:00","og_image":[{"width":640,"height":543,"url":"https:\/\/www.docenti.it\/blog\/wp-content\/uploads\/2023\/01\/abc-g5c466871c_640.png","type":"image\/png"}],"author":"Martina Vaggi","twitter_card":"summary_large_image","twitter_misc":{"Written by":"Martina Vaggi","Est. reading time":"3 minuti"},"schema":{"@context":"https:\/\/schema.org","@graph":[{"@type":"Article","@id":"https:\/\/www.docenti.it\/blog\/supplenze-da-gps-chi-ha-labilitazione-ha-la-precedenza-da-ii-fascia\/#article","isPartOf":{"@id":"https:\/\/www.docenti.it\/blog\/supplenze-da-gps-chi-ha-labilitazione-ha-la-precedenza-da-ii-fascia\/"},"author":{"name":"Martina Vaggi","@id":"https:\/\/www.docenti.it\/blog\/#\/schema\/person\/99c2fdaf54e96829fe4ed44da8233688"},"headline":"Supplenze da GPS: chi ha l&#8217;abilitazione ha la precedenza da II fascia?","datePublished":"2023-01-13T16:44:41+00:00","dateModified":"2023-01-13T16:50:34+00:00","mainEntityOfPage":{"@id":"https:\/\/www.docenti.it\/blog\/supplenze-da-gps-chi-ha-labilitazione-ha-la-precedenza-da-ii-fascia\/"},"wordCount":512,"commentCount":0,"publisher":{"@id":"https:\/\/www.docenti.it\/blog\/#organization"},"keywords":["diventare insegnante","graduatorie gps"],"articleSection":["Graduatorie scuola","News"],"inLanguage":"it-IT","potentialAction":[{"@type":"CommentAction","name":"Comment","target":["https:\/\/www.docenti.it\/blog\/supplenze-da-gps-chi-ha-labilitazione-ha-la-precedenza-da-ii-fascia\/#respond"]}]},{"@type":"WebPage","@id":"https:\/\/www.docenti.it\/blog\/supplenze-da-gps-chi-ha-labilitazione-ha-la-precedenza-da-ii-fascia\/","url":"https:\/\/www.docenti.it\/blog\/supplenze-da-gps-chi-ha-labilitazione-ha-la-precedenza-da-ii-fascia\/","name":"Supplenze da GPS: chi ha l'abilitazione ha la precedenza da II fascia?","isPartOf":{"@id":"https:\/\/www.docenti.it\/blog\/#website"},"datePublished":"2023-01-13T16:44:41+00:00","dateModified":"2023-01-13T16:50:34+00:00","description":"Chi acquisisce l'abilitazione per l'insegnamento non avr\u00e0 comunque la priorit\u00e0 di convocazione nelle supplenze da GPS II fascia.","breadcrumb":{"@id":"https:\/\/www.docenti.it\/blog\/supplenze-da-gps-chi-ha-labilitazione-ha-la-precedenza-da-ii-fascia\/#breadcrumb"},"inLanguage":"it-IT","potentialAction":[{"@type":"ReadAction","target":["https:\/\/www.docenti.it\/blog\/supplenze-da-gps-chi-ha-labilitazione-ha-la-precedenza-da-ii-fascia\/"]}]},{"@type":"BreadcrumbList","@id":"https:\/\/www.docenti.it\/blog\/supplenze-da-gps-chi-ha-labilitazione-ha-la-precedenza-da-ii-fascia\/#breadcrumb","itemListElement":[{"@type":"ListItem","position":1,"name":"Home","item":"https:\/\/www.docenti.it\/blog\/"},{"@type":"ListItem","position":2,"name":"Supplenze da GPS: chi ha l&#8217;abilitazione ha la precedenza da II fascia?"}]},{"@type":"WebSite","@id":"https:\/\/www.docenti.it\/blog\/#website","url":"https:\/\/www.docenti.it\/blog\/","name":"Blog | Docenti.it","description":"Tutte le notizie e gli aggiornamenti dal mondo della scuola","publisher":{"@id":"https:\/\/www.docenti.it\/blog\/#organization"},"potentialAction":[{"@type":"SearchAction","target":{"@type":"EntryPoint","urlTemplate":"https:\/\/www.docenti.it\/blog\/?s={search_term_string}"},"query-input":"required name=search_term_string"}],"inLanguage":"it-IT"},{"@type":"Organization","@id":"https:\/\/www.docenti.it\/blog\/#organization","name":"Blog | Docenti.it","url":"https:\/\/www.docenti.it\/blog\/","logo":{"@type":"ImageObject","inLanguage":"it-IT","@id":"https:\/\/www.docenti.it\/blog\/#\/schema\/logo\/image\/","url":"https:\/\/www.docenti.it\/blog\/wp-content\/uploads\/2025\/06\/fb_mad_img.png","contentUrl":"https:\/\/www.docenti.it\/blog\/wp-content\/uploads\/2025\/06\/fb_mad_img.png","width":1140,"height":620,"caption":"Blog | Docenti.it"},"image":{"@id":"https:\/\/www.docenti.it\/blog\/#\/schema\/logo\/image\/"},"sameAs":["https:\/\/www.facebook.com\/docenti.it"]},{"@type":"Person","@id":"https:\/\/www.docenti.it\/blog\/#\/schema\/person\/99c2fdaf54e96829fe4ed44da8233688","name":"Martina Vaggi","image":{"@type":"ImageObject","inLanguage":"it-IT","@id":"https:\/\/www.docenti.it\/blog\/#\/schema\/person\/image\/","url":"https:\/\/secure.gravatar.com\/avatar\/14a13197979873d693ad915d249e3f54?s=96&d=mm&r=g","contentUrl":"https:\/\/secure.gravatar.com\/avatar\/14a13197979873d693ad915d249e3f54?s=96&d=mm&r=g","caption":"Martina Vaggi"},"description":"Classe 1991, copywriter e scrittrice. Nata a Sale, un paesino in provincia di Alessandria. Scrive dall\u2019et\u00e0 di 10 anni. Nel 2015 si laurea in Lettere Moderne presso l\u2019universit\u00e0 di Pavia. Nel 2020 pubblica il suo primo libro \"Il diario del silenzio - Storie reali di quarantena\" che descrive il processo di cambiamento della vita di 40 persone ai tempi del Covid. Nel 2022 si trasferisce a San Marino per lavorare come copywriter per Docenti.it","sameAs":["https:\/\/pensierisurrealidigentecomune.com\/","https:\/\/www.facebook.com\/profile.php?id=1555867670","https:\/\/www.instagram.com\/martiggi91\/","https:\/\/it.linkedin.com\/in\/martina-vaggi","https:\/\/www.youtube.com\/results?search_query=martina+vaggi"],"url":"https:\/\/www.docenti.it\/blog\/author\/martina-vaggi\/"}]}},"_links":{"self":[{"href":"https:\/\/www.docenti.it\/blog\/wp-json\/wp\/v2\/posts\/42765"}],"collection":[{"href":"https:\/\/www.docenti.it\/blog\/wp-json\/wp\/v2\/posts"}],"about":[{"href":"https:\/\/www.docenti.it\/blog\/wp-json\/wp\/v2\/types\/post"}],"author":[{"embeddable":true,"href":"https:\/\/www.docenti.it\/blog\/wp-json\/wp\/v2\/users\/21"}],"replies":[{"embeddable":true,"href":"https:\/\/www.docenti.it\/blog\/wp-json\/wp\/v2\/comments?post=42765"}],"version-history":[{"count":32,"href":"https:\/\/www.docenti.it\/blog\/wp-json\/wp\/v2\/posts\/42765\/revisions"}],"predecessor-version":[{"id":42813,"href":"https:\/\/www.docenti.it\/blog\/wp-json\/wp\/v2\/posts\/42765\/revisions\/42813"}],"wp:featuredmedia":[{"embeddable":true,"href":"https:\/\/www.docenti.it\/blog\/wp-json\/wp\/v2\/media\/42767"}],"wp:attachment":[{"href":"https:\/\/www.docenti.it\/blog\/wp-json\/wp\/v2\/media?parent=42765"}],"wp:term":[{"taxonomy":"category","embeddable":true,"href":"https:\/\/www.docenti.it\/blog\/wp-json\/wp\/v2\/categories?post=42765"},{"taxonomy":"post_tag","embeddable":true,"href":"https:\/\/www.docenti.it\/blog\/wp-json\/wp\/v2\/tags?post=42765"}],"curies":[{"name":"wp","href":"https:\/\/api.w.org\/{rel}","templated":true}]}}