{"id":42920,"date":"2023-01-18T15:33:07","date_gmt":"2023-01-18T14:33:07","guid":{"rendered":"https:\/\/www.docenti.it\/blog\/?p=42920"},"modified":"2023-07-06T17:57:32","modified_gmt":"2023-07-06T15:57:32","slug":"quando-scade-la-messa-a-disposizione-2023","status":"publish","type":"post","link":"https:\/\/www.docenti.it\/blog\/quando-scade-la-messa-a-disposizione-2023\/","title":{"rendered":"Quando scade la Messa a Disposizione 2023?"},"content":{"rendered":"\n<p>La domanda di<strong> Messa a Disposizione<\/strong> ha una scadenza? <br>Ogni quanto ci si pu\u00f2 candidare con una MAD e quante volte \u00e8 opportuno farlo?<\/p>\n\n\n\n<!--more-->\n\n\n\n<h2>Messa a Disposizione: ha una scadenza?<\/h2>\n\n\n\n<p>Iniziamo subito con il dire che la <strong>domanda di Messa a Disposizione<\/strong> non ha una data di scadenza da rispettare. <br>Non devi appuntarti sul calendario quando aprono i termini per l&#8217;invio e quando chiudono. <\/p>\n\n\n\n<p><strong><em>La domanda di Messa a Disposizione pu\u00f2 essere inviata durante tutto l&#8217;arco dell&#8217;anno scolastico, senza che vi siano limiti. <\/em><\/strong><\/p>\n\n\n\n<p>Non ci sono scadenze, per cui potresti candidarti quando vuoi. <\/p>\n\n\n\n<p><em>Anche adesso. <\/em><\/p>\n\n\n\n<h2>Ogni quanto devi candidarti con la MAD?<\/h2>\n\n\n\n<p>Anche in questo caso, non c\u2019\u00e8 una regola specifica. <\/p>\n\n\n\n<p>La <strong>domanda di Messa a Disposizione<\/strong> \u00e8 una candidatura informale, un curriculum che tu decidi di inviare alle scuole per metterti a disposizione come Personale ATA o docente. <br>Di conseguenza, sei tu a decidere quando inviarla.<\/p>\n\n\n\n<p>E non \u00e8 nemmeno obbligatorio candidarsi nelle scuole pi\u00f9 volte durante l&#8217;anno, se non \u00e8 una cosa che tu vuoi fare. <\/p>\n\n\n\n<p>Sicuramente, per\u00f2, \u00e8 un&#8217;operazione caldamente consigliata, se vuoi aumentare le tue possibilit\u00e0 di ricevere una convocazione. <\/p>\n\n\n\n<p><em>Questo perch\u00e9?<\/em><\/p>\n\n\n\n<p>Perch\u00e9 sono migliaia i laureati o aspiranti docenti che, ogni anno, si candidano con una MAD nelle scuole. <\/p>\n\n\n\n<p><em>Migliaia. <\/em><\/p>\n\n\n\n<p>Di conseguenza, avere qualche asso nella manica in pi\u00f9 non guasta. <\/p>\n\n\n\n<p><em>Non pensi?<\/em><\/p>\n\n\n\n<h3>Quanti invii fare per ottenere una convocazione?<\/h3>\n\n\n\n<p>Per poterti avvantaggiare rispetto alle migliaia di aspiranti che, come dicevamo, tutti gli anni si candidano nelle scuole, c\u2019\u00e8 una cosa che devi fare&#8230;<\/p>\n\n\n\n<p>&#8230; Prima di tutto: <em>puoi candidarti pi\u00f9 volte con la MAD durante l&#8217;anno. <\/em><\/p>\n\n\n\n<p><em><strong>Non limitare la tua candidatura ad una volta soltanto!<\/strong><\/em><\/p>\n\n\n\n<p>Questo noi te lo sconsigliamo altamente, dal momento che \u00e8 una cosa che fanno gi\u00e0 tutti.<br>Tutti gli aspiranti docenti e neolaureati inviano ALMENO una MAD alle scuole della provincia dove desiderano candidarsi.<\/p>\n\n\n\n<p>E questa MAD (solitamente) viene inviata a<strong> settembre<\/strong>. <br>Che \u00e8 il periodo pi\u00f9 favorevole per candidarsi con una<strong> domanda di Messa a Disposizione <\/strong>nelle scuole.<\/p>\n\n\n\n<p><em>Ma attenzione: non \u00e8 l&#8217;unico!<\/em><\/p>\n\n\n\n<p><strong>Ci sono altri momenti dell&#8217;anno in cui \u00e8 opportuno candidarsi con una MAD. <br><\/strong>E questo rientra nel discorso pi\u00f9 ampio che ti stavamo facendo prima sul fatto che puoi candidarti pi\u00f9 volte con una MAD durante l&#8217;anno scolastico!<\/p>\n\n\n\n<p><em>E, dato che ci sei&#8230; perch\u00e9 non candidarti proprio nei periodi in cui le scuole ricercano personale?<\/em><\/p>\n\n\n\n<h2>Quando inviare la domanda di Messa a Disposizione?<\/h2>\n\n\n\n<p><em><strong>Ci sono alcuni periodi durante i quali \u00e8 pi\u00f9 favorevole candidarsi con una MAD.<\/strong><\/em><\/p>\n\n\n\n<p>Tra questi, abbiamo gi\u00e0 citato il &#8220;famoso&#8221; periodo di settembre. <\/p>\n\n\n\n<p>Un altro momento molto importante \u00e8 <strong>gennaio<\/strong>. <\/p>\n\n\n\n<p><strong>Durante le prime due settimane di gennaio, infatti, le scuole ricominciano a ricercare i supplenti che andranno a sopperire alle cattedre vacanti.<\/strong><\/p>\n\n\n\n<p>Cattedre che, spesso e volentieri, vengono proprio lasciate vuote dai docenti di ruolo che ritardano il rientro al lavoro, dopo le festivit\u00e0 natalizie. <\/p>\n\n\n\n<p><em>Questo \u00e8 il motivo per cui, se desideri entrare nel mondo scuola come supplente, il nostro consiglio \u00e8&#8230;<\/em><\/p>\n\n\n<p>[maxbutton id=&#8221;1&#8243; url=&#8221;https:\/\/www.docenti.it\/messa-a-disposizione.html?lnk=104&#8243; text=&#8221;Compila la tua MAD ora&#8221; ]<\/p>\n\n\n\n<p><\/p>\n\n\n\n<p>Ma visto che ti stiamo praticamente invitando ad inviare la tua domanda sul nostro sito&#8230; vogliamo anche dirti quali vantaggi avrai dall&#8217;inviarla con noi!<\/p>\n\n\n\n<h2>Come inviare la domanda di Messa a Disposizione 2023<\/h2>\n\n\n\n<p>La MAD pu\u00f2 essere inviata alle scuole in due modi:<\/p>\n\n\n\n<ul>\n<li>in maniera autonoma;<\/li>\n\n\n\n<li>oppure avvalendoti di una piattaforma che la invii automaticamente al posto tuo.<\/li>\n<\/ul>\n\n\n\n<p>Il primo procedimento \u00e8 gratis ma molto dispendioso in termini di tempo ed energie: infatti, se decidi di muoverti da solo significa che&#8230; <em>sarai solo.<\/em><br>Dovrai cercarti tu i siti di tutti gli istituti statali nei quali candidarti con la MAD. <br>E dovrai sempre essere tu a compilare, una per una, le tue candidature su ogni sito di ogni istituto. <\/p>\n\n\n\n<p>Invece, se scegli di affidarti ad una piattaforma come<strong> Docenti.it<\/strong>&#8230;<\/p>\n\n\n\n<p>&#8230; Tu dovrai solo fare una cosa: <strong><a href=\"https:\/\/www.docenti.it\/messa-a-disposizione.html?lnk=104\" target=\"_blank\" rel=\"noreferrer noopener\">compilare la MAD sul form della piattaforma<\/a><\/strong>. <br>Dopodich\u00e9, saremo noi ad inviarla automaticamente a tutti gli istituti statali della provincia da te scelta!<\/p>\n\n\n<p>[maxbutton id=&#8221;1&#8243; url=&#8221;https:\/\/www.docenti.it\/messa-a-disposizione.html?lnk=104&#8243; text=&#8221;Compila la tua MAD ora&#8221; ]<\/p>\n\n\n\n<p> <\/p>\n\n\n\n<p><em><strong>Docenti.it aiuta da oltre 7 anni neolaureati e aspiranti docenti ad entrare nel mondo scuola con la domanda di Messa a Disposizione. <\/strong><\/em><\/p>\n\n\n\n<p>In tutto questo tempo, abbiamo aiutato migliaia di aspiranti docenti ad ottenere incarichi di supplenza!<\/p>\n\n\n\n<p>Affidati a noi, al nostro team di consulenti esperti e segui i nostri consigli!<br>Solo cos\u00ec potrai ottenere dei risultati!<\/p>\n\n\n\n<p><em>E il consiglio che ti diamo adesso \u00e8 quello di&#8230;<\/em><\/p>\n\n\n<p>[maxbutton id=&#8221;1&#8243; url=&#8221;https:\/\/www.docenti.it\/messa-a-disposizione.html?lnk=104&#8243; text=&#8221;Inviare la tua MAD a gennaio!&#8221; ]<\/p>\n\n\n\n<p><\/p>\n\n\n\n<p>Dopo aver <strong>compilato la MAD sul nostro sito<\/strong>, uno dei nostri consulenti ti ricontatter\u00e0 entro 24h lavorative per riepilogare i tuoi dati e correggere la tua domanda da qualsiasi errore di compilazione. <\/p>\n\n\n\n<p>Dopodich\u00e9, la tua domanda verr\u00e0 inviata a tutti gli istituti statali della provincia da te scelta e <strong>tu riceverai un REPORT<\/strong> con indicate le scuole che hanno ricevuto la tua candidatura!<\/p>\n\n\n\n<p>Il nostro servizio \u00e8 tutelato dalla <strong>garanzia Soddisfatti o Rimborsati.<\/strong><br>Questo significa che se non ricevi il servizio adeguato noi&#8230; <em><strong>ti rimborsiamo l&#8217;intero importo!<\/strong><\/em><\/p>\n\n\n\n<p>Leggi le ultime notizie:<\/p>\n\n\n\n<ul>\n<li><a href=\"https:\/\/www.docenti.it\/blog\/graduatorie-gps-e-gli-elenchi-aggiuntivi-per-la-ii-fascia\/\">Graduatorie GPS: e gli elenchi aggiuntivi per la II fascia?<\/a><a href=\"https:\/\/www.docenti.it\/blog\/supplenze-da-gps-chi-ha-labilitazione-ha-la-precedenza-da-ii-fascia\/\"><\/a><\/li>\n\n\n\n<li><a href=\"https:\/\/www.docenti.it\/blog\/ultime-notizie-scuola-fa-la-bidella-e-viaggia-tra-napoli-e-milano-la-storia-di-giuseppina\/\">Ultime notizie scuola: fa la bidella e viaggia tra Napoli e Milano. La storia di Giuseppina<\/a><\/li>\n\n\n\n<li><a href=\"https:\/\/www.docenti.it\/blog\/qual-e-il-sito-migliore-per-inviare-la-mad\/\">Qual \u00e8 il sito migliore per inviare la MAD?<\/a><\/li>\n\n\n\n<li><a href=\"https:\/\/www.docenti.it\/blog\/supplenze-scuola-hai-impegni-per-gennaio\/\">Supplenze scuola: hai impegni per gennaio?<\/a><\/li>\n\n\n\n<li><a href=\"https:\/\/www.docenti.it\/blog\/cosa-succede-dopo-aver-inviato-la-mad-scuola\/\">Cosa succede dopo aver inviato la MAD scuola?<\/a><\/li>\n<\/ul>\n\n\n\n<p>Photo credit:&nbsp;<strong><a href=\"https:\/\/www.pexels.com\/\" target=\"_blank\" rel=\"noreferrer noopener\">Pexels<\/a><\/strong>.<\/p>\n","protected":false},"excerpt":{"rendered":"<p>La domanda di Messa a Disposizione ha una scadenza? Ogni quanto ci si pu\u00f2 [&hellip;]<\/p>\n","protected":false},"author":21,"featured_media":42921,"comment_status":"open","ping_status":"open","sticky":false,"template":"","format":"standard","meta":[],"categories":[2],"tags":[],"yoast_head":"<!-- This site is optimized with the Yoast SEO plugin v20.4 - https:\/\/yoast.com\/wordpress\/plugins\/seo\/ -->\n<title>Quando scade la Messa a Disposizione 2023?<\/title>\n<meta name=\"description\" content=\"La domanda di Messa a Disposizione ha una scadenza? Ogni quanto ci si pu\u00f2 candidare con una MAD e quante volte \u00e8 opportuno farlo?\" \/>\n<meta name=\"robots\" content=\"index, follow, max-snippet:-1, max-image-preview:large, max-video-preview:-1\" \/>\n<link rel=\"canonical\" href=\"https:\/\/www.docenti.it\/blog\/quando-scade-la-messa-a-disposizione-2023\/\" \/>\n<meta property=\"og:locale\" content=\"it_IT\" \/>\n<meta property=\"og:type\" content=\"article\" \/>\n<meta property=\"og:title\" content=\"Quando scade la Messa a Disposizione 2023?\" \/>\n<meta property=\"og:description\" content=\"La domanda di Messa a Disposizione ha una scadenza? Ogni quanto ci si pu\u00f2 candidare con una MAD e quante volte \u00e8 opportuno farlo?\" \/>\n<meta property=\"og:url\" content=\"https:\/\/www.docenti.it\/blog\/quando-scade-la-messa-a-disposizione-2023\/\" \/>\n<meta property=\"og:site_name\" content=\"Blog | Docenti.it\" \/>\n<meta property=\"article:publisher\" content=\"https:\/\/www.facebook.com\/docenti.it\" \/>\n<meta property=\"article:author\" content=\"https:\/\/www.facebook.com\/profile.php?id=1555867670\" \/>\n<meta property=\"article:published_time\" content=\"2023-01-18T14:33:07+00:00\" \/>\n<meta property=\"article:modified_time\" content=\"2023-07-06T15:57:32+00:00\" \/>\n<meta property=\"og:image\" content=\"https:\/\/www.docenti.it\/blog\/wp-content\/uploads\/2023\/01\/clock-ged83c19b2_640.png\" \/>\n\t<meta property=\"og:image:width\" content=\"640\" \/>\n\t<meta property=\"og:image:height\" content=\"640\" \/>\n\t<meta property=\"og:image:type\" content=\"image\/png\" \/>\n<meta name=\"author\" content=\"Martina Vaggi\" \/>\n<meta name=\"twitter:card\" content=\"summary_large_image\" \/>\n<meta name=\"twitter:label1\" content=\"Written by\" \/>\n\t<meta name=\"twitter:data1\" content=\"Martina Vaggi\" \/>\n\t<meta name=\"twitter:label2\" content=\"Est. reading time\" \/>\n\t<meta name=\"twitter:data2\" content=\"5 minuti\" \/>\n<script type=\"application\/ld+json\" class=\"yoast-schema-graph\">{\"@context\":\"https:\/\/schema.org\",\"@graph\":[{\"@type\":\"Article\",\"@id\":\"https:\/\/www.docenti.it\/blog\/quando-scade-la-messa-a-disposizione-2023\/#article\",\"isPartOf\":{\"@id\":\"https:\/\/www.docenti.it\/blog\/quando-scade-la-messa-a-disposizione-2023\/\"},\"author\":{\"name\":\"Martina Vaggi\",\"@id\":\"https:\/\/www.docenti.it\/blog\/#\/schema\/person\/99c2fdaf54e96829fe4ed44da8233688\"},\"headline\":\"Quando scade la Messa a Disposizione 2023?\",\"datePublished\":\"2023-01-18T14:33:07+00:00\",\"dateModified\":\"2023-07-06T15:57:32+00:00\",\"mainEntityOfPage\":{\"@id\":\"https:\/\/www.docenti.it\/blog\/quando-scade-la-messa-a-disposizione-2023\/\"},\"wordCount\":896,\"commentCount\":0,\"publisher\":{\"@id\":\"https:\/\/www.docenti.it\/blog\/#organization\"},\"articleSection\":[\"Messa a Disposizione\"],\"inLanguage\":\"it-IT\",\"potentialAction\":[{\"@type\":\"CommentAction\",\"name\":\"Comment\",\"target\":[\"https:\/\/www.docenti.it\/blog\/quando-scade-la-messa-a-disposizione-2023\/#respond\"]}]},{\"@type\":\"WebPage\",\"@id\":\"https:\/\/www.docenti.it\/blog\/quando-scade-la-messa-a-disposizione-2023\/\",\"url\":\"https:\/\/www.docenti.it\/blog\/quando-scade-la-messa-a-disposizione-2023\/\",\"name\":\"Quando scade la Messa a Disposizione 2023?\",\"isPartOf\":{\"@id\":\"https:\/\/www.docenti.it\/blog\/#website\"},\"datePublished\":\"2023-01-18T14:33:07+00:00\",\"dateModified\":\"2023-07-06T15:57:32+00:00\",\"description\":\"La domanda di Messa a Disposizione ha una scadenza? Ogni quanto ci si pu\u00f2 candidare con una MAD e quante volte \u00e8 opportuno farlo?\",\"breadcrumb\":{\"@id\":\"https:\/\/www.docenti.it\/blog\/quando-scade-la-messa-a-disposizione-2023\/#breadcrumb\"},\"inLanguage\":\"it-IT\",\"potentialAction\":[{\"@type\":\"ReadAction\",\"target\":[\"https:\/\/www.docenti.it\/blog\/quando-scade-la-messa-a-disposizione-2023\/\"]}]},{\"@type\":\"BreadcrumbList\",\"@id\":\"https:\/\/www.docenti.it\/blog\/quando-scade-la-messa-a-disposizione-2023\/#breadcrumb\",\"itemListElement\":[{\"@type\":\"ListItem\",\"position\":1,\"name\":\"Home\",\"item\":\"https:\/\/www.docenti.it\/blog\/\"},{\"@type\":\"ListItem\",\"position\":2,\"name\":\"Quando scade la Messa a Disposizione 2023?\"}]},{\"@type\":\"WebSite\",\"@id\":\"https:\/\/www.docenti.it\/blog\/#website\",\"url\":\"https:\/\/www.docenti.it\/blog\/\",\"name\":\"Blog | Docenti.it\",\"description\":\"Tutte le notizie e gli aggiornamenti dal mondo della scuola\",\"publisher\":{\"@id\":\"https:\/\/www.docenti.it\/blog\/#organization\"},\"potentialAction\":[{\"@type\":\"SearchAction\",\"target\":{\"@type\":\"EntryPoint\",\"urlTemplate\":\"https:\/\/www.docenti.it\/blog\/?s={search_term_string}\"},\"query-input\":\"required name=search_term_string\"}],\"inLanguage\":\"it-IT\"},{\"@type\":\"Organization\",\"@id\":\"https:\/\/www.docenti.it\/blog\/#organization\",\"name\":\"Blog | Docenti.it\",\"url\":\"https:\/\/www.docenti.it\/blog\/\",\"logo\":{\"@type\":\"ImageObject\",\"inLanguage\":\"it-IT\",\"@id\":\"https:\/\/www.docenti.it\/blog\/#\/schema\/logo\/image\/\",\"url\":\"https:\/\/www.docenti.it\/blog\/wp-content\/uploads\/2025\/06\/fb_mad_img.png\",\"contentUrl\":\"https:\/\/www.docenti.it\/blog\/wp-content\/uploads\/2025\/06\/fb_mad_img.png\",\"width\":1140,\"height\":620,\"caption\":\"Blog | Docenti.it\"},\"image\":{\"@id\":\"https:\/\/www.docenti.it\/blog\/#\/schema\/logo\/image\/\"},\"sameAs\":[\"https:\/\/www.facebook.com\/docenti.it\"]},{\"@type\":\"Person\",\"@id\":\"https:\/\/www.docenti.it\/blog\/#\/schema\/person\/99c2fdaf54e96829fe4ed44da8233688\",\"name\":\"Martina Vaggi\",\"image\":{\"@type\":\"ImageObject\",\"inLanguage\":\"it-IT\",\"@id\":\"https:\/\/www.docenti.it\/blog\/#\/schema\/person\/image\/\",\"url\":\"https:\/\/secure.gravatar.com\/avatar\/14a13197979873d693ad915d249e3f54?s=96&d=mm&r=g\",\"contentUrl\":\"https:\/\/secure.gravatar.com\/avatar\/14a13197979873d693ad915d249e3f54?s=96&d=mm&r=g\",\"caption\":\"Martina Vaggi\"},\"description\":\"Classe 1991, copywriter e scrittrice. Nata a Sale, un paesino in provincia di Alessandria. Scrive dall\u2019et\u00e0 di 10 anni. Nel 2015 si laurea in Lettere Moderne presso l\u2019universit\u00e0 di Pavia. Nel 2020 pubblica il suo primo libro \\\"Il diario del silenzio - Storie reali di quarantena\\\" che descrive il processo di cambiamento della vita di 40 persone ai tempi del Covid. Nel 2022 si trasferisce a San Marino per lavorare come copywriter per Docenti.it\",\"sameAs\":[\"https:\/\/pensierisurrealidigentecomune.com\/\",\"https:\/\/www.facebook.com\/profile.php?id=1555867670\",\"https:\/\/www.instagram.com\/martiggi91\/\",\"https:\/\/it.linkedin.com\/in\/martina-vaggi\",\"https:\/\/www.youtube.com\/results?search_query=martina+vaggi\"],\"url\":\"https:\/\/www.docenti.it\/blog\/author\/martina-vaggi\/\"}]}<\/script>\n<!-- \/ Yoast SEO plugin. -->","yoast_head_json":{"title":"Quando scade la Messa a Disposizione 2023?","description":"La domanda di Messa a Disposizione ha una scadenza? Ogni quanto ci si pu\u00f2 candidare con una MAD e quante volte \u00e8 opportuno farlo?","robots":{"index":"index","follow":"follow","max-snippet":"max-snippet:-1","max-image-preview":"max-image-preview:large","max-video-preview":"max-video-preview:-1"},"canonical":"https:\/\/www.docenti.it\/blog\/quando-scade-la-messa-a-disposizione-2023\/","og_locale":"it_IT","og_type":"article","og_title":"Quando scade la Messa a Disposizione 2023?","og_description":"La domanda di Messa a Disposizione ha una scadenza? Ogni quanto ci si pu\u00f2 candidare con una MAD e quante volte \u00e8 opportuno farlo?","og_url":"https:\/\/www.docenti.it\/blog\/quando-scade-la-messa-a-disposizione-2023\/","og_site_name":"Blog | Docenti.it","article_publisher":"https:\/\/www.facebook.com\/docenti.it","article_author":"https:\/\/www.facebook.com\/profile.php?id=1555867670","article_published_time":"2023-01-18T14:33:07+00:00","article_modified_time":"2023-07-06T15:57:32+00:00","og_image":[{"width":640,"height":640,"url":"https:\/\/www.docenti.it\/blog\/wp-content\/uploads\/2023\/01\/clock-ged83c19b2_640.png","type":"image\/png"}],"author":"Martina Vaggi","twitter_card":"summary_large_image","twitter_misc":{"Written by":"Martina Vaggi","Est. reading time":"5 minuti"},"schema":{"@context":"https:\/\/schema.org","@graph":[{"@type":"Article","@id":"https:\/\/www.docenti.it\/blog\/quando-scade-la-messa-a-disposizione-2023\/#article","isPartOf":{"@id":"https:\/\/www.docenti.it\/blog\/quando-scade-la-messa-a-disposizione-2023\/"},"author":{"name":"Martina Vaggi","@id":"https:\/\/www.docenti.it\/blog\/#\/schema\/person\/99c2fdaf54e96829fe4ed44da8233688"},"headline":"Quando scade la Messa a Disposizione 2023?","datePublished":"2023-01-18T14:33:07+00:00","dateModified":"2023-07-06T15:57:32+00:00","mainEntityOfPage":{"@id":"https:\/\/www.docenti.it\/blog\/quando-scade-la-messa-a-disposizione-2023\/"},"wordCount":896,"commentCount":0,"publisher":{"@id":"https:\/\/www.docenti.it\/blog\/#organization"},"articleSection":["Messa a Disposizione"],"inLanguage":"it-IT","potentialAction":[{"@type":"CommentAction","name":"Comment","target":["https:\/\/www.docenti.it\/blog\/quando-scade-la-messa-a-disposizione-2023\/#respond"]}]},{"@type":"WebPage","@id":"https:\/\/www.docenti.it\/blog\/quando-scade-la-messa-a-disposizione-2023\/","url":"https:\/\/www.docenti.it\/blog\/quando-scade-la-messa-a-disposizione-2023\/","name":"Quando scade la Messa a Disposizione 2023?","isPartOf":{"@id":"https:\/\/www.docenti.it\/blog\/#website"},"datePublished":"2023-01-18T14:33:07+00:00","dateModified":"2023-07-06T15:57:32+00:00","description":"La domanda di Messa a Disposizione ha una scadenza? Ogni quanto ci si pu\u00f2 candidare con una MAD e quante volte \u00e8 opportuno farlo?","breadcrumb":{"@id":"https:\/\/www.docenti.it\/blog\/quando-scade-la-messa-a-disposizione-2023\/#breadcrumb"},"inLanguage":"it-IT","potentialAction":[{"@type":"ReadAction","target":["https:\/\/www.docenti.it\/blog\/quando-scade-la-messa-a-disposizione-2023\/"]}]},{"@type":"BreadcrumbList","@id":"https:\/\/www.docenti.it\/blog\/quando-scade-la-messa-a-disposizione-2023\/#breadcrumb","itemListElement":[{"@type":"ListItem","position":1,"name":"Home","item":"https:\/\/www.docenti.it\/blog\/"},{"@type":"ListItem","position":2,"name":"Quando scade la Messa a Disposizione 2023?"}]},{"@type":"WebSite","@id":"https:\/\/www.docenti.it\/blog\/#website","url":"https:\/\/www.docenti.it\/blog\/","name":"Blog | Docenti.it","description":"Tutte le notizie e gli aggiornamenti dal mondo della scuola","publisher":{"@id":"https:\/\/www.docenti.it\/blog\/#organization"},"potentialAction":[{"@type":"SearchAction","target":{"@type":"EntryPoint","urlTemplate":"https:\/\/www.docenti.it\/blog\/?s={search_term_string}"},"query-input":"required name=search_term_string"}],"inLanguage":"it-IT"},{"@type":"Organization","@id":"https:\/\/www.docenti.it\/blog\/#organization","name":"Blog | Docenti.it","url":"https:\/\/www.docenti.it\/blog\/","logo":{"@type":"ImageObject","inLanguage":"it-IT","@id":"https:\/\/www.docenti.it\/blog\/#\/schema\/logo\/image\/","url":"https:\/\/www.docenti.it\/blog\/wp-content\/uploads\/2025\/06\/fb_mad_img.png","contentUrl":"https:\/\/www.docenti.it\/blog\/wp-content\/uploads\/2025\/06\/fb_mad_img.png","width":1140,"height":620,"caption":"Blog | Docenti.it"},"image":{"@id":"https:\/\/www.docenti.it\/blog\/#\/schema\/logo\/image\/"},"sameAs":["https:\/\/www.facebook.com\/docenti.it"]},{"@type":"Person","@id":"https:\/\/www.docenti.it\/blog\/#\/schema\/person\/99c2fdaf54e96829fe4ed44da8233688","name":"Martina Vaggi","image":{"@type":"ImageObject","inLanguage":"it-IT","@id":"https:\/\/www.docenti.it\/blog\/#\/schema\/person\/image\/","url":"https:\/\/secure.gravatar.com\/avatar\/14a13197979873d693ad915d249e3f54?s=96&d=mm&r=g","contentUrl":"https:\/\/secure.gravatar.com\/avatar\/14a13197979873d693ad915d249e3f54?s=96&d=mm&r=g","caption":"Martina Vaggi"},"description":"Classe 1991, copywriter e scrittrice. Nata a Sale, un paesino in provincia di Alessandria. Scrive dall\u2019et\u00e0 di 10 anni. Nel 2015 si laurea in Lettere Moderne presso l\u2019universit\u00e0 di Pavia. Nel 2020 pubblica il suo primo libro \"Il diario del silenzio - Storie reali di quarantena\" che descrive il processo di cambiamento della vita di 40 persone ai tempi del Covid. Nel 2022 si trasferisce a San Marino per lavorare come copywriter per Docenti.it","sameAs":["https:\/\/pensierisurrealidigentecomune.com\/","https:\/\/www.facebook.com\/profile.php?id=1555867670","https:\/\/www.instagram.com\/martiggi91\/","https:\/\/it.linkedin.com\/in\/martina-vaggi","https:\/\/www.youtube.com\/results?search_query=martina+vaggi"],"url":"https:\/\/www.docenti.it\/blog\/author\/martina-vaggi\/"}]}},"_links":{"self":[{"href":"https:\/\/www.docenti.it\/blog\/wp-json\/wp\/v2\/posts\/42920"}],"collection":[{"href":"https:\/\/www.docenti.it\/blog\/wp-json\/wp\/v2\/posts"}],"about":[{"href":"https:\/\/www.docenti.it\/blog\/wp-json\/wp\/v2\/types\/post"}],"author":[{"embeddable":true,"href":"https:\/\/www.docenti.it\/blog\/wp-json\/wp\/v2\/users\/21"}],"replies":[{"embeddable":true,"href":"https:\/\/www.docenti.it\/blog\/wp-json\/wp\/v2\/comments?post=42920"}],"version-history":[{"count":34,"href":"https:\/\/www.docenti.it\/blog\/wp-json\/wp\/v2\/posts\/42920\/revisions"}],"predecessor-version":[{"id":45255,"href":"https:\/\/www.docenti.it\/blog\/wp-json\/wp\/v2\/posts\/42920\/revisions\/45255"}],"wp:featuredmedia":[{"embeddable":true,"href":"https:\/\/www.docenti.it\/blog\/wp-json\/wp\/v2\/media\/42921"}],"wp:attachment":[{"href":"https:\/\/www.docenti.it\/blog\/wp-json\/wp\/v2\/media?parent=42920"}],"wp:term":[{"taxonomy":"category","embeddable":true,"href":"https:\/\/www.docenti.it\/blog\/wp-json\/wp\/v2\/categories?post=42920"},{"taxonomy":"post_tag","embeddable":true,"href":"https:\/\/www.docenti.it\/blog\/wp-json\/wp\/v2\/tags?post=42920"}],"curies":[{"name":"wp","href":"https:\/\/api.w.org\/{rel}","templated":true}]}}