{"id":42971,"date":"2023-01-18T17:20:47","date_gmt":"2023-01-18T16:20:47","guid":{"rendered":"https:\/\/www.docenti.it\/blog\/?p=42971"},"modified":"2023-01-18T17:27:40","modified_gmt":"2023-01-18T16:27:40","slug":"graduatorie-ata-in-caso-di-rinuncia-quali-sono-le-conseguenze","status":"publish","type":"post","link":"https:\/\/www.docenti.it\/blog\/graduatorie-ata-in-caso-di-rinuncia-quali-sono-le-conseguenze\/","title":{"rendered":"Graduatorie ATA: in caso di rinuncia, quali sono le conseguenze?"},"content":{"rendered":"\n<p>Se un candidato viene convocato da <strong>Graduatorie ATA<\/strong>, ma rinuncia, quali sono le conseguenze per lui?<\/p>\n\n\n\n<!--more-->\n\n\n\n<h2>Graduatorie ATA: cosa sono?<\/h2>\n\n\n\n<p>Prima di buttarci a capofitto sull&#8217;argomento principale, vediamo di introdurlo, specificando <strong>che cosa sono le graduatorie ATA.<\/strong><\/p>\n\n\n\n<p>Per chi non lo sapesse, si tratta\u00a0elenchi di nomi di persone, disposti in ordine in base a determinate caratteristiche:<\/p>\n\n\n\n<ul><li>al merito; <\/li><li>al diritto; <\/li><li>all&#8217;anzianit\u00e0;<\/li><li>o ad ulteriori criteri. <\/li><\/ul>\n\n\n\n<p>Attraverso tali graduatorie <strong>un candidato Personale ATA viene convocato per ricoprire il proprio ruolo all&#8217;interno di una scuola<\/strong>, ottenendo cos\u00ec un lavoro e uno stipendio. <\/p>\n\n\n\n<p><em>Ma quando vengono redatte le graduatorie per il Personale ATA?<\/em><\/p>\n\n\n\n<p>Vengono redatte al termine di di un concorso: i nomi riportati sono in ordine, secondo i risultati ottenuti.<\/p>\n\n\n\n<h2>Quante sono le graduatorie ATA?<\/h2>\n\n\n\n<p><strong>Le graduatorie per il Personale ATA sono 3<\/strong> e le possiamo distinguere a seconda delle loro differenti caratteristiche.<\/p>\n\n\n\n<p>Vediamole insieme, una ad una.  <\/p>\n\n\n\n<h3>Graduatorie ATA I fascia<\/h3>\n\n\n\n<p>La <strong>graduatoria ATA I fascia<\/strong> viene chiamata\u00a0&#8220;<em><strong>Permanente<\/strong><\/em><strong>&#8220;<\/strong>\u00a0o &#8220;<em><strong>Graduatoria\u00a0ATA 24 mesi<\/strong><\/em>&#8220;.<br>Questa \u00e8 la graduatoria attraverso la quale il Ministero attinge il Personale ATA da assumere:<\/p>\n\n\n\n<ul><li><strong>a tempo indeterminato<\/strong>;<\/li><li>Oppure <strong>a tempo determinato annuale<\/strong>, con scadenza del contratto al 30 giugno oppure al 31 agosto. <br>In questo caso, parliamo quindi di\u00a0<strong>supplenze annuali<\/strong>.<\/li><\/ul>\n\n\n\n<p><strong>In questa graduatoria entrano tutti quei candidati che partecipano ad un concorso<\/strong>, che viene solitamente indetto ogni anno dalle regioni su invito del MIUR (nel mese di marzo). <\/p>\n\n\n\n<h3>Graduatorie ATA II fascia<\/h3>\n\n\n\n<p><strong>La graduatoria ATA II fascia<\/strong> \u00e8 <strong>una graduatoria ad esaurimento<\/strong>, quindi non \u00e8 pi\u00f9 possibile accedervi. <\/p>\n\n\n\n<p>Nelle graduatorie ATA di II fascia rientrano tutti gli aspiranti con almeno 30 giorni di servizio per il ruolo richiesto.<\/p>\n\n\n\n<p>Quando tutti i posti di tale graduatoria saranno esauriti, essa sar\u00e0 eliminata.<\/p>\n\n\n\n<h3>Graduatorie ATA III fascia<\/h3>\n\n\n\n<p><strong>La graduatoria Personale ATA III fascia<\/strong> \u00e8 quella dedicata a chi per la\u00a0<strong>prima volta<\/strong> entra nel mondo\u00a0<strong>ATA<\/strong>. <\/p>\n\n\n\n<p>Essa \u00e8 l&#8217;ideale se non hai mai prestato servizio in una scuola come Personale ATA, o non hai mai maturato i 24 mesi di servizio richiesti per entrare nella I fascia.<br>A questo punto, puoi partecipare al concorso III fascia.<\/p>\n\n\n\n<p>La III fascia \u00e8 molto importante, perch\u00e9 ti consente di maturare servizio per poi entrare (con un concorso), nella I fascia e puntare all\u2019assunzione a tempo indeterminato.<\/p>\n\n\n\n<h2>Graduatorie ATA: quali sanzioni in caso di rinuncia<\/h2>\n\n\n\n<p>Veniamo ora al tema principale. <\/p>\n\n\n\n<p><em><strong>Quali sanzioni sono previste per chi riceve una convocazione da graduatorie ATA e rifiuta?<\/strong><\/em><\/p>\n\n\n\n<p>Se un aspirante decide di rifiutare una convocazione (rispondendo alla mail e motivando la sua scelta come meglio crede), oppure decide direttamente di ignorare la mail di convocazione ricevuta&#8230;<\/p>\n\n\n\n<p>&#8230; Non viene penalizzato con alcuna sanzione.<br><strong>E non \u00e8 previsto alcun depennamento<\/strong> in caso di rinuncia alla convocazione, in nessuno dei tre tipi di graduatorie. <\/p>\n\n\n\n<h2>Se non sei inserito in graduatoria ATA: che fare?<\/h2>\n\n\n\n<p>Se vuoi diventare Personale ATA ma non ti sei ancora inserito in alcuna graduatoria, c\u2019\u00e8 una cosa che dovresti prendere in considerazione.<\/p>\n\n\n\n<p><em>Inviare domande di Messa a Disposizione per candidarti per ruoli come ATA.<\/em><\/p>\n\n\n\n<p><strong>Inviare MAD Personale ATA<\/strong> \u00e8 il primo passo da compiere per candidarti per questo ruolo.<\/p>\n\n\n\n<p>Dopodich\u00e9, una volta ottenuta una convocazione potrai maturare punteggio e, successivamente, compiere i passi necessari per inserirti in graduatoria. <\/p>\n\n\n\n<p>Attenzione, per\u00f2: perch\u00e9 <strong>ottenere convocazioni tramite MAD Personale ATA non \u00e8 cosi immediato.<\/strong><\/p>\n\n\n\n<p>Sono molti, infatti, i candidati che inviano le loro MAD come Personale ATA. <br>Per questo motivo, vogliamo darti un utile consiglio su dove inviare la tua domanda.<\/p>\n\n\n\n<p>Per aumentare le tue chance di una convocazione, mi raccomando, <strong>prediligi le province marittime<\/strong>, se puoi (come Rimini e Ravenna, ad esempio). <\/p>\n\n\n\n<p><em>Inoltre&#8230;<\/em><\/p>\n\n\n\n<p>&#8230; \u00c8 preferibile candidarti al nord o al centro Italia e scegliere la figura come collaboratore scolastico, la quale \u00e8 maggiormente ricercata (per maggiori informazioni a riguardo, leggi <strong><a href=\"http:\/\/MAD ATA: quale figura \u00e8 la pi\u00f9 ricercata?\" target=\"_blank\" rel=\"noreferrer noopener\">questo articolo<\/a><\/strong>).<\/p>\n\n\n\n<p>Per il resto&#8230; se vuoi muovere i tuoi primi passi come Personale ATA&#8230;<\/p>\n\n\n\n<p><em><strong>&#8230; Non ti resta che inviare subito la tua MAD e candidarti per questo ruolo!<\/strong><\/em><\/p>\n\n\n<p>[maxbutton id=&#8221;1&#8243; url=&#8221;https:\/\/www.docenti.it\/messa-a-disposizione.html?lnk=104&#8243; text=&#8221;Invia la tua MAD PERSONALE ATA qui&#8221; ]<\/p>\n\n\n\n<p> <\/p>\n\n\n\n<p><strong>Docenti.it invia la tua MAD a tutti gli istituti statali della provincia da te scelta: se decidi di compilare la tua domanda sul nostro form, entro 24h lavorative sarai ricontattato da uno dei nostri consulenti per riepilogare la tua MAD e inviarla automaticamente. <\/strong><\/p>\n\n\n\n<p>Leggi le ultime notizie:<\/p>\n\n\n\n<ul><li><a href=\"https:\/\/www.docenti.it\/blog\/quando-scade-la-messa-a-disposizione-2023\/\">Quando scade la Messa a Disposizione 2023?<\/a><\/li><li><a href=\"https:\/\/www.docenti.it\/blog\/graduatorie-gps-e-gli-elenchi-aggiuntivi-per-la-ii-fascia\/\">Graduatorie GPS: e gli elenchi aggiuntivi per la II fascia?<\/a><a href=\"https:\/\/www.docenti.it\/blog\/supplenze-da-gps-chi-ha-labilitazione-ha-la-precedenza-da-ii-fascia\/\"><\/a><\/li><li><a href=\"https:\/\/www.docenti.it\/blog\/ultime-notizie-scuola-fa-la-bidella-e-viaggia-tra-napoli-e-milano-la-storia-di-giuseppina\/\">Ultime notizie scuola: fa la bidella e viaggia tra Napoli e Milano. La storia di Giuseppina<\/a><\/li><li><a href=\"https:\/\/www.docenti.it\/blog\/qual-e-il-sito-migliore-per-inviare-la-mad\/\">Qual \u00e8 il sito migliore per inviare la MAD?<\/a><\/li><li><a href=\"https:\/\/www.docenti.it\/blog\/supplenze-scuola-hai-impegni-per-gennaio\/\">Supplenze scuola: hai impegni per gennaio?<\/a><\/li><li><a href=\"https:\/\/www.docenti.it\/blog\/cosa-succede-dopo-aver-inviato-la-mad-scuola\/\">Cosa succede dopo aver inviato la MAD scuola?<\/a><\/li><\/ul>\n\n\n\n<p>Photo credit:&nbsp;<strong><a href=\"https:\/\/www.pexels.com\/\" target=\"_blank\" rel=\"noreferrer noopener\">Pexels<\/a><\/strong>.<\/p>\n","protected":false},"excerpt":{"rendered":"<p>Se un candidato viene convocato da Graduatorie ATA, ma rinuncia, quali sono le conseguenze [&hellip;]<\/p>\n","protected":false},"author":21,"featured_media":42973,"comment_status":"open","ping_status":"open","sticky":false,"template":"","format":"standard","meta":[],"categories":[4,82],"tags":[622],"yoast_head":"<!-- This site is optimized with the Yoast SEO plugin v20.4 - https:\/\/yoast.com\/wordpress\/plugins\/seo\/ -->\n<title>Graduatorie ATA: in caso di rinuncia, quali sono le conseguenze?<\/title>\n<meta name=\"description\" content=\"Se un candidato viene convocato da Graduatorie ATA, ma rinuncia, quali sono le conseguenze per lui? Lo vediamo qui.\" \/>\n<meta name=\"robots\" content=\"index, follow, max-snippet:-1, max-image-preview:large, max-video-preview:-1\" \/>\n<link rel=\"canonical\" href=\"https:\/\/www.docenti.it\/blog\/graduatorie-ata-in-caso-di-rinuncia-quali-sono-le-conseguenze\/\" \/>\n<meta property=\"og:locale\" content=\"it_IT\" \/>\n<meta property=\"og:type\" content=\"article\" \/>\n<meta property=\"og:title\" content=\"Graduatorie ATA: in caso di rinuncia, quali sono le conseguenze?\" \/>\n<meta property=\"og:description\" content=\"Se un candidato viene convocato da Graduatorie ATA, ma rinuncia, quali sono le conseguenze per lui? Lo vediamo qui.\" \/>\n<meta property=\"og:url\" content=\"https:\/\/www.docenti.it\/blog\/graduatorie-ata-in-caso-di-rinuncia-quali-sono-le-conseguenze\/\" \/>\n<meta property=\"og:site_name\" content=\"Blog | Docenti.it\" \/>\n<meta property=\"article:publisher\" content=\"https:\/\/www.facebook.com\/docenti.it\" \/>\n<meta property=\"article:author\" content=\"https:\/\/www.facebook.com\/profile.php?id=1555867670\" \/>\n<meta property=\"article:published_time\" content=\"2023-01-18T16:20:47+00:00\" \/>\n<meta property=\"article:modified_time\" content=\"2023-01-18T16:27:40+00:00\" \/>\n<meta property=\"og:image\" content=\"https:\/\/www.docenti.it\/blog\/wp-content\/uploads\/2023\/01\/pexels-cottonbro-studio-3825275.jpg\" \/>\n\t<meta property=\"og:image:width\" content=\"640\" \/>\n\t<meta property=\"og:image:height\" content=\"438\" \/>\n\t<meta property=\"og:image:type\" content=\"image\/jpeg\" \/>\n<meta name=\"author\" content=\"Martina Vaggi\" \/>\n<meta name=\"twitter:card\" content=\"summary_large_image\" \/>\n<meta name=\"twitter:label1\" content=\"Written by\" \/>\n\t<meta name=\"twitter:data1\" content=\"Martina Vaggi\" \/>\n\t<meta name=\"twitter:label2\" content=\"Est. reading time\" \/>\n\t<meta name=\"twitter:data2\" content=\"5 minuti\" \/>\n<script type=\"application\/ld+json\" class=\"yoast-schema-graph\">{\"@context\":\"https:\/\/schema.org\",\"@graph\":[{\"@type\":\"Article\",\"@id\":\"https:\/\/www.docenti.it\/blog\/graduatorie-ata-in-caso-di-rinuncia-quali-sono-le-conseguenze\/#article\",\"isPartOf\":{\"@id\":\"https:\/\/www.docenti.it\/blog\/graduatorie-ata-in-caso-di-rinuncia-quali-sono-le-conseguenze\/\"},\"author\":{\"name\":\"Martina Vaggi\",\"@id\":\"https:\/\/www.docenti.it\/blog\/#\/schema\/person\/99c2fdaf54e96829fe4ed44da8233688\"},\"headline\":\"Graduatorie ATA: in caso di rinuncia, quali sono le conseguenze?\",\"datePublished\":\"2023-01-18T16:20:47+00:00\",\"dateModified\":\"2023-01-18T16:27:40+00:00\",\"mainEntityOfPage\":{\"@id\":\"https:\/\/www.docenti.it\/blog\/graduatorie-ata-in-caso-di-rinuncia-quali-sono-le-conseguenze\/\"},\"wordCount\":771,\"commentCount\":0,\"publisher\":{\"@id\":\"https:\/\/www.docenti.it\/blog\/#organization\"},\"keywords\":[\"supplenze Personale ata\"],\"articleSection\":[\"News\",\"Personale ATA\"],\"inLanguage\":\"it-IT\",\"potentialAction\":[{\"@type\":\"CommentAction\",\"name\":\"Comment\",\"target\":[\"https:\/\/www.docenti.it\/blog\/graduatorie-ata-in-caso-di-rinuncia-quali-sono-le-conseguenze\/#respond\"]}]},{\"@type\":\"WebPage\",\"@id\":\"https:\/\/www.docenti.it\/blog\/graduatorie-ata-in-caso-di-rinuncia-quali-sono-le-conseguenze\/\",\"url\":\"https:\/\/www.docenti.it\/blog\/graduatorie-ata-in-caso-di-rinuncia-quali-sono-le-conseguenze\/\",\"name\":\"Graduatorie ATA: in caso di rinuncia, quali sono le conseguenze?\",\"isPartOf\":{\"@id\":\"https:\/\/www.docenti.it\/blog\/#website\"},\"datePublished\":\"2023-01-18T16:20:47+00:00\",\"dateModified\":\"2023-01-18T16:27:40+00:00\",\"description\":\"Se un candidato viene convocato da Graduatorie ATA, ma rinuncia, quali sono le conseguenze per lui? Lo vediamo qui.\",\"breadcrumb\":{\"@id\":\"https:\/\/www.docenti.it\/blog\/graduatorie-ata-in-caso-di-rinuncia-quali-sono-le-conseguenze\/#breadcrumb\"},\"inLanguage\":\"it-IT\",\"potentialAction\":[{\"@type\":\"ReadAction\",\"target\":[\"https:\/\/www.docenti.it\/blog\/graduatorie-ata-in-caso-di-rinuncia-quali-sono-le-conseguenze\/\"]}]},{\"@type\":\"BreadcrumbList\",\"@id\":\"https:\/\/www.docenti.it\/blog\/graduatorie-ata-in-caso-di-rinuncia-quali-sono-le-conseguenze\/#breadcrumb\",\"itemListElement\":[{\"@type\":\"ListItem\",\"position\":1,\"name\":\"Home\",\"item\":\"https:\/\/www.docenti.it\/blog\/\"},{\"@type\":\"ListItem\",\"position\":2,\"name\":\"Graduatorie ATA: in caso di rinuncia, quali sono le conseguenze?\"}]},{\"@type\":\"WebSite\",\"@id\":\"https:\/\/www.docenti.it\/blog\/#website\",\"url\":\"https:\/\/www.docenti.it\/blog\/\",\"name\":\"Blog | Docenti.it\",\"description\":\"Tutte le notizie e gli aggiornamenti dal mondo della scuola\",\"publisher\":{\"@id\":\"https:\/\/www.docenti.it\/blog\/#organization\"},\"potentialAction\":[{\"@type\":\"SearchAction\",\"target\":{\"@type\":\"EntryPoint\",\"urlTemplate\":\"https:\/\/www.docenti.it\/blog\/?s={search_term_string}\"},\"query-input\":\"required name=search_term_string\"}],\"inLanguage\":\"it-IT\"},{\"@type\":\"Organization\",\"@id\":\"https:\/\/www.docenti.it\/blog\/#organization\",\"name\":\"Blog | Docenti.it\",\"url\":\"https:\/\/www.docenti.it\/blog\/\",\"logo\":{\"@type\":\"ImageObject\",\"inLanguage\":\"it-IT\",\"@id\":\"https:\/\/www.docenti.it\/blog\/#\/schema\/logo\/image\/\",\"url\":\"https:\/\/www.docenti.it\/blog\/wp-content\/uploads\/2025\/06\/fb_mad_img.png\",\"contentUrl\":\"https:\/\/www.docenti.it\/blog\/wp-content\/uploads\/2025\/06\/fb_mad_img.png\",\"width\":1140,\"height\":620,\"caption\":\"Blog | Docenti.it\"},\"image\":{\"@id\":\"https:\/\/www.docenti.it\/blog\/#\/schema\/logo\/image\/\"},\"sameAs\":[\"https:\/\/www.facebook.com\/docenti.it\"]},{\"@type\":\"Person\",\"@id\":\"https:\/\/www.docenti.it\/blog\/#\/schema\/person\/99c2fdaf54e96829fe4ed44da8233688\",\"name\":\"Martina Vaggi\",\"image\":{\"@type\":\"ImageObject\",\"inLanguage\":\"it-IT\",\"@id\":\"https:\/\/www.docenti.it\/blog\/#\/schema\/person\/image\/\",\"url\":\"https:\/\/secure.gravatar.com\/avatar\/14a13197979873d693ad915d249e3f54?s=96&d=mm&r=g\",\"contentUrl\":\"https:\/\/secure.gravatar.com\/avatar\/14a13197979873d693ad915d249e3f54?s=96&d=mm&r=g\",\"caption\":\"Martina Vaggi\"},\"description\":\"Classe 1991, copywriter e scrittrice. Nata a Sale, un paesino in provincia di Alessandria. Scrive dall\u2019et\u00e0 di 10 anni. Nel 2015 si laurea in Lettere Moderne presso l\u2019universit\u00e0 di Pavia. Nel 2020 pubblica il suo primo libro \\\"Il diario del silenzio - Storie reali di quarantena\\\" che descrive il processo di cambiamento della vita di 40 persone ai tempi del Covid. Nel 2022 si trasferisce a San Marino per lavorare come copywriter per Docenti.it\",\"sameAs\":[\"https:\/\/pensierisurrealidigentecomune.com\/\",\"https:\/\/www.facebook.com\/profile.php?id=1555867670\",\"https:\/\/www.instagram.com\/martiggi91\/\",\"https:\/\/it.linkedin.com\/in\/martina-vaggi\",\"https:\/\/www.youtube.com\/results?search_query=martina+vaggi\"],\"url\":\"https:\/\/www.docenti.it\/blog\/author\/martina-vaggi\/\"}]}<\/script>\n<!-- \/ Yoast SEO plugin. -->","yoast_head_json":{"title":"Graduatorie ATA: in caso di rinuncia, quali sono le conseguenze?","description":"Se un candidato viene convocato da Graduatorie ATA, ma rinuncia, quali sono le conseguenze per lui? Lo vediamo qui.","robots":{"index":"index","follow":"follow","max-snippet":"max-snippet:-1","max-image-preview":"max-image-preview:large","max-video-preview":"max-video-preview:-1"},"canonical":"https:\/\/www.docenti.it\/blog\/graduatorie-ata-in-caso-di-rinuncia-quali-sono-le-conseguenze\/","og_locale":"it_IT","og_type":"article","og_title":"Graduatorie ATA: in caso di rinuncia, quali sono le conseguenze?","og_description":"Se un candidato viene convocato da Graduatorie ATA, ma rinuncia, quali sono le conseguenze per lui? Lo vediamo qui.","og_url":"https:\/\/www.docenti.it\/blog\/graduatorie-ata-in-caso-di-rinuncia-quali-sono-le-conseguenze\/","og_site_name":"Blog | Docenti.it","article_publisher":"https:\/\/www.facebook.com\/docenti.it","article_author":"https:\/\/www.facebook.com\/profile.php?id=1555867670","article_published_time":"2023-01-18T16:20:47+00:00","article_modified_time":"2023-01-18T16:27:40+00:00","og_image":[{"width":640,"height":438,"url":"https:\/\/www.docenti.it\/blog\/wp-content\/uploads\/2023\/01\/pexels-cottonbro-studio-3825275.jpg","type":"image\/jpeg"}],"author":"Martina Vaggi","twitter_card":"summary_large_image","twitter_misc":{"Written by":"Martina Vaggi","Est. reading time":"5 minuti"},"schema":{"@context":"https:\/\/schema.org","@graph":[{"@type":"Article","@id":"https:\/\/www.docenti.it\/blog\/graduatorie-ata-in-caso-di-rinuncia-quali-sono-le-conseguenze\/#article","isPartOf":{"@id":"https:\/\/www.docenti.it\/blog\/graduatorie-ata-in-caso-di-rinuncia-quali-sono-le-conseguenze\/"},"author":{"name":"Martina Vaggi","@id":"https:\/\/www.docenti.it\/blog\/#\/schema\/person\/99c2fdaf54e96829fe4ed44da8233688"},"headline":"Graduatorie ATA: in caso di rinuncia, quali sono le conseguenze?","datePublished":"2023-01-18T16:20:47+00:00","dateModified":"2023-01-18T16:27:40+00:00","mainEntityOfPage":{"@id":"https:\/\/www.docenti.it\/blog\/graduatorie-ata-in-caso-di-rinuncia-quali-sono-le-conseguenze\/"},"wordCount":771,"commentCount":0,"publisher":{"@id":"https:\/\/www.docenti.it\/blog\/#organization"},"keywords":["supplenze Personale ata"],"articleSection":["News","Personale ATA"],"inLanguage":"it-IT","potentialAction":[{"@type":"CommentAction","name":"Comment","target":["https:\/\/www.docenti.it\/blog\/graduatorie-ata-in-caso-di-rinuncia-quali-sono-le-conseguenze\/#respond"]}]},{"@type":"WebPage","@id":"https:\/\/www.docenti.it\/blog\/graduatorie-ata-in-caso-di-rinuncia-quali-sono-le-conseguenze\/","url":"https:\/\/www.docenti.it\/blog\/graduatorie-ata-in-caso-di-rinuncia-quali-sono-le-conseguenze\/","name":"Graduatorie ATA: in caso di rinuncia, quali sono le conseguenze?","isPartOf":{"@id":"https:\/\/www.docenti.it\/blog\/#website"},"datePublished":"2023-01-18T16:20:47+00:00","dateModified":"2023-01-18T16:27:40+00:00","description":"Se un candidato viene convocato da Graduatorie ATA, ma rinuncia, quali sono le conseguenze per lui? Lo vediamo qui.","breadcrumb":{"@id":"https:\/\/www.docenti.it\/blog\/graduatorie-ata-in-caso-di-rinuncia-quali-sono-le-conseguenze\/#breadcrumb"},"inLanguage":"it-IT","potentialAction":[{"@type":"ReadAction","target":["https:\/\/www.docenti.it\/blog\/graduatorie-ata-in-caso-di-rinuncia-quali-sono-le-conseguenze\/"]}]},{"@type":"BreadcrumbList","@id":"https:\/\/www.docenti.it\/blog\/graduatorie-ata-in-caso-di-rinuncia-quali-sono-le-conseguenze\/#breadcrumb","itemListElement":[{"@type":"ListItem","position":1,"name":"Home","item":"https:\/\/www.docenti.it\/blog\/"},{"@type":"ListItem","position":2,"name":"Graduatorie ATA: in caso di rinuncia, quali sono le conseguenze?"}]},{"@type":"WebSite","@id":"https:\/\/www.docenti.it\/blog\/#website","url":"https:\/\/www.docenti.it\/blog\/","name":"Blog | Docenti.it","description":"Tutte le notizie e gli aggiornamenti dal mondo della scuola","publisher":{"@id":"https:\/\/www.docenti.it\/blog\/#organization"},"potentialAction":[{"@type":"SearchAction","target":{"@type":"EntryPoint","urlTemplate":"https:\/\/www.docenti.it\/blog\/?s={search_term_string}"},"query-input":"required name=search_term_string"}],"inLanguage":"it-IT"},{"@type":"Organization","@id":"https:\/\/www.docenti.it\/blog\/#organization","name":"Blog | Docenti.it","url":"https:\/\/www.docenti.it\/blog\/","logo":{"@type":"ImageObject","inLanguage":"it-IT","@id":"https:\/\/www.docenti.it\/blog\/#\/schema\/logo\/image\/","url":"https:\/\/www.docenti.it\/blog\/wp-content\/uploads\/2025\/06\/fb_mad_img.png","contentUrl":"https:\/\/www.docenti.it\/blog\/wp-content\/uploads\/2025\/06\/fb_mad_img.png","width":1140,"height":620,"caption":"Blog | Docenti.it"},"image":{"@id":"https:\/\/www.docenti.it\/blog\/#\/schema\/logo\/image\/"},"sameAs":["https:\/\/www.facebook.com\/docenti.it"]},{"@type":"Person","@id":"https:\/\/www.docenti.it\/blog\/#\/schema\/person\/99c2fdaf54e96829fe4ed44da8233688","name":"Martina Vaggi","image":{"@type":"ImageObject","inLanguage":"it-IT","@id":"https:\/\/www.docenti.it\/blog\/#\/schema\/person\/image\/","url":"https:\/\/secure.gravatar.com\/avatar\/14a13197979873d693ad915d249e3f54?s=96&d=mm&r=g","contentUrl":"https:\/\/secure.gravatar.com\/avatar\/14a13197979873d693ad915d249e3f54?s=96&d=mm&r=g","caption":"Martina Vaggi"},"description":"Classe 1991, copywriter e scrittrice. Nata a Sale, un paesino in provincia di Alessandria. Scrive dall\u2019et\u00e0 di 10 anni. Nel 2015 si laurea in Lettere Moderne presso l\u2019universit\u00e0 di Pavia. Nel 2020 pubblica il suo primo libro \"Il diario del silenzio - Storie reali di quarantena\" che descrive il processo di cambiamento della vita di 40 persone ai tempi del Covid. Nel 2022 si trasferisce a San Marino per lavorare come copywriter per Docenti.it","sameAs":["https:\/\/pensierisurrealidigentecomune.com\/","https:\/\/www.facebook.com\/profile.php?id=1555867670","https:\/\/www.instagram.com\/martiggi91\/","https:\/\/it.linkedin.com\/in\/martina-vaggi","https:\/\/www.youtube.com\/results?search_query=martina+vaggi"],"url":"https:\/\/www.docenti.it\/blog\/author\/martina-vaggi\/"}]}},"_links":{"self":[{"href":"https:\/\/www.docenti.it\/blog\/wp-json\/wp\/v2\/posts\/42971"}],"collection":[{"href":"https:\/\/www.docenti.it\/blog\/wp-json\/wp\/v2\/posts"}],"about":[{"href":"https:\/\/www.docenti.it\/blog\/wp-json\/wp\/v2\/types\/post"}],"author":[{"embeddable":true,"href":"https:\/\/www.docenti.it\/blog\/wp-json\/wp\/v2\/users\/21"}],"replies":[{"embeddable":true,"href":"https:\/\/www.docenti.it\/blog\/wp-json\/wp\/v2\/comments?post=42971"}],"version-history":[{"count":34,"href":"https:\/\/www.docenti.it\/blog\/wp-json\/wp\/v2\/posts\/42971\/revisions"}],"predecessor-version":[{"id":43023,"href":"https:\/\/www.docenti.it\/blog\/wp-json\/wp\/v2\/posts\/42971\/revisions\/43023"}],"wp:featuredmedia":[{"embeddable":true,"href":"https:\/\/www.docenti.it\/blog\/wp-json\/wp\/v2\/media\/42973"}],"wp:attachment":[{"href":"https:\/\/www.docenti.it\/blog\/wp-json\/wp\/v2\/media?parent=42971"}],"wp:term":[{"taxonomy":"category","embeddable":true,"href":"https:\/\/www.docenti.it\/blog\/wp-json\/wp\/v2\/categories?post=42971"},{"taxonomy":"post_tag","embeddable":true,"href":"https:\/\/www.docenti.it\/blog\/wp-json\/wp\/v2\/tags?post=42971"}],"curies":[{"name":"wp","href":"https:\/\/api.w.org\/{rel}","templated":true}]}}