{"id":43186,"date":"2023-01-20T10:12:42","date_gmt":"2023-01-20T09:12:42","guid":{"rendered":"https:\/\/www.docenti.it\/blog\/?p=43186"},"modified":"2023-01-20T10:12:43","modified_gmt":"2023-01-20T09:12:43","slug":"cellulari-a-scuola-mentre-il-prof-interroga-lo-studente-fa-la-diretta-instagram","status":"publish","type":"post","link":"https:\/\/www.docenti.it\/blog\/cellulari-a-scuola-mentre-il-prof-interroga-lo-studente-fa-la-diretta-instagram\/","title":{"rendered":"Cellulari a scuola: mentre il prof interroga lo studente fa la diretta Instagram"},"content":{"rendered":"\n<p>Uno studente di un liceo romano \u00e8 in <strong>diretta Instagram<\/strong> in classe, mentre il professore interroga. <\/p>\n\n\n\n<p>Che cosa dice la legge sui<strong> cellulari a scuola<\/strong>?<br>Non erano vietati?<\/p>\n\n\n\n<!--more-->\n\n\n\n<h2>Alunno fa la diretta Instagram in classe<\/h2>\n\n\n\n<p>\u201c<em>Aho frat\u00e8 ho preso 6 + in matematica, te che stai a f\u00e0?<\/em>\u201d, dice un ragazzo quindicenne all&#8217;amico mentre \u00e8 in diretta Instagram. <\/p>\n\n\n\n<p>\u00c8 accaduto a Roma. <\/p>\n\n\n\n<p>Solo che il ragazzo in questione si trovava in classe nel momento in cui ha deciso di girare la diretta social: e il momento in questione non era l&#8217;intervallo, bens\u00ec un&#8217;ora di lezione, durante la quale il professore stava anche interrogando.<\/p>\n\n\n\n<p>Il fatto \u00e8 stato raccontato da<em><strong> Il Messaggero<\/strong><\/em> (e riportato da <strong><a href=\"https:\/\/www.orizzontescuola.it\/linsegnante-interroga-e-lo-studente-e-in-diretta-su-instagram-che-fine-hanno-fatto-i-divieti-sul-cellulare-in-classe\/\" target=\"_blank\" rel=\"noreferrer noopener\">Orizzonte Scuola<\/a><\/strong>).<\/p>\n\n\n\n<p>Ma la notizia, ahim\u00e8, non \u00e8 nuova: cambia solo volto e personaggi ma la trama&#8230; <em>\u00e8 sempre la stessa.<\/em><br>Ed \u00e8 sempre pi\u00f9 frequente. <\/p>\n\n\n\n<p><em>Ma che fine ha fatto il divieto di utilizzare i cellulari a scuola? <\/em><br><em>E la circolare Ministeriale dello scorso dicembre? <\/em><\/p>\n\n\n\n<h2>Divieto di utilizzo dei cellulari a scuola: la legge<\/h2>\n\n\n\n<p><strong>La nota aveva confermato il divieto di utilizzare i cellulari a scuola, durante le lezioni.<\/strong><\/p>\n\n\n\n<p>Questo a ragion venuta, dal momento che si tratta di<strong> un elemento di distrazione propria e altrui e di una totale mancanza di rispetto verso i docenti<\/strong>: ma questo era gi\u00e0 stato stabilito dallo <em>Statuto delle studentesse e degli studenti del 1998 e dalla circolare ministeriale n. 30 del 2007.<\/em><\/p>\n\n\n\n<p>Vediamo adesso che cosa dice la <strong>normativa di riferimento<\/strong>. <\/p>\n\n\n\n<p>La normativa di riferimento per l\u2019utilizzo dei cellulari in classe \u00e8 la direttiva 104 del 2007, nella quale si afferma che: \u201c<em>Dall\u2019elenco dei doveri generali enunciati dall\u2019articolo 3 del D.P.R. n. 249\/1998 si evince la sussistenza di un dovere specifico, per ciascuno studente, di non utilizzare il telefono cellulare, o altri dispositivi elettronici, durante lo svolgimento delle attivit\u00e0 didattiche, considerato che il discente ha il dovere: \u2013 di assolvere assiduamente agli impegni di studio anche durante gli orari di lezione (comma 1); \u2013 di tenere comportamenti rispettosi degli altri (comma 2), nonch\u00e9 corretti e coerenti con i principi di cui all\u2019art. 1 (comma 3); \u2013 di osservare le disposizioni organizzative dettate dai regolamenti di istituto (comma 4). La violazione di tale dovere comporta, quindi, l\u2019irrogazione delle\u00a0sanzioni disciplinari\u00a0appositamente individuate da ciascuna istituzione scolastica, nell\u2019ambito della sua autonomia, in sede di regolamentazione di istituto.\u201d.<\/em><\/p>\n\n\n\n<p><strong><a href=\"https:\/\/www.orizzontescuola.it\/wp-content\/uploads\/2022\/12\/m_pi.AOOGABMI.REGISTRO-UFFICIALEU.0107190.19-12-2022.pdf\" target=\"_blank\" rel=\"noreferrer noopener\">QUI<\/a><\/strong> puoi leggere la circolare.<\/p>\n\n\n\n<h2>Le parole di Giuseppe Valditara<\/h2>\n\n\n\n<p>Riguardo all&#8217;uso improprio dei cellulari a scuola si \u00e8 espresso cos\u00ec il <strong>Ministro dell&#8217;Istruzione e del Merito<\/strong>: <\/p>\n\n\n\n<p>\u201c<em>L\u2019interesse delle studentesse e degli studenti, che noi dobbiamo tutelare, \u00e8 stare in classe per imparare<\/em>.\u00a0<em>Distrarsi con i cellulari non permette di seguire le lezioni in modo proficuo ed \u00e8 inoltre una mancanza di rispetto verso la figura del docente, a cui \u00e8 prioritario restituire autorevolezza. L\u2019interesse comune che intendo perseguire \u00e8 quello per una scuola seria, che rimetta al centro l\u2019apprendimento e l\u2019impegno.<\/em>&#8220;<\/p>\n\n\n\n<p><strong>La circolare emessa dal Ministero richiama ad un giusto senso di responsabilit\u00e0 alla quale gli alunni devono sottostare. <\/strong><br>E le scuole devono garantire il rispetto delle norme in vigore e devono cercare di impedire l&#8217;uso improprio dei cellulari. <\/p>\n\n\n\n<p>&#8220;<em>Io voglio una scuola seria: se l\u2019insegnante spiega, lo si ascolta\u201d<\/em> cos\u00ec ha concluso Valditara. <\/p>\n\n\n\n<p><em>Ma attuare il rispetto delle normative non \u00e8 cos\u00ec semplice, a quanto pare&#8230;<\/em><\/p>\n\n\n\n<h2>Divieti: perch\u00e9 \u00e8 difficile attuarli?<\/h2>\n\n\n\n<p>Non tutti gli istituti riescono nell&#8217;impresa di far rispettare i divieti.<\/p>\n\n\n\n<p>Alcuni si muovono ritirando i dispositivi prima dell&#8217;inizio delle lezioni, per poi restituirli al termine. <\/p>\n\n\n\n<p>Altri decidono di auto-regolamentare gli studenti, con scarsi risultati, vedendo quanti video e post circolano sui social durante le lezioni. <\/p>\n\n\n\n<p>Ci sono poi altri casi. <br>Uno di questi, divenuto ormai &#8220;famoso&#8221; riguarda il progetto &#8220;<em>Smartphone al muro<\/em>\u201d, ideato dall\u2019<strong>istituto professionale<\/strong> <strong>\u201cEinaudi\u201d di Ferrara<\/strong>,\u00a0dove ad un muro dell\u2019istituto \u00e8 stato\u00a0<strong>affisso un organizer<\/strong>\u00a0composto da\u00a0<strong>30 tasche numerate<\/strong>: una per ogni alunno che lascer\u00e0 l\u00ec il proprio telefono.<\/p>\n\n\n\n<p>Per depositare i cellulari si segue l\u2019ordine dell\u2019elenco di classe.<\/p>\n\n\n\n<p>Ma, riguardo alla circolare emessa e ai divieti, il problema sembra sussistere. <br>E questo perch\u00e9, come dice <strong>Paolo Crepet<\/strong> (psichiatra), la decisione (cos\u00ec come la sanzione) \u00e8 sempre rimandata ai presidi, che devono agire quasi &#8220;in autonomia&#8221; per contenere questo fenomeno che ormai pare quasi&#8230; <em>inarginabile.<\/em><\/p>\n\n\n\n<p>\u201c<em>Il problema \u00e8 che, anche questa volta, la disposizione \u00e8 stata fatta in maniera \u201cvoluttuaria\u201d: intendo dire che, non essendo previsto nulla ai danni dei trasgressori, la sanzione \u00e8 evidentemente demandata ai presidi. Da questo punto di vista, quindi, \u00e8 una circolare di buone intenzioni, nulla di particolarmente originale<\/em>\u201c, questo il commento di <strong>Paolo Crepet<\/strong>, a proposito della circolare ministeriale.<\/p>\n\n\n\n<p>Seguiranno aggiornamenti. <\/p>\n\n\n\n<p>Leggi gli ultimi articoli:<\/p>\n\n\n\n<ul><li><a href=\"https:\/\/www.docenti.it\/blog\/supplenze-scuola-si-ricercano-ingegneri-per-insegnare-ma-non-si-trovano\/\">Supplenze scuola: si ricercano ingegneri per insegnare ma non si trovano<\/a><\/li><li><a href=\"https:\/\/www.docenti.it\/blog\/bullismo-a-scuola-docente-colpita-con-uno-zaino-dagli-studenti-e-filmata\/\">Bullismo a scuola: docente colpita con uno zaino dagli studenti e filmata<\/a><\/li><li><a href=\"https:\/\/www.docenti.it\/blog\/il-docente-tutor-verra-pagato-di-piu-ecco-perche\/\">Il docente tutor verr\u00e0 pagato di pi\u00f9: ecco perch\u00e9<\/a><\/li><li><a href=\"https:\/\/www.docenti.it\/blog\/mancano-docenti-per-influenza-e-covid-le-scuole-ricercano-supplenze-da-mad\/\">Mancano docenti per influenza e Covid. Le scuole ricercano supplenze da MAD<\/a><\/li><\/ul>\n\n\n\n<p>Photo credit:&nbsp;<a href=\"https:\/\/pixabay.com\/\" target=\"_blank\" rel=\"noreferrer noopener\">pixabay.com<\/a><\/p>\n","protected":false},"excerpt":{"rendered":"<p>Uno studente di un liceo romano \u00e8 in diretta Instagram in classe, mentre il [&hellip;]<\/p>\n","protected":false},"author":21,"featured_media":43187,"comment_status":"open","ping_status":"open","sticky":false,"template":"","format":"standard","meta":[],"categories":[4],"tags":[],"yoast_head":"<!-- This site is optimized with the Yoast SEO plugin v20.4 - https:\/\/yoast.com\/wordpress\/plugins\/seo\/ -->\n<title>Cellulari a scuola: mentre il prof interroga lo studente fa la diretta Instagram<\/title>\n<meta name=\"description\" content=\"Uno studente di un liceo romano \u00e8 in diretta IG in classe, mentre il professore interroga. Che cosa dice la legge sui cellulari a scuola?\" \/>\n<meta name=\"robots\" content=\"index, follow, max-snippet:-1, max-image-preview:large, max-video-preview:-1\" \/>\n<link rel=\"canonical\" href=\"https:\/\/www.docenti.it\/blog\/cellulari-a-scuola-mentre-il-prof-interroga-lo-studente-fa-la-diretta-instagram\/\" \/>\n<meta property=\"og:locale\" content=\"it_IT\" \/>\n<meta property=\"og:type\" content=\"article\" \/>\n<meta property=\"og:title\" content=\"Cellulari a scuola: mentre il prof interroga lo studente fa la diretta Instagram\" \/>\n<meta property=\"og:description\" content=\"Uno studente di un liceo romano \u00e8 in diretta IG in classe, mentre il professore interroga. Che cosa dice la legge sui cellulari a scuola?\" \/>\n<meta property=\"og:url\" content=\"https:\/\/www.docenti.it\/blog\/cellulari-a-scuola-mentre-il-prof-interroga-lo-studente-fa-la-diretta-instagram\/\" \/>\n<meta property=\"og:site_name\" content=\"Blog | Docenti.it\" \/>\n<meta property=\"article:publisher\" content=\"https:\/\/www.facebook.com\/docenti.it\" \/>\n<meta property=\"article:author\" content=\"https:\/\/www.facebook.com\/profile.php?id=1555867670\" \/>\n<meta property=\"article:published_time\" content=\"2023-01-20T09:12:42+00:00\" \/>\n<meta property=\"article:modified_time\" content=\"2023-01-20T09:12:43+00:00\" \/>\n<meta property=\"og:image\" content=\"https:\/\/www.docenti.it\/blog\/wp-content\/uploads\/2023\/01\/solen-feyissa-KWZa42a1kds-unsplash.jpg\" \/>\n\t<meta property=\"og:image:width\" content=\"640\" \/>\n\t<meta property=\"og:image:height\" content=\"427\" \/>\n\t<meta property=\"og:image:type\" content=\"image\/jpeg\" \/>\n<meta name=\"author\" content=\"Martina Vaggi\" \/>\n<meta name=\"twitter:card\" content=\"summary_large_image\" \/>\n<meta name=\"twitter:label1\" content=\"Written by\" \/>\n\t<meta name=\"twitter:data1\" content=\"Martina Vaggi\" \/>\n\t<meta name=\"twitter:label2\" content=\"Est. reading time\" \/>\n\t<meta name=\"twitter:data2\" content=\"5 minuti\" \/>\n<script type=\"application\/ld+json\" class=\"yoast-schema-graph\">{\"@context\":\"https:\/\/schema.org\",\"@graph\":[{\"@type\":\"Article\",\"@id\":\"https:\/\/www.docenti.it\/blog\/cellulari-a-scuola-mentre-il-prof-interroga-lo-studente-fa-la-diretta-instagram\/#article\",\"isPartOf\":{\"@id\":\"https:\/\/www.docenti.it\/blog\/cellulari-a-scuola-mentre-il-prof-interroga-lo-studente-fa-la-diretta-instagram\/\"},\"author\":{\"name\":\"Martina Vaggi\",\"@id\":\"https:\/\/www.docenti.it\/blog\/#\/schema\/person\/99c2fdaf54e96829fe4ed44da8233688\"},\"headline\":\"Cellulari a scuola: mentre il prof interroga lo studente fa la diretta Instagram\",\"datePublished\":\"2023-01-20T09:12:42+00:00\",\"dateModified\":\"2023-01-20T09:12:43+00:00\",\"mainEntityOfPage\":{\"@id\":\"https:\/\/www.docenti.it\/blog\/cellulari-a-scuola-mentre-il-prof-interroga-lo-studente-fa-la-diretta-instagram\/\"},\"wordCount\":806,\"commentCount\":0,\"publisher\":{\"@id\":\"https:\/\/www.docenti.it\/blog\/#organization\"},\"articleSection\":[\"News\"],\"inLanguage\":\"it-IT\",\"potentialAction\":[{\"@type\":\"CommentAction\",\"name\":\"Comment\",\"target\":[\"https:\/\/www.docenti.it\/blog\/cellulari-a-scuola-mentre-il-prof-interroga-lo-studente-fa-la-diretta-instagram\/#respond\"]}]},{\"@type\":\"WebPage\",\"@id\":\"https:\/\/www.docenti.it\/blog\/cellulari-a-scuola-mentre-il-prof-interroga-lo-studente-fa-la-diretta-instagram\/\",\"url\":\"https:\/\/www.docenti.it\/blog\/cellulari-a-scuola-mentre-il-prof-interroga-lo-studente-fa-la-diretta-instagram\/\",\"name\":\"Cellulari a scuola: mentre il prof interroga lo studente fa la diretta Instagram\",\"isPartOf\":{\"@id\":\"https:\/\/www.docenti.it\/blog\/#website\"},\"datePublished\":\"2023-01-20T09:12:42+00:00\",\"dateModified\":\"2023-01-20T09:12:43+00:00\",\"description\":\"Uno studente di un liceo romano \u00e8 in diretta IG in classe, mentre il professore interroga. Che cosa dice la legge sui cellulari a scuola?\",\"breadcrumb\":{\"@id\":\"https:\/\/www.docenti.it\/blog\/cellulari-a-scuola-mentre-il-prof-interroga-lo-studente-fa-la-diretta-instagram\/#breadcrumb\"},\"inLanguage\":\"it-IT\",\"potentialAction\":[{\"@type\":\"ReadAction\",\"target\":[\"https:\/\/www.docenti.it\/blog\/cellulari-a-scuola-mentre-il-prof-interroga-lo-studente-fa-la-diretta-instagram\/\"]}]},{\"@type\":\"BreadcrumbList\",\"@id\":\"https:\/\/www.docenti.it\/blog\/cellulari-a-scuola-mentre-il-prof-interroga-lo-studente-fa-la-diretta-instagram\/#breadcrumb\",\"itemListElement\":[{\"@type\":\"ListItem\",\"position\":1,\"name\":\"Home\",\"item\":\"https:\/\/www.docenti.it\/blog\/\"},{\"@type\":\"ListItem\",\"position\":2,\"name\":\"Cellulari a scuola: mentre il prof interroga lo studente fa la diretta Instagram\"}]},{\"@type\":\"WebSite\",\"@id\":\"https:\/\/www.docenti.it\/blog\/#website\",\"url\":\"https:\/\/www.docenti.it\/blog\/\",\"name\":\"Blog | Docenti.it\",\"description\":\"Tutte le notizie e gli aggiornamenti dal mondo della scuola\",\"publisher\":{\"@id\":\"https:\/\/www.docenti.it\/blog\/#organization\"},\"potentialAction\":[{\"@type\":\"SearchAction\",\"target\":{\"@type\":\"EntryPoint\",\"urlTemplate\":\"https:\/\/www.docenti.it\/blog\/?s={search_term_string}\"},\"query-input\":\"required name=search_term_string\"}],\"inLanguage\":\"it-IT\"},{\"@type\":\"Organization\",\"@id\":\"https:\/\/www.docenti.it\/blog\/#organization\",\"name\":\"Blog | Docenti.it\",\"url\":\"https:\/\/www.docenti.it\/blog\/\",\"logo\":{\"@type\":\"ImageObject\",\"inLanguage\":\"it-IT\",\"@id\":\"https:\/\/www.docenti.it\/blog\/#\/schema\/logo\/image\/\",\"url\":\"https:\/\/www.docenti.it\/blog\/wp-content\/uploads\/2025\/06\/fb_mad_img.png\",\"contentUrl\":\"https:\/\/www.docenti.it\/blog\/wp-content\/uploads\/2025\/06\/fb_mad_img.png\",\"width\":1140,\"height\":620,\"caption\":\"Blog | Docenti.it\"},\"image\":{\"@id\":\"https:\/\/www.docenti.it\/blog\/#\/schema\/logo\/image\/\"},\"sameAs\":[\"https:\/\/www.facebook.com\/docenti.it\"]},{\"@type\":\"Person\",\"@id\":\"https:\/\/www.docenti.it\/blog\/#\/schema\/person\/99c2fdaf54e96829fe4ed44da8233688\",\"name\":\"Martina Vaggi\",\"image\":{\"@type\":\"ImageObject\",\"inLanguage\":\"it-IT\",\"@id\":\"https:\/\/www.docenti.it\/blog\/#\/schema\/person\/image\/\",\"url\":\"https:\/\/secure.gravatar.com\/avatar\/14a13197979873d693ad915d249e3f54?s=96&d=mm&r=g\",\"contentUrl\":\"https:\/\/secure.gravatar.com\/avatar\/14a13197979873d693ad915d249e3f54?s=96&d=mm&r=g\",\"caption\":\"Martina Vaggi\"},\"description\":\"Classe 1991, copywriter e scrittrice. Nata a Sale, un paesino in provincia di Alessandria. Scrive dall\u2019et\u00e0 di 10 anni. Nel 2015 si laurea in Lettere Moderne presso l\u2019universit\u00e0 di Pavia. Nel 2020 pubblica il suo primo libro \\\"Il diario del silenzio - Storie reali di quarantena\\\" che descrive il processo di cambiamento della vita di 40 persone ai tempi del Covid. Nel 2022 si trasferisce a San Marino per lavorare come copywriter per Docenti.it\",\"sameAs\":[\"https:\/\/pensierisurrealidigentecomune.com\/\",\"https:\/\/www.facebook.com\/profile.php?id=1555867670\",\"https:\/\/www.instagram.com\/martiggi91\/\",\"https:\/\/it.linkedin.com\/in\/martina-vaggi\",\"https:\/\/www.youtube.com\/results?search_query=martina+vaggi\"],\"url\":\"https:\/\/www.docenti.it\/blog\/author\/martina-vaggi\/\"}]}<\/script>\n<!-- \/ Yoast SEO plugin. -->","yoast_head_json":{"title":"Cellulari a scuola: mentre il prof interroga lo studente fa la diretta Instagram","description":"Uno studente di un liceo romano \u00e8 in diretta IG in classe, mentre il professore interroga. Che cosa dice la legge sui cellulari a scuola?","robots":{"index":"index","follow":"follow","max-snippet":"max-snippet:-1","max-image-preview":"max-image-preview:large","max-video-preview":"max-video-preview:-1"},"canonical":"https:\/\/www.docenti.it\/blog\/cellulari-a-scuola-mentre-il-prof-interroga-lo-studente-fa-la-diretta-instagram\/","og_locale":"it_IT","og_type":"article","og_title":"Cellulari a scuola: mentre il prof interroga lo studente fa la diretta Instagram","og_description":"Uno studente di un liceo romano \u00e8 in diretta IG in classe, mentre il professore interroga. Che cosa dice la legge sui cellulari a scuola?","og_url":"https:\/\/www.docenti.it\/blog\/cellulari-a-scuola-mentre-il-prof-interroga-lo-studente-fa-la-diretta-instagram\/","og_site_name":"Blog | Docenti.it","article_publisher":"https:\/\/www.facebook.com\/docenti.it","article_author":"https:\/\/www.facebook.com\/profile.php?id=1555867670","article_published_time":"2023-01-20T09:12:42+00:00","article_modified_time":"2023-01-20T09:12:43+00:00","og_image":[{"width":640,"height":427,"url":"https:\/\/www.docenti.it\/blog\/wp-content\/uploads\/2023\/01\/solen-feyissa-KWZa42a1kds-unsplash.jpg","type":"image\/jpeg"}],"author":"Martina Vaggi","twitter_card":"summary_large_image","twitter_misc":{"Written by":"Martina Vaggi","Est. reading time":"5 minuti"},"schema":{"@context":"https:\/\/schema.org","@graph":[{"@type":"Article","@id":"https:\/\/www.docenti.it\/blog\/cellulari-a-scuola-mentre-il-prof-interroga-lo-studente-fa-la-diretta-instagram\/#article","isPartOf":{"@id":"https:\/\/www.docenti.it\/blog\/cellulari-a-scuola-mentre-il-prof-interroga-lo-studente-fa-la-diretta-instagram\/"},"author":{"name":"Martina Vaggi","@id":"https:\/\/www.docenti.it\/blog\/#\/schema\/person\/99c2fdaf54e96829fe4ed44da8233688"},"headline":"Cellulari a scuola: mentre il prof interroga lo studente fa la diretta Instagram","datePublished":"2023-01-20T09:12:42+00:00","dateModified":"2023-01-20T09:12:43+00:00","mainEntityOfPage":{"@id":"https:\/\/www.docenti.it\/blog\/cellulari-a-scuola-mentre-il-prof-interroga-lo-studente-fa-la-diretta-instagram\/"},"wordCount":806,"commentCount":0,"publisher":{"@id":"https:\/\/www.docenti.it\/blog\/#organization"},"articleSection":["News"],"inLanguage":"it-IT","potentialAction":[{"@type":"CommentAction","name":"Comment","target":["https:\/\/www.docenti.it\/blog\/cellulari-a-scuola-mentre-il-prof-interroga-lo-studente-fa-la-diretta-instagram\/#respond"]}]},{"@type":"WebPage","@id":"https:\/\/www.docenti.it\/blog\/cellulari-a-scuola-mentre-il-prof-interroga-lo-studente-fa-la-diretta-instagram\/","url":"https:\/\/www.docenti.it\/blog\/cellulari-a-scuola-mentre-il-prof-interroga-lo-studente-fa-la-diretta-instagram\/","name":"Cellulari a scuola: mentre il prof interroga lo studente fa la diretta Instagram","isPartOf":{"@id":"https:\/\/www.docenti.it\/blog\/#website"},"datePublished":"2023-01-20T09:12:42+00:00","dateModified":"2023-01-20T09:12:43+00:00","description":"Uno studente di un liceo romano \u00e8 in diretta IG in classe, mentre il professore interroga. Che cosa dice la legge sui cellulari a scuola?","breadcrumb":{"@id":"https:\/\/www.docenti.it\/blog\/cellulari-a-scuola-mentre-il-prof-interroga-lo-studente-fa-la-diretta-instagram\/#breadcrumb"},"inLanguage":"it-IT","potentialAction":[{"@type":"ReadAction","target":["https:\/\/www.docenti.it\/blog\/cellulari-a-scuola-mentre-il-prof-interroga-lo-studente-fa-la-diretta-instagram\/"]}]},{"@type":"BreadcrumbList","@id":"https:\/\/www.docenti.it\/blog\/cellulari-a-scuola-mentre-il-prof-interroga-lo-studente-fa-la-diretta-instagram\/#breadcrumb","itemListElement":[{"@type":"ListItem","position":1,"name":"Home","item":"https:\/\/www.docenti.it\/blog\/"},{"@type":"ListItem","position":2,"name":"Cellulari a scuola: mentre il prof interroga lo studente fa la diretta Instagram"}]},{"@type":"WebSite","@id":"https:\/\/www.docenti.it\/blog\/#website","url":"https:\/\/www.docenti.it\/blog\/","name":"Blog | Docenti.it","description":"Tutte le notizie e gli aggiornamenti dal mondo della scuola","publisher":{"@id":"https:\/\/www.docenti.it\/blog\/#organization"},"potentialAction":[{"@type":"SearchAction","target":{"@type":"EntryPoint","urlTemplate":"https:\/\/www.docenti.it\/blog\/?s={search_term_string}"},"query-input":"required name=search_term_string"}],"inLanguage":"it-IT"},{"@type":"Organization","@id":"https:\/\/www.docenti.it\/blog\/#organization","name":"Blog | Docenti.it","url":"https:\/\/www.docenti.it\/blog\/","logo":{"@type":"ImageObject","inLanguage":"it-IT","@id":"https:\/\/www.docenti.it\/blog\/#\/schema\/logo\/image\/","url":"https:\/\/www.docenti.it\/blog\/wp-content\/uploads\/2025\/06\/fb_mad_img.png","contentUrl":"https:\/\/www.docenti.it\/blog\/wp-content\/uploads\/2025\/06\/fb_mad_img.png","width":1140,"height":620,"caption":"Blog | Docenti.it"},"image":{"@id":"https:\/\/www.docenti.it\/blog\/#\/schema\/logo\/image\/"},"sameAs":["https:\/\/www.facebook.com\/docenti.it"]},{"@type":"Person","@id":"https:\/\/www.docenti.it\/blog\/#\/schema\/person\/99c2fdaf54e96829fe4ed44da8233688","name":"Martina Vaggi","image":{"@type":"ImageObject","inLanguage":"it-IT","@id":"https:\/\/www.docenti.it\/blog\/#\/schema\/person\/image\/","url":"https:\/\/secure.gravatar.com\/avatar\/14a13197979873d693ad915d249e3f54?s=96&d=mm&r=g","contentUrl":"https:\/\/secure.gravatar.com\/avatar\/14a13197979873d693ad915d249e3f54?s=96&d=mm&r=g","caption":"Martina Vaggi"},"description":"Classe 1991, copywriter e scrittrice. Nata a Sale, un paesino in provincia di Alessandria. Scrive dall\u2019et\u00e0 di 10 anni. Nel 2015 si laurea in Lettere Moderne presso l\u2019universit\u00e0 di Pavia. Nel 2020 pubblica il suo primo libro \"Il diario del silenzio - Storie reali di quarantena\" che descrive il processo di cambiamento della vita di 40 persone ai tempi del Covid. Nel 2022 si trasferisce a San Marino per lavorare come copywriter per Docenti.it","sameAs":["https:\/\/pensierisurrealidigentecomune.com\/","https:\/\/www.facebook.com\/profile.php?id=1555867670","https:\/\/www.instagram.com\/martiggi91\/","https:\/\/it.linkedin.com\/in\/martina-vaggi","https:\/\/www.youtube.com\/results?search_query=martina+vaggi"],"url":"https:\/\/www.docenti.it\/blog\/author\/martina-vaggi\/"}]}},"_links":{"self":[{"href":"https:\/\/www.docenti.it\/blog\/wp-json\/wp\/v2\/posts\/43186"}],"collection":[{"href":"https:\/\/www.docenti.it\/blog\/wp-json\/wp\/v2\/posts"}],"about":[{"href":"https:\/\/www.docenti.it\/blog\/wp-json\/wp\/v2\/types\/post"}],"author":[{"embeddable":true,"href":"https:\/\/www.docenti.it\/blog\/wp-json\/wp\/v2\/users\/21"}],"replies":[{"embeddable":true,"href":"https:\/\/www.docenti.it\/blog\/wp-json\/wp\/v2\/comments?post=43186"}],"version-history":[{"count":28,"href":"https:\/\/www.docenti.it\/blog\/wp-json\/wp\/v2\/posts\/43186\/revisions"}],"predecessor-version":[{"id":43228,"href":"https:\/\/www.docenti.it\/blog\/wp-json\/wp\/v2\/posts\/43186\/revisions\/43228"}],"wp:featuredmedia":[{"embeddable":true,"href":"https:\/\/www.docenti.it\/blog\/wp-json\/wp\/v2\/media\/43187"}],"wp:attachment":[{"href":"https:\/\/www.docenti.it\/blog\/wp-json\/wp\/v2\/media?parent=43186"}],"wp:term":[{"taxonomy":"category","embeddable":true,"href":"https:\/\/www.docenti.it\/blog\/wp-json\/wp\/v2\/categories?post=43186"},{"taxonomy":"post_tag","embeddable":true,"href":"https:\/\/www.docenti.it\/blog\/wp-json\/wp\/v2\/tags?post=43186"}],"curies":[{"name":"wp","href":"https:\/\/api.w.org\/{rel}","templated":true}]}}