{"id":43631,"date":"2023-01-24T12:18:52","date_gmt":"2023-01-24T11:18:52","guid":{"rendered":"https:\/\/www.docenti.it\/blog\/?p=43631"},"modified":"2023-01-31T16:40:10","modified_gmt":"2023-01-31T15:40:10","slug":"assunzioni-scuola-2023-e-stabilizzazione-precari-dpcm-entro-febbraio","status":"publish","type":"post","link":"https:\/\/www.docenti.it\/blog\/assunzioni-scuola-2023-e-stabilizzazione-precari-dpcm-entro-febbraio\/","title":{"rendered":"Assunzioni scuola 2023 e stabilizzazione precari: DPCM entro febbraio?"},"content":{"rendered":"\n<p>Inviata all&#8217;Unione Europea la proposta per le <strong>assunzioni scuola 2023,<\/strong> per stabilizzare finalmente i precari. <\/p>\n\n\n\n<p>Il Decreto \u00e8 atteso entro il 10 febbraio. <\/p>\n\n\n\n<!--more-->\n\n\n\n<h2>Assunzioni scuola 2023: quali novit\u00e0?<\/h2>\n\n\n\n<p>Torniamo a parlare del <strong>Nuovo reclutamento docenti.<\/strong> <\/p>\n\n\n\n<p>Il Governo vuole accelerare le procedure. <br>Secondo quanto riferito da<em><strong><a href=\"https:\/\/www.italiaoggi.it\/news\/reclutamento-le-carte-alla-ue-2590795\" target=\"_blank\" rel=\"noreferrer noopener\"> Italia Oggi<\/a><\/strong><\/em>, &nbsp;il Ministero ha inviato all\u2019Unione Europa la nuova proposta relativa al reclutamento docenti, che verr\u00e0 attuato con il fine di stabilizzare i precari (Fonte: <strong><em><a href=\"https:\/\/www.orizzontescuola.it\/assunzioni-2023-inviata-alleuropa-la-proposta-per-la-stabilizzazione-dei-precari-con-almeno-tre-anni-di-servizio\/\" target=\"_blank\" rel=\"noreferrer noopener\">Orizzonte Scuola)<\/a><\/em><\/strong>.<\/p>\n\n\n\n<p>Ora a Bruxelles si dovr\u00e0 decidere se la nuova ipotesi rispecchia quelli che sono gli obiettivi dell&#8217;Europa. <\/p>\n\n\n\n<p>La proposta in questione riguarda solo il 2023 e presta interesse per tutti quei docenti che sono in possesso delle 3 annualit\u00e0 sul servizio (continuative) e hanno conseguito i 24 CFU. <\/p>\n\n\n\n<p><strong><em>ATTENZIONE: il Ministero dell\u2019Istruzione e del Merito ha richiesto espressamente alla Commissione Europea di posticipare l\u2019entrata in vigore del nuovo sistema di reclutamento al 2025. <\/em><\/strong><\/p>\n\n\n\n<h3>La proposta<\/h3>\n\n\n\n<p><strong>La proposta riguarderebbe l&#8217;assunzione degli insegnanti dalle graduatorie attuali mediante percorsi e prove formative che rispondano a standard di selettivit\u00e0<\/strong>, adeguati alle relative procedure. <\/p>\n\n\n\n<p>Il 2023 \u00e8 un anno decisivo perch\u00e9 \u00e8 qui che si propone<strong> una nuova fase transitoria<\/strong> che dovr\u00e0 consentire di &#8220;immettere&#8221; in cattedra (con contratto a tempo indeterminato) tutti quei docenti, mediante l&#8217;anno di prova e di formazione. <\/p>\n\n\n\n<p>I docenti che sono gi\u00e0 stati inseriti nelle <strong>graduatorie GPS<\/strong> avrebbero invece diritto alla conferma del contratto a tempo determinato: e tale varrebbe come anno di tirocinio e di formazione, che consentirebbe loro di completare i crediti mancanti. <\/p>\n\n\n\n<p>Al termine dell\u2019anno \u00e8 necessario sostenere una prova scritta e una orale: una volta che l&#8217;aspirante docente le supera entrambe, allora diventa di ruolo. <\/p>\n\n\n\n<p>Come abbiamo sempre detto, un vero e proprio percorso ad ostacoli: <strong>una procedura che riguarda i docenti di scuola secondaria di I e II grado. <\/strong><br>\u00c8 stata prevista anche un percorso parallelo per i docenti idonei ai concorsi per infanzia e primaria.<\/p>\n\n\n\n<h3>Cosa deve succedere ora?<\/h3>\n\n\n\n<p>Come abbiamo gi\u00e0 detto prima, ora la risposta spetta a Bruxelles, dove si decider\u00e0 se la proposta per il reclutamento del personale docente soddisfa anche i criteri e gli obiettivi prefissati dall&#8217;Unione Europea.<\/p>\n\n\n\n<p><em>\u00c8 fattibile pensare ad un decreto entro il 10 febbraio?<\/em><\/p>\n\n\n\n<p>Se la Commissione Ue dovesse accettare le proposte, <strong>le modifiche entrerebbero in un decreto legge PNRR, approvato, appunto, entro il 10 febbraio.<\/strong><\/p>\n\n\n\n<p>Seguiranno aggiornamenti. <\/p>\n\n\n\n<p>Leggi gli ultimi articoli:<\/p>\n\n\n\n<ul><li><a href=\"https:\/\/www.docenti.it\/blog\/insegnante-di-matematica-cercasi-non-si-trova-nemmeno-da-mad\/\">Insegnante di Matematica cercasi: non si trova nemmeno da MAD<\/a><\/li><li><a href=\"https:\/\/www.docenti.it\/blog\/come-viene-valutata-la-domanda-di-messa-a-disposizione\/\">Come viene valutata la domanda di Messa a Disposizione?<\/a><\/li><li><a href=\"https:\/\/www.docenti.it\/blog\/quali-documenti-allegare-alla-domanda-di-messa-a-disposizione\/\">Quali documenti allegare alla domanda di Messa a Disposizione<\/a><\/li><li><a href=\"https:\/\/www.docenti.it\/blog\/supplenze-scuola-stop-alle-convocazioni-da-gps-a-roma-e-adesso\/\">Supplenze scuola: stop alle convocazioni da GPS a Roma. E adesso?<\/a><\/li><li><a href=\"https:\/\/www.docenti.it\/blog\/cellulari-a-scuola-mentre-il-prof-interroga-lo-studente-fa-la-diretta-instagram\/\">Cellulari a scuola: mentre il prof interroga lo studente fa la diretta Instagram<\/a><\/li><li><a href=\"https:\/\/www.docenti.it\/blog\/supplenze-scuola-si-ricercano-ingegneri-per-insegnare-ma-non-si-trovano\/\">Supplenze scuola: si ricercano ingegneri per insegnare ma non si trovano<\/a><\/li><\/ul>\n\n\n\n<p>Photo credit:&nbsp;<a href=\"https:\/\/pixabay.com\/\" target=\"_blank\" rel=\"noreferrer noopener\">Pexels<\/a><\/p>\n","protected":false},"excerpt":{"rendered":"<p>Inviata all&#8217;Unione Europea la proposta per le assunzioni scuola 2023, per stabilizzare finalmente i [&hellip;]<\/p>\n","protected":false},"author":21,"featured_media":43635,"comment_status":"open","ping_status":"open","sticky":false,"template":"","format":"standard","meta":[],"categories":[4],"tags":[63,103],"yoast_head":"<!-- This site is optimized with the Yoast SEO plugin v20.4 - https:\/\/yoast.com\/wordpress\/plugins\/seo\/ -->\n<title>Assunzioni scuola 2023 e stabilizzazione precari: DPCM entro febbraio?<\/title>\n<meta name=\"description\" content=\"Inviata all&#039;Europa la proposta per le assunzioni scuola 2023, per stabilizzare finalmente i precari. Il Decreto \u00e8 atteso entro febbraio.\" \/>\n<meta name=\"robots\" content=\"index, follow, max-snippet:-1, max-image-preview:large, max-video-preview:-1\" \/>\n<link rel=\"canonical\" href=\"https:\/\/www.docenti.it\/blog\/assunzioni-scuola-2023-e-stabilizzazione-precari-dpcm-entro-febbraio\/\" \/>\n<meta property=\"og:locale\" content=\"it_IT\" \/>\n<meta property=\"og:type\" content=\"article\" \/>\n<meta property=\"og:title\" content=\"Assunzioni scuola 2023 e stabilizzazione precari: DPCM entro febbraio?\" \/>\n<meta property=\"og:description\" content=\"Inviata all&#039;Europa la proposta per le assunzioni scuola 2023, per stabilizzare finalmente i precari. Il Decreto \u00e8 atteso entro febbraio.\" \/>\n<meta property=\"og:url\" content=\"https:\/\/www.docenti.it\/blog\/assunzioni-scuola-2023-e-stabilizzazione-precari-dpcm-entro-febbraio\/\" \/>\n<meta property=\"og:site_name\" content=\"Blog | Docenti.it\" \/>\n<meta property=\"article:publisher\" content=\"https:\/\/www.facebook.com\/docenti.it\" \/>\n<meta property=\"article:author\" content=\"https:\/\/www.facebook.com\/profile.php?id=1555867670\" \/>\n<meta property=\"article:published_time\" content=\"2023-01-24T11:18:52+00:00\" \/>\n<meta property=\"article:modified_time\" content=\"2023-01-31T15:40:10+00:00\" \/>\n<meta property=\"og:image\" content=\"https:\/\/www.docenti.it\/blog\/wp-content\/uploads\/2023\/01\/writer-g7fedddbfe_640.png\" \/>\n\t<meta property=\"og:image:width\" content=\"640\" \/>\n\t<meta property=\"og:image:height\" content=\"457\" \/>\n\t<meta property=\"og:image:type\" content=\"image\/png\" \/>\n<meta name=\"author\" content=\"Martina Vaggi\" \/>\n<meta name=\"twitter:card\" content=\"summary_large_image\" \/>\n<meta name=\"twitter:label1\" content=\"Written by\" \/>\n\t<meta name=\"twitter:data1\" content=\"Martina Vaggi\" \/>\n\t<meta name=\"twitter:label2\" content=\"Est. reading time\" \/>\n\t<meta name=\"twitter:data2\" content=\"3 minuti\" \/>\n<script type=\"application\/ld+json\" class=\"yoast-schema-graph\">{\"@context\":\"https:\/\/schema.org\",\"@graph\":[{\"@type\":\"Article\",\"@id\":\"https:\/\/www.docenti.it\/blog\/assunzioni-scuola-2023-e-stabilizzazione-precari-dpcm-entro-febbraio\/#article\",\"isPartOf\":{\"@id\":\"https:\/\/www.docenti.it\/blog\/assunzioni-scuola-2023-e-stabilizzazione-precari-dpcm-entro-febbraio\/\"},\"author\":{\"name\":\"Martina Vaggi\",\"@id\":\"https:\/\/www.docenti.it\/blog\/#\/schema\/person\/99c2fdaf54e96829fe4ed44da8233688\"},\"headline\":\"Assunzioni scuola 2023 e stabilizzazione precari: DPCM entro febbraio?\",\"datePublished\":\"2023-01-24T11:18:52+00:00\",\"dateModified\":\"2023-01-31T15:40:10+00:00\",\"mainEntityOfPage\":{\"@id\":\"https:\/\/www.docenti.it\/blog\/assunzioni-scuola-2023-e-stabilizzazione-precari-dpcm-entro-febbraio\/\"},\"wordCount\":453,\"commentCount\":0,\"publisher\":{\"@id\":\"https:\/\/www.docenti.it\/blog\/#organization\"},\"keywords\":[\"diventare insegnante\",\"supplenze scuola\"],\"articleSection\":[\"News\"],\"inLanguage\":\"it-IT\",\"potentialAction\":[{\"@type\":\"CommentAction\",\"name\":\"Comment\",\"target\":[\"https:\/\/www.docenti.it\/blog\/assunzioni-scuola-2023-e-stabilizzazione-precari-dpcm-entro-febbraio\/#respond\"]}]},{\"@type\":\"WebPage\",\"@id\":\"https:\/\/www.docenti.it\/blog\/assunzioni-scuola-2023-e-stabilizzazione-precari-dpcm-entro-febbraio\/\",\"url\":\"https:\/\/www.docenti.it\/blog\/assunzioni-scuola-2023-e-stabilizzazione-precari-dpcm-entro-febbraio\/\",\"name\":\"Assunzioni scuola 2023 e stabilizzazione precari: DPCM entro febbraio?\",\"isPartOf\":{\"@id\":\"https:\/\/www.docenti.it\/blog\/#website\"},\"datePublished\":\"2023-01-24T11:18:52+00:00\",\"dateModified\":\"2023-01-31T15:40:10+00:00\",\"description\":\"Inviata all'Europa la proposta per le assunzioni scuola 2023, per stabilizzare finalmente i precari. Il Decreto \u00e8 atteso entro febbraio.\",\"breadcrumb\":{\"@id\":\"https:\/\/www.docenti.it\/blog\/assunzioni-scuola-2023-e-stabilizzazione-precari-dpcm-entro-febbraio\/#breadcrumb\"},\"inLanguage\":\"it-IT\",\"potentialAction\":[{\"@type\":\"ReadAction\",\"target\":[\"https:\/\/www.docenti.it\/blog\/assunzioni-scuola-2023-e-stabilizzazione-precari-dpcm-entro-febbraio\/\"]}]},{\"@type\":\"BreadcrumbList\",\"@id\":\"https:\/\/www.docenti.it\/blog\/assunzioni-scuola-2023-e-stabilizzazione-precari-dpcm-entro-febbraio\/#breadcrumb\",\"itemListElement\":[{\"@type\":\"ListItem\",\"position\":1,\"name\":\"Home\",\"item\":\"https:\/\/www.docenti.it\/blog\/\"},{\"@type\":\"ListItem\",\"position\":2,\"name\":\"Assunzioni scuola 2023 e stabilizzazione precari: DPCM entro febbraio?\"}]},{\"@type\":\"WebSite\",\"@id\":\"https:\/\/www.docenti.it\/blog\/#website\",\"url\":\"https:\/\/www.docenti.it\/blog\/\",\"name\":\"Blog | Docenti.it\",\"description\":\"Tutte le notizie e gli aggiornamenti dal mondo della scuola\",\"publisher\":{\"@id\":\"https:\/\/www.docenti.it\/blog\/#organization\"},\"potentialAction\":[{\"@type\":\"SearchAction\",\"target\":{\"@type\":\"EntryPoint\",\"urlTemplate\":\"https:\/\/www.docenti.it\/blog\/?s={search_term_string}\"},\"query-input\":\"required name=search_term_string\"}],\"inLanguage\":\"it-IT\"},{\"@type\":\"Organization\",\"@id\":\"https:\/\/www.docenti.it\/blog\/#organization\",\"name\":\"Blog | Docenti.it\",\"url\":\"https:\/\/www.docenti.it\/blog\/\",\"logo\":{\"@type\":\"ImageObject\",\"inLanguage\":\"it-IT\",\"@id\":\"https:\/\/www.docenti.it\/blog\/#\/schema\/logo\/image\/\",\"url\":\"https:\/\/www.docenti.it\/blog\/wp-content\/uploads\/2025\/06\/fb_mad_img.png\",\"contentUrl\":\"https:\/\/www.docenti.it\/blog\/wp-content\/uploads\/2025\/06\/fb_mad_img.png\",\"width\":1140,\"height\":620,\"caption\":\"Blog | Docenti.it\"},\"image\":{\"@id\":\"https:\/\/www.docenti.it\/blog\/#\/schema\/logo\/image\/\"},\"sameAs\":[\"https:\/\/www.facebook.com\/docenti.it\"]},{\"@type\":\"Person\",\"@id\":\"https:\/\/www.docenti.it\/blog\/#\/schema\/person\/99c2fdaf54e96829fe4ed44da8233688\",\"name\":\"Martina Vaggi\",\"image\":{\"@type\":\"ImageObject\",\"inLanguage\":\"it-IT\",\"@id\":\"https:\/\/www.docenti.it\/blog\/#\/schema\/person\/image\/\",\"url\":\"https:\/\/secure.gravatar.com\/avatar\/14a13197979873d693ad915d249e3f54?s=96&d=mm&r=g\",\"contentUrl\":\"https:\/\/secure.gravatar.com\/avatar\/14a13197979873d693ad915d249e3f54?s=96&d=mm&r=g\",\"caption\":\"Martina Vaggi\"},\"description\":\"Classe 1991, copywriter e scrittrice. Nata a Sale, un paesino in provincia di Alessandria. Scrive dall\u2019et\u00e0 di 10 anni. Nel 2015 si laurea in Lettere Moderne presso l\u2019universit\u00e0 di Pavia. Nel 2020 pubblica il suo primo libro \\\"Il diario del silenzio - Storie reali di quarantena\\\" che descrive il processo di cambiamento della vita di 40 persone ai tempi del Covid. Nel 2022 si trasferisce a San Marino per lavorare come copywriter per Docenti.it\",\"sameAs\":[\"https:\/\/pensierisurrealidigentecomune.com\/\",\"https:\/\/www.facebook.com\/profile.php?id=1555867670\",\"https:\/\/www.instagram.com\/martiggi91\/\",\"https:\/\/it.linkedin.com\/in\/martina-vaggi\",\"https:\/\/www.youtube.com\/results?search_query=martina+vaggi\"],\"url\":\"https:\/\/www.docenti.it\/blog\/author\/martina-vaggi\/\"}]}<\/script>\n<!-- \/ Yoast SEO plugin. -->","yoast_head_json":{"title":"Assunzioni scuola 2023 e stabilizzazione precari: DPCM entro febbraio?","description":"Inviata all'Europa la proposta per le assunzioni scuola 2023, per stabilizzare finalmente i precari. Il Decreto \u00e8 atteso entro febbraio.","robots":{"index":"index","follow":"follow","max-snippet":"max-snippet:-1","max-image-preview":"max-image-preview:large","max-video-preview":"max-video-preview:-1"},"canonical":"https:\/\/www.docenti.it\/blog\/assunzioni-scuola-2023-e-stabilizzazione-precari-dpcm-entro-febbraio\/","og_locale":"it_IT","og_type":"article","og_title":"Assunzioni scuola 2023 e stabilizzazione precari: DPCM entro febbraio?","og_description":"Inviata all'Europa la proposta per le assunzioni scuola 2023, per stabilizzare finalmente i precari. Il Decreto \u00e8 atteso entro febbraio.","og_url":"https:\/\/www.docenti.it\/blog\/assunzioni-scuola-2023-e-stabilizzazione-precari-dpcm-entro-febbraio\/","og_site_name":"Blog | Docenti.it","article_publisher":"https:\/\/www.facebook.com\/docenti.it","article_author":"https:\/\/www.facebook.com\/profile.php?id=1555867670","article_published_time":"2023-01-24T11:18:52+00:00","article_modified_time":"2023-01-31T15:40:10+00:00","og_image":[{"width":640,"height":457,"url":"https:\/\/www.docenti.it\/blog\/wp-content\/uploads\/2023\/01\/writer-g7fedddbfe_640.png","type":"image\/png"}],"author":"Martina Vaggi","twitter_card":"summary_large_image","twitter_misc":{"Written by":"Martina Vaggi","Est. reading time":"3 minuti"},"schema":{"@context":"https:\/\/schema.org","@graph":[{"@type":"Article","@id":"https:\/\/www.docenti.it\/blog\/assunzioni-scuola-2023-e-stabilizzazione-precari-dpcm-entro-febbraio\/#article","isPartOf":{"@id":"https:\/\/www.docenti.it\/blog\/assunzioni-scuola-2023-e-stabilizzazione-precari-dpcm-entro-febbraio\/"},"author":{"name":"Martina Vaggi","@id":"https:\/\/www.docenti.it\/blog\/#\/schema\/person\/99c2fdaf54e96829fe4ed44da8233688"},"headline":"Assunzioni scuola 2023 e stabilizzazione precari: DPCM entro febbraio?","datePublished":"2023-01-24T11:18:52+00:00","dateModified":"2023-01-31T15:40:10+00:00","mainEntityOfPage":{"@id":"https:\/\/www.docenti.it\/blog\/assunzioni-scuola-2023-e-stabilizzazione-precari-dpcm-entro-febbraio\/"},"wordCount":453,"commentCount":0,"publisher":{"@id":"https:\/\/www.docenti.it\/blog\/#organization"},"keywords":["diventare insegnante","supplenze scuola"],"articleSection":["News"],"inLanguage":"it-IT","potentialAction":[{"@type":"CommentAction","name":"Comment","target":["https:\/\/www.docenti.it\/blog\/assunzioni-scuola-2023-e-stabilizzazione-precari-dpcm-entro-febbraio\/#respond"]}]},{"@type":"WebPage","@id":"https:\/\/www.docenti.it\/blog\/assunzioni-scuola-2023-e-stabilizzazione-precari-dpcm-entro-febbraio\/","url":"https:\/\/www.docenti.it\/blog\/assunzioni-scuola-2023-e-stabilizzazione-precari-dpcm-entro-febbraio\/","name":"Assunzioni scuola 2023 e stabilizzazione precari: DPCM entro febbraio?","isPartOf":{"@id":"https:\/\/www.docenti.it\/blog\/#website"},"datePublished":"2023-01-24T11:18:52+00:00","dateModified":"2023-01-31T15:40:10+00:00","description":"Inviata all'Europa la proposta per le assunzioni scuola 2023, per stabilizzare finalmente i precari. Il Decreto \u00e8 atteso entro febbraio.","breadcrumb":{"@id":"https:\/\/www.docenti.it\/blog\/assunzioni-scuola-2023-e-stabilizzazione-precari-dpcm-entro-febbraio\/#breadcrumb"},"inLanguage":"it-IT","potentialAction":[{"@type":"ReadAction","target":["https:\/\/www.docenti.it\/blog\/assunzioni-scuola-2023-e-stabilizzazione-precari-dpcm-entro-febbraio\/"]}]},{"@type":"BreadcrumbList","@id":"https:\/\/www.docenti.it\/blog\/assunzioni-scuola-2023-e-stabilizzazione-precari-dpcm-entro-febbraio\/#breadcrumb","itemListElement":[{"@type":"ListItem","position":1,"name":"Home","item":"https:\/\/www.docenti.it\/blog\/"},{"@type":"ListItem","position":2,"name":"Assunzioni scuola 2023 e stabilizzazione precari: DPCM entro febbraio?"}]},{"@type":"WebSite","@id":"https:\/\/www.docenti.it\/blog\/#website","url":"https:\/\/www.docenti.it\/blog\/","name":"Blog | Docenti.it","description":"Tutte le notizie e gli aggiornamenti dal mondo della scuola","publisher":{"@id":"https:\/\/www.docenti.it\/blog\/#organization"},"potentialAction":[{"@type":"SearchAction","target":{"@type":"EntryPoint","urlTemplate":"https:\/\/www.docenti.it\/blog\/?s={search_term_string}"},"query-input":"required name=search_term_string"}],"inLanguage":"it-IT"},{"@type":"Organization","@id":"https:\/\/www.docenti.it\/blog\/#organization","name":"Blog | Docenti.it","url":"https:\/\/www.docenti.it\/blog\/","logo":{"@type":"ImageObject","inLanguage":"it-IT","@id":"https:\/\/www.docenti.it\/blog\/#\/schema\/logo\/image\/","url":"https:\/\/www.docenti.it\/blog\/wp-content\/uploads\/2025\/06\/fb_mad_img.png","contentUrl":"https:\/\/www.docenti.it\/blog\/wp-content\/uploads\/2025\/06\/fb_mad_img.png","width":1140,"height":620,"caption":"Blog | Docenti.it"},"image":{"@id":"https:\/\/www.docenti.it\/blog\/#\/schema\/logo\/image\/"},"sameAs":["https:\/\/www.facebook.com\/docenti.it"]},{"@type":"Person","@id":"https:\/\/www.docenti.it\/blog\/#\/schema\/person\/99c2fdaf54e96829fe4ed44da8233688","name":"Martina Vaggi","image":{"@type":"ImageObject","inLanguage":"it-IT","@id":"https:\/\/www.docenti.it\/blog\/#\/schema\/person\/image\/","url":"https:\/\/secure.gravatar.com\/avatar\/14a13197979873d693ad915d249e3f54?s=96&d=mm&r=g","contentUrl":"https:\/\/secure.gravatar.com\/avatar\/14a13197979873d693ad915d249e3f54?s=96&d=mm&r=g","caption":"Martina Vaggi"},"description":"Classe 1991, copywriter e scrittrice. Nata a Sale, un paesino in provincia di Alessandria. Scrive dall\u2019et\u00e0 di 10 anni. Nel 2015 si laurea in Lettere Moderne presso l\u2019universit\u00e0 di Pavia. Nel 2020 pubblica il suo primo libro \"Il diario del silenzio - Storie reali di quarantena\" che descrive il processo di cambiamento della vita di 40 persone ai tempi del Covid. Nel 2022 si trasferisce a San Marino per lavorare come copywriter per Docenti.it","sameAs":["https:\/\/pensierisurrealidigentecomune.com\/","https:\/\/www.facebook.com\/profile.php?id=1555867670","https:\/\/www.instagram.com\/martiggi91\/","https:\/\/it.linkedin.com\/in\/martina-vaggi","https:\/\/www.youtube.com\/results?search_query=martina+vaggi"],"url":"https:\/\/www.docenti.it\/blog\/author\/martina-vaggi\/"}]}},"_links":{"self":[{"href":"https:\/\/www.docenti.it\/blog\/wp-json\/wp\/v2\/posts\/43631"}],"collection":[{"href":"https:\/\/www.docenti.it\/blog\/wp-json\/wp\/v2\/posts"}],"about":[{"href":"https:\/\/www.docenti.it\/blog\/wp-json\/wp\/v2\/types\/post"}],"author":[{"embeddable":true,"href":"https:\/\/www.docenti.it\/blog\/wp-json\/wp\/v2\/users\/21"}],"replies":[{"embeddable":true,"href":"https:\/\/www.docenti.it\/blog\/wp-json\/wp\/v2\/comments?post=43631"}],"version-history":[{"count":27,"href":"https:\/\/www.docenti.it\/blog\/wp-json\/wp\/v2\/posts\/43631\/revisions"}],"predecessor-version":[{"id":44379,"href":"https:\/\/www.docenti.it\/blog\/wp-json\/wp\/v2\/posts\/43631\/revisions\/44379"}],"wp:featuredmedia":[{"embeddable":true,"href":"https:\/\/www.docenti.it\/blog\/wp-json\/wp\/v2\/media\/43635"}],"wp:attachment":[{"href":"https:\/\/www.docenti.it\/blog\/wp-json\/wp\/v2\/media?parent=43631"}],"wp:term":[{"taxonomy":"category","embeddable":true,"href":"https:\/\/www.docenti.it\/blog\/wp-json\/wp\/v2\/categories?post=43631"},{"taxonomy":"post_tag","embeddable":true,"href":"https:\/\/www.docenti.it\/blog\/wp-json\/wp\/v2\/tags?post=43631"}],"curies":[{"name":"wp","href":"https:\/\/api.w.org\/{rel}","templated":true}]}}