{"id":43725,"date":"2023-01-26T10:20:25","date_gmt":"2023-01-26T09:20:25","guid":{"rendered":"https:\/\/www.docenti.it\/blog\/?p=43725"},"modified":"2023-01-30T09:58:46","modified_gmt":"2023-01-30T08:58:46","slug":"dirigente-di-comunita-cose-e-come-diventarlo","status":"publish","type":"post","link":"https:\/\/www.docenti.it\/blog\/dirigente-di-comunita-cose-e-come-diventarlo\/","title":{"rendered":"Dirigente di comunit\u00e0: cos\u2019\u00e8 e come diventarlo"},"content":{"rendered":"\n<p>Che cosa fa il <strong>Dirigente di comunit\u00e0<\/strong>: che cos\u2019\u00e8 e quali sono i passi che devi compiere per diventarlo? <\/p>\n\n\n\n<p>Vediamo.<\/p>\n\n\n\n<!--more-->\n\n\n\n<h2>Dirigente di Comunit\u00e0: chi \u00e8 <\/h2>\n\n\n\n<p>Quando si parla di <strong>domande di Messa a Disposizione<\/strong>, i dubbi dei nostri aspiranti docenti sono molti. <\/p>\n\n\n\n<p>Alcuni di questi vertono sul <strong>Dirigente di comunit\u00e0<\/strong>. <br>Alcuni aspiranti docenti ambiscono a ricoprire tale ruolo, o ad <strong>inviare la propria MAD <\/strong>per poterlo diventare.<\/p>\n\n\n\n<p>Ma \u00e8 possibile diventare <strong>Dirigente di comunit\u00e0 <\/strong>inviando una <strong>domanda di Messa a Disposizione<\/strong>? <\/p>\n\n\n\n<p><em>Si.<\/em><br><em>\u00c8 possibile farlo.<\/em><br><em>Ma \u00e8 necessario candidarsi con una MAD per una determinata Classe di Concorso. <\/em><\/p>\n\n\n\n<p>Ma di questo non parleremo adesso. <br>Ne parliamo pi\u00f9 avanti. <\/p>\n\n\n\n<p>Adesso vediamo, prima di tutto, che cos\u2019\u00e8 un<strong> Dirigente di comunit\u00e0 <\/strong>e che cosa fa. <\/p>\n\n\n\n<h2>Che cosa fa un Dirigente di comunit\u00e0?<\/h2>\n\n\n\n<p>Un <strong>Dirigente di comunit\u00e0<\/strong> pu\u00f2 prestare servizio nei vari tipi di comunit\u00e0, in istituzioni a carattere: <\/p>\n\n\n\n<ul><li>formativo; <\/li><li>educativo; <\/li><li>medico sociale;<\/li><li>assistenziale, specialmente nel campo pediatrico, della riabilitazione, della geriatria.<\/li><\/ul>\n\n\n\n<p>Nello specifico, il <strong>Dirigente di comunit\u00e0<\/strong> pu\u00f2 prestare servizio in determinate strutture. <br>Ecco quali:<\/p>\n\n\n\n<ul><li>asili nido; <\/li><li>soggiorni estivi;<\/li><li>convitti;<\/li><li>case per gestanti; <\/li><li>istituzioni permanenti e specializzate; <\/li><li>case di riposo; <\/li><li>refettori scolastici; <\/li><li>e mense aziendali. <\/li><\/ul>\n\n\n\n<p><strong>Possiamo definire il Dirigente di comunit\u00e0 come un professionista polivalente<\/strong>, che ha ricevuto una formazione inerente la direzione e la vita delle comunit\u00e0 e che opera in qualit\u00e0 di:<\/p>\n\n\n\n<ul><li>dirigente;<\/li><li>o tecnico dei servizi assistenziali socio-sanitari ed educativi collettivi. <\/li><\/ul>\n\n\n\n<p>Ma adesso soffermiamoci un momento sul titolo di studi che un Dirigente di comunit\u00e0 deve possedere.<\/p>\n\n\n\n<h3>Che tipo di Diploma deve avere un Dirigente di comunit\u00e0<\/h3>\n\n\n\n<p>Il titolo di studi conseguito dal Dirigente di comunit\u00e0 \u00e8 quello di un <strong>Diploma di specializzazione<\/strong> di &#8220;<em>abilitazione all&#8217;esercizio dell\u2019attivit\u00e0 professionale<\/em>&#8220;, che \u00e8 stato acquisito in Italia, dal 1964 fino al 2015. <\/p>\n\n\n\n<p><em>Ma con il Diploma di Dirigente di comunit\u00e0 che cosa puoi fare?<\/em><\/p>\n\n\n\n<p>Si tratta di un <strong>indirizzo quinquennale di istruzione secondaria superiore<\/strong> che forma il futuro Dirigente di comunit\u00e0 a saper coordinare tutte quelle istituzioni a carattere educativo, formativo e sociale. <\/p>\n\n\n\n<p>Spesso chi sceglie di conseguire questo Diploma, lo fa per avere un maggiore avanzamento di carriera, o, comunque, per aprirsi pi\u00f9 porte nel mondo lavorativo. <\/p>\n\n\n\n<p><em>Ma questo ruolo conferisce davvero maggiori possibilit\u00e0 lavorative?<br>E per quanto riguarda il lato economico?<\/em><\/p>\n\n\n\n<h2>Quanto guadagna un Dirigente di comunit\u00e0?<\/h2>\n\n\n\n<p>\u00c8 stato constatato che in Italia il reddito medio annuo (lordo) del Dirigente di comunit\u00e0 si aggira intorno ai <strong>60.700 euro (circa). <\/strong><\/p>\n\n\n\n<p>Un operatore di comunit\u00e0, invece, percepisce tra i 1.100 e i 1.817 \u20ac lordi al mese, all&#8217;inizio del rapporto di lavoro.&nbsp;<br>Dopo 5 anni, la retribuzione oscilla tra i 1.366 \u20ac e i 2.213 \u20ac al mese per 60 ore lavorative settimanali. <\/p>\n\n\n\n<p>Abbiamo visto chi \u00e8 il Dirigente di comunit\u00e0 e quanto guadagna: adesso vediamo come devi muoverti per diventarlo. <\/p>\n\n\n\n<h3>Come puoi fare per diventarlo?<\/h3>\n\n\n\n<p>Come abbiamo gi\u00e0 scritto nel primo paragrafo, \u00e8 possibile <strong>diventare Dirigente di comunit\u00e0<\/strong> candidandoti con una <strong>MAD Classica<\/strong> <strong>per la Classe di Concorso<\/strong> <strong>B-23<\/strong>&nbsp;(Laboratori per i servizi socio\u2013sanitari).<\/p>\n\n\n\n<p>Chi desidera, infatti, intraprendere un percorso nel mondo scuola pu\u00f2 farlo <strong>candidandosi per tale Classe di Concorso.<\/strong><\/p>\n\n\n\n<p><strong>La domanda di Messa a Disposizione<\/strong>, come gi\u00e0 saprai, \u00e8 un curriculum informale che un diplomato, laureato o aspirante docente pu\u00f2 inviare agli istituti per <strong>candidarsi come supplente nelle scuole.<\/strong> <\/p>\n\n\n\n<p>Per <strong>inviare la tua MAD puoi affidarti a Docenti.it<\/strong>, un realt\u00e0 che si occupa di aiutare diplomati e laureati ad entrare nel mondo scuola da oltre 7 anni: in tutto questo tempo abbiamo aiutato migliaia di docenti ad ottenere incarichi di supplenza con la <strong>domanda di Messa a Disposizione<\/strong>. <\/p>\n\n\n\n<p>Se anche tu vuoi ambire ad ottenere incarichi di supplenza&#8230; affidati a noi!<\/p>\n\n\n\n<p>Qui puoi compilare la tua <strong>Messa a Disposizione<\/strong>. <\/p>\n\n\n<p>[maxbutton id=&#8221;1&#8243; url=&#8221;https:\/\/www.docenti.it\/messa-a-disposizione.html?lnk=104&#8243; text=&#8221;Compila la tua MAD Dirigente di Comunit\u00e0 qui&#8221; ]<\/p>\n\n\n\n<p><\/p>\n\n\n\n<p>Entro 24h lavorative dalla<strong> compilazione della tua MAD sul nostro portale<\/strong>, tu riceverai una chiamata da uno dei nostri consulenti esperti, che si occuper\u00e0 di <strong>riepilogare la tua MAD e ripulirla da eventuali errori. <\/strong><\/p>\n\n\n\n<p>Dopodich\u00e9 la tua domanda verr\u00e0 inviata a tutti gli istituti statali della provincia da te selezionata in fase di compilazione. <\/p>\n\n\n\n<p>E tu riceverai un <strong>REPORT<\/strong> con indicate tutte le scuole che hanno ricevuto la tua candidatura, con i loro contatti: in modo tale che tu possa chiamarle per accertarti dell&#8217;efficienza del nostro servizio. <\/p>\n\n\n\n<p>Il nostro servizio di Invio MAD online \u00e8 tutelato dalla <strong>garanzia Soddisfatti e Rimborsati<\/strong>: questo significa che, se non riceverai il giusto servizio noi ti rimborseremo l&#8217;intero importo!<\/p>\n\n\n\n<p><strong>ATTENZIONE<\/strong>: la garanzia non ti tutela in caso di assenza di convocazione. <br>Sono sempre le scuole a decidere chi convocare e chi no: su questo, noi non abbiamo alcun potere!<\/p>\n\n\n\n<p>Leggi gli ultimi articoli:<\/p>\n\n\n\n<ul><li><a href=\"https:\/\/www.docenti.it\/blog\/graduatorie-gps-il-prossimo-anno-si-potranno-scegliere-le-20-scuole\/\">Graduatorie GPS: il prossimo anno si potranno scegliere le 20 scuole?<\/a><\/li><li><a href=\"https:\/\/www.docenti.it\/blog\/insegnante-di-matematica-cercasi-non-si-trova-nemmeno-da-mad\/\">Insegnante di Matematica cercasi: non si trova nemmeno da MAD<\/a><\/li><li><a href=\"https:\/\/www.docenti.it\/blog\/come-viene-valutata-la-domanda-di-messa-a-disposizione\/\">Come viene valutata la domanda di Messa a Disposizione?<\/a><\/li><li><a href=\"https:\/\/www.docenti.it\/blog\/assunzioni-scuola-2023-e-stabilizzazione-precari-dpcm-entro-febbraio\/\">Assunzioni scuola 2023 e stabilizzazione precari: DPCM entro febbraio?<\/a><\/li><\/ul>\n\n\n\n<p>Photo credit:&nbsp;<a href=\"https:\/\/pixabay.com\/\" target=\"_blank\" rel=\"noreferrer noopener\">Pixabay<\/a><\/p>\n","protected":false},"excerpt":{"rendered":"<p>Che cosa fa il Dirigente di comunit\u00e0: che cos\u2019\u00e8 e quali sono i passi [&hellip;]<\/p>\n","protected":false},"author":21,"featured_media":43727,"comment_status":"open","ping_status":"open","sticky":false,"template":"","format":"standard","meta":[],"categories":[2,4],"tags":[63,27],"yoast_head":"<!-- This site is optimized with the Yoast SEO plugin v20.4 - https:\/\/yoast.com\/wordpress\/plugins\/seo\/ -->\n<title>Dirigente di comunit\u00e0: cos\u2019\u00e8 e come diventarlo<\/title>\n<meta name=\"description\" content=\"Che cosa fa il dirigente di comunit\u00e0: che cos\u2019\u00e8 e quali sono i passi che devi compiere per diventarlo? Vediamo.\" \/>\n<meta name=\"robots\" content=\"index, follow, max-snippet:-1, max-image-preview:large, max-video-preview:-1\" \/>\n<link rel=\"canonical\" href=\"https:\/\/www.docenti.it\/blog\/dirigente-di-comunita-cose-e-come-diventarlo\/\" \/>\n<meta property=\"og:locale\" content=\"it_IT\" \/>\n<meta property=\"og:type\" content=\"article\" \/>\n<meta property=\"og:title\" content=\"Dirigente di comunit\u00e0: cos\u2019\u00e8 e come diventarlo\" \/>\n<meta property=\"og:description\" content=\"Che cosa fa il dirigente di comunit\u00e0: che cos\u2019\u00e8 e quali sono i passi che devi compiere per diventarlo? Vediamo.\" \/>\n<meta property=\"og:url\" content=\"https:\/\/www.docenti.it\/blog\/dirigente-di-comunita-cose-e-come-diventarlo\/\" \/>\n<meta property=\"og:site_name\" content=\"Blog | Docenti.it\" \/>\n<meta property=\"article:publisher\" content=\"https:\/\/www.facebook.com\/docenti.it\" \/>\n<meta property=\"article:author\" content=\"https:\/\/www.facebook.com\/profile.php?id=1555867670\" \/>\n<meta property=\"article:published_time\" content=\"2023-01-26T09:20:25+00:00\" \/>\n<meta property=\"article:modified_time\" content=\"2023-01-30T08:58:46+00:00\" \/>\n<meta property=\"og:image\" content=\"https:\/\/www.docenti.it\/blog\/wp-content\/uploads\/2023\/01\/pexels-matheus-bertelli-3856027.jpg\" \/>\n\t<meta property=\"og:image:width\" content=\"640\" \/>\n\t<meta property=\"og:image:height\" content=\"427\" \/>\n\t<meta property=\"og:image:type\" content=\"image\/jpeg\" \/>\n<meta name=\"author\" content=\"Martina Vaggi\" \/>\n<meta name=\"twitter:card\" content=\"summary_large_image\" \/>\n<meta name=\"twitter:label1\" content=\"Written by\" \/>\n\t<meta name=\"twitter:data1\" content=\"Martina Vaggi\" \/>\n\t<meta name=\"twitter:label2\" content=\"Est. reading time\" \/>\n\t<meta name=\"twitter:data2\" content=\"5 minuti\" \/>\n<script type=\"application\/ld+json\" class=\"yoast-schema-graph\">{\"@context\":\"https:\/\/schema.org\",\"@graph\":[{\"@type\":\"Article\",\"@id\":\"https:\/\/www.docenti.it\/blog\/dirigente-di-comunita-cose-e-come-diventarlo\/#article\",\"isPartOf\":{\"@id\":\"https:\/\/www.docenti.it\/blog\/dirigente-di-comunita-cose-e-come-diventarlo\/\"},\"author\":{\"name\":\"Martina Vaggi\",\"@id\":\"https:\/\/www.docenti.it\/blog\/#\/schema\/person\/99c2fdaf54e96829fe4ed44da8233688\"},\"headline\":\"Dirigente di comunit\u00e0: cos\u2019\u00e8 e come diventarlo\",\"datePublished\":\"2023-01-26T09:20:25+00:00\",\"dateModified\":\"2023-01-30T08:58:46+00:00\",\"mainEntityOfPage\":{\"@id\":\"https:\/\/www.docenti.it\/blog\/dirigente-di-comunita-cose-e-come-diventarlo\/\"},\"wordCount\":807,\"commentCount\":0,\"publisher\":{\"@id\":\"https:\/\/www.docenti.it\/blog\/#organization\"},\"keywords\":[\"diventare insegnante\",\"invio MAD\"],\"articleSection\":[\"Messa a Disposizione\",\"News\"],\"inLanguage\":\"it-IT\",\"potentialAction\":[{\"@type\":\"CommentAction\",\"name\":\"Comment\",\"target\":[\"https:\/\/www.docenti.it\/blog\/dirigente-di-comunita-cose-e-come-diventarlo\/#respond\"]}]},{\"@type\":\"WebPage\",\"@id\":\"https:\/\/www.docenti.it\/blog\/dirigente-di-comunita-cose-e-come-diventarlo\/\",\"url\":\"https:\/\/www.docenti.it\/blog\/dirigente-di-comunita-cose-e-come-diventarlo\/\",\"name\":\"Dirigente di comunit\u00e0: cos\u2019\u00e8 e come diventarlo\",\"isPartOf\":{\"@id\":\"https:\/\/www.docenti.it\/blog\/#website\"},\"datePublished\":\"2023-01-26T09:20:25+00:00\",\"dateModified\":\"2023-01-30T08:58:46+00:00\",\"description\":\"Che cosa fa il dirigente di comunit\u00e0: che cos\u2019\u00e8 e quali sono i passi che devi compiere per diventarlo? Vediamo.\",\"breadcrumb\":{\"@id\":\"https:\/\/www.docenti.it\/blog\/dirigente-di-comunita-cose-e-come-diventarlo\/#breadcrumb\"},\"inLanguage\":\"it-IT\",\"potentialAction\":[{\"@type\":\"ReadAction\",\"target\":[\"https:\/\/www.docenti.it\/blog\/dirigente-di-comunita-cose-e-come-diventarlo\/\"]}]},{\"@type\":\"BreadcrumbList\",\"@id\":\"https:\/\/www.docenti.it\/blog\/dirigente-di-comunita-cose-e-come-diventarlo\/#breadcrumb\",\"itemListElement\":[{\"@type\":\"ListItem\",\"position\":1,\"name\":\"Home\",\"item\":\"https:\/\/www.docenti.it\/blog\/\"},{\"@type\":\"ListItem\",\"position\":2,\"name\":\"Dirigente di comunit\u00e0: cos\u2019\u00e8 e come diventarlo\"}]},{\"@type\":\"WebSite\",\"@id\":\"https:\/\/www.docenti.it\/blog\/#website\",\"url\":\"https:\/\/www.docenti.it\/blog\/\",\"name\":\"Blog | Docenti.it\",\"description\":\"Tutte le notizie e gli aggiornamenti dal mondo della scuola\",\"publisher\":{\"@id\":\"https:\/\/www.docenti.it\/blog\/#organization\"},\"potentialAction\":[{\"@type\":\"SearchAction\",\"target\":{\"@type\":\"EntryPoint\",\"urlTemplate\":\"https:\/\/www.docenti.it\/blog\/?s={search_term_string}\"},\"query-input\":\"required name=search_term_string\"}],\"inLanguage\":\"it-IT\"},{\"@type\":\"Organization\",\"@id\":\"https:\/\/www.docenti.it\/blog\/#organization\",\"name\":\"Blog | Docenti.it\",\"url\":\"https:\/\/www.docenti.it\/blog\/\",\"logo\":{\"@type\":\"ImageObject\",\"inLanguage\":\"it-IT\",\"@id\":\"https:\/\/www.docenti.it\/blog\/#\/schema\/logo\/image\/\",\"url\":\"https:\/\/www.docenti.it\/blog\/wp-content\/uploads\/2025\/06\/fb_mad_img.png\",\"contentUrl\":\"https:\/\/www.docenti.it\/blog\/wp-content\/uploads\/2025\/06\/fb_mad_img.png\",\"width\":1140,\"height\":620,\"caption\":\"Blog | Docenti.it\"},\"image\":{\"@id\":\"https:\/\/www.docenti.it\/blog\/#\/schema\/logo\/image\/\"},\"sameAs\":[\"https:\/\/www.facebook.com\/docenti.it\"]},{\"@type\":\"Person\",\"@id\":\"https:\/\/www.docenti.it\/blog\/#\/schema\/person\/99c2fdaf54e96829fe4ed44da8233688\",\"name\":\"Martina Vaggi\",\"image\":{\"@type\":\"ImageObject\",\"inLanguage\":\"it-IT\",\"@id\":\"https:\/\/www.docenti.it\/blog\/#\/schema\/person\/image\/\",\"url\":\"https:\/\/secure.gravatar.com\/avatar\/14a13197979873d693ad915d249e3f54?s=96&d=mm&r=g\",\"contentUrl\":\"https:\/\/secure.gravatar.com\/avatar\/14a13197979873d693ad915d249e3f54?s=96&d=mm&r=g\",\"caption\":\"Martina Vaggi\"},\"description\":\"Classe 1991, copywriter e scrittrice. Nata a Sale, un paesino in provincia di Alessandria. Scrive dall\u2019et\u00e0 di 10 anni. Nel 2015 si laurea in Lettere Moderne presso l\u2019universit\u00e0 di Pavia. Nel 2020 pubblica il suo primo libro \\\"Il diario del silenzio - Storie reali di quarantena\\\" che descrive il processo di cambiamento della vita di 40 persone ai tempi del Covid. Nel 2022 si trasferisce a San Marino per lavorare come copywriter per Docenti.it\",\"sameAs\":[\"https:\/\/pensierisurrealidigentecomune.com\/\",\"https:\/\/www.facebook.com\/profile.php?id=1555867670\",\"https:\/\/www.instagram.com\/martiggi91\/\",\"https:\/\/it.linkedin.com\/in\/martina-vaggi\",\"https:\/\/www.youtube.com\/results?search_query=martina+vaggi\"],\"url\":\"https:\/\/www.docenti.it\/blog\/author\/martina-vaggi\/\"}]}<\/script>\n<!-- \/ Yoast SEO plugin. -->","yoast_head_json":{"title":"Dirigente di comunit\u00e0: cos\u2019\u00e8 e come diventarlo","description":"Che cosa fa il dirigente di comunit\u00e0: che cos\u2019\u00e8 e quali sono i passi che devi compiere per diventarlo? Vediamo.","robots":{"index":"index","follow":"follow","max-snippet":"max-snippet:-1","max-image-preview":"max-image-preview:large","max-video-preview":"max-video-preview:-1"},"canonical":"https:\/\/www.docenti.it\/blog\/dirigente-di-comunita-cose-e-come-diventarlo\/","og_locale":"it_IT","og_type":"article","og_title":"Dirigente di comunit\u00e0: cos\u2019\u00e8 e come diventarlo","og_description":"Che cosa fa il dirigente di comunit\u00e0: che cos\u2019\u00e8 e quali sono i passi che devi compiere per diventarlo? Vediamo.","og_url":"https:\/\/www.docenti.it\/blog\/dirigente-di-comunita-cose-e-come-diventarlo\/","og_site_name":"Blog | Docenti.it","article_publisher":"https:\/\/www.facebook.com\/docenti.it","article_author":"https:\/\/www.facebook.com\/profile.php?id=1555867670","article_published_time":"2023-01-26T09:20:25+00:00","article_modified_time":"2023-01-30T08:58:46+00:00","og_image":[{"width":640,"height":427,"url":"https:\/\/www.docenti.it\/blog\/wp-content\/uploads\/2023\/01\/pexels-matheus-bertelli-3856027.jpg","type":"image\/jpeg"}],"author":"Martina Vaggi","twitter_card":"summary_large_image","twitter_misc":{"Written by":"Martina Vaggi","Est. reading time":"5 minuti"},"schema":{"@context":"https:\/\/schema.org","@graph":[{"@type":"Article","@id":"https:\/\/www.docenti.it\/blog\/dirigente-di-comunita-cose-e-come-diventarlo\/#article","isPartOf":{"@id":"https:\/\/www.docenti.it\/blog\/dirigente-di-comunita-cose-e-come-diventarlo\/"},"author":{"name":"Martina Vaggi","@id":"https:\/\/www.docenti.it\/blog\/#\/schema\/person\/99c2fdaf54e96829fe4ed44da8233688"},"headline":"Dirigente di comunit\u00e0: cos\u2019\u00e8 e come diventarlo","datePublished":"2023-01-26T09:20:25+00:00","dateModified":"2023-01-30T08:58:46+00:00","mainEntityOfPage":{"@id":"https:\/\/www.docenti.it\/blog\/dirigente-di-comunita-cose-e-come-diventarlo\/"},"wordCount":807,"commentCount":0,"publisher":{"@id":"https:\/\/www.docenti.it\/blog\/#organization"},"keywords":["diventare insegnante","invio MAD"],"articleSection":["Messa a Disposizione","News"],"inLanguage":"it-IT","potentialAction":[{"@type":"CommentAction","name":"Comment","target":["https:\/\/www.docenti.it\/blog\/dirigente-di-comunita-cose-e-come-diventarlo\/#respond"]}]},{"@type":"WebPage","@id":"https:\/\/www.docenti.it\/blog\/dirigente-di-comunita-cose-e-come-diventarlo\/","url":"https:\/\/www.docenti.it\/blog\/dirigente-di-comunita-cose-e-come-diventarlo\/","name":"Dirigente di comunit\u00e0: cos\u2019\u00e8 e come diventarlo","isPartOf":{"@id":"https:\/\/www.docenti.it\/blog\/#website"},"datePublished":"2023-01-26T09:20:25+00:00","dateModified":"2023-01-30T08:58:46+00:00","description":"Che cosa fa il dirigente di comunit\u00e0: che cos\u2019\u00e8 e quali sono i passi che devi compiere per diventarlo? Vediamo.","breadcrumb":{"@id":"https:\/\/www.docenti.it\/blog\/dirigente-di-comunita-cose-e-come-diventarlo\/#breadcrumb"},"inLanguage":"it-IT","potentialAction":[{"@type":"ReadAction","target":["https:\/\/www.docenti.it\/blog\/dirigente-di-comunita-cose-e-come-diventarlo\/"]}]},{"@type":"BreadcrumbList","@id":"https:\/\/www.docenti.it\/blog\/dirigente-di-comunita-cose-e-come-diventarlo\/#breadcrumb","itemListElement":[{"@type":"ListItem","position":1,"name":"Home","item":"https:\/\/www.docenti.it\/blog\/"},{"@type":"ListItem","position":2,"name":"Dirigente di comunit\u00e0: cos\u2019\u00e8 e come diventarlo"}]},{"@type":"WebSite","@id":"https:\/\/www.docenti.it\/blog\/#website","url":"https:\/\/www.docenti.it\/blog\/","name":"Blog | Docenti.it","description":"Tutte le notizie e gli aggiornamenti dal mondo della scuola","publisher":{"@id":"https:\/\/www.docenti.it\/blog\/#organization"},"potentialAction":[{"@type":"SearchAction","target":{"@type":"EntryPoint","urlTemplate":"https:\/\/www.docenti.it\/blog\/?s={search_term_string}"},"query-input":"required name=search_term_string"}],"inLanguage":"it-IT"},{"@type":"Organization","@id":"https:\/\/www.docenti.it\/blog\/#organization","name":"Blog | Docenti.it","url":"https:\/\/www.docenti.it\/blog\/","logo":{"@type":"ImageObject","inLanguage":"it-IT","@id":"https:\/\/www.docenti.it\/blog\/#\/schema\/logo\/image\/","url":"https:\/\/www.docenti.it\/blog\/wp-content\/uploads\/2025\/06\/fb_mad_img.png","contentUrl":"https:\/\/www.docenti.it\/blog\/wp-content\/uploads\/2025\/06\/fb_mad_img.png","width":1140,"height":620,"caption":"Blog | Docenti.it"},"image":{"@id":"https:\/\/www.docenti.it\/blog\/#\/schema\/logo\/image\/"},"sameAs":["https:\/\/www.facebook.com\/docenti.it"]},{"@type":"Person","@id":"https:\/\/www.docenti.it\/blog\/#\/schema\/person\/99c2fdaf54e96829fe4ed44da8233688","name":"Martina Vaggi","image":{"@type":"ImageObject","inLanguage":"it-IT","@id":"https:\/\/www.docenti.it\/blog\/#\/schema\/person\/image\/","url":"https:\/\/secure.gravatar.com\/avatar\/14a13197979873d693ad915d249e3f54?s=96&d=mm&r=g","contentUrl":"https:\/\/secure.gravatar.com\/avatar\/14a13197979873d693ad915d249e3f54?s=96&d=mm&r=g","caption":"Martina Vaggi"},"description":"Classe 1991, copywriter e scrittrice. Nata a Sale, un paesino in provincia di Alessandria. Scrive dall\u2019et\u00e0 di 10 anni. Nel 2015 si laurea in Lettere Moderne presso l\u2019universit\u00e0 di Pavia. Nel 2020 pubblica il suo primo libro \"Il diario del silenzio - Storie reali di quarantena\" che descrive il processo di cambiamento della vita di 40 persone ai tempi del Covid. Nel 2022 si trasferisce a San Marino per lavorare come copywriter per Docenti.it","sameAs":["https:\/\/pensierisurrealidigentecomune.com\/","https:\/\/www.facebook.com\/profile.php?id=1555867670","https:\/\/www.instagram.com\/martiggi91\/","https:\/\/it.linkedin.com\/in\/martina-vaggi","https:\/\/www.youtube.com\/results?search_query=martina+vaggi"],"url":"https:\/\/www.docenti.it\/blog\/author\/martina-vaggi\/"}]}},"_links":{"self":[{"href":"https:\/\/www.docenti.it\/blog\/wp-json\/wp\/v2\/posts\/43725"}],"collection":[{"href":"https:\/\/www.docenti.it\/blog\/wp-json\/wp\/v2\/posts"}],"about":[{"href":"https:\/\/www.docenti.it\/blog\/wp-json\/wp\/v2\/types\/post"}],"author":[{"embeddable":true,"href":"https:\/\/www.docenti.it\/blog\/wp-json\/wp\/v2\/users\/21"}],"replies":[{"embeddable":true,"href":"https:\/\/www.docenti.it\/blog\/wp-json\/wp\/v2\/comments?post=43725"}],"version-history":[{"count":62,"href":"https:\/\/www.docenti.it\/blog\/wp-json\/wp\/v2\/posts\/43725\/revisions"}],"predecessor-version":[{"id":44084,"href":"https:\/\/www.docenti.it\/blog\/wp-json\/wp\/v2\/posts\/43725\/revisions\/44084"}],"wp:featuredmedia":[{"embeddable":true,"href":"https:\/\/www.docenti.it\/blog\/wp-json\/wp\/v2\/media\/43727"}],"wp:attachment":[{"href":"https:\/\/www.docenti.it\/blog\/wp-json\/wp\/v2\/media?parent=43725"}],"wp:term":[{"taxonomy":"category","embeddable":true,"href":"https:\/\/www.docenti.it\/blog\/wp-json\/wp\/v2\/categories?post=43725"},{"taxonomy":"post_tag","embeddable":true,"href":"https:\/\/www.docenti.it\/blog\/wp-json\/wp\/v2\/tags?post=43725"}],"curies":[{"name":"wp","href":"https:\/\/api.w.org\/{rel}","templated":true}]}}