{"id":43941,"date":"2023-01-26T12:39:27","date_gmt":"2023-01-26T11:39:27","guid":{"rendered":"https:\/\/www.docenti.it\/blog\/?p=43941"},"modified":"2023-01-30T12:15:17","modified_gmt":"2023-01-30T11:15:17","slug":"proroga-contratti-personale-ata-le-ultime-notizie","status":"publish","type":"post","link":"https:\/\/www.docenti.it\/blog\/proroga-contratti-personale-ata-le-ultime-notizie\/","title":{"rendered":"Proroga contratti Personale ATA: le ultime notizie"},"content":{"rendered":"\n<p><strong>Proroga contratto Personale ATA<\/strong><em>: <\/em>quando \u00e8 previsto?<\/p>\n\n\n\n<p>E quando ci sar\u00e0 il pagamento per il periodo natalizio?<\/p>\n\n\n\n<!--more-->\n\n\n\n<h2>Proroga contratti Personale ATA: in quali casi \u00e8 previsto?<\/h2>\n\n\n\n<p><em>Quando \u00e8 prevista la proroga contratti Personale ATA?<\/em><\/p>\n\n\n\n<p>Per quanto riguarda il Personale Amministrativo, Tecnico e Ausiliario delle scuole, tale materia \u00e8 disciplinata e regolata dall&#8217;articolo 60 del CCNL 2007 che tutt&#8217;ora vige. <br>Per il personale docente, invece, dobbiamo guardare ai commi 2 e 3 dell\u2019articolo 40.<\/p>\n\n\n\n<p>Su entrambi i regolamenti leggiamo che <strong>nei casi di assunzione in sostituzione di personale che in quel momento risulta assente, nel contratto individuale viene specificato il nominativo del dipendente sostituito<\/strong>, per iscritto.<\/p>\n\n\n\n<p>In quei casi, se il docente titolare si assenta, il rapporto di lavoro a tempo determinato del supplente sostituto \u00e8 in vigore per l&#8217;intera durata dell&#8217;assenza. <br>Questo, per\u00f2, con la presenza di determinate condizioni:<\/p>\n\n\n\n<ol><li><strong>se il docente si assenta in un&#8217;unica soluzione a decorrere da una data<\/strong>, che sia anteriore di 7 giorni (almeno) all&#8217;inizio di un periodo di sospensione delle lezioni che sia pre-determinato;<\/li><li>inoltre, <strong>l&#8217;assenza deve protrarsi fino ad una data che non sia inferiore ai 7 giorni successivi a quello di ripresa delle lezioni<\/strong>;<\/li><li>tale assenza rivela esclusivamente la continuativa e oggettiva assenza del titolare, in maniera del tutto indipendente dalle sottostanti procedure che giustifichino l&#8217;assenza del titolare stesso. <\/li><\/ol>\n\n\n\n<h2>Quando \u00e8 prevista la proroga e il pagamento?<\/h2>\n\n\n\n<p>Una volta sottolineato questo, in caso di una supplenza breve,<strong> la proroga contratti Personale ATA e docent<\/strong>i e il pagamento del periodo di sospensione delle lezioni vengono concesse ai suddetti secondo determinate condizioni:<\/p>\n\n\n\n<ol><li><strong>chi ne ha diritto deve risultare assente da almeno 7 giorni,<\/strong> prima dell&#8217;inizio del periodo di sospensione delle lezioni;<\/li><li><strong>il candidato deve dare l&#8217;apposita documentazione che ne giustifichi l&#8217;assenza nel corso del periodo di sospensione delle lezioni <\/strong>e fino a 7 giorni (almeno) dopo la ripresa;<\/li><li><strong>il candidato pu\u00f2 anche ricorrere a ferie, concedi o malattia per giustificare l&#8217;assenza<\/strong>, a patto che essa sia continuativa. <\/li><\/ol>\n\n\n\n<p>Se viene a mancare anche solo una delle condizioni sopra citate, il supplente non avr\u00e0 diritto alla proroga delle supplenze e al relativo pagamento della sospensione delle lezioni. <\/p>\n\n\n\n<h3>Assenza del candidato: cosa dice la norma<\/h3>\n\n\n\n<p>Per quanto riguarda l&#8217;assenza del candidato, <strong>quello che conta realmente \u00e8 che l&#8217;assenza sia continuativa <\/strong>(esattamente come abbiamo gi\u00e0 sottolineato nel paragrafo precedente): di conseguenza, si pu\u00f2 anche cambiare la motivazione che la giustifichi e questo non pregiudicher\u00e0 in alcun modo la proroga del contratto. <\/p>\n\n\n\n<p>Ma leggiamo che cosa dichiara il Ministero con la&nbsp;<a href=\"https:\/\/www.orizzontescuola.it\/wp-content\/uploads\/2023\/01\/Nota-13650-del-18-dicembre-2013-Retribuzioni-personale-scuola.pdf\">nota n. 13650\/2013<\/a>:<\/p>\n\n\n\n<p>&#8220;<em>Le disposizioni citate<\/em>&nbsp;(art. 40 e art 60 CCNL 2007)&nbsp;<em>prevedono che qualora il titolare si assenti in un\u2019unica soluzione a decorrere da data anteriore di almeno 7 giorni dall\u2019inizio di un periodo predeterminato di&nbsp;sospensione delle lezioni e fino a una data non inferiore a 7 giorni successivi a quello di ripresa delle lezioni, il rapporto di lavoro a tempo determinato nei riguardi del supplente temporaneo venga costituito per l\u2019intera durata dell\u2019assenza, includendovi, quindi, anche il periodo sospensivo delle lezioni.&nbsp;<strong>L\u2019ARAN ha, poi, successivamente chiarito che la fattispecie si realizza a prescindere da come siano avvenute le modalit\u00e0 di assenza del titolare e cio\u00e8 sia con unica richiesta di assenza o con pi\u00f9 richieste presentate in successione<\/strong>.<\/em>&#8220;<\/p>\n\n\n\n<p>Leggi gli ultimi articoli:<\/p>\n\n\n\n<ul><li><a href=\"https:\/\/www.docenti.it\/blog\/stipendio-docenti-valditara-propone-aumenti-per-gli-insegnanti-del-nord\/\">Stipendio docenti: Valditara propone aumenti per gli insegnanti del Nord<\/a><\/li><li><a href=\"https:\/\/www.docenti.it\/blog\/dirigente-di-comunita-cose-e-come-diventarlo\/\">Dirigente di comunit\u00e0: cos\u2019\u00e8 e come diventarlo<\/a><\/li><li><a href=\"https:\/\/www.docenti.it\/blog\/graduatorie-gps-il-prossimo-anno-si-potranno-scegliere-le-20-scuole\/\">Graduatorie GPS: il prossimo anno si potranno scegliere le 20 scuole?<\/a><\/li><li><a href=\"https:\/\/www.docenti.it\/blog\/insegnante-di-matematica-cercasi-non-si-trova-nemmeno-da-mad\/\">Insegnante di Matematica cercasi: non si trova nemmeno da MAD<\/a><\/li><\/ul>\n\n\n\n<p>Photo credit: <strong><a href=\"https:\/\/pixabay.com\/\" target=\"_blank\" rel=\"noreferrer noopener\">Pixabay<\/a><\/strong><\/p>\n","protected":false},"excerpt":{"rendered":"<p>Proroga contratto Personale ATA: quando \u00e8 previsto? E quando ci sar\u00e0 il pagamento per [&hellip;]<\/p>\n","protected":false},"author":21,"featured_media":43943,"comment_status":"open","ping_status":"open","sticky":false,"template":"","format":"standard","meta":[],"categories":[4,82],"tags":[],"yoast_head":"<!-- This site is optimized with the Yoast SEO plugin v20.4 - https:\/\/yoast.com\/wordpress\/plugins\/seo\/ -->\n<title>Proroga contratti Personale ATA: le ultime notizie<\/title>\n<meta name=\"description\" content=\"Proroga contratto Personale ATA: quando \u00e8 previsto? E quando ci sar\u00e0 il pagamento per il periodo natalizio?\" \/>\n<meta name=\"robots\" content=\"index, follow, max-snippet:-1, max-image-preview:large, max-video-preview:-1\" \/>\n<link rel=\"canonical\" href=\"https:\/\/www.docenti.it\/blog\/proroga-contratti-personale-ata-le-ultime-notizie\/\" \/>\n<meta property=\"og:locale\" content=\"it_IT\" \/>\n<meta property=\"og:type\" content=\"article\" \/>\n<meta property=\"og:title\" content=\"Proroga contratti Personale ATA: le ultime notizie\" \/>\n<meta property=\"og:description\" content=\"Proroga contratto Personale ATA: quando \u00e8 previsto? E quando ci sar\u00e0 il pagamento per il periodo natalizio?\" \/>\n<meta property=\"og:url\" content=\"https:\/\/www.docenti.it\/blog\/proroga-contratti-personale-ata-le-ultime-notizie\/\" \/>\n<meta property=\"og:site_name\" content=\"Blog | Docenti.it\" \/>\n<meta property=\"article:publisher\" content=\"https:\/\/www.facebook.com\/docenti.it\" \/>\n<meta property=\"article:author\" content=\"https:\/\/www.facebook.com\/profile.php?id=1555867670\" \/>\n<meta property=\"article:published_time\" content=\"2023-01-26T11:39:27+00:00\" \/>\n<meta property=\"article:modified_time\" content=\"2023-01-30T11:15:17+00:00\" \/>\n<meta property=\"og:image\" content=\"https:\/\/www.docenti.it\/blog\/wp-content\/uploads\/2023\/01\/man-g2bd2456a2_640.jpg\" \/>\n\t<meta property=\"og:image:width\" content=\"640\" \/>\n\t<meta property=\"og:image:height\" content=\"427\" \/>\n\t<meta property=\"og:image:type\" content=\"image\/jpeg\" \/>\n<meta name=\"author\" content=\"Martina Vaggi\" \/>\n<meta name=\"twitter:card\" content=\"summary_large_image\" \/>\n<meta name=\"twitter:label1\" content=\"Written by\" \/>\n\t<meta name=\"twitter:data1\" content=\"Martina Vaggi\" \/>\n\t<meta name=\"twitter:label2\" content=\"Est. reading time\" \/>\n\t<meta name=\"twitter:data2\" content=\"4 minuti\" \/>\n<script type=\"application\/ld+json\" class=\"yoast-schema-graph\">{\"@context\":\"https:\/\/schema.org\",\"@graph\":[{\"@type\":\"Article\",\"@id\":\"https:\/\/www.docenti.it\/blog\/proroga-contratti-personale-ata-le-ultime-notizie\/#article\",\"isPartOf\":{\"@id\":\"https:\/\/www.docenti.it\/blog\/proroga-contratti-personale-ata-le-ultime-notizie\/\"},\"author\":{\"name\":\"Martina Vaggi\",\"@id\":\"https:\/\/www.docenti.it\/blog\/#\/schema\/person\/99c2fdaf54e96829fe4ed44da8233688\"},\"headline\":\"Proroga contratti Personale ATA: le ultime notizie\",\"datePublished\":\"2023-01-26T11:39:27+00:00\",\"dateModified\":\"2023-01-30T11:15:17+00:00\",\"mainEntityOfPage\":{\"@id\":\"https:\/\/www.docenti.it\/blog\/proroga-contratti-personale-ata-le-ultime-notizie\/\"},\"wordCount\":573,\"commentCount\":0,\"publisher\":{\"@id\":\"https:\/\/www.docenti.it\/blog\/#organization\"},\"articleSection\":[\"News\",\"Personale ATA\"],\"inLanguage\":\"it-IT\",\"potentialAction\":[{\"@type\":\"CommentAction\",\"name\":\"Comment\",\"target\":[\"https:\/\/www.docenti.it\/blog\/proroga-contratti-personale-ata-le-ultime-notizie\/#respond\"]}]},{\"@type\":\"WebPage\",\"@id\":\"https:\/\/www.docenti.it\/blog\/proroga-contratti-personale-ata-le-ultime-notizie\/\",\"url\":\"https:\/\/www.docenti.it\/blog\/proroga-contratti-personale-ata-le-ultime-notizie\/\",\"name\":\"Proroga contratti Personale ATA: le ultime notizie\",\"isPartOf\":{\"@id\":\"https:\/\/www.docenti.it\/blog\/#website\"},\"datePublished\":\"2023-01-26T11:39:27+00:00\",\"dateModified\":\"2023-01-30T11:15:17+00:00\",\"description\":\"Proroga contratto Personale ATA: quando \u00e8 previsto? E quando ci sar\u00e0 il pagamento per il periodo natalizio?\",\"breadcrumb\":{\"@id\":\"https:\/\/www.docenti.it\/blog\/proroga-contratti-personale-ata-le-ultime-notizie\/#breadcrumb\"},\"inLanguage\":\"it-IT\",\"potentialAction\":[{\"@type\":\"ReadAction\",\"target\":[\"https:\/\/www.docenti.it\/blog\/proroga-contratti-personale-ata-le-ultime-notizie\/\"]}]},{\"@type\":\"BreadcrumbList\",\"@id\":\"https:\/\/www.docenti.it\/blog\/proroga-contratti-personale-ata-le-ultime-notizie\/#breadcrumb\",\"itemListElement\":[{\"@type\":\"ListItem\",\"position\":1,\"name\":\"Home\",\"item\":\"https:\/\/www.docenti.it\/blog\/\"},{\"@type\":\"ListItem\",\"position\":2,\"name\":\"Proroga contratti Personale ATA: le ultime notizie\"}]},{\"@type\":\"WebSite\",\"@id\":\"https:\/\/www.docenti.it\/blog\/#website\",\"url\":\"https:\/\/www.docenti.it\/blog\/\",\"name\":\"Blog | Docenti.it\",\"description\":\"Tutte le notizie e gli aggiornamenti dal mondo della scuola\",\"publisher\":{\"@id\":\"https:\/\/www.docenti.it\/blog\/#organization\"},\"potentialAction\":[{\"@type\":\"SearchAction\",\"target\":{\"@type\":\"EntryPoint\",\"urlTemplate\":\"https:\/\/www.docenti.it\/blog\/?s={search_term_string}\"},\"query-input\":\"required name=search_term_string\"}],\"inLanguage\":\"it-IT\"},{\"@type\":\"Organization\",\"@id\":\"https:\/\/www.docenti.it\/blog\/#organization\",\"name\":\"Blog | Docenti.it\",\"url\":\"https:\/\/www.docenti.it\/blog\/\",\"logo\":{\"@type\":\"ImageObject\",\"inLanguage\":\"it-IT\",\"@id\":\"https:\/\/www.docenti.it\/blog\/#\/schema\/logo\/image\/\",\"url\":\"https:\/\/www.docenti.it\/blog\/wp-content\/uploads\/2025\/06\/fb_mad_img.png\",\"contentUrl\":\"https:\/\/www.docenti.it\/blog\/wp-content\/uploads\/2025\/06\/fb_mad_img.png\",\"width\":1140,\"height\":620,\"caption\":\"Blog | Docenti.it\"},\"image\":{\"@id\":\"https:\/\/www.docenti.it\/blog\/#\/schema\/logo\/image\/\"},\"sameAs\":[\"https:\/\/www.facebook.com\/docenti.it\"]},{\"@type\":\"Person\",\"@id\":\"https:\/\/www.docenti.it\/blog\/#\/schema\/person\/99c2fdaf54e96829fe4ed44da8233688\",\"name\":\"Martina Vaggi\",\"image\":{\"@type\":\"ImageObject\",\"inLanguage\":\"it-IT\",\"@id\":\"https:\/\/www.docenti.it\/blog\/#\/schema\/person\/image\/\",\"url\":\"https:\/\/secure.gravatar.com\/avatar\/14a13197979873d693ad915d249e3f54?s=96&d=mm&r=g\",\"contentUrl\":\"https:\/\/secure.gravatar.com\/avatar\/14a13197979873d693ad915d249e3f54?s=96&d=mm&r=g\",\"caption\":\"Martina Vaggi\"},\"description\":\"Classe 1991, copywriter e scrittrice. Nata a Sale, un paesino in provincia di Alessandria. Scrive dall\u2019et\u00e0 di 10 anni. Nel 2015 si laurea in Lettere Moderne presso l\u2019universit\u00e0 di Pavia. Nel 2020 pubblica il suo primo libro \\\"Il diario del silenzio - Storie reali di quarantena\\\" che descrive il processo di cambiamento della vita di 40 persone ai tempi del Covid. Nel 2022 si trasferisce a San Marino per lavorare come copywriter per Docenti.it\",\"sameAs\":[\"https:\/\/pensierisurrealidigentecomune.com\/\",\"https:\/\/www.facebook.com\/profile.php?id=1555867670\",\"https:\/\/www.instagram.com\/martiggi91\/\",\"https:\/\/it.linkedin.com\/in\/martina-vaggi\",\"https:\/\/www.youtube.com\/results?search_query=martina+vaggi\"],\"url\":\"https:\/\/www.docenti.it\/blog\/author\/martina-vaggi\/\"}]}<\/script>\n<!-- \/ Yoast SEO plugin. -->","yoast_head_json":{"title":"Proroga contratti Personale ATA: le ultime notizie","description":"Proroga contratto Personale ATA: quando \u00e8 previsto? E quando ci sar\u00e0 il pagamento per il periodo natalizio?","robots":{"index":"index","follow":"follow","max-snippet":"max-snippet:-1","max-image-preview":"max-image-preview:large","max-video-preview":"max-video-preview:-1"},"canonical":"https:\/\/www.docenti.it\/blog\/proroga-contratti-personale-ata-le-ultime-notizie\/","og_locale":"it_IT","og_type":"article","og_title":"Proroga contratti Personale ATA: le ultime notizie","og_description":"Proroga contratto Personale ATA: quando \u00e8 previsto? E quando ci sar\u00e0 il pagamento per il periodo natalizio?","og_url":"https:\/\/www.docenti.it\/blog\/proroga-contratti-personale-ata-le-ultime-notizie\/","og_site_name":"Blog | Docenti.it","article_publisher":"https:\/\/www.facebook.com\/docenti.it","article_author":"https:\/\/www.facebook.com\/profile.php?id=1555867670","article_published_time":"2023-01-26T11:39:27+00:00","article_modified_time":"2023-01-30T11:15:17+00:00","og_image":[{"width":640,"height":427,"url":"https:\/\/www.docenti.it\/blog\/wp-content\/uploads\/2023\/01\/man-g2bd2456a2_640.jpg","type":"image\/jpeg"}],"author":"Martina Vaggi","twitter_card":"summary_large_image","twitter_misc":{"Written by":"Martina Vaggi","Est. reading time":"4 minuti"},"schema":{"@context":"https:\/\/schema.org","@graph":[{"@type":"Article","@id":"https:\/\/www.docenti.it\/blog\/proroga-contratti-personale-ata-le-ultime-notizie\/#article","isPartOf":{"@id":"https:\/\/www.docenti.it\/blog\/proroga-contratti-personale-ata-le-ultime-notizie\/"},"author":{"name":"Martina Vaggi","@id":"https:\/\/www.docenti.it\/blog\/#\/schema\/person\/99c2fdaf54e96829fe4ed44da8233688"},"headline":"Proroga contratti Personale ATA: le ultime notizie","datePublished":"2023-01-26T11:39:27+00:00","dateModified":"2023-01-30T11:15:17+00:00","mainEntityOfPage":{"@id":"https:\/\/www.docenti.it\/blog\/proroga-contratti-personale-ata-le-ultime-notizie\/"},"wordCount":573,"commentCount":0,"publisher":{"@id":"https:\/\/www.docenti.it\/blog\/#organization"},"articleSection":["News","Personale ATA"],"inLanguage":"it-IT","potentialAction":[{"@type":"CommentAction","name":"Comment","target":["https:\/\/www.docenti.it\/blog\/proroga-contratti-personale-ata-le-ultime-notizie\/#respond"]}]},{"@type":"WebPage","@id":"https:\/\/www.docenti.it\/blog\/proroga-contratti-personale-ata-le-ultime-notizie\/","url":"https:\/\/www.docenti.it\/blog\/proroga-contratti-personale-ata-le-ultime-notizie\/","name":"Proroga contratti Personale ATA: le ultime notizie","isPartOf":{"@id":"https:\/\/www.docenti.it\/blog\/#website"},"datePublished":"2023-01-26T11:39:27+00:00","dateModified":"2023-01-30T11:15:17+00:00","description":"Proroga contratto Personale ATA: quando \u00e8 previsto? E quando ci sar\u00e0 il pagamento per il periodo natalizio?","breadcrumb":{"@id":"https:\/\/www.docenti.it\/blog\/proroga-contratti-personale-ata-le-ultime-notizie\/#breadcrumb"},"inLanguage":"it-IT","potentialAction":[{"@type":"ReadAction","target":["https:\/\/www.docenti.it\/blog\/proroga-contratti-personale-ata-le-ultime-notizie\/"]}]},{"@type":"BreadcrumbList","@id":"https:\/\/www.docenti.it\/blog\/proroga-contratti-personale-ata-le-ultime-notizie\/#breadcrumb","itemListElement":[{"@type":"ListItem","position":1,"name":"Home","item":"https:\/\/www.docenti.it\/blog\/"},{"@type":"ListItem","position":2,"name":"Proroga contratti Personale ATA: le ultime notizie"}]},{"@type":"WebSite","@id":"https:\/\/www.docenti.it\/blog\/#website","url":"https:\/\/www.docenti.it\/blog\/","name":"Blog | Docenti.it","description":"Tutte le notizie e gli aggiornamenti dal mondo della scuola","publisher":{"@id":"https:\/\/www.docenti.it\/blog\/#organization"},"potentialAction":[{"@type":"SearchAction","target":{"@type":"EntryPoint","urlTemplate":"https:\/\/www.docenti.it\/blog\/?s={search_term_string}"},"query-input":"required name=search_term_string"}],"inLanguage":"it-IT"},{"@type":"Organization","@id":"https:\/\/www.docenti.it\/blog\/#organization","name":"Blog | Docenti.it","url":"https:\/\/www.docenti.it\/blog\/","logo":{"@type":"ImageObject","inLanguage":"it-IT","@id":"https:\/\/www.docenti.it\/blog\/#\/schema\/logo\/image\/","url":"https:\/\/www.docenti.it\/blog\/wp-content\/uploads\/2025\/06\/fb_mad_img.png","contentUrl":"https:\/\/www.docenti.it\/blog\/wp-content\/uploads\/2025\/06\/fb_mad_img.png","width":1140,"height":620,"caption":"Blog | Docenti.it"},"image":{"@id":"https:\/\/www.docenti.it\/blog\/#\/schema\/logo\/image\/"},"sameAs":["https:\/\/www.facebook.com\/docenti.it"]},{"@type":"Person","@id":"https:\/\/www.docenti.it\/blog\/#\/schema\/person\/99c2fdaf54e96829fe4ed44da8233688","name":"Martina Vaggi","image":{"@type":"ImageObject","inLanguage":"it-IT","@id":"https:\/\/www.docenti.it\/blog\/#\/schema\/person\/image\/","url":"https:\/\/secure.gravatar.com\/avatar\/14a13197979873d693ad915d249e3f54?s=96&d=mm&r=g","contentUrl":"https:\/\/secure.gravatar.com\/avatar\/14a13197979873d693ad915d249e3f54?s=96&d=mm&r=g","caption":"Martina Vaggi"},"description":"Classe 1991, copywriter e scrittrice. Nata a Sale, un paesino in provincia di Alessandria. Scrive dall\u2019et\u00e0 di 10 anni. Nel 2015 si laurea in Lettere Moderne presso l\u2019universit\u00e0 di Pavia. Nel 2020 pubblica il suo primo libro \"Il diario del silenzio - Storie reali di quarantena\" che descrive il processo di cambiamento della vita di 40 persone ai tempi del Covid. Nel 2022 si trasferisce a San Marino per lavorare come copywriter per Docenti.it","sameAs":["https:\/\/pensierisurrealidigentecomune.com\/","https:\/\/www.facebook.com\/profile.php?id=1555867670","https:\/\/www.instagram.com\/martiggi91\/","https:\/\/it.linkedin.com\/in\/martina-vaggi","https:\/\/www.youtube.com\/results?search_query=martina+vaggi"],"url":"https:\/\/www.docenti.it\/blog\/author\/martina-vaggi\/"}]}},"_links":{"self":[{"href":"https:\/\/www.docenti.it\/blog\/wp-json\/wp\/v2\/posts\/43941"}],"collection":[{"href":"https:\/\/www.docenti.it\/blog\/wp-json\/wp\/v2\/posts"}],"about":[{"href":"https:\/\/www.docenti.it\/blog\/wp-json\/wp\/v2\/types\/post"}],"author":[{"embeddable":true,"href":"https:\/\/www.docenti.it\/blog\/wp-json\/wp\/v2\/users\/21"}],"replies":[{"embeddable":true,"href":"https:\/\/www.docenti.it\/blog\/wp-json\/wp\/v2\/comments?post=43941"}],"version-history":[{"count":25,"href":"https:\/\/www.docenti.it\/blog\/wp-json\/wp\/v2\/posts\/43941\/revisions"}],"predecessor-version":[{"id":44155,"href":"https:\/\/www.docenti.it\/blog\/wp-json\/wp\/v2\/posts\/43941\/revisions\/44155"}],"wp:featuredmedia":[{"embeddable":true,"href":"https:\/\/www.docenti.it\/blog\/wp-json\/wp\/v2\/media\/43943"}],"wp:attachment":[{"href":"https:\/\/www.docenti.it\/blog\/wp-json\/wp\/v2\/media?parent=43941"}],"wp:term":[{"taxonomy":"category","embeddable":true,"href":"https:\/\/www.docenti.it\/blog\/wp-json\/wp\/v2\/categories?post=43941"},{"taxonomy":"post_tag","embeddable":true,"href":"https:\/\/www.docenti.it\/blog\/wp-json\/wp\/v2\/tags?post=43941"}],"curies":[{"name":"wp","href":"https:\/\/api.w.org\/{rel}","templated":true}]}}