{"id":45367,"date":"2023-08-07T10:11:38","date_gmt":"2023-08-07T08:11:38","guid":{"rendered":"https:\/\/www.docenti.it\/blog\/?p=45367"},"modified":"2023-10-12T17:45:56","modified_gmt":"2023-10-12T15:45:56","slug":"mad-sostegno-senza-abilitazione-3","status":"publish","type":"post","link":"https:\/\/www.docenti.it\/blog\/mad-sostegno-senza-abilitazione-3\/","title":{"rendered":"MAD scuola e sostegno"},"content":{"rendered":"\n<p>Come funziona la MAD scuola e il sostegno?<\/p>\n\n\n\n<p><strong><em>E\u2019 possibile inviare la MAD per il sostegno anche senza abilitazione?\u00a0<\/em><\/strong><\/p>\n\n\n\n<p>Certo. E\u2019 possibile inviare la <strong>MAD senza abilitazione <\/strong>perch\u00e9 in molte scuole sono numerosi, ogni anno, i posti vacanti per il sostegno.&nbsp;<\/p>\n\n\n\n<p>La normativa di settore non prevede <strong>nessun impedimento a ricorrere alla messa a disposizione anche senza titolo di specializzazione<\/strong>, e l\u2019unica circostanza che si pu\u00f2 verificare \u00e8 che i docenti specializzati sul sostegno possano avere precedenza rispetto agli altri nell\u2019ordine di convocazione.&nbsp;<\/p>\n\n\n\n<p><strong><em>Compila adesso la tua MAD sostegno e approfitta della stagionalit\u00e0 della chiamata per le supplenze:&nbsp;<\/em><\/strong><\/p>\n\n\n\n<div class=\"is-layout-flex wp-block-buttons\">\n<div class=\"wp-block-button\"><a class=\"wp-block-button__link wp-element-button\" href=\"https:\/\/docenti.it\/messa-a-disposizione\/modello\/modellomad.html\" target=\"_blank\" rel=\"noreferrer noopener\">COMPILA LA TUA MAD SOSTEGNO<\/a><\/div>\n<\/div>\n\n\n\n<h2>&nbsp;<strong>MAD Sostegno: cosa c\u2019\u00e8 da sapere<\/strong><\/h2>\n\n\n\n<p>Pur potendo inviare la messa a disposizione per il sostegno senza il possesso di un titolo abilitante,<strong> i docenti con titolo di specializzazione hanno una priorit\u00e0 di convocazione<\/strong>, da parte dei Dirigenti scolastici, anche rispetto agli aspiranti docenti iscritti in graduatoria.&nbsp;<\/p>\n\n\n\n<p>A dircelo \u00e8 il <strong>Ministero dell\u2019Istruzione<\/strong>, che in una<strong> nota del 2013 <\/strong>invita i Dirigenti Scolastici a dare priorit\u00e0 nelle convocazioni ai docenti di sostegno con titolo di specializzazione.<\/p>\n\n\n\n<p>Questa priorit\u00e0 sulla <strong>MAD sostegno<\/strong> \u00e8, per\u00f2, limitata ad una sola provincia.&nbsp;<\/p>\n\n\n\n<p>Vediamo insieme le varie casistiche sul sostegno e la priorit\u00e0 nell\u2019<strong>ordine di convocazione<\/strong>:&nbsp;<\/p>\n\n\n\n<ul>\n<li><strong>Docenti con titolo di specializzazione<\/strong>, non iscritti in nessuna graduatoria, i quali hanno priorit\u00e0, per una provincia soltanto, di essere convocati rispetto ai docenti non specializzati iscritti nelle graduatorie.&nbsp;<\/li>\n<\/ul>\n\n\n\n<ul>\n<li><strong>Docenti iscritti nelle graduatorie per il sostegno<\/strong>, che non possono inviare <strong>MAD<\/strong> in altre province, per quanto si tratti di un divieto che non prevede sanzioni.&nbsp;<\/li>\n<\/ul>\n\n\n\n<ul>\n<li><strong>Docenti senza titolo di specializzazione e non iscritti in alcuna graduatoria <\/strong>per il sostegno, che sono ultimi per ordine di convocazione.&nbsp;<\/li>\n<\/ul>\n\n\n\n<p>Ogni anno <strong>i posti vacanti disponibili <\/strong>per chi intende svolgere supplenze sul sostegno sono molti, quindi a prescindere dalla tipologia di categoria alla quale si appartiene, l\u2019invio della <strong>MAD sostegno<\/strong> rappresenta una <em>buona opportunit\u00e0<\/em> per ottenere incarichi temporanei presso le scuole.&nbsp;<\/p>\n\n\n\n<p><strong><em>Affidati all\u2019aiuto di un esperto per una compilazione ed un invio della tua MAD precisi ed affidabili:&nbsp;<\/em><\/strong><\/p>\n\n\n\n<div class=\"is-layout-flex wp-block-buttons\">\n<div class=\"wp-block-button\"><a class=\"wp-block-button__link wp-element-button\" href=\"https:\/\/docenti.it\/messa-a-disposizione\/modello\/modellomad.html\" target=\"_blank\" rel=\"noreferrer noopener\">COMPILA LA MAD SOSTEGNO<\/a><\/div>\n<\/div>\n","protected":false},"excerpt":{"rendered":"<p>Come funziona la MAD scuola e il sostegno? E\u2019 possibile inviare la MAD per [&hellip;]<\/p>\n","protected":false},"author":25,"featured_media":45237,"comment_status":"open","ping_status":"open","sticky":false,"template":"","format":"standard","meta":[],"categories":[2],"tags":[652,29],"yoast_head":"<!-- This site is optimized with the Yoast SEO plugin v20.4 - https:\/\/yoast.com\/wordpress\/plugins\/seo\/ -->\n<title>MAD scuola e sostegno - Blog | Docenti.it<\/title>\n<meta name=\"description\" content=\"Si pu\u00f2 fare domanda di MAD per il sostegno senza titolo di specializzazione? La risposta \u00e8 s\u00ec, scopriamo insieme come.\" \/>\n<meta name=\"robots\" content=\"index, follow, max-snippet:-1, max-image-preview:large, max-video-preview:-1\" \/>\n<link rel=\"canonical\" href=\"https:\/\/www.docenti.it\/blog\/mad-sostegno-senza-abilitazione-3\/\" \/>\n<meta property=\"og:locale\" content=\"it_IT\" \/>\n<meta property=\"og:type\" content=\"article\" \/>\n<meta property=\"og:title\" content=\"MAD scuola e sostegno - Blog | Docenti.it\" \/>\n<meta property=\"og:description\" content=\"Si pu\u00f2 fare domanda di MAD per il sostegno senza titolo di specializzazione? La risposta \u00e8 s\u00ec, scopriamo insieme come.\" \/>\n<meta property=\"og:url\" content=\"https:\/\/www.docenti.it\/blog\/mad-sostegno-senza-abilitazione-3\/\" \/>\n<meta property=\"og:site_name\" content=\"Blog | Docenti.it\" \/>\n<meta property=\"article:publisher\" content=\"https:\/\/www.facebook.com\/docenti.it\" \/>\n<meta property=\"article:published_time\" content=\"2023-08-07T08:11:38+00:00\" \/>\n<meta property=\"article:modified_time\" content=\"2023-10-12T15:45:56+00:00\" \/>\n<meta property=\"og:image\" content=\"https:\/\/www.docenti.it\/blog\/wp-content\/uploads\/2023\/02\/man-ge98fcbdd2_640.jpg\" \/>\n\t<meta property=\"og:image:width\" content=\"640\" \/>\n\t<meta property=\"og:image:height\" content=\"427\" \/>\n\t<meta property=\"og:image:type\" content=\"image\/jpeg\" \/>\n<meta name=\"author\" content=\"Gabriella Capraro\" \/>\n<meta name=\"twitter:card\" content=\"summary_large_image\" \/>\n<meta name=\"twitter:label1\" content=\"Written by\" \/>\n\t<meta name=\"twitter:data1\" content=\"Gabriella Capraro\" \/>\n\t<meta name=\"twitter:label2\" content=\"Est. reading time\" \/>\n\t<meta name=\"twitter:data2\" content=\"2 minuti\" \/>\n<script type=\"application\/ld+json\" class=\"yoast-schema-graph\">{\"@context\":\"https:\/\/schema.org\",\"@graph\":[{\"@type\":\"Article\",\"@id\":\"https:\/\/www.docenti.it\/blog\/mad-sostegno-senza-abilitazione-3\/#article\",\"isPartOf\":{\"@id\":\"https:\/\/www.docenti.it\/blog\/mad-sostegno-senza-abilitazione-3\/\"},\"author\":{\"name\":\"Gabriella Capraro\",\"@id\":\"https:\/\/www.docenti.it\/blog\/#\/schema\/person\/773963d3c0645bd34c150c41a13e5754\"},\"headline\":\"MAD scuola e sostegno\",\"datePublished\":\"2023-08-07T08:11:38+00:00\",\"dateModified\":\"2023-10-12T15:45:56+00:00\",\"mainEntityOfPage\":{\"@id\":\"https:\/\/www.docenti.it\/blog\/mad-sostegno-senza-abilitazione-3\/\"},\"wordCount\":360,\"commentCount\":0,\"publisher\":{\"@id\":\"https:\/\/www.docenti.it\/blog\/#organization\"},\"keywords\":[\"abilitazione e MAD\",\"MAD sostegno\"],\"articleSection\":[\"Messa a Disposizione\"],\"inLanguage\":\"it-IT\",\"potentialAction\":[{\"@type\":\"CommentAction\",\"name\":\"Comment\",\"target\":[\"https:\/\/www.docenti.it\/blog\/mad-sostegno-senza-abilitazione-3\/#respond\"]}]},{\"@type\":\"WebPage\",\"@id\":\"https:\/\/www.docenti.it\/blog\/mad-sostegno-senza-abilitazione-3\/\",\"url\":\"https:\/\/www.docenti.it\/blog\/mad-sostegno-senza-abilitazione-3\/\",\"name\":\"MAD scuola e sostegno - Blog | Docenti.it\",\"isPartOf\":{\"@id\":\"https:\/\/www.docenti.it\/blog\/#website\"},\"datePublished\":\"2023-08-07T08:11:38+00:00\",\"dateModified\":\"2023-10-12T15:45:56+00:00\",\"description\":\"Si pu\u00f2 fare domanda di MAD per il sostegno senza titolo di specializzazione? La risposta \u00e8 s\u00ec, scopriamo insieme come.\",\"breadcrumb\":{\"@id\":\"https:\/\/www.docenti.it\/blog\/mad-sostegno-senza-abilitazione-3\/#breadcrumb\"},\"inLanguage\":\"it-IT\",\"potentialAction\":[{\"@type\":\"ReadAction\",\"target\":[\"https:\/\/www.docenti.it\/blog\/mad-sostegno-senza-abilitazione-3\/\"]}]},{\"@type\":\"BreadcrumbList\",\"@id\":\"https:\/\/www.docenti.it\/blog\/mad-sostegno-senza-abilitazione-3\/#breadcrumb\",\"itemListElement\":[{\"@type\":\"ListItem\",\"position\":1,\"name\":\"Home\",\"item\":\"https:\/\/www.docenti.it\/blog\/\"},{\"@type\":\"ListItem\",\"position\":2,\"name\":\"MAD scuola e sostegno\"}]},{\"@type\":\"WebSite\",\"@id\":\"https:\/\/www.docenti.it\/blog\/#website\",\"url\":\"https:\/\/www.docenti.it\/blog\/\",\"name\":\"Blog | Docenti.it\",\"description\":\"Tutte le notizie e gli aggiornamenti dal mondo della scuola\",\"publisher\":{\"@id\":\"https:\/\/www.docenti.it\/blog\/#organization\"},\"potentialAction\":[{\"@type\":\"SearchAction\",\"target\":{\"@type\":\"EntryPoint\",\"urlTemplate\":\"https:\/\/www.docenti.it\/blog\/?s={search_term_string}\"},\"query-input\":\"required name=search_term_string\"}],\"inLanguage\":\"it-IT\"},{\"@type\":\"Organization\",\"@id\":\"https:\/\/www.docenti.it\/blog\/#organization\",\"name\":\"Blog | Docenti.it\",\"url\":\"https:\/\/www.docenti.it\/blog\/\",\"logo\":{\"@type\":\"ImageObject\",\"inLanguage\":\"it-IT\",\"@id\":\"https:\/\/www.docenti.it\/blog\/#\/schema\/logo\/image\/\",\"url\":\"https:\/\/www.docenti.it\/blog\/wp-content\/uploads\/2025\/06\/fb_mad_img.png\",\"contentUrl\":\"https:\/\/www.docenti.it\/blog\/wp-content\/uploads\/2025\/06\/fb_mad_img.png\",\"width\":1140,\"height\":620,\"caption\":\"Blog | Docenti.it\"},\"image\":{\"@id\":\"https:\/\/www.docenti.it\/blog\/#\/schema\/logo\/image\/\"},\"sameAs\":[\"https:\/\/www.facebook.com\/docenti.it\"]},{\"@type\":\"Person\",\"@id\":\"https:\/\/www.docenti.it\/blog\/#\/schema\/person\/773963d3c0645bd34c150c41a13e5754\",\"name\":\"Gabriella Capraro\",\"image\":{\"@type\":\"ImageObject\",\"inLanguage\":\"it-IT\",\"@id\":\"https:\/\/www.docenti.it\/blog\/#\/schema\/person\/image\/\",\"url\":\"https:\/\/secure.gravatar.com\/avatar\/17e0ab06bea064a8a7c5bef443cb7153?s=96&d=mm&r=g\",\"contentUrl\":\"https:\/\/secure.gravatar.com\/avatar\/17e0ab06bea064a8a7c5bef443cb7153?s=96&d=mm&r=g\",\"caption\":\"Gabriella Capraro\"},\"description\":\"Copywriter e digital strategist, collabora come articolista e autrice per diverse piattaforme online, spaziando da tematiche scolastiche\/istituzionali a letterarie e musicali.\",\"url\":\"https:\/\/www.docenti.it\/blog\/author\/gcapraro\/\"}]}<\/script>\n<!-- \/ Yoast SEO plugin. -->","yoast_head_json":{"title":"MAD scuola e sostegno - Blog | Docenti.it","description":"Si pu\u00f2 fare domanda di MAD per il sostegno senza titolo di specializzazione? La risposta \u00e8 s\u00ec, scopriamo insieme come.","robots":{"index":"index","follow":"follow","max-snippet":"max-snippet:-1","max-image-preview":"max-image-preview:large","max-video-preview":"max-video-preview:-1"},"canonical":"https:\/\/www.docenti.it\/blog\/mad-sostegno-senza-abilitazione-3\/","og_locale":"it_IT","og_type":"article","og_title":"MAD scuola e sostegno - Blog | Docenti.it","og_description":"Si pu\u00f2 fare domanda di MAD per il sostegno senza titolo di specializzazione? La risposta \u00e8 s\u00ec, scopriamo insieme come.","og_url":"https:\/\/www.docenti.it\/blog\/mad-sostegno-senza-abilitazione-3\/","og_site_name":"Blog | Docenti.it","article_publisher":"https:\/\/www.facebook.com\/docenti.it","article_published_time":"2023-08-07T08:11:38+00:00","article_modified_time":"2023-10-12T15:45:56+00:00","og_image":[{"width":640,"height":427,"url":"https:\/\/www.docenti.it\/blog\/wp-content\/uploads\/2023\/02\/man-ge98fcbdd2_640.jpg","type":"image\/jpeg"}],"author":"Gabriella Capraro","twitter_card":"summary_large_image","twitter_misc":{"Written by":"Gabriella Capraro","Est. reading time":"2 minuti"},"schema":{"@context":"https:\/\/schema.org","@graph":[{"@type":"Article","@id":"https:\/\/www.docenti.it\/blog\/mad-sostegno-senza-abilitazione-3\/#article","isPartOf":{"@id":"https:\/\/www.docenti.it\/blog\/mad-sostegno-senza-abilitazione-3\/"},"author":{"name":"Gabriella Capraro","@id":"https:\/\/www.docenti.it\/blog\/#\/schema\/person\/773963d3c0645bd34c150c41a13e5754"},"headline":"MAD scuola e sostegno","datePublished":"2023-08-07T08:11:38+00:00","dateModified":"2023-10-12T15:45:56+00:00","mainEntityOfPage":{"@id":"https:\/\/www.docenti.it\/blog\/mad-sostegno-senza-abilitazione-3\/"},"wordCount":360,"commentCount":0,"publisher":{"@id":"https:\/\/www.docenti.it\/blog\/#organization"},"keywords":["abilitazione e MAD","MAD sostegno"],"articleSection":["Messa a Disposizione"],"inLanguage":"it-IT","potentialAction":[{"@type":"CommentAction","name":"Comment","target":["https:\/\/www.docenti.it\/blog\/mad-sostegno-senza-abilitazione-3\/#respond"]}]},{"@type":"WebPage","@id":"https:\/\/www.docenti.it\/blog\/mad-sostegno-senza-abilitazione-3\/","url":"https:\/\/www.docenti.it\/blog\/mad-sostegno-senza-abilitazione-3\/","name":"MAD scuola e sostegno - Blog | Docenti.it","isPartOf":{"@id":"https:\/\/www.docenti.it\/blog\/#website"},"datePublished":"2023-08-07T08:11:38+00:00","dateModified":"2023-10-12T15:45:56+00:00","description":"Si pu\u00f2 fare domanda di MAD per il sostegno senza titolo di specializzazione? La risposta \u00e8 s\u00ec, scopriamo insieme come.","breadcrumb":{"@id":"https:\/\/www.docenti.it\/blog\/mad-sostegno-senza-abilitazione-3\/#breadcrumb"},"inLanguage":"it-IT","potentialAction":[{"@type":"ReadAction","target":["https:\/\/www.docenti.it\/blog\/mad-sostegno-senza-abilitazione-3\/"]}]},{"@type":"BreadcrumbList","@id":"https:\/\/www.docenti.it\/blog\/mad-sostegno-senza-abilitazione-3\/#breadcrumb","itemListElement":[{"@type":"ListItem","position":1,"name":"Home","item":"https:\/\/www.docenti.it\/blog\/"},{"@type":"ListItem","position":2,"name":"MAD scuola e sostegno"}]},{"@type":"WebSite","@id":"https:\/\/www.docenti.it\/blog\/#website","url":"https:\/\/www.docenti.it\/blog\/","name":"Blog | Docenti.it","description":"Tutte le notizie e gli aggiornamenti dal mondo della scuola","publisher":{"@id":"https:\/\/www.docenti.it\/blog\/#organization"},"potentialAction":[{"@type":"SearchAction","target":{"@type":"EntryPoint","urlTemplate":"https:\/\/www.docenti.it\/blog\/?s={search_term_string}"},"query-input":"required name=search_term_string"}],"inLanguage":"it-IT"},{"@type":"Organization","@id":"https:\/\/www.docenti.it\/blog\/#organization","name":"Blog | Docenti.it","url":"https:\/\/www.docenti.it\/blog\/","logo":{"@type":"ImageObject","inLanguage":"it-IT","@id":"https:\/\/www.docenti.it\/blog\/#\/schema\/logo\/image\/","url":"https:\/\/www.docenti.it\/blog\/wp-content\/uploads\/2025\/06\/fb_mad_img.png","contentUrl":"https:\/\/www.docenti.it\/blog\/wp-content\/uploads\/2025\/06\/fb_mad_img.png","width":1140,"height":620,"caption":"Blog | Docenti.it"},"image":{"@id":"https:\/\/www.docenti.it\/blog\/#\/schema\/logo\/image\/"},"sameAs":["https:\/\/www.facebook.com\/docenti.it"]},{"@type":"Person","@id":"https:\/\/www.docenti.it\/blog\/#\/schema\/person\/773963d3c0645bd34c150c41a13e5754","name":"Gabriella Capraro","image":{"@type":"ImageObject","inLanguage":"it-IT","@id":"https:\/\/www.docenti.it\/blog\/#\/schema\/person\/image\/","url":"https:\/\/secure.gravatar.com\/avatar\/17e0ab06bea064a8a7c5bef443cb7153?s=96&d=mm&r=g","contentUrl":"https:\/\/secure.gravatar.com\/avatar\/17e0ab06bea064a8a7c5bef443cb7153?s=96&d=mm&r=g","caption":"Gabriella Capraro"},"description":"Copywriter e digital strategist, collabora come articolista e autrice per diverse piattaforme online, spaziando da tematiche scolastiche\/istituzionali a letterarie e musicali.","url":"https:\/\/www.docenti.it\/blog\/author\/gcapraro\/"}]}},"_links":{"self":[{"href":"https:\/\/www.docenti.it\/blog\/wp-json\/wp\/v2\/posts\/45367"}],"collection":[{"href":"https:\/\/www.docenti.it\/blog\/wp-json\/wp\/v2\/posts"}],"about":[{"href":"https:\/\/www.docenti.it\/blog\/wp-json\/wp\/v2\/types\/post"}],"author":[{"embeddable":true,"href":"https:\/\/www.docenti.it\/blog\/wp-json\/wp\/v2\/users\/25"}],"replies":[{"embeddable":true,"href":"https:\/\/www.docenti.it\/blog\/wp-json\/wp\/v2\/comments?post=45367"}],"version-history":[{"count":2,"href":"https:\/\/www.docenti.it\/blog\/wp-json\/wp\/v2\/posts\/45367\/revisions"}],"predecessor-version":[{"id":45496,"href":"https:\/\/www.docenti.it\/blog\/wp-json\/wp\/v2\/posts\/45367\/revisions\/45496"}],"wp:featuredmedia":[{"embeddable":true,"href":"https:\/\/www.docenti.it\/blog\/wp-json\/wp\/v2\/media\/45237"}],"wp:attachment":[{"href":"https:\/\/www.docenti.it\/blog\/wp-json\/wp\/v2\/media?parent=45367"}],"wp:term":[{"taxonomy":"category","embeddable":true,"href":"https:\/\/www.docenti.it\/blog\/wp-json\/wp\/v2\/categories?post=45367"},{"taxonomy":"post_tag","embeddable":true,"href":"https:\/\/www.docenti.it\/blog\/wp-json\/wp\/v2\/tags?post=45367"}],"curies":[{"name":"wp","href":"https:\/\/api.w.org\/{rel}","templated":true}]}}